{"id":968,"date":"2018-05-10T06:00:24","date_gmt":"2018-05-10T09:00:24","guid":{"rendered":"http:\/\/padrejosimo.com.br\/site\/?post_type=noticias&#038;p=968"},"modified":"2018-05-09T18:10:27","modified_gmt":"2018-05-09T21:10:27","slug":"poesiadeluta-a-morte-anunciada-de-josimo-tavares","status":"publish","type":"noticias","link":"https:\/\/padrejosimo.com.br\/site\/noticias\/poesiadeluta-a-morte-anunciada-de-josimo-tavares\/","title":{"rendered":"#PoesiaDeLuta: A Morte Anunciada de Josimo Tavares"},"content":{"rendered":"<p style=\"text-align: right;\"><em>por Pedro Tierra *<br \/>\n <\/em><\/p>\n<ol>\n<li>H\u00e1 um dizer antigo<br \/>\n entre os homens da ra\u00e7a dos rios:<br \/>\n a morte quando se anuncia,<br \/>\n devora a sombra do corpo<br \/>\n e inventa a luz da solid\u00e3o.<\/p>\n<p> Voc\u00ea se afastou sob o sol.<br \/>\n Era 14 de abril.<br \/>\n Busquei-lhe a sombra<br \/>\n sobre o ch\u00e3o da rua<br \/>\n e n\u00e3o havia sombra.<\/p>\n<p> Ainda busquei toc\u00e1-lo.<br \/>\n Falamos da vida<br \/>\n e da morte<br \/>\n (a arma que me matar\u00e1<br \/>\n j\u00e1 est\u00e1 na oficina &#8230;)<br \/>\n E voc\u00ea sorria manso<br \/>\n desde a defendida<br \/>\n solid\u00e3o dos m\u00edsticos.<br \/>\n Falamos da luta<br \/>\n e da necessidade de prosseguir<br \/>\n (os tecel\u00f5es da morte<br \/>\n for\u00e7am os teares,<br \/>\n arrematam os fios<br \/>\n do tecido que te cobrir\u00e1 &#8230;)<\/li>\n<li>Incendiaram nossas casas.<br \/>\n Destru\u00edram planta\u00e7\u00f5es.<br \/>\n Saquearam celeiros.<br \/>\n Derrubaram cocais.<br \/>\n Envenenaram as \u00e1guas.<\/p>\n<p> Invadiram povoados.<br \/>\n Torturaram nossos pais.<br \/>\n Arrancaram as orelhas dos mortos.<br \/>\n Atiraram nos rios corpos mutilados<br \/>\n Derrubaram a cruz que erguemos,<br \/>\n sinal aceso de nossa mem\u00f3ria.<\/p>\n<p> Cortaram a l\u00edngua dos nossos irm\u00e3os.<br \/>\n Violaram nossas filhas.<br \/>\n Assassinaram inv\u00e1lidos.<br \/>\n Queimaram a sangue e fogo<br \/>\n a terra que trabalhamos.<\/p>\n<p> Quem emprestar\u00e1 a voz<br \/>\n ao idioma do perd\u00e3o<br \/>\n e proteger\u00e1 com s\u00faplicas<br \/>\n o riso dos assassinos?!<br \/>\n Aniquilaram a raiz da esperan\u00e7a.<br \/>\n Esgotou-se o tempo de tolerar<br \/>\n e desatou-se a hora da vingan\u00e7a:<br \/>\n o primitivo nome da justi\u00e7a.<\/li>\n<li>Todos sabiam dessa morte.<br \/>\n A cerca do latif\u00fandio sabia.<br \/>\n Os pistoleiros, os assalariados da morte,<br \/>\n a pol\u00edcia fardada e paisana, o GETAT,<br \/>\n os garimpeiros, os b\u00eabados, as prostitutas,<br \/>\n as professorinhas, as beatas,<br \/>\n as crian\u00e7as brincando no areal da rua<br \/>\n sabiam<\/p>\n<p> Os homens da terra, os posseiros, os saqueados,<br \/>\n as mulheres alfabetizadas pela dor<br \/>\n e pela espera<br \/>\n sabiam.<\/p>\n<p> O prefeito, o juiz, o delegado, a UDR,<br \/>\n os fazendeiros, os cr\u00e1pulas<br \/>\n sabiam.<\/p>\n<p> As m\u00e3os dos assassinos<br \/>\n poliam as armas.<\/p>\n<p> A igreja sabia<br \/>\n e esperava.<\/p>\n<p> A haste orgulhosa do baba\u00e7u<br \/>\n sabia.<br \/>\n E dobrava as palmas num lamento<br \/>\n e multiplicava a ci\u00eancia dessa morte,<br \/>\n os passarinhos, o rel\u00f3gio dos templos<br \/>\n mastigando o comboio da horas<br \/>\n e n\u00e3o se deteve, a \u00e1gua dos rios<br \/>\n n\u00e3o se deteve, fluindo irremedi\u00e1vel<br \/>\n a hora dessa morte.<\/p>\n<p> A pedra dos caminhos<br \/>\n sabia<br \/>\n e permaneceu muda,<br \/>\n o vento sabia<br \/>\n e anunciava seu gemido todavia indecifr\u00e1vel<\/p>\n<p> Tuas sand\u00e1lias sabiam<br \/>\n e continuaram a caminhar.<\/p>\n<p> Eu, que nasci votado \u00e0 alegria<br \/>\n e vivo a contar o ros\u00e1rio intermin\u00e1vel<br \/>\n dos mortos<br \/>\n n\u00e3o fiz o verso,<br \/>\n espada de f\u00faria,<br \/>\n que cindisse em dois<br \/>\n o comboio das horas<br \/>\n e descarrilasse o tempo de tua morte.<\/p>\n<p> Voc\u00ea sabia.<br \/>\n E sorria<br \/>\n apenas.<br \/>\n Como quem se lava<br \/>\n para chegar vestido<br \/>\n de algod\u00e3o<br \/>\n e transpar\u00eancia<br \/>\n \u00e0 hora da solid\u00e3o.<\/p>\n<p> Quem \u00e9 esse menino negro<br \/>\n que desafia limites?<\/p>\n<p> Apenas um homem.<br \/>\n Sand\u00e1lias surradas.<br \/>\n Paci\u00eancia e indigna\u00e7\u00e3o.<br \/>\n Riso alvo.<br \/>\n Mel noturno.<br \/>\n Sonho irrecus\u00e1vel.<\/p>\n<p> Lutou contra cercas.<br \/>\n Todas as cercas.<br \/>\n As cercas do medo.<br \/>\n As cercas do \u00f3dio.<br \/>\n As cercas da terra.<br \/>\n As cercas da fome.<br \/>\n As cercas do corpo.<br \/>\n As cercas do latif\u00fandio.<\/p>\n<p> Trago na palma da m\u00e3o<br \/>\n um punhado de terra<br \/>\n que te cobriu.<br \/>\n Est\u00e1 fresca.<br \/>\n \u00c9 morena, mas ainda n\u00e3o \u00e9 livre<br \/>\n como querias.<\/p>\n<p> Sei aqui dentro<br \/>\n que n\u00e3o queres apenas l\u00e1grimas.<br \/>\n Tua terra sobre a mesa<br \/>\n me diz com seu sil\u00eancio agudo<br \/>\n Meu sangue se<br \/>\n levantar\u00e1<br \/>\n como um rio acorrentado<br \/>\n e romper\u00e1 as cercas do mundo.<\/p>\n<p> Um rio de sangues convocados<br \/>\n atravessar\u00e1 tua camisa<br \/>\n e ela ser\u00e1 bandeira<br \/>\n sobre a cabe\u00e7a dos rebelados.<\/p>\n<p> Goi\u00e2nia, maio\/86<\/li>\n<\/ol>\n<p>&nbsp;<\/p>\n<p><em><img fetchpriority=\"high\" decoding=\"async\" class=\"alignleft size-full wp-image-969\" src=\"https:\/\/padrejosimo.com.br\/site\/wp-content\/uploads\/2018\/05\/pedro-tierra.jpg\" alt=\"\" width=\"345\" height=\"250\" srcset=\"https:\/\/padrejosimo.com.br\/site\/wp-content\/uploads\/2018\/05\/pedro-tierra.jpg 345w, https:\/\/padrejosimo.com.br\/site\/wp-content\/uploads\/2018\/05\/pedro-tierra-300x217.jpg 300w\" sizes=\"(max-width: 345px) 100vw, 345px\" \/>* Militante pol\u00edtico e poeta, Pedro Tierra foi lutador contra a ditadura militar, motivo pelo qual foi mantido preso e torturado em quarteis do Ex\u00e9rcito em Goi\u00e1s e Bras\u00edlia. Quando solto, ajudou na organiza\u00e7\u00e3o de sindicatos e na funda\u00e7\u00e3o do Partido dos Trabalhadores.<\/em><\/p>\n","protected":false},"excerpt":{"rendered":"<p>Por ocasi\u00e3o do 32 anos da morte de Padre Josimo, rememoramos seu mart\u00edrio nas palavras do poeta e militante Pedro Tierra<\/p>\n","protected":false},"featured_media":970,"template":"","categorias_noticias":[13],"class_list":["post-968","noticias","type-noticias","status-publish","has-post-thumbnail","hentry","categorias_noticias-noticias"],"acf":[],"yoast_head":"<!-- This site is optimized with the Yoast SEO plugin v27.2 - https:\/\/yoast.com\/product\/yoast-seo-wordpress\/ -->\n<title>#PoesiaDeLuta: A Morte Anunciada de Josimo Tavares - Instituto Cultural Padre Josimo<\/title>\n<meta name=\"robots\" content=\"index, follow, max-snippet:-1, max-image-preview:large, max-video-preview:-1\" \/>\n<link rel=\"canonical\" href=\"https:\/\/padrejosimo.com.br\/site\/noticias\/poesiadeluta-a-morte-anunciada-de-josimo-tavares\/\" \/>\n<meta property=\"og:locale\" content=\"pt_BR\" \/>\n<meta property=\"og:type\" content=\"article\" \/>\n<meta property=\"og:title\" content=\"#PoesiaDeLuta: A Morte Anunciada de Josimo Tavares - Instituto Cultural Padre Josimo\" \/>\n<meta property=\"og:description\" content=\"Por ocasi\u00e3o do 32 anos da morte de Padre Josimo, rememoramos seu mart\u00edrio nas palavras do poeta e militante Pedro Tierra\" \/>\n<meta property=\"og:url\" content=\"https:\/\/padrejosimo.com.br\/site\/noticias\/poesiadeluta-a-morte-anunciada-de-josimo-tavares\/\" \/>\n<meta property=\"og:site_name\" content=\"Instituto Cultural Padre Josimo\" \/>\n<meta property=\"og:image\" content=\"https:\/\/padrejosimo.com.br\/site\/wp-content\/uploads\/2018\/05\/4456_josimo2.gif\" \/>\n\t<meta property=\"og:image:width\" content=\"750\" \/>\n\t<meta property=\"og:image:height\" content=\"562\" \/>\n\t<meta property=\"og:image:type\" content=\"image\/gif\" \/>\n<meta name=\"twitter:card\" content=\"summary_large_image\" \/>\n<meta name=\"twitter:label1\" content=\"Est. tempo de leitura\" \/>\n\t<meta name=\"twitter:data1\" content=\"3 minutos\" \/>\n<script type=\"application\/ld+json\" class=\"yoast-schema-graph\">{\"@context\":\"https:\/\/schema.org\",\"@graph\":[{\"@type\":\"WebPage\",\"@id\":\"https:\/\/padrejosimo.com.br\/site\/noticias\/poesiadeluta-a-morte-anunciada-de-josimo-tavares\/\",\"url\":\"https:\/\/padrejosimo.com.br\/site\/noticias\/poesiadeluta-a-morte-anunciada-de-josimo-tavares\/\",\"name\":\"#PoesiaDeLuta: A Morte Anunciada de Josimo Tavares - Instituto Cultural Padre Josimo\",\"isPartOf\":{\"@id\":\"https:\/\/padrejosimo.com.br\/site\/#website\"},\"primaryImageOfPage\":{\"@id\":\"https:\/\/padrejosimo.com.br\/site\/noticias\/poesiadeluta-a-morte-anunciada-de-josimo-tavares\/#primaryimage\"},\"image\":{\"@id\":\"https:\/\/padrejosimo.com.br\/site\/noticias\/poesiadeluta-a-morte-anunciada-de-josimo-tavares\/#primaryimage\"},\"thumbnailUrl\":\"https:\/\/padrejosimo.com.br\/site\/wp-content\/uploads\/2018\/05\/4456_josimo2.gif\",\"datePublished\":\"2018-05-10T09:00:24+00:00\",\"breadcrumb\":{\"@id\":\"https:\/\/padrejosimo.com.br\/site\/noticias\/poesiadeluta-a-morte-anunciada-de-josimo-tavares\/#breadcrumb\"},\"inLanguage\":\"pt-BR\",\"potentialAction\":[{\"@type\":\"ReadAction\",\"target\":[\"https:\/\/padrejosimo.com.br\/site\/noticias\/poesiadeluta-a-morte-anunciada-de-josimo-tavares\/\"]}]},{\"@type\":\"ImageObject\",\"inLanguage\":\"pt-BR\",\"@id\":\"https:\/\/padrejosimo.com.br\/site\/noticias\/poesiadeluta-a-morte-anunciada-de-josimo-tavares\/#primaryimage\",\"url\":\"https:\/\/padrejosimo.com.br\/site\/wp-content\/uploads\/2018\/05\/4456_josimo2.gif\",\"contentUrl\":\"https:\/\/padrejosimo.com.br\/site\/wp-content\/uploads\/2018\/05\/4456_josimo2.gif\",\"width\":750,\"height\":562},{\"@type\":\"BreadcrumbList\",\"@id\":\"https:\/\/padrejosimo.com.br\/site\/noticias\/poesiadeluta-a-morte-anunciada-de-josimo-tavares\/#breadcrumb\",\"itemListElement\":[{\"@type\":\"ListItem\",\"position\":1,\"name\":\"In\u00edcio\",\"item\":\"https:\/\/padrejosimo.com.br\/site\/\"},{\"@type\":\"ListItem\",\"position\":2,\"name\":\"Not\u00edcias\",\"item\":\"https:\/\/padrejosimo.com.br\/site\/noticias\/\"},{\"@type\":\"ListItem\",\"position\":3,\"name\":\"#PoesiaDeLuta: A Morte Anunciada de Josimo Tavares\"}]},{\"@type\":\"WebSite\",\"@id\":\"https:\/\/padrejosimo.com.br\/site\/#website\",\"url\":\"https:\/\/padrejosimo.com.br\/site\/\",\"name\":\"Instituto Cultural Padre Josimo\",\"description\":\"Comprometida com a promo\u00e7\u00e3o da justi\u00e7a social, agroecologia e educa\u00e7\u00e3o popular\",\"publisher\":{\"@id\":\"https:\/\/padrejosimo.com.br\/site\/#organization\"},\"alternateName\":\"ICPJ\",\"potentialAction\":[{\"@type\":\"SearchAction\",\"target\":{\"@type\":\"EntryPoint\",\"urlTemplate\":\"https:\/\/padrejosimo.com.br\/site\/?s={search_term_string}\"},\"query-input\":{\"@type\":\"PropertyValueSpecification\",\"valueRequired\":true,\"valueName\":\"search_term_string\"}}],\"inLanguage\":\"pt-BR\"},{\"@type\":\"Organization\",\"@id\":\"https:\/\/padrejosimo.com.br\/site\/#organization\",\"name\":\"Instituto Cultural Padre Josimo\",\"alternateName\":\"ICPJ\",\"url\":\"https:\/\/padrejosimo.com.br\/site\/\",\"logo\":{\"@type\":\"ImageObject\",\"inLanguage\":\"pt-BR\",\"@id\":\"https:\/\/padrejosimo.com.br\/site\/#\/schema\/logo\/image\/\",\"url\":\"https:\/\/padrejosimo.com.br\/site\/wp-content\/uploads\/2025\/09\/cropped-icon-icpj.png\",\"contentUrl\":\"https:\/\/padrejosimo.com.br\/site\/wp-content\/uploads\/2025\/09\/cropped-icon-icpj.png\",\"width\":512,\"height\":512,\"caption\":\"Instituto Cultural Padre Josimo\"},\"image\":{\"@id\":\"https:\/\/padrejosimo.com.br\/site\/#\/schema\/logo\/image\/\"}}]}<\/script>\n<!-- \/ Yoast SEO plugin. -->","yoast_head_json":{"title":"#PoesiaDeLuta: A Morte Anunciada de Josimo Tavares - Instituto Cultural Padre Josimo","robots":{"index":"index","follow":"follow","max-snippet":"max-snippet:-1","max-image-preview":"max-image-preview:large","max-video-preview":"max-video-preview:-1"},"canonical":"https:\/\/padrejosimo.com.br\/site\/noticias\/poesiadeluta-a-morte-anunciada-de-josimo-tavares\/","og_locale":"pt_BR","og_type":"article","og_title":"#PoesiaDeLuta: A Morte Anunciada de Josimo Tavares - Instituto Cultural Padre Josimo","og_description":"Por ocasi\u00e3o do 32 anos da morte de Padre Josimo, rememoramos seu mart\u00edrio nas palavras do poeta e militante Pedro Tierra","og_url":"https:\/\/padrejosimo.com.br\/site\/noticias\/poesiadeluta-a-morte-anunciada-de-josimo-tavares\/","og_site_name":"Instituto Cultural Padre Josimo","og_image":[{"width":750,"height":562,"url":"https:\/\/padrejosimo.com.br\/site\/wp-content\/uploads\/2018\/05\/4456_josimo2.gif","type":"image\/gif"}],"twitter_card":"summary_large_image","twitter_misc":{"Est. tempo de leitura":"3 minutos"},"schema":{"@context":"https:\/\/schema.org","@graph":[{"@type":"WebPage","@id":"https:\/\/padrejosimo.com.br\/site\/noticias\/poesiadeluta-a-morte-anunciada-de-josimo-tavares\/","url":"https:\/\/padrejosimo.com.br\/site\/noticias\/poesiadeluta-a-morte-anunciada-de-josimo-tavares\/","name":"#PoesiaDeLuta: A Morte Anunciada de Josimo Tavares - Instituto Cultural Padre Josimo","isPartOf":{"@id":"https:\/\/padrejosimo.com.br\/site\/#website"},"primaryImageOfPage":{"@id":"https:\/\/padrejosimo.com.br\/site\/noticias\/poesiadeluta-a-morte-anunciada-de-josimo-tavares\/#primaryimage"},"image":{"@id":"https:\/\/padrejosimo.com.br\/site\/noticias\/poesiadeluta-a-morte-anunciada-de-josimo-tavares\/#primaryimage"},"thumbnailUrl":"https:\/\/padrejosimo.com.br\/site\/wp-content\/uploads\/2018\/05\/4456_josimo2.gif","datePublished":"2018-05-10T09:00:24+00:00","breadcrumb":{"@id":"https:\/\/padrejosimo.com.br\/site\/noticias\/poesiadeluta-a-morte-anunciada-de-josimo-tavares\/#breadcrumb"},"inLanguage":"pt-BR","potentialAction":[{"@type":"ReadAction","target":["https:\/\/padrejosimo.com.br\/site\/noticias\/poesiadeluta-a-morte-anunciada-de-josimo-tavares\/"]}]},{"@type":"ImageObject","inLanguage":"pt-BR","@id":"https:\/\/padrejosimo.com.br\/site\/noticias\/poesiadeluta-a-morte-anunciada-de-josimo-tavares\/#primaryimage","url":"https:\/\/padrejosimo.com.br\/site\/wp-content\/uploads\/2018\/05\/4456_josimo2.gif","contentUrl":"https:\/\/padrejosimo.com.br\/site\/wp-content\/uploads\/2018\/05\/4456_josimo2.gif","width":750,"height":562},{"@type":"BreadcrumbList","@id":"https:\/\/padrejosimo.com.br\/site\/noticias\/poesiadeluta-a-morte-anunciada-de-josimo-tavares\/#breadcrumb","itemListElement":[{"@type":"ListItem","position":1,"name":"In\u00edcio","item":"https:\/\/padrejosimo.com.br\/site\/"},{"@type":"ListItem","position":2,"name":"Not\u00edcias","item":"https:\/\/padrejosimo.com.br\/site\/noticias\/"},{"@type":"ListItem","position":3,"name":"#PoesiaDeLuta: A Morte Anunciada de Josimo Tavares"}]},{"@type":"WebSite","@id":"https:\/\/padrejosimo.com.br\/site\/#website","url":"https:\/\/padrejosimo.com.br\/site\/","name":"Instituto Cultural Padre Josimo","description":"Comprometida com a promo\u00e7\u00e3o da justi\u00e7a social, agroecologia e educa\u00e7\u00e3o popular","publisher":{"@id":"https:\/\/padrejosimo.com.br\/site\/#organization"},"alternateName":"ICPJ","potentialAction":[{"@type":"SearchAction","target":{"@type":"EntryPoint","urlTemplate":"https:\/\/padrejosimo.com.br\/site\/?s={search_term_string}"},"query-input":{"@type":"PropertyValueSpecification","valueRequired":true,"valueName":"search_term_string"}}],"inLanguage":"pt-BR"},{"@type":"Organization","@id":"https:\/\/padrejosimo.com.br\/site\/#organization","name":"Instituto Cultural Padre Josimo","alternateName":"ICPJ","url":"https:\/\/padrejosimo.com.br\/site\/","logo":{"@type":"ImageObject","inLanguage":"pt-BR","@id":"https:\/\/padrejosimo.com.br\/site\/#\/schema\/logo\/image\/","url":"https:\/\/padrejosimo.com.br\/site\/wp-content\/uploads\/2025\/09\/cropped-icon-icpj.png","contentUrl":"https:\/\/padrejosimo.com.br\/site\/wp-content\/uploads\/2025\/09\/cropped-icon-icpj.png","width":512,"height":512,"caption":"Instituto Cultural Padre Josimo"},"image":{"@id":"https:\/\/padrejosimo.com.br\/site\/#\/schema\/logo\/image\/"}}]}},"_links":{"self":[{"href":"https:\/\/padrejosimo.com.br\/site\/wp-json\/wp\/v2\/noticias\/968","targetHints":{"allow":["GET"]}}],"collection":[{"href":"https:\/\/padrejosimo.com.br\/site\/wp-json\/wp\/v2\/noticias"}],"about":[{"href":"https:\/\/padrejosimo.com.br\/site\/wp-json\/wp\/v2\/types\/noticias"}],"wp:featuredmedia":[{"embeddable":true,"href":"https:\/\/padrejosimo.com.br\/site\/wp-json\/wp\/v2\/media\/970"}],"wp:attachment":[{"href":"https:\/\/padrejosimo.com.br\/site\/wp-json\/wp\/v2\/media?parent=968"}],"wp:term":[{"taxonomy":"categorias_noticias","embeddable":true,"href":"https:\/\/padrejosimo.com.br\/site\/wp-json\/wp\/v2\/categorias_noticias?post=968"}],"curies":[{"name":"wp","href":"https:\/\/api.w.org\/{rel}","templated":true}]}}