{"id":965,"date":"2018-05-09T16:22:13","date_gmt":"2018-05-09T19:22:13","guid":{"rendered":"http:\/\/padrejosimo.com.br\/site\/?post_type=noticias&#038;p=965"},"modified":"2018-05-09T16:24:01","modified_gmt":"2018-05-09T19:24:01","slug":"padre-josimo-tavares-martir-da-luta-pela-terra","status":"publish","type":"noticias","link":"https:\/\/padrejosimo.com.br\/site\/noticias\/padre-josimo-tavares-martir-da-luta-pela-terra\/","title":{"rendered":"Padre Josimo Tavares: M\u00e1rtir da luta pela terra"},"content":{"rendered":"<p><img fetchpriority=\"high\" decoding=\"async\" class=\"aligncenter size-full wp-image-966\" src=\"https:\/\/padrejosimo.com.br\/site\/wp-content\/uploads\/2018\/05\/josimo2.jpg\" alt=\"\" width=\"400\" height=\"396\" srcset=\"https:\/\/padrejosimo.com.br\/site\/wp-content\/uploads\/2018\/05\/josimo2.jpg 400w, https:\/\/padrejosimo.com.br\/site\/wp-content\/uploads\/2018\/05\/josimo2-150x150.jpg 150w, https:\/\/padrejosimo.com.br\/site\/wp-content\/uploads\/2018\/05\/josimo2-300x297.jpg 300w\" sizes=\"(max-width: 400px) 100vw, 400px\" \/><\/p>\n<p style=\"text-align: center;\"><strong>&#8220;MORRO POR UMA CAUSA JUSTA&#8221;<\/strong><\/p>\n<p style=\"text-align: center;\"><strong>Celebrado no dia 10 de maio<\/strong><\/p>\n<p>&nbsp;<\/p>\n<p>Padre Josimo era coordenador da Comiss\u00e3o Pastoral da Terra \u2013 CPT no Bico do Papagaio. O pistoleiro Geraldo Rodrigues da Costa efetuou dois disparos com uma pistola de calibre 7,65. Para executar Josimo contou com a participa\u00e7\u00e3o de Vilson Nunes Cardoso, que andou muito tempo foragido.<\/p>\n<p>Em seu bel\u00edssimo Testamento Espiritual pronunciado durante a Assembleia Diocesana de Tocantin\u00f3polis, hoje Tocantins, no dia 27 de abril de 1986, poucos dias antes de seu assassinato, dizia Josimo que sua morte estava anunciada, encomendada e prescrita nos anais das correntes que desejavam ardentemente elimin\u00e1-lo. Novos An\u00e1s e novos Caif\u00e1s j\u00e1 o haviam julgado. Mas Josimo se encontrava firme, pois havia assumido o seu trabalho pastoral no compromisso e na causa em favor dos pobres, dos oprimidos e injusti\u00e7ados, impulsionado pela for\u00e7a do Evangelho.<\/p>\n<p>Josimo declarou: &#8220;Pois \u00e9, gente, eu quero que voc\u00eas entendam que o que vem acontecendo n\u00e3o \u00e9 fruto de nenhuma ideologia ou fac\u00e7\u00e3o teol\u00f3gica, nem por mim mesmo, ou seja, pela minha personalidade. Acredito que o porqu\u00ea de tudo isso se resume em tr\u00eas pontos principais:<\/p>\n<p>&#8211; Por Deus ter me chamado com o dom da voca\u00e7\u00e3o sacerdotal e eu ter correspondido.<\/p>\n<p>&#8211; Pelo senhor bispo, D. Corn\u00e9lio, ter me ordenado sacerdote.<\/p>\n<p>&#8211; Pelo apoio do povo e do vig\u00e1rio de Xambio\u00e1, ent\u00e3o Pe. Jo\u00e3o Caprioli, que me ajudaram a vencer nos estudos.<\/p>\n<p>&#8220;O disc\u00edpulo n\u00e3o \u00e9 maior do que o Mestre. Se perseguirem a mim, h\u00e3o de perseguir voc\u00eas tamb\u00e9m.&#8221; Tenho que assumir. Agora estou empenhado na luta pela causa dos pobres lavradores indefesos, povo oprimido nas garras dos latif\u00fandios. Se eu me calar, quem os defender\u00e1? Quem lutar\u00e1 a seu favor? Eu pelo menos nada tenho a perder. N\u00e3o tenho mulher, filhos e nem riqueza sequer, ningu\u00e9m chorar\u00e1 por mim. S\u00f3 tenho pena de uma pessoa: de minha m\u00e3e, que s\u00f3 tem a mim e mais ningu\u00e9m por ela. Pobre. Vi\u00fava. Mas voc\u00eas ficam a\u00ed e cuidar\u00e3o dela. Nem o medo me det\u00e9m. \u00c9 hora de assumir. Morro por uma justa causa. Agora quero que voc\u00eas entendam o seguinte: tudo isso que est\u00e1 acontecendo \u00e9 uma consequ\u00eancia l\u00f3gica resultante do meu trabalho na luta e defesa pelos pobres, em prol do Evangelho que me levou a assumir at\u00e9 as \u00faltimas consequ\u00eancias.<\/p>\n<p>A minha vida nada vale em vista da morte de tantos pais lavradores assassinados, violentados e despejados de suas terras. Deixando mulheres e filhos abandonados, sem carinho, sem p\u00e3o e sem lar. \u00c9 hora de se levantar e fazer a diferen\u00e7a!<\/p>\n<p>Morro por uma causa justa\u201d.<\/p>\n<p>Mas ele n\u00e3o imaginava que a morte viria t\u00e3o cedo. Dia 10 de maio de 1986, dia das mam\u00e3es, Padre Josimo foi assassinado covardemente enquanto subia as escadas do pr\u00e9dio da Mitra Diocesana de Imperatriz, MA, onde funcionava o escrit\u00f3rio da CPT, Araguaia -Tocantins. Ainda teve for\u00e7as para entrar no hospital andando. Isso foi o que fazendeiros deram a dona Olinda, m\u00e3e do Padre Josimo, no dia das m\u00e3es.<\/p>\n<p>&nbsp;<\/p>\n<blockquote>\n<p><strong>ORA\u00c7\u00c3O AO PADRE JOSIMO:\u00a0 <\/strong><\/p>\n<p><strong>Santo Padre Josimo, que foste fiel \u00e0 causa do Evangelho e \u00e0 luta dos pobres da terra at\u00e9 \u00e0s \u00faltimas consequ\u00eancias, doando a pr\u00f3pria vida pelos que sofrem o abandono, a exclus\u00e3o e o desprezo, olha por n\u00f3s lutadores e lutadoras do povo e nos aben\u00e7oa. Que o teu exemplo seja est\u00edmulo para sermos perseverantes e fi\u00e9is \u00e0 causa da Justi\u00e7a neste mundo. Am\u00e9m!<\/strong><\/p>\n<\/blockquote>\n","protected":false},"excerpt":{"rendered":"<p>&#8220;Morro por uma causa justa&#8221;. Padre Josimo era coordenador da Comiss\u00e3o Pastoral da Terra \u2013 CPT no Bico do Papagaio (Tocantins) e foi assassinado em 10 de maio de 1986 por lutar a favor dos camponeses.<\/p>\n","protected":false},"featured_media":966,"template":"","categorias_noticias":[13],"class_list":["post-965","noticias","type-noticias","status-publish","has-post-thumbnail","hentry","categorias_noticias-noticias"],"acf":[],"yoast_head":"<!-- This site is optimized with the Yoast SEO plugin v27.2 - https:\/\/yoast.com\/product\/yoast-seo-wordpress\/ -->\n<title>Padre Josimo Tavares: M\u00e1rtir da luta pela terra - Instituto Cultural Padre Josimo<\/title>\n<meta name=\"robots\" content=\"index, follow, max-snippet:-1, max-image-preview:large, max-video-preview:-1\" \/>\n<link rel=\"canonical\" href=\"https:\/\/padrejosimo.com.br\/site\/noticias\/padre-josimo-tavares-martir-da-luta-pela-terra\/\" \/>\n<meta property=\"og:locale\" content=\"pt_BR\" \/>\n<meta property=\"og:type\" content=\"article\" \/>\n<meta property=\"og:title\" content=\"Padre Josimo Tavares: M\u00e1rtir da luta pela terra - Instituto Cultural Padre Josimo\" \/>\n<meta property=\"og:description\" content=\"&quot;Morro por uma causa justa&quot;. Padre Josimo era coordenador da Comiss\u00e3o Pastoral da Terra \u2013 CPT no Bico do Papagaio (Tocantins) e foi assassinado em 10 de maio de 1986 por lutar a favor dos camponeses.\" \/>\n<meta property=\"og:url\" content=\"https:\/\/padrejosimo.com.br\/site\/noticias\/padre-josimo-tavares-martir-da-luta-pela-terra\/\" \/>\n<meta property=\"og:site_name\" content=\"Instituto Cultural Padre Josimo\" \/>\n<meta property=\"article:modified_time\" content=\"2018-05-09T19:24:01+00:00\" \/>\n<meta property=\"og:image\" content=\"https:\/\/padrejosimo.com.br\/site\/wp-content\/uploads\/2018\/05\/josimo2.jpg\" \/>\n\t<meta property=\"og:image:width\" content=\"400\" \/>\n\t<meta property=\"og:image:height\" content=\"396\" \/>\n\t<meta property=\"og:image:type\" content=\"image\/jpeg\" \/>\n<meta name=\"twitter:card\" content=\"summary_large_image\" \/>\n<meta name=\"twitter:label1\" content=\"Est. tempo de leitura\" \/>\n\t<meta name=\"twitter:data1\" content=\"3 minutos\" \/>\n<script type=\"application\/ld+json\" class=\"yoast-schema-graph\">{\"@context\":\"https:\/\/schema.org\",\"@graph\":[{\"@type\":\"WebPage\",\"@id\":\"https:\/\/padrejosimo.com.br\/site\/noticias\/padre-josimo-tavares-martir-da-luta-pela-terra\/\",\"url\":\"https:\/\/padrejosimo.com.br\/site\/noticias\/padre-josimo-tavares-martir-da-luta-pela-terra\/\",\"name\":\"Padre Josimo Tavares: M\u00e1rtir da luta pela terra - Instituto Cultural Padre Josimo\",\"isPartOf\":{\"@id\":\"https:\/\/padrejosimo.com.br\/site\/#website\"},\"primaryImageOfPage\":{\"@id\":\"https:\/\/padrejosimo.com.br\/site\/noticias\/padre-josimo-tavares-martir-da-luta-pela-terra\/#primaryimage\"},\"image\":{\"@id\":\"https:\/\/padrejosimo.com.br\/site\/noticias\/padre-josimo-tavares-martir-da-luta-pela-terra\/#primaryimage\"},\"thumbnailUrl\":\"https:\/\/padrejosimo.com.br\/site\/wp-content\/uploads\/2018\/05\/josimo2.jpg\",\"datePublished\":\"2018-05-09T19:22:13+00:00\",\"dateModified\":\"2018-05-09T19:24:01+00:00\",\"breadcrumb\":{\"@id\":\"https:\/\/padrejosimo.com.br\/site\/noticias\/padre-josimo-tavares-martir-da-luta-pela-terra\/#breadcrumb\"},\"inLanguage\":\"pt-BR\",\"potentialAction\":[{\"@type\":\"ReadAction\",\"target\":[\"https:\/\/padrejosimo.com.br\/site\/noticias\/padre-josimo-tavares-martir-da-luta-pela-terra\/\"]}]},{\"@type\":\"ImageObject\",\"inLanguage\":\"pt-BR\",\"@id\":\"https:\/\/padrejosimo.com.br\/site\/noticias\/padre-josimo-tavares-martir-da-luta-pela-terra\/#primaryimage\",\"url\":\"https:\/\/padrejosimo.com.br\/site\/wp-content\/uploads\/2018\/05\/josimo2.jpg\",\"contentUrl\":\"https:\/\/padrejosimo.com.br\/site\/wp-content\/uploads\/2018\/05\/josimo2.jpg\",\"width\":400,\"height\":396},{\"@type\":\"BreadcrumbList\",\"@id\":\"https:\/\/padrejosimo.com.br\/site\/noticias\/padre-josimo-tavares-martir-da-luta-pela-terra\/#breadcrumb\",\"itemListElement\":[{\"@type\":\"ListItem\",\"position\":1,\"name\":\"In\u00edcio\",\"item\":\"https:\/\/padrejosimo.com.br\/site\/\"},{\"@type\":\"ListItem\",\"position\":2,\"name\":\"Not\u00edcias\",\"item\":\"https:\/\/padrejosimo.com.br\/site\/noticias\/\"},{\"@type\":\"ListItem\",\"position\":3,\"name\":\"Padre Josimo Tavares: M\u00e1rtir da luta pela terra\"}]},{\"@type\":\"WebSite\",\"@id\":\"https:\/\/padrejosimo.com.br\/site\/#website\",\"url\":\"https:\/\/padrejosimo.com.br\/site\/\",\"name\":\"Instituto Cultural Padre Josimo\",\"description\":\"Comprometida com a promo\u00e7\u00e3o da justi\u00e7a social, agroecologia e educa\u00e7\u00e3o popular\",\"publisher\":{\"@id\":\"https:\/\/padrejosimo.com.br\/site\/#organization\"},\"alternateName\":\"ICPJ\",\"potentialAction\":[{\"@type\":\"SearchAction\",\"target\":{\"@type\":\"EntryPoint\",\"urlTemplate\":\"https:\/\/padrejosimo.com.br\/site\/?s={search_term_string}\"},\"query-input\":{\"@type\":\"PropertyValueSpecification\",\"valueRequired\":true,\"valueName\":\"search_term_string\"}}],\"inLanguage\":\"pt-BR\"},{\"@type\":\"Organization\",\"@id\":\"https:\/\/padrejosimo.com.br\/site\/#organization\",\"name\":\"Instituto Cultural Padre Josimo\",\"alternateName\":\"ICPJ\",\"url\":\"https:\/\/padrejosimo.com.br\/site\/\",\"logo\":{\"@type\":\"ImageObject\",\"inLanguage\":\"pt-BR\",\"@id\":\"https:\/\/padrejosimo.com.br\/site\/#\/schema\/logo\/image\/\",\"url\":\"https:\/\/padrejosimo.com.br\/site\/wp-content\/uploads\/2025\/09\/cropped-icon-icpj.png\",\"contentUrl\":\"https:\/\/padrejosimo.com.br\/site\/wp-content\/uploads\/2025\/09\/cropped-icon-icpj.png\",\"width\":512,\"height\":512,\"caption\":\"Instituto Cultural Padre Josimo\"},\"image\":{\"@id\":\"https:\/\/padrejosimo.com.br\/site\/#\/schema\/logo\/image\/\"}}]}<\/script>\n<!-- \/ Yoast SEO plugin. -->","yoast_head_json":{"title":"Padre Josimo Tavares: M\u00e1rtir da luta pela terra - Instituto Cultural Padre Josimo","robots":{"index":"index","follow":"follow","max-snippet":"max-snippet:-1","max-image-preview":"max-image-preview:large","max-video-preview":"max-video-preview:-1"},"canonical":"https:\/\/padrejosimo.com.br\/site\/noticias\/padre-josimo-tavares-martir-da-luta-pela-terra\/","og_locale":"pt_BR","og_type":"article","og_title":"Padre Josimo Tavares: M\u00e1rtir da luta pela terra - Instituto Cultural Padre Josimo","og_description":"\"Morro por uma causa justa\". Padre Josimo era coordenador da Comiss\u00e3o Pastoral da Terra \u2013 CPT no Bico do Papagaio (Tocantins) e foi assassinado em 10 de maio de 1986 por lutar a favor dos camponeses.","og_url":"https:\/\/padrejosimo.com.br\/site\/noticias\/padre-josimo-tavares-martir-da-luta-pela-terra\/","og_site_name":"Instituto Cultural Padre Josimo","article_modified_time":"2018-05-09T19:24:01+00:00","og_image":[{"width":400,"height":396,"url":"https:\/\/padrejosimo.com.br\/site\/wp-content\/uploads\/2018\/05\/josimo2.jpg","type":"image\/jpeg"}],"twitter_card":"summary_large_image","twitter_misc":{"Est. tempo de leitura":"3 minutos"},"schema":{"@context":"https:\/\/schema.org","@graph":[{"@type":"WebPage","@id":"https:\/\/padrejosimo.com.br\/site\/noticias\/padre-josimo-tavares-martir-da-luta-pela-terra\/","url":"https:\/\/padrejosimo.com.br\/site\/noticias\/padre-josimo-tavares-martir-da-luta-pela-terra\/","name":"Padre Josimo Tavares: M\u00e1rtir da luta pela terra - Instituto Cultural Padre Josimo","isPartOf":{"@id":"https:\/\/padrejosimo.com.br\/site\/#website"},"primaryImageOfPage":{"@id":"https:\/\/padrejosimo.com.br\/site\/noticias\/padre-josimo-tavares-martir-da-luta-pela-terra\/#primaryimage"},"image":{"@id":"https:\/\/padrejosimo.com.br\/site\/noticias\/padre-josimo-tavares-martir-da-luta-pela-terra\/#primaryimage"},"thumbnailUrl":"https:\/\/padrejosimo.com.br\/site\/wp-content\/uploads\/2018\/05\/josimo2.jpg","datePublished":"2018-05-09T19:22:13+00:00","dateModified":"2018-05-09T19:24:01+00:00","breadcrumb":{"@id":"https:\/\/padrejosimo.com.br\/site\/noticias\/padre-josimo-tavares-martir-da-luta-pela-terra\/#breadcrumb"},"inLanguage":"pt-BR","potentialAction":[{"@type":"ReadAction","target":["https:\/\/padrejosimo.com.br\/site\/noticias\/padre-josimo-tavares-martir-da-luta-pela-terra\/"]}]},{"@type":"ImageObject","inLanguage":"pt-BR","@id":"https:\/\/padrejosimo.com.br\/site\/noticias\/padre-josimo-tavares-martir-da-luta-pela-terra\/#primaryimage","url":"https:\/\/padrejosimo.com.br\/site\/wp-content\/uploads\/2018\/05\/josimo2.jpg","contentUrl":"https:\/\/padrejosimo.com.br\/site\/wp-content\/uploads\/2018\/05\/josimo2.jpg","width":400,"height":396},{"@type":"BreadcrumbList","@id":"https:\/\/padrejosimo.com.br\/site\/noticias\/padre-josimo-tavares-martir-da-luta-pela-terra\/#breadcrumb","itemListElement":[{"@type":"ListItem","position":1,"name":"In\u00edcio","item":"https:\/\/padrejosimo.com.br\/site\/"},{"@type":"ListItem","position":2,"name":"Not\u00edcias","item":"https:\/\/padrejosimo.com.br\/site\/noticias\/"},{"@type":"ListItem","position":3,"name":"Padre Josimo Tavares: M\u00e1rtir da luta pela terra"}]},{"@type":"WebSite","@id":"https:\/\/padrejosimo.com.br\/site\/#website","url":"https:\/\/padrejosimo.com.br\/site\/","name":"Instituto Cultural Padre Josimo","description":"Comprometida com a promo\u00e7\u00e3o da justi\u00e7a social, agroecologia e educa\u00e7\u00e3o popular","publisher":{"@id":"https:\/\/padrejosimo.com.br\/site\/#organization"},"alternateName":"ICPJ","potentialAction":[{"@type":"SearchAction","target":{"@type":"EntryPoint","urlTemplate":"https:\/\/padrejosimo.com.br\/site\/?s={search_term_string}"},"query-input":{"@type":"PropertyValueSpecification","valueRequired":true,"valueName":"search_term_string"}}],"inLanguage":"pt-BR"},{"@type":"Organization","@id":"https:\/\/padrejosimo.com.br\/site\/#organization","name":"Instituto Cultural Padre Josimo","alternateName":"ICPJ","url":"https:\/\/padrejosimo.com.br\/site\/","logo":{"@type":"ImageObject","inLanguage":"pt-BR","@id":"https:\/\/padrejosimo.com.br\/site\/#\/schema\/logo\/image\/","url":"https:\/\/padrejosimo.com.br\/site\/wp-content\/uploads\/2025\/09\/cropped-icon-icpj.png","contentUrl":"https:\/\/padrejosimo.com.br\/site\/wp-content\/uploads\/2025\/09\/cropped-icon-icpj.png","width":512,"height":512,"caption":"Instituto Cultural Padre Josimo"},"image":{"@id":"https:\/\/padrejosimo.com.br\/site\/#\/schema\/logo\/image\/"}}]}},"_links":{"self":[{"href":"https:\/\/padrejosimo.com.br\/site\/wp-json\/wp\/v2\/noticias\/965","targetHints":{"allow":["GET"]}}],"collection":[{"href":"https:\/\/padrejosimo.com.br\/site\/wp-json\/wp\/v2\/noticias"}],"about":[{"href":"https:\/\/padrejosimo.com.br\/site\/wp-json\/wp\/v2\/types\/noticias"}],"wp:featuredmedia":[{"embeddable":true,"href":"https:\/\/padrejosimo.com.br\/site\/wp-json\/wp\/v2\/media\/966"}],"wp:attachment":[{"href":"https:\/\/padrejosimo.com.br\/site\/wp-json\/wp\/v2\/media?parent=965"}],"wp:term":[{"taxonomy":"categorias_noticias","embeddable":true,"href":"https:\/\/padrejosimo.com.br\/site\/wp-json\/wp\/v2\/categorias_noticias?post=965"}],"curies":[{"name":"wp","href":"https:\/\/api.w.org\/{rel}","templated":true}]}}