{"id":8984,"date":"2026-04-28T08:12:46","date_gmt":"2026-04-28T11:12:46","guid":{"rendered":"https:\/\/padrejosimo.com.br\/site\/?post_type=noticias&#038;p=8984"},"modified":"2026-04-28T08:12:46","modified_gmt":"2026-04-28T11:12:46","slug":"vozes-e-territorios-caminhos-negros-revela-historia-invisibilizada-da-populacao-negra-em-rio-grande-rs","status":"publish","type":"noticias","link":"https:\/\/padrejosimo.com.br\/site\/noticias\/vozes-e-territorios-caminhos-negros-revela-historia-invisibilizada-da-populacao-negra-em-rio-grande-rs\/","title":{"rendered":"VOZES E TERRIT\u00d3RIOS | Caminhos Negros revela hist\u00f3ria invisibilizada da popula\u00e7\u00e3o negra em Rio Grande (RS)"},"content":{"rendered":"<div class=\"elementor-element elementor-element-634285d elementor-widget elementor-widget-theme-post-title elementor-page-title elementor-widget-heading\" data-id=\"634285d\" data-element_type=\"widget\" data-e-type=\"widget\" data-widget_type=\"theme-post-title.default\">\n<div class=\"elementor-widget-container\">\n<h3 class=\"elementor-heading-title elementor-size-default\"><span style=\"font-size: 16px;\">Projeto nasce do movimento negro e articula educa\u00e7\u00e3o e mem\u00f3ria com percursos mapeados em circuito a c\u00e9u aberto<\/span><\/h3>\n<\/div>\n<\/div>\n<div class=\"elementor-element elementor-element-7368206 e-con-full e-flex e-con e-child\" data-id=\"7368206\" data-element_type=\"container\" data-e-type=\"container\">\n<div class=\"elementor-element elementor-element-cda0867 elementor-widget elementor-widget-post-info\" data-id=\"cda0867\" data-element_type=\"widget\" data-e-type=\"widget\" data-widget_type=\"post-info.default\">\n<div class=\"elementor-widget-container\">\n<p><span class=\"elementor-icon-list-text elementor-post-info__item elementor-post-info__item--type-custom\">Fabiana Reinholz e Marcelo Ferreira<\/span><\/p>\n<\/div>\n<\/div>\n<\/div>\n<div class=\"elementor-element elementor-element-233b008 elementor-widget elementor-widget-vapfem_audio_player\" data-id=\"233b008\" data-element_type=\"widget\" data-e-type=\"widget\" data-widget_type=\"vapfem_audio_player.default\">\n<div class=\"elementor-widget-container\">\u00a0<\/div>\n<\/div>\n<div class=\"elementor-element elementor-element-ff6d543 elementor-widget elementor-widget-shortcode\" data-id=\"ff6d543\" data-element_type=\"widget\" data-e-type=\"widget\" data-widget_type=\"shortcode.default\">\n<div class=\"elementor-widget-container\">\n<div class=\"elementor-shortcode\">\n<div class=\"mceTemp\">\u00a0<\/div>\n<p><figure id=\"attachment_8994\" aria-describedby=\"caption-attachment-8994\" style=\"width: 1024px\" class=\"wp-caption aligncenter\"><img fetchpriority=\"high\" decoding=\"async\" class=\"size-full wp-image-8994\" src=\"https:\/\/padrejosimo.com.br\/site\/wp-content\/uploads\/2026\/04\/caminhos-rio-grande-capa.webp\" alt=\"\" width=\"1024\" height=\"768\" srcset=\"https:\/\/padrejosimo.com.br\/site\/wp-content\/uploads\/2026\/04\/caminhos-rio-grande-capa.webp 1024w, https:\/\/padrejosimo.com.br\/site\/wp-content\/uploads\/2026\/04\/caminhos-rio-grande-capa-300x225.webp 300w, https:\/\/padrejosimo.com.br\/site\/wp-content\/uploads\/2026\/04\/caminhos-rio-grande-capa-768x576.webp 768w\" sizes=\"(max-width: 1024px) 100vw, 1024px\" \/><figcaption id=\"caption-attachment-8994\" class=\"wp-caption-text\">Iniciativa tem como eixo repara\u00e7\u00e3o hist\u00f3rica e sociocultural atrav\u00e9s de a\u00e7\u00f5es educativas e foi reconhecida, em 2026, no 1\u00ba Pr\u00eamio Rotas Negras, do governo federal | Cr\u00e9dito: Divulga\u00e7\u00e3o\/Prefeitura de Rio Grande<\/figcaption><\/figure>\n<\/div>\n<\/div>\n<\/div>\n<div class=\"elementor-element elementor-element-5703bbf elementor-widget elementor-widget-text-editor\" data-id=\"5703bbf\" data-element_type=\"widget\" data-e-type=\"widget\" data-widget_type=\"text-editor.default\">\n<div class=\"elementor-widget-container\">\u00a0<\/div>\n<\/div>\n<div class=\"elementor-element elementor-element-8136daa elementor-widget elementor-widget-theme-post-content\" data-id=\"8136daa\" data-element_type=\"widget\" data-e-type=\"widget\" data-widget_type=\"theme-post-content.default\">\n<div class=\"elementor-widget-container\">\n<p>Um dos principais pontos de chegada de pessoas negras escravizadas ao territ\u00f3rio que hoje corresponde ao Rio Grande do Sul, a cidade de Rio Grande, primeira do estado e marcada pela coloniza\u00e7\u00e3o lusitana, teve parte central de sua hist\u00f3ria constru\u00edda com base na invisibiliza\u00e7\u00e3o dessas trajet\u00f3rias.<\/p>\n<div id=\"bdf-2105234727\" class=\"bdf-apos-paragrafo-1 bdf-entity-placement bdf-highlight-wrapper\">\n<div id=\"bdf-2508295449\" class=\"bdf-target bdf-target\" data-bdf-trackid=\"878877\" data-bdf-trackbid=\"1\">\n<div id=\"div-gpt-ad-artigos-medium_incontent_1\" class=\"ad-slot ad-filled\" data-google-query-id=\"CP33lo-okJQDFRYLHgAdhjsj6Q\">\n<div id=\"google_ads_iframe_\/23047072124\/artigos\/leaderboard_incontent_1_0__container__\">Hoje, enquanto um mapeamento in\u00e9dito em constru\u00e7\u00e3o j\u00e1 identificou mais de 950 espa\u00e7os de <a href=\"https:\/\/www.brasildefato.com.br\/2025\/11\/21\/racismo-religioso-e-seguranca-publica-painel-expoe-despreparo-institucional-e-luta-dos-povos-de-terreiro-no-rs\/\" data-type=\"link\" data-id=\"https:\/\/www.brasildefato.com.br\/2025\/11\/21\/racismo-religioso-e-seguranca-publica-painel-expoe-despreparo-institucional-e-luta-dos-povos-de-terreiro-no-rs\/\">tradi\u00e7\u00e3o de matriz africana\u00a0<\/a>em apenas oito bairros, apontando para uma presen\u00e7a estruturante ainda pouco reconhecida, o projeto\u00a0<em>Caminhos Negros: Redescobrindo Rio Grande<\/em>\u00a0surge para recontar essa hist\u00f3ria a partir do territ\u00f3rio, do porto e dos percursos que ligam a cidade \u00e0s charqueadas de Pelotas.<\/div>\n<\/div>\n<\/div>\n<\/div>\n<p>A iniciativa tem como eixo a repara\u00e7\u00e3o hist\u00f3rica e sociocultural e foi reconhecida, em 2026, no 1\u00ba Pr\u00eamio Rotas Negras, do governo federal. O projeto identifica, mapeia e demarca territ\u00f3rios negros da cidade com base em pesquisa e participa\u00e7\u00e3o comunit\u00e1ria, construindo narrativas a partir da perspectiva da popula\u00e7\u00e3o negra e promovendo a\u00e7\u00f5es educativas voltadas \u00e0\u00a0<a href=\"https:\/\/www.brasildefato.com.br\/2025\/12\/18\/afroativos-ressignifica-racismo-em-protagonismo-estudantil-na-periferia-de-porto-alegre\/\" data-type=\"link\" data-id=\"https:\/\/www.brasildefato.com.br\/2025\/12\/18\/afroativos-ressignifica-racismo-em-protagonismo-estudantil-na-periferia-de-porto-alegre\/\">implementa\u00e7\u00e3o da Lei 10.639<\/a>\u00a0e do Estatuto da Igualdade Racial.<\/p>\n<p>\u201cO Caminhos Negros \u00e9 uma ideia coletiva, uma necessidade coletiva\u201d, afirma o idealizador do projeto e coordenador de Pol\u00edticas de\u00a0<a href=\"https:\/\/www.brasildefato.com.br\/2025\/11\/04\/e-preciso-uma-lei-que-legitime-a-historia-do-povo-negro-aponta-iya-vera-soares\/\" data-type=\"link\" data-id=\"https:\/\/www.brasildefato.com.br\/2025\/11\/04\/e-preciso-uma-lei-que-legitime-a-historia-do-povo-negro-aponta-iya-vera-soares\/\">Promo\u00e7\u00e3o da Igualdade Racial\u00a0<\/a>no munic\u00edpio, Chendler Siqueira. \u201cPor muito tempo, participando das confer\u00eancias de igualdade racial e das rodas de conversa, eu comecei a ouvir os nossos mais velhos dizendo que os nossos locais est\u00e3o se apagando, que as nossas hist\u00f3rias est\u00e3o sumindo, que ningu\u00e9m fala sobre as nossas contribui\u00e7\u00f5es.\u201d<\/p>\n<div id=\"bdf-1004694629\" class=\"bdf-apos-paragrafo-3 bdf-entity-placement bdf-highlight-wrapper\">\n<div id=\"bdf-1508894873\" class=\"bdf-target bdf-target\" data-bdf-trackid=\"878842\" data-bdf-trackbid=\"1\">\n<div id=\"div-gpt-ad-artigos-mobile_rectangle_mobile_2\" class=\"ad-slot\">\u00a0<\/div>\n<\/div>\n<\/div>\n<p>Segundo ele, o projeto surge desse ac\u00famulo de escutas e den\u00fancias sobre o apagamento de espa\u00e7os, mem\u00f3rias e contribui\u00e7\u00f5es da popula\u00e7\u00e3o negra na forma\u00e7\u00e3o da cidade. Com o tempo, essa percep\u00e7\u00e3o se aprofunda. \u201cEu comecei a me dar conta de que era um apagamento proposital, que n\u00e3o contava uma vers\u00e3o da hist\u00f3ria oficial da cidade.\u201d<\/p>\n<p>Essa lacuna tamb\u00e9m aparece no cotidiano das escolas. \u201cA gente sente que ainda existe uma car\u00eancia muito grande de forma\u00e7\u00e3o sobre a Lei 10.639, sobre o ensino de \u00c1frica e da cultura afro-brasileira\u201d, afirma a professora de hist\u00f3ria Giovanna Pontes Farias, doutora em educa\u00e7\u00e3o e integrante do N\u00facleo de Rela\u00e7\u00f5es \u00c9tnico-Raciais da Secretaria de Educa\u00e7\u00e3o. \u201cA gente ainda tem que fazer um trabalho de formiguinha, de explicar o porqu\u00ea, porque \u00e9 uma sociedade que n\u00e3o \u00e9 letrada racialmente.\u201d<\/p>\n<p>&nbsp;<\/p>\n<p><figure id=\"attachment_8993\" aria-describedby=\"caption-attachment-8993\" style=\"width: 1024px\" class=\"wp-caption aligncenter\"><img decoding=\"async\" class=\"size-full wp-image-8993\" src=\"https:\/\/padrejosimo.com.br\/site\/wp-content\/uploads\/2026\/04\/caminhos-01-1.webp\" alt=\"\" width=\"1024\" height=\"683\" srcset=\"https:\/\/padrejosimo.com.br\/site\/wp-content\/uploads\/2026\/04\/caminhos-01-1.webp 1024w, https:\/\/padrejosimo.com.br\/site\/wp-content\/uploads\/2026\/04\/caminhos-01-1-300x200.webp 300w, https:\/\/padrejosimo.com.br\/site\/wp-content\/uploads\/2026\/04\/caminhos-01-1-768x512.webp 768w\" sizes=\"(max-width: 1024px) 100vw, 1024px\" \/><figcaption id=\"caption-attachment-8993\" class=\"wp-caption-text\">Percurso come\u00e7a nas docas do Mercado P\u00fablico, onde pessoas escravizadas eram desembarcadas e comercializadas\u00a0|\u00a0Cr\u00e9dito: Marcelo Ferreira<\/figcaption><\/figure>\n<\/div>\n<h4>\u00a0<\/h4>\n<div class=\"elementor-widget-container\">\n<h4 class=\"wp-block-heading\">Constru\u00e7\u00e3o coletiva e disputa de narrativa<\/h4>\n<p>A proposta come\u00e7a a ganhar forma quando Siqueira, ent\u00e3o secret\u00e1rio adjunto de Cidadania e Assist\u00eancia Social, articula um grupo com professoras da rede municipal e estadual, militantes da Uni\u00e3o de Negros e Negras pela Igualdade (Unegro) e integrantes do Conselho Municipal da Comunidade Negra (Condescom). O processo envolveu consulta p\u00fablica sobre os territ\u00f3rios negros da cidade, a cria\u00e7\u00e3o de um grupo de trabalho com representatividade e a realiza\u00e7\u00e3o de pesquisas bibliogr\u00e1ficas e orais.<\/p>\n<p>\u201cEu n\u00e3o sentei um dia e escrevi o projeto. A gente come\u00e7ou a pensar coletivamente como estruturar algo que desse conta de visibilizar esses espa\u00e7os e essas hist\u00f3rias\u201d, afirma.<\/p>\n<p>O debate se fortalece a partir de experi\u00eancias j\u00e1 existentes em outras cidades. \u201cEm Porto Alegre j\u00e1 existiam os\u00a0<a href=\"https:\/\/www.brasildefato.com.br\/2025\/12\/01\/a-porto-alegre-que-eu-nao-conhecia-pesquisadora-mapeia-presenca-negra-na-historia-e-na-geografia-da-capital\/\" data-type=\"link\" data-id=\"https:\/\/www.brasildefato.com.br\/2025\/12\/01\/a-porto-alegre-que-eu-nao-conhecia-pesquisadora-mapeia-presenca-negra-na-historia-e-na-geografia-da-capital\/\">territ\u00f3rios negros<\/a>\u00a0organizados pela Companhia Carris Porto-Alegrense (Carris). N\u00f3s fomos atr\u00e1s dessa experi\u00eancia. E por que n\u00e3o criar algo semelhante em Rio Grande?\u201d<\/p>\n<p>Nesse processo, tamb\u00e9m entra a revis\u00e3o da pr\u00f3pria narrativa hist\u00f3rica local. \u201cA gente sempre fez a narrativa de que Rio Grande \u00e9 o ber\u00e7o do estado do Rio Grande do Sul. Ent\u00e3o, Rio Grande sempre teve, e tem, um d\u00e9bito muito grande com a popula\u00e7\u00e3o negra\u201d, afirma Siqueira. Dessa reflex\u00e3o surge o projeto, com o objetivo de contar \u201ca hist\u00f3ria que n\u00e3o \u00e9 contada\u201d. \u201cA cidade se orgulha de ser lusitana, mas n\u00e3o fala que, junto com os primeiros portugueses, vieram pessoas escravizadas que ergueram o Forte Jesus Maria Jos\u00e9. Tudo que existe aqui tem contribui\u00e7\u00e3o direta da popula\u00e7\u00e3o negra.\u201d<\/p>\n<p>&nbsp;<\/p>\n<figure id=\"attachment_8992\" aria-describedby=\"caption-attachment-8992\" style=\"width: 900px\" class=\"wp-caption aligncenter\"><img decoding=\"async\" class=\"size-full wp-image-8992\" src=\"https:\/\/padrejosimo.com.br\/site\/wp-content\/uploads\/2026\/04\/iemanja-cassino-urumi-1.webp\" alt=\"\" width=\"900\" height=\"675\" srcset=\"https:\/\/padrejosimo.com.br\/site\/wp-content\/uploads\/2026\/04\/iemanja-cassino-urumi-1.webp 900w, https:\/\/padrejosimo.com.br\/site\/wp-content\/uploads\/2026\/04\/iemanja-cassino-urumi-1-300x225.webp 300w, https:\/\/padrejosimo.com.br\/site\/wp-content\/uploads\/2026\/04\/iemanja-cassino-urumi-1-768x576.webp 768w\" sizes=\"(max-width: 900px) 100vw, 900px\" \/><figcaption id=\"caption-attachment-8992\" class=\"wp-caption-text\">Festa de Iemanj\u00e1 no Balne\u00e1rio Cassino, em Rio Grande, \u00e9 uma das maiores manifesta\u00e7\u00f5es religiosas afro-brasileiras do estado; est\u00e1tua integra o Caminhos Negros\u00a0|\u00a0Cr\u00e9dito: Divulga\u00e7\u00e3o\/Urumi<\/figcaption><\/figure>\n<p>&nbsp;<\/p>\n<p>Ele refor\u00e7a que havia tamb\u00e9m uma dimens\u00e3o pol\u00edtica na constru\u00e7\u00e3o do projeto. \u201cA gente entendia que precisava ser vanguarda na discuss\u00e3o e implementa\u00e7\u00e3o de pol\u00edticas afirmativas reparat\u00f3rias, compensat\u00f3rias ao crime de lesa-humanidade, que hoje tivemos a grata felicidade da ONU reconhecer como o pior crime contra a humanidade.\u201d<\/p>\n<p>A secret\u00e1ria de Cultura, Rita Pata Rache, aponta que essa revis\u00e3o tamb\u00e9m se d\u00e1 no campo das pol\u00edticas p\u00fablicas e do patrim\u00f4nio. Segundo ela, n\u00e3o se trata apenas de preservar uma narrativa j\u00e1 consolidada, como a heran\u00e7a lusitana, mas de reconhecer a centralidade da presen\u00e7a negra e da di\u00e1spora africana na forma\u00e7\u00e3o da cidade. \u201cE quando digo constru\u00e7\u00e3o, \u00e9 constru\u00e7\u00e3o mesmo: quem edificou a cidade foram esses povos.\u201d<\/p>\n<p>Para Rache, professora licenciada da Universidade Federal do Rio Grande (Furg), essa mudan\u00e7a passa tamb\u00e9m pela ocupa\u00e7\u00e3o dos espa\u00e7os de decis\u00e3o. \u201cPol\u00edtica \u00e9 decis\u00e3o sobre onde colocar recursos e o que priorizar.\u201d<\/p>\n<p>O processo inicial foi marcado por um levantamento coletivo de mem\u00f3rias e refer\u00eancias. Entre elas, aparecem contribui\u00e7\u00f5es como as do pesquisador Luiz Marim, que trouxe a hist\u00f3ria do Largo das Quitandeiras, e de Milton Ricardo Serafim, da Oluparum Produ\u00e7\u00f5es, que apontava para a exist\u00eancia de um pelourinho na cidade, at\u00e9 ent\u00e3o pouco reconhecido.<\/p>\n<p>\u201cEu nunca tinha parado para pensar que toda cidade tinha um pelourinho. E onde era em Rio Grande? Eu n\u00e3o sabia. E n\u00e3o era s\u00f3 eu\u201d, relata Siqueira.<\/p>\n<h4>\u00a0<\/h4>\n<figure id=\"attachment_8991\" aria-describedby=\"caption-attachment-8991\" style=\"width: 768px\" class=\"wp-caption aligncenter\"><img loading=\"lazy\" decoding=\"async\" class=\"size-full wp-image-8991\" src=\"https:\/\/padrejosimo.com.br\/site\/wp-content\/uploads\/2026\/04\/quitandeiras-768x576-1.webp\" alt=\"\" width=\"768\" height=\"576\" srcset=\"https:\/\/padrejosimo.com.br\/site\/wp-content\/uploads\/2026\/04\/quitandeiras-768x576-1.webp 768w, https:\/\/padrejosimo.com.br\/site\/wp-content\/uploads\/2026\/04\/quitandeiras-768x576-1-300x225.webp 300w\" sizes=\"(max-width: 768px) 100vw, 768px\" \/><figcaption id=\"caption-attachment-8991\" class=\"wp-caption-text\">Atividade passando pelo Largo das Quitandeiras (atualmente Pra\u00e7a J\u00falio de Castilhos), onde mulheres negras vendiam alimentos e teve um pelourinho\u00a0|\u00a0Cr\u00e9dito: Divulga\u00e7\u00e3o\/Prefeitura de Rio Grande<\/figcaption><\/figure>\n<h4>\u00a0<\/h4>\n<h4 class=\"wp-block-heading\">Do papel ao territ\u00f3rio: entraves e retomadas<\/h4>\n<p>A proposta inicial previa um circuito com placas f\u00edsicas espalhadas pela cidade, contendo informa\u00e7\u00f5es hist\u00f3ricas e QR Codes. O projeto foi contemplado em edital de fomento \u00e0 extens\u00e3o da Furg, em 2019, a partir da parceria com professoras como Rita Pata Rache e Fabiane Pianovski.<\/p>\n<p>\u201cEu cheguei ao projeto Caminhos Negros a partir de uma preocupa\u00e7\u00e3o com a educa\u00e7\u00e3o em artes visuais. Criamos uma disciplina chamada \u2018Caminhadas Est\u00e9ticas e Educativas\u2019, que sai da universidade e vai para os territ\u00f3rios\u201d, explica Rache. \u201cA ideia era pensar como a educa\u00e7\u00e3o em artes se relaciona com a vida social, com a pol\u00edtica, com o mundo que queremos construir.\u201d<\/p>\n<p>De acordo com ela, a proposta tamb\u00e9m busca subsidiar a implementa\u00e7\u00e3o das leis 10.639 e 11.645, que tornam obrigat\u00f3rio o ensino da hist\u00f3ria e\u00a0<a href=\"https:\/\/www.brasildefato.com.br\/2025\/11\/19\/do-rs-para-o-brasil-a-trajetoria-do-grupo-palmares-na-construcao-do-20-de-novembro\/\" data-type=\"link\" data-id=\"https:\/\/www.brasildefato.com.br\/2025\/11\/19\/do-rs-para-o-brasil-a-trajetoria-do-grupo-palmares-na-construcao-do-20-de-novembro\/\">cultura afro-brasileira<\/a>, africana e ind\u00edgena nas escolas.<\/p>\n<p>Sem financiamento suficiente para execu\u00e7\u00e3o integral, a proposta enfrentou interrup\u00e7\u00f5es, agravadas por cortes de or\u00e7amento federal e pela pandemia. Como alternativa, o grupo desenvolveu uma vers\u00e3o virtual do circuito, com mapa interativo. Os pontos do trajeto foram definidos com participa\u00e7\u00e3o popular: de uma lista inicial de 26 locais, 10 foram escolhidos por vota\u00e7\u00e3o.<\/p>\n<p>Agora, o projeto avan\u00e7a com novos recursos, cerca de R$ 90 mil, provenientes de emenda parlamentar e da premia\u00e7\u00e3o no 1\u00ba Pr\u00eamio Rotas Negras, que devem viabilizar a instala\u00e7\u00e3o das placas, al\u00e9m da produ\u00e7\u00e3o de cartilha para distribui\u00e7\u00e3o nas escolas e de um document\u00e1rio. \u201cA ideia \u00e9 consolidar o circuito, institucionalizar, para que n\u00e3o dependa de gest\u00e3o\u201d, afirma Siqueira.<\/p>\n<p>O 1\u00ba Pr\u00eamio Rotas Negras, concedido em 2026, \u00e9 uma iniciativa do Minist\u00e9rio da Igualdade Racial em parceria com a Universidade Federal de Santa Maria e reconhece roteiros tur\u00edsticos baseados na hist\u00f3ria e cultura de comunidades afro-brasileiras em todo o pa\u00eds.<\/p>\n<h4 class=\"wp-block-heading\">Educa\u00e7\u00e3o, territ\u00f3rio e enfrentamento<\/h4>\n<p>A proposta envolve diretamente as escolas. \u201cA gente traz as escolas, as professoras para dentro desse projeto e passa a dar\u00a0<a href=\"https:\/\/www.brasildefato.com.br\/2025\/03\/24\/cartilha-educador-antirracista-busca-auxiliar-no-cumprimento-da-lei-10-639-03-nas-escolas-gauchas\/\" data-type=\"link\" data-id=\"https:\/\/www.brasildefato.com.br\/2025\/03\/24\/cartilha-educador-antirracista-busca-auxiliar-no-cumprimento-da-lei-10-639-03-nas-escolas-gauchas\/\">visibilidade para hist\u00f3rias<\/a>\u00a0que estavam silenciadas\u201d, afirma a coordenadora do N\u00facleo \u00c9tnico-Racial da Secretaria de Educa\u00e7\u00e3o, Rejane de Oliveira Gomes.<\/p>\n<p>&nbsp;<\/p>\n<figure id=\"attachment_8990\" aria-describedby=\"caption-attachment-8990\" style=\"width: 768px\" class=\"wp-caption aligncenter\"><img loading=\"lazy\" decoding=\"async\" class=\"size-full wp-image-8990\" src=\"https:\/\/padrejosimo.com.br\/site\/wp-content\/uploads\/2026\/04\/expo-768x576-1.webp\" alt=\"\" width=\"768\" height=\"576\" srcset=\"https:\/\/padrejosimo.com.br\/site\/wp-content\/uploads\/2026\/04\/expo-768x576-1.webp 768w, https:\/\/padrejosimo.com.br\/site\/wp-content\/uploads\/2026\/04\/expo-768x576-1-300x225.webp 300w\" sizes=\"(max-width: 768px) 100vw, 768px\" \/><figcaption id=\"caption-attachment-8990\" class=\"wp-caption-text\">Placas do projeto Caminhos Negros foram expostas no Mercado P\u00fablico na Semana do Patrim\u00f4nio 2025 de Rio Grande\u00a0|\u00a0Cr\u00e9dito: Divulga\u00e7\u00e3o\/Prefeitura de Rio Grande<\/figcaption><\/figure>\n<p>&nbsp;<\/p>\n<p>De acordo com a coordenadora, um dos impactos \u00e9 o reconhecimento de refer\u00eancias negras locais. \u201cO Caminhos traz nomes que os alunos n\u00e3o conheciam, como Carlos Santos, primeiro presidente da Assembleia Legislativa ga\u00facha e primeiro deputado negro, e Marc\u00edlio Dias, marinheiro negro.\u201d<\/p>\n<p>Ela aponta que a aus\u00eancia dessas refer\u00eancias no espa\u00e7o urbano tamb\u00e9m passa a ser questionada. \u201cA gente chega no ponto onde deveria estar a est\u00e1tua de Marc\u00edlio Dias e n\u00e3o encontra. Isso diz muito sobre o racismo estrutural.\u201d E completa: \u201cSe diz que h\u00e1 depreda\u00e7\u00e3o, mas em outros pontos com est\u00e1tuas de pessoas brancas, elas permanecem.\u201d<\/p>\n<p>Para Gomes, o projeto impacta diretamente o ambiente escolar ao reposicionar sujeitos hist\u00f3ricos. \u201cA gente se reconhece como agente, n\u00e3o objeto de estudo.\u201d Segundo ela, apesar dos obst\u00e1culos, houve avan\u00e7os institucionais.<\/p>\n<p>O n\u00facleo tamb\u00e9m se fortaleceu. \u201cAntes era assessoria, hoje \u00e9 um n\u00facleo institucionalizado.\u201d Com isso, ampliam-se as a\u00e7\u00f5es de forma\u00e7\u00e3o e projetos nas escolas. \u201cHoje se entende que essas narrativas n\u00e3o podem ser apagadas.\u201d<\/p>\n<h4 class=\"wp-block-heading\">Do mercado ao Passo dos Negros<\/h4>\n<p>O percurso come\u00e7a nas docas do Mercado P\u00fablico, onde pessoas escravizadas eram desembarcadas e comercializadas. \u201cAli come\u00e7a a dor do nosso povo\u201d, afirma Siqueira.<\/p>\n<p>A partir dali, muitos eram levados a p\u00e9, acorrentados, at\u00e9 as charqueadas de Pelotas, em um trajeto de mais de 30 quil\u00f4metros conhecido como Passo dos Negros.<\/p>\n<p>&nbsp;<\/p>\n<figure id=\"attachment_8989\" aria-describedby=\"caption-attachment-8989\" style=\"width: 768px\" class=\"wp-caption aligncenter\"><img loading=\"lazy\" decoding=\"async\" class=\"size-full wp-image-8989\" src=\"https:\/\/padrejosimo.com.br\/site\/wp-content\/uploads\/2026\/04\/caminhos-07-768x512-1.webp\" alt=\"\" width=\"768\" height=\"512\" srcset=\"https:\/\/padrejosimo.com.br\/site\/wp-content\/uploads\/2026\/04\/caminhos-07-768x512-1.webp 768w, https:\/\/padrejosimo.com.br\/site\/wp-content\/uploads\/2026\/04\/caminhos-07-768x512-1-300x200.webp 300w\" sizes=\"(max-width: 768px) 100vw, 768px\" \/><figcaption id=\"caption-attachment-8989\" class=\"wp-caption-text\">Rejane de Oliveira Gomes, Chendler Siqueira e Giovanna Pontes Farias nas docas do Mercado P\u00fablico\u00a0|\u00a0Cr\u00e9dito: Marcelo Ferreira<\/figcaption><\/figure>\n<p>&nbsp;<\/p>\n<p>Entre os pontos do circuito est\u00e1 o bairro Get\u00falio Vargas, historicamente estigmatizado e reconhecido como um dos principais territ\u00f3rios negros da cidade. Formado por trabalhadores portu\u00e1rios, se consolidou a partir da ocupa\u00e7\u00e3o de \u00e1reas de banhado. \u201cO bairro negro centen\u00e1rio, o bairro mais negro que n\u00f3s temos no munic\u00edpio, foi constru\u00eddo por trabalhadores portu\u00e1rios que n\u00e3o tinham transporte p\u00fablico eficiente na \u00e9poca. Eles ocupam um espa\u00e7o que era um banhado, constroem a Vila do Cedro, que depois se torna bairro Get\u00falio Vargas\u201d, explica Siqueira.<\/p>\n<p>Segundo o coordenador, \u00e9 nesse territ\u00f3rio que se expressa de forma mais evidente a vida comunit\u00e1ria e cultural negra na cidade. \u201cAli, toda segunda-feira, em todas as encruzilhadas, tu vai encontrar milho, pipoca e batata. No Carnaval, tem samba em todas as quadras. O\u00a0<a href=\"https:\/\/www.brasildefato.com.br\/2025\/06\/06\/crencas-evangelica-e-de-matriz-africana-crescem-mas-religiao-catolica-ainda-predomina-no-brasil-aponta-ibge\/\" data-type=\"link\" data-id=\"https:\/\/www.brasildefato.com.br\/2025\/06\/06\/crencas-evangelica-e-de-matriz-africana-crescem-mas-religiao-catolica-ainda-predomina-no-brasil-aponta-ibge\/\">terreiro \u00e9 muito presente<\/a>, o pagode, o samba s\u00e3o muito presentes. Ali se vive uma outra forma de sociedade. A crian\u00e7a de uma casa n\u00e3o \u00e9 daquela casa, \u00e9 da quadra inteira. Toda quadra cuida da crian\u00e7a, toda casa sabe da crian\u00e7a, repara a casa do vizinho.\u201d<\/p>\n<p>\u201cA gente leva as pessoas para conhecer aquele bairro que, por muitos anos, foi apontado como o mais violento da cidade. N\u00e3o \u00e9 \u00e0 toa: \u00e9 o bairro mais negro\u201d, afirma Siqueira. Ele contesta essa associa\u00e7\u00e3o: \u201cAs mortes nem aconteciam ali, mas eram atribu\u00eddas ao territ\u00f3rio.\u201d Para o coordenador, o bairro expressa outra l\u00f3gica social. \u201cAli n\u00e3o \u00e9 o indiv\u00edduo, \u00e9 o coletivo. Existe um pertencimento muito forte.\u201d O movimento negro defende o reconhecimento do bairro Get\u00falio Vargas como quilombo urbano.<\/p>\n<p>Rio Grande n\u00e3o possui hoje um territ\u00f3rio quilombola consolidado, mas h\u00e1 comunidades reconhecidas. \u201cA comunidade de Macanudos \u00e9 reconhecida, mas o territ\u00f3rio foi vendido e nunca recuperado\u201d, conta Siqueira. Segundo ele, outros quilombos aparecem na mem\u00f3ria oral, como o do Negro Lucas, nas ilhas. \u201cS\u00e3o hist\u00f3rias que n\u00e3o foram sistematizadas, mas seguem vivas.\u201d<\/p>\n<h4>\u00a0<\/h4>\n<figure id=\"attachment_8988\" aria-describedby=\"caption-attachment-8988\" style=\"width: 768px\" class=\"wp-caption aligncenter\"><img loading=\"lazy\" decoding=\"async\" class=\"size-full wp-image-8988\" src=\"https:\/\/padrejosimo.com.br\/site\/wp-content\/uploads\/2026\/04\/caminhos-10-768x512-1.webp\" alt=\"\" width=\"768\" height=\"512\" srcset=\"https:\/\/padrejosimo.com.br\/site\/wp-content\/uploads\/2026\/04\/caminhos-10-768x512-1.webp 768w, https:\/\/padrejosimo.com.br\/site\/wp-content\/uploads\/2026\/04\/caminhos-10-768x512-1-300x200.webp 300w\" sizes=\"(max-width: 768px) 100vw, 768px\" \/><figcaption id=\"caption-attachment-8988\" class=\"wp-caption-text\">Na Pra\u00e7a da Geribanda, hoje conhecida como Pra\u00e7a Tamandar\u00e9, h\u00e1 o monumento do tambor de sopapo, s\u00edmbolo de resist\u00eancia negra do Rio Grande do Sul\u00a0|\u00a0Cr\u00e9dito: Marcelo Ferreira<\/figcaption><\/figure>\n<h4>\u00a0<\/h4>\n<h4 class=\"wp-block-heading\">Mem\u00f3ria, religiosidade e apagamento<\/h4>\n<p>O projeto tamb\u00e9m evidencia como o apagamento se manifesta em elementos cotidianos da cidade. \u201cQuando se troca o nome de Largo das Quitandeiras,\u00a0<a href=\"https:\/\/www.brasildefato.com.br\/2025\/11\/21\/clubes-negros-e-quilombos-urbanos-sao-destacados-como-espacos-de-resistencia-e-cultura-em-debate-do-judiciario-gaucho\/\" data-type=\"link\" data-id=\"https:\/\/www.brasildefato.com.br\/2025\/11\/21\/clubes-negros-e-quilombos-urbanos-sao-destacados-como-espacos-de-resistencia-e-cultura-em-debate-do-judiciario-gaucho\/\">se apaga uma hist\u00f3ria inteira<\/a>\u201d, defende Siqueira. O mesmo ocorre com a antiga Pra\u00e7a da Geribanda, hoje conhecida como Pra\u00e7a Tamandar\u00e9. \u201cQuando n\u00e3o se fala, aquilo deixa de existir.\u201d<\/p>\n<p>Nesse contexto, a presen\u00e7a do Bar\u00e1 no Mercado P\u00fablico integra esse processo de visibiliza\u00e7\u00e3o. Dois momentos s\u00e3o centrais: o toque realizado em 29 de junho, iniciado por M\u00e3e M\u00e1bia de Ians\u00e3, e o assentamento do Bar\u00e1, constru\u00eddo coletivamente com lideran\u00e7as religiosas. \u201cA rela\u00e7\u00e3o entre Bar\u00e1 e o mercado \u00e9 africana. Ele \u00e9 o senhor das trocas, das negocia\u00e7\u00f5es, da comunica\u00e7\u00e3o\u201d, explica o coordenador.<\/p>\n<p>&nbsp;<\/p>\n<figure id=\"attachment_8996\" aria-describedby=\"caption-attachment-8996\" style=\"width: 768px\" class=\"wp-caption aligncenter\"><img loading=\"lazy\" decoding=\"async\" class=\"size-full wp-image-8996\" src=\"https:\/\/padrejosimo.com.br\/site\/wp-content\/uploads\/2026\/04\/bara-768x576-2.webp\" alt=\"\" width=\"768\" height=\"576\" srcset=\"https:\/\/padrejosimo.com.br\/site\/wp-content\/uploads\/2026\/04\/bara-768x576-2.webp 768w, https:\/\/padrejosimo.com.br\/site\/wp-content\/uploads\/2026\/04\/bara-768x576-2-300x225.webp 300w\" sizes=\"(max-width: 768px) 100vw, 768px\" \/><figcaption id=\"caption-attachment-8996\" class=\"wp-caption-text\">Visita do projeto ao Bar\u00e1 do Mercado\u00a0|\u00a0Cr\u00e9dito: Divulga\u00e7\u00e3o\/Prefeitura de Pelotas<\/figcaption><\/figure>\n<p>&nbsp;<\/p>\n<p>A partir dessa articula\u00e7\u00e3o, foi institu\u00edda a Semana Municipal contra a Intoler\u00e2ncia Religiosa, realizada em torno de 31 de outubro.<\/p>\n<p>Outro eixo do projeto \u00e9 a valoriza\u00e7\u00e3o de elementos da cultura de matriz africana no espa\u00e7o p\u00fablico, associado a pr\u00e1ticas de visibiliza\u00e7\u00e3o e enfrentamento \u00e0\u00a0<a href=\"https:\/\/www.brasildefato.com.br\/2026\/03\/23\/casos-de-preconceito-religioso-crescem-no-rs-e-atingem-principalmente-religioes-de-matriz-africana\/\">intoler\u00e2ncia religiosa<\/a>.<\/p>\n<p>Um dos dados mais expressivos do projeto vem do mapeamento dos terreiros. \u201cVisitamos oito bairros e j\u00e1 identificamos mais de 950 terreiros. A cidade tem mais de 50 bairros\u201d, destaca Siqueira. A estimativa inicial era de cerca de 2 mil. \u201cN\u00e3o chegamos nem na metade e j\u00e1 temos esse n\u00famero. A Secretaria da Fazenda n\u00e3o tem nem 20 cadastrados.\u201d<\/p>\n<p>&nbsp;<\/p>\n<figure id=\"attachment_8997\" aria-describedby=\"caption-attachment-8997\" style=\"width: 768px\" class=\"wp-caption aligncenter\"><img loading=\"lazy\" decoding=\"async\" class=\"size-full wp-image-8997\" src=\"https:\/\/padrejosimo.com.br\/site\/wp-content\/uploads\/2026\/04\/casa-deo-oxum-768x576-1-1.webp\" alt=\"\" width=\"768\" height=\"576\" srcset=\"https:\/\/padrejosimo.com.br\/site\/wp-content\/uploads\/2026\/04\/casa-deo-oxum-768x576-1-1.webp 768w, https:\/\/padrejosimo.com.br\/site\/wp-content\/uploads\/2026\/04\/casa-deo-oxum-768x576-1-1-300x225.webp 300w\" sizes=\"(max-width: 768px) 100vw, 768px\" \/><figcaption id=\"caption-attachment-8997\" class=\"wp-caption-text\">Visita do projeto \u00e0 Casa de Oxum Talad\u00ea, de M\u00e3e Gra\u00e7a de Oxum, no bairro Get\u00falio Vargas\u00a0|\u00a0Cr\u00e9dito: Divulga\u00e7\u00e3o\/Prefeitura de Rio Grande<\/figcaption><\/figure>\n<p>&nbsp;<\/p>\n<p>O percurso do Caminhos termina de forma deliberada em um terreiro, a Casa de Oxum Talad\u00ea, de M\u00e3e Gra\u00e7a de Oxum, no bairro Get\u00falio Vargas. \u201cMuitas pessoas resistem a entrar, porque veem como espa\u00e7o religioso\u201d, relata Siqueira. \u201cMas o terreiro \u00e9 um espa\u00e7o de salvaguarda de saberes.\u201d Ele compara: \u201cSe fosse terminar na Catedral de S\u00e3o Pedro, ningu\u00e9m questionaria.\u201d Para ele, os terreiros funcionam como \u201cquilombos urbanos\u201d, respons\u00e1veis por preservar saberes ancestrais.<\/p>\n<p>Para Rache, a compreens\u00e3o desses espa\u00e7os exige superar leituras simplificadas. \u201cA vida nos terreiros \u00e9 uma forma complexa de organiza\u00e7\u00e3o social, com valores e princ\u00edpios pr\u00f3prios.\u201d<\/p>\n<h4>\u00a0<\/h4>\n<figure id=\"attachment_8985\" aria-describedby=\"caption-attachment-8985\" style=\"width: 768px\" class=\"wp-caption aligncenter\"><img loading=\"lazy\" decoding=\"async\" class=\"size-full wp-image-8985\" src=\"https:\/\/padrejosimo.com.br\/site\/wp-content\/uploads\/2026\/04\/caminhos-13-768x512-1.webp\" alt=\"\" width=\"768\" height=\"512\" srcset=\"https:\/\/padrejosimo.com.br\/site\/wp-content\/uploads\/2026\/04\/caminhos-13-768x512-1.webp 768w, https:\/\/padrejosimo.com.br\/site\/wp-content\/uploads\/2026\/04\/caminhos-13-768x512-1-300x200.webp 300w\" sizes=\"(max-width: 768px) 100vw, 768px\" \/><figcaption id=\"caption-attachment-8985\" class=\"wp-caption-text\">Professora licenciada e secret\u00e1ria de Cultura de Rio Grande, Rita Pata Rache\u00a0|\u00a0Cr\u00e9dito: Marcelo Ferreira<\/figcaption><\/figure>\n<h4>\u00a0<\/h4>\n<h4 class=\"wp-block-heading\">Disputa por mem\u00f3ria e direito \u00e0 cidade<\/h4>\n<p>Sobre a continuidade do projeto diante de mudan\u00e7as de governo, Gomes afirma que a estrat\u00e9gia \u00e9 institucionalizar. \u201cA gente busca consolidar o trabalho, fazer com que ele seja documentado.\u201d Segundo ela, j\u00e1 h\u00e1 avan\u00e7os, como a cria\u00e7\u00e3o de um protocolo antirracista, a aprova\u00e7\u00e3o no Conselho e a elabora\u00e7\u00e3o de um documento orientador, com o objetivo de garantir base legal para a perman\u00eancia da iniciativa.<\/p>\n<p>Para Siqueira, o projeto tamb\u00e9m disputa o direito \u00e0 cidade e a forma como a hist\u00f3ria \u00e9 narrada. \u201cHoje, quando a gente olha, parece que s\u00f3 os brancos portugueses constru\u00edram tudo.\u201d<\/p>\n<p>Ele afirma que a iniciativa atua diretamente na constru\u00e7\u00e3o de identidade e no enfrentamento dessa narrativa. \u201c\u00c9 uma virada de chave: se amar, n\u00e3o ter vergonha e n\u00e3o comprar essa ideia de que \u00e9 preciso se embranquecer para ser aceito.\u201d<\/p>\n<p>Com a implementa\u00e7\u00e3o das placas, da cartilha e do document\u00e1rio, a expectativa \u00e9 consolidar o projeto no territ\u00f3rio. \u201cA ideia \u00e9 garantir que essa hist\u00f3ria n\u00e3o seja apagada novamente e que a cidade reconhe\u00e7a quem a construiu.\u201d<\/p>\n<p>&nbsp;<\/p>\n<\/div>\n<hr \/>\n<p>Esta mat\u00e9ria \u00e9 parte das a\u00e7\u00f5es do Projeto \u201cIgualdade e Cultura Negra: Vozes e Territ\u00f3rios\u201d, executado em parceria com o Minist\u00e9rio da Igualdade Racial. O apoio se d\u00e1 conforme o Termo de Fomento n\u00ba 973281, correspondente \u00e0 Meta 6 (Produ\u00e7\u00e3o de Mat\u00e9rias escritas para m\u00eddias digitais).<\/p>\n<\/div>\n","protected":false},"excerpt":{"rendered":"<p>Projeto nasce do movimento negro e articula educa\u00e7\u00e3o e mem\u00f3ria com percursos mapeados em circuito a c\u00e9u aberto<\/p>\n","protected":false},"featured_media":8994,"template":"","categorias_noticias":[3,13,7],"class_list":["post-8984","noticias","type-noticias","status-publish","has-post-thumbnail","hentry","categorias_noticias-cultural","categorias_noticias-noticias","categorias_noticias-projetos-sociais"],"acf":[],"yoast_head":"<!-- This site is optimized with the Yoast SEO plugin v27.2 - https:\/\/yoast.com\/product\/yoast-seo-wordpress\/ -->\n<title>VOZES E TERRIT\u00d3RIOS | Caminhos Negros revela hist\u00f3ria invisibilizada da popula\u00e7\u00e3o negra em Rio Grande (RS) - Instituto Cultural Padre Josimo<\/title>\n<meta name=\"robots\" content=\"index, follow, max-snippet:-1, max-image-preview:large, max-video-preview:-1\" \/>\n<link rel=\"canonical\" href=\"https:\/\/padrejosimo.com.br\/site\/noticias\/vozes-e-territorios-caminhos-negros-revela-historia-invisibilizada-da-populacao-negra-em-rio-grande-rs\/\" \/>\n<meta property=\"og:locale\" content=\"pt_BR\" \/>\n<meta property=\"og:type\" content=\"article\" \/>\n<meta property=\"og:title\" content=\"VOZES E TERRIT\u00d3RIOS | Caminhos Negros revela hist\u00f3ria invisibilizada da popula\u00e7\u00e3o negra em Rio Grande (RS) - Instituto Cultural Padre Josimo\" \/>\n<meta property=\"og:description\" content=\"Projeto nasce do movimento negro e articula educa\u00e7\u00e3o e mem\u00f3ria com percursos mapeados em circuito a c\u00e9u aberto\" \/>\n<meta property=\"og:url\" content=\"https:\/\/padrejosimo.com.br\/site\/noticias\/vozes-e-territorios-caminhos-negros-revela-historia-invisibilizada-da-populacao-negra-em-rio-grande-rs\/\" \/>\n<meta property=\"og:site_name\" content=\"Instituto Cultural Padre Josimo\" \/>\n<meta property=\"og:image\" content=\"https:\/\/padrejosimo.com.br\/site\/wp-content\/uploads\/2026\/04\/caminhos-rio-grande-capa.webp\" \/>\n\t<meta property=\"og:image:width\" content=\"1024\" \/>\n\t<meta property=\"og:image:height\" content=\"768\" \/>\n\t<meta property=\"og:image:type\" content=\"image\/webp\" \/>\n<meta name=\"twitter:card\" content=\"summary_large_image\" \/>\n<meta name=\"twitter:label1\" content=\"Est. tempo de leitura\" \/>\n\t<meta name=\"twitter:data1\" content=\"14 minutos\" \/>\n<script type=\"application\/ld+json\" class=\"yoast-schema-graph\">{\"@context\":\"https:\/\/schema.org\",\"@graph\":[{\"@type\":\"WebPage\",\"@id\":\"https:\/\/padrejosimo.com.br\/site\/noticias\/vozes-e-territorios-caminhos-negros-revela-historia-invisibilizada-da-populacao-negra-em-rio-grande-rs\/\",\"url\":\"https:\/\/padrejosimo.com.br\/site\/noticias\/vozes-e-territorios-caminhos-negros-revela-historia-invisibilizada-da-populacao-negra-em-rio-grande-rs\/\",\"name\":\"VOZES E TERRIT\u00d3RIOS | Caminhos Negros revela hist\u00f3ria invisibilizada da popula\u00e7\u00e3o negra em Rio Grande (RS) - Instituto Cultural Padre Josimo\",\"isPartOf\":{\"@id\":\"https:\/\/padrejosimo.com.br\/site\/#website\"},\"primaryImageOfPage\":{\"@id\":\"https:\/\/padrejosimo.com.br\/site\/noticias\/vozes-e-territorios-caminhos-negros-revela-historia-invisibilizada-da-populacao-negra-em-rio-grande-rs\/#primaryimage\"},\"image\":{\"@id\":\"https:\/\/padrejosimo.com.br\/site\/noticias\/vozes-e-territorios-caminhos-negros-revela-historia-invisibilizada-da-populacao-negra-em-rio-grande-rs\/#primaryimage\"},\"thumbnailUrl\":\"https:\/\/padrejosimo.com.br\/site\/wp-content\/uploads\/2026\/04\/caminhos-rio-grande-capa.webp\",\"datePublished\":\"2026-04-28T11:12:46+00:00\",\"breadcrumb\":{\"@id\":\"https:\/\/padrejosimo.com.br\/site\/noticias\/vozes-e-territorios-caminhos-negros-revela-historia-invisibilizada-da-populacao-negra-em-rio-grande-rs\/#breadcrumb\"},\"inLanguage\":\"pt-BR\",\"potentialAction\":[{\"@type\":\"ReadAction\",\"target\":[\"https:\/\/padrejosimo.com.br\/site\/noticias\/vozes-e-territorios-caminhos-negros-revela-historia-invisibilizada-da-populacao-negra-em-rio-grande-rs\/\"]}]},{\"@type\":\"ImageObject\",\"inLanguage\":\"pt-BR\",\"@id\":\"https:\/\/padrejosimo.com.br\/site\/noticias\/vozes-e-territorios-caminhos-negros-revela-historia-invisibilizada-da-populacao-negra-em-rio-grande-rs\/#primaryimage\",\"url\":\"https:\/\/padrejosimo.com.br\/site\/wp-content\/uploads\/2026\/04\/caminhos-rio-grande-capa.webp\",\"contentUrl\":\"https:\/\/padrejosimo.com.br\/site\/wp-content\/uploads\/2026\/04\/caminhos-rio-grande-capa.webp\",\"width\":1024,\"height\":768,\"caption\":\"Iniciativa tem como eixo repara\u00e7\u00e3o hist\u00f3rica e sociocultural atrav\u00e9s de a\u00e7\u00f5es educativas e foi reconhecida, em 2026, no 1\u00ba Pr\u00eamio Rotas Negras, do governo federal | Cr\u00e9dito: Divulga\u00e7\u00e3o\/Prefeitura de Rio Grande\"},{\"@type\":\"BreadcrumbList\",\"@id\":\"https:\/\/padrejosimo.com.br\/site\/noticias\/vozes-e-territorios-caminhos-negros-revela-historia-invisibilizada-da-populacao-negra-em-rio-grande-rs\/#breadcrumb\",\"itemListElement\":[{\"@type\":\"ListItem\",\"position\":1,\"name\":\"In\u00edcio\",\"item\":\"https:\/\/padrejosimo.com.br\/site\/\"},{\"@type\":\"ListItem\",\"position\":2,\"name\":\"Not\u00edcias\",\"item\":\"https:\/\/padrejosimo.com.br\/site\/noticias\/\"},{\"@type\":\"ListItem\",\"position\":3,\"name\":\"VOZES E TERRIT\u00d3RIOS | Caminhos Negros revela hist\u00f3ria invisibilizada da popula\u00e7\u00e3o negra em Rio Grande (RS)\"}]},{\"@type\":\"WebSite\",\"@id\":\"https:\/\/padrejosimo.com.br\/site\/#website\",\"url\":\"https:\/\/padrejosimo.com.br\/site\/\",\"name\":\"Instituto Cultural Padre Josimo\",\"description\":\"Comprometida com a promo\u00e7\u00e3o da justi\u00e7a social, agroecologia e educa\u00e7\u00e3o popular\",\"publisher\":{\"@id\":\"https:\/\/padrejosimo.com.br\/site\/#organization\"},\"alternateName\":\"ICPJ\",\"potentialAction\":[{\"@type\":\"SearchAction\",\"target\":{\"@type\":\"EntryPoint\",\"urlTemplate\":\"https:\/\/padrejosimo.com.br\/site\/?s={search_term_string}\"},\"query-input\":{\"@type\":\"PropertyValueSpecification\",\"valueRequired\":true,\"valueName\":\"search_term_string\"}}],\"inLanguage\":\"pt-BR\"},{\"@type\":\"Organization\",\"@id\":\"https:\/\/padrejosimo.com.br\/site\/#organization\",\"name\":\"Instituto Cultural Padre Josimo\",\"alternateName\":\"ICPJ\",\"url\":\"https:\/\/padrejosimo.com.br\/site\/\",\"logo\":{\"@type\":\"ImageObject\",\"inLanguage\":\"pt-BR\",\"@id\":\"https:\/\/padrejosimo.com.br\/site\/#\/schema\/logo\/image\/\",\"url\":\"https:\/\/padrejosimo.com.br\/site\/wp-content\/uploads\/2025\/09\/cropped-icon-icpj.png\",\"contentUrl\":\"https:\/\/padrejosimo.com.br\/site\/wp-content\/uploads\/2025\/09\/cropped-icon-icpj.png\",\"width\":512,\"height\":512,\"caption\":\"Instituto Cultural Padre Josimo\"},\"image\":{\"@id\":\"https:\/\/padrejosimo.com.br\/site\/#\/schema\/logo\/image\/\"}}]}<\/script>\n<!-- \/ Yoast SEO plugin. -->","yoast_head_json":{"title":"VOZES E TERRIT\u00d3RIOS | Caminhos Negros revela hist\u00f3ria invisibilizada da popula\u00e7\u00e3o negra em Rio Grande (RS) - Instituto Cultural Padre Josimo","robots":{"index":"index","follow":"follow","max-snippet":"max-snippet:-1","max-image-preview":"max-image-preview:large","max-video-preview":"max-video-preview:-1"},"canonical":"https:\/\/padrejosimo.com.br\/site\/noticias\/vozes-e-territorios-caminhos-negros-revela-historia-invisibilizada-da-populacao-negra-em-rio-grande-rs\/","og_locale":"pt_BR","og_type":"article","og_title":"VOZES E TERRIT\u00d3RIOS | Caminhos Negros revela hist\u00f3ria invisibilizada da popula\u00e7\u00e3o negra em Rio Grande (RS) - Instituto Cultural Padre Josimo","og_description":"Projeto nasce do movimento negro e articula educa\u00e7\u00e3o e mem\u00f3ria com percursos mapeados em circuito a c\u00e9u aberto","og_url":"https:\/\/padrejosimo.com.br\/site\/noticias\/vozes-e-territorios-caminhos-negros-revela-historia-invisibilizada-da-populacao-negra-em-rio-grande-rs\/","og_site_name":"Instituto Cultural Padre Josimo","og_image":[{"width":1024,"height":768,"url":"https:\/\/padrejosimo.com.br\/site\/wp-content\/uploads\/2026\/04\/caminhos-rio-grande-capa.webp","type":"image\/webp"}],"twitter_card":"summary_large_image","twitter_misc":{"Est. tempo de leitura":"14 minutos"},"schema":{"@context":"https:\/\/schema.org","@graph":[{"@type":"WebPage","@id":"https:\/\/padrejosimo.com.br\/site\/noticias\/vozes-e-territorios-caminhos-negros-revela-historia-invisibilizada-da-populacao-negra-em-rio-grande-rs\/","url":"https:\/\/padrejosimo.com.br\/site\/noticias\/vozes-e-territorios-caminhos-negros-revela-historia-invisibilizada-da-populacao-negra-em-rio-grande-rs\/","name":"VOZES E TERRIT\u00d3RIOS | Caminhos Negros revela hist\u00f3ria invisibilizada da popula\u00e7\u00e3o negra em Rio Grande (RS) - Instituto Cultural Padre Josimo","isPartOf":{"@id":"https:\/\/padrejosimo.com.br\/site\/#website"},"primaryImageOfPage":{"@id":"https:\/\/padrejosimo.com.br\/site\/noticias\/vozes-e-territorios-caminhos-negros-revela-historia-invisibilizada-da-populacao-negra-em-rio-grande-rs\/#primaryimage"},"image":{"@id":"https:\/\/padrejosimo.com.br\/site\/noticias\/vozes-e-territorios-caminhos-negros-revela-historia-invisibilizada-da-populacao-negra-em-rio-grande-rs\/#primaryimage"},"thumbnailUrl":"https:\/\/padrejosimo.com.br\/site\/wp-content\/uploads\/2026\/04\/caminhos-rio-grande-capa.webp","datePublished":"2026-04-28T11:12:46+00:00","breadcrumb":{"@id":"https:\/\/padrejosimo.com.br\/site\/noticias\/vozes-e-territorios-caminhos-negros-revela-historia-invisibilizada-da-populacao-negra-em-rio-grande-rs\/#breadcrumb"},"inLanguage":"pt-BR","potentialAction":[{"@type":"ReadAction","target":["https:\/\/padrejosimo.com.br\/site\/noticias\/vozes-e-territorios-caminhos-negros-revela-historia-invisibilizada-da-populacao-negra-em-rio-grande-rs\/"]}]},{"@type":"ImageObject","inLanguage":"pt-BR","@id":"https:\/\/padrejosimo.com.br\/site\/noticias\/vozes-e-territorios-caminhos-negros-revela-historia-invisibilizada-da-populacao-negra-em-rio-grande-rs\/#primaryimage","url":"https:\/\/padrejosimo.com.br\/site\/wp-content\/uploads\/2026\/04\/caminhos-rio-grande-capa.webp","contentUrl":"https:\/\/padrejosimo.com.br\/site\/wp-content\/uploads\/2026\/04\/caminhos-rio-grande-capa.webp","width":1024,"height":768,"caption":"Iniciativa tem como eixo repara\u00e7\u00e3o hist\u00f3rica e sociocultural atrav\u00e9s de a\u00e7\u00f5es educativas e foi reconhecida, em 2026, no 1\u00ba Pr\u00eamio Rotas Negras, do governo federal | Cr\u00e9dito: Divulga\u00e7\u00e3o\/Prefeitura de Rio Grande"},{"@type":"BreadcrumbList","@id":"https:\/\/padrejosimo.com.br\/site\/noticias\/vozes-e-territorios-caminhos-negros-revela-historia-invisibilizada-da-populacao-negra-em-rio-grande-rs\/#breadcrumb","itemListElement":[{"@type":"ListItem","position":1,"name":"In\u00edcio","item":"https:\/\/padrejosimo.com.br\/site\/"},{"@type":"ListItem","position":2,"name":"Not\u00edcias","item":"https:\/\/padrejosimo.com.br\/site\/noticias\/"},{"@type":"ListItem","position":3,"name":"VOZES E TERRIT\u00d3RIOS | Caminhos Negros revela hist\u00f3ria invisibilizada da popula\u00e7\u00e3o negra em Rio Grande (RS)"}]},{"@type":"WebSite","@id":"https:\/\/padrejosimo.com.br\/site\/#website","url":"https:\/\/padrejosimo.com.br\/site\/","name":"Instituto Cultural Padre Josimo","description":"Comprometida com a promo\u00e7\u00e3o da justi\u00e7a social, agroecologia e educa\u00e7\u00e3o popular","publisher":{"@id":"https:\/\/padrejosimo.com.br\/site\/#organization"},"alternateName":"ICPJ","potentialAction":[{"@type":"SearchAction","target":{"@type":"EntryPoint","urlTemplate":"https:\/\/padrejosimo.com.br\/site\/?s={search_term_string}"},"query-input":{"@type":"PropertyValueSpecification","valueRequired":true,"valueName":"search_term_string"}}],"inLanguage":"pt-BR"},{"@type":"Organization","@id":"https:\/\/padrejosimo.com.br\/site\/#organization","name":"Instituto Cultural Padre Josimo","alternateName":"ICPJ","url":"https:\/\/padrejosimo.com.br\/site\/","logo":{"@type":"ImageObject","inLanguage":"pt-BR","@id":"https:\/\/padrejosimo.com.br\/site\/#\/schema\/logo\/image\/","url":"https:\/\/padrejosimo.com.br\/site\/wp-content\/uploads\/2025\/09\/cropped-icon-icpj.png","contentUrl":"https:\/\/padrejosimo.com.br\/site\/wp-content\/uploads\/2025\/09\/cropped-icon-icpj.png","width":512,"height":512,"caption":"Instituto Cultural Padre Josimo"},"image":{"@id":"https:\/\/padrejosimo.com.br\/site\/#\/schema\/logo\/image\/"}}]}},"_links":{"self":[{"href":"https:\/\/padrejosimo.com.br\/site\/wp-json\/wp\/v2\/noticias\/8984","targetHints":{"allow":["GET"]}}],"collection":[{"href":"https:\/\/padrejosimo.com.br\/site\/wp-json\/wp\/v2\/noticias"}],"about":[{"href":"https:\/\/padrejosimo.com.br\/site\/wp-json\/wp\/v2\/types\/noticias"}],"wp:featuredmedia":[{"embeddable":true,"href":"https:\/\/padrejosimo.com.br\/site\/wp-json\/wp\/v2\/media\/8994"}],"wp:attachment":[{"href":"https:\/\/padrejosimo.com.br\/site\/wp-json\/wp\/v2\/media?parent=8984"}],"wp:term":[{"taxonomy":"categorias_noticias","embeddable":true,"href":"https:\/\/padrejosimo.com.br\/site\/wp-json\/wp\/v2\/categorias_noticias?post=8984"}],"curies":[{"name":"wp","href":"https:\/\/api.w.org\/{rel}","templated":true}]}}