{"id":8809,"date":"2026-03-16T07:17:34","date_gmt":"2026-03-16T10:17:34","guid":{"rendered":"https:\/\/padrejosimo.com.br\/site\/?post_type=noticias&#038;p=8809"},"modified":"2026-03-16T09:11:59","modified_gmt":"2026-03-16T12:11:59","slug":"saberes-do-povo-e-cuidado-com-a-vida-novo-livro-de-frei-wilson-zanatta-resgata-uso-popular-de-plantas-medicinais","status":"publish","type":"noticias","link":"https:\/\/padrejosimo.com.br\/site\/noticias\/saberes-do-povo-e-cuidado-com-a-vida-novo-livro-de-frei-wilson-zanatta-resgata-uso-popular-de-plantas-medicinais\/","title":{"rendered":"Saberes do povo e cuidado com a vida: novo livro de Frei Wilson Zanatta resgata uso popular de plantas medicinais"},"content":{"rendered":"<p><strong>\u201cPlantas Medicinais para sua Sa\u00fade\u201d re\u00fane conhecimento tradicional sobre 53 esp\u00e9cies medicinais e refor\u00e7a o v\u00ednculo entre agroecologia, cuidado comunit\u00e1rio e pr\u00e1ticas de sa\u00fade<\/strong><\/p>\n<p>&nbsp;<\/p>\n<figure id=\"attachment_8810\" aria-describedby=\"caption-attachment-8810\" style=\"width: 800px\" class=\"wp-caption aligncenter\"><img fetchpriority=\"high\" decoding=\"async\" class=\"wp-image-8810 size-large\" src=\"https:\/\/padrejosimo.com.br\/site\/wp-content\/uploads\/2026\/03\/ChatGPT-Image-16-de-mar.-de-2026-07_00_05-1024x682.png\" alt=\"\" width=\"800\" height=\"533\" srcset=\"https:\/\/padrejosimo.com.br\/site\/wp-content\/uploads\/2026\/03\/ChatGPT-Image-16-de-mar.-de-2026-07_00_05-1024x682.png 1024w, https:\/\/padrejosimo.com.br\/site\/wp-content\/uploads\/2026\/03\/ChatGPT-Image-16-de-mar.-de-2026-07_00_05-300x200.png 300w, https:\/\/padrejosimo.com.br\/site\/wp-content\/uploads\/2026\/03\/ChatGPT-Image-16-de-mar.-de-2026-07_00_05-768x512.png 768w, https:\/\/padrejosimo.com.br\/site\/wp-content\/uploads\/2026\/03\/ChatGPT-Image-16-de-mar.-de-2026-07_00_05.png 1310w\" sizes=\"(max-width: 800px) 100vw, 800px\" \/><figcaption id=\"caption-attachment-8810\" class=\"wp-caption-text\"><em>Frei Zanatta se dedica h\u00e1 mais de duas d\u00e9cadas \u00e0 pesquisa e sistematiza\u00e7\u00e3o dos saberes populares e tradicionais sobre plantas medicinais \/ Foto: Divulga\u00e7\u00e3o ICPJ<\/em><\/figcaption><\/figure>\n<p>&nbsp;<\/p>\n<p>O vapor de um ch\u00e1 rec\u00e9m-preparado sobe da x\u00edcara enquanto folhas colhidas na farm\u00e1cia viva do quintal liberam seu aroma caracter\u00edstico. Em muitas comunidades do campo e da cidade, cenas como essa fazem parte de um conhecimento antigo: o uso das plantas para cuidar da sa\u00fade. \u00c9 essa sabedoria popular que o frei capuchinho Wilson Zanatta re\u00fane no livro Plantas para sua Sa\u00fade, que apresenta 53 esp\u00e9cies medicinais e suas formas de uso no cuidado cotidiano.<\/p>\n<p>A obra nasce da conviv\u00eancia direta com comunidades, agricultores familiares, povos origin\u00e1rios e grupos populares que mant\u00eam viva a tradi\u00e7\u00e3o das hortas medicinais, ch\u00e1s, xaropes, tinturas e preparados caseiros. Ao longo de cerca de 120 p\u00e1ginas ricamente ilustradas, o livro re\u00fane conhecimento tradicional sobre 53 esp\u00e9cies medicinais, ensina a identificar atrav\u00e9s de fotografias reais, apresenta sugest\u00f5es de modos de uso e refor\u00e7a o v\u00ednculo entre agroecologia, cuidado comunit\u00e1rio e pr\u00e1ticas de sa\u00fade<\/p>\n<p>Ao longo de mais de duas d\u00e9cadas, Frei Zanatta percorreu diferentes regi\u00f5es promovendo cursos e forma\u00e7\u00f5es sobre fitoterapia, sempre articulando o conhecimento popular com estudos sobre as propriedades das plantas, sem jamais esquecer dos cuidados com a boa conviv\u00eancia, a import\u00e2ncia dos la\u00e7os comunit\u00e1rios e do trabalho realizado de forma coletiva.<\/p>\n<p>Mais do que um manual de ervas, o novo livro \u2013 \u201cPlantas Medicinais para sua Sa\u00fade\u201d \u2013 dialoga com iniciativas que v\u00eam ganhando for\u00e7a no Brasil, como as hortas comunit\u00e1rias, projetos de plantas medicinais e as chamadas farm\u00e1cias vivas, que buscam integrar esses saberes \u00e0s pol\u00edticas p\u00fablicas de sa\u00fade.<\/p>\n<p>No pr\u00f3prio Sistema \u00danico de Sa\u00fade (SUS), pr\u00e1ticas integrativas e programas de fitoterapia v\u00eam ampliando o reconhecimento do uso das plantas medicinais, aproximando ci\u00eancia, tradi\u00e7\u00e3o e cuidado comunit\u00e1rio.<\/p>\n<p>A valoriza\u00e7\u00e3o dessas pr\u00e1ticas tamb\u00e9m est\u00e1 profundamente ligada \u00e0 agroecologia. Em muitas comunidades rurais, cultivar ervas medicinais junto com alimentos faz parte de um modo de vida baseado na diversidade, no respeito \u00e0 natureza e na autonomia das fam\u00edlias.<\/p>\n<p>&nbsp;<\/p>\n<figure id=\"attachment_8813\" aria-describedby=\"caption-attachment-8813\" style=\"width: 800px\" class=\"wp-caption aligncenter\"><img decoding=\"async\" class=\"size-large wp-image-8813\" src=\"https:\/\/padrejosimo.com.br\/site\/wp-content\/uploads\/2026\/03\/ChatGPT-Image-16-de-mar.-de-2026-09_04_41-1024x683.png\" alt=\"\" width=\"800\" height=\"534\" srcset=\"https:\/\/padrejosimo.com.br\/site\/wp-content\/uploads\/2026\/03\/ChatGPT-Image-16-de-mar.-de-2026-09_04_41-1024x683.png 1024w, https:\/\/padrejosimo.com.br\/site\/wp-content\/uploads\/2026\/03\/ChatGPT-Image-16-de-mar.-de-2026-09_04_41-300x200.png 300w, https:\/\/padrejosimo.com.br\/site\/wp-content\/uploads\/2026\/03\/ChatGPT-Image-16-de-mar.-de-2026-09_04_41-768x512.png 768w, https:\/\/padrejosimo.com.br\/site\/wp-content\/uploads\/2026\/03\/ChatGPT-Image-16-de-mar.-de-2026-09_04_41.png 1397w\" sizes=\"(max-width: 800px) 100vw, 800px\" \/><figcaption id=\"caption-attachment-8813\" class=\"wp-caption-text\">Publica\u00e7\u00e3o traz imagens reais para auxiliar identifica\u00e7\u00e3o, acompanhadas de orienta\u00e7\u00f5es e indica\u00e7\u00f5es em linguagem simples, para amplo entendimento \/ Foto: Divulga\u00e7\u00e3o ICPJ<\/figcaption><\/figure>\n<p>&nbsp;<\/p>\n<p><strong>Homenagem a Frei S\u00e9rgio G\u00f6rgen<\/strong><\/p>\n<p>A nova edi\u00e7\u00e3o do livro carrega ainda um significado afetivo e pol\u00edtico especial. Frei Wilson dedicou a obra ao seu amigo e companheiro de caminhada Frei S\u00e9rgio G\u00f6rgen, refer\u00eancia das lutas populares no campo brasileiro e dirigente do Movimento dos Pequenos Agricultores (MPA), falecido recentemente.<\/p>\n<p>Durante 31 anos de amizade e milit\u00e2ncia, os dois frades compartilharam iniciativas ligadas \u00e0 agroecologia, \u00e0 organiza\u00e7\u00e3o popular e \u00e0 valoriza\u00e7\u00e3o dos saberes tradicionais. Frei S\u00e9rgio, inclusive, deixou como um de seus \u00faltimos textos in\u00e9ditos, as palavras que est\u00e3o publicadas nas \u201corelhas\u201d da obra.<\/p>\n<p>\u201cFrei Zanatta tem sido incans\u00e1vel no estudo, coleta e sistematiza\u00e7\u00e3o de informa\u00e7\u00f5es, divulga\u00e7\u00e3o e troca de experi\u00eancia com pessoas, grupos e comunidades populares sobre as caracter\u00edsticas, os benef\u00edcios e as formas de uso das plantas medicinais para a sa\u00fade humana\u201d, escreveu G\u00f6rgen.<\/p>\n<p>No texto, ele ressalta que o autor se tornou uma refer\u00eancia ao unir tradi\u00e7\u00e3o e pesquisa. \u201cAtrav\u00e9s do estudo e da pr\u00e1tica, tem se tornado um mestre da fitoterapia, combinando as sabedorias seculares do nosso povo com os conhecimentos que hoje tamb\u00e9m se desenvolvem em academias e centros de pesquisas.\u201d<\/p>\n<p>Tamb\u00e9m chama aten\u00e7\u00e3o para o fato de que recuperar esses conhecimentos significa enfrentar um modelo de sa\u00fade cada vez mais dependente da ind\u00fastria farmac\u00eautica. \u201cAs sabedorias do povo foram desprezadas por longo tempo e ainda s\u00e3o, de forma planejada e deliberada, pela ind\u00fastria da doen\u00e7a que enriquece a ind\u00fastria qu\u00edmica, enquanto a sa\u00fade do povo s\u00f3 piora.\u201d<\/p>\n<p>&nbsp;<\/p>\n<figure id=\"attachment_8811\" aria-describedby=\"caption-attachment-8811\" style=\"width: 800px\" class=\"wp-caption aligncenter\"><img decoding=\"async\" class=\"wp-image-8811 size-large\" src=\"https:\/\/padrejosimo.com.br\/site\/wp-content\/uploads\/2026\/03\/ChatGPT-Image-16-de-mar.-de-2026-07_42_37-1024x682.png\" alt=\"\" width=\"800\" height=\"533\" srcset=\"https:\/\/padrejosimo.com.br\/site\/wp-content\/uploads\/2026\/03\/ChatGPT-Image-16-de-mar.-de-2026-07_42_37-1024x682.png 1024w, https:\/\/padrejosimo.com.br\/site\/wp-content\/uploads\/2026\/03\/ChatGPT-Image-16-de-mar.-de-2026-07_42_37-300x200.png 300w, https:\/\/padrejosimo.com.br\/site\/wp-content\/uploads\/2026\/03\/ChatGPT-Image-16-de-mar.-de-2026-07_42_37-768x512.png 768w, https:\/\/padrejosimo.com.br\/site\/wp-content\/uploads\/2026\/03\/ChatGPT-Image-16-de-mar.-de-2026-07_42_37.png 1079w\" sizes=\"(max-width: 800px) 100vw, 800px\" \/><figcaption id=\"caption-attachment-8811\" class=\"wp-caption-text\">Frei Wilson Zanatta tem se destacado nos esfor\u00e7os de preserva\u00e7\u00e3o dos saberes tradicionais acumulados pelos povos dos campos, das \u00e1guas e das florestas \/ Foto: Divulga\u00e7\u00e3o ICPJ<\/figcaption><\/figure>\n<p>&nbsp;<\/p>\n<p><strong>Uma pr\u00e1tica milenar, que deve ser respeitada e propagada<\/strong><\/p>\n<p>A dimens\u00e3o hist\u00f3rica desse conhecimento tamb\u00e9m \u00e9 ressaltada pelo engenheiro Florestal e mestre em Tecnologia Ambiental, Marcelo Bernal, que assina a apresenta\u00e7\u00e3o do livro. Segundo ele, o uso medicinal das plantas acompanha a pr\u00f3pria trajet\u00f3ria da humanidade.<\/p>\n<p>\u201cO uso das plantas na promo\u00e7\u00e3o da sa\u00fade acompanha a pr\u00f3pria hist\u00f3ria da humanidade, representando um processo evolutivo e cultural presente em todas as eras da nossa esp\u00e9cie.\u201d Ao reunir informa\u00e7\u00f5es sobre dezenas de plantas medicinais, Plantas para sua Sa\u00fade busca democratizar esse conhecimento, incentivando fam\u00edlias e comunidades a cultivar ervas e retomar pr\u00e1ticas tradicionais de cuidado.<\/p>\n<p>Como escreveu Frei S\u00e9rgio G\u00f6rgen, a obra representa mais do que uma colet\u00e2nea de informa\u00e7\u00f5es: \u201cO livro \u2018Plantas para sua Sa\u00fade\u2019 n\u00e3o \u00e9 apenas uma excelente colet\u00e2nea de informa\u00e7\u00f5es sobre plantas medicinais. Ele se insere num movimento por melhor qualidade de vida para todos n\u00f3s. N\u00e3o \u00e9 s\u00f3 mais um livro, \u00e9 mais um passo no bom caminho.\u201d<\/p>\n<p>Entre hortas, quintais e cozinhas onde se preparam ch\u00e1s e rem\u00e9dios naturais, o livro reafirma um princ\u00edpio antigo: cuidar da sa\u00fade tamb\u00e9m passa por cuidar da terra, da biodiversidade e dos saberes do povo.<\/p>\n<p>&nbsp;<\/p>\n<p><strong>O que s\u00e3o as \u201cfarm\u00e1cias vivas<\/strong><\/p>\n<p>As farm\u00e1cias vivas s\u00e3o iniciativas comunit\u00e1rias ou institucionais que cultivam, processam e distribuem plantas medicinais para uso terap\u00eautico. O modelo foi desenvolvido no Brasil para integrar o conhecimento tradicional ao sistema p\u00fablico de sa\u00fade.<\/p>\n<p>Esses espa\u00e7os podem incluir hortas medicinais, viveiros, laborat\u00f3rios simples de preparo de ch\u00e1s, pomadas e extratos, al\u00e9m de atividades educativas sobre o uso correto das plantas.<\/p>\n<p>Diversos munic\u00edpios brasileiros desenvolvem experi\u00eancias desse tipo, muitas delas vinculadas ao Sistema \u00danico de Sa\u00fade (SUS) e \u00e0s pol\u00edticas de pr\u00e1ticas integrativas e complementares, fortalecendo a autonomia das comunidades no cuidado com a sa\u00fade.<\/p>\n<p>&nbsp;<\/p>\n<hr \/>\n<p>Adquira o livro diretamente da editora do Instituto Cultural Padre Josimo neste link: <span style=\"color: #ff0000;\"><strong><a style=\"color: #ff0000;\" href=\"https:\/\/loja.padrejosimo.com.br\/catalogo\/plantas-para-sua-saude\/\">Plantas Para Sua Sa\u00fade<\/a><\/strong><\/span><\/p>\n<p>Para conhecer e adquirir outros livros do Frei Wilson Zanatta, acesse a livraria online do ICPJ: <span style=\"color: #ff0000;\"><strong><a style=\"color: #ff0000;\" href=\"https:\/\/loja.padrejosimo.com.br\/\">Loja &#8211; Instituto Cultural Padre Josimo<\/a><\/strong><\/span><\/p>\n<p>&nbsp;<\/p>\n","protected":false},"excerpt":{"rendered":"<p>\u201cPlantas Para Sua Sa\u00fade\u201d, escrito por Frei Wilson Zanatta, re\u00fane o conhecimento tradicional sobre 53 plantas medicinais amplamente utilizadas por comunidades urbanas e rurais do Brasil. Cada planta \u00e9 apresentada em linguagem clara, com orienta\u00e7\u00f5es pr\u00e1ticas de identifica\u00e7\u00e3o, preparo e dicas de utiliza\u00e7\u00e3o, acompanhadas de fotos coloridas que facilitam o reconhecimento pelo leitor. Resultado de anos de viv\u00eancia comunit\u00e1ria e valida\u00e7\u00e3o popular, o livro resgata e valoriza saberes transmitidos entre gera\u00e7\u00f5es, oferecendo um guia acess\u00edvel, confi\u00e1vel e profundamente enraizado na cultura do cuidado e da rela\u00e7\u00e3o com a natureza.<\/p>\n","protected":false},"featured_media":8810,"template":"","categorias_noticias":[],"class_list":["post-8809","noticias","type-noticias","status-publish","has-post-thumbnail","hentry"],"acf":[],"yoast_head":"<!-- This site is optimized with the Yoast SEO plugin v27.2 - https:\/\/yoast.com\/product\/yoast-seo-wordpress\/ -->\n<title>Saberes do povo e cuidado com a vida: novo livro de Frei Wilson Zanatta resgata uso popular de plantas medicinais - Instituto Cultural Padre Josimo<\/title>\n<meta name=\"robots\" content=\"index, follow, max-snippet:-1, max-image-preview:large, max-video-preview:-1\" \/>\n<link rel=\"canonical\" href=\"https:\/\/padrejosimo.com.br\/site\/noticias\/saberes-do-povo-e-cuidado-com-a-vida-novo-livro-de-frei-wilson-zanatta-resgata-uso-popular-de-plantas-medicinais\/\" \/>\n<meta property=\"og:locale\" content=\"pt_BR\" \/>\n<meta property=\"og:type\" content=\"article\" \/>\n<meta property=\"og:title\" content=\"Saberes do povo e cuidado com a vida: novo livro de Frei Wilson Zanatta resgata uso popular de plantas medicinais - Instituto Cultural Padre Josimo\" \/>\n<meta property=\"og:description\" content=\"\u201cPlantas Para Sua Sa\u00fade\u201d, escrito por Frei Wilson Zanatta, re\u00fane o conhecimento tradicional sobre 53 plantas medicinais amplamente utilizadas por comunidades urbanas e rurais do Brasil. Cada planta \u00e9 apresentada em linguagem clara, com orienta\u00e7\u00f5es pr\u00e1ticas de identifica\u00e7\u00e3o, preparo e dicas de utiliza\u00e7\u00e3o, acompanhadas de fotos coloridas que facilitam o reconhecimento pelo leitor. Resultado de anos de viv\u00eancia comunit\u00e1ria e valida\u00e7\u00e3o popular, o livro resgata e valoriza saberes transmitidos entre gera\u00e7\u00f5es, oferecendo um guia acess\u00edvel, confi\u00e1vel e profundamente enraizado na cultura do cuidado e da rela\u00e7\u00e3o com a natureza.\" \/>\n<meta property=\"og:url\" content=\"https:\/\/padrejosimo.com.br\/site\/noticias\/saberes-do-povo-e-cuidado-com-a-vida-novo-livro-de-frei-wilson-zanatta-resgata-uso-popular-de-plantas-medicinais\/\" \/>\n<meta property=\"og:site_name\" content=\"Instituto Cultural Padre Josimo\" \/>\n<meta property=\"article:modified_time\" content=\"2026-03-16T12:11:59+00:00\" \/>\n<meta property=\"og:image\" content=\"https:\/\/padrejosimo.com.br\/site\/wp-content\/uploads\/2026\/03\/ChatGPT-Image-16-de-mar.-de-2026-07_00_05.png\" \/>\n\t<meta property=\"og:image:width\" content=\"1310\" \/>\n\t<meta property=\"og:image:height\" content=\"873\" \/>\n\t<meta property=\"og:image:type\" content=\"image\/png\" \/>\n<meta name=\"twitter:card\" content=\"summary_large_image\" \/>\n<meta name=\"twitter:label1\" content=\"Est. tempo de leitura\" \/>\n\t<meta name=\"twitter:data1\" content=\"6 minutos\" \/>\n<script type=\"application\/ld+json\" class=\"yoast-schema-graph\">{\"@context\":\"https:\/\/schema.org\",\"@graph\":[{\"@type\":\"WebPage\",\"@id\":\"https:\/\/padrejosimo.com.br\/site\/noticias\/saberes-do-povo-e-cuidado-com-a-vida-novo-livro-de-frei-wilson-zanatta-resgata-uso-popular-de-plantas-medicinais\/\",\"url\":\"https:\/\/padrejosimo.com.br\/site\/noticias\/saberes-do-povo-e-cuidado-com-a-vida-novo-livro-de-frei-wilson-zanatta-resgata-uso-popular-de-plantas-medicinais\/\",\"name\":\"Saberes do povo e cuidado com a vida: novo livro de Frei Wilson Zanatta resgata uso popular de plantas medicinais - Instituto Cultural Padre Josimo\",\"isPartOf\":{\"@id\":\"https:\/\/padrejosimo.com.br\/site\/#website\"},\"primaryImageOfPage\":{\"@id\":\"https:\/\/padrejosimo.com.br\/site\/noticias\/saberes-do-povo-e-cuidado-com-a-vida-novo-livro-de-frei-wilson-zanatta-resgata-uso-popular-de-plantas-medicinais\/#primaryimage\"},\"image\":{\"@id\":\"https:\/\/padrejosimo.com.br\/site\/noticias\/saberes-do-povo-e-cuidado-com-a-vida-novo-livro-de-frei-wilson-zanatta-resgata-uso-popular-de-plantas-medicinais\/#primaryimage\"},\"thumbnailUrl\":\"https:\/\/padrejosimo.com.br\/site\/wp-content\/uploads\/2026\/03\/ChatGPT-Image-16-de-mar.-de-2026-07_00_05.png\",\"datePublished\":\"2026-03-16T10:17:34+00:00\",\"dateModified\":\"2026-03-16T12:11:59+00:00\",\"breadcrumb\":{\"@id\":\"https:\/\/padrejosimo.com.br\/site\/noticias\/saberes-do-povo-e-cuidado-com-a-vida-novo-livro-de-frei-wilson-zanatta-resgata-uso-popular-de-plantas-medicinais\/#breadcrumb\"},\"inLanguage\":\"pt-BR\",\"potentialAction\":[{\"@type\":\"ReadAction\",\"target\":[\"https:\/\/padrejosimo.com.br\/site\/noticias\/saberes-do-povo-e-cuidado-com-a-vida-novo-livro-de-frei-wilson-zanatta-resgata-uso-popular-de-plantas-medicinais\/\"]}]},{\"@type\":\"ImageObject\",\"inLanguage\":\"pt-BR\",\"@id\":\"https:\/\/padrejosimo.com.br\/site\/noticias\/saberes-do-povo-e-cuidado-com-a-vida-novo-livro-de-frei-wilson-zanatta-resgata-uso-popular-de-plantas-medicinais\/#primaryimage\",\"url\":\"https:\/\/padrejosimo.com.br\/site\/wp-content\/uploads\/2026\/03\/ChatGPT-Image-16-de-mar.-de-2026-07_00_05.png\",\"contentUrl\":\"https:\/\/padrejosimo.com.br\/site\/wp-content\/uploads\/2026\/03\/ChatGPT-Image-16-de-mar.-de-2026-07_00_05.png\",\"width\":1310,\"height\":873},{\"@type\":\"BreadcrumbList\",\"@id\":\"https:\/\/padrejosimo.com.br\/site\/noticias\/saberes-do-povo-e-cuidado-com-a-vida-novo-livro-de-frei-wilson-zanatta-resgata-uso-popular-de-plantas-medicinais\/#breadcrumb\",\"itemListElement\":[{\"@type\":\"ListItem\",\"position\":1,\"name\":\"In\u00edcio\",\"item\":\"https:\/\/padrejosimo.com.br\/site\/\"},{\"@type\":\"ListItem\",\"position\":2,\"name\":\"Not\u00edcias\",\"item\":\"https:\/\/padrejosimo.com.br\/site\/noticias\/\"},{\"@type\":\"ListItem\",\"position\":3,\"name\":\"Saberes do povo e cuidado com a vida: novo livro de Frei Wilson Zanatta resgata uso popular de plantas medicinais\"}]},{\"@type\":\"WebSite\",\"@id\":\"https:\/\/padrejosimo.com.br\/site\/#website\",\"url\":\"https:\/\/padrejosimo.com.br\/site\/\",\"name\":\"Instituto Cultural Padre Josimo\",\"description\":\"Comprometida com a promo\u00e7\u00e3o da justi\u00e7a social, agroecologia e educa\u00e7\u00e3o popular\",\"publisher\":{\"@id\":\"https:\/\/padrejosimo.com.br\/site\/#organization\"},\"alternateName\":\"ICPJ\",\"potentialAction\":[{\"@type\":\"SearchAction\",\"target\":{\"@type\":\"EntryPoint\",\"urlTemplate\":\"https:\/\/padrejosimo.com.br\/site\/?s={search_term_string}\"},\"query-input\":{\"@type\":\"PropertyValueSpecification\",\"valueRequired\":true,\"valueName\":\"search_term_string\"}}],\"inLanguage\":\"pt-BR\"},{\"@type\":\"Organization\",\"@id\":\"https:\/\/padrejosimo.com.br\/site\/#organization\",\"name\":\"Instituto Cultural Padre Josimo\",\"alternateName\":\"ICPJ\",\"url\":\"https:\/\/padrejosimo.com.br\/site\/\",\"logo\":{\"@type\":\"ImageObject\",\"inLanguage\":\"pt-BR\",\"@id\":\"https:\/\/padrejosimo.com.br\/site\/#\/schema\/logo\/image\/\",\"url\":\"https:\/\/padrejosimo.com.br\/site\/wp-content\/uploads\/2025\/09\/cropped-icon-icpj.png\",\"contentUrl\":\"https:\/\/padrejosimo.com.br\/site\/wp-content\/uploads\/2025\/09\/cropped-icon-icpj.png\",\"width\":512,\"height\":512,\"caption\":\"Instituto Cultural Padre Josimo\"},\"image\":{\"@id\":\"https:\/\/padrejosimo.com.br\/site\/#\/schema\/logo\/image\/\"}}]}<\/script>\n<!-- \/ Yoast SEO plugin. -->","yoast_head_json":{"title":"Saberes do povo e cuidado com a vida: novo livro de Frei Wilson Zanatta resgata uso popular de plantas medicinais - Instituto Cultural Padre Josimo","robots":{"index":"index","follow":"follow","max-snippet":"max-snippet:-1","max-image-preview":"max-image-preview:large","max-video-preview":"max-video-preview:-1"},"canonical":"https:\/\/padrejosimo.com.br\/site\/noticias\/saberes-do-povo-e-cuidado-com-a-vida-novo-livro-de-frei-wilson-zanatta-resgata-uso-popular-de-plantas-medicinais\/","og_locale":"pt_BR","og_type":"article","og_title":"Saberes do povo e cuidado com a vida: novo livro de Frei Wilson Zanatta resgata uso popular de plantas medicinais - Instituto Cultural Padre Josimo","og_description":"\u201cPlantas Para Sua Sa\u00fade\u201d, escrito por Frei Wilson Zanatta, re\u00fane o conhecimento tradicional sobre 53 plantas medicinais amplamente utilizadas por comunidades urbanas e rurais do Brasil. Cada planta \u00e9 apresentada em linguagem clara, com orienta\u00e7\u00f5es pr\u00e1ticas de identifica\u00e7\u00e3o, preparo e dicas de utiliza\u00e7\u00e3o, acompanhadas de fotos coloridas que facilitam o reconhecimento pelo leitor. Resultado de anos de viv\u00eancia comunit\u00e1ria e valida\u00e7\u00e3o popular, o livro resgata e valoriza saberes transmitidos entre gera\u00e7\u00f5es, oferecendo um guia acess\u00edvel, confi\u00e1vel e profundamente enraizado na cultura do cuidado e da rela\u00e7\u00e3o com a natureza.","og_url":"https:\/\/padrejosimo.com.br\/site\/noticias\/saberes-do-povo-e-cuidado-com-a-vida-novo-livro-de-frei-wilson-zanatta-resgata-uso-popular-de-plantas-medicinais\/","og_site_name":"Instituto Cultural Padre Josimo","article_modified_time":"2026-03-16T12:11:59+00:00","og_image":[{"width":1310,"height":873,"url":"https:\/\/padrejosimo.com.br\/site\/wp-content\/uploads\/2026\/03\/ChatGPT-Image-16-de-mar.-de-2026-07_00_05.png","type":"image\/png"}],"twitter_card":"summary_large_image","twitter_misc":{"Est. tempo de leitura":"6 minutos"},"schema":{"@context":"https:\/\/schema.org","@graph":[{"@type":"WebPage","@id":"https:\/\/padrejosimo.com.br\/site\/noticias\/saberes-do-povo-e-cuidado-com-a-vida-novo-livro-de-frei-wilson-zanatta-resgata-uso-popular-de-plantas-medicinais\/","url":"https:\/\/padrejosimo.com.br\/site\/noticias\/saberes-do-povo-e-cuidado-com-a-vida-novo-livro-de-frei-wilson-zanatta-resgata-uso-popular-de-plantas-medicinais\/","name":"Saberes do povo e cuidado com a vida: novo livro de Frei Wilson Zanatta resgata uso popular de plantas medicinais - Instituto Cultural Padre Josimo","isPartOf":{"@id":"https:\/\/padrejosimo.com.br\/site\/#website"},"primaryImageOfPage":{"@id":"https:\/\/padrejosimo.com.br\/site\/noticias\/saberes-do-povo-e-cuidado-com-a-vida-novo-livro-de-frei-wilson-zanatta-resgata-uso-popular-de-plantas-medicinais\/#primaryimage"},"image":{"@id":"https:\/\/padrejosimo.com.br\/site\/noticias\/saberes-do-povo-e-cuidado-com-a-vida-novo-livro-de-frei-wilson-zanatta-resgata-uso-popular-de-plantas-medicinais\/#primaryimage"},"thumbnailUrl":"https:\/\/padrejosimo.com.br\/site\/wp-content\/uploads\/2026\/03\/ChatGPT-Image-16-de-mar.-de-2026-07_00_05.png","datePublished":"2026-03-16T10:17:34+00:00","dateModified":"2026-03-16T12:11:59+00:00","breadcrumb":{"@id":"https:\/\/padrejosimo.com.br\/site\/noticias\/saberes-do-povo-e-cuidado-com-a-vida-novo-livro-de-frei-wilson-zanatta-resgata-uso-popular-de-plantas-medicinais\/#breadcrumb"},"inLanguage":"pt-BR","potentialAction":[{"@type":"ReadAction","target":["https:\/\/padrejosimo.com.br\/site\/noticias\/saberes-do-povo-e-cuidado-com-a-vida-novo-livro-de-frei-wilson-zanatta-resgata-uso-popular-de-plantas-medicinais\/"]}]},{"@type":"ImageObject","inLanguage":"pt-BR","@id":"https:\/\/padrejosimo.com.br\/site\/noticias\/saberes-do-povo-e-cuidado-com-a-vida-novo-livro-de-frei-wilson-zanatta-resgata-uso-popular-de-plantas-medicinais\/#primaryimage","url":"https:\/\/padrejosimo.com.br\/site\/wp-content\/uploads\/2026\/03\/ChatGPT-Image-16-de-mar.-de-2026-07_00_05.png","contentUrl":"https:\/\/padrejosimo.com.br\/site\/wp-content\/uploads\/2026\/03\/ChatGPT-Image-16-de-mar.-de-2026-07_00_05.png","width":1310,"height":873},{"@type":"BreadcrumbList","@id":"https:\/\/padrejosimo.com.br\/site\/noticias\/saberes-do-povo-e-cuidado-com-a-vida-novo-livro-de-frei-wilson-zanatta-resgata-uso-popular-de-plantas-medicinais\/#breadcrumb","itemListElement":[{"@type":"ListItem","position":1,"name":"In\u00edcio","item":"https:\/\/padrejosimo.com.br\/site\/"},{"@type":"ListItem","position":2,"name":"Not\u00edcias","item":"https:\/\/padrejosimo.com.br\/site\/noticias\/"},{"@type":"ListItem","position":3,"name":"Saberes do povo e cuidado com a vida: novo livro de Frei Wilson Zanatta resgata uso popular de plantas medicinais"}]},{"@type":"WebSite","@id":"https:\/\/padrejosimo.com.br\/site\/#website","url":"https:\/\/padrejosimo.com.br\/site\/","name":"Instituto Cultural Padre Josimo","description":"Comprometida com a promo\u00e7\u00e3o da justi\u00e7a social, agroecologia e educa\u00e7\u00e3o popular","publisher":{"@id":"https:\/\/padrejosimo.com.br\/site\/#organization"},"alternateName":"ICPJ","potentialAction":[{"@type":"SearchAction","target":{"@type":"EntryPoint","urlTemplate":"https:\/\/padrejosimo.com.br\/site\/?s={search_term_string}"},"query-input":{"@type":"PropertyValueSpecification","valueRequired":true,"valueName":"search_term_string"}}],"inLanguage":"pt-BR"},{"@type":"Organization","@id":"https:\/\/padrejosimo.com.br\/site\/#organization","name":"Instituto Cultural Padre Josimo","alternateName":"ICPJ","url":"https:\/\/padrejosimo.com.br\/site\/","logo":{"@type":"ImageObject","inLanguage":"pt-BR","@id":"https:\/\/padrejosimo.com.br\/site\/#\/schema\/logo\/image\/","url":"https:\/\/padrejosimo.com.br\/site\/wp-content\/uploads\/2025\/09\/cropped-icon-icpj.png","contentUrl":"https:\/\/padrejosimo.com.br\/site\/wp-content\/uploads\/2025\/09\/cropped-icon-icpj.png","width":512,"height":512,"caption":"Instituto Cultural Padre Josimo"},"image":{"@id":"https:\/\/padrejosimo.com.br\/site\/#\/schema\/logo\/image\/"}}]}},"_links":{"self":[{"href":"https:\/\/padrejosimo.com.br\/site\/wp-json\/wp\/v2\/noticias\/8809","targetHints":{"allow":["GET"]}}],"collection":[{"href":"https:\/\/padrejosimo.com.br\/site\/wp-json\/wp\/v2\/noticias"}],"about":[{"href":"https:\/\/padrejosimo.com.br\/site\/wp-json\/wp\/v2\/types\/noticias"}],"wp:featuredmedia":[{"embeddable":true,"href":"https:\/\/padrejosimo.com.br\/site\/wp-json\/wp\/v2\/media\/8810"}],"wp:attachment":[{"href":"https:\/\/padrejosimo.com.br\/site\/wp-json\/wp\/v2\/media?parent=8809"}],"wp:term":[{"taxonomy":"categorias_noticias","embeddable":true,"href":"https:\/\/padrejosimo.com.br\/site\/wp-json\/wp\/v2\/categorias_noticias?post=8809"}],"curies":[{"name":"wp","href":"https:\/\/api.w.org\/{rel}","templated":true}]}}