{"id":8806,"date":"2026-03-13T11:46:32","date_gmt":"2026-03-13T14:46:32","guid":{"rendered":"https:\/\/padrejosimo.com.br\/site\/?post_type=noticias&#038;p=8806"},"modified":"2026-03-13T11:49:17","modified_gmt":"2026-03-13T14:49:17","slug":"programa-ecoforte-assina-dois-convenios-para-fortalecer-redes-camponesas-de-agroecologia-no-rs","status":"publish","type":"noticias","link":"https:\/\/padrejosimo.com.br\/site\/noticias\/programa-ecoforte-assina-dois-convenios-para-fortalecer-redes-camponesas-de-agroecologia-no-rs\/","title":{"rendered":"Programa Ecoforte assina dois conv\u00eanios para fortalecer redes camponesas de agroecologia no RS"},"content":{"rendered":"<p><img fetchpriority=\"high\" decoding=\"async\" class=\"size-full wp-image-8807 aligncenter\" src=\"https:\/\/padrejosimo.com.br\/site\/wp-content\/uploads\/2026\/03\/imagem.png\" alt=\"\" width=\"1024\" height=\"768\" srcset=\"https:\/\/padrejosimo.com.br\/site\/wp-content\/uploads\/2026\/03\/imagem.png 1024w, https:\/\/padrejosimo.com.br\/site\/wp-content\/uploads\/2026\/03\/imagem-300x225.png 300w, https:\/\/padrejosimo.com.br\/site\/wp-content\/uploads\/2026\/03\/imagem-768x576.png 768w\" sizes=\"(max-width: 1024px) 100vw, 1024px\" \/><\/p>\n<p>&nbsp;<\/p>\n<blockquote>\n<p><strong>\u00a0<em>Funda\u00e7\u00e3o BB e BNDES celebrar\u00e3o, neste s\u00e1bado (14), em Seberi (RS), parceria com a Cooperbio e o Instituto Cultural Padre Josimo<\/em><\/strong><\/p>\n<\/blockquote>\n<p>&nbsp;<\/p>\n<p>Marcos Antonio Corbari \/ ICPJ<\/p>\n<p>&nbsp;<\/p>\n<p>Duas iniciativas voltadas ao fortalecimento da agroecologia e da produ\u00e7\u00e3o de alimentos saud\u00e1veis no Rio Grande do Sul receber\u00e3o mais de R$ 4 milh\u00f5es em investimentos por meio de conv\u00eanios assinados no dia 6 de mar\u00e7o entre a Funda\u00e7\u00e3o Banco do Brasil (Funda\u00e7\u00e3o BB) e organiza\u00e7\u00f5es da agricultura familiar camponesa.<\/p>\n<p>Os conv\u00eanios foram firmados com a Cooperativa Mista de Produ\u00e7\u00e3o, Industrializa\u00e7\u00e3o e Comercializa\u00e7\u00e3o de Biocombust\u00edveis do Brasil (Cooperbio) e com o Instituto Cultural Padre Josimo (ICPJ). A soleniza\u00e7\u00e3o p\u00fablica das parcerias ser\u00e1 realizada no dia 14 de mar\u00e7o, durante a 9\u00aa Festa da Semente Crioula e 4\u00aa Feira da Economia Solid\u00e1ria da Cooperbio, em Seberi, no norte do Rio Grande do Sul.<\/p>\n<p>A cerim\u00f4nia contar\u00e1 com a presen\u00e7a do presidente da Funda\u00e7\u00e3o Banco do Brasil, Andr\u00e9 Castelo Branco Machado, que vir\u00e1 de Bras\u00edlia para participar do evento e de representante do Banco Nacional de Desenvolvimento Econ\u00f4mico e Social &#8211; BNDES e oficializar a assinatura dos conv\u00eanios junto \u00e0s organiza\u00e7\u00f5es parceiras. Outras autoridades vinculadas ao Governo Federal tamb\u00e9m foram convidadas, bem como deputados federais e estaduais, e ainda lideran\u00e7as locais e regionais.<\/p>\n<p>&nbsp;<\/p>\n<p><strong>Apoio \u00e0 produ\u00e7\u00e3o de alimentos saud\u00e1veis e \u00e0 economia camponesa<\/strong><\/p>\n<p>O conv\u00eanio firmado com a Cooperbio, presidida por Luiza Pigozzi, prev\u00ea investimento de R$ 1,8 milh\u00e3o no projeto \u201cEcoforte Redes: Estrutura\u00e7\u00e3o e Fortalecimento da Rede Alimergia\u201d. A iniciativa busca ampliar pr\u00e1ticas de manejo sustent\u00e1vel da sociobiodiversidade e fortalecer sistemas produtivos org\u00e2nicos e agroecol\u00f3gicos na regi\u00e3o.<\/p>\n<p>J\u00e1 o conv\u00eanio com o Instituto Cultural Padre Josimo, que tem como novo coordenador o frade capuchinho Wilson Zanatta, destina R$ 2,35 milh\u00f5es ao projeto \u201cEcoforte Redes \u2013 Estrutura\u00e7\u00e3o e Fortalecimento da Rede Camponesa de Agroecologia (RS)\u201d. A proposta envolve fam\u00edlias agricultoras, assentamentos da reforma agr\u00e1ria e comunidades quilombolas, com a\u00e7\u00f5es voltadas \u00e0 produ\u00e7\u00e3o sustent\u00e1vel, forma\u00e7\u00e3o t\u00e9cnica e fortalecimento das redes de comercializa\u00e7\u00e3o solid\u00e1ria.<\/p>\n<p>Os dois projetos fazem parte do Ecoforte \u2013 Programa de Fortalecimento e Amplia\u00e7\u00e3o das Redes de Agroecologia, Extrativismo e Produ\u00e7\u00e3o Org\u00e2nica, iniciativa apoiada\u00a0pela Funda\u00e7\u00e3o Banco do Brasil e BNDES e, que apoia redes territoriais voltadas \u00e0 agroecologia e ao manejo sustent\u00e1vel da sociobiodiversidade.<\/p>\n<p>&nbsp;<\/p>\n<p><strong>Agroecologia e soberania alimentar como projeto de pa\u00eds<\/strong><\/p>\n<p>Para as organiza\u00e7\u00f5es envolvidas, os conv\u00eanios representam mais do que investimento financeiro: s\u00e3o parte de um processo coletivo de constru\u00e7\u00e3o de um modelo de desenvolvimento baseado na agroecologia, na coopera\u00e7\u00e3o e na autonomia das comunidades do campo.<\/p>\n<p>A organiza\u00e7\u00e3o de redes territoriais de produ\u00e7\u00e3o e circula\u00e7\u00e3o de alimentos saud\u00e1veis fortalece a economia local, amplia a renda das fam\u00edlias agricultoras e contribui para garantir \u00e0 popula\u00e7\u00e3o acesso a comida de verdade.<\/p>\n<p>Nesse contexto, iniciativas desse tipo tamb\u00e9m reafirmam o papel estrat\u00e9gico da agricultura familiar e camponesa na garantia da soberania alimentar \u2014 princ\u00edpio que defende o direito dos povos de decidir sobre seus pr\u00f3prios sistemas de produ\u00e7\u00e3o e consumo de alimentos, respeitando os territ\u00f3rios, os saberes tradicionais e a natureza.<\/p>\n<p>&nbsp;<\/p>\n<p><strong>Sementes crioulas: patrim\u00f4nio dos povos do campo<\/strong><\/p>\n<p>A celebra\u00e7\u00e3o dos conv\u00eanios ocorrer\u00e1 durante a 9\u00aa Festa da Semente Crioula e 4\u00aa Feira da Economia Solid\u00e1ria da Cooperbio, evento que re\u00fane agricultores, cooperativas, movimentos sociais e organiza\u00e7\u00f5es populares em defesa da biodiversidade e da agricultura camponesa.<\/p>\n<p>As sementes crioulas, conservadas e multiplicadas pelas fam\u00edlias agricultoras ao longo de gera\u00e7\u00f5es, s\u00e3o consideradas patrim\u00f4nio dos povos do campo. Elas representam diversidade gen\u00e9tica, autonomia produtiva e resist\u00eancia frente ao avan\u00e7o do controle corporativo sobre a produ\u00e7\u00e3o agr\u00edcola.<\/p>\n<p>A festa se consolidou como um espa\u00e7o de troca de sementes, saberes e experi\u00eancias agroecol\u00f3gicas, al\u00e9m de fortalecer a comercializa\u00e7\u00e3o direta de alimentos produzidos pela agricultura familiar.<\/p>\n<p>&nbsp;<\/p>\n<p><strong>Projeto carrega legado de Frei S\u00e9rgio G\u00f6rgen<\/strong><\/p>\n<p>Tanto Wilson Zanatta quanto Luiza Pigozzi destacam a import\u00e2ncia do legado de Frei S\u00e9rgio para ambos os projetos, que reverberam ideais hist\u00f3ricos que o l\u00edder religioso e dirigente social sempre teve como pontos centrais de luta.<\/p>\n<p>Zanatta destaca que seu irm\u00e3o de vida e lutas sempre afirmava que \u201cem meio \u00e0 crise clim\u00e1tica, as iniciativas da agricultura familiar e camponesa constroem caminhos concretos de produ\u00e7\u00e3o de alimentos saud\u00e1veis, preserva\u00e7\u00e3o da biodiversidade e fortalecimento da soberania alimentar\u201d.<\/p>\n<p>J\u00e1 Pigozzi lembra que \u201cOs projetos fortalecem redes camponesas, ampliam a produ\u00e7\u00e3o agroecol\u00f3gica e d\u00e3o continuidade ao legado de organiza\u00e7\u00e3o popular constru\u00eddo por Frei S\u00e9rgio G\u00f6rgen a partir do RS e que se disseminam por todo o pa\u00eds.\u201d<\/p>\n<p>Frei S\u00e9rgio G\u00f6rgen foi um frade franciscano da Ordem Menor, militante hist\u00f3rico da luta pela reforma agr\u00e1ria e uma das principais refer\u00eancias da agroecologia e da organiza\u00e7\u00e3o camponesa no Brasil. Ao longo de d\u00e9cadas, atuou junto a movimentos populares do campo, defendendo a soberania alimentar, a preserva\u00e7\u00e3o da biodiversidade e a constru\u00e7\u00e3o de alternativas ao modelo concentrador da\u00a0agricultura de monocultivo.<\/p>\n<p>Para integrantes da rede de agroecologia, a implementa\u00e7\u00e3o do projeto tamb\u00e9m representa a continuidade de um processo coletivo que Frei S\u00e9rgio ajudou a construir ao longo de sua trajet\u00f3ria. Relembra uma fala recente protagonizada por ele: \u201cSem a\u00a0terra, sem o\u00a0campon\u00eas e sem a\u00a0agroecologia n\u00e3o existe soberania alimentar. O futuro da alimenta\u00e7\u00e3o do povo brasileiro nasce nas m\u00e3os de quem cultiva a terra.\u201d<\/p>\n<p>&nbsp;<\/p>\n<hr \/>\n<p><strong>O que \u00e9 o Programa Ecoforte?<\/strong><\/p>\n<p>O Ecoforte \u2013 Programa de Fortalecimento e Amplia\u00e7\u00e3o das Redes de Agroecologia, Extrativismo e Produ\u00e7\u00e3o Org\u00e2nica \u00e9 o principal instrumento da Pol\u00edtica Nacional de Agroecologia e Produ\u00e7\u00e3o Org\u00e2nica do governo federal para o apoio \u00e0 agroecologia e transi\u00e7\u00e3o de sistemas alimentares.<\/p>\n<p>O programa \u00e9 apoiado com recursos da Funda\u00e7\u00e3o Banco do Brasil e do<strong>\u00a0BNDES<\/strong>\u00a0e executado pelas institui\u00e7\u00f5es cujas propostas foram selecionadas no edital de sele\u00e7\u00e3o p\u00fablica. O Programa ECOFORTE integra a Pol\u00edtica Nacional de Agroecologia e Produ\u00e7\u00e3o Org\u00e2nica (PNAPO) e os Planos Nacionais de Agroecologia e Produ\u00e7\u00e3o Org\u00e2nica (PLANAPO), focando no fortalecimento de redes, cooperativas e organiza\u00e7\u00f5es de produ\u00e7\u00e3o org\u00e2nica e extrativismo.<\/p>\n<p>A iniciativa apoia, por meio de investimento social, projetos coletivos organizados em redes territoriais formadas por agricultores familiares, cooperativas, movimentos sociais, povos tradicionais e organiza\u00e7\u00f5es da sociedade civil.<\/p>\n<p><strong>Andr\u00e9 Machado<\/strong>, presidente da Funda\u00e7\u00e3o BB destaca a import\u00e2ncia da parceria com o BNDES no Edital Ecoforte. \u201cEstas duas iniciativas celebradas aqui em terras ga\u00fachas fortalecem redes de agroecologia e produ\u00e7\u00e3o org\u00e2nica, ampliam a oferta de alimentos saud\u00e1veis e promovem autonomia para agricultores e comunidades tradicionais. Seguimos comprometidos com a transi\u00e7\u00e3o agroecol\u00f3gica e o desenvolvimento sustent\u00e1vel dos territ\u00f3rios.\u201d<\/p>\n<p>\u201cA agroecologia e a soberania alimentar s\u00e3o pilares estrat\u00e9gicos para o desenvolvimento sustent\u00e1vel, a transi\u00e7\u00e3o ecol\u00f3gica e o combate \u00e0 fome\u201d, ponderou o presidente do BNDES, Aloizio Mercadante. \u201cOs conv\u00eanios que estamos firmando neste s\u00e1bado destinar\u00e3o mais de R$ 4 milh\u00f5es a agricultores familiares, assentamentos de reforma agr\u00e1ria e comunidades quilombolas para produzir mais alimentos saud\u00e1veis de forma sustent\u00e1vel\u201d.<\/p>\n<p>Entre as a\u00e7\u00f5es apoiadas est\u00e3o: implanta\u00e7\u00e3o de unidades de refer\u00eancia agroecol\u00f3gica; forma\u00e7\u00e3o e interc\u00e2mbio entre agricultores; fortalecimento de redes de produ\u00e7\u00e3o e comercializa\u00e7\u00e3o; manejo sustent\u00e1vel da sociobiodiversidade; amplia\u00e7\u00e3o da produ\u00e7\u00e3o de alimentos saud\u00e1veis.<\/p>\n<p>O objetivo \u00e9 fortalecer a transi\u00e7\u00e3o agroecol\u00f3gica, a autonomia econ\u00f4mica das comunidades do campo e a amplia\u00e7\u00e3o do acesso da popula\u00e7\u00e3o a alimentos livres de agrot\u00f3xicos. \u00a0<\/p>\n<p>&nbsp;<\/p>\n<hr \/>\n<p><strong>Servi\u00e7o:<\/strong><\/p>\n<p>9\u00aa Festa da Semente Crioula e 4\u00aa Feira da Economia Solid\u00e1ria da Cooperbio<\/p>\n<p>Data: 14 de mar\u00e7o de 2026 (s\u00e1bado)<\/p>\n<p>Local: Cooperbio \u2013 Seberi (RS)<\/p>\n<p>Atividades: troca e preserva\u00e7\u00e3o de sementes crioulas; feira da economia solid\u00e1ria; debates sobre agroecologia e soberania alimentar; soleniza\u00e7\u00e3o dos conv\u00eanios do Programa Ecoforte com a Funda\u00e7\u00e3o Banco do Brasil e Fundo Socioambiental do BNDES.<\/p>\n<p>O encontro re\u00fane agricultores, cooperativas, movimentos sociais e organiza\u00e7\u00f5es populares em defesa da biodiversidade, da agroecologia e da produ\u00e7\u00e3o de alimentos saud\u00e1veis.<\/p>\n<p>Para mais informa\u00e7\u00f5es sobre a Festa e Feira: (55) 9 9938 7833<\/p>\n<p>&nbsp;<\/p>\n","protected":false},"excerpt":{"rendered":"<p>&nbsp; \u00a0Funda\u00e7\u00e3o BB e BNDES celebrar\u00e3o, neste s\u00e1bado (14), em Seberi (RS), parceria com a Cooperbio e o Instituto Cultural Padre Josimo &nbsp; Marcos Antonio Corbari \/ ICPJ &nbsp; Duas iniciativas voltadas ao fortalecimento da agroecologia e da produ\u00e7\u00e3o de alimentos saud\u00e1veis no Rio Grande do Sul receber\u00e3o mais de R$ 4 milh\u00f5es em investimentos [&hellip;]<\/p>\n","protected":false},"featured_media":8807,"template":"","categorias_noticias":[],"class_list":["post-8806","noticias","type-noticias","status-publish","has-post-thumbnail","hentry"],"acf":[],"yoast_head":"<!-- This site is optimized with the Yoast SEO plugin v27.2 - https:\/\/yoast.com\/product\/yoast-seo-wordpress\/ -->\n<title>Programa Ecoforte assina dois conv\u00eanios para fortalecer redes camponesas de agroecologia no RS - Instituto Cultural Padre Josimo<\/title>\n<meta name=\"robots\" content=\"index, follow, max-snippet:-1, max-image-preview:large, max-video-preview:-1\" \/>\n<link rel=\"canonical\" href=\"https:\/\/padrejosimo.com.br\/site\/noticias\/programa-ecoforte-assina-dois-convenios-para-fortalecer-redes-camponesas-de-agroecologia-no-rs\/\" \/>\n<meta property=\"og:locale\" content=\"pt_BR\" \/>\n<meta property=\"og:type\" content=\"article\" \/>\n<meta property=\"og:title\" content=\"Programa Ecoforte assina dois conv\u00eanios para fortalecer redes camponesas de agroecologia no RS - Instituto Cultural Padre Josimo\" \/>\n<meta property=\"og:description\" content=\"&nbsp; \u00a0Funda\u00e7\u00e3o BB e BNDES celebrar\u00e3o, neste s\u00e1bado (14), em Seberi (RS), parceria com a Cooperbio e o Instituto Cultural Padre Josimo &nbsp; Marcos Antonio Corbari \/ ICPJ &nbsp; Duas iniciativas voltadas ao fortalecimento da agroecologia e da produ\u00e7\u00e3o de alimentos saud\u00e1veis no Rio Grande do Sul receber\u00e3o mais de R$ 4 milh\u00f5es em investimentos [&hellip;]\" \/>\n<meta property=\"og:url\" content=\"https:\/\/padrejosimo.com.br\/site\/noticias\/programa-ecoforte-assina-dois-convenios-para-fortalecer-redes-camponesas-de-agroecologia-no-rs\/\" \/>\n<meta property=\"og:site_name\" content=\"Instituto Cultural Padre Josimo\" \/>\n<meta property=\"article:modified_time\" content=\"2026-03-13T14:49:17+00:00\" \/>\n<meta property=\"og:image\" content=\"https:\/\/padrejosimo.com.br\/site\/wp-content\/uploads\/2026\/03\/imagem.png\" \/>\n\t<meta property=\"og:image:width\" content=\"1024\" \/>\n\t<meta property=\"og:image:height\" content=\"768\" \/>\n\t<meta property=\"og:image:type\" content=\"image\/png\" \/>\n<meta name=\"twitter:card\" content=\"summary_large_image\" \/>\n<meta name=\"twitter:label1\" content=\"Est. tempo de leitura\" \/>\n\t<meta name=\"twitter:data1\" content=\"7 minutos\" \/>\n<script type=\"application\/ld+json\" class=\"yoast-schema-graph\">{\"@context\":\"https:\/\/schema.org\",\"@graph\":[{\"@type\":\"WebPage\",\"@id\":\"https:\/\/padrejosimo.com.br\/site\/noticias\/programa-ecoforte-assina-dois-convenios-para-fortalecer-redes-camponesas-de-agroecologia-no-rs\/\",\"url\":\"https:\/\/padrejosimo.com.br\/site\/noticias\/programa-ecoforte-assina-dois-convenios-para-fortalecer-redes-camponesas-de-agroecologia-no-rs\/\",\"name\":\"Programa Ecoforte assina dois conv\u00eanios para fortalecer redes camponesas de agroecologia no RS - Instituto Cultural Padre Josimo\",\"isPartOf\":{\"@id\":\"https:\/\/padrejosimo.com.br\/site\/#website\"},\"primaryImageOfPage\":{\"@id\":\"https:\/\/padrejosimo.com.br\/site\/noticias\/programa-ecoforte-assina-dois-convenios-para-fortalecer-redes-camponesas-de-agroecologia-no-rs\/#primaryimage\"},\"image\":{\"@id\":\"https:\/\/padrejosimo.com.br\/site\/noticias\/programa-ecoforte-assina-dois-convenios-para-fortalecer-redes-camponesas-de-agroecologia-no-rs\/#primaryimage\"},\"thumbnailUrl\":\"https:\/\/padrejosimo.com.br\/site\/wp-content\/uploads\/2026\/03\/imagem.png\",\"datePublished\":\"2026-03-13T14:46:32+00:00\",\"dateModified\":\"2026-03-13T14:49:17+00:00\",\"breadcrumb\":{\"@id\":\"https:\/\/padrejosimo.com.br\/site\/noticias\/programa-ecoforte-assina-dois-convenios-para-fortalecer-redes-camponesas-de-agroecologia-no-rs\/#breadcrumb\"},\"inLanguage\":\"pt-BR\",\"potentialAction\":[{\"@type\":\"ReadAction\",\"target\":[\"https:\/\/padrejosimo.com.br\/site\/noticias\/programa-ecoforte-assina-dois-convenios-para-fortalecer-redes-camponesas-de-agroecologia-no-rs\/\"]}]},{\"@type\":\"ImageObject\",\"inLanguage\":\"pt-BR\",\"@id\":\"https:\/\/padrejosimo.com.br\/site\/noticias\/programa-ecoforte-assina-dois-convenios-para-fortalecer-redes-camponesas-de-agroecologia-no-rs\/#primaryimage\",\"url\":\"https:\/\/padrejosimo.com.br\/site\/wp-content\/uploads\/2026\/03\/imagem.png\",\"contentUrl\":\"https:\/\/padrejosimo.com.br\/site\/wp-content\/uploads\/2026\/03\/imagem.png\",\"width\":1024,\"height\":768},{\"@type\":\"BreadcrumbList\",\"@id\":\"https:\/\/padrejosimo.com.br\/site\/noticias\/programa-ecoforte-assina-dois-convenios-para-fortalecer-redes-camponesas-de-agroecologia-no-rs\/#breadcrumb\",\"itemListElement\":[{\"@type\":\"ListItem\",\"position\":1,\"name\":\"In\u00edcio\",\"item\":\"https:\/\/padrejosimo.com.br\/site\/\"},{\"@type\":\"ListItem\",\"position\":2,\"name\":\"Not\u00edcias\",\"item\":\"https:\/\/padrejosimo.com.br\/site\/noticias\/\"},{\"@type\":\"ListItem\",\"position\":3,\"name\":\"Programa Ecoforte assina dois conv\u00eanios para fortalecer redes camponesas de agroecologia no RS\"}]},{\"@type\":\"WebSite\",\"@id\":\"https:\/\/padrejosimo.com.br\/site\/#website\",\"url\":\"https:\/\/padrejosimo.com.br\/site\/\",\"name\":\"Instituto Cultural Padre Josimo\",\"description\":\"Comprometida com a promo\u00e7\u00e3o da justi\u00e7a social, agroecologia e educa\u00e7\u00e3o popular\",\"publisher\":{\"@id\":\"https:\/\/padrejosimo.com.br\/site\/#organization\"},\"alternateName\":\"ICPJ\",\"potentialAction\":[{\"@type\":\"SearchAction\",\"target\":{\"@type\":\"EntryPoint\",\"urlTemplate\":\"https:\/\/padrejosimo.com.br\/site\/?s={search_term_string}\"},\"query-input\":{\"@type\":\"PropertyValueSpecification\",\"valueRequired\":true,\"valueName\":\"search_term_string\"}}],\"inLanguage\":\"pt-BR\"},{\"@type\":\"Organization\",\"@id\":\"https:\/\/padrejosimo.com.br\/site\/#organization\",\"name\":\"Instituto Cultural Padre Josimo\",\"alternateName\":\"ICPJ\",\"url\":\"https:\/\/padrejosimo.com.br\/site\/\",\"logo\":{\"@type\":\"ImageObject\",\"inLanguage\":\"pt-BR\",\"@id\":\"https:\/\/padrejosimo.com.br\/site\/#\/schema\/logo\/image\/\",\"url\":\"https:\/\/padrejosimo.com.br\/site\/wp-content\/uploads\/2025\/09\/cropped-icon-icpj.png\",\"contentUrl\":\"https:\/\/padrejosimo.com.br\/site\/wp-content\/uploads\/2025\/09\/cropped-icon-icpj.png\",\"width\":512,\"height\":512,\"caption\":\"Instituto Cultural Padre Josimo\"},\"image\":{\"@id\":\"https:\/\/padrejosimo.com.br\/site\/#\/schema\/logo\/image\/\"}}]}<\/script>\n<!-- \/ Yoast SEO plugin. -->","yoast_head_json":{"title":"Programa Ecoforte assina dois conv\u00eanios para fortalecer redes camponesas de agroecologia no RS - Instituto Cultural Padre Josimo","robots":{"index":"index","follow":"follow","max-snippet":"max-snippet:-1","max-image-preview":"max-image-preview:large","max-video-preview":"max-video-preview:-1"},"canonical":"https:\/\/padrejosimo.com.br\/site\/noticias\/programa-ecoforte-assina-dois-convenios-para-fortalecer-redes-camponesas-de-agroecologia-no-rs\/","og_locale":"pt_BR","og_type":"article","og_title":"Programa Ecoforte assina dois conv\u00eanios para fortalecer redes camponesas de agroecologia no RS - Instituto Cultural Padre Josimo","og_description":"&nbsp; \u00a0Funda\u00e7\u00e3o BB e BNDES celebrar\u00e3o, neste s\u00e1bado (14), em Seberi (RS), parceria com a Cooperbio e o Instituto Cultural Padre Josimo &nbsp; Marcos Antonio Corbari \/ ICPJ &nbsp; Duas iniciativas voltadas ao fortalecimento da agroecologia e da produ\u00e7\u00e3o de alimentos saud\u00e1veis no Rio Grande do Sul receber\u00e3o mais de R$ 4 milh\u00f5es em investimentos [&hellip;]","og_url":"https:\/\/padrejosimo.com.br\/site\/noticias\/programa-ecoforte-assina-dois-convenios-para-fortalecer-redes-camponesas-de-agroecologia-no-rs\/","og_site_name":"Instituto Cultural Padre Josimo","article_modified_time":"2026-03-13T14:49:17+00:00","og_image":[{"width":1024,"height":768,"url":"https:\/\/padrejosimo.com.br\/site\/wp-content\/uploads\/2026\/03\/imagem.png","type":"image\/png"}],"twitter_card":"summary_large_image","twitter_misc":{"Est. tempo de leitura":"7 minutos"},"schema":{"@context":"https:\/\/schema.org","@graph":[{"@type":"WebPage","@id":"https:\/\/padrejosimo.com.br\/site\/noticias\/programa-ecoforte-assina-dois-convenios-para-fortalecer-redes-camponesas-de-agroecologia-no-rs\/","url":"https:\/\/padrejosimo.com.br\/site\/noticias\/programa-ecoforte-assina-dois-convenios-para-fortalecer-redes-camponesas-de-agroecologia-no-rs\/","name":"Programa Ecoforte assina dois conv\u00eanios para fortalecer redes camponesas de agroecologia no RS - Instituto Cultural Padre Josimo","isPartOf":{"@id":"https:\/\/padrejosimo.com.br\/site\/#website"},"primaryImageOfPage":{"@id":"https:\/\/padrejosimo.com.br\/site\/noticias\/programa-ecoforte-assina-dois-convenios-para-fortalecer-redes-camponesas-de-agroecologia-no-rs\/#primaryimage"},"image":{"@id":"https:\/\/padrejosimo.com.br\/site\/noticias\/programa-ecoforte-assina-dois-convenios-para-fortalecer-redes-camponesas-de-agroecologia-no-rs\/#primaryimage"},"thumbnailUrl":"https:\/\/padrejosimo.com.br\/site\/wp-content\/uploads\/2026\/03\/imagem.png","datePublished":"2026-03-13T14:46:32+00:00","dateModified":"2026-03-13T14:49:17+00:00","breadcrumb":{"@id":"https:\/\/padrejosimo.com.br\/site\/noticias\/programa-ecoforte-assina-dois-convenios-para-fortalecer-redes-camponesas-de-agroecologia-no-rs\/#breadcrumb"},"inLanguage":"pt-BR","potentialAction":[{"@type":"ReadAction","target":["https:\/\/padrejosimo.com.br\/site\/noticias\/programa-ecoforte-assina-dois-convenios-para-fortalecer-redes-camponesas-de-agroecologia-no-rs\/"]}]},{"@type":"ImageObject","inLanguage":"pt-BR","@id":"https:\/\/padrejosimo.com.br\/site\/noticias\/programa-ecoforte-assina-dois-convenios-para-fortalecer-redes-camponesas-de-agroecologia-no-rs\/#primaryimage","url":"https:\/\/padrejosimo.com.br\/site\/wp-content\/uploads\/2026\/03\/imagem.png","contentUrl":"https:\/\/padrejosimo.com.br\/site\/wp-content\/uploads\/2026\/03\/imagem.png","width":1024,"height":768},{"@type":"BreadcrumbList","@id":"https:\/\/padrejosimo.com.br\/site\/noticias\/programa-ecoforte-assina-dois-convenios-para-fortalecer-redes-camponesas-de-agroecologia-no-rs\/#breadcrumb","itemListElement":[{"@type":"ListItem","position":1,"name":"In\u00edcio","item":"https:\/\/padrejosimo.com.br\/site\/"},{"@type":"ListItem","position":2,"name":"Not\u00edcias","item":"https:\/\/padrejosimo.com.br\/site\/noticias\/"},{"@type":"ListItem","position":3,"name":"Programa Ecoforte assina dois conv\u00eanios para fortalecer redes camponesas de agroecologia no RS"}]},{"@type":"WebSite","@id":"https:\/\/padrejosimo.com.br\/site\/#website","url":"https:\/\/padrejosimo.com.br\/site\/","name":"Instituto Cultural Padre Josimo","description":"Comprometida com a promo\u00e7\u00e3o da justi\u00e7a social, agroecologia e educa\u00e7\u00e3o popular","publisher":{"@id":"https:\/\/padrejosimo.com.br\/site\/#organization"},"alternateName":"ICPJ","potentialAction":[{"@type":"SearchAction","target":{"@type":"EntryPoint","urlTemplate":"https:\/\/padrejosimo.com.br\/site\/?s={search_term_string}"},"query-input":{"@type":"PropertyValueSpecification","valueRequired":true,"valueName":"search_term_string"}}],"inLanguage":"pt-BR"},{"@type":"Organization","@id":"https:\/\/padrejosimo.com.br\/site\/#organization","name":"Instituto Cultural Padre Josimo","alternateName":"ICPJ","url":"https:\/\/padrejosimo.com.br\/site\/","logo":{"@type":"ImageObject","inLanguage":"pt-BR","@id":"https:\/\/padrejosimo.com.br\/site\/#\/schema\/logo\/image\/","url":"https:\/\/padrejosimo.com.br\/site\/wp-content\/uploads\/2025\/09\/cropped-icon-icpj.png","contentUrl":"https:\/\/padrejosimo.com.br\/site\/wp-content\/uploads\/2025\/09\/cropped-icon-icpj.png","width":512,"height":512,"caption":"Instituto Cultural Padre Josimo"},"image":{"@id":"https:\/\/padrejosimo.com.br\/site\/#\/schema\/logo\/image\/"}}]}},"_links":{"self":[{"href":"https:\/\/padrejosimo.com.br\/site\/wp-json\/wp\/v2\/noticias\/8806","targetHints":{"allow":["GET"]}}],"collection":[{"href":"https:\/\/padrejosimo.com.br\/site\/wp-json\/wp\/v2\/noticias"}],"about":[{"href":"https:\/\/padrejosimo.com.br\/site\/wp-json\/wp\/v2\/types\/noticias"}],"wp:featuredmedia":[{"embeddable":true,"href":"https:\/\/padrejosimo.com.br\/site\/wp-json\/wp\/v2\/media\/8807"}],"wp:attachment":[{"href":"https:\/\/padrejosimo.com.br\/site\/wp-json\/wp\/v2\/media?parent=8806"}],"wp:term":[{"taxonomy":"categorias_noticias","embeddable":true,"href":"https:\/\/padrejosimo.com.br\/site\/wp-json\/wp\/v2\/categorias_noticias?post=8806"}],"curies":[{"name":"wp","href":"https:\/\/api.w.org\/{rel}","templated":true}]}}