{"id":8784,"date":"2026-03-11T11:39:20","date_gmt":"2026-03-11T14:39:20","guid":{"rendered":"https:\/\/padrejosimo.com.br\/site\/?post_type=noticias&#038;p=8784"},"modified":"2026-03-11T11:39:20","modified_gmt":"2026-03-11T14:39:20","slug":"instituto-cultural-padre-josimo-se-soma-as-acoes-do-jpic-por-justica-paz-e-integridade-da-criacao","status":"publish","type":"noticias","link":"https:\/\/padrejosimo.com.br\/site\/noticias\/instituto-cultural-padre-josimo-se-soma-as-acoes-do-jpic-por-justica-paz-e-integridade-da-criacao\/","title":{"rendered":"Instituto Cultural Padre Josimo se soma \u00e0s a\u00e7\u00f5es do JPIC por Justi\u00e7a, Paz e Integridade da Cria\u00e7\u00e3o"},"content":{"rendered":"<figure id=\"attachment_8785\" aria-describedby=\"caption-attachment-8785\" style=\"width: 800px\" class=\"wp-caption aligncenter\"><img fetchpriority=\"high\" decoding=\"async\" class=\"size-large wp-image-8785\" src=\"https:\/\/padrejosimo.com.br\/site\/wp-content\/uploads\/2026\/03\/WhatsApp-Image-2026-03-11-at-11.22.42-1024x576.jpeg\" alt=\"\" width=\"800\" height=\"450\" srcset=\"https:\/\/padrejosimo.com.br\/site\/wp-content\/uploads\/2026\/03\/WhatsApp-Image-2026-03-11-at-11.22.42-1024x576.jpeg 1024w, https:\/\/padrejosimo.com.br\/site\/wp-content\/uploads\/2026\/03\/WhatsApp-Image-2026-03-11-at-11.22.42-300x169.jpeg 300w, https:\/\/padrejosimo.com.br\/site\/wp-content\/uploads\/2026\/03\/WhatsApp-Image-2026-03-11-at-11.22.42-768x432.jpeg 768w, https:\/\/padrejosimo.com.br\/site\/wp-content\/uploads\/2026\/03\/WhatsApp-Image-2026-03-11-at-11.22.42-1536x864.jpeg 1536w, https:\/\/padrejosimo.com.br\/site\/wp-content\/uploads\/2026\/03\/WhatsApp-Image-2026-03-11-at-11.22.42.jpeg 1600w\" sizes=\"(max-width: 800px) 100vw, 800px\" \/><figcaption id=\"caption-attachment-8785\" class=\"wp-caption-text\">Frei Wilson Zanatta e a equipe de gest\u00e3o do ICPJ \/ Foto: Corbari<\/figcaption><\/figure>\n<p>&nbsp;<\/p>\n<p>O Instituto Cultural Padre Josimo (ICPJ) passa a integrar e fortalecer as a\u00e7\u00f5es do JPIC \u2013 Justi\u00e7a, Paz e Integridade da Cria\u00e7\u00e3o, iniciativa dos frades capuchinhos que promove reflex\u00e3o e mobiliza\u00e7\u00e3o em torno do cuidado com a vida, a justi\u00e7a social e a preserva\u00e7\u00e3o da natureza.\u00a0A proposta \u00e9 apresentada como \u201cum estilo de vida e miss\u00e3o\u201d, convidando comunidades e organiza\u00e7\u00f5es a assumirem pr\u00e1ticas concretas no cotidiano que expressem o compromisso com a Casa Comum e com a dignidade de todos os povos.<\/p>\n<p>\u201cO JPIC nos recorda que a espiritualidade franciscana n\u00e3o se limita \u00e0 ora\u00e7\u00e3o, mas se traduz em escolhas concretas. Cuidar da terra, defender os pobres e promover a justi\u00e7a s\u00e3o dimens\u00f5es insepar\u00e1veis da miss\u00e3o crist\u00e3\u201d, afirma Frei Wilson Zanatta, frade capuchinho da Prov\u00edncia Sagrado Cora\u00e7\u00e3o de Jesus e diretor do Instituto Cultural Padre Josimo, durante a apresenta\u00e7\u00e3o do projeto aos demais integrantes do conselho de gest\u00e3o do ICPJ.\u00a0<\/p>\n<p>Segundo o material formativo do JPIC, o mundo atual vive um cen\u00e1rio marcado por viol\u00eancia, desigualdade social e crescente degrada\u00e7\u00e3o ambiental. Trag\u00e9dias ambientais, queimadas, destrui\u00e7\u00e3o de florestas e amea\u00e7a aos mananciais s\u00e3o sinais de uma rela\u00e7\u00e3o desequilibrada entre humanidade e natureza.\u00a0Diante desse cen\u00e1rio, o servi\u00e7o de Justi\u00e7a, Paz e Integridade da Cria\u00e7\u00e3o prop\u00f5e uma mudan\u00e7a pessoal e comunit\u00e1ria de atitudes, inspirada na experi\u00eancia de S\u00e3o Francisco de Assis, que reconhecia toda a cria\u00e7\u00e3o como irm\u00e3 e express\u00e3o da presen\u00e7a de Deus.<\/p>\n<p>Entre as pr\u00e1ticas incentivadas est\u00e3o o uso respons\u00e1vel da \u00e1gua e da energia, a redu\u00e7\u00e3o do consumismo, a reciclagem, a valoriza\u00e7\u00e3o de alimentos naturais e o est\u00edmulo a formas de transporte menos poluentes. Frei Wilson explicou que no carisma franciscano, os valores da justi\u00e7a, da paz e da integridade da cria\u00e7\u00e3o s\u00e3o insepar\u00e1veis. A tradi\u00e7\u00e3o da Igreja recorda que n\u00e3o existe paz verdadeira sem justi\u00e7a, e que a justi\u00e7a tamb\u00e9m depende do respeito \u00e0 natureza e \u00e0 vida em todas as suas formas.<\/p>\n<p>A proposta do JPIC convida as pessoas e comunidades a elaborarem um \u201cplano de vida\u201d, com escolhas concretas que contribuam para a constru\u00e7\u00e3o de uma sociedade mais solid\u00e1ria e sustent\u00e1vel.\u00a0Para o ocnselho de gest\u00e3o do ICPJ est\u00e1 claro que a participa\u00e7\u00e3o do Instituto nas iniciativas do JPIC est\u00e1 em sintonia com sua miss\u00e3o institucional de promover forma\u00e7\u00e3o cr\u00edtica, mem\u00f3ria hist\u00f3rica e compromisso social. \u201cO Instituto Cultural Padre Josimo nasce do testemunho de quem dedicou a vida \u00e0 defesa dos pobres e da terra. Participar das a\u00e7\u00f5es do JPIC \u00e9 continuar esse caminho, unindo espiritualidade, justi\u00e7a social e cuidado com a cria\u00e7\u00e3o\u201d, destaca Frei Wilson Zanatta.<\/p>\n<p>&nbsp;<\/p>\n<p>Acesse o material informativo da JPIC\/OFMCap:<\/p>\n<p><a href=\"https:\/\/padrejosimo.com.br\/site\/wp-content\/uploads\/2026\/03\/Cartaz-JPIC-OFMCap.pdf\">Cartaz JPIC OFMCap<\/a><\/p>\n<p><a href=\"https:\/\/padrejosimo.com.br\/site\/wp-content\/uploads\/2026\/03\/Folder-JPIC-OFMCap.pdf\">Folder JPIC OFMCap<\/a><\/p>\n","protected":false},"excerpt":{"rendered":"<p>Iniciativa dos frades capuchinhos prop\u00f5e mudan\u00e7a de estilo de vida com compromisso com a justi\u00e7a social, o cuidado ambiental e a cultura da paz<\/p>\n","protected":false},"featured_media":8785,"template":"","categorias_noticias":[],"class_list":["post-8784","noticias","type-noticias","status-publish","has-post-thumbnail","hentry"],"acf":[],"yoast_head":"<!-- This site is optimized with the Yoast SEO plugin v27.2 - https:\/\/yoast.com\/product\/yoast-seo-wordpress\/ -->\n<title>Instituto Cultural Padre Josimo se soma \u00e0s a\u00e7\u00f5es do JPIC por Justi\u00e7a, Paz e Integridade da Cria\u00e7\u00e3o - Instituto Cultural Padre Josimo<\/title>\n<meta name=\"robots\" content=\"index, follow, max-snippet:-1, max-image-preview:large, max-video-preview:-1\" \/>\n<link rel=\"canonical\" href=\"https:\/\/padrejosimo.com.br\/site\/noticias\/instituto-cultural-padre-josimo-se-soma-as-acoes-do-jpic-por-justica-paz-e-integridade-da-criacao\/\" \/>\n<meta property=\"og:locale\" content=\"pt_BR\" \/>\n<meta property=\"og:type\" content=\"article\" \/>\n<meta property=\"og:title\" content=\"Instituto Cultural Padre Josimo se soma \u00e0s a\u00e7\u00f5es do JPIC por Justi\u00e7a, Paz e Integridade da Cria\u00e7\u00e3o - Instituto Cultural Padre Josimo\" \/>\n<meta property=\"og:description\" content=\"Iniciativa dos frades capuchinhos prop\u00f5e mudan\u00e7a de estilo de vida com compromisso com a justi\u00e7a social, o cuidado ambiental e a cultura da paz\" \/>\n<meta property=\"og:url\" content=\"https:\/\/padrejosimo.com.br\/site\/noticias\/instituto-cultural-padre-josimo-se-soma-as-acoes-do-jpic-por-justica-paz-e-integridade-da-criacao\/\" \/>\n<meta property=\"og:site_name\" content=\"Instituto Cultural Padre Josimo\" \/>\n<meta property=\"og:image\" content=\"https:\/\/padrejosimo.com.br\/site\/wp-content\/uploads\/2026\/03\/WhatsApp-Image-2026-03-11-at-11.22.42.jpeg\" \/>\n\t<meta property=\"og:image:width\" content=\"1600\" \/>\n\t<meta property=\"og:image:height\" content=\"900\" \/>\n\t<meta property=\"og:image:type\" content=\"image\/jpeg\" \/>\n<meta name=\"twitter:card\" content=\"summary_large_image\" \/>\n<meta name=\"twitter:label1\" content=\"Est. tempo de leitura\" \/>\n\t<meta name=\"twitter:data1\" content=\"3 minutos\" \/>\n<script type=\"application\/ld+json\" class=\"yoast-schema-graph\">{\"@context\":\"https:\/\/schema.org\",\"@graph\":[{\"@type\":\"WebPage\",\"@id\":\"https:\/\/padrejosimo.com.br\/site\/noticias\/instituto-cultural-padre-josimo-se-soma-as-acoes-do-jpic-por-justica-paz-e-integridade-da-criacao\/\",\"url\":\"https:\/\/padrejosimo.com.br\/site\/noticias\/instituto-cultural-padre-josimo-se-soma-as-acoes-do-jpic-por-justica-paz-e-integridade-da-criacao\/\",\"name\":\"Instituto Cultural Padre Josimo se soma \u00e0s a\u00e7\u00f5es do JPIC por Justi\u00e7a, Paz e Integridade da Cria\u00e7\u00e3o - Instituto Cultural Padre Josimo\",\"isPartOf\":{\"@id\":\"https:\/\/padrejosimo.com.br\/site\/#website\"},\"primaryImageOfPage\":{\"@id\":\"https:\/\/padrejosimo.com.br\/site\/noticias\/instituto-cultural-padre-josimo-se-soma-as-acoes-do-jpic-por-justica-paz-e-integridade-da-criacao\/#primaryimage\"},\"image\":{\"@id\":\"https:\/\/padrejosimo.com.br\/site\/noticias\/instituto-cultural-padre-josimo-se-soma-as-acoes-do-jpic-por-justica-paz-e-integridade-da-criacao\/#primaryimage\"},\"thumbnailUrl\":\"https:\/\/padrejosimo.com.br\/site\/wp-content\/uploads\/2026\/03\/WhatsApp-Image-2026-03-11-at-11.22.42.jpeg\",\"datePublished\":\"2026-03-11T14:39:20+00:00\",\"breadcrumb\":{\"@id\":\"https:\/\/padrejosimo.com.br\/site\/noticias\/instituto-cultural-padre-josimo-se-soma-as-acoes-do-jpic-por-justica-paz-e-integridade-da-criacao\/#breadcrumb\"},\"inLanguage\":\"pt-BR\",\"potentialAction\":[{\"@type\":\"ReadAction\",\"target\":[\"https:\/\/padrejosimo.com.br\/site\/noticias\/instituto-cultural-padre-josimo-se-soma-as-acoes-do-jpic-por-justica-paz-e-integridade-da-criacao\/\"]}]},{\"@type\":\"ImageObject\",\"inLanguage\":\"pt-BR\",\"@id\":\"https:\/\/padrejosimo.com.br\/site\/noticias\/instituto-cultural-padre-josimo-se-soma-as-acoes-do-jpic-por-justica-paz-e-integridade-da-criacao\/#primaryimage\",\"url\":\"https:\/\/padrejosimo.com.br\/site\/wp-content\/uploads\/2026\/03\/WhatsApp-Image-2026-03-11-at-11.22.42.jpeg\",\"contentUrl\":\"https:\/\/padrejosimo.com.br\/site\/wp-content\/uploads\/2026\/03\/WhatsApp-Image-2026-03-11-at-11.22.42.jpeg\",\"width\":1600,\"height\":900,\"caption\":\"Frei Wilson Zanatta e a equipe de gest\u00e3o do ICPJ \/ Foto: Corbari\"},{\"@type\":\"BreadcrumbList\",\"@id\":\"https:\/\/padrejosimo.com.br\/site\/noticias\/instituto-cultural-padre-josimo-se-soma-as-acoes-do-jpic-por-justica-paz-e-integridade-da-criacao\/#breadcrumb\",\"itemListElement\":[{\"@type\":\"ListItem\",\"position\":1,\"name\":\"In\u00edcio\",\"item\":\"https:\/\/padrejosimo.com.br\/site\/\"},{\"@type\":\"ListItem\",\"position\":2,\"name\":\"Not\u00edcias\",\"item\":\"https:\/\/padrejosimo.com.br\/site\/noticias\/\"},{\"@type\":\"ListItem\",\"position\":3,\"name\":\"Instituto Cultural Padre Josimo se soma \u00e0s a\u00e7\u00f5es do JPIC por Justi\u00e7a, Paz e Integridade da Cria\u00e7\u00e3o\"}]},{\"@type\":\"WebSite\",\"@id\":\"https:\/\/padrejosimo.com.br\/site\/#website\",\"url\":\"https:\/\/padrejosimo.com.br\/site\/\",\"name\":\"Instituto Cultural Padre Josimo\",\"description\":\"Comprometida com a promo\u00e7\u00e3o da justi\u00e7a social, agroecologia e educa\u00e7\u00e3o popular\",\"publisher\":{\"@id\":\"https:\/\/padrejosimo.com.br\/site\/#organization\"},\"alternateName\":\"ICPJ\",\"potentialAction\":[{\"@type\":\"SearchAction\",\"target\":{\"@type\":\"EntryPoint\",\"urlTemplate\":\"https:\/\/padrejosimo.com.br\/site\/?s={search_term_string}\"},\"query-input\":{\"@type\":\"PropertyValueSpecification\",\"valueRequired\":true,\"valueName\":\"search_term_string\"}}],\"inLanguage\":\"pt-BR\"},{\"@type\":\"Organization\",\"@id\":\"https:\/\/padrejosimo.com.br\/site\/#organization\",\"name\":\"Instituto Cultural Padre Josimo\",\"alternateName\":\"ICPJ\",\"url\":\"https:\/\/padrejosimo.com.br\/site\/\",\"logo\":{\"@type\":\"ImageObject\",\"inLanguage\":\"pt-BR\",\"@id\":\"https:\/\/padrejosimo.com.br\/site\/#\/schema\/logo\/image\/\",\"url\":\"https:\/\/padrejosimo.com.br\/site\/wp-content\/uploads\/2025\/09\/cropped-icon-icpj.png\",\"contentUrl\":\"https:\/\/padrejosimo.com.br\/site\/wp-content\/uploads\/2025\/09\/cropped-icon-icpj.png\",\"width\":512,\"height\":512,\"caption\":\"Instituto Cultural Padre Josimo\"},\"image\":{\"@id\":\"https:\/\/padrejosimo.com.br\/site\/#\/schema\/logo\/image\/\"}}]}<\/script>\n<!-- \/ Yoast SEO plugin. -->","yoast_head_json":{"title":"Instituto Cultural Padre Josimo se soma \u00e0s a\u00e7\u00f5es do JPIC por Justi\u00e7a, Paz e Integridade da Cria\u00e7\u00e3o - Instituto Cultural Padre Josimo","robots":{"index":"index","follow":"follow","max-snippet":"max-snippet:-1","max-image-preview":"max-image-preview:large","max-video-preview":"max-video-preview:-1"},"canonical":"https:\/\/padrejosimo.com.br\/site\/noticias\/instituto-cultural-padre-josimo-se-soma-as-acoes-do-jpic-por-justica-paz-e-integridade-da-criacao\/","og_locale":"pt_BR","og_type":"article","og_title":"Instituto Cultural Padre Josimo se soma \u00e0s a\u00e7\u00f5es do JPIC por Justi\u00e7a, Paz e Integridade da Cria\u00e7\u00e3o - Instituto Cultural Padre Josimo","og_description":"Iniciativa dos frades capuchinhos prop\u00f5e mudan\u00e7a de estilo de vida com compromisso com a justi\u00e7a social, o cuidado ambiental e a cultura da paz","og_url":"https:\/\/padrejosimo.com.br\/site\/noticias\/instituto-cultural-padre-josimo-se-soma-as-acoes-do-jpic-por-justica-paz-e-integridade-da-criacao\/","og_site_name":"Instituto Cultural Padre Josimo","og_image":[{"width":1600,"height":900,"url":"https:\/\/padrejosimo.com.br\/site\/wp-content\/uploads\/2026\/03\/WhatsApp-Image-2026-03-11-at-11.22.42.jpeg","type":"image\/jpeg"}],"twitter_card":"summary_large_image","twitter_misc":{"Est. tempo de leitura":"3 minutos"},"schema":{"@context":"https:\/\/schema.org","@graph":[{"@type":"WebPage","@id":"https:\/\/padrejosimo.com.br\/site\/noticias\/instituto-cultural-padre-josimo-se-soma-as-acoes-do-jpic-por-justica-paz-e-integridade-da-criacao\/","url":"https:\/\/padrejosimo.com.br\/site\/noticias\/instituto-cultural-padre-josimo-se-soma-as-acoes-do-jpic-por-justica-paz-e-integridade-da-criacao\/","name":"Instituto Cultural Padre Josimo se soma \u00e0s a\u00e7\u00f5es do JPIC por Justi\u00e7a, Paz e Integridade da Cria\u00e7\u00e3o - Instituto Cultural Padre Josimo","isPartOf":{"@id":"https:\/\/padrejosimo.com.br\/site\/#website"},"primaryImageOfPage":{"@id":"https:\/\/padrejosimo.com.br\/site\/noticias\/instituto-cultural-padre-josimo-se-soma-as-acoes-do-jpic-por-justica-paz-e-integridade-da-criacao\/#primaryimage"},"image":{"@id":"https:\/\/padrejosimo.com.br\/site\/noticias\/instituto-cultural-padre-josimo-se-soma-as-acoes-do-jpic-por-justica-paz-e-integridade-da-criacao\/#primaryimage"},"thumbnailUrl":"https:\/\/padrejosimo.com.br\/site\/wp-content\/uploads\/2026\/03\/WhatsApp-Image-2026-03-11-at-11.22.42.jpeg","datePublished":"2026-03-11T14:39:20+00:00","breadcrumb":{"@id":"https:\/\/padrejosimo.com.br\/site\/noticias\/instituto-cultural-padre-josimo-se-soma-as-acoes-do-jpic-por-justica-paz-e-integridade-da-criacao\/#breadcrumb"},"inLanguage":"pt-BR","potentialAction":[{"@type":"ReadAction","target":["https:\/\/padrejosimo.com.br\/site\/noticias\/instituto-cultural-padre-josimo-se-soma-as-acoes-do-jpic-por-justica-paz-e-integridade-da-criacao\/"]}]},{"@type":"ImageObject","inLanguage":"pt-BR","@id":"https:\/\/padrejosimo.com.br\/site\/noticias\/instituto-cultural-padre-josimo-se-soma-as-acoes-do-jpic-por-justica-paz-e-integridade-da-criacao\/#primaryimage","url":"https:\/\/padrejosimo.com.br\/site\/wp-content\/uploads\/2026\/03\/WhatsApp-Image-2026-03-11-at-11.22.42.jpeg","contentUrl":"https:\/\/padrejosimo.com.br\/site\/wp-content\/uploads\/2026\/03\/WhatsApp-Image-2026-03-11-at-11.22.42.jpeg","width":1600,"height":900,"caption":"Frei Wilson Zanatta e a equipe de gest\u00e3o do ICPJ \/ Foto: Corbari"},{"@type":"BreadcrumbList","@id":"https:\/\/padrejosimo.com.br\/site\/noticias\/instituto-cultural-padre-josimo-se-soma-as-acoes-do-jpic-por-justica-paz-e-integridade-da-criacao\/#breadcrumb","itemListElement":[{"@type":"ListItem","position":1,"name":"In\u00edcio","item":"https:\/\/padrejosimo.com.br\/site\/"},{"@type":"ListItem","position":2,"name":"Not\u00edcias","item":"https:\/\/padrejosimo.com.br\/site\/noticias\/"},{"@type":"ListItem","position":3,"name":"Instituto Cultural Padre Josimo se soma \u00e0s a\u00e7\u00f5es do JPIC por Justi\u00e7a, Paz e Integridade da Cria\u00e7\u00e3o"}]},{"@type":"WebSite","@id":"https:\/\/padrejosimo.com.br\/site\/#website","url":"https:\/\/padrejosimo.com.br\/site\/","name":"Instituto Cultural Padre Josimo","description":"Comprometida com a promo\u00e7\u00e3o da justi\u00e7a social, agroecologia e educa\u00e7\u00e3o popular","publisher":{"@id":"https:\/\/padrejosimo.com.br\/site\/#organization"},"alternateName":"ICPJ","potentialAction":[{"@type":"SearchAction","target":{"@type":"EntryPoint","urlTemplate":"https:\/\/padrejosimo.com.br\/site\/?s={search_term_string}"},"query-input":{"@type":"PropertyValueSpecification","valueRequired":true,"valueName":"search_term_string"}}],"inLanguage":"pt-BR"},{"@type":"Organization","@id":"https:\/\/padrejosimo.com.br\/site\/#organization","name":"Instituto Cultural Padre Josimo","alternateName":"ICPJ","url":"https:\/\/padrejosimo.com.br\/site\/","logo":{"@type":"ImageObject","inLanguage":"pt-BR","@id":"https:\/\/padrejosimo.com.br\/site\/#\/schema\/logo\/image\/","url":"https:\/\/padrejosimo.com.br\/site\/wp-content\/uploads\/2025\/09\/cropped-icon-icpj.png","contentUrl":"https:\/\/padrejosimo.com.br\/site\/wp-content\/uploads\/2025\/09\/cropped-icon-icpj.png","width":512,"height":512,"caption":"Instituto Cultural Padre Josimo"},"image":{"@id":"https:\/\/padrejosimo.com.br\/site\/#\/schema\/logo\/image\/"}}]}},"_links":{"self":[{"href":"https:\/\/padrejosimo.com.br\/site\/wp-json\/wp\/v2\/noticias\/8784","targetHints":{"allow":["GET"]}}],"collection":[{"href":"https:\/\/padrejosimo.com.br\/site\/wp-json\/wp\/v2\/noticias"}],"about":[{"href":"https:\/\/padrejosimo.com.br\/site\/wp-json\/wp\/v2\/types\/noticias"}],"wp:featuredmedia":[{"embeddable":true,"href":"https:\/\/padrejosimo.com.br\/site\/wp-json\/wp\/v2\/media\/8785"}],"wp:attachment":[{"href":"https:\/\/padrejosimo.com.br\/site\/wp-json\/wp\/v2\/media?parent=8784"}],"wp:term":[{"taxonomy":"categorias_noticias","embeddable":true,"href":"https:\/\/padrejosimo.com.br\/site\/wp-json\/wp\/v2\/categorias_noticias?post=8784"}],"curies":[{"name":"wp","href":"https:\/\/api.w.org\/{rel}","templated":true}]}}