{"id":8351,"date":"2025-11-24T20:40:51","date_gmt":"2025-11-24T23:40:51","guid":{"rendered":"https:\/\/padrejosimo.com.br\/site\/?post_type=noticias&#038;p=8351"},"modified":"2025-11-24T20:40:51","modified_gmt":"2025-11-24T23:40:51","slug":"vozes-e-territorios-festival-yabas-reafirma-resistencia-pos-enchente-e-exalta-forca-das-mulheres-na-matriz-africana","status":"publish","type":"noticias","link":"https:\/\/padrejosimo.com.br\/site\/noticias\/vozes-e-territorios-festival-yabas-reafirma-resistencia-pos-enchente-e-exalta-forca-das-mulheres-na-matriz-africana\/","title":{"rendered":"VOZES E TERRIT\u00d3RIOS | Festival Yab\u00e1s reafirma resist\u00eancia p\u00f3s-enchente e exalta for\u00e7a das mulheres na matriz africana"},"content":{"rendered":"<blockquote>\n<p><strong><i>Encontro em S\u00e3o Leopoldo (RS) marca reconstru\u00e7\u00e3o dos terreiros como espa\u00e7os de espiritualidade e acolhimento<\/i><\/strong><\/p>\n<\/blockquote>\n<p>&nbsp;<\/p>\n<figure id=\"attachment_8352\" aria-describedby=\"caption-attachment-8352\" style=\"width: 800px\" class=\"wp-caption aligncenter\"><img fetchpriority=\"high\" decoding=\"async\" class=\"size-large wp-image-8352\" src=\"https:\/\/padrejosimo.com.br\/site\/wp-content\/uploads\/2025\/11\/WhatsApp-Image-2025-11-24-at-18.25.02-1024x683.jpeg\" alt=\"\" width=\"800\" height=\"534\" srcset=\"https:\/\/padrejosimo.com.br\/site\/wp-content\/uploads\/2025\/11\/WhatsApp-Image-2025-11-24-at-18.25.02-1024x683.jpeg 1024w, https:\/\/padrejosimo.com.br\/site\/wp-content\/uploads\/2025\/11\/WhatsApp-Image-2025-11-24-at-18.25.02-300x200.jpeg 300w, https:\/\/padrejosimo.com.br\/site\/wp-content\/uploads\/2025\/11\/WhatsApp-Image-2025-11-24-at-18.25.02-768x512.jpeg 768w, https:\/\/padrejosimo.com.br\/site\/wp-content\/uploads\/2025\/11\/WhatsApp-Image-2025-11-24-at-18.25.02.jpeg 1452w\" sizes=\"(max-width: 800px) 100vw, 800px\" \/><figcaption id=\"caption-attachment-8352\" class=\"wp-caption-text\"><em>Il\u00ea Ax\u00e9 Oyawoy\u00ea, em S\u00e3o Leopoldo (RS), foi palco de encontro entre povo de ax\u00e9, artistas, intelectuais, lideran\u00e7as e moradores \/ Cr\u00e9dito: Jorge Le\u00e3o<\/em><\/figcaption><\/figure>\n<p><span style=\"font-weight: 400;\">O som dos tambores, atabaques, agog\u00f4s e xequer\u00eas vibrou no Il\u00ea Ax\u00e9 Oyawoy\u00ea, em S\u00e3o Leopoldo (RS), anunciando que a for\u00e7a do povo de terreiro segue de p\u00e9 no Rio Grande do Sul ap\u00f3s a enchente hist\u00f3rica de 2024. Ao redor de uma jabuticabeira, o toque para Exu abriu o 2\u00ba Festival Yab\u00e1s, neste s\u00e1bado (22). Com o tema \u201cResili\u00eancia Cultural\u201d, o evento reuniu filhos e filhas de santo, yalorix\u00e1s, babalorix\u00e1s, artistas, intelectuais, lideran\u00e7as e moradores, em um chamado para a reconstru\u00e7\u00e3o coletiva e a celebra\u00e7\u00e3o de f\u00e9, arte e resist\u00eancia das tradi\u00e7\u00f5es africanas no estado.<\/span><\/p>\n<p><span style=\"font-weight: 400;\">A segunda edi\u00e7\u00e3o marcou n\u00e3o apenas a volta do festival, interrompido em 2024 pelos eventos clim\u00e1ticos, mas a reafirma\u00e7\u00e3o p\u00fablica de um territ\u00f3rio negro que insiste em existir diante do racismo ambiental, religioso e estrutural. \u201cO Festival Yab\u00e1s chega \u00e0 segunda edi\u00e7\u00e3o ap\u00f3s um ano muito dif\u00edcil\u201d, contou M\u00e3e Isabel Cristina Passos, chefe de cozinha, mulher negra e yalorix\u00e1 do espa\u00e7o. \u201cO primeiro fizemos em 2023. Depois, tudo parou. Agora retomamos porque nosso povo \u00e9 resiliente.\u201d<\/span><\/p>\n<p><span style=\"font-weight: 400;\">As Yab\u00e1s \u2014 orix\u00e1s femininas como Iemanj\u00e1, Oxum, Ians\u00e3, Ob\u00e1 e Ewa \u2014 foram convocadas como s\u00edmbolo da for\u00e7a criadora e da luta das mulheres negras. \u201cTodo orix\u00e1 feminino \u00e9 uma Yab\u00e1: m\u00e3e, senhora, deusa\u201d, explicou M\u00e3e Isabel. As diferentes atividades do festival, segundo ela, est\u00e3o conectadas pela centralidade do letramento racial.<\/span><\/p>\n<p><span style=\"font-weight: 400;\">\u201cPara que a gente possa mudar os conceitos da nossa comunidade, do nosso entorno, a gente precisa ter esse letramento. Levar para dentro da escola, falar sobre racismo, sobre cor de pele, que isso aqui nada mais \u00e9 do que uma pele. Somos iguais perante Deus\u201d, disse, destacando que a transforma\u00e7\u00e3o come\u00e7a pelas crian\u00e7as, que \u201cs\u00e3o o futuro transformador\u201d.<\/span><\/p>\n<p>&nbsp;<\/p>\n<p><b>Resist\u00eancia dos terreiros devastados<\/b><\/p>\n<figure id=\"attachment_8353\" aria-describedby=\"caption-attachment-8353\" style=\"width: 800px\" class=\"wp-caption aligncenter\"><img decoding=\"async\" class=\"size-large wp-image-8353\" src=\"https:\/\/padrejosimo.com.br\/site\/wp-content\/uploads\/2025\/11\/WhatsApp-Image-2025-11-24-at-18.25.11-1024x682.jpeg\" alt=\"\" width=\"800\" height=\"533\" srcset=\"https:\/\/padrejosimo.com.br\/site\/wp-content\/uploads\/2025\/11\/WhatsApp-Image-2025-11-24-at-18.25.11-1024x682.jpeg 1024w, https:\/\/padrejosimo.com.br\/site\/wp-content\/uploads\/2025\/11\/WhatsApp-Image-2025-11-24-at-18.25.11-300x200.jpeg 300w, https:\/\/padrejosimo.com.br\/site\/wp-content\/uploads\/2025\/11\/WhatsApp-Image-2025-11-24-at-18.25.11-768x511.jpeg 768w, https:\/\/padrejosimo.com.br\/site\/wp-content\/uploads\/2025\/11\/WhatsApp-Image-2025-11-24-at-18.25.11-1536x1022.jpeg 1536w, https:\/\/padrejosimo.com.br\/site\/wp-content\/uploads\/2025\/11\/WhatsApp-Image-2025-11-24-at-18.25.11.jpeg 1600w\" sizes=\"(max-width: 800px) 100vw, 800px\" \/><figcaption id=\"caption-attachment-8353\" class=\"wp-caption-text\"><em>M\u00e3e Isabel Cristina Passos ao lado de Pai Dejair de Ogum \/ Jorge Le\u00e3o<\/em><\/figcaption><\/figure>\n<p><span style=\"font-weight: 400;\">O Il\u00ea Ax\u00e9 Oyawoy\u00ea, que recebeu o festival, ainda carrega marcas da enchente. A \u00e1gua chegou a quase dois metros, destruindo salas, objetos sagrados, roupas rituais e deixando o espa\u00e7o sem \u00e1gua, luz e alimentos. Uma cena que se repetiu em terreiros de cidades de norte a sul do estado.<\/span><\/p>\n<p><span style=\"font-weight: 400;\">Segundo dados do Minist\u00e9rio da Igualdade Racial, cerca de 1,3 mil comunidades tradicionais de matriz africana foram afetadas pelo desastre. Muitas ficaram semanas sem acesso a servi\u00e7os b\u00e1sicos; outras perderam completamente seus acervos. Um mapeamento do N\u00facleo de Estudos de Geografia e Ambiente (Nega) e do curso Uniafro, da Universidade Federal do Rio Grande do Sul (Ufrgs), mostra que aproximadamente 650 terreiros tiveram perdas totais.<\/span><\/p>\n<p><span style=\"font-weight: 400;\">No festival, lideran\u00e7as relataram n\u00e3o apenas a destrui\u00e7\u00e3o f\u00edsica, mas tamb\u00e9m o abandono institucional. \u201cNa calamidade, ficamos \u00e0 merc\u00ea de amigos e parceiros de outros estados. Em nossos munic\u00edpios n\u00e3o encontramos acolhimento efetivo\u201d, afirmou M\u00e3e Patr\u00edcia do Xang\u00f4, que tamb\u00e9m teve seu espa\u00e7o de ax\u00e9 atingido, a Casa de Orix\u00e1s A Ro\u00e7a, no munic\u00edpio de Feliz, na Serra Ga\u00facha.<\/span><\/p>\n<p><span style=\"font-weight: 400;\">Ela lembrou que os povos de terreiro historicamente s\u00e3o acolhedores, mas que, diante da cat\u00e1strofe, precisaram proteger-se mutuamente: \u201cAp\u00f3s tudo o que vivemos, tivemos novamente de nos recolher e nos acolher.\u201d<\/span><\/p>\n<p><span style=\"font-weight: 400;\">Para M\u00e3e Patr\u00edcia, a segunda edi\u00e7\u00e3o do Festival Yab\u00e1s convoca especialmente a for\u00e7a feminina dentro das tradi\u00e7\u00f5es de matriz africana e reafirma a resist\u00eancia da mulher preta, do ventre que sustenta vida e luta. \u201cO festival traz o porqu\u00ea continuar. Nosso povo \u00e9 resiliente, mas n\u00e3o ficamos apenas sentados sendo resilientes\u201d, afirmou.\u00a0<\/span><\/p>\n<p>&nbsp;<\/p>\n<p><b>Enfrentar o racismo ambiental<\/b><\/p>\n<figure id=\"attachment_8354\" aria-describedby=\"caption-attachment-8354\" style=\"width: 800px\" class=\"wp-caption aligncenter\"><img decoding=\"async\" class=\"size-large wp-image-8354\" src=\"https:\/\/padrejosimo.com.br\/site\/wp-content\/uploads\/2025\/11\/WhatsApp-Image-2025-11-24-at-18.25.53-1024x682.jpeg\" alt=\"\" width=\"800\" height=\"533\" srcset=\"https:\/\/padrejosimo.com.br\/site\/wp-content\/uploads\/2025\/11\/WhatsApp-Image-2025-11-24-at-18.25.53-1024x682.jpeg 1024w, https:\/\/padrejosimo.com.br\/site\/wp-content\/uploads\/2025\/11\/WhatsApp-Image-2025-11-24-at-18.25.53-300x200.jpeg 300w, https:\/\/padrejosimo.com.br\/site\/wp-content\/uploads\/2025\/11\/WhatsApp-Image-2025-11-24-at-18.25.53-768x512.jpeg 768w, https:\/\/padrejosimo.com.br\/site\/wp-content\/uploads\/2025\/11\/WhatsApp-Image-2025-11-24-at-18.25.53-1536x1023.jpeg 1536w, https:\/\/padrejosimo.com.br\/site\/wp-content\/uploads\/2025\/11\/WhatsApp-Image-2025-11-24-at-18.25.53.jpeg 1600w\" sizes=\"(max-width: 800px) 100vw, 800px\" \/><figcaption id=\"caption-attachment-8354\" class=\"wp-caption-text\"><em>Festival teve debates, toques de tambor, apresenta\u00e7\u00f5es art\u00edsticas e feira \/ Jorge Le\u00e3o<\/em><\/figcaption><\/figure>\n<p><span style=\"font-weight: 400;\">Durante a mesa de abertura do evento, Maur\u00edcio Flores, tenente-coronel da reserva da Brigada Militar e agente da Igualdade Racial no Projeto Aquilombar, destacou uma express\u00e3o de racismo ambiental. \u201cOs bairros perif\u00e9ricos foram os mais atingidos e n\u00e3o tiveram prioridade na reconstru\u00e7\u00e3o. Muitos dizem que \u00e9 mimimi. Mas n\u00f3s sabemos o que \u00e9, n\u00f3s conhecemos (racismo ambiental).\u201d<\/span><\/p>\n<p><span style=\"font-weight: 400;\">Flores relatou ter parentes atingidos no bairro Mathias Velho, em Canoas, e comparou o ritmo mais lento de recupera\u00e7\u00e3o \u00e0 resposta recebida em outras regi\u00f5es da cidade. Para ele, o enfrentamento ao racismo passa por estudo e apropria\u00e7\u00e3o de conhecimento.<\/span><\/p>\n<p><span style=\"font-weight: 400;\">\u201cComo homem negro, busco me empoderar e me apropriar dessas quest\u00f5es&#8221;, afirma. Ele avalia que quando a popula\u00e7\u00e3o negra come\u00e7a a se empoderar, &#8220;mexe com a branquitude \u2014 e isso \u00e9 bom&#8221;. Por isso, defende ser necess\u00e1rio potencializar as a\u00e7\u00f5es.<\/span><\/p>\n<p>&nbsp;<\/p>\n<p><b>Microviol\u00eancias do racismo na inf\u00e2ncia<\/b><\/p>\n<p><span style=\"font-weight: 400;\">Durante o painel &#8220;Ensinar e Espelhar Sementes&#8221;, a coordenadora da Pol\u00edtica Nacional de Equidade, Educa\u00e7\u00e3o para as Rela\u00e7\u00f5es \u00c9tnico-Raciais e Educa\u00e7\u00e3o Escolar Quilombola no RS, Fernanda Duarte de Oliveira, alertou que o racismo nas escolas \u00e9 uma viol\u00eancia silenciosa que atinge beb\u00eas, crian\u00e7as e jovens diariamente. \u201cCada beb\u00ea que n\u00e3o se v\u00ea na escola, at\u00e9 os tr\u00eas anos, com brinquedos, livros, afeto e cuidado com seus cabelos cacheados, \u00e9 um poss\u00edvel candidato a n\u00e3o chegar \u00e0 universidade no futuro.\u201d<\/span><\/p>\n<p><span style=\"font-weight: 400;\">Ela explicou que microviol\u00eancias como olhares, sil\u00eancios e aus\u00eancia de representatividade corroem a autoestima e impactam todo o trajeto educacional de estudantes negros. Por isso, defendeu que sociedade civil, terreiros e organiza\u00e7\u00f5es pressionem munic\u00edpios e o Judici\u00e1rio por respostas concretas. Citou ferramentas legais, como den\u00fancias no Disque 100 e boletins de ocorr\u00eancia, para acelerar processos de responsabiliza\u00e7\u00e3o.<\/span><\/p>\n<p><span style=\"font-weight: 400;\">Tamb\u00e9m ressaltou a necessidade de assegurar direitos espec\u00edficos a estudantes de matriz africana, como dias de resguardo e prote\u00e7\u00e3o contra racismo religioso dentro das escolas. \u201cS\u00e3o muitas camadas que essa tem\u00e1tica atinge, envolvendo toda a comunidade escolar.\u201d<\/span><\/p>\n<p>&nbsp;<\/p>\n<p><b>Ancestralidade, cultura e esporte<\/b><\/p>\n<figure id=\"attachment_8355\" aria-describedby=\"caption-attachment-8355\" style=\"width: 800px\" class=\"wp-caption aligncenter\"><img loading=\"lazy\" decoding=\"async\" class=\"size-large wp-image-8355\" src=\"https:\/\/padrejosimo.com.br\/site\/wp-content\/uploads\/2025\/11\/424670ac-09f1-4c3c-8ab5-93250f64f96b-1024x683.jpg\" alt=\"\" width=\"800\" height=\"534\" srcset=\"https:\/\/padrejosimo.com.br\/site\/wp-content\/uploads\/2025\/11\/424670ac-09f1-4c3c-8ab5-93250f64f96b-1024x683.jpg 1024w, https:\/\/padrejosimo.com.br\/site\/wp-content\/uploads\/2025\/11\/424670ac-09f1-4c3c-8ab5-93250f64f96b-300x200.jpg 300w, https:\/\/padrejosimo.com.br\/site\/wp-content\/uploads\/2025\/11\/424670ac-09f1-4c3c-8ab5-93250f64f96b-768x512.jpg 768w, https:\/\/padrejosimo.com.br\/site\/wp-content\/uploads\/2025\/11\/424670ac-09f1-4c3c-8ab5-93250f64f96b.jpg 1459w\" sizes=\"(max-width: 800px) 100vw, 800px\" \/><figcaption id=\"caption-attachment-8355\" class=\"wp-caption-text\"><em>Teatro de bonecos resgata mem\u00f3ria e resist\u00eancia \/ Jorge Le\u00e3o<\/em><\/figcaption><\/figure>\n<p><span style=\"font-weight: 400;\">O festival contou com intensa programa\u00e7\u00e3o cultural. O Boneco Basti\u00e3o, criado por Julinho do Ase e Pai J\u00falio de Oxal\u00e1, e o Vov\u00f4 Zuza, idealizado por Pai Alexandre D\u2019Ogum e Fernando Gomes, animaram o p\u00fablico com personagens que resgatam mem\u00f3ria e resist\u00eancia.<\/span><\/p>\n<p><span style=\"font-weight: 400;\">O Afox\u00e9 Amigos de Katend\u00ea \u2014 homenagem ao Mestre Moa do Katend\u00ea, assassinado por intoler\u00e2ncia pol\u00edtica \u2014 emocionou a plateia ao som do mestre Ratinho. Houve ainda declama\u00e7\u00e3o de poesia com Joseande Prestes e apresenta\u00e7\u00f5es de hip hop com o grupo Aguere.<\/span><\/p>\n<p><span style=\"font-weight: 400;\">No painel sobre esporte e cultura, a jovem lideran\u00e7a comunit\u00e1ria J\u00e9ssica Cardoso, da Associa\u00e7\u00e3o dos Moradores e Amigos da Vila Tronco (Amavtron), trouxe um alerta sobre o sonho do futebol entre meninos negros: \u201cHoje a gente v\u00ea muita ostenta\u00e7\u00e3o, a influ\u00eancia do YouTube e da internet. Os meninos querem ser Neymar. Mas se tu n\u00e3o tem um padrinho, tu n\u00e3o chega. E a\u00ed vem a frustra\u00e7\u00e3o\u201d.<\/span><\/p>\n<p><span style=\"font-weight: 400;\">Ela relatou hist\u00f3rias de adolescentes enganados por empres\u00e1rios e isolados em centros de treinamento, longe da fam\u00edlia. \u201cAcompanhei muitas m\u00e3es e muitos filhos chorando ao telefone\u201d, contou. Na Amavtron, que funciona como um ponto de cultura na Grande Cruzeiro, em Porto Alegre, a orienta\u00e7\u00e3o \u00e9 mostrar tanto o direito de sonhar quanto as \u201carmadilhas da vida\u201d.<\/span><\/p>\n<p><span style=\"font-weight: 400;\">Tamb\u00e9m presente, o professor e ex-\u00e1rbitro M\u00e1rcio Chagas refor\u00e7ou a import\u00e2ncia do esporte como espa\u00e7o de forma\u00e7\u00e3o, disciplina e respeito, e n\u00e3o apenas como poss\u00edvel carreira profissional. Em sua trajet\u00f3ria, o esporte tamb\u00e9m foi porta de acesso \u00e0 educa\u00e7\u00e3o por meio de bolsas escolares.<\/span><\/p>\n<p><span style=\"font-weight: 400;\">Chagas destacou o valor do resgate da cultura ancestral da negritude e o aprendizado com diferentes gera\u00e7\u00f5es. Lembrou da persegui\u00e7\u00e3o e da discrimina\u00e7\u00e3o sofrida por praticantes de matriz africana e refor\u00e7ou a necessidade de apoiar esses movimentos: \u201cO nosso prop\u00f3sito \u00e9 dar continuidade e fortalecer para que as tradi\u00e7\u00f5es de matriz africana n\u00e3o desapare\u00e7am.\u201d<\/span><\/p>\n<p>&nbsp;<\/p>\n<p><b>Democracia religiosa e conviv\u00eancia\u00a0<\/b><\/p>\n<p><span style=\"font-weight: 400;\">Um dos momentos mais simb\u00f3licos do festival foi a participa\u00e7\u00e3o do padre Jos\u00e9 Ivo Follmann, da Unisinos, que integra um grupo inter-religioso com 13 tradi\u00e7\u00f5es, incluindo quatro de matriz africana. Aos 79 anos, o padre afirmou estar \u201cdescobrindo um mundo maravilhoso\u201d ao acompanhar o festival: \u201c\u00c9 um encanto estar aqui e ouvir esses depoimentos emocionantes.\u201d<\/span><\/p>\n<p><span style=\"font-weight: 400;\">Para M\u00e3e Isabel, a presen\u00e7a dele resume o que o festival defende: conviv\u00eancia real. \u201cO muro da nossa casa divide com uma igreja cat\u00f3lica. O padre escuta os nossos tambores e n\u00f3s n\u00e3o temos problema nenhum com isso\u201d, afirmou.<\/span><\/p>\n<p><span style=\"font-weight: 400;\">Segundo ela, o di\u00e1logo \u00e9 concreto: \u201cQuando estou sem insumos para ajudar minha comunidade, vou l\u00e1 e pergunto: \u2018Padre, o senhor tem alguma cesta b\u00e1sica?\u2019 E eles t\u00eam. T\u00eam cobertores, ajudam. Podemos nos ajudar sem olhar quem fez a a\u00e7\u00e3o. \u00c9 sobre ajudar quem precisa.\u201d<\/span><\/p>\n<figure id=\"attachment_8356\" aria-describedby=\"caption-attachment-8356\" style=\"width: 800px\" class=\"wp-caption aligncenter\"><img loading=\"lazy\" decoding=\"async\" class=\"size-large wp-image-8356\" src=\"https:\/\/padrejosimo.com.br\/site\/wp-content\/uploads\/2025\/11\/fa6b4a16-00ed-40c4-9818-d5624ac2602d-1024x684.jpg\" alt=\"\" width=\"800\" height=\"534\" srcset=\"https:\/\/padrejosimo.com.br\/site\/wp-content\/uploads\/2025\/11\/fa6b4a16-00ed-40c4-9818-d5624ac2602d-1024x684.jpg 1024w, https:\/\/padrejosimo.com.br\/site\/wp-content\/uploads\/2025\/11\/fa6b4a16-00ed-40c4-9818-d5624ac2602d-300x200.jpg 300w, https:\/\/padrejosimo.com.br\/site\/wp-content\/uploads\/2025\/11\/fa6b4a16-00ed-40c4-9818-d5624ac2602d-768x513.jpg 768w, https:\/\/padrejosimo.com.br\/site\/wp-content\/uploads\/2025\/11\/fa6b4a16-00ed-40c4-9818-d5624ac2602d.jpg 1366w\" sizes=\"(max-width: 800px) 100vw, 800px\" \/><figcaption id=\"caption-attachment-8356\" class=\"wp-caption-text\">Evento contou com diversas rodas de conversa \/ Jorge Le\u00e3o<\/figcaption><\/figure>\n<p>&nbsp;<\/p>\n<p><b>Uma luta di\u00e1ria<\/b><\/p>\n<p><span style=\"font-weight: 400;\">Para Pai Dejair de Ogum, integrante do Conselho de Povos Tradicionais de Matriz Africana de S\u00e3o Leopoldo, o festival representou &#8220;comunidade, cultura, tradi\u00e7\u00e3o e resist\u00eancia dos povos de matriz africana\u201d e refor\u00e7a a necessidade de respeito e aceita\u00e7\u00e3o social. Ele destacou que as religi\u00f5es de matriz africana est\u00e3o entre as poucas que empoderam a mulher como lideran\u00e7a.<\/span><\/p>\n<p><span style=\"font-weight: 400;\">M\u00e3e Patr\u00edcia lembrou que terreiros est\u00e3o articulando, no m\u00eas de novembro, atividades com movimentos sociais para debater caminhos para o futuro, como cuidar da natureza, dialogar com o poder p\u00fablico e cobrar respostas das institui\u00e7\u00f5es. \u201c\u00c9 esse o lugar e a for\u00e7a que o festival carrega\u201d, disse.<\/span><\/p>\n<p><span style=\"font-weight: 400;\">Segundo M\u00e3e Isabel, com a conclus\u00e3o do evento neste ano, a edi\u00e7\u00e3o de 2026 j\u00e1 come\u00e7a a ser planejada. Contudo, ela destaca que luta vai muito al\u00e9m do m\u00eas de Consci\u00eancia Negra: \u201cFalar de negro n\u00e3o basta s\u00f3 em novembro. O racismo est\u00e1 a\u00ed todos os dias, na escola, nos hospitais, onde a popula\u00e7\u00e3o mais pobre e negra n\u00e3o recebe atendimento efetivo. Nossa luta come\u00e7a em janeiro e termina em 31 de dezembro\u201d.<\/span><\/p>\n<p>&nbsp;<\/p>\n<hr \/>\n<p>Esta mat\u00e9ria \u00e9 parte das a\u00e7\u00f5es do Projeto \u201cIgualdade e Cultura Negra: Vozes e Territ\u00f3rios\u201d, executado em parceria com o Minist\u00e9rio da Igualdade Racial. O apoio se d\u00e1 conforme o Termo de Fomento n\u00ba 973281, correspondente \u00e0 Meta 6 (Produ\u00e7\u00e3o de Mat\u00e9rias escritas para m\u00eddias digitais).<\/p>\n","protected":false},"excerpt":{"rendered":"<p>Encontro em S\u00e3o Leopoldo (RS) marca reconstru\u00e7\u00e3o dos terreiros como espa\u00e7os de espiritualidade e acolhimento<\/p>\n","protected":false},"featured_media":8352,"template":"","categorias_noticias":[],"class_list":["post-8351","noticias","type-noticias","status-publish","has-post-thumbnail","hentry"],"acf":[],"yoast_head":"<!-- This site is optimized with the Yoast SEO plugin v27.2 - https:\/\/yoast.com\/product\/yoast-seo-wordpress\/ -->\n<title>VOZES E TERRIT\u00d3RIOS | Festival Yab\u00e1s reafirma resist\u00eancia p\u00f3s-enchente e exalta for\u00e7a das mulheres na matriz africana - Instituto Cultural Padre Josimo<\/title>\n<meta name=\"robots\" content=\"index, follow, max-snippet:-1, max-image-preview:large, max-video-preview:-1\" \/>\n<link rel=\"canonical\" href=\"https:\/\/padrejosimo.com.br\/site\/noticias\/vozes-e-territorios-festival-yabas-reafirma-resistencia-pos-enchente-e-exalta-forca-das-mulheres-na-matriz-africana\/\" \/>\n<meta property=\"og:locale\" content=\"pt_BR\" \/>\n<meta property=\"og:type\" content=\"article\" \/>\n<meta property=\"og:title\" content=\"VOZES E TERRIT\u00d3RIOS | Festival Yab\u00e1s reafirma resist\u00eancia p\u00f3s-enchente e exalta for\u00e7a das mulheres na matriz africana - Instituto Cultural Padre Josimo\" \/>\n<meta property=\"og:description\" content=\"Encontro em S\u00e3o Leopoldo (RS) marca reconstru\u00e7\u00e3o dos terreiros como espa\u00e7os de espiritualidade e acolhimento\" \/>\n<meta property=\"og:url\" content=\"https:\/\/padrejosimo.com.br\/site\/noticias\/vozes-e-territorios-festival-yabas-reafirma-resistencia-pos-enchente-e-exalta-forca-das-mulheres-na-matriz-africana\/\" \/>\n<meta property=\"og:site_name\" content=\"Instituto Cultural Padre Josimo\" \/>\n<meta property=\"og:image\" content=\"https:\/\/padrejosimo.com.br\/site\/wp-content\/uploads\/2025\/11\/WhatsApp-Image-2025-11-24-at-18.25.02.jpeg\" \/>\n\t<meta property=\"og:image:width\" content=\"1452\" \/>\n\t<meta property=\"og:image:height\" content=\"968\" \/>\n\t<meta property=\"og:image:type\" content=\"image\/jpeg\" \/>\n<meta name=\"twitter:card\" content=\"summary_large_image\" \/>\n<meta name=\"twitter:label1\" content=\"Est. tempo de leitura\" \/>\n\t<meta name=\"twitter:data1\" content=\"9 minutos\" \/>\n<script type=\"application\/ld+json\" class=\"yoast-schema-graph\">{\"@context\":\"https:\/\/schema.org\",\"@graph\":[{\"@type\":\"WebPage\",\"@id\":\"https:\/\/padrejosimo.com.br\/site\/noticias\/vozes-e-territorios-festival-yabas-reafirma-resistencia-pos-enchente-e-exalta-forca-das-mulheres-na-matriz-africana\/\",\"url\":\"https:\/\/padrejosimo.com.br\/site\/noticias\/vozes-e-territorios-festival-yabas-reafirma-resistencia-pos-enchente-e-exalta-forca-das-mulheres-na-matriz-africana\/\",\"name\":\"VOZES E TERRIT\u00d3RIOS | Festival Yab\u00e1s reafirma resist\u00eancia p\u00f3s-enchente e exalta for\u00e7a das mulheres na matriz africana - Instituto Cultural Padre Josimo\",\"isPartOf\":{\"@id\":\"https:\/\/padrejosimo.com.br\/site\/#website\"},\"primaryImageOfPage\":{\"@id\":\"https:\/\/padrejosimo.com.br\/site\/noticias\/vozes-e-territorios-festival-yabas-reafirma-resistencia-pos-enchente-e-exalta-forca-das-mulheres-na-matriz-africana\/#primaryimage\"},\"image\":{\"@id\":\"https:\/\/padrejosimo.com.br\/site\/noticias\/vozes-e-territorios-festival-yabas-reafirma-resistencia-pos-enchente-e-exalta-forca-das-mulheres-na-matriz-africana\/#primaryimage\"},\"thumbnailUrl\":\"https:\/\/padrejosimo.com.br\/site\/wp-content\/uploads\/2025\/11\/WhatsApp-Image-2025-11-24-at-18.25.02.jpeg\",\"datePublished\":\"2025-11-24T23:40:51+00:00\",\"breadcrumb\":{\"@id\":\"https:\/\/padrejosimo.com.br\/site\/noticias\/vozes-e-territorios-festival-yabas-reafirma-resistencia-pos-enchente-e-exalta-forca-das-mulheres-na-matriz-africana\/#breadcrumb\"},\"inLanguage\":\"pt-BR\",\"potentialAction\":[{\"@type\":\"ReadAction\",\"target\":[\"https:\/\/padrejosimo.com.br\/site\/noticias\/vozes-e-territorios-festival-yabas-reafirma-resistencia-pos-enchente-e-exalta-forca-das-mulheres-na-matriz-africana\/\"]}]},{\"@type\":\"ImageObject\",\"inLanguage\":\"pt-BR\",\"@id\":\"https:\/\/padrejosimo.com.br\/site\/noticias\/vozes-e-territorios-festival-yabas-reafirma-resistencia-pos-enchente-e-exalta-forca-das-mulheres-na-matriz-africana\/#primaryimage\",\"url\":\"https:\/\/padrejosimo.com.br\/site\/wp-content\/uploads\/2025\/11\/WhatsApp-Image-2025-11-24-at-18.25.02.jpeg\",\"contentUrl\":\"https:\/\/padrejosimo.com.br\/site\/wp-content\/uploads\/2025\/11\/WhatsApp-Image-2025-11-24-at-18.25.02.jpeg\",\"width\":1452,\"height\":968,\"caption\":\"Il\u00ea Ax\u00e9 Oyawoy\u00ea, em S\u00e3o Leopoldo (RS), foi palco de encontro entre povo de ax\u00e9, artistas, intelectuais, lideran\u00e7as e moradores \/ Cr\u00e9dito: Jorge Le\u00e3o\"},{\"@type\":\"BreadcrumbList\",\"@id\":\"https:\/\/padrejosimo.com.br\/site\/noticias\/vozes-e-territorios-festival-yabas-reafirma-resistencia-pos-enchente-e-exalta-forca-das-mulheres-na-matriz-africana\/#breadcrumb\",\"itemListElement\":[{\"@type\":\"ListItem\",\"position\":1,\"name\":\"In\u00edcio\",\"item\":\"https:\/\/padrejosimo.com.br\/site\/\"},{\"@type\":\"ListItem\",\"position\":2,\"name\":\"Not\u00edcias\",\"item\":\"https:\/\/padrejosimo.com.br\/site\/noticias\/\"},{\"@type\":\"ListItem\",\"position\":3,\"name\":\"VOZES E TERRIT\u00d3RIOS | Festival Yab\u00e1s reafirma resist\u00eancia p\u00f3s-enchente e exalta for\u00e7a das mulheres na matriz africana\"}]},{\"@type\":\"WebSite\",\"@id\":\"https:\/\/padrejosimo.com.br\/site\/#website\",\"url\":\"https:\/\/padrejosimo.com.br\/site\/\",\"name\":\"Instituto Cultural Padre Josimo\",\"description\":\"Comprometida com a promo\u00e7\u00e3o da justi\u00e7a social, agroecologia e educa\u00e7\u00e3o popular\",\"publisher\":{\"@id\":\"https:\/\/padrejosimo.com.br\/site\/#organization\"},\"alternateName\":\"ICPJ\",\"potentialAction\":[{\"@type\":\"SearchAction\",\"target\":{\"@type\":\"EntryPoint\",\"urlTemplate\":\"https:\/\/padrejosimo.com.br\/site\/?s={search_term_string}\"},\"query-input\":{\"@type\":\"PropertyValueSpecification\",\"valueRequired\":true,\"valueName\":\"search_term_string\"}}],\"inLanguage\":\"pt-BR\"},{\"@type\":\"Organization\",\"@id\":\"https:\/\/padrejosimo.com.br\/site\/#organization\",\"name\":\"Instituto Cultural Padre Josimo\",\"alternateName\":\"ICPJ\",\"url\":\"https:\/\/padrejosimo.com.br\/site\/\",\"logo\":{\"@type\":\"ImageObject\",\"inLanguage\":\"pt-BR\",\"@id\":\"https:\/\/padrejosimo.com.br\/site\/#\/schema\/logo\/image\/\",\"url\":\"https:\/\/padrejosimo.com.br\/site\/wp-content\/uploads\/2025\/09\/cropped-icon-icpj.png\",\"contentUrl\":\"https:\/\/padrejosimo.com.br\/site\/wp-content\/uploads\/2025\/09\/cropped-icon-icpj.png\",\"width\":512,\"height\":512,\"caption\":\"Instituto Cultural Padre Josimo\"},\"image\":{\"@id\":\"https:\/\/padrejosimo.com.br\/site\/#\/schema\/logo\/image\/\"}}]}<\/script>\n<!-- \/ Yoast SEO plugin. -->","yoast_head_json":{"title":"VOZES E TERRIT\u00d3RIOS | Festival Yab\u00e1s reafirma resist\u00eancia p\u00f3s-enchente e exalta for\u00e7a das mulheres na matriz africana - Instituto Cultural Padre Josimo","robots":{"index":"index","follow":"follow","max-snippet":"max-snippet:-1","max-image-preview":"max-image-preview:large","max-video-preview":"max-video-preview:-1"},"canonical":"https:\/\/padrejosimo.com.br\/site\/noticias\/vozes-e-territorios-festival-yabas-reafirma-resistencia-pos-enchente-e-exalta-forca-das-mulheres-na-matriz-africana\/","og_locale":"pt_BR","og_type":"article","og_title":"VOZES E TERRIT\u00d3RIOS | Festival Yab\u00e1s reafirma resist\u00eancia p\u00f3s-enchente e exalta for\u00e7a das mulheres na matriz africana - Instituto Cultural Padre Josimo","og_description":"Encontro em S\u00e3o Leopoldo (RS) marca reconstru\u00e7\u00e3o dos terreiros como espa\u00e7os de espiritualidade e acolhimento","og_url":"https:\/\/padrejosimo.com.br\/site\/noticias\/vozes-e-territorios-festival-yabas-reafirma-resistencia-pos-enchente-e-exalta-forca-das-mulheres-na-matriz-africana\/","og_site_name":"Instituto Cultural Padre Josimo","og_image":[{"width":1452,"height":968,"url":"https:\/\/padrejosimo.com.br\/site\/wp-content\/uploads\/2025\/11\/WhatsApp-Image-2025-11-24-at-18.25.02.jpeg","type":"image\/jpeg"}],"twitter_card":"summary_large_image","twitter_misc":{"Est. tempo de leitura":"9 minutos"},"schema":{"@context":"https:\/\/schema.org","@graph":[{"@type":"WebPage","@id":"https:\/\/padrejosimo.com.br\/site\/noticias\/vozes-e-territorios-festival-yabas-reafirma-resistencia-pos-enchente-e-exalta-forca-das-mulheres-na-matriz-africana\/","url":"https:\/\/padrejosimo.com.br\/site\/noticias\/vozes-e-territorios-festival-yabas-reafirma-resistencia-pos-enchente-e-exalta-forca-das-mulheres-na-matriz-africana\/","name":"VOZES E TERRIT\u00d3RIOS | Festival Yab\u00e1s reafirma resist\u00eancia p\u00f3s-enchente e exalta for\u00e7a das mulheres na matriz africana - Instituto Cultural Padre Josimo","isPartOf":{"@id":"https:\/\/padrejosimo.com.br\/site\/#website"},"primaryImageOfPage":{"@id":"https:\/\/padrejosimo.com.br\/site\/noticias\/vozes-e-territorios-festival-yabas-reafirma-resistencia-pos-enchente-e-exalta-forca-das-mulheres-na-matriz-africana\/#primaryimage"},"image":{"@id":"https:\/\/padrejosimo.com.br\/site\/noticias\/vozes-e-territorios-festival-yabas-reafirma-resistencia-pos-enchente-e-exalta-forca-das-mulheres-na-matriz-africana\/#primaryimage"},"thumbnailUrl":"https:\/\/padrejosimo.com.br\/site\/wp-content\/uploads\/2025\/11\/WhatsApp-Image-2025-11-24-at-18.25.02.jpeg","datePublished":"2025-11-24T23:40:51+00:00","breadcrumb":{"@id":"https:\/\/padrejosimo.com.br\/site\/noticias\/vozes-e-territorios-festival-yabas-reafirma-resistencia-pos-enchente-e-exalta-forca-das-mulheres-na-matriz-africana\/#breadcrumb"},"inLanguage":"pt-BR","potentialAction":[{"@type":"ReadAction","target":["https:\/\/padrejosimo.com.br\/site\/noticias\/vozes-e-territorios-festival-yabas-reafirma-resistencia-pos-enchente-e-exalta-forca-das-mulheres-na-matriz-africana\/"]}]},{"@type":"ImageObject","inLanguage":"pt-BR","@id":"https:\/\/padrejosimo.com.br\/site\/noticias\/vozes-e-territorios-festival-yabas-reafirma-resistencia-pos-enchente-e-exalta-forca-das-mulheres-na-matriz-africana\/#primaryimage","url":"https:\/\/padrejosimo.com.br\/site\/wp-content\/uploads\/2025\/11\/WhatsApp-Image-2025-11-24-at-18.25.02.jpeg","contentUrl":"https:\/\/padrejosimo.com.br\/site\/wp-content\/uploads\/2025\/11\/WhatsApp-Image-2025-11-24-at-18.25.02.jpeg","width":1452,"height":968,"caption":"Il\u00ea Ax\u00e9 Oyawoy\u00ea, em S\u00e3o Leopoldo (RS), foi palco de encontro entre povo de ax\u00e9, artistas, intelectuais, lideran\u00e7as e moradores \/ Cr\u00e9dito: Jorge Le\u00e3o"},{"@type":"BreadcrumbList","@id":"https:\/\/padrejosimo.com.br\/site\/noticias\/vozes-e-territorios-festival-yabas-reafirma-resistencia-pos-enchente-e-exalta-forca-das-mulheres-na-matriz-africana\/#breadcrumb","itemListElement":[{"@type":"ListItem","position":1,"name":"In\u00edcio","item":"https:\/\/padrejosimo.com.br\/site\/"},{"@type":"ListItem","position":2,"name":"Not\u00edcias","item":"https:\/\/padrejosimo.com.br\/site\/noticias\/"},{"@type":"ListItem","position":3,"name":"VOZES E TERRIT\u00d3RIOS | Festival Yab\u00e1s reafirma resist\u00eancia p\u00f3s-enchente e exalta for\u00e7a das mulheres na matriz africana"}]},{"@type":"WebSite","@id":"https:\/\/padrejosimo.com.br\/site\/#website","url":"https:\/\/padrejosimo.com.br\/site\/","name":"Instituto Cultural Padre Josimo","description":"Comprometida com a promo\u00e7\u00e3o da justi\u00e7a social, agroecologia e educa\u00e7\u00e3o popular","publisher":{"@id":"https:\/\/padrejosimo.com.br\/site\/#organization"},"alternateName":"ICPJ","potentialAction":[{"@type":"SearchAction","target":{"@type":"EntryPoint","urlTemplate":"https:\/\/padrejosimo.com.br\/site\/?s={search_term_string}"},"query-input":{"@type":"PropertyValueSpecification","valueRequired":true,"valueName":"search_term_string"}}],"inLanguage":"pt-BR"},{"@type":"Organization","@id":"https:\/\/padrejosimo.com.br\/site\/#organization","name":"Instituto Cultural Padre Josimo","alternateName":"ICPJ","url":"https:\/\/padrejosimo.com.br\/site\/","logo":{"@type":"ImageObject","inLanguage":"pt-BR","@id":"https:\/\/padrejosimo.com.br\/site\/#\/schema\/logo\/image\/","url":"https:\/\/padrejosimo.com.br\/site\/wp-content\/uploads\/2025\/09\/cropped-icon-icpj.png","contentUrl":"https:\/\/padrejosimo.com.br\/site\/wp-content\/uploads\/2025\/09\/cropped-icon-icpj.png","width":512,"height":512,"caption":"Instituto Cultural Padre Josimo"},"image":{"@id":"https:\/\/padrejosimo.com.br\/site\/#\/schema\/logo\/image\/"}}]}},"_links":{"self":[{"href":"https:\/\/padrejosimo.com.br\/site\/wp-json\/wp\/v2\/noticias\/8351","targetHints":{"allow":["GET"]}}],"collection":[{"href":"https:\/\/padrejosimo.com.br\/site\/wp-json\/wp\/v2\/noticias"}],"about":[{"href":"https:\/\/padrejosimo.com.br\/site\/wp-json\/wp\/v2\/types\/noticias"}],"wp:featuredmedia":[{"embeddable":true,"href":"https:\/\/padrejosimo.com.br\/site\/wp-json\/wp\/v2\/media\/8352"}],"wp:attachment":[{"href":"https:\/\/padrejosimo.com.br\/site\/wp-json\/wp\/v2\/media?parent=8351"}],"wp:term":[{"taxonomy":"categorias_noticias","embeddable":true,"href":"https:\/\/padrejosimo.com.br\/site\/wp-json\/wp\/v2\/categorias_noticias?post=8351"}],"curies":[{"name":"wp","href":"https:\/\/api.w.org\/{rel}","templated":true}]}}