{"id":8330,"date":"2025-11-19T16:26:29","date_gmt":"2025-11-19T19:26:29","guid":{"rendered":"https:\/\/padrejosimo.com.br\/site\/?post_type=noticias&#038;p=8330"},"modified":"2025-11-19T16:26:29","modified_gmt":"2025-11-19T19:26:29","slug":"consciencia-negra-do-rs-para-o-brasil-a-trajetoria-do-grupo-palmares-na-construcao-do-20-de-novembro","status":"publish","type":"noticias","link":"https:\/\/padrejosimo.com.br\/site\/noticias\/consciencia-negra-do-rs-para-o-brasil-a-trajetoria-do-grupo-palmares-na-construcao-do-20-de-novembro\/","title":{"rendered":"Consci\u00eancia Negra |\u00a0Do RS para o Brasil: a trajet\u00f3ria do Grupo Palmares na constru\u00e7\u00e3o do 20 de Novembro"},"content":{"rendered":"<blockquote>\n<p><b><i>Ant\u00f4nio Carlos C\u00f4rtes e Naiara Silveira relembram origem da data e impactos na luta antirracista<\/i><\/b><\/p>\n<\/blockquote>\n<p><span style=\"font-weight: 400;\">\u00a0<\/span><\/p>\n<figure id=\"attachment_8331\" aria-describedby=\"caption-attachment-8331\" style=\"width: 800px\" class=\"wp-caption aligncenter\"><img fetchpriority=\"high\" decoding=\"async\" class=\"size-full wp-image-8331\" src=\"https:\/\/padrejosimo.com.br\/site\/wp-content\/uploads\/2025\/11\/WhatsApp-Image-2025-11-19-at-15.34.52.jpeg\" alt=\"\" width=\"800\" height=\"533\" srcset=\"https:\/\/padrejosimo.com.br\/site\/wp-content\/uploads\/2025\/11\/WhatsApp-Image-2025-11-19-at-15.34.52.jpeg 800w, https:\/\/padrejosimo.com.br\/site\/wp-content\/uploads\/2025\/11\/WhatsApp-Image-2025-11-19-at-15.34.52-300x200.jpeg 300w, https:\/\/padrejosimo.com.br\/site\/wp-content\/uploads\/2025\/11\/WhatsApp-Image-2025-11-19-at-15.34.52-768x512.jpeg 768w\" sizes=\"(max-width: 800px) 100vw, 800px\" \/><figcaption id=\"caption-attachment-8331\" class=\"wp-caption-text\">Est\u00e1tua de Zumbi dos Palmares inaugurada em 20 de novembro de 2024 em Porto Alegre \/ Jorge Le\u00e3o<\/figcaption><\/figure>\n<p>&nbsp;<\/p>\n<p><span style=\"font-weight: 400;\">Na noite de 20 de novembro de 1971, em plena ditadura militar, acontecia no Clube N\u00e1utico Marc\u00edlio Dias, um clube social negro de Porto Alegre, a primeira celebra\u00e7\u00e3o de uma data de reflex\u00e3o e luta por igualdade racial no Brasil escolhida pelo pr\u00f3prio povo negro. Organizado pelo Grupo Palmares, o evento fazia contraponto ao 13 de maio de 1888, dia que a Princesa Isabel assinou a Lei \u00c1urea, oficializando o fim \u00e0 escravid\u00e3o, mas sem garantir direitos humanos \u00e0 popula\u00e7\u00e3o negra. Em vez disso, evocaram o dia da morte de Zumbi dos Palmares como marco de resist\u00eancia, plantando as sementes do que viria a se tornar, mais de 50 anos depois, o feriado nacional do Dia da Consci\u00eancia Negra.<\/span><\/p>\n<p><span style=\"font-weight: 400;\">O Grupo Palmares foi fundado por Oliveira Silveira, Ant\u00f4nio Carlos C\u00f4rtes, Ilmo da Silva e Vilmar Nunes. \u00danico ainda vivo, hoje com 76 anos, o advogado, psicanalista, jornalista e escritor Ant\u00f4nio Carlos C\u00f4rtes revisita a origem da data. Recorda que os integrantes do grupo eram ligados \u00e0 Sociedade Floresta Aurora, fundada em 1872 e a mais longeva das sociedades negras criadas no estado no s\u00e9culo 19.<\/span><\/p>\n<p><span style=\"font-weight: 400;\">\u201c\u00c9ramos da Sociedade Floresta Aurora, mas sa\u00edmos formalmente para n\u00e3o causar problemas \u00e0 diretoria, em plena ditadura\u201d, conta. Para C\u00f4rtes, que considera o Rio Grande do Sul o estado mais racista do Brasil, n\u00e3o h\u00e1 valoriza\u00e7\u00e3o local pelo nascimento da celebra\u00e7\u00e3o do 20 de Novembro em Porto Alegre. \u201cAt\u00e9 hoje, a cidade que o originou n\u00e3o lhe d\u00e1 o devido reconhecimento.\u201d<\/span><\/p>\n<p>&nbsp;<\/p>\n<figure id=\"attachment_8332\" aria-describedby=\"caption-attachment-8332\" style=\"width: 768px\" class=\"wp-caption aligncenter\"><img decoding=\"async\" class=\"size-full wp-image-8332\" src=\"https:\/\/padrejosimo.com.br\/site\/wp-content\/uploads\/2025\/11\/WhatsApp-Image-2025-11-19-at-15.35.01.jpeg\" alt=\"\" width=\"768\" height=\"512\" srcset=\"https:\/\/padrejosimo.com.br\/site\/wp-content\/uploads\/2025\/11\/WhatsApp-Image-2025-11-19-at-15.35.01.jpeg 768w, https:\/\/padrejosimo.com.br\/site\/wp-content\/uploads\/2025\/11\/WhatsApp-Image-2025-11-19-at-15.35.01-300x200.jpeg 300w\" sizes=\"(max-width: 768px) 100vw, 768px\" \/><figcaption id=\"caption-attachment-8332\" class=\"wp-caption-text\">Primeiro ato evocativo ao 20 de Novembro, em 1971, no Clube N\u00e1utico Marc\u00edlio Dias, em Porto Alegre<br \/>\n\/ Acervo Oliveira Silveira<\/figcaption><\/figure>\n<p>&nbsp;<\/p>\n<p><span style=\"font-weight: 400;\">A capital ga\u00facha resistiu a instituir o feriado do Dia da Consci\u00eancia Negra, que antes de ser uma celebra\u00e7\u00e3o nacional j\u00e1 era reconhecido em mais de mil munic\u00edpios brasileiros. \u201cA C\u00e2mara de Vereadores de Porto Alegre chegou a aprovar, mas os lojistas entraram na Justi\u00e7a alegando inconstitucionalidade. S\u00f3 em 2023, com o presidente Lula, o 20 de Novembro virou feriado nacional\u201d, recorda.<\/span><\/p>\n<p><span style=\"font-weight: 400;\">\u00a0<\/span><\/p>\n<p><b>Ra\u00edzes e legado de Oliveira Silveira<\/b><\/p>\n<p><span style=\"font-weight: 400;\">O nome mais conhecido do Grupo Palmares \u00e9 o do poeta, professor e escritor Oliveira Silveira. Com uma vasta produ\u00e7\u00e3o liter\u00e1ria desde os anos 60, firmou-se como um dos intelectuais de destaque do movimento negro no pa\u00eds. Faleceu em 2009, aos 67 anos, e hoje sua milit\u00e2ncia \u00e9 amplamente reconhecida. \u201cInfelizmente ele n\u00e3o teve todo esse reconhecimento merecido ainda em vida\u201d, afirma C\u00f4rtes.<\/span><\/p>\n<p><span style=\"font-weight: 400;\">Quem carrega o legado de Oliveira Silveira atualmente \u00e9 sua \u00fanica filha, Naiara Rodrigues Silveira. Ela cresceu em meio ao movimento negro, ao lado do pai, e herdou a hist\u00f3ria de luta. Da mesma forma que C\u00f4rtes, ela destaca o protagonismo do Rio Grande do Sul no surgimento da data, atrav\u00e9s do Grupo Palmares, e critica a falta de pol\u00edticas p\u00fablicas para preservar o patrim\u00f4nio hist\u00f3rico.<\/span><\/p>\n<p><span style=\"font-weight: 400;\">Silveira conta que o 20 de Novembro nasceu no in\u00edcio dos anos 1970, quando jovens de clubes negros de Porto Alegre passaram a questionar o 13 de Maio. \u201cEles viram que a data n\u00e3o nos representava e foram pesquisar outra com maior significado\u201d, relata. O grupo encontrou em um livro a refer\u00eancia \u00e0 morte de Zumbi dos Palmares, ocorrida em 1695.<\/span><\/p>\n<p>&nbsp;<\/p>\n<figure id=\"attachment_8333\" aria-describedby=\"caption-attachment-8333\" style=\"width: 800px\" class=\"wp-caption aligncenter\"><img decoding=\"async\" class=\"size-large wp-image-8333\" src=\"https:\/\/padrejosimo.com.br\/site\/wp-content\/uploads\/2025\/11\/WhatsApp-Image-2025-11-19-at-15.35.10-1024x768.jpeg\" alt=\"\" width=\"800\" height=\"600\" srcset=\"https:\/\/padrejosimo.com.br\/site\/wp-content\/uploads\/2025\/11\/WhatsApp-Image-2025-11-19-at-15.35.10-1024x768.jpeg 1024w, https:\/\/padrejosimo.com.br\/site\/wp-content\/uploads\/2025\/11\/WhatsApp-Image-2025-11-19-at-15.35.10-300x225.jpeg 300w, https:\/\/padrejosimo.com.br\/site\/wp-content\/uploads\/2025\/11\/WhatsApp-Image-2025-11-19-at-15.35.10-768x576.jpeg 768w, https:\/\/padrejosimo.com.br\/site\/wp-content\/uploads\/2025\/11\/WhatsApp-Image-2025-11-19-at-15.35.10-1536x1152.jpeg 1536w, https:\/\/padrejosimo.com.br\/site\/wp-content\/uploads\/2025\/11\/WhatsApp-Image-2025-11-19-at-15.35.10.jpeg 1600w\" sizes=\"(max-width: 800px) 100vw, 800px\" \/><figcaption id=\"caption-attachment-8333\" class=\"wp-caption-text\">Naiara Rodrigues Silveira ao lado de livro e camisa do pai, em exposi\u00e7\u00e3o na Casa de Cultuta Mario Quintana \/ Marcelo Ferreira<\/figcaption><\/figure>\n<p>&nbsp;<\/p>\n<p><span style=\"font-weight: 400;\">\u201cZumbi \u00e9 o s\u00edmbolo da resist\u00eancia. N\u00e3o havia a data de nascimento dele, mas a morte j\u00e1 era um marco da luta. A partir dali, o Grupo Palmares come\u00e7ou a evocar o 20 de Novembro\u201d, explica Silveira. O primeiro encontro ocorreu em 1971, no Clube N\u00e1utico Marc\u00edlio Dias, registrado pela censura como reuni\u00e3o de teatro, \u201cpara driblar a ditadura\u201d, segundo a filha do poeta.<\/span><\/p>\n<p><span style=\"font-weight: 400;\">\u00a0<\/span><\/p>\n<p><b>Da inquieta\u00e7\u00e3o \u00e0 luta<\/b><\/p>\n<p><span style=\"font-weight: 400;\">A busca de uma data que melhor representasse a luta contra o racismo nasceu antes da oficializa\u00e7\u00e3o do Grupo Palmares, quando o grupo de amigos se encontrava no centro de Porto Alegre para discutir filmes ap\u00f3s sess\u00f5es de cinema. Ao contar essa hist\u00f3ria, C\u00f4rtes relembra de sua inf\u00e2ncia em Porto Alegre. Foi quando iniciaram os fatos de sua vida que forjaram as inquieta\u00e7\u00f5es sobre o preconceito racial.<\/span><\/p>\n<p><span style=\"font-weight: 400;\">Nascido na antiga Col\u00f4nia Africana, ele carrega na mem\u00f3ria as marcas do deslocamento for\u00e7ado das fam\u00edlias negras para a periferia. Filho de um funcion\u00e1rio da Loteria do Estado, estudou com os irm\u00e3os no Col\u00e9gio Nossa Senhora das Dores. Como a fam\u00edlia n\u00e3o ganhou bolsa de estudos para todos, a escola sugeriu garantir as vagas em troca dos irm\u00e3os varrerem as salas de aula do prim\u00e1rio uma hora antes da entrada. \u201cEra trabalho infantil, que s\u00f3 depois percebemos. Mas o gesto de solidariedade dos colegas brancos, que vinham ajudar, mostrava a pureza das crian\u00e7as\u201d, relembra.<\/span><\/p>\n<p><span style=\"font-weight: 400;\">\u00a0<\/span><\/p>\n<figure id=\"attachment_8334\" aria-describedby=\"caption-attachment-8334\" style=\"width: 800px\" class=\"wp-caption aligncenter\"><img loading=\"lazy\" decoding=\"async\" class=\"size-large wp-image-8334\" src=\"https:\/\/padrejosimo.com.br\/site\/wp-content\/uploads\/2025\/11\/WhatsApp-Image-2025-11-19-at-15.35.19-1024x768.jpeg\" alt=\"\" width=\"800\" height=\"600\" srcset=\"https:\/\/padrejosimo.com.br\/site\/wp-content\/uploads\/2025\/11\/WhatsApp-Image-2025-11-19-at-15.35.19-1024x768.jpeg 1024w, https:\/\/padrejosimo.com.br\/site\/wp-content\/uploads\/2025\/11\/WhatsApp-Image-2025-11-19-at-15.35.19-300x225.jpeg 300w, https:\/\/padrejosimo.com.br\/site\/wp-content\/uploads\/2025\/11\/WhatsApp-Image-2025-11-19-at-15.35.19-768x576.jpeg 768w, https:\/\/padrejosimo.com.br\/site\/wp-content\/uploads\/2025\/11\/WhatsApp-Image-2025-11-19-at-15.35.19-1536x1152.jpeg 1536w, https:\/\/padrejosimo.com.br\/site\/wp-content\/uploads\/2025\/11\/WhatsApp-Image-2025-11-19-at-15.35.19.jpeg 1600w\" sizes=\"(max-width: 800px) 100vw, 800px\" \/><figcaption id=\"caption-attachment-8334\" class=\"wp-caption-text\">Ant\u00f4nio Carlos C\u00f4rtes \u00e9 o \u00fanico dos fundadores do Grupo Palmares vivo \/ Marcelo Ferreira<\/figcaption><\/figure>\n<p><span style=\"font-weight: 400;\">J\u00e1 na juventude vieram os encontros com amigos negros que compartilhavam das mesmas inquieta\u00e7\u00f5es. Ele conta que um dos colegas, Jorge Ant\u00f4nio dos Santos, se revoltava com a relev\u00e2ncia dada ao 13 de Maio. \u201cQuando entrei na Faculdade de Direito da Universidade Federal do Rio Grande do Sul (Ufrgs), um professor me disse que a Lei \u00c1urea tinha s\u00f3 dois artigos, abolindo a escravid\u00e3o e revogando disposi\u00e7\u00f5es em contr\u00e1rio, e nada mais. Aquilo me inquietou ainda mais\u201d, conta.<\/span><\/p>\n<p><span style=\"font-weight: 400;\">Na Biblioteca P\u00fablica do Estado, C\u00f4rtes encontrou o livro O Quilombo dos Palmares, de Edison Carneiro. Em busca de uma data relevante, ele tentou encontrar o dia de nascimento de Zumbi, mas s\u00f3 encontrou o da morte: 20 de novembro de 1695. \u201cLevei ao grupo e propus que nos cham\u00e1ssemos Grupo Palmares. Foi unanimidade.\u201d<\/span><\/p>\n<p><span style=\"font-weight: 400;\">\u00a0<\/span><\/p>\n<p><b>Repercuss\u00e3o nacional\u00a0<\/b><\/p>\n<p><span style=\"font-weight: 400;\">C\u00f4rtes recorda que foi a imprensa de fora do Rio Grande do Sul que deu repercuss\u00e3o \u00e0s propostas do Grupo Palmares. \u201cNenhum jornal daqui quis publicar. Mas um jornalista do Jornal do Brasil, de Cachoeira do Sul, escreveu quatro linhas: \u2018Quatro negros universit\u00e1rios de Porto Alegre dizem n\u00e3o ao 13 de maio da Princesa Isabel e sim ao 20 de novembro de Zumbi dos Palmares\u2019. Isso explodiu e chegou a S\u00e3o Paulo\u201d, lembra.<\/span><\/p>\n<p><span style=\"font-weight: 400;\">A data come\u00e7ou a ser valorizada por coletivos negros em diversas cidades brasileiras e se tornou nacional com a funda\u00e7\u00e3o do Movimento Negro Unificado (MNU), em 7 de julho de 1978. \u201cFoi o poeta Oswaldo de Camargo quem sugeriu, num evento em Salvador, que a data fosse chamada de Dia da Consci\u00eancia Negra. Dali em diante, mais de mil cidades brasileiras a reconheceram\u201d, afirma C\u00f4rtes.<\/span><\/p>\n<p><span style=\"font-weight: 400;\">\u00a0<\/span><\/p>\n<p><b>O poeta e o territ\u00f3rio afro-ga\u00facho<\/b><\/p>\n<p><span style=\"font-weight: 400;\">Naiara Rodrigues Silveira destaca a forte liga\u00e7\u00e3o do pai com suas ra\u00edzes afro-ga\u00fachas. Nascido no distrito de Toropasso, em Ros\u00e1rio do Sul, Oliveira Silveira foi alfabetizado em um pequeno c\u00f4modo por uma professora que chegava a cavalo. Mudou-se para seguir estudando, formou-se professor na Ufrgs e manteve por toda a vida a liga\u00e7\u00e3o com o campo, a fam\u00edlia e as tradi\u00e7\u00f5es regionais.<\/span><\/p>\n<p><span style=\"font-weight: 400;\">\u201cEssa identidade aparece de forma marcante em sua obra. Al\u00e9m do cl\u00e1ssico Pelo Escuro (1977), ele escreveu livros que homenageiam sua fam\u00edlia, o interior, o bandoneon do tio e a vida no espa\u00e7o rural, um tra\u00e7o caracter\u00edstico da poesia afro-ga\u00facha, que tamb\u00e9m dialoga com instrumentos como o sopapo, tambor ancestral de origem negra presente no extremo Sul e s\u00edmbolo da for\u00e7a da cultura afro-ga\u00facha\u201d, afirma.<\/span><\/p>\n<p>&nbsp;<\/p>\n<figure id=\"attachment_8335\" aria-describedby=\"caption-attachment-8335\" style=\"width: 800px\" class=\"wp-caption aligncenter\"><img loading=\"lazy\" decoding=\"async\" class=\"size-large wp-image-8335\" src=\"https:\/\/padrejosimo.com.br\/site\/wp-content\/uploads\/2025\/11\/WhatsApp-Image-2025-11-19-at-15.35.30-1024x768.jpeg\" alt=\"\" width=\"800\" height=\"600\" srcset=\"https:\/\/padrejosimo.com.br\/site\/wp-content\/uploads\/2025\/11\/WhatsApp-Image-2025-11-19-at-15.35.30-1024x768.jpeg 1024w, https:\/\/padrejosimo.com.br\/site\/wp-content\/uploads\/2025\/11\/WhatsApp-Image-2025-11-19-at-15.35.30-300x225.jpeg 300w, https:\/\/padrejosimo.com.br\/site\/wp-content\/uploads\/2025\/11\/WhatsApp-Image-2025-11-19-at-15.35.30-768x576.jpeg 768w, https:\/\/padrejosimo.com.br\/site\/wp-content\/uploads\/2025\/11\/WhatsApp-Image-2025-11-19-at-15.35.30-1536x1152.jpeg 1536w, https:\/\/padrejosimo.com.br\/site\/wp-content\/uploads\/2025\/11\/WhatsApp-Image-2025-11-19-at-15.35.30.jpeg 1600w\" sizes=\"(max-width: 800px) 100vw, 800px\" \/><figcaption id=\"caption-attachment-8335\" class=\"wp-caption-text\">Legenda: Publica\u00e7\u00f5es hist\u00f3ricas de Oliveira Silveira em exposi\u00e7\u00e3o na Casa de Cultura Mario Quintana<br \/>\n\/ Marcelo Ferreira<\/figcaption><\/figure>\n<p><span style=\"font-weight: 400;\">Durante a entrevista, ela recitou um trecho do Poema sobre Palmares, no qual Oliveira Silveira narra a fuga, o reencontro e a liberta\u00e7\u00e3o do negro que chega ao quilombo. O poema, segundo ela, \u201c\u00e9 uma aula de hist\u00f3ria\u201d.<\/span><\/p>\n<p><i><span style=\"font-weight: 400;\">Nos p\u00e9s tenho ainda correntes,<\/span><\/i><i><span style=\"font-weight: 400;\"><br \/>\n<\/span><\/i><i><span style=\"font-weight: 400;\">nas m\u00e3os ainda levo algemas<\/span><\/i><i><span style=\"font-weight: 400;\"><br \/>\n<\/span><\/i><i><span style=\"font-weight: 400;\">e no pesco\u00e7o gargalheira,<\/span><\/i><i><span style=\"font-weight: 400;\"><br \/>\n<\/span><\/i><i><span style=\"font-weight: 400;\">na alma um pouco de banzo<\/span><\/i><i><span style=\"font-weight: 400;\"><br \/>\n<\/span><\/i><i><span style=\"font-weight: 400;\">mas antes que ele me tome,<\/span><\/i><i><span style=\"font-weight: 400;\"><br \/>\n<\/span><\/i><i><span style=\"font-weight: 400;\">quebro tudo, me sumo na noite<\/span><\/i><i><span style=\"font-weight: 400;\"><br \/>\n<\/span><\/i><i><span style=\"font-weight: 400;\">da cor de minha pele,<\/span><\/i><i><span style=\"font-weight: 400;\"><br \/>\n<\/span><\/i><i><span style=\"font-weight: 400;\">me embrenho no mato<\/span><\/i><i><span style=\"font-weight: 400;\"><br \/>\n<\/span><\/i><i><span style=\"font-weight: 400;\">dos pelos do corpo,<\/span><\/i><i><span style=\"font-weight: 400;\"><br \/>\n<\/span><\/i><i><span style=\"font-weight: 400;\">nado no rio longo<\/span><\/i><i><span style=\"font-weight: 400;\"><br \/>\n<\/span><\/i><i><span style=\"font-weight: 400;\">do sangue,<\/span><\/i><i><span style=\"font-weight: 400;\"><br \/>\n<\/span><\/i><i><span style=\"font-weight: 400;\">v\u00f4o nas asas negras<\/span><\/i><i><span style=\"font-weight: 400;\"><br \/>\n<\/span><\/i><i><span style=\"font-weight: 400;\">da alma,<\/span><\/i><i><span style=\"font-weight: 400;\"><br \/>\n<\/span><\/i><i><span style=\"font-weight: 400;\">regrido na floresta<\/span><\/i><i><span style=\"font-weight: 400;\"><br \/>\n<\/span><\/i><i><span style=\"font-weight: 400;\">dos s\u00e9culos,<\/span><\/i><i><span style=\"font-weight: 400;\"><br \/>\n<\/span><\/i><i><span style=\"font-weight: 400;\">encontro meus irm\u00e3os,<\/span><\/i><i><span style=\"font-weight: 400;\"><br \/>\n<\/span><\/i><i><span style=\"font-weight: 400;\">\u00e9 Palmar,<\/span><\/i><i><span style=\"font-weight: 400;\"><br \/>\n<\/span><\/i><i><span style=\"font-weight: 400;\">estou salvo!<\/span><\/i><\/p>\n<p>&nbsp;<\/p>\n<p><span style=\"font-weight: 400;\">Para a filha do poeta, a arte foi e segue sendo um dos principais canais de visibilidade da popula\u00e7\u00e3o negra. \u201cA arte \u00e9 o meio da gente se mostrar. Eu n\u00e3o consigo imaginar nossa hist\u00f3ria sem ela. \u00c9 atrav\u00e9s dela que a gente abre caminhos e ultrapassa muros dif\u00edceis\u201d, afirma. Ela recorda que pai transitou entre poesia, m\u00fasica, tradi\u00e7\u00e3o e movimentos culturais.<\/span><\/p>\n<p><span style=\"font-weight: 400;\">\u00a0<\/span><\/p>\n<p><b>Instituto e preserva\u00e7\u00e3o da mem\u00f3ria afro-ga\u00facha<\/b><\/p>\n<p><span style=\"font-weight: 400;\">Nos 50 anos da data em que o Grupo Palmares anunciou o 20 de Novembro como o Dia da Consci\u00eancia Negra, foi criado o Instituto Oliveira Silveira. A entidade desenvolve a\u00e7\u00f5es ligadas ao carnaval, ao tradicionalismo, \u00e0 educomunica\u00e7\u00e3o e ao legado afro-ga\u00facho. \u201c\u00c9 a vertente que come\u00e7a no Grupo Palmares e nunca parou. Nem na pandemia deixamos de nos reunir\u201d, afirma Silveira.<\/span><\/p>\n<p><span style=\"font-weight: 400;\">Entre as atividades est\u00e1 a cria\u00e7\u00e3o do Piquete P\u00ealo Escuro, dentro do Acampamento Farroupilha, festa que comemora a Guerra Farroupilha anualmente em Porto Alegre. Em meio ao apagamento da hist\u00f3ria do povo negro na constitui\u00e7\u00e3o do Rio Grande do Sul, o espa\u00e7o constru\u00eddo com apoio da Ufrgs e da Unipampa tem se tornado refer\u00eancia por abrigar poesia, mem\u00f3ria e cultura afro-ga\u00facha dentro do tradicionalismo ga\u00facho.<\/span><\/p>\n<p><span style=\"font-weight: 400;\">Durante as tr\u00eas semanas de festejos, o piquete recebe escolas, turistas, delega\u00e7\u00f5es internacionais e oferece atendimento com int\u00e9rpretes de Libras e acolhimento para crian\u00e7as autistas. A visibilidade levou o piquete a ser convidado para integrar o conjunto permanente do Parque Harmonia. Mas Silveira v\u00ea a proposta com o futuro incerto. \u201cN\u00e3o sei se o piquete vai continuar. Temos um projeto completo, acess\u00edvel, pronto para atender o p\u00fablico o ano todo. S\u00f3 falta vontade pol\u00edtica.\u201d<\/span><\/p>\n<p>&nbsp;<\/p>\n<figure id=\"attachment_8336\" aria-describedby=\"caption-attachment-8336\" style=\"width: 800px\" class=\"wp-caption aligncenter\"><img loading=\"lazy\" decoding=\"async\" class=\" wp-image-8336\" src=\"https:\/\/padrejosimo.com.br\/site\/wp-content\/uploads\/2025\/11\/WhatsApp-Image-2025-11-19-at-15.35.39.jpeg\" alt=\"\" width=\"800\" height=\"537\" srcset=\"https:\/\/padrejosimo.com.br\/site\/wp-content\/uploads\/2025\/11\/WhatsApp-Image-2025-11-19-at-15.35.39.jpeg 995w, https:\/\/padrejosimo.com.br\/site\/wp-content\/uploads\/2025\/11\/WhatsApp-Image-2025-11-19-at-15.35.39-300x201.jpeg 300w, https:\/\/padrejosimo.com.br\/site\/wp-content\/uploads\/2025\/11\/WhatsApp-Image-2025-11-19-at-15.35.39-768x516.jpeg 768w\" sizes=\"(max-width: 800px) 100vw, 800px\" \/><figcaption id=\"caption-attachment-8336\" class=\"wp-caption-text\">Evento no Piquete P\u00ealo Escuro durante o Acampamento Farroupilha 2025<br \/>\nCr\u00e9dito: Rafa Dotti<\/figcaption><\/figure>\n<p>&nbsp;<\/p>\n<p><span style=\"font-weight: 400;\">Para a filha de Oliveira Silveira, a demora na concretiza\u00e7\u00e3o da promessa soma-se \u00e0 falta de um espa\u00e7o f\u00edsico para preservar e difundir a mem\u00f3ria negra da cidade. O acervo do Instituto Oliveira Silveira, com jornais, documentos, fotografias, v\u00eddeos e materiais de clubes negros, est\u00e1 sob guarda tempor\u00e1ria da Ufrgs. \u201cFalta interesse. N\u00e3o valorizam essa parte da nossa hist\u00f3ria\u201d, critica.<\/span><\/p>\n<p><span style=\"font-weight: 400;\">\u00a0<\/span><\/p>\n<p><b>Avan\u00e7os e desafios do movimento negro<\/b><\/p>\n<p><span style=\"font-weight: 400;\">Mais de cinco d\u00e9cadas depois, C\u00f4rtes avalia os avan\u00e7os e os desafios do movimento negro. \u201cN\u00f3s precisamos de um letramento racial. A Lei 10.639 obriga o ensino da hist\u00f3ria da \u00c1frica e da cultura afro-brasileira nas escolas, mas ela precisa ser vivida, conscientizada, n\u00e3o apenas cumprida no papel\u201d, defende.<\/span><\/p>\n<p><span style=\"font-weight: 400;\">Para ele, a aus\u00eancia de pol\u00edticas estruturantes perpetua a desigualdade. \u201cAntes de 1888, o negro produzia o algod\u00e3o, o caf\u00e9, a cana, o linho. Era a base da economia. Depois da aboli\u00e7\u00e3o, foi jogado nos bra\u00e7os da legisla\u00e7\u00e3o penal, rotulado de vagabundo. A pol\u00edcia foi criada para proteger o patrim\u00f4nio dos senhores, n\u00e3o a vida da popula\u00e7\u00e3o. Isso se reflete at\u00e9 hoje, quando a pol\u00edcia \u00e9 o \u00fanico bra\u00e7o do Estado que sobe o morro, e sobe para matar\u201d, denuncia.<\/span><\/p>\n<p><span style=\"font-weight: 400;\">C\u00f4rtes cita dados e exemplos como a recente chacina no Rio de Janeiro, que revelam a continuidade da viol\u00eancia e da exclus\u00e3o. \u201cA cada 23 minutos, um jovem negro \u00e9 assassinado no Brasil. A periferia continua sem saneamento, sem \u00e1gua, sem luz. E se chama isso de combate ao tr\u00e1fico. O problema \u00e9 social, n\u00e3o apenas criminal\u201d, afirma.<\/span><\/p>\n<p><span style=\"font-weight: 400;\">Ele tamb\u00e9m critica o racismo cotidiano e institucional em Porto Alegre. \u201cH\u00e1 cerca de 20 anos, o \u00f4nibus da linha Santana era chamado de \u2018navio negreiro\u2019. O condom\u00ednio Santa Isabel, de \u2018Carandiru\u2019. A Cohab Cavalhada, de \u2018Planeta dos Macacos\u2019. Isso mostra como o racismo segue entranhado na cidade\u201d, denuncia.<\/span><\/p>\n<p><span style=\"font-weight: 400;\">Para C\u00f4rtes, o Rio Grande do Sul \u00e9 \u201cao mesmo tempo o estado mais racista e um territ\u00f3rio profundamente negro\u201d. \u201cSomos 20 a 30% da popula\u00e7\u00e3o, mas n\u00e3o estamos representados nas c\u00e2maras, nas secretarias, nos governos. Tivemos exce\u00e7\u00f5es, como Alceu Collares, o \u00fanico prefeito e governador negro, mas a regra \u00e9 a exclus\u00e3o\u201d, critica.<\/span><\/p>\n<p>&nbsp;<\/p>\n<p><b>\u201cTrocaria todas as honrarias que recebi por medidas afirmativas coletivas\u201d<\/b><\/p>\n<p><span style=\"font-weight: 400;\">\u00a0<\/span><\/p>\n<figure id=\"attachment_8337\" aria-describedby=\"caption-attachment-8337\" style=\"width: 746px\" class=\"wp-caption aligncenter\"><img loading=\"lazy\" decoding=\"async\" class=\"size-full wp-image-8337\" src=\"https:\/\/padrejosimo.com.br\/site\/wp-content\/uploads\/2025\/11\/WhatsApp-Image-2025-11-19-at-15.35.43.jpeg\" alt=\"\" width=\"746\" height=\"597\" srcset=\"https:\/\/padrejosimo.com.br\/site\/wp-content\/uploads\/2025\/11\/WhatsApp-Image-2025-11-19-at-15.35.43.jpeg 746w, https:\/\/padrejosimo.com.br\/site\/wp-content\/uploads\/2025\/11\/WhatsApp-Image-2025-11-19-at-15.35.43-300x240.jpeg 300w\" sizes=\"(max-width: 746px) 100vw, 746px\" \/><figcaption id=\"caption-attachment-8337\" class=\"wp-caption-text\">Cort\u00eas no dia da posse na Academia Rio-grandense de Letras, em 2023<br \/>\nCr\u00e9dito: Divulga\u00e7\u00e3o\/Academia Rio-Grandense de Letras<\/figcaption><\/figure>\n<p>&nbsp;<\/p>\n<p><span style=\"font-weight: 400;\">Integrante da Academia Rio-Grandense de Letras, C\u00f4rtes \u00e9 o terceiro homem negro a ocupar uma cadeira em 124 anos de hist\u00f3ria. Ele cita que, neste ano, Ana Maria Gon\u00e7alves ingressou na Academia Brasileira de Letras (ABL), a primeira mulher negra a ocupar uma cadeira na institui\u00e7\u00e3o. \u201cVemos avan\u00e7os, mas ainda \u00e9 pouco. Estamos cansados de ser os \u00fanicos. Queremos o coletivo\u201d, afirma.<\/span><\/p>\n<p><span style=\"font-weight: 400;\">Ao longo da vida, foi condecorado em 2021 com a medalha Sim\u00f5es Lopes Neto, condecora\u00e7\u00e3o do governo do Rio Grande do Sul. Em 2015, recebeu o t\u00edtulo de Cidad\u00e3o Em\u00e9rito de Porto Alegre. \u201cN\u00e3o pelo trabalho como negro ou fundador do Palmares, e sim como radialista e jornalista\u201d, lamenta.<\/span><\/p>\n<p><span style=\"font-weight: 400;\">O fundador do Grupo Palmares encerrou a entrevista com um apelo. \u201cTrocaria todas as honrarias que recebi por medidas afirmativas coletivas. O 20 de Novembro \u00e9 um s\u00edmbolo, mas a luta \u00e9 di\u00e1ria. Precisamos de consci\u00eancia, de a\u00e7\u00e3o e de reconhecimento da hist\u00f3ria que come\u00e7ou aqui, em Porto Alegre.\u201d<\/span><\/p>\n<p>&nbsp;<\/p>\n<hr \/>\n<p>Esta mat\u00e9ria \u00e9 parte das a\u00e7\u00f5es do Projeto \u201cIgualdade e Cultura Negra: Vozes e Territ\u00f3rios\u201d, executado em parceria com o Minist\u00e9rio da Igualdade Racial. O apoio se d\u00e1 conforme o Termo de Fomento n\u00ba 973281, correspondente \u00e0 Meta 6 (Produ\u00e7\u00e3o de Mat\u00e9rias escritas para m\u00eddias digitais).<\/p>\n","protected":false},"excerpt":{"rendered":"<p>Do RS para o Brasil: a trajet\u00f3ria do Grupo Palmares na constru\u00e7\u00e3o do 20 de Novembro<\/p>\n","protected":false},"featured_media":8331,"template":"","categorias_noticias":[],"class_list":["post-8330","noticias","type-noticias","status-publish","has-post-thumbnail","hentry"],"acf":[],"yoast_head":"<!-- This site is optimized with the Yoast SEO plugin v27.2 - https:\/\/yoast.com\/product\/yoast-seo-wordpress\/ -->\n<title>Consci\u00eancia Negra |\u00a0Do RS para o Brasil: a trajet\u00f3ria do Grupo Palmares na constru\u00e7\u00e3o do 20 de Novembro - Instituto Cultural Padre Josimo<\/title>\n<meta name=\"robots\" content=\"index, follow, max-snippet:-1, max-image-preview:large, max-video-preview:-1\" \/>\n<link rel=\"canonical\" href=\"https:\/\/padrejosimo.com.br\/site\/noticias\/consciencia-negra-do-rs-para-o-brasil-a-trajetoria-do-grupo-palmares-na-construcao-do-20-de-novembro\/\" \/>\n<meta property=\"og:locale\" content=\"pt_BR\" \/>\n<meta property=\"og:type\" content=\"article\" \/>\n<meta property=\"og:title\" content=\"Consci\u00eancia Negra |\u00a0Do RS para o Brasil: a trajet\u00f3ria do Grupo Palmares na constru\u00e7\u00e3o do 20 de Novembro - Instituto Cultural Padre Josimo\" \/>\n<meta property=\"og:description\" content=\"Do RS para o Brasil: a trajet\u00f3ria do Grupo Palmares na constru\u00e7\u00e3o do 20 de Novembro\" \/>\n<meta property=\"og:url\" content=\"https:\/\/padrejosimo.com.br\/site\/noticias\/consciencia-negra-do-rs-para-o-brasil-a-trajetoria-do-grupo-palmares-na-construcao-do-20-de-novembro\/\" \/>\n<meta property=\"og:site_name\" content=\"Instituto Cultural Padre Josimo\" \/>\n<meta property=\"og:image\" content=\"https:\/\/padrejosimo.com.br\/site\/wp-content\/uploads\/2025\/11\/WhatsApp-Image-2025-11-19-at-15.34.52.jpeg\" \/>\n\t<meta property=\"og:image:width\" content=\"800\" \/>\n\t<meta property=\"og:image:height\" content=\"533\" \/>\n\t<meta property=\"og:image:type\" content=\"image\/jpeg\" \/>\n<meta name=\"twitter:card\" content=\"summary_large_image\" \/>\n<meta name=\"twitter:label1\" content=\"Est. tempo de leitura\" \/>\n\t<meta name=\"twitter:data1\" content=\"12 minutos\" \/>\n<script type=\"application\/ld+json\" class=\"yoast-schema-graph\">{\"@context\":\"https:\/\/schema.org\",\"@graph\":[{\"@type\":\"WebPage\",\"@id\":\"https:\/\/padrejosimo.com.br\/site\/noticias\/consciencia-negra-do-rs-para-o-brasil-a-trajetoria-do-grupo-palmares-na-construcao-do-20-de-novembro\/\",\"url\":\"https:\/\/padrejosimo.com.br\/site\/noticias\/consciencia-negra-do-rs-para-o-brasil-a-trajetoria-do-grupo-palmares-na-construcao-do-20-de-novembro\/\",\"name\":\"Consci\u00eancia Negra |\u00a0Do RS para o Brasil: a trajet\u00f3ria do Grupo Palmares na constru\u00e7\u00e3o do 20 de Novembro - Instituto Cultural Padre Josimo\",\"isPartOf\":{\"@id\":\"https:\/\/padrejosimo.com.br\/site\/#website\"},\"primaryImageOfPage\":{\"@id\":\"https:\/\/padrejosimo.com.br\/site\/noticias\/consciencia-negra-do-rs-para-o-brasil-a-trajetoria-do-grupo-palmares-na-construcao-do-20-de-novembro\/#primaryimage\"},\"image\":{\"@id\":\"https:\/\/padrejosimo.com.br\/site\/noticias\/consciencia-negra-do-rs-para-o-brasil-a-trajetoria-do-grupo-palmares-na-construcao-do-20-de-novembro\/#primaryimage\"},\"thumbnailUrl\":\"https:\/\/padrejosimo.com.br\/site\/wp-content\/uploads\/2025\/11\/WhatsApp-Image-2025-11-19-at-15.34.52.jpeg\",\"datePublished\":\"2025-11-19T19:26:29+00:00\",\"breadcrumb\":{\"@id\":\"https:\/\/padrejosimo.com.br\/site\/noticias\/consciencia-negra-do-rs-para-o-brasil-a-trajetoria-do-grupo-palmares-na-construcao-do-20-de-novembro\/#breadcrumb\"},\"inLanguage\":\"pt-BR\",\"potentialAction\":[{\"@type\":\"ReadAction\",\"target\":[\"https:\/\/padrejosimo.com.br\/site\/noticias\/consciencia-negra-do-rs-para-o-brasil-a-trajetoria-do-grupo-palmares-na-construcao-do-20-de-novembro\/\"]}]},{\"@type\":\"ImageObject\",\"inLanguage\":\"pt-BR\",\"@id\":\"https:\/\/padrejosimo.com.br\/site\/noticias\/consciencia-negra-do-rs-para-o-brasil-a-trajetoria-do-grupo-palmares-na-construcao-do-20-de-novembro\/#primaryimage\",\"url\":\"https:\/\/padrejosimo.com.br\/site\/wp-content\/uploads\/2025\/11\/WhatsApp-Image-2025-11-19-at-15.34.52.jpeg\",\"contentUrl\":\"https:\/\/padrejosimo.com.br\/site\/wp-content\/uploads\/2025\/11\/WhatsApp-Image-2025-11-19-at-15.34.52.jpeg\",\"width\":800,\"height\":533,\"caption\":\"Est\u00e1tua de Zumbi dos Palmares inaugurada em 20 de novembro de 2024 em Porto Alegre \/ Jorge Le\u00e3o\"},{\"@type\":\"BreadcrumbList\",\"@id\":\"https:\/\/padrejosimo.com.br\/site\/noticias\/consciencia-negra-do-rs-para-o-brasil-a-trajetoria-do-grupo-palmares-na-construcao-do-20-de-novembro\/#breadcrumb\",\"itemListElement\":[{\"@type\":\"ListItem\",\"position\":1,\"name\":\"In\u00edcio\",\"item\":\"https:\/\/padrejosimo.com.br\/site\/\"},{\"@type\":\"ListItem\",\"position\":2,\"name\":\"Not\u00edcias\",\"item\":\"https:\/\/padrejosimo.com.br\/site\/noticias\/\"},{\"@type\":\"ListItem\",\"position\":3,\"name\":\"Consci\u00eancia Negra |\u00a0Do RS para o Brasil: a trajet\u00f3ria do Grupo Palmares na constru\u00e7\u00e3o do 20 de Novembro\"}]},{\"@type\":\"WebSite\",\"@id\":\"https:\/\/padrejosimo.com.br\/site\/#website\",\"url\":\"https:\/\/padrejosimo.com.br\/site\/\",\"name\":\"Instituto Cultural Padre Josimo\",\"description\":\"Comprometida com a promo\u00e7\u00e3o da justi\u00e7a social, agroecologia e educa\u00e7\u00e3o popular\",\"publisher\":{\"@id\":\"https:\/\/padrejosimo.com.br\/site\/#organization\"},\"alternateName\":\"ICPJ\",\"potentialAction\":[{\"@type\":\"SearchAction\",\"target\":{\"@type\":\"EntryPoint\",\"urlTemplate\":\"https:\/\/padrejosimo.com.br\/site\/?s={search_term_string}\"},\"query-input\":{\"@type\":\"PropertyValueSpecification\",\"valueRequired\":true,\"valueName\":\"search_term_string\"}}],\"inLanguage\":\"pt-BR\"},{\"@type\":\"Organization\",\"@id\":\"https:\/\/padrejosimo.com.br\/site\/#organization\",\"name\":\"Instituto Cultural Padre Josimo\",\"alternateName\":\"ICPJ\",\"url\":\"https:\/\/padrejosimo.com.br\/site\/\",\"logo\":{\"@type\":\"ImageObject\",\"inLanguage\":\"pt-BR\",\"@id\":\"https:\/\/padrejosimo.com.br\/site\/#\/schema\/logo\/image\/\",\"url\":\"https:\/\/padrejosimo.com.br\/site\/wp-content\/uploads\/2025\/09\/cropped-icon-icpj.png\",\"contentUrl\":\"https:\/\/padrejosimo.com.br\/site\/wp-content\/uploads\/2025\/09\/cropped-icon-icpj.png\",\"width\":512,\"height\":512,\"caption\":\"Instituto Cultural Padre Josimo\"},\"image\":{\"@id\":\"https:\/\/padrejosimo.com.br\/site\/#\/schema\/logo\/image\/\"}}]}<\/script>\n<!-- \/ Yoast SEO plugin. -->","yoast_head_json":{"title":"Consci\u00eancia Negra |\u00a0Do RS para o Brasil: a trajet\u00f3ria do Grupo Palmares na constru\u00e7\u00e3o do 20 de Novembro - Instituto Cultural Padre Josimo","robots":{"index":"index","follow":"follow","max-snippet":"max-snippet:-1","max-image-preview":"max-image-preview:large","max-video-preview":"max-video-preview:-1"},"canonical":"https:\/\/padrejosimo.com.br\/site\/noticias\/consciencia-negra-do-rs-para-o-brasil-a-trajetoria-do-grupo-palmares-na-construcao-do-20-de-novembro\/","og_locale":"pt_BR","og_type":"article","og_title":"Consci\u00eancia Negra |\u00a0Do RS para o Brasil: a trajet\u00f3ria do Grupo Palmares na constru\u00e7\u00e3o do 20 de Novembro - Instituto Cultural Padre Josimo","og_description":"Do RS para o Brasil: a trajet\u00f3ria do Grupo Palmares na constru\u00e7\u00e3o do 20 de Novembro","og_url":"https:\/\/padrejosimo.com.br\/site\/noticias\/consciencia-negra-do-rs-para-o-brasil-a-trajetoria-do-grupo-palmares-na-construcao-do-20-de-novembro\/","og_site_name":"Instituto Cultural Padre Josimo","og_image":[{"width":800,"height":533,"url":"https:\/\/padrejosimo.com.br\/site\/wp-content\/uploads\/2025\/11\/WhatsApp-Image-2025-11-19-at-15.34.52.jpeg","type":"image\/jpeg"}],"twitter_card":"summary_large_image","twitter_misc":{"Est. tempo de leitura":"12 minutos"},"schema":{"@context":"https:\/\/schema.org","@graph":[{"@type":"WebPage","@id":"https:\/\/padrejosimo.com.br\/site\/noticias\/consciencia-negra-do-rs-para-o-brasil-a-trajetoria-do-grupo-palmares-na-construcao-do-20-de-novembro\/","url":"https:\/\/padrejosimo.com.br\/site\/noticias\/consciencia-negra-do-rs-para-o-brasil-a-trajetoria-do-grupo-palmares-na-construcao-do-20-de-novembro\/","name":"Consci\u00eancia Negra |\u00a0Do RS para o Brasil: a trajet\u00f3ria do Grupo Palmares na constru\u00e7\u00e3o do 20 de Novembro - Instituto Cultural Padre Josimo","isPartOf":{"@id":"https:\/\/padrejosimo.com.br\/site\/#website"},"primaryImageOfPage":{"@id":"https:\/\/padrejosimo.com.br\/site\/noticias\/consciencia-negra-do-rs-para-o-brasil-a-trajetoria-do-grupo-palmares-na-construcao-do-20-de-novembro\/#primaryimage"},"image":{"@id":"https:\/\/padrejosimo.com.br\/site\/noticias\/consciencia-negra-do-rs-para-o-brasil-a-trajetoria-do-grupo-palmares-na-construcao-do-20-de-novembro\/#primaryimage"},"thumbnailUrl":"https:\/\/padrejosimo.com.br\/site\/wp-content\/uploads\/2025\/11\/WhatsApp-Image-2025-11-19-at-15.34.52.jpeg","datePublished":"2025-11-19T19:26:29+00:00","breadcrumb":{"@id":"https:\/\/padrejosimo.com.br\/site\/noticias\/consciencia-negra-do-rs-para-o-brasil-a-trajetoria-do-grupo-palmares-na-construcao-do-20-de-novembro\/#breadcrumb"},"inLanguage":"pt-BR","potentialAction":[{"@type":"ReadAction","target":["https:\/\/padrejosimo.com.br\/site\/noticias\/consciencia-negra-do-rs-para-o-brasil-a-trajetoria-do-grupo-palmares-na-construcao-do-20-de-novembro\/"]}]},{"@type":"ImageObject","inLanguage":"pt-BR","@id":"https:\/\/padrejosimo.com.br\/site\/noticias\/consciencia-negra-do-rs-para-o-brasil-a-trajetoria-do-grupo-palmares-na-construcao-do-20-de-novembro\/#primaryimage","url":"https:\/\/padrejosimo.com.br\/site\/wp-content\/uploads\/2025\/11\/WhatsApp-Image-2025-11-19-at-15.34.52.jpeg","contentUrl":"https:\/\/padrejosimo.com.br\/site\/wp-content\/uploads\/2025\/11\/WhatsApp-Image-2025-11-19-at-15.34.52.jpeg","width":800,"height":533,"caption":"Est\u00e1tua de Zumbi dos Palmares inaugurada em 20 de novembro de 2024 em Porto Alegre \/ Jorge Le\u00e3o"},{"@type":"BreadcrumbList","@id":"https:\/\/padrejosimo.com.br\/site\/noticias\/consciencia-negra-do-rs-para-o-brasil-a-trajetoria-do-grupo-palmares-na-construcao-do-20-de-novembro\/#breadcrumb","itemListElement":[{"@type":"ListItem","position":1,"name":"In\u00edcio","item":"https:\/\/padrejosimo.com.br\/site\/"},{"@type":"ListItem","position":2,"name":"Not\u00edcias","item":"https:\/\/padrejosimo.com.br\/site\/noticias\/"},{"@type":"ListItem","position":3,"name":"Consci\u00eancia Negra |\u00a0Do RS para o Brasil: a trajet\u00f3ria do Grupo Palmares na constru\u00e7\u00e3o do 20 de Novembro"}]},{"@type":"WebSite","@id":"https:\/\/padrejosimo.com.br\/site\/#website","url":"https:\/\/padrejosimo.com.br\/site\/","name":"Instituto Cultural Padre Josimo","description":"Comprometida com a promo\u00e7\u00e3o da justi\u00e7a social, agroecologia e educa\u00e7\u00e3o popular","publisher":{"@id":"https:\/\/padrejosimo.com.br\/site\/#organization"},"alternateName":"ICPJ","potentialAction":[{"@type":"SearchAction","target":{"@type":"EntryPoint","urlTemplate":"https:\/\/padrejosimo.com.br\/site\/?s={search_term_string}"},"query-input":{"@type":"PropertyValueSpecification","valueRequired":true,"valueName":"search_term_string"}}],"inLanguage":"pt-BR"},{"@type":"Organization","@id":"https:\/\/padrejosimo.com.br\/site\/#organization","name":"Instituto Cultural Padre Josimo","alternateName":"ICPJ","url":"https:\/\/padrejosimo.com.br\/site\/","logo":{"@type":"ImageObject","inLanguage":"pt-BR","@id":"https:\/\/padrejosimo.com.br\/site\/#\/schema\/logo\/image\/","url":"https:\/\/padrejosimo.com.br\/site\/wp-content\/uploads\/2025\/09\/cropped-icon-icpj.png","contentUrl":"https:\/\/padrejosimo.com.br\/site\/wp-content\/uploads\/2025\/09\/cropped-icon-icpj.png","width":512,"height":512,"caption":"Instituto Cultural Padre Josimo"},"image":{"@id":"https:\/\/padrejosimo.com.br\/site\/#\/schema\/logo\/image\/"}}]}},"_links":{"self":[{"href":"https:\/\/padrejosimo.com.br\/site\/wp-json\/wp\/v2\/noticias\/8330","targetHints":{"allow":["GET"]}}],"collection":[{"href":"https:\/\/padrejosimo.com.br\/site\/wp-json\/wp\/v2\/noticias"}],"about":[{"href":"https:\/\/padrejosimo.com.br\/site\/wp-json\/wp\/v2\/types\/noticias"}],"wp:featuredmedia":[{"embeddable":true,"href":"https:\/\/padrejosimo.com.br\/site\/wp-json\/wp\/v2\/media\/8331"}],"wp:attachment":[{"href":"https:\/\/padrejosimo.com.br\/site\/wp-json\/wp\/v2\/media?parent=8330"}],"wp:term":[{"taxonomy":"categorias_noticias","embeddable":true,"href":"https:\/\/padrejosimo.com.br\/site\/wp-json\/wp\/v2\/categorias_noticias?post=8330"}],"curies":[{"name":"wp","href":"https:\/\/api.w.org\/{rel}","templated":true}]}}