{"id":8303,"date":"2025-11-10T08:40:04","date_gmt":"2025-11-10T11:40:04","guid":{"rendered":"https:\/\/padrejosimo.com.br\/site\/?post_type=noticias&#038;p=8303"},"modified":"2025-11-13T10:09:02","modified_gmt":"2025-11-13T13:09:02","slug":"mulheres-negras-e-quilombolas-reafirmam-protagonismo-e-resistencia-no-rio-grande-do-sul","status":"publish","type":"noticias","link":"https:\/\/padrejosimo.com.br\/site\/noticias\/mulheres-negras-e-quilombolas-reafirmam-protagonismo-e-resistencia-no-rio-grande-do-sul\/","title":{"rendered":"Mulheres negras e quilombolas reafirmam protagonismo e resist\u00eancia no Rio Grande do Sul"},"content":{"rendered":"<blockquote>\n<p><em><strong>Semin\u00e1rio reuniu lideran\u00e7as de todo o estado para debater direitos, territ\u00f3rios, repara\u00e7\u00e3o e homenagear mulheres negras<\/strong><\/em><\/p>\n<\/blockquote>\n<p>&nbsp;<\/p>\n<figure id=\"attachment_8306\" aria-describedby=\"caption-attachment-8306\" style=\"width: 800px\" class=\"wp-caption aligncenter\"><img fetchpriority=\"high\" decoding=\"async\" class=\"wp-image-8306 size-large\" src=\"https:\/\/padrejosimo.com.br\/site\/wp-content\/uploads\/2025\/11\/WhatsApp-Image-2025-11-10-at-11.19.54-1140x815-1-1024x732.jpeg\" alt=\"\" width=\"800\" height=\"572\" srcset=\"https:\/\/padrejosimo.com.br\/site\/wp-content\/uploads\/2025\/11\/WhatsApp-Image-2025-11-10-at-11.19.54-1140x815-1-1024x732.jpeg 1024w, https:\/\/padrejosimo.com.br\/site\/wp-content\/uploads\/2025\/11\/WhatsApp-Image-2025-11-10-at-11.19.54-1140x815-1-300x214.jpeg 300w, https:\/\/padrejosimo.com.br\/site\/wp-content\/uploads\/2025\/11\/WhatsApp-Image-2025-11-10-at-11.19.54-1140x815-1-768x549.jpeg 768w, https:\/\/padrejosimo.com.br\/site\/wp-content\/uploads\/2025\/11\/WhatsApp-Image-2025-11-10-at-11.19.54-1140x815-1.jpeg 1140w\" sizes=\"(max-width: 800px) 100vw, 800px\" \/><figcaption id=\"caption-attachment-8306\" class=\"wp-caption-text\"><span style=\"font-size: 10pt;\"><em>&#8220;\u00c9 importante a a\u00e7\u00e3o permanente em todas as \u00e1reas, para que a gente rompa esse ciclo de racismo e de viol\u00eancia que se perpetua no nosso pa\u00eds&#8221;, defende Reginete Bispo &#8211; Foto: Rafa Dotti<\/em><\/span><\/figcaption><\/figure>\n<p>&nbsp;<\/p>\n<blockquote>\n<p><em>10.nov.2025 Porto Alegre (RS)<\/em><\/p>\n<p><em>\u00a0Fabiana Reinholz<\/em><\/p>\n<p>&nbsp;<\/p>\n<\/blockquote>\n<p>No Rio Grande do Sul, 21% da popula\u00e7\u00e3o se declara preta ou parda, segundo dados do Censo do Instituto Brasileiro de Geografia e Estat\u00edstica (IBGE) de 2022. Desse total, 363.257 s\u00e3o mulheres negras (3,34%) e 346.580 s\u00e3o homens negros (3,18%). Apesar dessa presen\u00e7a expressiva, a popula\u00e7\u00e3o negra ainda enfrenta profundas desigualdades sociais, raciais e territoriais no estado.<\/p>\n<p>Foi nesse contexto que, neste s\u00e1bado (8), ocorreu o semin\u00e1rio \u201cCaminhos de Resist\u00eancia: Mulheres Negras e Quilombolas \u2013 Vozes e Territ\u00f3rios\u201d, no Ritter Hot\u00e9is, em Porto Alegre. O encontro reuniu autoridades, lideran\u00e7as negras, quilombolas, de terreiros e das periferias, al\u00e9m de representantes de organiza\u00e7\u00f5es e grupos sociais, para debater o protagonismo da mulher negra na conjuntura atual e as estrat\u00e9gias de defesa dos direitos e dos territ\u00f3rios.<\/p>\n<p>A atividade foi organizada pelo Instituto Cultural Padre Josimo (ICPJ), atrav\u00e9s do Termo de Fomento n\u00ba 973281 do Minist\u00e9rio da Igualdade Racial, a partir de emenda da ent\u00e3o deputada federal Reginete Bispo (PT-RS). Durante o evento, foram realizadas apresenta\u00e7\u00f5es art\u00edsticas de Agnes Maria Davila Cardoso, Jessie Tereza Morais Luz e de Adriana Rodrigues, al\u00e9m do lan\u00e7amento da edi\u00e7\u00e3o especial da Revista Ti\u00e7\u00e3o, sobre o protagonismo da mulher negra, e da entrega do Trof\u00e9u Caminhos de Resist\u00eancia a mulheres negras ga\u00fachas de diversos segmentos.<\/p>\n<figure id=\"attachment_8305\" aria-describedby=\"caption-attachment-8305\" style=\"width: 800px\" class=\"wp-caption aligncenter\"><img decoding=\"async\" class=\"size-large wp-image-8305\" src=\"https:\/\/padrejosimo.com.br\/site\/wp-content\/uploads\/2025\/11\/IMG_6876-1-1536x1024-1-1024x683.jpg\" alt=\"\" width=\"800\" height=\"534\" srcset=\"https:\/\/padrejosimo.com.br\/site\/wp-content\/uploads\/2025\/11\/IMG_6876-1-1536x1024-1-1024x683.jpg 1024w, https:\/\/padrejosimo.com.br\/site\/wp-content\/uploads\/2025\/11\/IMG_6876-1-1536x1024-1-300x200.jpg 300w, https:\/\/padrejosimo.com.br\/site\/wp-content\/uploads\/2025\/11\/IMG_6876-1-1536x1024-1-768x512.jpg 768w, https:\/\/padrejosimo.com.br\/site\/wp-content\/uploads\/2025\/11\/IMG_6876-1-1536x1024-1.jpg 1536w\" sizes=\"(max-width: 800px) 100vw, 800px\" \/><figcaption id=\"caption-attachment-8305\" class=\"wp-caption-text\"><span style=\"font-size: 10pt;\"><em>Mesa fez parte do semin\u00e1rio \u201cCaminhos de Resist\u00eancia: Mulheres Negras e Quilombolas \u2013 Vozes e Territ\u00f3rios\u201d \u2013 Foto: Rafa Dotti<\/em><\/span><\/figcaption><\/figure>\n<p>O semin\u00e1rio contou com duas mesas tem\u00e1ticas. A primeira, realizada pela manh\u00e3, intitulada \u201cExist\u00eancia, Territ\u00f3rio e Liberdade \u2013 A voz das mulheres negras em movimento\u201d, teve a participa\u00e7\u00e3o da coordenadora de Diversidade, Equidade e Inclus\u00e3o dos Correios, Vilma Reis, de Maria Concei\u00e7\u00e3o Lopes Fontoura, representante regional da Funda\u00e7\u00e3o Cultural Palmares no RS, da deputada federal Reginete Bispo (RS) e de Leilane Terezinha Barbosa, uma das coordenadoras da Marcha das Mulheres Negras do RS, que acontecer\u00e1 no dia 25 de novembro, em Bras\u00edlia.<\/p>\n<p>&nbsp;<\/p>\n<p>A segunda mesa tem\u00e1tica, \u201cQuilombo: Raiz Viva, Territ\u00f3rio, Mem\u00f3ria e Luta\u201d, contou com a presen\u00e7a do chefe da Divis\u00e3o de Regulariza\u00e7\u00e3o de Territ\u00f3rios Quilombolas do Instituto Nacional de Coloniza\u00e7\u00e3o e Reforma Agr\u00e1ria (Incra) no estado, Sebasti\u00e3o Henrique Santos Lima, da ativista do Movimento Negro Unificado (MNU) Ledeci Lessa Coutinho, e da s\u00f3cia-fundadora da Comunidade Quilombola do Limoeiro, em Palmares do Sul (RS), Lisiane Borges Goulart de Oliveira. O evento contou com os int\u00e9rpretes de Libras Lucas Terres e Adriane Martins de Morais Espindola.<\/p>\n<p>&nbsp;<\/p>\n<p><strong>Projeto Vozes e Territ\u00f3rios<\/strong><\/p>\n<p>Durante o semin\u00e1rio, Sara\u00ed Brixner, representante do Instituto Cultural Padre Josimo, apresentou o projeto \u201cIgualdade, Cultura Negra, Vozes e Territ\u00f3rio\u201d, desenvolvido pelo ICPJ por meio da mesma emenda parlamentar. A iniciativa re\u00fane uma s\u00e9rie de a\u00e7\u00f5es voltadas \u00e0 valoriza\u00e7\u00e3o da cultura negra e ao fortalecimento dos territ\u00f3rios.<\/p>\n<figure id=\"attachment_8308\" aria-describedby=\"caption-attachment-8308\" style=\"width: 800px\" class=\"wp-caption aligncenter\"><img decoding=\"async\" class=\"size-large wp-image-8308\" src=\"https:\/\/padrejosimo.com.br\/site\/wp-content\/uploads\/2025\/11\/WhatsApp-Image-2025-11-10-at-15.50.03-1536x1023-1-1024x682.jpeg\" alt=\"\" width=\"800\" height=\"533\" srcset=\"https:\/\/padrejosimo.com.br\/site\/wp-content\/uploads\/2025\/11\/WhatsApp-Image-2025-11-10-at-15.50.03-1536x1023-1-1024x682.jpeg 1024w, https:\/\/padrejosimo.com.br\/site\/wp-content\/uploads\/2025\/11\/WhatsApp-Image-2025-11-10-at-15.50.03-1536x1023-1-300x200.jpeg 300w, https:\/\/padrejosimo.com.br\/site\/wp-content\/uploads\/2025\/11\/WhatsApp-Image-2025-11-10-at-15.50.03-1536x1023-1-768x512.jpeg 768w, https:\/\/padrejosimo.com.br\/site\/wp-content\/uploads\/2025\/11\/WhatsApp-Image-2025-11-10-at-15.50.03-1536x1023-1.jpeg 1536w\" sizes=\"(max-width: 800px) 100vw, 800px\" \/><figcaption id=\"caption-attachment-8308\" class=\"wp-caption-text\"><em><span style=\"font-size: 10pt;\">\u201cQuando falamos em Vozes e Territ\u00f3rios, queremos afirmar que \u00e0 popula\u00e7\u00e3o negra foi historicamente negado o direito de falar sua pr\u00f3pria l\u00edngua, de contar suas hist\u00f3rias e mostrar seus processos culturais\u201d, destacou Brixner \u2013 Foto: Rafa Dotti<\/span><\/em><\/figcaption><\/figure>\n<p>\u201cAl\u00e9m deste semin\u00e1rio, temos outras seis iniciativas em andamento\u201d, destacou Brixner. Entre elas est\u00e3o a Revista Ti\u00e7\u00e3o, entregue ao p\u00fablico durante o evento, uma webs\u00e9rie com dez epis\u00f3dios gravados nos territ\u00f3rios, um podcast sobre os povos de matriz africana e mulheres negras, uma s\u00e9rie de mat\u00e9rias no site, um jornal impresso ao final do projeto, e um curso de comunica\u00e7\u00e3o, cuja primeira etapa j\u00e1 foi conclu\u00edda.<\/p>\n<p>Segundo a representante, a atua\u00e7\u00e3o do instituto se baseia em experi\u00eancias concretas: o trabalho nos territ\u00f3rios quilombolas da regi\u00e3o sul e as a\u00e7\u00f5es no campo da comunica\u00e7\u00e3o popular. \u201cO ICPJ tem uma atua\u00e7\u00e3o muito forte na regi\u00e3o sul do estado, onde h\u00e1 um grande n\u00famero de quilombos organizados. \u00c9 ali que desenvolvemos projetos de resgate de sementes crioulas, de recupera\u00e7\u00e3o de nascentes e de reconstru\u00e7\u00e3o das terras, especialmente diante dos impactos do desequil\u00edbrio clim\u00e1tico, em paralelo com muitas mat\u00e9rias jornal\u00edsticas produzidas. Vimos o quanto nossa compreens\u00e3o de modelo de desenvolvimento s\u00e3o parecidos\u201d, afirmou.<\/p>\n<figure id=\"attachment_8309\" aria-describedby=\"caption-attachment-8309\" style=\"width: 800px\" class=\"wp-caption aligncenter\"><img loading=\"lazy\" decoding=\"async\" class=\"size-large wp-image-8309\" src=\"https:\/\/padrejosimo.com.br\/site\/wp-content\/uploads\/2025\/11\/IMG_6359-1-1536x1024-1-1024x683.jpg\" alt=\"\" width=\"800\" height=\"534\" srcset=\"https:\/\/padrejosimo.com.br\/site\/wp-content\/uploads\/2025\/11\/IMG_6359-1-1536x1024-1-1024x683.jpg 1024w, https:\/\/padrejosimo.com.br\/site\/wp-content\/uploads\/2025\/11\/IMG_6359-1-1536x1024-1-300x200.jpg 300w, https:\/\/padrejosimo.com.br\/site\/wp-content\/uploads\/2025\/11\/IMG_6359-1-1536x1024-1-768x512.jpg 768w, https:\/\/padrejosimo.com.br\/site\/wp-content\/uploads\/2025\/11\/IMG_6359-1-1536x1024-1.jpg 1536w\" sizes=\"(max-width: 800px) 100vw, 800px\" \/><figcaption id=\"caption-attachment-8309\" class=\"wp-caption-text\"><span style=\"font-size: 10pt;\"><em>A performance de Adriana Rodrigues ressaltou a realidade da popula\u00e7\u00e3o negra \u2013 Foto: Rafa Dotti<\/em><\/span><\/figcaption><\/figure>\n<p><strong>Fortalecer as vozes negras<\/strong><\/p>\n<p>De acordo com Brixner, o instituto busca contribuir com o fortalecimento das comunidades negras e quilombolas, apoiando seus processos de auto-organiza\u00e7\u00e3o e amplifica\u00e7\u00e3o de vozes. \u201cNosso papel \u00e9 potencializar para que os territ\u00f3rios possam se auto-organizar, garantir que suas vozes sejam ouvidas e que as pessoas conhe\u00e7am o que se faz nesses espa\u00e7os.\u201d<\/p>\n<p>Ela definiu o projeto como um processo coletivo de aprendizado e troca. \u201cCom todas as suas nuances, \u00e9 um processo de aprender e ensinar. Para n\u00f3s, \u00e9 muito aprendizado; e, para a popula\u00e7\u00e3o negra, tamb\u00e9m \u00e9 um processo de ensino e de constru\u00e7\u00e3o conjunta. Estamos muito felizes com este semin\u00e1rio e esperamos sair daqui com propostas concretas\u201d, declarou.<\/p>\n<p>Ao encerrar sua fala, Brixner explicou o significado do nome do projeto. \u201cQuando falamos em Vozes e Territ\u00f3rios, queremos afirmar que \u00e0 popula\u00e7\u00e3o negra foi historicamente negado o direito de falar sua pr\u00f3pria l\u00edngua, de contar suas hist\u00f3rias e mostrar seus processos culturais. Por que n\u00e3o podemos ter nas escolas aulas sobre suas l\u00ednguas de origem, assim como h\u00e1 para italianos, alem\u00e3es e povos ind\u00edgenas?\u201d, questionou.<\/p>\n<p>\u201cOxal\u00e1 este projeto possa ser uma pequena contribui\u00e7\u00e3o para que, num futuro pr\u00f3ximo, possamos estar em condi\u00e7\u00f5es de igualdade com todas as demais pessoas, ra\u00e7as e origens, do ponto de vista da valoriza\u00e7\u00e3o\u201d, concluiu.<\/p>\n<figure id=\"attachment_8310\" aria-describedby=\"caption-attachment-8310\" style=\"width: 800px\" class=\"wp-caption aligncenter\"><img loading=\"lazy\" decoding=\"async\" class=\"wp-image-8310 size-large\" src=\"https:\/\/padrejosimo.com.br\/site\/wp-content\/uploads\/2025\/11\/IMG_6085-1536x1024-1-1024x683.jpg\" alt=\"\" width=\"800\" height=\"534\" srcset=\"https:\/\/padrejosimo.com.br\/site\/wp-content\/uploads\/2025\/11\/IMG_6085-1536x1024-1-1024x683.jpg 1024w, https:\/\/padrejosimo.com.br\/site\/wp-content\/uploads\/2025\/11\/IMG_6085-1536x1024-1-300x200.jpg 300w, https:\/\/padrejosimo.com.br\/site\/wp-content\/uploads\/2025\/11\/IMG_6085-1536x1024-1-768x512.jpg 768w, https:\/\/padrejosimo.com.br\/site\/wp-content\/uploads\/2025\/11\/IMG_6085-1536x1024-1.jpg 1536w\" sizes=\"(max-width: 800px) 100vw, 800px\" \/><figcaption id=\"caption-attachment-8310\" class=\"wp-caption-text\"><span style=\"font-size: 10pt;\"><em>O encontro reuniu autoridades, lideran\u00e7as negras, quilombolas, de terreiros e das periferias \u2013 Foto: Rafa Dotti<\/em><\/span><\/figcaption><\/figure>\n<p><strong>\u201cFalar de resist\u00eancia \u00e9 falar de mulher negra\u201d<\/strong><\/p>\n<p><span style=\"text-decoration: line-through;\">A<\/span> representante da Funda\u00e7\u00e3o Cultural Palmares no RS, Maria Concei\u00e7\u00e3o Lopes Fontoura, destacou que a hist\u00f3ria das mulheres negras \u00e9 indissoci\u00e1vel da luta e da resist\u00eancia no Brasil. \u201cFalar de resist\u00eancia \u00e9 falar de mulher negra, \u00e9 falar de mulheres quilombolas. Nestes mais de 500 anos do Brasil, essas mulheres representam a resist\u00eancia. Voc\u00eas imaginam uma aboli\u00e7\u00e3o sem qualquer tipo de a\u00e7\u00e3o afirmativa? E estamos aqui.\u201d<\/p>\n<p>Ela ressaltou o papel da Funda\u00e7\u00e3o Cultural Palmares na preserva\u00e7\u00e3o e valoriza\u00e7\u00e3o das culturas afro-brasileiras e africanas. \u201cA funda\u00e7\u00e3o tem o papel de preservar e trazer \u00e0 luz as culturas afro-brasileiras e africanas. Lembrando que o Brasil \u00e9 o segundo pa\u00eds em n\u00famero de pessoas negras no mundo. E ainda assim, as culturas dessa popula\u00e7\u00e3o, tanto no campo da religi\u00e3o como no campo dos quilombolas, ainda n\u00e3o s\u00e3o devidamente conhecidas e reconhecidas. Valorizar a cultura \u00e9 fundamental, e esse \u00e9 o papel da Funda\u00e7\u00e3o Cultural Palmares e de sua representa\u00e7\u00e3o no estado.\u201d<\/p>\n<figure id=\"attachment_8311\" aria-describedby=\"caption-attachment-8311\" style=\"width: 800px\" class=\"wp-caption aligncenter\"><img loading=\"lazy\" decoding=\"async\" class=\"size-large wp-image-8311\" src=\"https:\/\/padrejosimo.com.br\/site\/wp-content\/uploads\/2025\/11\/IMG_6876-1536x1024-1-1024x683.jpg\" alt=\"\" width=\"800\" height=\"534\" srcset=\"https:\/\/padrejosimo.com.br\/site\/wp-content\/uploads\/2025\/11\/IMG_6876-1536x1024-1-1024x683.jpg 1024w, https:\/\/padrejosimo.com.br\/site\/wp-content\/uploads\/2025\/11\/IMG_6876-1536x1024-1-300x200.jpg 300w, https:\/\/padrejosimo.com.br\/site\/wp-content\/uploads\/2025\/11\/IMG_6876-1536x1024-1-768x512.jpg 768w, https:\/\/padrejosimo.com.br\/site\/wp-content\/uploads\/2025\/11\/IMG_6876-1536x1024-1.jpg 1536w\" sizes=\"(max-width: 800px) 100vw, 800px\" \/><figcaption id=\"caption-attachment-8311\" class=\"wp-caption-text\"><span style=\"font-size: 10pt;\"><em>Mesa \u201cExist\u00eancia, Territ\u00f3rio e Liberdade \u2013 A voz das mulheres negras em movimento\u201d \u2013 Foto: Rafa Dotti<\/em><\/span><\/figcaption><\/figure>\n<p><strong>Repara\u00e7\u00e3o e poder pol\u00edtico<\/strong><\/p>\n<p>\u201cEstou muito feliz de estar aqui com toda essa pot\u00eancia das mulheres negras no Rio Grande do Sul, que eu admiro, que nos alimenta civilizatoriamente no Brasil. Eu comecei aqui hoje falando de Pedronilha, falando de Luiza Bairros, que s\u00e3o nossas refer\u00eancias, mulheres que deram nome e sobrenome na pra\u00e7a\u201d, destacou Vilma Reis.<\/p>\n<p>Ela defendeu a mobiliza\u00e7\u00e3o das mulheres negras em torno da Proposta de Emenda \u00e0 Constitui\u00e7\u00e3o (PEC) 27\/2024, a PEC da Repara\u00e7\u00e3o, que cria o Fundo Nacional de Repara\u00e7\u00e3o Econ\u00f4mica e de Promo\u00e7\u00e3o da Igualdade Racial, e da Segunda Marcha Nacional de Mulheres Negras, al\u00e9m de criticar a sub-representa\u00e7\u00e3o feminina e negra nas inst\u00e2ncias de poder.<\/p>\n<p>\u201cN\u00e3o \u00e9 poss\u00edvel que em 2025 a gente ainda tenha um Congresso Nacional com apenas 17% de mulheres e 2% de mulheres negras. Isso \u00e9 uma vergonha do ponto de vista internacional para o Brasil. \u00c9 insustent\u00e1vel.\u201d<\/p>\n<p>\u201cN\u00f3s n\u00e3o queremos o poder para nos locupletar do poder. O nosso acesso ao poder \u00e9 para ampliar para as maiorias, para aqueles e aquelas secularmente vilipendiadas e mantidas \u00e0 margem. A nossa presen\u00e7a no poder tem um fator transformador\u201d, defendeu.<\/p>\n<p>Reis encerrou sua fala lembrando nomes fundamentais da luta negra no pa\u00eds. \u201c\u00c9 assim que a gente lembra Beatriz Nascimento, Abdias Nascimento, Oliveira Silveira, esses e estas que nos ensinaram o caminho de volta para Palmares, para n\u00f3s entendermos quem \u00e9ramos n\u00f3s, quem somos n\u00f3s. Obrigada Oliveira, obrigada Luiza Bairros, Beatriz Nascimento, L\u00e9lia Gonzalez, obrigada Abdias Nascimento. Estamos aqui, vamos continuar na luta.\u201d<\/p>\n<figure id=\"attachment_8312\" aria-describedby=\"caption-attachment-8312\" style=\"width: 800px\" class=\"wp-caption aligncenter\"><img loading=\"lazy\" decoding=\"async\" class=\"size-large wp-image-8312\" src=\"https:\/\/padrejosimo.com.br\/site\/wp-content\/uploads\/2025\/11\/IMG_6175-1536x1024-1-1024x683.jpg\" alt=\"\" width=\"800\" height=\"534\" srcset=\"https:\/\/padrejosimo.com.br\/site\/wp-content\/uploads\/2025\/11\/IMG_6175-1536x1024-1-1024x683.jpg 1024w, https:\/\/padrejosimo.com.br\/site\/wp-content\/uploads\/2025\/11\/IMG_6175-1536x1024-1-300x200.jpg 300w, https:\/\/padrejosimo.com.br\/site\/wp-content\/uploads\/2025\/11\/IMG_6175-1536x1024-1-768x512.jpg 768w, https:\/\/padrejosimo.com.br\/site\/wp-content\/uploads\/2025\/11\/IMG_6175-1536x1024-1.jpg 1536w\" sizes=\"(max-width: 800px) 100vw, 800px\" \/><figcaption id=\"caption-attachment-8312\" class=\"wp-caption-text\"><em><span style=\"font-size: 10pt;\">Leilane Terezinha Barbosa (direita) e Ernestina dos Santos Pereira (esquerda) presentes no semin\u00e1rio \u2013 Foto: Rafa Dotti<\/span><\/em><\/figcaption><\/figure>\n<p><strong>\u201cLanceiros Negros n\u00e3o morreram. Verte-se o sangue deles em nossas veias\u201d<\/strong><\/p>\n<p>A sindicalista e militante Ernestina dos Santos Pereira, representante dos trabalhadores e trabalhadoras dom\u00e9sticas de Pelotas, lembrou a import\u00e2ncia da mem\u00f3ria hist\u00f3rica e da luta das mulheres. \u201cEstou aqui, j\u00e1 h\u00e1 mais de 12 anos, lutando pelo reconhecimento e pelo contar da hist\u00f3ria do massacre dos Lanceiros Negros. Estou tamb\u00e9m na luta por criar mais um feriado estadual, porque Lanceiros Negros n\u00e3o morreram. Verte-se o sangue deles em nossas veias.\u201d<\/p>\n<p>Pereira compartilhou sua trajet\u00f3ria pessoal e seu orgulho quilombola. \u201cSou remanescente do Quilombo do Algod\u00e3o, no interior de Pelotas. Negra que n\u00e3o p\u00f4de estudar quando era crian\u00e7a, s\u00f3 comecei a estudar aos 14 anos, trabalhando como trabalhadora dom\u00e9stica por mais de 30 anos. Hoje estou aposentada, mas, como diz a minha estrela negra, Benedita da Silva, \u2018eu sa\u00ed do quilombo, mas o quilombo n\u00e3o saiu de mim\u2019.\u201d<\/p>\n<p>Ela tamb\u00e9m recordou sua candidatura pioneira. \u201cAssumi, em 1990, ser a primeira mulher negra e trabalhadora dom\u00e9stica candidata a deputada federal pelo Partido dos Trabalhadores. Foi um grande desafio enfrentar as discrimina\u00e7\u00f5es diversas, n\u00e3o ter dinheiro para fazer campanha em p\u00e9 de igualdade com outras pessoas. Aprendi a ser resistente.\u201d<\/p>\n<figure id=\"attachment_8313\" aria-describedby=\"caption-attachment-8313\" style=\"width: 800px\" class=\"wp-caption aligncenter\"><img loading=\"lazy\" decoding=\"async\" class=\"wp-image-8313 size-large\" src=\"https:\/\/padrejosimo.com.br\/site\/wp-content\/uploads\/2025\/11\/IMG_6918-1536x1024-1-1024x683.jpg\" alt=\"\" width=\"800\" height=\"534\" srcset=\"https:\/\/padrejosimo.com.br\/site\/wp-content\/uploads\/2025\/11\/IMG_6918-1536x1024-1-1024x683.jpg 1024w, https:\/\/padrejosimo.com.br\/site\/wp-content\/uploads\/2025\/11\/IMG_6918-1536x1024-1-300x200.jpg 300w, https:\/\/padrejosimo.com.br\/site\/wp-content\/uploads\/2025\/11\/IMG_6918-1536x1024-1-768x512.jpg 768w, https:\/\/padrejosimo.com.br\/site\/wp-content\/uploads\/2025\/11\/IMG_6918-1536x1024-1.jpg 1536w\" sizes=\"(max-width: 800px) 100vw, 800px\" \/><figcaption id=\"caption-attachment-8313\" class=\"wp-caption-text\"><span style=\"font-size: 10pt;\"><em>Em sua interven\u00e7\u00e3o art\u00edstica, Agnes Mari\u00e1 declamou trechos de seu trabalho Poesia para adiar o fim do mundo \u2013 Foto: Rafa Dotti<\/em><\/span><\/figcaption><\/figure>\n<p><strong>\u201cAs grandes lideran\u00e7as quilombolas no Brasil s\u00e3o mulheres\u201d<\/strong><\/p>\n<p>O chefe da Divis\u00e3o de Regulariza\u00e7\u00e3o de Territ\u00f3rios Quilombolas do Incra no RS, Sebasti\u00e3o Henrique Santos Lima, ressaltou a centralidade das mulheres na organiza\u00e7\u00e3o e defesa das comunidades quilombolas. \u201cElas s\u00e3o quem conduzem suas comunidades, organizando a\u00e7\u00f5es, enfrentando propriet\u00e1rios de terra e pressionando \u00f3rg\u00e3os p\u00fablicos. Poderia citar 10 nomes de mulheres que s\u00e3o verdadeiras vidas \u00e0 frente de suas comunidades\u201d, afirmou.<\/p>\n<p>Segundo ele, o semin\u00e1rio \u00e9 um espa\u00e7o para reconhecer e valorizar essa lideran\u00e7a. \u201cO objetivo n\u00e3o \u00e9 promover as mulheres, mas reconhecer que s\u00e3o elas quem fortalecem e organizam as comunidades quilombolas.\u201d<\/p>\n<figure id=\"attachment_8314\" aria-describedby=\"caption-attachment-8314\" style=\"width: 800px\" class=\"wp-caption aligncenter\"><img loading=\"lazy\" decoding=\"async\" class=\"size-large wp-image-8314\" src=\"https:\/\/padrejosimo.com.br\/site\/wp-content\/uploads\/2025\/11\/IMG_7077-1536x1024-1-1024x683.jpg\" alt=\"\" width=\"800\" height=\"534\" srcset=\"https:\/\/padrejosimo.com.br\/site\/wp-content\/uploads\/2025\/11\/IMG_7077-1536x1024-1-1024x683.jpg 1024w, https:\/\/padrejosimo.com.br\/site\/wp-content\/uploads\/2025\/11\/IMG_7077-1536x1024-1-300x200.jpg 300w, https:\/\/padrejosimo.com.br\/site\/wp-content\/uploads\/2025\/11\/IMG_7077-1536x1024-1-768x512.jpg 768w, https:\/\/padrejosimo.com.br\/site\/wp-content\/uploads\/2025\/11\/IMG_7077-1536x1024-1.jpg 1536w\" sizes=\"(max-width: 800px) 100vw, 800px\" \/><figcaption id=\"caption-attachment-8314\" class=\"wp-caption-text\"><span style=\"font-size: 10pt;\">Mesa \u201cQuilombo: Raiz Viva, Territ\u00f3rio, Mem\u00f3ria e Luta\u201d \u2013 Foto: Rafa Dotti<\/span><\/figcaption><\/figure>\n<p><strong>\u201cN\u00f3s, mulheres negras com defici\u00eancia, existimos e resistimos!\u201d<\/strong><\/p>\n<p>Durante o semin\u00e1rio, a ativista e assessora parlamentar Josiane Fran\u00e7a relatou sua trajet\u00f3ria como mulher negra e cega. \u201cNasci enxergando e fiquei cega aos 30 anos. Hoje falo desse lado da escurid\u00e3o, mas gosto de dizer que sou uma mulher cega muito bem resolvida\u201d, disse.<\/p>\n<p>Em sua interven\u00e7\u00e3o, ela destacou o poder do conhecimento e da fala. \u201cAprendi, n\u00e3o s\u00f3 nos livros, mas com a nossa deputada federal Reginete Bispo, que o conhecimento traz poder e que a nossa fala tem voz. E quando digo \u2018nossa\u2019, me refiro a n\u00f3s, mulheres negras com defici\u00eancia. N\u00f3s existimos e resistimos!\u201d<\/p>\n<p>Fran\u00e7a tamb\u00e9m falou sobre o projeto Vou Te Contar, que promove letramento racial nas escolas.<\/p>\n<figure id=\"attachment_8315\" aria-describedby=\"caption-attachment-8315\" style=\"width: 800px\" class=\"wp-caption aligncenter\"><img loading=\"lazy\" decoding=\"async\" class=\"size-large wp-image-8315\" src=\"https:\/\/padrejosimo.com.br\/site\/wp-content\/uploads\/2025\/11\/IMG_6813-1536x1024-1-1024x683.jpg\" alt=\"\" width=\"800\" height=\"534\" srcset=\"https:\/\/padrejosimo.com.br\/site\/wp-content\/uploads\/2025\/11\/IMG_6813-1536x1024-1-1024x683.jpg 1024w, https:\/\/padrejosimo.com.br\/site\/wp-content\/uploads\/2025\/11\/IMG_6813-1536x1024-1-300x200.jpg 300w, https:\/\/padrejosimo.com.br\/site\/wp-content\/uploads\/2025\/11\/IMG_6813-1536x1024-1-768x512.jpg 768w, https:\/\/padrejosimo.com.br\/site\/wp-content\/uploads\/2025\/11\/IMG_6813-1536x1024-1.jpg 1536w\" sizes=\"(max-width: 800px) 100vw, 800px\" \/><figcaption id=\"caption-attachment-8315\" class=\"wp-caption-text\"><span style=\"font-size: 10pt;\"><em>\u201cN\u00f3s, mulheres negras com defici\u00eancia, existimos e resistimos!\u201d, frisou Josiane Fran\u00e7a \u2013 Foto: Rafa Dotti<\/em><\/span><\/figcaption><\/figure>\n<p><strong>\u201cSou uma mulher preta surda, e quero ver todos voc\u00eas no Congresso Surdo Negro\u201d<\/strong><\/p>\n<p>A professora e pesquisadora \u00c9rica da Silva, mulher surda e trabalhadora da Faculdade de Educa\u00e7\u00e3o da Universidade Federal do Rio Grande do Sul (Ufrgs), compartilhou seu processo de reconhecimento como mulher preta surda. \u201cEu nunca tive conviv\u00eancia com a comunidade preta. Estudei em escolas onde a maioria era branca e eu era a \u00fanica pessoa negra. No ensino m\u00e9dio e depois na faculdade, a mesma coisa. Faltava identidade, faltava reconhecimento.\u201d<\/p>\n<p>Ela relatou a virada em sua trajet\u00f3ria. \u201cUma colega me disse: \u2018Vem comigo, tu \u00e9 preta, tu precisa ser preta\u2019. E aquilo me tocou. Eu comecei a me olhar no espelho e pensei: \u00e9 verdade, eu sou preta, meu cabelo \u00e9 preto, meu nariz \u00e9 de preta, minha cor \u00e9 preta. Comecei a me perceber.\u201d<\/p>\n<p>Por fim, Silva anunciou o primeiro Congresso Surdo Negro do Rio Grande do Sul, que ser\u00e1 realizado em novembro de 2026, em Porto Alegre. \u201cQueremos fortalecer essa identidade e esse movimento aqui no nosso estado. Estou muito feliz e emocionada. Quero ver todas voc\u00eas l\u00e1 no nosso Congresso Surdo Negro de 2026. Vai ser um marco para o Rio Grande do Sul e para todas as pessoas surdas e pretas do nosso pa\u00eds.\u201d<\/p>\n<figure id=\"attachment_8316\" aria-describedby=\"caption-attachment-8316\" style=\"width: 800px\" class=\"wp-caption aligncenter\"><img loading=\"lazy\" decoding=\"async\" class=\"size-large wp-image-8316\" src=\"https:\/\/padrejosimo.com.br\/site\/wp-content\/uploads\/2025\/11\/IMG_6833-1536x1024-1-1024x683.jpg\" alt=\"\" width=\"800\" height=\"534\" srcset=\"https:\/\/padrejosimo.com.br\/site\/wp-content\/uploads\/2025\/11\/IMG_6833-1536x1024-1-1024x683.jpg 1024w, https:\/\/padrejosimo.com.br\/site\/wp-content\/uploads\/2025\/11\/IMG_6833-1536x1024-1-300x200.jpg 300w, https:\/\/padrejosimo.com.br\/site\/wp-content\/uploads\/2025\/11\/IMG_6833-1536x1024-1-768x512.jpg 768w, https:\/\/padrejosimo.com.br\/site\/wp-content\/uploads\/2025\/11\/IMG_6833-1536x1024-1.jpg 1536w\" sizes=\"(max-width: 800px) 100vw, 800px\" \/><figcaption id=\"caption-attachment-8316\" class=\"wp-caption-text\"><em><span style=\"font-size: 10pt;\">\u201cEu comecei a me olhar no espelho e pensei: \u00e9 verdade, eu sou preta, meu cabelo \u00e9 preto, meu nariz \u00e9 de preta, minha cor \u00e9 preta. Comecei a me perceber\u201d, exp\u00f4s \u00c9rica da Silva \u2013 Foto: Rafa Dotti<\/span><\/em><\/figcaption><\/figure>\n<p><strong>Organiza\u00e7\u00e3o das mulheres negras<\/strong><\/p>\n<p>Nayara Silveira, filha do poeta e professor Oliveira Silveira, relembrou o legado do pai e do Grupo Palmares, respons\u00e1vel por propor o 20 de novembro como Dia da Consci\u00eancia Negra. \u201cA organiza\u00e7\u00e3o das mulheres negras come\u00e7a dentro da pr\u00f3pria fam\u00edlia. Quando ela nasce, j\u00e1 nasce com um pertencimento, com um legado, de dar continuidade primeiro aos que vieram antes dela, e formar ent\u00e3o a sua pessoa, sua integridade como mulher negra, como mulher que leva a hist\u00f3ria dos seus adiante. Depois v\u00eam os filhos, daquelas que s\u00e3o m\u00e3es, daquelas que trabalham, sempre impondo o seu lugar dentro do seu espa\u00e7o de trabalho, da sociedade, da fam\u00edlia, enfim. \u00c9 um legado que n\u00f3s nascemos com ele e que s\u00f3 termina na nossa morte.\u201d<\/p>\n<p>Silveira tamb\u00e9m lembrou que a resist\u00eancia \u00e9 marca essencial da mulher negra. \u201cA mulher negra j\u00e1 vem com isso, com o esp\u00edrito de Dandara, de Lu\u00edsa Mahin e de todas as guerreiras que vieram antes de n\u00f3s.\u201d<\/p>\n<figure id=\"attachment_8317\" aria-describedby=\"caption-attachment-8317\" style=\"width: 800px\" class=\"wp-caption aligncenter\"><img loading=\"lazy\" decoding=\"async\" class=\"size-large wp-image-8317\" src=\"https:\/\/padrejosimo.com.br\/site\/wp-content\/uploads\/2025\/11\/WhatsApp-Image-2025-11-10-at-16.32.08-1536x1023-1-1024x682.jpeg\" alt=\"\" width=\"800\" height=\"533\" srcset=\"https:\/\/padrejosimo.com.br\/site\/wp-content\/uploads\/2025\/11\/WhatsApp-Image-2025-11-10-at-16.32.08-1536x1023-1-1024x682.jpeg 1024w, https:\/\/padrejosimo.com.br\/site\/wp-content\/uploads\/2025\/11\/WhatsApp-Image-2025-11-10-at-16.32.08-1536x1023-1-300x200.jpeg 300w, https:\/\/padrejosimo.com.br\/site\/wp-content\/uploads\/2025\/11\/WhatsApp-Image-2025-11-10-at-16.32.08-1536x1023-1-768x512.jpeg 768w, https:\/\/padrejosimo.com.br\/site\/wp-content\/uploads\/2025\/11\/WhatsApp-Image-2025-11-10-at-16.32.08-1536x1023-1.jpeg 1536w\" sizes=\"(max-width: 800px) 100vw, 800px\" \/><figcaption id=\"caption-attachment-8317\" class=\"wp-caption-text\"><span style=\"font-size: 10pt;\"><em>Reginete Bispo enfatizou que o semin\u00e1rio foi um espa\u00e7o cultural e pol\u00edtico, onde vozes diversas refor\u00e7aram a necessidade de que a quest\u00e3o racial esteja no centro das pol\u00edticas p\u00fablicas \u2013 Foto: Rafa Dotti<\/em><\/span><\/figcaption><\/figure>\n<p><strong>\u201cQualquer projeto pol\u00edtico que n\u00e3o tenha o povo negro como protagonista n\u00e3o tem car\u00e1ter transformador\u201d<\/strong><\/p>\n<p>Reginete Bispo destacou a import\u00e2ncia do semin\u00e1rio Caminhos da Resist\u00eancia, que reuniu mulheres de diferentes regi\u00f5es e segmentos do Rio Grande do Sul. \u201cO semin\u00e1rio reuniu mulheres de todo o estado do Rio Grande do Sul. Tivemos professoras, mulheres quilombolas, mulheres pescadoras. Tivemos mulheres de todos os segmentos, da \u00e1rea da justi\u00e7a, da educa\u00e7\u00e3o, da sa\u00fade, fazendo uma reflex\u00e3o muito importante, e que tem a ver com o pr\u00f3prio t\u00edtulo: Caminhos da Resist\u00eancia\u201d, afirmou.<\/p>\n<p>Segundo ela, o encontro trouxe uma discuss\u00e3o necess\u00e1ria sobre os desafios colocados para as mulheres negras neste momento hist\u00f3rico. \u201cA gente est\u00e1 num ano em que, em 2025, vamos realizar a Marcha Nacional de Mulheres Negras. Acreditamos que vai ser um grande momento de novas iniciativas que impulsionem as pol\u00edticas de combate ao racismo no nosso pa\u00eds.\u201d<\/p>\n<p>Bispo enfatizou que o semin\u00e1rio foi tamb\u00e9m um espa\u00e7o cultural e pol\u00edtico, onde vozes diversas refor\u00e7aram a necessidade de que a quest\u00e3o racial esteja no centro das pol\u00edticas p\u00fablicas. \u201cAs mulheres negras precisam estar no centro do debate das pol\u00edticas p\u00fablicas.\u201d<\/p>\n<p>Para a parlamentar, esse \u00e9 um ponto central da luta. \u201cQualquer projeto pol\u00edtico, nacional ou internacional, que n\u00e3o tenha o povo negro e os povos ind\u00edgenas como protagonistas, n\u00e3o tem car\u00e1ter inovador nem transformador. O colonialismo continua se perpetuando, se reatualizando sobre os valores ancestrais e civilizat\u00f3rios do nosso povo.\u201d<\/p>\n<p>Bispo ressaltou que o semin\u00e1rio tamb\u00e9m foi um espa\u00e7o de homenagem. \u201cFoi um momento de reconhecer o trabalho de mulheres negras que se destacam em suas comunidades e na sociedade. Homenageamos ju\u00edzas, mulheres quilombolas, LGBTs, jovens, mulheres da cultura, da sa\u00fade, da arte. Mulheres que fazem a diferen\u00e7a em seus espa\u00e7os, que enfrentam realidades muitas vezes duras e desafiadoras. Ao homenage\u00e1-las, incentivamos essas e tantas outras a ocuparem os espa\u00e7os p\u00fablicos e de poder.\u201d<\/p>\n<figure id=\"attachment_8318\" aria-describedby=\"caption-attachment-8318\" style=\"width: 800px\" class=\"wp-caption aligncenter\"><img loading=\"lazy\" decoding=\"async\" class=\"size-large wp-image-8318\" src=\"https:\/\/padrejosimo.com.br\/site\/wp-content\/uploads\/2025\/11\/IMG_6064-1536x1024-1-1024x683.jpg\" alt=\"\" width=\"800\" height=\"534\" srcset=\"https:\/\/padrejosimo.com.br\/site\/wp-content\/uploads\/2025\/11\/IMG_6064-1536x1024-1-1024x683.jpg 1024w, https:\/\/padrejosimo.com.br\/site\/wp-content\/uploads\/2025\/11\/IMG_6064-1536x1024-1-300x200.jpg 300w, https:\/\/padrejosimo.com.br\/site\/wp-content\/uploads\/2025\/11\/IMG_6064-1536x1024-1-768x512.jpg 768w, https:\/\/padrejosimo.com.br\/site\/wp-content\/uploads\/2025\/11\/IMG_6064-1536x1024-1.jpg 1536w\" sizes=\"(max-width: 800px) 100vw, 800px\" \/><figcaption id=\"caption-attachment-8318\" class=\"wp-caption-text\"><span style=\"font-size: 10pt;\"><em>Evento foi encerrado com premia\u00e7\u00e3o de mulheres de 10 segmentos \u2013 Foto: Rafa Dotti<\/em><\/span><\/figcaption><\/figure>\n<p>Ela destacou ainda que o evento refor\u00e7ou a necessidade de forma\u00e7\u00e3o pol\u00edtica cont\u00ednua. \u201cOutro grande encaminhamento que sai desse semin\u00e1rio, proposto inclusive pela companheira Vilma Reis, \u00e9 a cria\u00e7\u00e3o de f\u00f3runs e centros de forma\u00e7\u00e3o de mulheres, para que elas estejam preparadas para ocupar os espa\u00e7os p\u00fablicos. O Instituto Akanni, por exemplo, j\u00e1 teve uma experi\u00eancia com o curso de mandatas, que preparou mulheres para a pol\u00edtica. Daquele processo, elegemos vereadoras e deputadas negras.\u201d<\/p>\n<p>A deputada concluiu afirmando que o trabalho precisa ser permanente. \u201c\u00c9 importante a a\u00e7\u00e3o permanente em todas as \u00e1reas, para que a gente rompa esse ciclo de racismo e de viol\u00eancia que se perpetua no nosso pa\u00eds. E que, depois do 25 de novembro, a gente permane\u00e7a em marcha, especialmente marchando contra os genoc\u00eddios que o Estado brasileiro comete contra o nosso povo, como vimos recentemente no Rio de Janeiro.\u201d<\/p>\n<p>&nbsp;<\/p>\n<p><strong>Homenageadas:<\/strong><\/p>\n<p>Br\u00edgida Barcelos \u2013 Justi\u00e7a<\/p>\n<p>Gilciane Beatriz Aguiar das Neves \u2013 Economia Solid\u00e1ria<\/p>\n<p>Josiane Soares Cardoso \u2013 Lideran\u00e7a comunit\u00e1ria<\/p>\n<p>Maria Geneci Macedo da Silveira \u2013 Sa\u00fade<\/p>\n<p>Mariana Abreu Marmontel \u2013 Juventude e Arte<\/p>\n<p>Nadir Maria de Jesus \u2013 Pol\u00edtica<\/p>\n<p>Raika Luz Severo \u2013 LGBTQIAPN+<\/p>\n<p>Tamarisa Lopes da Silva \u2013 Esporte<\/p>\n<p>T\u00e2nia Silva \u2013 Educa\u00e7\u00e3o<\/p>\n<p>Iya Sandrali Bueno \u2013 pelas Iyas<\/p>\n<p>&nbsp;<\/p>\n<p>Editado por: Katia Marko<\/p>\n","protected":false},"excerpt":{"rendered":"<p>Semin\u00e1rio reuniu lideran\u00e7as de todo o estado para debater direitos, territ\u00f3rios, repara\u00e7\u00e3o e homenagear mulheres negras<\/p>\n","protected":false},"featured_media":8304,"template":"","categorias_noticias":[3,13],"class_list":["post-8303","noticias","type-noticias","status-publish","has-post-thumbnail","hentry","categorias_noticias-cultural","categorias_noticias-noticias"],"acf":[],"yoast_head":"<!-- This site is optimized with the Yoast SEO plugin v27.2 - https:\/\/yoast.com\/product\/yoast-seo-wordpress\/ -->\n<title>Mulheres negras e quilombolas reafirmam protagonismo e resist\u00eancia no Rio Grande do Sul - Instituto Cultural Padre Josimo<\/title>\n<meta name=\"robots\" content=\"index, follow, max-snippet:-1, max-image-preview:large, max-video-preview:-1\" \/>\n<link rel=\"canonical\" href=\"https:\/\/padrejosimo.com.br\/site\/noticias\/mulheres-negras-e-quilombolas-reafirmam-protagonismo-e-resistencia-no-rio-grande-do-sul\/\" \/>\n<meta property=\"og:locale\" content=\"pt_BR\" \/>\n<meta property=\"og:type\" content=\"article\" \/>\n<meta property=\"og:title\" content=\"Mulheres negras e quilombolas reafirmam protagonismo e resist\u00eancia no Rio Grande do Sul - Instituto Cultural Padre Josimo\" \/>\n<meta property=\"og:description\" content=\"Semin\u00e1rio reuniu lideran\u00e7as de todo o estado para debater direitos, territ\u00f3rios, repara\u00e7\u00e3o e homenagear mulheres negras\" \/>\n<meta property=\"og:url\" content=\"https:\/\/padrejosimo.com.br\/site\/noticias\/mulheres-negras-e-quilombolas-reafirmam-protagonismo-e-resistencia-no-rio-grande-do-sul\/\" \/>\n<meta property=\"og:site_name\" content=\"Instituto Cultural Padre Josimo\" \/>\n<meta property=\"article:modified_time\" content=\"2025-11-13T13:09:02+00:00\" \/>\n<meta property=\"og:image\" content=\"https:\/\/padrejosimo.com.br\/site\/wp-content\/uploads\/2025\/11\/IMG_6903-1140x815-1.jpg\" \/>\n\t<meta property=\"og:image:width\" content=\"1140\" \/>\n\t<meta property=\"og:image:height\" content=\"815\" \/>\n\t<meta property=\"og:image:type\" content=\"image\/jpeg\" \/>\n<meta name=\"twitter:card\" content=\"summary_large_image\" \/>\n<meta name=\"twitter:label1\" content=\"Est. tempo de leitura\" \/>\n\t<meta name=\"twitter:data1\" content=\"16 minutos\" \/>\n<script type=\"application\/ld+json\" class=\"yoast-schema-graph\">{\"@context\":\"https:\/\/schema.org\",\"@graph\":[{\"@type\":\"WebPage\",\"@id\":\"https:\/\/padrejosimo.com.br\/site\/noticias\/mulheres-negras-e-quilombolas-reafirmam-protagonismo-e-resistencia-no-rio-grande-do-sul\/\",\"url\":\"https:\/\/padrejosimo.com.br\/site\/noticias\/mulheres-negras-e-quilombolas-reafirmam-protagonismo-e-resistencia-no-rio-grande-do-sul\/\",\"name\":\"Mulheres negras e quilombolas reafirmam protagonismo e resist\u00eancia no Rio Grande do Sul - Instituto Cultural Padre Josimo\",\"isPartOf\":{\"@id\":\"https:\/\/padrejosimo.com.br\/site\/#website\"},\"primaryImageOfPage\":{\"@id\":\"https:\/\/padrejosimo.com.br\/site\/noticias\/mulheres-negras-e-quilombolas-reafirmam-protagonismo-e-resistencia-no-rio-grande-do-sul\/#primaryimage\"},\"image\":{\"@id\":\"https:\/\/padrejosimo.com.br\/site\/noticias\/mulheres-negras-e-quilombolas-reafirmam-protagonismo-e-resistencia-no-rio-grande-do-sul\/#primaryimage\"},\"thumbnailUrl\":\"https:\/\/padrejosimo.com.br\/site\/wp-content\/uploads\/2025\/11\/IMG_6903-1140x815-1.jpg\",\"datePublished\":\"2025-11-10T11:40:04+00:00\",\"dateModified\":\"2025-11-13T13:09:02+00:00\",\"breadcrumb\":{\"@id\":\"https:\/\/padrejosimo.com.br\/site\/noticias\/mulheres-negras-e-quilombolas-reafirmam-protagonismo-e-resistencia-no-rio-grande-do-sul\/#breadcrumb\"},\"inLanguage\":\"pt-BR\",\"potentialAction\":[{\"@type\":\"ReadAction\",\"target\":[\"https:\/\/padrejosimo.com.br\/site\/noticias\/mulheres-negras-e-quilombolas-reafirmam-protagonismo-e-resistencia-no-rio-grande-do-sul\/\"]}]},{\"@type\":\"ImageObject\",\"inLanguage\":\"pt-BR\",\"@id\":\"https:\/\/padrejosimo.com.br\/site\/noticias\/mulheres-negras-e-quilombolas-reafirmam-protagonismo-e-resistencia-no-rio-grande-do-sul\/#primaryimage\",\"url\":\"https:\/\/padrejosimo.com.br\/site\/wp-content\/uploads\/2025\/11\/IMG_6903-1140x815-1.jpg\",\"contentUrl\":\"https:\/\/padrejosimo.com.br\/site\/wp-content\/uploads\/2025\/11\/IMG_6903-1140x815-1.jpg\",\"width\":1140,\"height\":815,\"caption\":\"\\\"Durante anos, \u00e9ramos as \u00fanicas em determinados espa\u00e7os. E n\u00f3s n\u00e3o queremos ser a \u00fanica, nem estar sozinhas em lugar nenhum\\\", afirmou Vilma Reis - Foto: Rafa Dotti\"},{\"@type\":\"BreadcrumbList\",\"@id\":\"https:\/\/padrejosimo.com.br\/site\/noticias\/mulheres-negras-e-quilombolas-reafirmam-protagonismo-e-resistencia-no-rio-grande-do-sul\/#breadcrumb\",\"itemListElement\":[{\"@type\":\"ListItem\",\"position\":1,\"name\":\"In\u00edcio\",\"item\":\"https:\/\/padrejosimo.com.br\/site\/\"},{\"@type\":\"ListItem\",\"position\":2,\"name\":\"Not\u00edcias\",\"item\":\"https:\/\/padrejosimo.com.br\/site\/noticias\/\"},{\"@type\":\"ListItem\",\"position\":3,\"name\":\"Mulheres negras e quilombolas reafirmam protagonismo e resist\u00eancia no Rio Grande do Sul\"}]},{\"@type\":\"WebSite\",\"@id\":\"https:\/\/padrejosimo.com.br\/site\/#website\",\"url\":\"https:\/\/padrejosimo.com.br\/site\/\",\"name\":\"Instituto Cultural Padre Josimo\",\"description\":\"Comprometida com a promo\u00e7\u00e3o da justi\u00e7a social, agroecologia e educa\u00e7\u00e3o popular\",\"publisher\":{\"@id\":\"https:\/\/padrejosimo.com.br\/site\/#organization\"},\"alternateName\":\"ICPJ\",\"potentialAction\":[{\"@type\":\"SearchAction\",\"target\":{\"@type\":\"EntryPoint\",\"urlTemplate\":\"https:\/\/padrejosimo.com.br\/site\/?s={search_term_string}\"},\"query-input\":{\"@type\":\"PropertyValueSpecification\",\"valueRequired\":true,\"valueName\":\"search_term_string\"}}],\"inLanguage\":\"pt-BR\"},{\"@type\":\"Organization\",\"@id\":\"https:\/\/padrejosimo.com.br\/site\/#organization\",\"name\":\"Instituto Cultural Padre Josimo\",\"alternateName\":\"ICPJ\",\"url\":\"https:\/\/padrejosimo.com.br\/site\/\",\"logo\":{\"@type\":\"ImageObject\",\"inLanguage\":\"pt-BR\",\"@id\":\"https:\/\/padrejosimo.com.br\/site\/#\/schema\/logo\/image\/\",\"url\":\"https:\/\/padrejosimo.com.br\/site\/wp-content\/uploads\/2025\/09\/cropped-icon-icpj.png\",\"contentUrl\":\"https:\/\/padrejosimo.com.br\/site\/wp-content\/uploads\/2025\/09\/cropped-icon-icpj.png\",\"width\":512,\"height\":512,\"caption\":\"Instituto Cultural Padre Josimo\"},\"image\":{\"@id\":\"https:\/\/padrejosimo.com.br\/site\/#\/schema\/logo\/image\/\"}}]}<\/script>\n<!-- \/ Yoast SEO plugin. -->","yoast_head_json":{"title":"Mulheres negras e quilombolas reafirmam protagonismo e resist\u00eancia no Rio Grande do Sul - Instituto Cultural Padre Josimo","robots":{"index":"index","follow":"follow","max-snippet":"max-snippet:-1","max-image-preview":"max-image-preview:large","max-video-preview":"max-video-preview:-1"},"canonical":"https:\/\/padrejosimo.com.br\/site\/noticias\/mulheres-negras-e-quilombolas-reafirmam-protagonismo-e-resistencia-no-rio-grande-do-sul\/","og_locale":"pt_BR","og_type":"article","og_title":"Mulheres negras e quilombolas reafirmam protagonismo e resist\u00eancia no Rio Grande do Sul - Instituto Cultural Padre Josimo","og_description":"Semin\u00e1rio reuniu lideran\u00e7as de todo o estado para debater direitos, territ\u00f3rios, repara\u00e7\u00e3o e homenagear mulheres negras","og_url":"https:\/\/padrejosimo.com.br\/site\/noticias\/mulheres-negras-e-quilombolas-reafirmam-protagonismo-e-resistencia-no-rio-grande-do-sul\/","og_site_name":"Instituto Cultural Padre Josimo","article_modified_time":"2025-11-13T13:09:02+00:00","og_image":[{"width":1140,"height":815,"url":"https:\/\/padrejosimo.com.br\/site\/wp-content\/uploads\/2025\/11\/IMG_6903-1140x815-1.jpg","type":"image\/jpeg"}],"twitter_card":"summary_large_image","twitter_misc":{"Est. tempo de leitura":"16 minutos"},"schema":{"@context":"https:\/\/schema.org","@graph":[{"@type":"WebPage","@id":"https:\/\/padrejosimo.com.br\/site\/noticias\/mulheres-negras-e-quilombolas-reafirmam-protagonismo-e-resistencia-no-rio-grande-do-sul\/","url":"https:\/\/padrejosimo.com.br\/site\/noticias\/mulheres-negras-e-quilombolas-reafirmam-protagonismo-e-resistencia-no-rio-grande-do-sul\/","name":"Mulheres negras e quilombolas reafirmam protagonismo e resist\u00eancia no Rio Grande do Sul - Instituto Cultural Padre Josimo","isPartOf":{"@id":"https:\/\/padrejosimo.com.br\/site\/#website"},"primaryImageOfPage":{"@id":"https:\/\/padrejosimo.com.br\/site\/noticias\/mulheres-negras-e-quilombolas-reafirmam-protagonismo-e-resistencia-no-rio-grande-do-sul\/#primaryimage"},"image":{"@id":"https:\/\/padrejosimo.com.br\/site\/noticias\/mulheres-negras-e-quilombolas-reafirmam-protagonismo-e-resistencia-no-rio-grande-do-sul\/#primaryimage"},"thumbnailUrl":"https:\/\/padrejosimo.com.br\/site\/wp-content\/uploads\/2025\/11\/IMG_6903-1140x815-1.jpg","datePublished":"2025-11-10T11:40:04+00:00","dateModified":"2025-11-13T13:09:02+00:00","breadcrumb":{"@id":"https:\/\/padrejosimo.com.br\/site\/noticias\/mulheres-negras-e-quilombolas-reafirmam-protagonismo-e-resistencia-no-rio-grande-do-sul\/#breadcrumb"},"inLanguage":"pt-BR","potentialAction":[{"@type":"ReadAction","target":["https:\/\/padrejosimo.com.br\/site\/noticias\/mulheres-negras-e-quilombolas-reafirmam-protagonismo-e-resistencia-no-rio-grande-do-sul\/"]}]},{"@type":"ImageObject","inLanguage":"pt-BR","@id":"https:\/\/padrejosimo.com.br\/site\/noticias\/mulheres-negras-e-quilombolas-reafirmam-protagonismo-e-resistencia-no-rio-grande-do-sul\/#primaryimage","url":"https:\/\/padrejosimo.com.br\/site\/wp-content\/uploads\/2025\/11\/IMG_6903-1140x815-1.jpg","contentUrl":"https:\/\/padrejosimo.com.br\/site\/wp-content\/uploads\/2025\/11\/IMG_6903-1140x815-1.jpg","width":1140,"height":815,"caption":"\"Durante anos, \u00e9ramos as \u00fanicas em determinados espa\u00e7os. E n\u00f3s n\u00e3o queremos ser a \u00fanica, nem estar sozinhas em lugar nenhum\", afirmou Vilma Reis - Foto: Rafa Dotti"},{"@type":"BreadcrumbList","@id":"https:\/\/padrejosimo.com.br\/site\/noticias\/mulheres-negras-e-quilombolas-reafirmam-protagonismo-e-resistencia-no-rio-grande-do-sul\/#breadcrumb","itemListElement":[{"@type":"ListItem","position":1,"name":"In\u00edcio","item":"https:\/\/padrejosimo.com.br\/site\/"},{"@type":"ListItem","position":2,"name":"Not\u00edcias","item":"https:\/\/padrejosimo.com.br\/site\/noticias\/"},{"@type":"ListItem","position":3,"name":"Mulheres negras e quilombolas reafirmam protagonismo e resist\u00eancia no Rio Grande do Sul"}]},{"@type":"WebSite","@id":"https:\/\/padrejosimo.com.br\/site\/#website","url":"https:\/\/padrejosimo.com.br\/site\/","name":"Instituto Cultural Padre Josimo","description":"Comprometida com a promo\u00e7\u00e3o da justi\u00e7a social, agroecologia e educa\u00e7\u00e3o popular","publisher":{"@id":"https:\/\/padrejosimo.com.br\/site\/#organization"},"alternateName":"ICPJ","potentialAction":[{"@type":"SearchAction","target":{"@type":"EntryPoint","urlTemplate":"https:\/\/padrejosimo.com.br\/site\/?s={search_term_string}"},"query-input":{"@type":"PropertyValueSpecification","valueRequired":true,"valueName":"search_term_string"}}],"inLanguage":"pt-BR"},{"@type":"Organization","@id":"https:\/\/padrejosimo.com.br\/site\/#organization","name":"Instituto Cultural Padre Josimo","alternateName":"ICPJ","url":"https:\/\/padrejosimo.com.br\/site\/","logo":{"@type":"ImageObject","inLanguage":"pt-BR","@id":"https:\/\/padrejosimo.com.br\/site\/#\/schema\/logo\/image\/","url":"https:\/\/padrejosimo.com.br\/site\/wp-content\/uploads\/2025\/09\/cropped-icon-icpj.png","contentUrl":"https:\/\/padrejosimo.com.br\/site\/wp-content\/uploads\/2025\/09\/cropped-icon-icpj.png","width":512,"height":512,"caption":"Instituto Cultural Padre Josimo"},"image":{"@id":"https:\/\/padrejosimo.com.br\/site\/#\/schema\/logo\/image\/"}}]}},"_links":{"self":[{"href":"https:\/\/padrejosimo.com.br\/site\/wp-json\/wp\/v2\/noticias\/8303","targetHints":{"allow":["GET"]}}],"collection":[{"href":"https:\/\/padrejosimo.com.br\/site\/wp-json\/wp\/v2\/noticias"}],"about":[{"href":"https:\/\/padrejosimo.com.br\/site\/wp-json\/wp\/v2\/types\/noticias"}],"wp:featuredmedia":[{"embeddable":true,"href":"https:\/\/padrejosimo.com.br\/site\/wp-json\/wp\/v2\/media\/8304"}],"wp:attachment":[{"href":"https:\/\/padrejosimo.com.br\/site\/wp-json\/wp\/v2\/media?parent=8303"}],"wp:term":[{"taxonomy":"categorias_noticias","embeddable":true,"href":"https:\/\/padrejosimo.com.br\/site\/wp-json\/wp\/v2\/categorias_noticias?post=8303"}],"curies":[{"name":"wp","href":"https:\/\/api.w.org\/{rel}","templated":true}]}}