{"id":8242,"date":"2025-11-02T21:19:58","date_gmt":"2025-11-03T00:19:58","guid":{"rendered":"https:\/\/padrejosimo.com.br\/site\/?post_type=noticias&#038;p=8242"},"modified":"2025-11-02T22:19:35","modified_gmt":"2025-11-03T01:19:35","slug":"peabiru-caminho-sagrado-ancestral-roteiro-turistico-ou-uma-rede-que-permanece-conectando-territorios-e-povos","status":"publish","type":"noticias","link":"https:\/\/padrejosimo.com.br\/site\/noticias\/peabiru-caminho-sagrado-ancestral-roteiro-turistico-ou-uma-rede-que-permanece-conectando-territorios-e-povos\/","title":{"rendered":"Peabiru: caminho sagrado ancestral, roteiro tur\u00edstico ou uma rede que permanece conectando territ\u00f3rios e povos?"},"content":{"rendered":"<blockquote>\n<p><em><strong><span style=\"font-size: x-large;\">Semin\u00e1rio em Foz do Igua\u00e7u debateu diferentes interpreta\u00e7\u00f5es para o caminho ancestral que interliga o territ\u00f3rio sul-americano do Pac\u00edfico ao Atl\u00e2ntico<\/span><\/strong><\/em><\/p>\n<\/blockquote>\n<figure id=\"attachment_8245\" aria-describedby=\"caption-attachment-8245\" style=\"width: 504px\" class=\"wp-caption aligncenter\"><img fetchpriority=\"high\" decoding=\"async\" class=\"wp-image-8245\" style=\"font-size: x-large; text-align: start;\" src=\"https:\/\/padrejosimo.com.br\/site\/wp-content\/uploads\/2025\/11\/WhatsApp-Image-2025-10-30-at-08.18.07-4-1024x682.jpeg\" alt=\"\" width=\"504\" height=\"336\" srcset=\"https:\/\/padrejosimo.com.br\/site\/wp-content\/uploads\/2025\/11\/WhatsApp-Image-2025-10-30-at-08.18.07-4-1024x682.jpeg 1024w, https:\/\/padrejosimo.com.br\/site\/wp-content\/uploads\/2025\/11\/WhatsApp-Image-2025-10-30-at-08.18.07-4-300x200.jpeg 300w, https:\/\/padrejosimo.com.br\/site\/wp-content\/uploads\/2025\/11\/WhatsApp-Image-2025-10-30-at-08.18.07-4-768x512.jpeg 768w, https:\/\/padrejosimo.com.br\/site\/wp-content\/uploads\/2025\/11\/WhatsApp-Image-2025-10-30-at-08.18.07-4-1536x1023.jpeg 1536w, https:\/\/padrejosimo.com.br\/site\/wp-content\/uploads\/2025\/11\/WhatsApp-Image-2025-10-30-at-08.18.07-4.jpeg 1600w\" sizes=\"(max-width: 504px) 100vw, 504px\" \/><figcaption id=\"caption-attachment-8245\" class=\"wp-caption-text\"><span style=\"font-size: 8pt;\"><em>Semin\u00e1rio saiu de dentro do audit\u00f3rio e foi at\u00e9 territ\u00f3rio quilombola, aldeia ind\u00edgena e ato na rua <\/em><\/span><\/figcaption><\/figure>\n<blockquote>\n<p align=\"justify\"><em><span style=\"font-size: medium;\">Texto: <strong>Marcos Antonio Corbari<\/strong><\/span><\/em><\/p>\n<p align=\"justify\"><em><span style=\"font-size: medium;\">Fotos: <strong>Cadr\u00e9 Dominguez<\/strong><\/span><\/em><\/p>\n<\/blockquote>\n<p align=\"justify\">\u00a0<\/p>\n<p align=\"justify\"><span style=\"font-size: medium;\">Durante tr\u00eas dias (de 22 a 24\/10) a Universidade da Integra\u00e7\u00e3o Latino-Americana (Unila) debateu em Foz do Igua\u00e7u os diferentes pontos de vista acerca do Caminho do Peabiru. A rota ancestral estabelecida muito antes da invas\u00e3o europeia ao continente segue despertando interesse para povos tradicionais e origin\u00e1rios, pesquisadores do espa\u00e7o acad\u00eamico, representantes de governos e empresas, bem como de movimentos sociais e populares. <\/span><\/p>\n<p align=\"justify\"><span style=\"font-size: medium;\">O BdF acompanhou semin\u00e1rio e \u00e9 poss\u00edvel afirmar: as contradi\u00e7\u00f5es foram colocadas na mesa, entre aqueles que buscam construir uma rota tur\u00edstica com claro apelo comercial (notadamente vinculados a governos e empreendimentos comerciais), os que pedem a preserva\u00e7\u00e3o do sagrado ancestral (povos origin\u00e1rios e seus aliados) e aqueles que buscam a ressignifica\u00e7\u00e3o da rota como uma rede viva que segue conectando temas e povos muito al\u00e9m do tra\u00e7ado geogr\u00e1fico original (movimentos sociais e populares). <\/span><\/p>\n<p align=\"justify\"><span style=\"font-size: medium;\">Segundo os organizadores, foram cerca de 250 participantes inscritos e por volta de 350 pessoas circulando pelos diferentes espa\u00e7os do encontro. Al\u00e9m da comunidade acad\u00eamica, destacaram-se a presen\u00e7a de representantes ind\u00edgenas das etnias Av\u00e1-Guarani e Kaigand, pesquisadores vinculados a outras universidades e centros de pesquisa, bem como mobilizadores sociais de diversos estados brasileiros e de pelo menos uma dezena de pa\u00edses.<\/span><\/p>\n<p align=\"justify\"><span style=\"font-size: medium;\">Para o estudante Rafael Romanzini, do curso Rela\u00e7\u00f5es Internacionais e Integra\u00e7\u00e3o da Unila, o evento retomou o caminho como s\u00edmbolo de resist\u00eancia ao articular com movimentos sociais e trazer discuss\u00f5es sobre o uso da terra. \u201cProvou-se que o futuro \u00e9 ancestral, n\u00e3o somos separados da natureza, mas sim parte dela\u201d, relatou, lembrando a cosmovis\u00e3o de unidade expressa na tradi\u00e7\u00e3o ind\u00edgena.<\/span><\/p>\n<figure id=\"attachment_8249\" aria-describedby=\"caption-attachment-8249\" style=\"width: 503px\" class=\"wp-caption aligncenter\"><img decoding=\"async\" class=\"wp-image-8249\" src=\"https:\/\/padrejosimo.com.br\/site\/wp-content\/uploads\/2025\/11\/WhatsApp-Image-2025-10-30-at-08.18.06-3-1024x682.jpeg\" alt=\"\" width=\"503\" height=\"335\" srcset=\"https:\/\/padrejosimo.com.br\/site\/wp-content\/uploads\/2025\/11\/WhatsApp-Image-2025-10-30-at-08.18.06-3-1024x682.jpeg 1024w, https:\/\/padrejosimo.com.br\/site\/wp-content\/uploads\/2025\/11\/WhatsApp-Image-2025-10-30-at-08.18.06-3-300x200.jpeg 300w, https:\/\/padrejosimo.com.br\/site\/wp-content\/uploads\/2025\/11\/WhatsApp-Image-2025-10-30-at-08.18.06-3-768x512.jpeg 768w, https:\/\/padrejosimo.com.br\/site\/wp-content\/uploads\/2025\/11\/WhatsApp-Image-2025-10-30-at-08.18.06-3-1536x1023.jpeg 1536w, https:\/\/padrejosimo.com.br\/site\/wp-content\/uploads\/2025\/11\/WhatsApp-Image-2025-10-30-at-08.18.06-3.jpeg 1600w\" sizes=\"(max-width: 503px) 100vw, 503px\" \/><figcaption id=\"caption-attachment-8249\" class=\"wp-caption-text\"><em><span style=\"font-size: 8pt;\">Audit\u00f3rio esteve cheio na maior parte das atividades durante os tr\u00eas dias de semin\u00e1rio<\/span><\/em><\/figcaption><\/figure>\n<p align=\"justify\">\u201c<span style=\"font-size: medium;\">Como mais um ataque aos povos origin\u00e1rios, o Peabiru tem sido usado como projeto econ\u00f4mico, sem nem sequer olhar as comunidades que trazem o caminho como algo milenar e sagrado\u201d, denunciou o jovem. \u201cAqui Peabiru \u00e9 retomado como projeto pol\u00edtico. O Bem Viver ansiado pelos guaranis s\u00f3 \u00e9 feito a partir da reflex\u00e3o de como usamos a terra, de como observamos o que consumimos e de como aprendemos com comunidades que estavam aqui muito antes de n\u00f3s e resistem at\u00e9 hoje\u201d. <\/span><\/p>\n<p align=\"justify\"><span style=\"font-size: medium;\">Atuante no processo de constru\u00e7\u00e3o do semin\u00e1rio, a jornalista Renata Camargo, que veio de Portugal para fazer a media\u00e7\u00e3o de duas mesas, lembrou que caminhar \u00e9 um ato sagrado e as universidades precisam perder o medo de olhar e falar do sagrado. Para ela est\u00e1 claro que o espa\u00e7o institucional do ensino superior precisa ampliar a sua cosmovis\u00e3o em rela\u00e7\u00e3o aos saberes, \u201cque s\u00e3o tantos, que s\u00e3o m\u00faltiplos, que vem da pr\u00e1tica\u201d. <\/span><\/p>\n<p align=\"justify\">\u201c<span style=\"font-size: medium;\">As pessoas que estiveram no Semin\u00e1rio vieram at\u00e9 Foz do Igua\u00e7u para olhar para o Peabiru como um horizonte do sonho de uma terra sem males que nos faz caminhar para um lugar mais justo. O Peabiru s\u00e3o as pessoas e nada pode ser feito em nome dele sem os que preservam a terra e as \u00e1guas que s\u00e3o o caminho\u201d, acrescentou. <\/span><\/p>\n<p align=\"justify\"><span style=\"font-size: medium;\">O objetivo de caminhar em meio a diversidade, segundo ela, foi contemplado: \u201cPensamos um semin\u00e1rio que envolvesse os saberes ind\u00edgenas e a presen\u00e7a Guarani transformou o ambiente, trouxe emo\u00e7\u00e3o, trouxe for\u00e7a e trouxe luz ao caminho e exigiu respeito a vida e a sua exist\u00eancia\u201d. <\/span><\/p>\n<p align=\"justify\"><span style=\"font-size: medium;\">Questionada a respeito das diferentes perspectivas que demarcaram o evento, Renata \u00e9 incisiva: \u201cEu tive a honra de ouvir a saberia de uma mulher quilombola, de uma militante dos trabalhares Sem Terra, da luta pela habita\u00e7\u00e3o, dos pequenos agricultores, dos estudiosos, das entusiastas de um caminho que deve ser usado para contra colonizar. Mas ouvi tamb\u00e9m o pensamento euroc\u00eantrico que v\u00ea a natureza como um produto, a especula\u00e7\u00e3o imobili\u00e1ria, os predadores do turismo, os homens de gan\u00e2ncia que ainda querem impor o seu olhar como fizeram em 1500, mas n\u00e3o permitiremos\u201d, pontuou.<\/span><\/p>\n<p>&nbsp;<\/p>\n<p><span style=\"font-size: x-large;\"><b>Povos ind\u00edgenas e comunidades tradicionais seguem sendo violentados<\/b><\/span><\/p>\n<figure id=\"attachment_8250\" aria-describedby=\"caption-attachment-8250\" style=\"width: 500px\" class=\"wp-caption aligncenter\"><img decoding=\"async\" class=\" wp-image-8250\" src=\"https:\/\/padrejosimo.com.br\/site\/wp-content\/uploads\/2025\/11\/WhatsApp-Image-2025-10-30-at-08.18.07-3-1024x682.jpeg\" alt=\"\" width=\"500\" height=\"333\" srcset=\"https:\/\/padrejosimo.com.br\/site\/wp-content\/uploads\/2025\/11\/WhatsApp-Image-2025-10-30-at-08.18.07-3-1024x682.jpeg 1024w, https:\/\/padrejosimo.com.br\/site\/wp-content\/uploads\/2025\/11\/WhatsApp-Image-2025-10-30-at-08.18.07-3-300x200.jpeg 300w, https:\/\/padrejosimo.com.br\/site\/wp-content\/uploads\/2025\/11\/WhatsApp-Image-2025-10-30-at-08.18.07-3-768x512.jpeg 768w, https:\/\/padrejosimo.com.br\/site\/wp-content\/uploads\/2025\/11\/WhatsApp-Image-2025-10-30-at-08.18.07-3-1536x1023.jpeg 1536w, https:\/\/padrejosimo.com.br\/site\/wp-content\/uploads\/2025\/11\/WhatsApp-Image-2025-10-30-at-08.18.07-3.jpeg 1600w\" sizes=\"(max-width: 500px) 100vw, 500px\" \/><figcaption id=\"caption-attachment-8250\" class=\"wp-caption-text\"><span style=\"font-size: 8pt;\">Mulheres Av\u00e1 Guarani trouxeram relatos sobre a viol\u00eancia que tem sido praticada em Gua\u00edra e Terra Rocha<\/span><\/figcaption><\/figure>\n<p><span style=\"font-size: medium;\">As vozes de representantes do povo Guarani da regi\u00e3o de Gua\u00edra tiveram espa\u00e7o garantido e refletiram a realidade que vivem atualmente, de viol\u00eancia extrema -, bem como de outros segmentos pr\u00f3ximos a Foz do Igua\u00e7u e que est\u00e3o em pleno processo de retomada de territ\u00f3rios e sob constante amea\u00e7a de agressores que vem tanto das mil\u00edcias agr\u00e1rias quanto da institucionalidade que foi cooptada pelos interesses do agroneg\u00f3cio e da pr\u00f3pria comunidade estabelecida nas cidades vizinhas que se deixam cooptar pelo discurso anti ind\u00edgena.<\/span><\/p>\n<p>\u201c<span style=\"font-size: medium;\">Entendemos que \u00e9 importante falar sobre o Caminho do Peabiru, mas n\u00e3o podemos deixar de fora o que est\u00e1 acontecendo com os povos\u201d, afirma Gilberto Benites, lideran\u00e7a Av\u00e1-Guarani, do munic\u00edpio de Terra Roxa. \u201cIsso que voc\u00eas v\u00e3o fazer, de mexer com esse caminho sagrado, s\u00f3 vai dar certo se al\u00e9m de ter a participa\u00e7\u00e3o dos pesquisadores da academia, ter tamb\u00e9m a participa\u00e7\u00e3o dos rezadores da nossa espiritualidade e da nossa cultura\u201d, afirmou, defendendo que o caminho sagrado dos povos origin\u00e1rios n\u00e3o deve ser trabalhado sem a presen\u00e7a destes povos. <\/span><\/p>\n<p><span style=\"font-size: medium;\">Na interpreta\u00e7\u00e3o de Benites, as duas coisas podem acontecer \u2013 a consolida\u00e7\u00e3o do roteiro tur\u00edstico e a manuten\u00e7\u00e3o do sagrado que caracteriza o caminho \u2013 mas \u00e9 preciso que tudo seja feito com compromisso, respeito e, principalmente, a inclus\u00e3o dos povos ind\u00edgenas. \u201cO que n\u00e3o pode acontecer \u00e9 utilizar os momentos bonitos do caminho e e esconder a nossa exist\u00eancia, as nossas lutas, as dificuldades que enfrentamos\u201d. <\/span><\/p>\n<p><span style=\"font-size: medium;\">O l\u00edder Av\u00e1-Guarani apela para que os ind\u00edgenas sejam ouvidos e os diferentes saberes sejam respeitados: \u201cN\u00f3s podemos ensinar muito para voc\u00eas. Eu aprendi muito na universidade, mas o meu verdadeiro professor est\u00e1 dentro da aldeia, sentado na beira do fogo e voc\u00eas tamb\u00e9m podem aprender com ele assim como eu aprendi com os seus professores\u201d, emendou.<\/span><\/p>\n<figure id=\"attachment_8251\" aria-describedby=\"caption-attachment-8251\" style=\"width: 505px\" class=\"wp-caption aligncenter\"><img loading=\"lazy\" decoding=\"async\" class=\"wp-image-8251\" src=\"https:\/\/padrejosimo.com.br\/site\/wp-content\/uploads\/2025\/11\/WhatsApp-Image-2025-10-30-at-08.18.06-2-1024x768.jpeg\" alt=\"\" width=\"505\" height=\"379\" srcset=\"https:\/\/padrejosimo.com.br\/site\/wp-content\/uploads\/2025\/11\/WhatsApp-Image-2025-10-30-at-08.18.06-2-1024x768.jpeg 1024w, https:\/\/padrejosimo.com.br\/site\/wp-content\/uploads\/2025\/11\/WhatsApp-Image-2025-10-30-at-08.18.06-2-300x225.jpeg 300w, https:\/\/padrejosimo.com.br\/site\/wp-content\/uploads\/2025\/11\/WhatsApp-Image-2025-10-30-at-08.18.06-2-768x576.jpeg 768w, https:\/\/padrejosimo.com.br\/site\/wp-content\/uploads\/2025\/11\/WhatsApp-Image-2025-10-30-at-08.18.06-2.jpeg 1066w\" sizes=\"(max-width: 505px) 100vw, 505px\" \/><figcaption id=\"caption-attachment-8251\" class=\"wp-caption-text\"><em><span style=\"font-size: 8pt;\">Representante do povo Kaigang manifestou solidariedade aos parentes v\u00edtimas de agress\u00e3o e preconceito<\/span><\/em><\/figcaption><\/figure>\n<p><span style=\"font-size: medium;\">D\u00e9lia Taku Yju, diretora de uma escola ind\u00edgena, falou sobre a luta dos ind\u00edgenas pela demarca\u00e7\u00e3o de suas terras, lembrou que no passado um grande territ\u00f3rio da Am\u00e9rica do Sul, entre Argentina, Paraguai e Brasil, era ch\u00e3o Guarani. \u201cPara n\u00f3s n\u00e3o existe pa\u00eds, n\u00e3o existe fronteira, para n\u00f3s existe a Teko\u00e1, onde a nossa cultura se fortalece\u201d, explicou D\u00e9lia, comentando o quanto o encarceramento dos ind\u00edgenas em \u00e1reas pequenas \u00e9 prejudicial ao seu modo de ser e sentir o mundo.<\/span><\/p>\n<p><span style=\"font-size: medium;\">As limita\u00e7\u00f5es para passar pelos espa\u00e7os de fronteira quando buscam estabelecer contato com outros aldeamentos na Argentina e no Paraguai e s\u00e3o bloqueados pelos protocolos fronteiri\u00e7os foi destacado pela educadora: \u201cN\u00f3s andamos pelo caminho deixado pelos rezadores, \u00e9 importante para nossa cultura ir visitar os parentes, ver como est\u00e3o, isso \u00e9 sagrado, mas mesmo os nossos rezadores mais antigos s\u00e3o barrados por n\u00e3o possuir um documento para atravessar a fronteira que nos foi imposta\u201d.<\/span><\/p>\n<p><span style=\"font-size: medium;\">Questionando o que foi feito do verdadeiro Peabiru, que unia diferentes povos e territ\u00f3rios pelo caminhar, e na atualidade est\u00e1 reduzido a vest\u00edgios delimitados por fronteiras e cercamentos: \u201cAinda sentimos a espiritualidade dos nossos antepassados na nossa luta, na nossa caminhada. A nossa caminhada est\u00e1 sendo muito dif\u00edcil, muitas aldeias n\u00e3o t\u00eam mais espa\u00e7o para o plantio, n\u00e3o consegue mais cultivar o que \u00e9 sagrado. Hoje sequer estamos podendo ter a nossa Teko\u00e1, o territ\u00f3rio demarcado. Estamos tendo dificuldades para manter as crian\u00e7as e os jovens no caminho. A proximidade dos agrot\u00f3xicos est\u00e1 destruindo as nossas sementes sagradas, as plantinhas ficam indefesas, tudo o que \u00e9 sagrado est\u00e1 nos sendo tirado!\u201d, concluiu.<\/span><\/p>\n<p>&nbsp;<\/p>\n<p><span style=\"font-size: x-large;\"><b>Povos tradicionais seguem sendo desafiados a sobreviver<\/b><\/span><\/p>\n<figure id=\"attachment_8252\" aria-describedby=\"caption-attachment-8252\" style=\"width: 500px\" class=\"wp-caption aligncenter\"><img loading=\"lazy\" decoding=\"async\" class=\" wp-image-8252\" src=\"https:\/\/padrejosimo.com.br\/site\/wp-content\/uploads\/2025\/11\/WhatsApp-Image-2025-10-31-at-12.12.14-1-1024x768.jpeg\" alt=\"\" width=\"500\" height=\"375\" srcset=\"https:\/\/padrejosimo.com.br\/site\/wp-content\/uploads\/2025\/11\/WhatsApp-Image-2025-10-31-at-12.12.14-1-1024x768.jpeg 1024w, https:\/\/padrejosimo.com.br\/site\/wp-content\/uploads\/2025\/11\/WhatsApp-Image-2025-10-31-at-12.12.14-1-300x225.jpeg 300w, https:\/\/padrejosimo.com.br\/site\/wp-content\/uploads\/2025\/11\/WhatsApp-Image-2025-10-31-at-12.12.14-1-768x576.jpeg 768w, https:\/\/padrejosimo.com.br\/site\/wp-content\/uploads\/2025\/11\/WhatsApp-Image-2025-10-31-at-12.12.14-1-1536x1152.jpeg 1536w, https:\/\/padrejosimo.com.br\/site\/wp-content\/uploads\/2025\/11\/WhatsApp-Image-2025-10-31-at-12.12.14-1.jpeg 2048w\" sizes=\"(max-width: 500px) 100vw, 500px\" \/><figcaption id=\"caption-attachment-8252\" class=\"wp-caption-text\"><span style=\"font-size: 8pt;\"><em>Apoio ao quilombo amea\u00e7ado de desapropria\u00e7\u00e3o pela prefeitura aconteceu em diferentes espa\u00e7os<\/em><\/span><\/figcaption><\/figure>\n<p><span style=\"font-size: medium;\">\u00c9rico Massoli, professor do curso de Rela\u00e7\u00f5es Internacionais e Integra\u00e7\u00e3o e administrador do Programa de P\u00f3s-Gradua\u00e7\u00e3o em Integra\u00e7\u00e3o Contempor\u00e2nea da Am\u00e9rica Latina da UNILA, sinalizou que o semin\u00e1rio foi realizado em um momento sens\u00edvel, marcado pelo processo de reintegra\u00e7\u00e3o de posse contra o Quilombo Horta do seu Z\u00e9 e da dona La\u00edde \u2014 uma comunidade que h\u00e1 d\u00e9cadas contribui para a preserva\u00e7\u00e3o da mem\u00f3ria dos povos tradicionais, promovendo a conserva\u00e7\u00e3o ambiental e a educa\u00e7\u00e3o popular em Foz do Igua\u00e7u.<\/span><\/p>\n<p>\u201c<span style=\"font-size: medium;\">Esse conflito, que expressa a luta pelo direito \u00e0 cidade, exige uma resposta \u00e0 altura por parte da universidade p\u00fablica: ampliar o debate sobre os direitos das comunidades tradicionais e mobilizar a sociedade diante dos retrocessos e injusti\u00e7as praticadas pelo poder municipal\u201d. Para ele esse \u00e9 o papel da Universidade: estar ao lado das popula\u00e7\u00f5es historicamente marginalizadas, lutar por direitos e enfrentar as injusti\u00e7as seculares que ainda assolam a sociedade brasileira. Cabe, especialmente \u00e0 Unila, articular o conhecimento cient\u00edfico aos saberes tradicionais.\u201d<\/span><\/p>\n<p><span style=\"font-size: medium;\">Um grupo de participantes do semin\u00e1rio visitou o quilombo e levou solidariedade \u00e0 comunidade residente no territ\u00f3rio. Depois, de volta ao espa\u00e7o do Campus Integra\u00e7\u00e3o, realizaram uma manifesta\u00e7\u00e3o espont\u00e2nea, trancando a avenida Tancredo Neves em diferentes momentos, como forma de pressionar a Prefeitura \u2013 respons\u00e1vel pelo processo de reintegra\u00e7\u00e3o de posse \u2013 e Instituto Nacional de Coloniza\u00e7\u00e3o e Reforma Agr\u00e1ria (Incra), que pode agilizar o processo de demarca\u00e7\u00e3o da \u00e1rea reconhecida e colocar fim a opress\u00e3o da municipalidade.<\/span><\/p>\n<figure id=\"attachment_8253\" aria-describedby=\"caption-attachment-8253\" style=\"width: 505px\" class=\"wp-caption aligncenter\"><img loading=\"lazy\" decoding=\"async\" class=\" wp-image-8253\" src=\"https:\/\/padrejosimo.com.br\/site\/wp-content\/uploads\/2025\/11\/WhatsApp-Image-2025-10-24-at-17.15.40-1024x576.jpeg\" alt=\"\" width=\"505\" height=\"284\" srcset=\"https:\/\/padrejosimo.com.br\/site\/wp-content\/uploads\/2025\/11\/WhatsApp-Image-2025-10-24-at-17.15.40-1024x576.jpeg 1024w, https:\/\/padrejosimo.com.br\/site\/wp-content\/uploads\/2025\/11\/WhatsApp-Image-2025-10-24-at-17.15.40-300x169.jpeg 300w, https:\/\/padrejosimo.com.br\/site\/wp-content\/uploads\/2025\/11\/WhatsApp-Image-2025-10-24-at-17.15.40-768x432.jpeg 768w, https:\/\/padrejosimo.com.br\/site\/wp-content\/uploads\/2025\/11\/WhatsApp-Image-2025-10-24-at-17.15.40.jpeg 1280w\" sizes=\"(max-width: 505px) 100vw, 505px\" \/><figcaption id=\"caption-attachment-8253\" class=\"wp-caption-text\"><em><span style=\"font-size: 8pt;\">Visita a uma Tekoa Guarani em Foz do Igua\u00e7u serviu para interc\u00e2mbio de conhecimentos\u00a0<\/span><\/em><\/figcaption><\/figure>\n<p>\u201c<span style=\"font-size: medium;\">N\u00f3s nos fortalecemos na luta e quando recebemos o apoio de tanta gente, que veio de tantos lugares distantes, primeiro para conhecer nosso territ\u00f3rio e nossa hist\u00f3ria, e depois para somar com a gente fazendo um ato t\u00e3o forte e t\u00e3o bonito, nos sentimos mais fortes para seguir em frente\u201d, afirmou Maria Serrate, lideran\u00e7a quilombola.<\/span><\/p>\n<p>\u201c<span style=\"font-size: medium;\">Insistimos que as autoridades da prefeitura venham nos visitar, nos conhecer, e que retirem essa a\u00e7\u00e3o de reintegra\u00e7\u00e3o de posse. A gente vai lutar para permanecer porque os nossos descendentes v\u00e3o estar aqui para fazer permanecer a nossa cultura e as nossas mem\u00f3rias. A gente enfrenta muito conflito, muito preconceito, mas a terra nos mant\u00e9m vivos\u201d, completou. <\/span><\/p>\n<p><span style=\"font-size: medium;\">Ao final do ato ela agradeceu: \u201cHoje eu tenho orgulho de dizer que somos quilombolas em um territ\u00f3rio reconhecido pela Funda\u00e7\u00e3o Palmares, mas vai chegar o momento em que teremos a alegria de receber voc\u00eas novamente e com o documento na m\u00e3o dizer: essa \u00e9 uma terra demarcada!\u201d.<\/span><\/p>\n<p>&nbsp;<\/p>\n<p><strong><span style=\"font-size: x-large;\">O desafio da integra\u00e7\u00e3o entre os povos e na\u00e7\u00f5es<\/span><\/strong><\/p>\n<figure id=\"attachment_8247\" aria-describedby=\"caption-attachment-8247\" style=\"width: 504px\" class=\"wp-caption aligncenter\"><img loading=\"lazy\" decoding=\"async\" class=\"wp-image-8247\" src=\"https:\/\/padrejosimo.com.br\/site\/wp-content\/uploads\/2025\/11\/WhatsApp-Image-2025-11-02-at-21.16.02-1024x767.jpeg\" alt=\"\" width=\"504\" height=\"378\" srcset=\"https:\/\/padrejosimo.com.br\/site\/wp-content\/uploads\/2025\/11\/WhatsApp-Image-2025-11-02-at-21.16.02-1024x767.jpeg 1024w, https:\/\/padrejosimo.com.br\/site\/wp-content\/uploads\/2025\/11\/WhatsApp-Image-2025-11-02-at-21.16.02-300x225.jpeg 300w, https:\/\/padrejosimo.com.br\/site\/wp-content\/uploads\/2025\/11\/WhatsApp-Image-2025-11-02-at-21.16.02-768x576.jpeg 768w, https:\/\/padrejosimo.com.br\/site\/wp-content\/uploads\/2025\/11\/WhatsApp-Image-2025-11-02-at-21.16.02.jpeg 1197w\" sizes=\"(max-width: 504px) 100vw, 504px\" \/><figcaption id=\"caption-attachment-8247\" class=\"wp-caption-text\"><em><span style=\"font-size: 8pt;\">Representantes do ICPJ e do MPA trouxeram o tema da integra\u00e7\u00e3o latino-americana ao debate<\/span><\/em><\/figcaption><\/figure>\n<p><span style=\"font-size: medium;\">Tairi Felipe, que integra a dire\u00e7\u00e3o nacional do Movimento dos Pequenos Agricultores (MPA) expressou que os movimentos sociais vinculados \u00e0 Via Campesina Internacional, partem de uma orienta\u00e7\u00e3o socialista para tratar do tema, ficando claras no encontro as contradi\u00e7\u00f5es entre os que olham para o Peabiru como \u201ccoisa\u201d e os que de fato o interpretam como caminho e rede: \u201c\u00c9 nesse marco que pensamos e constru\u00edmos nossa pol\u00edtica de articula\u00e7\u00f5es e as nossas rela\u00e7\u00f5es internacionais, acreditamos que a igualdade, o acesso pleno aos direitos e a vida de qualidade s\u00f3 ser\u00e3o alcan\u00e7ados com a supera\u00e7\u00e3o da sociedade de classes\u201d. <\/span><\/p>\n<p><span style=\"font-size: medium;\">Orientado pela teoria de depend\u00eancia, o MPA tem estabelecido o entendimento de que a transforma\u00e7\u00e3o social que se espera e que \u00e9 compreendida como necess\u00e1ria s\u00f3 ser\u00e1 vitoriosa se feita em escala global. \u201cNesse sentido a integra\u00e7\u00e3o latino-americana e caribenha \u00e9 um passo essencial. Integra\u00e7\u00e3o que deve ser inspirada na teoria revolucion\u00e1ria e nas experi\u00eancias concretas, na ancestralidade dos povos ind\u00edgenas e nas resist\u00eancias quilombolas\u201d. <\/span><\/p>\n<p><span style=\"font-size: medium;\">Para Felipe, \u201ca forma de ser e de viver desses povos que n\u00e3o se curvaram a hegemonia capitalista s\u00e3o fonte de inspira\u00e7\u00e3o e exemplo vivo de como superar o capitalismo\u201d. Lembrou ainda o desafio deixado pelo saudoso Pepe Mujica, ali mesmo em Foz do Igua\u00e7u, quando participou da Jornada Latino-Americana e Caribenha de Integra\u00e7\u00e3o dos Povos, quando desafiou a retomada dos la\u00e7os que constroem a P\u00e1tria Grande.<\/span><\/p>\n<p><span style=\"font-size: medium;\">A escritora Kaigang, Jovina Renhga, que veio de Curitiba para participar no evento, tamb\u00e9m pediu por respeito e integra\u00e7\u00e3o: \u201cViver com maior irmandade, respeitando as diferen\u00e7as de cultura e espiritualidade, \u00e9 o come\u00e7o\u201d. Ela explicou que a rela\u00e7\u00e3o dos povos com a terra e a natureza n\u00e3o \u00e9 por princ\u00edpio de explora\u00e7\u00e3o, mas sim de integra\u00e7\u00e3o. \u201cNatureza \u00e9 vida, dela vem nosso alimento, na terra plantamos nossas sementes, se a natureza \u00e9 ferida toda a vida sente a dor, inclusive n\u00f3s\u201d.<\/span><\/p>\n<figure id=\"attachment_8254\" aria-describedby=\"caption-attachment-8254\" style=\"width: 505px\" class=\"wp-caption aligncenter\"><img loading=\"lazy\" decoding=\"async\" class=\" wp-image-8254\" src=\"https:\/\/padrejosimo.com.br\/site\/wp-content\/uploads\/2025\/11\/WhatsApp-Image-2025-10-31-at-12.12.11-6-1024x768.jpeg\" alt=\"\" width=\"505\" height=\"379\" srcset=\"https:\/\/padrejosimo.com.br\/site\/wp-content\/uploads\/2025\/11\/WhatsApp-Image-2025-10-31-at-12.12.11-6-1024x768.jpeg 1024w, https:\/\/padrejosimo.com.br\/site\/wp-content\/uploads\/2025\/11\/WhatsApp-Image-2025-10-31-at-12.12.11-6-300x225.jpeg 300w, https:\/\/padrejosimo.com.br\/site\/wp-content\/uploads\/2025\/11\/WhatsApp-Image-2025-10-31-at-12.12.11-6-768x576.jpeg 768w, https:\/\/padrejosimo.com.br\/site\/wp-content\/uploads\/2025\/11\/WhatsApp-Image-2025-10-31-at-12.12.11-6-1536x1152.jpeg 1536w, https:\/\/padrejosimo.com.br\/site\/wp-content\/uploads\/2025\/11\/WhatsApp-Image-2025-10-31-at-12.12.11-6.jpeg 2048w\" sizes=\"(max-width: 505px) 100vw, 505px\" \/><figcaption id=\"caption-attachment-8254\" class=\"wp-caption-text\"><em><span style=\"font-size: 8pt;\">Participantes reiteraram cr\u00edticas aos modelos de captura que o sistema capitalista est\u00e1 propondo ao Peabiru<\/span><\/em><\/figcaption><\/figure>\n<p><span style=\"font-size: medium;\">Al\u00e9m das tradicionais pe\u00e7as de artesanato utilizando sementes como mat\u00e9ria prima, Jovina tamb\u00e9m estava apresentando no evento o seu \u00faltimo livro, \u201cUma Mulher Kaigang\u201d, em escrita bilingue, publicado pela editora Donizela. Temas como a luta das mulheres ind\u00edgenas, a viol\u00eancia do agroneg\u00f3cio, machismo e feminismo, respeito a natureza, discrimina\u00e7\u00e3o, cultura, entre outros s\u00e3o abordados no livro, que apresenta ainda fotos de Carol Castanho e ilustra\u00e7\u00f5es de Ricardo Wer\u00e1.<\/span><\/p>\n<p>\u201c<span style=\"font-size: medium;\">Para n\u00f3s \u00e9 muito importante visitar os parentes, conhecer as diferentes realidades, pegar na m\u00e3o para caminhar juntos, se fortalecer\u201d, afirmou Jovina.<\/span><\/p>\n<p><span style=\"font-size: medium;\">O evento foi transmitido pelo Youtube da Ilaesp-Unila e seguem a disposi\u00e7\u00e3o para os interessados que desejarem se aprofundar nos temas. A organiza\u00e7\u00e3o est\u00e1 recolhendo ainda ensaios e artigos dos participantes para a organiza\u00e7\u00e3o de uma publica\u00e7\u00e3o futura. <\/span><\/p>\n<p><span style=\"font-size: medium;\">Para Cadr\u00e9 Dominguez, jornalista, pesquisador do Peabiru e um dos idealizadores do semin\u00e1rio, a a\u00e7\u00e3o buscou marcar \u00e0 posi\u00e7\u00e3o de que o Caminho \u00e9 cultura ind\u00edgena, quilombola, da agricultura familiar, dos pesquisadores autodidatas que sempre atuaram como guardi\u00f5es deste saber t\u00e3o antigo e t\u00e3o esquecido.<\/span><\/p>\n<p>\u201c <span style=\"font-size: medium;\">\u00c9 uma a\u00e7\u00e3o de contracoloniza\u00e7\u00e3o das mentes, dos corpos, dos saberes. O Peabiru \u00e9 vivo e \u00e9 a vida desta pessoas que est\u00e3o na luta di\u00e1ria\u201d.<\/span><\/p>\n<p>&nbsp;<\/p>\n<hr \/>\n<p>Confira a participa\u00e7\u00e3o do jornalista Marcos Antonio Corbari, do Instituto Cultural Padre Josimo, sintetizando em forma de rap os debates dos tr\u00eas dias de semin\u00e1rio: <a href=\"https:\/\/www.instagram.com\/p\/DQL1Mv7jtvR\/\">https:\/\/www.instagram.com\/p\/DQL1Mv7jtvR\/\u00a0<\/a><\/p>\n<p>&nbsp;<\/p>\n<p><video controls=\"controls\" width=\"300\" height=\"150\"><source src=\"https:\/\/www.instagram.com\/p\/DQL1Mv7jtvR\/?next=%2Fdirect%2Finbox%2F\" \/><\/video><\/p>\n","protected":false},"excerpt":{"rendered":"<p>Semin\u00e1rio em Foz do Igua\u00e7u debateu diferentes interpreta\u00e7\u00f5es para o caminho ancestral que interliga o territ\u00f3rio sul-americano do Pac\u00edfico ao Atl\u00e2ntico<\/p>\n","protected":false},"featured_media":8251,"template":"","categorias_noticias":[3,4,5,13],"class_list":["post-8242","noticias","type-noticias","status-publish","has-post-thumbnail","hentry","categorias_noticias-cultural","categorias_noticias-eventos","categorias_noticias-meio-ambiente","categorias_noticias-noticias"],"acf":[],"yoast_head":"<!-- This site is optimized with the Yoast SEO plugin v27.2 - https:\/\/yoast.com\/product\/yoast-seo-wordpress\/ -->\n<title>Peabiru: caminho sagrado ancestral, roteiro tur\u00edstico ou uma rede que permanece conectando territ\u00f3rios e povos? - Instituto Cultural Padre Josimo<\/title>\n<meta name=\"robots\" content=\"index, follow, max-snippet:-1, max-image-preview:large, max-video-preview:-1\" \/>\n<link rel=\"canonical\" href=\"https:\/\/padrejosimo.com.br\/site\/noticias\/peabiru-caminho-sagrado-ancestral-roteiro-turistico-ou-uma-rede-que-permanece-conectando-territorios-e-povos\/\" \/>\n<meta property=\"og:locale\" content=\"pt_BR\" \/>\n<meta property=\"og:type\" content=\"article\" \/>\n<meta property=\"og:title\" content=\"Peabiru: caminho sagrado ancestral, roteiro tur\u00edstico ou uma rede que permanece conectando territ\u00f3rios e povos? - Instituto Cultural Padre Josimo\" \/>\n<meta property=\"og:description\" content=\"Semin\u00e1rio em Foz do Igua\u00e7u debateu diferentes interpreta\u00e7\u00f5es para o caminho ancestral que interliga o territ\u00f3rio sul-americano do Pac\u00edfico ao Atl\u00e2ntico\" \/>\n<meta property=\"og:url\" content=\"https:\/\/padrejosimo.com.br\/site\/noticias\/peabiru-caminho-sagrado-ancestral-roteiro-turistico-ou-uma-rede-que-permanece-conectando-territorios-e-povos\/\" \/>\n<meta property=\"og:site_name\" content=\"Instituto Cultural Padre Josimo\" \/>\n<meta property=\"article:modified_time\" content=\"2025-11-03T01:19:35+00:00\" \/>\n<meta property=\"og:image\" content=\"https:\/\/padrejosimo.com.br\/site\/wp-content\/uploads\/2025\/11\/WhatsApp-Image-2025-10-30-at-08.18.06-2.jpeg\" \/>\n\t<meta property=\"og:image:width\" content=\"1066\" \/>\n\t<meta property=\"og:image:height\" content=\"800\" \/>\n\t<meta property=\"og:image:type\" content=\"image\/jpeg\" \/>\n<meta name=\"twitter:card\" content=\"summary_large_image\" \/>\n<meta name=\"twitter:label1\" content=\"Est. tempo de leitura\" \/>\n\t<meta name=\"twitter:data1\" content=\"13 minutos\" \/>\n<script type=\"application\/ld+json\" class=\"yoast-schema-graph\">{\"@context\":\"https:\/\/schema.org\",\"@graph\":[{\"@type\":\"WebPage\",\"@id\":\"https:\/\/padrejosimo.com.br\/site\/noticias\/peabiru-caminho-sagrado-ancestral-roteiro-turistico-ou-uma-rede-que-permanece-conectando-territorios-e-povos\/\",\"url\":\"https:\/\/padrejosimo.com.br\/site\/noticias\/peabiru-caminho-sagrado-ancestral-roteiro-turistico-ou-uma-rede-que-permanece-conectando-territorios-e-povos\/\",\"name\":\"Peabiru: caminho sagrado ancestral, roteiro tur\u00edstico ou uma rede que permanece conectando territ\u00f3rios e povos? - Instituto Cultural Padre Josimo\",\"isPartOf\":{\"@id\":\"https:\/\/padrejosimo.com.br\/site\/#website\"},\"primaryImageOfPage\":{\"@id\":\"https:\/\/padrejosimo.com.br\/site\/noticias\/peabiru-caminho-sagrado-ancestral-roteiro-turistico-ou-uma-rede-que-permanece-conectando-territorios-e-povos\/#primaryimage\"},\"image\":{\"@id\":\"https:\/\/padrejosimo.com.br\/site\/noticias\/peabiru-caminho-sagrado-ancestral-roteiro-turistico-ou-uma-rede-que-permanece-conectando-territorios-e-povos\/#primaryimage\"},\"thumbnailUrl\":\"https:\/\/padrejosimo.com.br\/site\/wp-content\/uploads\/2025\/11\/WhatsApp-Image-2025-10-30-at-08.18.06-2.jpeg\",\"datePublished\":\"2025-11-03T00:19:58+00:00\",\"dateModified\":\"2025-11-03T01:19:35+00:00\",\"breadcrumb\":{\"@id\":\"https:\/\/padrejosimo.com.br\/site\/noticias\/peabiru-caminho-sagrado-ancestral-roteiro-turistico-ou-uma-rede-que-permanece-conectando-territorios-e-povos\/#breadcrumb\"},\"inLanguage\":\"pt-BR\",\"potentialAction\":[{\"@type\":\"ReadAction\",\"target\":[\"https:\/\/padrejosimo.com.br\/site\/noticias\/peabiru-caminho-sagrado-ancestral-roteiro-turistico-ou-uma-rede-que-permanece-conectando-territorios-e-povos\/\"]}]},{\"@type\":\"ImageObject\",\"inLanguage\":\"pt-BR\",\"@id\":\"https:\/\/padrejosimo.com.br\/site\/noticias\/peabiru-caminho-sagrado-ancestral-roteiro-turistico-ou-uma-rede-que-permanece-conectando-territorios-e-povos\/#primaryimage\",\"url\":\"https:\/\/padrejosimo.com.br\/site\/wp-content\/uploads\/2025\/11\/WhatsApp-Image-2025-10-30-at-08.18.06-2.jpeg\",\"contentUrl\":\"https:\/\/padrejosimo.com.br\/site\/wp-content\/uploads\/2025\/11\/WhatsApp-Image-2025-10-30-at-08.18.06-2.jpeg\",\"width\":1066,\"height\":800},{\"@type\":\"BreadcrumbList\",\"@id\":\"https:\/\/padrejosimo.com.br\/site\/noticias\/peabiru-caminho-sagrado-ancestral-roteiro-turistico-ou-uma-rede-que-permanece-conectando-territorios-e-povos\/#breadcrumb\",\"itemListElement\":[{\"@type\":\"ListItem\",\"position\":1,\"name\":\"In\u00edcio\",\"item\":\"https:\/\/padrejosimo.com.br\/site\/\"},{\"@type\":\"ListItem\",\"position\":2,\"name\":\"Not\u00edcias\",\"item\":\"https:\/\/padrejosimo.com.br\/site\/noticias\/\"},{\"@type\":\"ListItem\",\"position\":3,\"name\":\"Peabiru: caminho sagrado ancestral, roteiro tur\u00edstico ou uma rede que permanece conectando territ\u00f3rios e povos?\"}]},{\"@type\":\"WebSite\",\"@id\":\"https:\/\/padrejosimo.com.br\/site\/#website\",\"url\":\"https:\/\/padrejosimo.com.br\/site\/\",\"name\":\"Instituto Cultural Padre Josimo\",\"description\":\"Comprometida com a promo\u00e7\u00e3o da justi\u00e7a social, agroecologia e educa\u00e7\u00e3o popular\",\"publisher\":{\"@id\":\"https:\/\/padrejosimo.com.br\/site\/#organization\"},\"alternateName\":\"ICPJ\",\"potentialAction\":[{\"@type\":\"SearchAction\",\"target\":{\"@type\":\"EntryPoint\",\"urlTemplate\":\"https:\/\/padrejosimo.com.br\/site\/?s={search_term_string}\"},\"query-input\":{\"@type\":\"PropertyValueSpecification\",\"valueRequired\":true,\"valueName\":\"search_term_string\"}}],\"inLanguage\":\"pt-BR\"},{\"@type\":\"Organization\",\"@id\":\"https:\/\/padrejosimo.com.br\/site\/#organization\",\"name\":\"Instituto Cultural Padre Josimo\",\"alternateName\":\"ICPJ\",\"url\":\"https:\/\/padrejosimo.com.br\/site\/\",\"logo\":{\"@type\":\"ImageObject\",\"inLanguage\":\"pt-BR\",\"@id\":\"https:\/\/padrejosimo.com.br\/site\/#\/schema\/logo\/image\/\",\"url\":\"https:\/\/padrejosimo.com.br\/site\/wp-content\/uploads\/2025\/09\/cropped-icon-icpj.png\",\"contentUrl\":\"https:\/\/padrejosimo.com.br\/site\/wp-content\/uploads\/2025\/09\/cropped-icon-icpj.png\",\"width\":512,\"height\":512,\"caption\":\"Instituto Cultural Padre Josimo\"},\"image\":{\"@id\":\"https:\/\/padrejosimo.com.br\/site\/#\/schema\/logo\/image\/\"}}]}<\/script>\n<!-- \/ Yoast SEO plugin. -->","yoast_head_json":{"title":"Peabiru: caminho sagrado ancestral, roteiro tur\u00edstico ou uma rede que permanece conectando territ\u00f3rios e povos? - Instituto Cultural Padre Josimo","robots":{"index":"index","follow":"follow","max-snippet":"max-snippet:-1","max-image-preview":"max-image-preview:large","max-video-preview":"max-video-preview:-1"},"canonical":"https:\/\/padrejosimo.com.br\/site\/noticias\/peabiru-caminho-sagrado-ancestral-roteiro-turistico-ou-uma-rede-que-permanece-conectando-territorios-e-povos\/","og_locale":"pt_BR","og_type":"article","og_title":"Peabiru: caminho sagrado ancestral, roteiro tur\u00edstico ou uma rede que permanece conectando territ\u00f3rios e povos? - Instituto Cultural Padre Josimo","og_description":"Semin\u00e1rio em Foz do Igua\u00e7u debateu diferentes interpreta\u00e7\u00f5es para o caminho ancestral que interliga o territ\u00f3rio sul-americano do Pac\u00edfico ao Atl\u00e2ntico","og_url":"https:\/\/padrejosimo.com.br\/site\/noticias\/peabiru-caminho-sagrado-ancestral-roteiro-turistico-ou-uma-rede-que-permanece-conectando-territorios-e-povos\/","og_site_name":"Instituto Cultural Padre Josimo","article_modified_time":"2025-11-03T01:19:35+00:00","og_image":[{"width":1066,"height":800,"url":"https:\/\/padrejosimo.com.br\/site\/wp-content\/uploads\/2025\/11\/WhatsApp-Image-2025-10-30-at-08.18.06-2.jpeg","type":"image\/jpeg"}],"twitter_card":"summary_large_image","twitter_misc":{"Est. tempo de leitura":"13 minutos"},"schema":{"@context":"https:\/\/schema.org","@graph":[{"@type":"WebPage","@id":"https:\/\/padrejosimo.com.br\/site\/noticias\/peabiru-caminho-sagrado-ancestral-roteiro-turistico-ou-uma-rede-que-permanece-conectando-territorios-e-povos\/","url":"https:\/\/padrejosimo.com.br\/site\/noticias\/peabiru-caminho-sagrado-ancestral-roteiro-turistico-ou-uma-rede-que-permanece-conectando-territorios-e-povos\/","name":"Peabiru: caminho sagrado ancestral, roteiro tur\u00edstico ou uma rede que permanece conectando territ\u00f3rios e povos? - Instituto Cultural Padre Josimo","isPartOf":{"@id":"https:\/\/padrejosimo.com.br\/site\/#website"},"primaryImageOfPage":{"@id":"https:\/\/padrejosimo.com.br\/site\/noticias\/peabiru-caminho-sagrado-ancestral-roteiro-turistico-ou-uma-rede-que-permanece-conectando-territorios-e-povos\/#primaryimage"},"image":{"@id":"https:\/\/padrejosimo.com.br\/site\/noticias\/peabiru-caminho-sagrado-ancestral-roteiro-turistico-ou-uma-rede-que-permanece-conectando-territorios-e-povos\/#primaryimage"},"thumbnailUrl":"https:\/\/padrejosimo.com.br\/site\/wp-content\/uploads\/2025\/11\/WhatsApp-Image-2025-10-30-at-08.18.06-2.jpeg","datePublished":"2025-11-03T00:19:58+00:00","dateModified":"2025-11-03T01:19:35+00:00","breadcrumb":{"@id":"https:\/\/padrejosimo.com.br\/site\/noticias\/peabiru-caminho-sagrado-ancestral-roteiro-turistico-ou-uma-rede-que-permanece-conectando-territorios-e-povos\/#breadcrumb"},"inLanguage":"pt-BR","potentialAction":[{"@type":"ReadAction","target":["https:\/\/padrejosimo.com.br\/site\/noticias\/peabiru-caminho-sagrado-ancestral-roteiro-turistico-ou-uma-rede-que-permanece-conectando-territorios-e-povos\/"]}]},{"@type":"ImageObject","inLanguage":"pt-BR","@id":"https:\/\/padrejosimo.com.br\/site\/noticias\/peabiru-caminho-sagrado-ancestral-roteiro-turistico-ou-uma-rede-que-permanece-conectando-territorios-e-povos\/#primaryimage","url":"https:\/\/padrejosimo.com.br\/site\/wp-content\/uploads\/2025\/11\/WhatsApp-Image-2025-10-30-at-08.18.06-2.jpeg","contentUrl":"https:\/\/padrejosimo.com.br\/site\/wp-content\/uploads\/2025\/11\/WhatsApp-Image-2025-10-30-at-08.18.06-2.jpeg","width":1066,"height":800},{"@type":"BreadcrumbList","@id":"https:\/\/padrejosimo.com.br\/site\/noticias\/peabiru-caminho-sagrado-ancestral-roteiro-turistico-ou-uma-rede-que-permanece-conectando-territorios-e-povos\/#breadcrumb","itemListElement":[{"@type":"ListItem","position":1,"name":"In\u00edcio","item":"https:\/\/padrejosimo.com.br\/site\/"},{"@type":"ListItem","position":2,"name":"Not\u00edcias","item":"https:\/\/padrejosimo.com.br\/site\/noticias\/"},{"@type":"ListItem","position":3,"name":"Peabiru: caminho sagrado ancestral, roteiro tur\u00edstico ou uma rede que permanece conectando territ\u00f3rios e povos?"}]},{"@type":"WebSite","@id":"https:\/\/padrejosimo.com.br\/site\/#website","url":"https:\/\/padrejosimo.com.br\/site\/","name":"Instituto Cultural Padre Josimo","description":"Comprometida com a promo\u00e7\u00e3o da justi\u00e7a social, agroecologia e educa\u00e7\u00e3o popular","publisher":{"@id":"https:\/\/padrejosimo.com.br\/site\/#organization"},"alternateName":"ICPJ","potentialAction":[{"@type":"SearchAction","target":{"@type":"EntryPoint","urlTemplate":"https:\/\/padrejosimo.com.br\/site\/?s={search_term_string}"},"query-input":{"@type":"PropertyValueSpecification","valueRequired":true,"valueName":"search_term_string"}}],"inLanguage":"pt-BR"},{"@type":"Organization","@id":"https:\/\/padrejosimo.com.br\/site\/#organization","name":"Instituto Cultural Padre Josimo","alternateName":"ICPJ","url":"https:\/\/padrejosimo.com.br\/site\/","logo":{"@type":"ImageObject","inLanguage":"pt-BR","@id":"https:\/\/padrejosimo.com.br\/site\/#\/schema\/logo\/image\/","url":"https:\/\/padrejosimo.com.br\/site\/wp-content\/uploads\/2025\/09\/cropped-icon-icpj.png","contentUrl":"https:\/\/padrejosimo.com.br\/site\/wp-content\/uploads\/2025\/09\/cropped-icon-icpj.png","width":512,"height":512,"caption":"Instituto Cultural Padre Josimo"},"image":{"@id":"https:\/\/padrejosimo.com.br\/site\/#\/schema\/logo\/image\/"}}]}},"_links":{"self":[{"href":"https:\/\/padrejosimo.com.br\/site\/wp-json\/wp\/v2\/noticias\/8242","targetHints":{"allow":["GET"]}}],"collection":[{"href":"https:\/\/padrejosimo.com.br\/site\/wp-json\/wp\/v2\/noticias"}],"about":[{"href":"https:\/\/padrejosimo.com.br\/site\/wp-json\/wp\/v2\/types\/noticias"}],"wp:featuredmedia":[{"embeddable":true,"href":"https:\/\/padrejosimo.com.br\/site\/wp-json\/wp\/v2\/media\/8251"}],"wp:attachment":[{"href":"https:\/\/padrejosimo.com.br\/site\/wp-json\/wp\/v2\/media?parent=8242"}],"wp:term":[{"taxonomy":"categorias_noticias","embeddable":true,"href":"https:\/\/padrejosimo.com.br\/site\/wp-json\/wp\/v2\/categorias_noticias?post=8242"}],"curies":[{"name":"wp","href":"https:\/\/api.w.org\/{rel}","templated":true}]}}