{"id":8178,"date":"2025-10-19T08:05:50","date_gmt":"2025-10-19T11:05:50","guid":{"rendered":"https:\/\/padrejosimo.com.br\/site\/?post_type=noticias&#038;p=8178"},"modified":"2025-10-19T08:05:50","modified_gmt":"2025-10-19T11:05:50","slug":"lancamento-revista-ticao-no-5-o-protagonismo-da-mulher-negra-no-rs","status":"publish","type":"noticias","link":"https:\/\/padrejosimo.com.br\/site\/noticias\/lancamento-revista-ticao-no-5-o-protagonismo-da-mulher-negra-no-rs\/","title":{"rendered":"Lan\u00e7amento: Revista Ti\u00e7\u00e3o n\u00ba 5 \u2013 O Protagonismo da Mulher Negra no RS"},"content":{"rendered":"<p><img fetchpriority=\"high\" decoding=\"async\" class=\"size-large wp-image-8179 aligncenter\" src=\"https:\/\/padrejosimo.com.br\/site\/wp-content\/uploads\/2025\/10\/revista-ticao-1024x724.jpg\" alt=\"\" width=\"800\" height=\"566\" srcset=\"https:\/\/padrejosimo.com.br\/site\/wp-content\/uploads\/2025\/10\/revista-ticao-1024x724.jpg 1024w, https:\/\/padrejosimo.com.br\/site\/wp-content\/uploads\/2025\/10\/revista-ticao-300x212.jpg 300w, https:\/\/padrejosimo.com.br\/site\/wp-content\/uploads\/2025\/10\/revista-ticao-768x543.jpg 768w, https:\/\/padrejosimo.com.br\/site\/wp-content\/uploads\/2025\/10\/revista-ticao-1536x1086.jpg 1536w, https:\/\/padrejosimo.com.br\/site\/wp-content\/uploads\/2025\/10\/revista-ticao-2048x1448.jpg 2048w\" sizes=\"(max-width: 800px) 100vw, 800px\" \/><\/p>\n<p>&nbsp;<\/p>\n<p>No dia 8 de novembro, \u00e0s 15h, acontece no Ritter Hotel o lan\u00e7amento da Revista Ti\u00e7\u00e3o n\u00ba 5 \u2013 O Protagonismo da Mulher Negra no RS.<\/p>\n<p>O evento integra o Semin\u00e1rio Caminhos de Resist\u00eancia \u2013 Mulheres Negras e Quilombolas, um espa\u00e7o de reflex\u00e3o, visibilidade e valoriza\u00e7\u00e3o das trajet\u00f3rias que moldam a luta por igualdade e justi\u00e7a.<\/p>\n<p> Porto Alegre \u2013 RS<br \/>\n 08\/11\/2025 |  15h<\/p>\n<p>&nbsp;<\/p>\n<p><img decoding=\"async\" class=\"alignleft  wp-image-8183\" src=\"https:\/\/padrejosimo.com.br\/site\/wp-content\/uploads\/2025\/10\/473885734_1152249566499525_2066481308257562438_n-576x1024.jpg\" alt=\"\" width=\"299\" height=\"532\" srcset=\"https:\/\/padrejosimo.com.br\/site\/wp-content\/uploads\/2025\/10\/473885734_1152249566499525_2066481308257562438_n-576x1024.jpg 576w, https:\/\/padrejosimo.com.br\/site\/wp-content\/uploads\/2025\/10\/473885734_1152249566499525_2066481308257562438_n-169x300.jpg 169w, https:\/\/padrejosimo.com.br\/site\/wp-content\/uploads\/2025\/10\/473885734_1152249566499525_2066481308257562438_n-768x1365.jpg 768w, https:\/\/padrejosimo.com.br\/site\/wp-content\/uploads\/2025\/10\/473885734_1152249566499525_2066481308257562438_n-864x1536.jpg 864w, https:\/\/padrejosimo.com.br\/site\/wp-content\/uploads\/2025\/10\/473885734_1152249566499525_2066481308257562438_n-1152x2048.jpg 1152w, https:\/\/padrejosimo.com.br\/site\/wp-content\/uploads\/2025\/10\/473885734_1152249566499525_2066481308257562438_n.jpg 1290w\" sizes=\"(max-width: 299px) 100vw, 299px\" \/> <img decoding=\"async\" class=\"alignleft  wp-image-8182\" src=\"https:\/\/padrejosimo.com.br\/site\/wp-content\/uploads\/2025\/10\/473994538_593707240268363_208734925115935988_n-576x1024.jpg\" alt=\"\" width=\"300\" height=\"533\" srcset=\"https:\/\/padrejosimo.com.br\/site\/wp-content\/uploads\/2025\/10\/473994538_593707240268363_208734925115935988_n-576x1024.jpg 576w, https:\/\/padrejosimo.com.br\/site\/wp-content\/uploads\/2025\/10\/473994538_593707240268363_208734925115935988_n-169x300.jpg 169w, https:\/\/padrejosimo.com.br\/site\/wp-content\/uploads\/2025\/10\/473994538_593707240268363_208734925115935988_n-768x1365.jpg 768w, https:\/\/padrejosimo.com.br\/site\/wp-content\/uploads\/2025\/10\/473994538_593707240268363_208734925115935988_n-864x1536.jpg 864w, https:\/\/padrejosimo.com.br\/site\/wp-content\/uploads\/2025\/10\/473994538_593707240268363_208734925115935988_n-1152x2048.jpg 1152w, https:\/\/padrejosimo.com.br\/site\/wp-content\/uploads\/2025\/10\/473994538_593707240268363_208734925115935988_n.jpg 1290w\" sizes=\"(max-width: 300px) 100vw, 300px\" \/><img loading=\"lazy\" decoding=\"async\" class=\"alignleft  wp-image-8181\" src=\"https:\/\/padrejosimo.com.br\/site\/wp-content\/uploads\/2025\/10\/471925010_595429579857092_3663209906695566211_n-576x1024.jpg\" alt=\"\" width=\"301\" height=\"535\" srcset=\"https:\/\/padrejosimo.com.br\/site\/wp-content\/uploads\/2025\/10\/471925010_595429579857092_3663209906695566211_n-576x1024.jpg 576w, https:\/\/padrejosimo.com.br\/site\/wp-content\/uploads\/2025\/10\/471925010_595429579857092_3663209906695566211_n-169x300.jpg 169w, https:\/\/padrejosimo.com.br\/site\/wp-content\/uploads\/2025\/10\/471925010_595429579857092_3663209906695566211_n-768x1365.jpg 768w, https:\/\/padrejosimo.com.br\/site\/wp-content\/uploads\/2025\/10\/471925010_595429579857092_3663209906695566211_n-864x1536.jpg 864w, https:\/\/padrejosimo.com.br\/site\/wp-content\/uploads\/2025\/10\/471925010_595429579857092_3663209906695566211_n-1152x2048.jpg 1152w, https:\/\/padrejosimo.com.br\/site\/wp-content\/uploads\/2025\/10\/471925010_595429579857092_3663209906695566211_n.jpg 1290w\" sizes=\"(max-width: 301px) 100vw, 301px\" \/><\/p>\n<p><img loading=\"lazy\" decoding=\"async\" class=\"alignleft  wp-image-8180\" src=\"https:\/\/padrejosimo.com.br\/site\/wp-content\/uploads\/2025\/10\/471901978_2009459156225148_7072165105748643643_n-576x1024.jpg\" alt=\"\" width=\"299\" height=\"532\" srcset=\"https:\/\/padrejosimo.com.br\/site\/wp-content\/uploads\/2025\/10\/471901978_2009459156225148_7072165105748643643_n-576x1024.jpg 576w, https:\/\/padrejosimo.com.br\/site\/wp-content\/uploads\/2025\/10\/471901978_2009459156225148_7072165105748643643_n-169x300.jpg 169w, https:\/\/padrejosimo.com.br\/site\/wp-content\/uploads\/2025\/10\/471901978_2009459156225148_7072165105748643643_n-768x1365.jpg 768w, https:\/\/padrejosimo.com.br\/site\/wp-content\/uploads\/2025\/10\/471901978_2009459156225148_7072165105748643643_n-864x1536.jpg 864w, https:\/\/padrejosimo.com.br\/site\/wp-content\/uploads\/2025\/10\/471901978_2009459156225148_7072165105748643643_n-1152x2048.jpg 1152w, https:\/\/padrejosimo.com.br\/site\/wp-content\/uploads\/2025\/10\/471901978_2009459156225148_7072165105748643643_n.jpg 1290w\" sizes=\"(max-width: 299px) 100vw, 299px\" \/><\/p>\n","protected":false},"excerpt":{"rendered":"<p>No dia 8 de novembro, \u00e0s 15h, acontece no Ritter Hotel o lan\u00e7amento da Revista Ti\u00e7\u00e3o n\u00ba 5 \u2013 O Protagonismo da Mulher Negra no RS.<\/p>\n","protected":false},"featured_media":8179,"template":"","categorias_noticias":[3,7],"class_list":["post-8178","noticias","type-noticias","status-publish","has-post-thumbnail","hentry","categorias_noticias-cultural","categorias_noticias-projetos-sociais"],"acf":[],"yoast_head":"<!-- This site is optimized with the Yoast SEO plugin v27.2 - https:\/\/yoast.com\/product\/yoast-seo-wordpress\/ -->\n<title>Lan\u00e7amento: Revista Ti\u00e7\u00e3o n\u00ba 5 \u2013 O Protagonismo da Mulher Negra no RS - Instituto Cultural Padre Josimo<\/title>\n<meta name=\"robots\" content=\"index, follow, max-snippet:-1, max-image-preview:large, max-video-preview:-1\" \/>\n<link rel=\"canonical\" href=\"https:\/\/padrejosimo.com.br\/site\/noticias\/lancamento-revista-ticao-no-5-o-protagonismo-da-mulher-negra-no-rs\/\" \/>\n<meta property=\"og:locale\" content=\"pt_BR\" \/>\n<meta property=\"og:type\" content=\"article\" \/>\n<meta property=\"og:title\" content=\"Lan\u00e7amento: Revista Ti\u00e7\u00e3o n\u00ba 5 \u2013 O Protagonismo da Mulher Negra no RS - Instituto Cultural Padre Josimo\" \/>\n<meta property=\"og:description\" content=\"No dia 8 de novembro, \u00e0s 15h, acontece no Ritter Hotel o lan\u00e7amento da Revista Ti\u00e7\u00e3o n\u00ba 5 \u2013 O Protagonismo da Mulher Negra no RS.\" \/>\n<meta property=\"og:url\" content=\"https:\/\/padrejosimo.com.br\/site\/noticias\/lancamento-revista-ticao-no-5-o-protagonismo-da-mulher-negra-no-rs\/\" \/>\n<meta property=\"og:site_name\" content=\"Instituto Cultural Padre Josimo\" \/>\n<meta property=\"og:image\" content=\"https:\/\/padrejosimo.com.br\/site\/wp-content\/uploads\/2025\/10\/revista-ticao-scaled.jpg\" \/>\n\t<meta property=\"og:image:width\" content=\"2560\" \/>\n\t<meta property=\"og:image:height\" content=\"1811\" \/>\n\t<meta property=\"og:image:type\" content=\"image\/jpeg\" \/>\n<meta name=\"twitter:card\" content=\"summary_large_image\" \/>\n<script type=\"application\/ld+json\" class=\"yoast-schema-graph\">{\"@context\":\"https:\/\/schema.org\",\"@graph\":[{\"@type\":\"WebPage\",\"@id\":\"https:\/\/padrejosimo.com.br\/site\/noticias\/lancamento-revista-ticao-no-5-o-protagonismo-da-mulher-negra-no-rs\/\",\"url\":\"https:\/\/padrejosimo.com.br\/site\/noticias\/lancamento-revista-ticao-no-5-o-protagonismo-da-mulher-negra-no-rs\/\",\"name\":\"Lan\u00e7amento: Revista Ti\u00e7\u00e3o n\u00ba 5 \u2013 O Protagonismo da Mulher Negra no RS - Instituto Cultural Padre Josimo\",\"isPartOf\":{\"@id\":\"https:\/\/padrejosimo.com.br\/site\/#website\"},\"primaryImageOfPage\":{\"@id\":\"https:\/\/padrejosimo.com.br\/site\/noticias\/lancamento-revista-ticao-no-5-o-protagonismo-da-mulher-negra-no-rs\/#primaryimage\"},\"image\":{\"@id\":\"https:\/\/padrejosimo.com.br\/site\/noticias\/lancamento-revista-ticao-no-5-o-protagonismo-da-mulher-negra-no-rs\/#primaryimage\"},\"thumbnailUrl\":\"https:\/\/padrejosimo.com.br\/site\/wp-content\/uploads\/2025\/10\/revista-ticao-scaled.jpg\",\"datePublished\":\"2025-10-19T11:05:50+00:00\",\"breadcrumb\":{\"@id\":\"https:\/\/padrejosimo.com.br\/site\/noticias\/lancamento-revista-ticao-no-5-o-protagonismo-da-mulher-negra-no-rs\/#breadcrumb\"},\"inLanguage\":\"pt-BR\",\"potentialAction\":[{\"@type\":\"ReadAction\",\"target\":[\"https:\/\/padrejosimo.com.br\/site\/noticias\/lancamento-revista-ticao-no-5-o-protagonismo-da-mulher-negra-no-rs\/\"]}]},{\"@type\":\"ImageObject\",\"inLanguage\":\"pt-BR\",\"@id\":\"https:\/\/padrejosimo.com.br\/site\/noticias\/lancamento-revista-ticao-no-5-o-protagonismo-da-mulher-negra-no-rs\/#primaryimage\",\"url\":\"https:\/\/padrejosimo.com.br\/site\/wp-content\/uploads\/2025\/10\/revista-ticao-scaled.jpg\",\"contentUrl\":\"https:\/\/padrejosimo.com.br\/site\/wp-content\/uploads\/2025\/10\/revista-ticao-scaled.jpg\",\"width\":2560,\"height\":1811},{\"@type\":\"BreadcrumbList\",\"@id\":\"https:\/\/padrejosimo.com.br\/site\/noticias\/lancamento-revista-ticao-no-5-o-protagonismo-da-mulher-negra-no-rs\/#breadcrumb\",\"itemListElement\":[{\"@type\":\"ListItem\",\"position\":1,\"name\":\"In\u00edcio\",\"item\":\"https:\/\/padrejosimo.com.br\/site\/\"},{\"@type\":\"ListItem\",\"position\":2,\"name\":\"Not\u00edcias\",\"item\":\"https:\/\/padrejosimo.com.br\/site\/noticias\/\"},{\"@type\":\"ListItem\",\"position\":3,\"name\":\"Lan\u00e7amento: Revista Ti\u00e7\u00e3o n\u00ba 5 \u2013 O Protagonismo da Mulher Negra no RS\"}]},{\"@type\":\"WebSite\",\"@id\":\"https:\/\/padrejosimo.com.br\/site\/#website\",\"url\":\"https:\/\/padrejosimo.com.br\/site\/\",\"name\":\"Instituto Cultural Padre Josimo\",\"description\":\"Comprometida com a promo\u00e7\u00e3o da justi\u00e7a social, agroecologia e educa\u00e7\u00e3o popular\",\"publisher\":{\"@id\":\"https:\/\/padrejosimo.com.br\/site\/#organization\"},\"alternateName\":\"ICPJ\",\"potentialAction\":[{\"@type\":\"SearchAction\",\"target\":{\"@type\":\"EntryPoint\",\"urlTemplate\":\"https:\/\/padrejosimo.com.br\/site\/?s={search_term_string}\"},\"query-input\":{\"@type\":\"PropertyValueSpecification\",\"valueRequired\":true,\"valueName\":\"search_term_string\"}}],\"inLanguage\":\"pt-BR\"},{\"@type\":\"Organization\",\"@id\":\"https:\/\/padrejosimo.com.br\/site\/#organization\",\"name\":\"Instituto Cultural Padre Josimo\",\"alternateName\":\"ICPJ\",\"url\":\"https:\/\/padrejosimo.com.br\/site\/\",\"logo\":{\"@type\":\"ImageObject\",\"inLanguage\":\"pt-BR\",\"@id\":\"https:\/\/padrejosimo.com.br\/site\/#\/schema\/logo\/image\/\",\"url\":\"https:\/\/padrejosimo.com.br\/site\/wp-content\/uploads\/2025\/09\/cropped-icon-icpj.png\",\"contentUrl\":\"https:\/\/padrejosimo.com.br\/site\/wp-content\/uploads\/2025\/09\/cropped-icon-icpj.png\",\"width\":512,\"height\":512,\"caption\":\"Instituto Cultural Padre Josimo\"},\"image\":{\"@id\":\"https:\/\/padrejosimo.com.br\/site\/#\/schema\/logo\/image\/\"}}]}<\/script>\n<!-- \/ Yoast SEO plugin. -->","yoast_head_json":{"title":"Lan\u00e7amento: Revista Ti\u00e7\u00e3o n\u00ba 5 \u2013 O Protagonismo da Mulher Negra no RS - Instituto Cultural Padre Josimo","robots":{"index":"index","follow":"follow","max-snippet":"max-snippet:-1","max-image-preview":"max-image-preview:large","max-video-preview":"max-video-preview:-1"},"canonical":"https:\/\/padrejosimo.com.br\/site\/noticias\/lancamento-revista-ticao-no-5-o-protagonismo-da-mulher-negra-no-rs\/","og_locale":"pt_BR","og_type":"article","og_title":"Lan\u00e7amento: Revista Ti\u00e7\u00e3o n\u00ba 5 \u2013 O Protagonismo da Mulher Negra no RS - Instituto Cultural Padre Josimo","og_description":"No dia 8 de novembro, \u00e0s 15h, acontece no Ritter Hotel o lan\u00e7amento da Revista Ti\u00e7\u00e3o n\u00ba 5 \u2013 O Protagonismo da Mulher Negra no RS.","og_url":"https:\/\/padrejosimo.com.br\/site\/noticias\/lancamento-revista-ticao-no-5-o-protagonismo-da-mulher-negra-no-rs\/","og_site_name":"Instituto Cultural Padre Josimo","og_image":[{"width":2560,"height":1811,"url":"https:\/\/padrejosimo.com.br\/site\/wp-content\/uploads\/2025\/10\/revista-ticao-scaled.jpg","type":"image\/jpeg"}],"twitter_card":"summary_large_image","schema":{"@context":"https:\/\/schema.org","@graph":[{"@type":"WebPage","@id":"https:\/\/padrejosimo.com.br\/site\/noticias\/lancamento-revista-ticao-no-5-o-protagonismo-da-mulher-negra-no-rs\/","url":"https:\/\/padrejosimo.com.br\/site\/noticias\/lancamento-revista-ticao-no-5-o-protagonismo-da-mulher-negra-no-rs\/","name":"Lan\u00e7amento: Revista Ti\u00e7\u00e3o n\u00ba 5 \u2013 O Protagonismo da Mulher Negra no RS - Instituto Cultural Padre Josimo","isPartOf":{"@id":"https:\/\/padrejosimo.com.br\/site\/#website"},"primaryImageOfPage":{"@id":"https:\/\/padrejosimo.com.br\/site\/noticias\/lancamento-revista-ticao-no-5-o-protagonismo-da-mulher-negra-no-rs\/#primaryimage"},"image":{"@id":"https:\/\/padrejosimo.com.br\/site\/noticias\/lancamento-revista-ticao-no-5-o-protagonismo-da-mulher-negra-no-rs\/#primaryimage"},"thumbnailUrl":"https:\/\/padrejosimo.com.br\/site\/wp-content\/uploads\/2025\/10\/revista-ticao-scaled.jpg","datePublished":"2025-10-19T11:05:50+00:00","breadcrumb":{"@id":"https:\/\/padrejosimo.com.br\/site\/noticias\/lancamento-revista-ticao-no-5-o-protagonismo-da-mulher-negra-no-rs\/#breadcrumb"},"inLanguage":"pt-BR","potentialAction":[{"@type":"ReadAction","target":["https:\/\/padrejosimo.com.br\/site\/noticias\/lancamento-revista-ticao-no-5-o-protagonismo-da-mulher-negra-no-rs\/"]}]},{"@type":"ImageObject","inLanguage":"pt-BR","@id":"https:\/\/padrejosimo.com.br\/site\/noticias\/lancamento-revista-ticao-no-5-o-protagonismo-da-mulher-negra-no-rs\/#primaryimage","url":"https:\/\/padrejosimo.com.br\/site\/wp-content\/uploads\/2025\/10\/revista-ticao-scaled.jpg","contentUrl":"https:\/\/padrejosimo.com.br\/site\/wp-content\/uploads\/2025\/10\/revista-ticao-scaled.jpg","width":2560,"height":1811},{"@type":"BreadcrumbList","@id":"https:\/\/padrejosimo.com.br\/site\/noticias\/lancamento-revista-ticao-no-5-o-protagonismo-da-mulher-negra-no-rs\/#breadcrumb","itemListElement":[{"@type":"ListItem","position":1,"name":"In\u00edcio","item":"https:\/\/padrejosimo.com.br\/site\/"},{"@type":"ListItem","position":2,"name":"Not\u00edcias","item":"https:\/\/padrejosimo.com.br\/site\/noticias\/"},{"@type":"ListItem","position":3,"name":"Lan\u00e7amento: Revista Ti\u00e7\u00e3o n\u00ba 5 \u2013 O Protagonismo da Mulher Negra no RS"}]},{"@type":"WebSite","@id":"https:\/\/padrejosimo.com.br\/site\/#website","url":"https:\/\/padrejosimo.com.br\/site\/","name":"Instituto Cultural Padre Josimo","description":"Comprometida com a promo\u00e7\u00e3o da justi\u00e7a social, agroecologia e educa\u00e7\u00e3o popular","publisher":{"@id":"https:\/\/padrejosimo.com.br\/site\/#organization"},"alternateName":"ICPJ","potentialAction":[{"@type":"SearchAction","target":{"@type":"EntryPoint","urlTemplate":"https:\/\/padrejosimo.com.br\/site\/?s={search_term_string}"},"query-input":{"@type":"PropertyValueSpecification","valueRequired":true,"valueName":"search_term_string"}}],"inLanguage":"pt-BR"},{"@type":"Organization","@id":"https:\/\/padrejosimo.com.br\/site\/#organization","name":"Instituto Cultural Padre Josimo","alternateName":"ICPJ","url":"https:\/\/padrejosimo.com.br\/site\/","logo":{"@type":"ImageObject","inLanguage":"pt-BR","@id":"https:\/\/padrejosimo.com.br\/site\/#\/schema\/logo\/image\/","url":"https:\/\/padrejosimo.com.br\/site\/wp-content\/uploads\/2025\/09\/cropped-icon-icpj.png","contentUrl":"https:\/\/padrejosimo.com.br\/site\/wp-content\/uploads\/2025\/09\/cropped-icon-icpj.png","width":512,"height":512,"caption":"Instituto Cultural Padre Josimo"},"image":{"@id":"https:\/\/padrejosimo.com.br\/site\/#\/schema\/logo\/image\/"}}]}},"_links":{"self":[{"href":"https:\/\/padrejosimo.com.br\/site\/wp-json\/wp\/v2\/noticias\/8178","targetHints":{"allow":["GET"]}}],"collection":[{"href":"https:\/\/padrejosimo.com.br\/site\/wp-json\/wp\/v2\/noticias"}],"about":[{"href":"https:\/\/padrejosimo.com.br\/site\/wp-json\/wp\/v2\/types\/noticias"}],"wp:featuredmedia":[{"embeddable":true,"href":"https:\/\/padrejosimo.com.br\/site\/wp-json\/wp\/v2\/media\/8179"}],"wp:attachment":[{"href":"https:\/\/padrejosimo.com.br\/site\/wp-json\/wp\/v2\/media?parent=8178"}],"wp:term":[{"taxonomy":"categorias_noticias","embeddable":true,"href":"https:\/\/padrejosimo.com.br\/site\/wp-json\/wp\/v2\/categorias_noticias?post=8178"}],"curies":[{"name":"wp","href":"https:\/\/api.w.org\/{rel}","templated":true}]}}