{"id":8161,"date":"2025-10-17T06:11:53","date_gmt":"2025-10-17T09:11:53","guid":{"rendered":"https:\/\/padrejosimo.com.br\/site\/?post_type=noticias&#038;p=8161"},"modified":"2025-10-19T07:57:41","modified_gmt":"2025-10-19T10:57:41","slug":"curso-de-comunicacao-popular-do-projeto-igualdade-e-cultura-negra-vozes-e-territorios","status":"publish","type":"noticias","link":"https:\/\/padrejosimo.com.br\/site\/noticias\/curso-de-comunicacao-popular-do-projeto-igualdade-e-cultura-negra-vozes-e-territorios\/","title":{"rendered":"Curso de Comunica\u00e7\u00e3o Popular do Projeto &#8220;Igualdade e Cultura Negra: Vozes e Territ\u00f3rios&#8221;"},"content":{"rendered":"<div class=\"xdj266r x14z9mp xat24cr x1lziwak x1vvkbs x126k92a\">\n<div dir=\"auto\"><img fetchpriority=\"high\" decoding=\"async\" class=\" wp-image-8162 aligncenter\" src=\"https:\/\/padrejosimo.com.br\/site\/wp-content\/uploads\/2025\/10\/WhatsApp-Image-2025-10-16-at-21.55.45-1-819x1024.jpeg\" alt=\"\" width=\"608\" height=\"760\" srcset=\"https:\/\/padrejosimo.com.br\/site\/wp-content\/uploads\/2025\/10\/WhatsApp-Image-2025-10-16-at-21.55.45-1-819x1024.jpeg 819w, https:\/\/padrejosimo.com.br\/site\/wp-content\/uploads\/2025\/10\/WhatsApp-Image-2025-10-16-at-21.55.45-1-240x300.jpeg 240w, https:\/\/padrejosimo.com.br\/site\/wp-content\/uploads\/2025\/10\/WhatsApp-Image-2025-10-16-at-21.55.45-1-768x960.jpeg 768w, https:\/\/padrejosimo.com.br\/site\/wp-content\/uploads\/2025\/10\/WhatsApp-Image-2025-10-16-at-21.55.45-1.jpeg 1080w\" sizes=\"(max-width: 608px) 100vw, 608px\" \/><\/div>\n<div dir=\"auto\">\u00a0<\/div>\n<div dir=\"auto\"><strong><span style=\"font-size: 14pt;\">Curso de Comunica\u00e7\u00e3o Popular \u2013 Vozes e Territ\u00f3rios <span class=\"html-span xexx8yu xyri2b x18d9i69 x1c1uobl x1hl2dhg x16tdsg8 x1vvkbs x3nfvp2 x1j61x8r x1fcty0u xdj266r xat24cr xm2jcoa x1mpyi22 xxymvpz xlup9mm x1kky2od\"><img decoding=\"async\" class=\"xz74otr x15mokao x1ga7v0g x16uus16 xbiv7yw\" src=\"https:\/\/static.xx.fbcdn.net\/images\/emoji.php\/v9\/tf4\/1\/16\/2728.png\" alt=\"\u2728\" width=\"16\" height=\"16\" \/><\/span><\/span><\/strong><\/div>\n<div dir=\"auto\">\u00a0<\/div>\n<\/div>\n<div class=\"x14z9mp xat24cr x1lziwak x1vvkbs xtlvy1s x126k92a\">\n<div dir=\"auto\"><span class=\"html-span xexx8yu xyri2b x18d9i69 x1c1uobl x1hl2dhg x16tdsg8 x1vvkbs x3nfvp2 x1j61x8r x1fcty0u xdj266r xat24cr xm2jcoa x1mpyi22 xxymvpz xlup9mm x1kky2od\"><img decoding=\"async\" class=\"xz74otr x15mokao x1ga7v0g x16uus16 xbiv7yw\" src=\"https:\/\/static.xx.fbcdn.net\/images\/emoji.php\/v9\/t2b\/1\/16\/1f399.png\" alt=\"\ufe0f\" width=\"16\" height=\"16\" \/><\/span> O Instituto Cultural Padre Josimo abre inscri\u00e7\u00f5es para o Curso de Comunica\u00e7\u00e3o Popular \u2013 Vozes e Territ\u00f3rios, uma forma\u00e7\u00e3o voltada a comunicadores populares, lideran\u00e7as comunit\u00e1rias, jovens, adultos e idosos que desejam fortalecer a comunica\u00e7\u00e3o nos territ\u00f3rios a partir da cultura, da identidade e da participa\u00e7\u00e3o social.<\/div>\n<div dir=\"auto\">\u00a0<\/div>\n<\/div>\n<div class=\"x14z9mp xat24cr x1lziwak x1vvkbs xtlvy1s x126k92a\">\n<div dir=\"auto\"><span class=\"html-span xexx8yu xyri2b x18d9i69 x1c1uobl x1hl2dhg x16tdsg8 x1vvkbs x3nfvp2 x1j61x8r x1fcty0u xdj266r xat24cr xm2jcoa x1mpyi22 xxymvpz xlup9mm x1kky2od\"><img loading=\"lazy\" decoding=\"async\" class=\"xz74otr x15mokao x1ga7v0g x16uus16 xbiv7yw\" src=\"https:\/\/static.xx.fbcdn.net\/images\/emoji.php\/v9\/t49\/1\/16\/1f4da.png\" alt=\"\" width=\"16\" height=\"16\" \/><\/span> O curso busca estimular o protagonismo comunicativo, desenvolver habilidades pr\u00e1ticas (como produ\u00e7\u00e3o de conte\u00fado, r\u00e1dio comunit\u00e1ria, m\u00eddias sociais e comunica\u00e7\u00e3o visual), al\u00e9m de promover o di\u00e1logo entre saberes populares e teorias cr\u00edticas da comunica\u00e7\u00e3o.<\/div>\n<div dir=\"auto\">\u00a0<\/div>\n<\/div>\n<div class=\"x14z9mp xat24cr x1lziwak x1vvkbs xtlvy1s x126k92a\">\n<div dir=\"auto\"><span class=\"html-span xexx8yu xyri2b x18d9i69 x1c1uobl x1hl2dhg x16tdsg8 x1vvkbs x3nfvp2 x1j61x8r x1fcty0u xdj266r xat24cr xm2jcoa x1mpyi22 xxymvpz xlup9mm x1kky2od\"><img loading=\"lazy\" decoding=\"async\" class=\"xz74otr x15mokao x1ga7v0g x16uus16 xbiv7yw\" src=\"https:\/\/static.xx.fbcdn.net\/images\/emoji.php\/v9\/t64\/1\/16\/1f91d.png\" alt=\"\" width=\"16\" height=\"16\" \/><\/span> A metodologia \u00e9 participativa e dial\u00f3gica, com aulas presenciais, oficinas, debates e produ\u00e7\u00e3o coletiva. S\u00e3o 40 horas de forma\u00e7\u00e3o, distribu\u00eddas em 5 s\u00e1bados, sempre das 9h \u00e0s 18h, com caf\u00e9 e almo\u00e7o inclu\u00eddos, no Audit\u00f3rio da CUT\/RS (Rua Barros Cassal, 283 \u2013 Bairro Floresta).<\/div>\n<div dir=\"auto\">\u00a0<\/div>\n<\/div>\n<div class=\"x14z9mp xat24cr x1lziwak x1vvkbs xtlvy1s x126k92a\">\n<div dir=\"auto\"><span class=\"html-span xexx8yu xyri2b x18d9i69 x1c1uobl x1hl2dhg x16tdsg8 x1vvkbs x3nfvp2 x1j61x8r x1fcty0u xdj266r xat24cr xm2jcoa x1mpyi22 xxymvpz xlup9mm x1kky2od\"><img loading=\"lazy\" decoding=\"async\" class=\"xz74otr x15mokao x1ga7v0g x16uus16 xbiv7yw\" src=\"https:\/\/static.xx.fbcdn.net\/images\/emoji.php\/v9\/t5c\/1\/16\/1f5d3.png\" alt=\"\ufe0f\" width=\"16\" height=\"16\" \/><\/span> Datas:<\/div>\n<div dir=\"auto\">01\/11 \u2013 Comunica\u00e7\u00e3o Popular e Disputa de Hegemonia<\/div>\n<div dir=\"auto\">15\/11 \u2013 Comunica\u00e7\u00e3o Antirracista e Inclusiva<\/div>\n<div dir=\"auto\">22\/11 \u2013 No\u00e7\u00f5es B\u00e1sicas de Reda\u00e7\u00e3o Popular<\/div>\n<div dir=\"auto\">29\/11 \u2013 Redes Sociais e Estrat\u00e9gias de Uso<\/div>\n<div dir=\"auto\">06\/12 \u2013 Elementos do Audiovisual e Ferramentas<\/div>\n<div dir=\"auto\">\u00a0<\/div>\n<\/div>\n<div class=\"x14z9mp xat24cr x1lziwak x1vvkbs xtlvy1s x126k92a\">\n<div dir=\"auto\"><span class=\"html-span xexx8yu xyri2b x18d9i69 x1c1uobl x1hl2dhg x16tdsg8 x1vvkbs x3nfvp2 x1j61x8r x1fcty0u xdj266r xat24cr xm2jcoa x1mpyi22 xxymvpz xlup9mm x1kky2od\"><img loading=\"lazy\" decoding=\"async\" class=\"xz74otr x15mokao x1ga7v0g x16uus16 xbiv7yw\" src=\"https:\/\/static.xx.fbcdn.net\/images\/emoji.php\/v9\/t25\/1\/16\/1f393.png\" alt=\"\" width=\"16\" height=\"16\" \/><\/span> O curso \u00e9 gratuito, com certificado de 40 horas, e oferece 25 vagas. As inscri\u00e7\u00f5es ficam abertas de 15 a 26 de outubro atrav\u00e9s do formul\u00e1rio: <a class=\"x1i10hfl xjbqb8w x1ejq31n x18oe1m7 x1sy0etr xstzfhl x972fbf x10w94by x1qhh985 x14e42zd x9f619 x1ypdohk xt0psk2 x3ct3a4 xdj266r x14z9mp xat24cr x1lziwak xexx8yu xyri2b x18d9i69 x1c1uobl x16tdsg8 x1hl2dhg xggy1nq x1a2a7pz xkrqix3 x1sur9pj x1fey0fg x1s688f\" tabindex=\"0\" role=\"link\" href=\"https:\/\/l.facebook.com\/l.php?u=https%3A%2F%2Fforms.gle%2Fnwpa2zWSJLkFccQz5%3Ffbclid%3DIwZXh0bgNhZW0CMTAAYnJpZBExMmF4VE9yRkZMMnREcW1VQwEeqyz-LnVYXOGKRRXoqyDQ4j1SngLxb0BSF-Zv19NyvSNBzYr5x6w3cNHShPQ_aem_9ZvRdSDfYo1U-pZpD6lA1w&amp;h=AT26gVldsU0aAuuclfnmg1Dt1ozyNkAFEHYBORUhCo3k745MpEyl4AO7wVy_1jt697yPLCQnJHzeHsiD_UHpl_wbvzUQVSCdzo3DW4Hz8tYsk2iTIt_NtY_qJAlCGXIc7cE34v7FhkNRI-pd&amp;__tn__=-UK-R&amp;c[0]=AT0sN78Vqf-yq9hREwhAg7-ATI1LL7sYvvnWXDL9CGI3oGTO4I-qlp4v9Fbyx7UoJH4Tfj0ay118fcXQCgKlU4dbPdwO2WAceiPqgm_oVVxSfiZgrE0ZtsBUund3RPpJ5ogRjpEXA6g_XYOkC0Wm11N2fpBfUY__sTJZv0sB9A\" target=\"_blank\" rel=\"nofollow noopener\">https:\/\/forms.gle\/nwpa2zWSJLkFccQz5<\/a><\/div>\n<div dir=\"auto\">\u00a0<\/div>\n<\/div>\n<div class=\"x14z9mp xat24cr x1lziwak x1vvkbs xtlvy1s x126k92a\">\n<div dir=\"auto\">A a\u00e7\u00e3o faz parte do Projeto: Igualdade e Cultura Negra: Vozes e Territ\u00f3rios &#8211; Termo de Fomento 973281\/2024 celebrado entre o Instituto Cultural Padre Josimo e o Minist\u00e9rio da Igualdade Racial &#8211; Governo do Brasil.<\/div>\n<div dir=\"auto\">\u00a0<\/div>\n<\/div>\n<div class=\"x14z9mp xat24cr x1lziwak x1vvkbs xtlvy1s x126k92a\">\n<div dir=\"auto\"><span class=\"html-span xexx8yu xyri2b x18d9i69 x1c1uobl x1hl2dhg x16tdsg8 x1vvkbs x3nfvp2 x1j61x8r x1fcty0u xdj266r xat24cr xm2jcoa x1mpyi22 xxymvpz xlup9mm x1kky2od\"><img loading=\"lazy\" decoding=\"async\" class=\"xz74otr x15mokao x1ga7v0g x16uus16 xbiv7yw\" src=\"https:\/\/static.xx.fbcdn.net\/images\/emoji.php\/v9\/t39\/1\/16\/1f4e2.png\" alt=\"\" width=\"16\" height=\"16\" \/><\/span> Venha construir uma comunica\u00e7\u00e3o feita por e para o territ\u00f3rio!<\/div>\n<div dir=\"auto\">\u00a0<\/div>\n<\/div>\n<div class=\"x14z9mp xat24cr x1lziwak x1vvkbs xtlvy1s x126k92a\">\n<div dir=\"auto\"><span class=\"html-span xdj266r x14z9mp xat24cr x1lziwak xexx8yu xyri2b x18d9i69 x1c1uobl x1hl2dhg x16tdsg8 x1vvkbs\"><a class=\"x1i10hfl xjbqb8w x1ejq31n x18oe1m7 x1sy0etr xstzfhl x972fbf x10w94by x1qhh985 x14e42zd x9f619 x1ypdohk xt0psk2 x3ct3a4 xdj266r x14z9mp xat24cr x1lziwak xexx8yu xyri2b x18d9i69 x1c1uobl x16tdsg8 x1hl2dhg xggy1nq x1a2a7pz xkrqix3 x1sur9pj x1fey0fg x1s688f\" tabindex=\"0\" role=\"link\" href=\"https:\/\/www.facebook.com\/hashtag\/comunica%C3%A7%C3%A3opopular?__eep__=6&amp;__cft__[0]=AZVUMc6yAb3Ev_XChv6Y3oK78lxErFyHWUgvcCiIRxy4B8jdhBrz8mip-OZNXAwVmKarCpWty2MoRLGx_Ya90ngs7iFJQX930EsPtR_lNvEfPWbASzDcMsp3wm5LvTwepM0qqTZd6irHP-R-PBqCt6kd&amp;__tn__=*NK-R\">#Comunica\u00e7\u00e3oPopular<\/a><\/span> <span class=\"html-span xdj266r x14z9mp xat24cr x1lziwak xexx8yu xyri2b x18d9i69 x1c1uobl x1hl2dhg x16tdsg8 x1vvkbs\"><a class=\"x1i10hfl xjbqb8w x1ejq31n x18oe1m7 x1sy0etr xstzfhl x972fbf x10w94by x1qhh985 x14e42zd x9f619 x1ypdohk xt0psk2 x3ct3a4 xdj266r x14z9mp xat24cr x1lziwak xexx8yu xyri2b x18d9i69 x1c1uobl x16tdsg8 x1hl2dhg xggy1nq x1a2a7pz xkrqix3 x1sur9pj x1fey0fg x1s688f\" tabindex=\"0\" role=\"link\" href=\"https:\/\/www.facebook.com\/hashtag\/vozeseterrit%C3%B3rios?__eep__=6&amp;__cft__[0]=AZVUMc6yAb3Ev_XChv6Y3oK78lxErFyHWUgvcCiIRxy4B8jdhBrz8mip-OZNXAwVmKarCpWty2MoRLGx_Ya90ngs7iFJQX930EsPtR_lNvEfPWbASzDcMsp3wm5LvTwepM0qqTZd6irHP-R-PBqCt6kd&amp;__tn__=*NK-R\">#VozesETerrit\u00f3rios<\/a><\/span> <span class=\"html-span xdj266r x14z9mp xat24cr x1lziwak xexx8yu xyri2b x18d9i69 x1c1uobl x1hl2dhg x16tdsg8 x1vvkbs\"><a class=\"x1i10hfl xjbqb8w x1ejq31n x18oe1m7 x1sy0etr xstzfhl x972fbf x10w94by x1qhh985 x14e42zd x9f619 x1ypdohk xt0psk2 x3ct3a4 xdj266r x14z9mp xat24cr x1lziwak xexx8yu xyri2b x18d9i69 x1c1uobl x16tdsg8 x1hl2dhg xggy1nq x1a2a7pz xkrqix3 x1sur9pj x1fey0fg x1s688f\" tabindex=\"0\" role=\"link\" href=\"https:\/\/www.facebook.com\/hashtag\/cutrs?__eep__=6&amp;__cft__[0]=AZVUMc6yAb3Ev_XChv6Y3oK78lxErFyHWUgvcCiIRxy4B8jdhBrz8mip-OZNXAwVmKarCpWty2MoRLGx_Ya90ngs7iFJQX930EsPtR_lNvEfPWbASzDcMsp3wm5LvTwepM0qqTZd6irHP-R-PBqCt6kd&amp;__tn__=*NK-R\">#CUTRS<\/a><\/span> <span class=\"html-span xdj266r x14z9mp xat24cr x1lziwak xexx8yu xyri2b x18d9i69 x1c1uobl x1hl2dhg x16tdsg8 x1vvkbs\"><a class=\"x1i10hfl xjbqb8w x1ejq31n x18oe1m7 x1sy0etr xstzfhl x972fbf x10w94by x1qhh985 x14e42zd x9f619 x1ypdohk xt0psk2 x3ct3a4 xdj266r x14z9mp xat24cr x1lziwak xexx8yu xyri2b x18d9i69 x1c1uobl x16tdsg8 x1hl2dhg xggy1nq x1a2a7pz xkrqix3 x1sur9pj x1fey0fg x1s688f\" tabindex=\"0\" role=\"link\" href=\"https:\/\/www.facebook.com\/hashtag\/forma%C3%A7%C3%A3opopular?__eep__=6&amp;__cft__[0]=AZVUMc6yAb3Ev_XChv6Y3oK78lxErFyHWUgvcCiIRxy4B8jdhBrz8mip-OZNXAwVmKarCpWty2MoRLGx_Ya90ngs7iFJQX930EsPtR_lNvEfPWbASzDcMsp3wm5LvTwepM0qqTZd6irHP-R-PBqCt6kd&amp;__tn__=*NK-R\">#Forma\u00e7\u00e3oPopular<\/a><\/span> <span class=\"html-span xdj266r x14z9mp xat24cr x1lziwak xexx8yu xyri2b x18d9i69 x1c1uobl x1hl2dhg x16tdsg8 x1vvkbs\"><a class=\"x1i10hfl xjbqb8w x1ejq31n x18oe1m7 x1sy0etr xstzfhl x972fbf x10w94by x1qhh985 x14e42zd x9f619 x1ypdohk xt0psk2 x3ct3a4 xdj266r x14z9mp xat24cr x1lziwak xexx8yu xyri2b x18d9i69 x1c1uobl x16tdsg8 x1hl2dhg xggy1nq x1a2a7pz xkrqix3 x1sur9pj x1fey0fg x1s688f\" tabindex=\"0\" role=\"link\" href=\"https:\/\/www.facebook.com\/hashtag\/comunica%C3%A7%C3%A3ocomunit%C3%A1ria?__eep__=6&amp;__cft__[0]=AZVUMc6yAb3Ev_XChv6Y3oK78lxErFyHWUgvcCiIRxy4B8jdhBrz8mip-OZNXAwVmKarCpWty2MoRLGx_Ya90ngs7iFJQX930EsPtR_lNvEfPWbASzDcMsp3wm5LvTwepM0qqTZd6irHP-R-PBqCt6kd&amp;__tn__=*NK-R\">#Comunica\u00e7\u00e3oComunit\u00e1ria<\/a><\/span> <span class=\"html-span xdj266r x14z9mp xat24cr x1lziwak xexx8yu xyri2b x18d9i69 x1c1uobl x1hl2dhg x16tdsg8 x1vvkbs\"><a class=\"x1i10hfl xjbqb8w x1ejq31n x18oe1m7 x1sy0etr xstzfhl x972fbf x10w94by x1qhh985 x14e42zd x9f619 x1ypdohk xt0psk2 x3ct3a4 xdj266r x14z9mp xat24cr x1lziwak xexx8yu xyri2b x18d9i69 x1c1uobl x16tdsg8 x1hl2dhg xggy1nq x1a2a7pz xkrqix3 x1sur9pj x1fey0fg x1s688f\" tabindex=\"0\" role=\"link\" href=\"https:\/\/www.facebook.com\/hashtag\/cultura?__eep__=6&amp;__cft__[0]=AZVUMc6yAb3Ev_XChv6Y3oK78lxErFyHWUgvcCiIRxy4B8jdhBrz8mip-OZNXAwVmKarCpWty2MoRLGx_Ya90ngs7iFJQX930EsPtR_lNvEfPWbASzDcMsp3wm5LvTwepM0qqTZd6irHP-R-PBqCt6kd&amp;__tn__=*NK-R\">#Cultura<\/a><\/span> <span class=\"html-span xdj266r x14z9mp xat24cr x1lziwak xexx8yu xyri2b x18d9i69 x1c1uobl x1hl2dhg x16tdsg8 x1vvkbs\"><a class=\"x1i10hfl xjbqb8w x1ejq31n x18oe1m7 x1sy0etr xstzfhl x972fbf x10w94by x1qhh985 x14e42zd x9f619 x1ypdohk xt0psk2 x3ct3a4 xdj266r x14z9mp xat24cr x1lziwak xexx8yu xyri2b x18d9i69 x1c1uobl x16tdsg8 x1hl2dhg xggy1nq x1a2a7pz xkrqix3 x1sur9pj x1fey0fg x1s688f\" tabindex=\"0\" role=\"link\" href=\"https:\/\/www.facebook.com\/hashtag\/identidade?__eep__=6&amp;__cft__[0]=AZVUMc6yAb3Ev_XChv6Y3oK78lxErFyHWUgvcCiIRxy4B8jdhBrz8mip-OZNXAwVmKarCpWty2MoRLGx_Ya90ngs7iFJQX930EsPtR_lNvEfPWbASzDcMsp3wm5LvTwepM0qqTZd6irHP-R-PBqCt6kd&amp;__tn__=*NK-R\">#Identidade<\/a><\/span> <span class=\"html-span xdj266r x14z9mp xat24cr x1lziwak xexx8yu xyri2b x18d9i69 x1c1uobl x1hl2dhg x16tdsg8 x1vvkbs\"><a class=\"x1i10hfl xjbqb8w x1ejq31n x18oe1m7 x1sy0etr xstzfhl x972fbf x10w94by x1qhh985 x14e42zd x9f619 x1ypdohk xt0psk2 x3ct3a4 xdj266r x14z9mp xat24cr x1lziwak xexx8yu xyri2b x18d9i69 x1c1uobl x16tdsg8 x1hl2dhg xggy1nq x1a2a7pz xkrqix3 x1sur9pj x1fey0fg x1s688f\" tabindex=\"0\" role=\"link\" href=\"https:\/\/www.facebook.com\/hashtag\/participa%C3%A7%C3%A3osocial?__eep__=6&amp;__cft__[0]=AZVUMc6yAb3Ev_XChv6Y3oK78lxErFyHWUgvcCiIRxy4B8jdhBrz8mip-OZNXAwVmKarCpWty2MoRLGx_Ya90ngs7iFJQX930EsPtR_lNvEfPWbASzDcMsp3wm5LvTwepM0qqTZd6irHP-R-PBqCt6kd&amp;__tn__=*NK-R\">#Participa\u00e7\u00e3oSocial<\/a><\/span> <span class=\"html-span xdj266r x14z9mp xat24cr x1lziwak xexx8yu xyri2b x18d9i69 x1c1uobl x1hl2dhg x16tdsg8 x1vvkbs\"><a class=\"x1i10hfl xjbqb8w x1ejq31n x18oe1m7 x1sy0etr xstzfhl x972fbf x10w94by x1qhh985 x14e42zd x9f619 x1ypdohk xt0psk2 x3ct3a4 xdj266r x14z9mp xat24cr x1lziwak xexx8yu xyri2b x18d9i69 x1c1uobl x16tdsg8 x1hl2dhg xggy1nq x1a2a7pz xkrqix3 x1sur9pj x1fey0fg x1s688f\" tabindex=\"0\" role=\"link\" href=\"https:\/\/www.facebook.com\/hashtag\/portoalegre?__eep__=6&amp;__cft__[0]=AZVUMc6yAb3Ev_XChv6Y3oK78lxErFyHWUgvcCiIRxy4B8jdhBrz8mip-OZNXAwVmKarCpWty2MoRLGx_Ya90ngs7iFJQX930EsPtR_lNvEfPWbASzDcMsp3wm5LvTwepM0qqTZd6irHP-R-PBqCt6kd&amp;__tn__=*NK-R\">#PortoAlegre<\/a><\/span> <span class=\"html-span xdj266r x14z9mp xat24cr x1lziwak xexx8yu xyri2b x18d9i69 x1c1uobl x1hl2dhg x16tdsg8 x1vvkbs\"><a class=\"x1i10hfl xjbqb8w x1ejq31n x18oe1m7 x1sy0etr xstzfhl x972fbf x10w94by x1qhh985 x14e42zd x9f619 x1ypdohk xt0psk2 x3ct3a4 xdj266r x14z9mp xat24cr x1lziwak xexx8yu xyri2b x18d9i69 x1c1uobl x16tdsg8 x1hl2dhg xggy1nq x1a2a7pz xkrqix3 x1sur9pj x1fey0fg x1s688f\" tabindex=\"0\" role=\"link\" href=\"https:\/\/www.facebook.com\/hashtag\/educa%C3%A7%C3%A3opopular?__eep__=6&amp;__cft__[0]=AZVUMc6yAb3Ev_XChv6Y3oK78lxErFyHWUgvcCiIRxy4B8jdhBrz8mip-OZNXAwVmKarCpWty2MoRLGx_Ya90ngs7iFJQX930EsPtR_lNvEfPWbASzDcMsp3wm5LvTwepM0qqTZd6irHP-R-PBqCt6kd&amp;__tn__=*NK-R\">#Educa\u00e7\u00e3oPopular<\/a><\/span><\/div>\n<div dir=\"auto\">\u00a0<\/div>\n<\/div>\n<div dir=\"auto\"><img loading=\"lazy\" decoding=\"async\" class=\"wp-image-8163 aligncenter\" src=\"https:\/\/padrejosimo.com.br\/site\/wp-content\/uploads\/2025\/10\/WhatsApp-Image-2025-10-16-at-21.55.44-1-819x1024.jpeg\" alt=\"\" width=\"602\" height=\"753\" srcset=\"https:\/\/padrejosimo.com.br\/site\/wp-content\/uploads\/2025\/10\/WhatsApp-Image-2025-10-16-at-21.55.44-1-819x1024.jpeg 819w, https:\/\/padrejosimo.com.br\/site\/wp-content\/uploads\/2025\/10\/WhatsApp-Image-2025-10-16-at-21.55.44-1-240x300.jpeg 240w, https:\/\/padrejosimo.com.br\/site\/wp-content\/uploads\/2025\/10\/WhatsApp-Image-2025-10-16-at-21.55.44-1-768x960.jpeg 768w, https:\/\/padrejosimo.com.br\/site\/wp-content\/uploads\/2025\/10\/WhatsApp-Image-2025-10-16-at-21.55.44-1.jpeg 1080w\" sizes=\"(max-width: 602px) 100vw, 602px\" \/><\/div>\n","protected":false},"excerpt":{"rendered":"<p>A a\u00e7\u00e3o faz parte do Projeto: Igualdade e Cultura Negra: Vozes e Territ\u00f3rios &#8211; Termo de Fomento 973281\/2024 celebrado entre o Instituto Cultural Padre Josimo e o Minist\u00e9rio da Igualdade Racial &#8211; Governo do Brasil.<\/p>\n","protected":false},"featured_media":8162,"template":"","categorias_noticias":[3,13],"class_list":["post-8161","noticias","type-noticias","status-publish","has-post-thumbnail","hentry","categorias_noticias-cultural","categorias_noticias-noticias"],"acf":[],"yoast_head":"<!-- This site is optimized with the Yoast SEO plugin v27.2 - https:\/\/yoast.com\/product\/yoast-seo-wordpress\/ -->\n<title>Curso de Comunica\u00e7\u00e3o Popular do Projeto &quot;Igualdade e Cultura Negra: Vozes e Territ\u00f3rios&quot; - Instituto Cultural Padre Josimo<\/title>\n<meta name=\"robots\" content=\"index, follow, max-snippet:-1, max-image-preview:large, max-video-preview:-1\" \/>\n<link rel=\"canonical\" href=\"https:\/\/padrejosimo.com.br\/site\/noticias\/curso-de-comunicacao-popular-do-projeto-igualdade-e-cultura-negra-vozes-e-territorios\/\" \/>\n<meta property=\"og:locale\" content=\"pt_BR\" \/>\n<meta property=\"og:type\" content=\"article\" \/>\n<meta property=\"og:title\" content=\"Curso de Comunica\u00e7\u00e3o Popular do Projeto &quot;Igualdade e Cultura Negra: Vozes e Territ\u00f3rios&quot; - Instituto Cultural Padre Josimo\" \/>\n<meta property=\"og:description\" content=\"A a\u00e7\u00e3o faz parte do Projeto: Igualdade e Cultura Negra: Vozes e Territ\u00f3rios - Termo de Fomento 973281\/2024 celebrado entre o Instituto Cultural Padre Josimo e o Minist\u00e9rio da Igualdade Racial - Governo do Brasil.\" \/>\n<meta property=\"og:url\" content=\"https:\/\/padrejosimo.com.br\/site\/noticias\/curso-de-comunicacao-popular-do-projeto-igualdade-e-cultura-negra-vozes-e-territorios\/\" \/>\n<meta property=\"og:site_name\" content=\"Instituto Cultural Padre Josimo\" \/>\n<meta property=\"article:modified_time\" content=\"2025-10-19T10:57:41+00:00\" \/>\n<meta property=\"og:image\" content=\"https:\/\/padrejosimo.com.br\/site\/wp-content\/uploads\/2025\/10\/WhatsApp-Image-2025-10-16-at-21.55.45-1.jpeg\" \/>\n\t<meta property=\"og:image:width\" content=\"1080\" \/>\n\t<meta property=\"og:image:height\" content=\"1350\" \/>\n\t<meta property=\"og:image:type\" content=\"image\/jpeg\" \/>\n<meta name=\"twitter:card\" content=\"summary_large_image\" \/>\n<meta name=\"twitter:label1\" content=\"Est. tempo de leitura\" \/>\n\t<meta name=\"twitter:data1\" content=\"1 minuto\" \/>\n<script type=\"application\/ld+json\" class=\"yoast-schema-graph\">{\"@context\":\"https:\/\/schema.org\",\"@graph\":[{\"@type\":\"WebPage\",\"@id\":\"https:\/\/padrejosimo.com.br\/site\/noticias\/curso-de-comunicacao-popular-do-projeto-igualdade-e-cultura-negra-vozes-e-territorios\/\",\"url\":\"https:\/\/padrejosimo.com.br\/site\/noticias\/curso-de-comunicacao-popular-do-projeto-igualdade-e-cultura-negra-vozes-e-territorios\/\",\"name\":\"Curso de Comunica\u00e7\u00e3o Popular do Projeto \\\"Igualdade e Cultura Negra: Vozes e Territ\u00f3rios\\\" - Instituto Cultural Padre Josimo\",\"isPartOf\":{\"@id\":\"https:\/\/padrejosimo.com.br\/site\/#website\"},\"primaryImageOfPage\":{\"@id\":\"https:\/\/padrejosimo.com.br\/site\/noticias\/curso-de-comunicacao-popular-do-projeto-igualdade-e-cultura-negra-vozes-e-territorios\/#primaryimage\"},\"image\":{\"@id\":\"https:\/\/padrejosimo.com.br\/site\/noticias\/curso-de-comunicacao-popular-do-projeto-igualdade-e-cultura-negra-vozes-e-territorios\/#primaryimage\"},\"thumbnailUrl\":\"https:\/\/padrejosimo.com.br\/site\/wp-content\/uploads\/2025\/10\/WhatsApp-Image-2025-10-16-at-21.55.45-1.jpeg\",\"datePublished\":\"2025-10-17T09:11:53+00:00\",\"dateModified\":\"2025-10-19T10:57:41+00:00\",\"breadcrumb\":{\"@id\":\"https:\/\/padrejosimo.com.br\/site\/noticias\/curso-de-comunicacao-popular-do-projeto-igualdade-e-cultura-negra-vozes-e-territorios\/#breadcrumb\"},\"inLanguage\":\"pt-BR\",\"potentialAction\":[{\"@type\":\"ReadAction\",\"target\":[\"https:\/\/padrejosimo.com.br\/site\/noticias\/curso-de-comunicacao-popular-do-projeto-igualdade-e-cultura-negra-vozes-e-territorios\/\"]}]},{\"@type\":\"ImageObject\",\"inLanguage\":\"pt-BR\",\"@id\":\"https:\/\/padrejosimo.com.br\/site\/noticias\/curso-de-comunicacao-popular-do-projeto-igualdade-e-cultura-negra-vozes-e-territorios\/#primaryimage\",\"url\":\"https:\/\/padrejosimo.com.br\/site\/wp-content\/uploads\/2025\/10\/WhatsApp-Image-2025-10-16-at-21.55.45-1.jpeg\",\"contentUrl\":\"https:\/\/padrejosimo.com.br\/site\/wp-content\/uploads\/2025\/10\/WhatsApp-Image-2025-10-16-at-21.55.45-1.jpeg\",\"width\":1080,\"height\":1350},{\"@type\":\"BreadcrumbList\",\"@id\":\"https:\/\/padrejosimo.com.br\/site\/noticias\/curso-de-comunicacao-popular-do-projeto-igualdade-e-cultura-negra-vozes-e-territorios\/#breadcrumb\",\"itemListElement\":[{\"@type\":\"ListItem\",\"position\":1,\"name\":\"In\u00edcio\",\"item\":\"https:\/\/padrejosimo.com.br\/site\/\"},{\"@type\":\"ListItem\",\"position\":2,\"name\":\"Not\u00edcias\",\"item\":\"https:\/\/padrejosimo.com.br\/site\/noticias\/\"},{\"@type\":\"ListItem\",\"position\":3,\"name\":\"Curso de Comunica\u00e7\u00e3o Popular do Projeto &#8220;Igualdade e Cultura Negra: Vozes e Territ\u00f3rios&#8221;\"}]},{\"@type\":\"WebSite\",\"@id\":\"https:\/\/padrejosimo.com.br\/site\/#website\",\"url\":\"https:\/\/padrejosimo.com.br\/site\/\",\"name\":\"Instituto Cultural Padre Josimo\",\"description\":\"Comprometida com a promo\u00e7\u00e3o da justi\u00e7a social, agroecologia e educa\u00e7\u00e3o popular\",\"publisher\":{\"@id\":\"https:\/\/padrejosimo.com.br\/site\/#organization\"},\"alternateName\":\"ICPJ\",\"potentialAction\":[{\"@type\":\"SearchAction\",\"target\":{\"@type\":\"EntryPoint\",\"urlTemplate\":\"https:\/\/padrejosimo.com.br\/site\/?s={search_term_string}\"},\"query-input\":{\"@type\":\"PropertyValueSpecification\",\"valueRequired\":true,\"valueName\":\"search_term_string\"}}],\"inLanguage\":\"pt-BR\"},{\"@type\":\"Organization\",\"@id\":\"https:\/\/padrejosimo.com.br\/site\/#organization\",\"name\":\"Instituto Cultural Padre Josimo\",\"alternateName\":\"ICPJ\",\"url\":\"https:\/\/padrejosimo.com.br\/site\/\",\"logo\":{\"@type\":\"ImageObject\",\"inLanguage\":\"pt-BR\",\"@id\":\"https:\/\/padrejosimo.com.br\/site\/#\/schema\/logo\/image\/\",\"url\":\"https:\/\/padrejosimo.com.br\/site\/wp-content\/uploads\/2025\/09\/cropped-icon-icpj.png\",\"contentUrl\":\"https:\/\/padrejosimo.com.br\/site\/wp-content\/uploads\/2025\/09\/cropped-icon-icpj.png\",\"width\":512,\"height\":512,\"caption\":\"Instituto Cultural Padre Josimo\"},\"image\":{\"@id\":\"https:\/\/padrejosimo.com.br\/site\/#\/schema\/logo\/image\/\"}}]}<\/script>\n<!-- \/ Yoast SEO plugin. -->","yoast_head_json":{"title":"Curso de Comunica\u00e7\u00e3o Popular do Projeto \"Igualdade e Cultura Negra: Vozes e Territ\u00f3rios\" - Instituto Cultural Padre Josimo","robots":{"index":"index","follow":"follow","max-snippet":"max-snippet:-1","max-image-preview":"max-image-preview:large","max-video-preview":"max-video-preview:-1"},"canonical":"https:\/\/padrejosimo.com.br\/site\/noticias\/curso-de-comunicacao-popular-do-projeto-igualdade-e-cultura-negra-vozes-e-territorios\/","og_locale":"pt_BR","og_type":"article","og_title":"Curso de Comunica\u00e7\u00e3o Popular do Projeto \"Igualdade e Cultura Negra: Vozes e Territ\u00f3rios\" - Instituto Cultural Padre Josimo","og_description":"A a\u00e7\u00e3o faz parte do Projeto: Igualdade e Cultura Negra: Vozes e Territ\u00f3rios - Termo de Fomento 973281\/2024 celebrado entre o Instituto Cultural Padre Josimo e o Minist\u00e9rio da Igualdade Racial - Governo do Brasil.","og_url":"https:\/\/padrejosimo.com.br\/site\/noticias\/curso-de-comunicacao-popular-do-projeto-igualdade-e-cultura-negra-vozes-e-territorios\/","og_site_name":"Instituto Cultural Padre Josimo","article_modified_time":"2025-10-19T10:57:41+00:00","og_image":[{"width":1080,"height":1350,"url":"https:\/\/padrejosimo.com.br\/site\/wp-content\/uploads\/2025\/10\/WhatsApp-Image-2025-10-16-at-21.55.45-1.jpeg","type":"image\/jpeg"}],"twitter_card":"summary_large_image","twitter_misc":{"Est. tempo de leitura":"1 minuto"},"schema":{"@context":"https:\/\/schema.org","@graph":[{"@type":"WebPage","@id":"https:\/\/padrejosimo.com.br\/site\/noticias\/curso-de-comunicacao-popular-do-projeto-igualdade-e-cultura-negra-vozes-e-territorios\/","url":"https:\/\/padrejosimo.com.br\/site\/noticias\/curso-de-comunicacao-popular-do-projeto-igualdade-e-cultura-negra-vozes-e-territorios\/","name":"Curso de Comunica\u00e7\u00e3o Popular do Projeto \"Igualdade e Cultura Negra: Vozes e Territ\u00f3rios\" - Instituto Cultural Padre Josimo","isPartOf":{"@id":"https:\/\/padrejosimo.com.br\/site\/#website"},"primaryImageOfPage":{"@id":"https:\/\/padrejosimo.com.br\/site\/noticias\/curso-de-comunicacao-popular-do-projeto-igualdade-e-cultura-negra-vozes-e-territorios\/#primaryimage"},"image":{"@id":"https:\/\/padrejosimo.com.br\/site\/noticias\/curso-de-comunicacao-popular-do-projeto-igualdade-e-cultura-negra-vozes-e-territorios\/#primaryimage"},"thumbnailUrl":"https:\/\/padrejosimo.com.br\/site\/wp-content\/uploads\/2025\/10\/WhatsApp-Image-2025-10-16-at-21.55.45-1.jpeg","datePublished":"2025-10-17T09:11:53+00:00","dateModified":"2025-10-19T10:57:41+00:00","breadcrumb":{"@id":"https:\/\/padrejosimo.com.br\/site\/noticias\/curso-de-comunicacao-popular-do-projeto-igualdade-e-cultura-negra-vozes-e-territorios\/#breadcrumb"},"inLanguage":"pt-BR","potentialAction":[{"@type":"ReadAction","target":["https:\/\/padrejosimo.com.br\/site\/noticias\/curso-de-comunicacao-popular-do-projeto-igualdade-e-cultura-negra-vozes-e-territorios\/"]}]},{"@type":"ImageObject","inLanguage":"pt-BR","@id":"https:\/\/padrejosimo.com.br\/site\/noticias\/curso-de-comunicacao-popular-do-projeto-igualdade-e-cultura-negra-vozes-e-territorios\/#primaryimage","url":"https:\/\/padrejosimo.com.br\/site\/wp-content\/uploads\/2025\/10\/WhatsApp-Image-2025-10-16-at-21.55.45-1.jpeg","contentUrl":"https:\/\/padrejosimo.com.br\/site\/wp-content\/uploads\/2025\/10\/WhatsApp-Image-2025-10-16-at-21.55.45-1.jpeg","width":1080,"height":1350},{"@type":"BreadcrumbList","@id":"https:\/\/padrejosimo.com.br\/site\/noticias\/curso-de-comunicacao-popular-do-projeto-igualdade-e-cultura-negra-vozes-e-territorios\/#breadcrumb","itemListElement":[{"@type":"ListItem","position":1,"name":"In\u00edcio","item":"https:\/\/padrejosimo.com.br\/site\/"},{"@type":"ListItem","position":2,"name":"Not\u00edcias","item":"https:\/\/padrejosimo.com.br\/site\/noticias\/"},{"@type":"ListItem","position":3,"name":"Curso de Comunica\u00e7\u00e3o Popular do Projeto &#8220;Igualdade e Cultura Negra: Vozes e Territ\u00f3rios&#8221;"}]},{"@type":"WebSite","@id":"https:\/\/padrejosimo.com.br\/site\/#website","url":"https:\/\/padrejosimo.com.br\/site\/","name":"Instituto Cultural Padre Josimo","description":"Comprometida com a promo\u00e7\u00e3o da justi\u00e7a social, agroecologia e educa\u00e7\u00e3o popular","publisher":{"@id":"https:\/\/padrejosimo.com.br\/site\/#organization"},"alternateName":"ICPJ","potentialAction":[{"@type":"SearchAction","target":{"@type":"EntryPoint","urlTemplate":"https:\/\/padrejosimo.com.br\/site\/?s={search_term_string}"},"query-input":{"@type":"PropertyValueSpecification","valueRequired":true,"valueName":"search_term_string"}}],"inLanguage":"pt-BR"},{"@type":"Organization","@id":"https:\/\/padrejosimo.com.br\/site\/#organization","name":"Instituto Cultural Padre Josimo","alternateName":"ICPJ","url":"https:\/\/padrejosimo.com.br\/site\/","logo":{"@type":"ImageObject","inLanguage":"pt-BR","@id":"https:\/\/padrejosimo.com.br\/site\/#\/schema\/logo\/image\/","url":"https:\/\/padrejosimo.com.br\/site\/wp-content\/uploads\/2025\/09\/cropped-icon-icpj.png","contentUrl":"https:\/\/padrejosimo.com.br\/site\/wp-content\/uploads\/2025\/09\/cropped-icon-icpj.png","width":512,"height":512,"caption":"Instituto Cultural Padre Josimo"},"image":{"@id":"https:\/\/padrejosimo.com.br\/site\/#\/schema\/logo\/image\/"}}]}},"_links":{"self":[{"href":"https:\/\/padrejosimo.com.br\/site\/wp-json\/wp\/v2\/noticias\/8161","targetHints":{"allow":["GET"]}}],"collection":[{"href":"https:\/\/padrejosimo.com.br\/site\/wp-json\/wp\/v2\/noticias"}],"about":[{"href":"https:\/\/padrejosimo.com.br\/site\/wp-json\/wp\/v2\/types\/noticias"}],"wp:featuredmedia":[{"embeddable":true,"href":"https:\/\/padrejosimo.com.br\/site\/wp-json\/wp\/v2\/media\/8162"}],"wp:attachment":[{"href":"https:\/\/padrejosimo.com.br\/site\/wp-json\/wp\/v2\/media?parent=8161"}],"wp:term":[{"taxonomy":"categorias_noticias","embeddable":true,"href":"https:\/\/padrejosimo.com.br\/site\/wp-json\/wp\/v2\/categorias_noticias?post=8161"}],"curies":[{"name":"wp","href":"https:\/\/api.w.org\/{rel}","templated":true}]}}