{"id":8159,"date":"2025-10-16T16:30:45","date_gmt":"2025-10-16T19:30:45","guid":{"rendered":"https:\/\/padrejosimo.com.br\/site\/?post_type=noticias&#038;p=8159"},"modified":"2025-10-16T16:30:45","modified_gmt":"2025-10-16T19:30:45","slug":"artigo-do-presidente-lula-a-existencia-da-fome-e-uma-escolha-politica","status":"publish","type":"noticias","link":"https:\/\/padrejosimo.com.br\/site\/noticias\/artigo-do-presidente-lula-a-existencia-da-fome-e-uma-escolha-politica\/","title":{"rendered":"Artigo do presidente Lula: &#8220;A exist\u00eancia da fome \u00e9 uma escolha pol\u00edtica&#8221;"},"content":{"rendered":"<blockquote>\n<div class=\"documentDescription description\"><em>Confira a \u00edntegra do artigo do presidente Luiz In\u00e1cio Lula da Silva publicado entre 13 e 14 de outubro de 2025 nos ve\u00edculos Infobae (Argentina), Al Jazeera (Catar), La Tercera (Chile), El Espectador (Col\u00f4mbia), El Pa\u00eds (Espanha), Lib\u00e9ration (Fran\u00e7a), La Repubblica (It\u00e1lia), La Jornada (M\u00e9xico), Jornal Not\u00edcias (Mo\u00e7ambique), P\u00fablico (Portugal), Daily Nation (Qu\u00eania) e The Independent (Reino Unido)<\/em><\/div>\n<\/blockquote>\n<div id=\"viewlet-above-content-body\">\u00a0<\/div>\n<div id=\"content-core\">\n<div id=\"parent-fieldname-text\">\n<p><img fetchpriority=\"high\" decoding=\"async\" class=\"size-large wp-image-8160 aligncenter\" src=\"https:\/\/padrejosimo.com.br\/site\/wp-content\/uploads\/2025\/10\/54852621375_1dc6ea84bf_o-1024x683.jpg\" alt=\"\" width=\"800\" height=\"534\" srcset=\"https:\/\/padrejosimo.com.br\/site\/wp-content\/uploads\/2025\/10\/54852621375_1dc6ea84bf_o-1024x683.jpg 1024w, https:\/\/padrejosimo.com.br\/site\/wp-content\/uploads\/2025\/10\/54852621375_1dc6ea84bf_o-300x200.jpg 300w, https:\/\/padrejosimo.com.br\/site\/wp-content\/uploads\/2025\/10\/54852621375_1dc6ea84bf_o-768x512.jpg 768w, https:\/\/padrejosimo.com.br\/site\/wp-content\/uploads\/2025\/10\/54852621375_1dc6ea84bf_o-1536x1024.jpg 1536w, https:\/\/padrejosimo.com.br\/site\/wp-content\/uploads\/2025\/10\/54852621375_1dc6ea84bf_o.jpg 1920w\" sizes=\"(max-width: 800px) 100vw, 800px\" \/><\/p>\n<p>A fome n\u00e3o \u00e9 uma condi\u00e7\u00e3o natural da humanidade, nem \u00e9 uma trag\u00e9dia inevit\u00e1vel: ela \u00e9 fruto de escolhas de governos e de sistemas econ\u00f4micos que optaram por fechar os olhos para as desigualdades. Ou mesmo promov\u00ea-las.<\/p>\n<p>A mesma ordem econ\u00f4mica que nega a 673 milh\u00f5es de pessoas o acesso \u00e0 alimenta\u00e7\u00e3o adequada permite a um seleto grupo de 3 mil bilion\u00e1rios deterem 14,6% do PIB global.<\/p>\n<p>Em 2024, as na\u00e7\u00f5es mais ricas ajudaram a impulsionar o maior aumento em gastos militares desde o fim da Guerra Fria, que chegaram a US$ 2,7 trilh\u00f5es no ano. Mas n\u00e3o tiraram do papel o compromisso que elas mesmas assumiram: investir 0,7% do PIB em a\u00e7\u00f5es concretas para a promo\u00e7\u00e3o do desenvolvimento nos pa\u00edses mais pobres.\u00a0<\/p>\n<p>Vemos, hoje, situa\u00e7\u00f5es semelhantes \u00e0quelas que existiam h\u00e1 oitenta anos, quando a Organiza\u00e7\u00e3o das Na\u00e7\u00f5es Unidas para a Alimenta\u00e7\u00e3o e a Agricultura, a FAO, foi criada. Diferente daquela \u00e9poca, contudo, n\u00e3o temos apenas as trag\u00e9dias da guerra e da fome se retroalimentando, mas tamb\u00e9m a urgente crise clim\u00e1tica. E a concerta\u00e7\u00e3o entre as na\u00e7\u00f5es criada para resolver os desafios de 1945 n\u00e3o d\u00e3o mais conta dos problemas atuais.<\/p>\n<p>\u00c9 necess\u00e1rio reformar os mecanismos globais de governan\u00e7a. Precisamos fortalecer o multilateralismo, criar fluxos de investimentos que promovam o desenvolvimento sustent\u00e1vel e garantir aos estados a capacidade de implementar pol\u00edticas p\u00fablicas consistentes de combate \u00e0 fome e \u00e0 pobreza.<\/p>\n<p>\u00c9 fundamental incluir os pobres no or\u00e7amento p\u00fablico e os mais ricos no imposto de renda. Isso passa pela justi\u00e7a tribut\u00e1ria e a taxa\u00e7\u00e3o dos super-ricos, tema que conseguimos incluir \u2013 pela primeira vez \u2013 na declara\u00e7\u00e3o final da c\u00fapula do G20 em novembro de 2024, realizada sob a presid\u00eancia brasileira. Uma mudan\u00e7a simb\u00f3lica, mas hist\u00f3rica.<\/p>\n<p>Defendemos tal pr\u00e1tica no mundo \u2013 e a adotamos no Brasil. Est\u00e1 em vias de ser aprovado no Congresso brasileiro uma mudan\u00e7a substancial nas regras tribut\u00e1rias: pela primeira vez no pa\u00eds, haver\u00e1 uma taxa\u00e7\u00e3o m\u00ednima sobre a renda das pessoas mais ricas do pa\u00eds, isentando do imposto milh\u00f5es de pessoas com sal\u00e1rios menores.<\/p>\n<p>Tamb\u00e9m \u00e0 frente do G20, o Brasil prop\u00f4s a cria\u00e7\u00e3o da Alian\u00e7a Global contra a Fome e a Pobreza. A iniciativa, embora recente, j\u00e1 conta com 200 membros \u2014 103 pa\u00edses e 97 parceiros como funda\u00e7\u00f5es e organiza\u00e7\u00f5es. N\u00e3o se trata s\u00f3 de trocar experi\u00eancias, mas de mobilizar recursos e cobrar compromissos.<\/p>\n<p>Com a Alian\u00e7a, queremos que os pa\u00edses tenham as capacidades necess\u00e1rias para conduzir as pol\u00edticas que efetivamente reduzam a desigualdade e garantam o direito \u00e0 alimenta\u00e7\u00e3o adequada. Pol\u00edticas que t\u00eam resultados r\u00e1pidos, como os registrados no Brasil ap\u00f3s elevarmos o combate \u00e0 fome \u00e0 condi\u00e7\u00e3o de prioridade de governo em 2023.<\/p>\n<p>Dados oficiais divulgados h\u00e1 poucos dias mostram que libertamos da fome 26,5 milh\u00f5es de brasileiros desde o in\u00edcio de 2023. Al\u00e9m disso, o Brasil saiu, pela segunda vez, do Mapa da Fome da FAO em seu relat\u00f3rio sobre a inseguran\u00e7a no mundo. Mapa ao qual n\u00e3o teria retornado se as pol\u00edticas iniciadas ainda nos meus primeiros governos (2003-2010) e da presidenta Dilma Rousseff (2011-2016) n\u00e3o tivessem sido abandonadas.<\/p>\n<p>Por tr\u00e1s desta conquista, est\u00e3o a\u00e7\u00f5es coordenadas em diversas frentes. Qualificamos e ampliamos nosso principal mecanismo de transfer\u00eancia de renda, que passou a atender a 20 milh\u00f5es de lares, com aten\u00e7\u00e3o a 8,5 milh\u00f5es de crian\u00e7as de at\u00e9 6 anos.<\/p>\n<p>Ampliamos os recursos destinados \u00e0 alimenta\u00e7\u00e3o gratuita nas escolas p\u00fablicas, que beneficia 40 milh\u00f5es de estudantes. Por meio de compras p\u00fablicas de alimentos, garantimos renda a fam\u00edlias de pequenos agricultores e distribu\u00edmos comida gratuita e de qualidade a quem realmente precisa. Al\u00e9m disso, aumentamos o fornecimento gratuito de g\u00e1s de cozinha e eletricidade \u00e0s pessoas de menor renda, abrindo espa\u00e7o no or\u00e7amento familiar para fortalecer a seguran\u00e7a alimentar<\/p>\n<p>Nenhuma dessas pol\u00edticas, por\u00e9m, se sustenta sem um ambiente econ\u00f4mico que as impulsione. Quando h\u00e1 empregos, quando h\u00e1 renda, a fome perde sua for\u00e7a. Por isso, adotamos uma pol\u00edtica econ\u00f4mica que priorizou o aumento dos sal\u00e1rios e nos levou ao menor \u00edndice de desemprego j\u00e1 registrado no Brasil. E tamb\u00e9m ao menor \u00edndice de desigualdade de renda familiar per capita.<\/p>\n<p>O Brasil ainda tem muito a avan\u00e7ar at\u00e9 garantir a plena seguran\u00e7a alimentar a toda sua popula\u00e7\u00e3o, mas seus resultados confirmam que a a\u00e7\u00e3o do estado \u00e9 capaz, sim, de vencer o flagelo da fome. Tais iniciativas, contudo, dependem de mudan\u00e7as concretas nas prioridades mundiais: investir em desenvolvimento, e n\u00e3o em guerras; privilegiar o combate \u00e0 desigualdade, e n\u00e3o as pol\u00edticas econ\u00f4micas restritivas que por d\u00e9cadas t\u00eam provocado enorme concentra\u00e7\u00e3o de riqueza; e encarar o desafio da mudan\u00e7a do clima, tendo as pessoas no centro de nossas preocupa\u00e7\u00f5es.<\/p>\n<p>Ao sediar a COP30 na Amaz\u00f4nia, no m\u00eas que vem, o Brasil quer mostrar que o combate \u00e0 mudan\u00e7a do clima e o combate \u00e0 fome e \u00e0 pobreza precisam andar juntos. Queremos adotar, em Bel\u00e9m, uma Declara\u00e7\u00e3o sobre Fome, Pobreza e Clima que reconhe\u00e7a os impactos profundamente desiguais das mudan\u00e7as clim\u00e1ticas e seu papel no agravamento da fome em certas regi\u00f5es do mundo.<\/p>\n<p>Tamb\u00e9m levarei estas mensagens ao F\u00f3rum Mundial da Alimenta\u00e7\u00e3o e \u00e0 reuni\u00e3o do Conselho de Campe\u00f5es da Alian\u00e7a Global Contra a Fome, eventos dos quais terei a honra de participar hoje, dia 13, em Roma. Mensagens que mostram que as mudan\u00e7as s\u00e3o urgentes, mas s\u00e3o poss\u00edveis. Pois a humanidade, que criou o veneno da fome contra ela mesma, tamb\u00e9m \u00e9 capaz de produzir o seu ant\u00eddoto.<\/p>\n<\/div>\n<\/div>\n","protected":false},"excerpt":{"rendered":"<p>Lula: A fome n\u00e3o \u00e9 uma condi\u00e7\u00e3o natural da humanidade, nem \u00e9 uma trag\u00e9dia inevit\u00e1vel: ela \u00e9 fruto de escolhas de governos e de sistemas econ\u00f4micos que optaram por fechar os olhos para as desigualdades. Ou mesmo promov\u00ea-las.<\/p>\n","protected":false},"featured_media":8160,"template":"","categorias_noticias":[],"class_list":["post-8159","noticias","type-noticias","status-publish","has-post-thumbnail","hentry"],"acf":[],"yoast_head":"<!-- This site is optimized with the Yoast SEO plugin v27.2 - https:\/\/yoast.com\/product\/yoast-seo-wordpress\/ -->\n<title>Artigo do presidente Lula: &quot;A exist\u00eancia da fome \u00e9 uma escolha pol\u00edtica&quot; - Instituto Cultural Padre Josimo<\/title>\n<meta name=\"robots\" content=\"index, follow, max-snippet:-1, max-image-preview:large, max-video-preview:-1\" \/>\n<link rel=\"canonical\" href=\"https:\/\/padrejosimo.com.br\/site\/noticias\/artigo-do-presidente-lula-a-existencia-da-fome-e-uma-escolha-politica\/\" \/>\n<meta property=\"og:locale\" content=\"pt_BR\" \/>\n<meta property=\"og:type\" content=\"article\" \/>\n<meta property=\"og:title\" content=\"Artigo do presidente Lula: &quot;A exist\u00eancia da fome \u00e9 uma escolha pol\u00edtica&quot; - Instituto Cultural Padre Josimo\" \/>\n<meta property=\"og:description\" content=\"Lula: A fome n\u00e3o \u00e9 uma condi\u00e7\u00e3o natural da humanidade, nem \u00e9 uma trag\u00e9dia inevit\u00e1vel: ela \u00e9 fruto de escolhas de governos e de sistemas econ\u00f4micos que optaram por fechar os olhos para as desigualdades. Ou mesmo promov\u00ea-las.\" \/>\n<meta property=\"og:url\" content=\"https:\/\/padrejosimo.com.br\/site\/noticias\/artigo-do-presidente-lula-a-existencia-da-fome-e-uma-escolha-politica\/\" \/>\n<meta property=\"og:site_name\" content=\"Instituto Cultural Padre Josimo\" \/>\n<meta property=\"og:image\" content=\"https:\/\/padrejosimo.com.br\/site\/wp-content\/uploads\/2025\/10\/54852621375_1dc6ea84bf_o.jpg\" \/>\n\t<meta property=\"og:image:width\" content=\"1920\" \/>\n\t<meta property=\"og:image:height\" content=\"1280\" \/>\n\t<meta property=\"og:image:type\" content=\"image\/jpeg\" \/>\n<meta name=\"twitter:card\" content=\"summary_large_image\" \/>\n<meta name=\"twitter:label1\" content=\"Est. tempo de leitura\" \/>\n\t<meta name=\"twitter:data1\" content=\"5 minutos\" \/>\n<script type=\"application\/ld+json\" class=\"yoast-schema-graph\">{\"@context\":\"https:\/\/schema.org\",\"@graph\":[{\"@type\":\"WebPage\",\"@id\":\"https:\/\/padrejosimo.com.br\/site\/noticias\/artigo-do-presidente-lula-a-existencia-da-fome-e-uma-escolha-politica\/\",\"url\":\"https:\/\/padrejosimo.com.br\/site\/noticias\/artigo-do-presidente-lula-a-existencia-da-fome-e-uma-escolha-politica\/\",\"name\":\"Artigo do presidente Lula: \\\"A exist\u00eancia da fome \u00e9 uma escolha pol\u00edtica\\\" - Instituto Cultural Padre Josimo\",\"isPartOf\":{\"@id\":\"https:\/\/padrejosimo.com.br\/site\/#website\"},\"primaryImageOfPage\":{\"@id\":\"https:\/\/padrejosimo.com.br\/site\/noticias\/artigo-do-presidente-lula-a-existencia-da-fome-e-uma-escolha-politica\/#primaryimage\"},\"image\":{\"@id\":\"https:\/\/padrejosimo.com.br\/site\/noticias\/artigo-do-presidente-lula-a-existencia-da-fome-e-uma-escolha-politica\/#primaryimage\"},\"thumbnailUrl\":\"https:\/\/padrejosimo.com.br\/site\/wp-content\/uploads\/2025\/10\/54852621375_1dc6ea84bf_o.jpg\",\"datePublished\":\"2025-10-16T19:30:45+00:00\",\"breadcrumb\":{\"@id\":\"https:\/\/padrejosimo.com.br\/site\/noticias\/artigo-do-presidente-lula-a-existencia-da-fome-e-uma-escolha-politica\/#breadcrumb\"},\"inLanguage\":\"pt-BR\",\"potentialAction\":[{\"@type\":\"ReadAction\",\"target\":[\"https:\/\/padrejosimo.com.br\/site\/noticias\/artigo-do-presidente-lula-a-existencia-da-fome-e-uma-escolha-politica\/\"]}]},{\"@type\":\"ImageObject\",\"inLanguage\":\"pt-BR\",\"@id\":\"https:\/\/padrejosimo.com.br\/site\/noticias\/artigo-do-presidente-lula-a-existencia-da-fome-e-uma-escolha-politica\/#primaryimage\",\"url\":\"https:\/\/padrejosimo.com.br\/site\/wp-content\/uploads\/2025\/10\/54852621375_1dc6ea84bf_o.jpg\",\"contentUrl\":\"https:\/\/padrejosimo.com.br\/site\/wp-content\/uploads\/2025\/10\/54852621375_1dc6ea84bf_o.jpg\",\"width\":1920,\"height\":1280},{\"@type\":\"BreadcrumbList\",\"@id\":\"https:\/\/padrejosimo.com.br\/site\/noticias\/artigo-do-presidente-lula-a-existencia-da-fome-e-uma-escolha-politica\/#breadcrumb\",\"itemListElement\":[{\"@type\":\"ListItem\",\"position\":1,\"name\":\"In\u00edcio\",\"item\":\"https:\/\/padrejosimo.com.br\/site\/\"},{\"@type\":\"ListItem\",\"position\":2,\"name\":\"Not\u00edcias\",\"item\":\"https:\/\/padrejosimo.com.br\/site\/noticias\/\"},{\"@type\":\"ListItem\",\"position\":3,\"name\":\"Artigo do presidente Lula: &#8220;A exist\u00eancia da fome \u00e9 uma escolha pol\u00edtica&#8221;\"}]},{\"@type\":\"WebSite\",\"@id\":\"https:\/\/padrejosimo.com.br\/site\/#website\",\"url\":\"https:\/\/padrejosimo.com.br\/site\/\",\"name\":\"Instituto Cultural Padre Josimo\",\"description\":\"Comprometida com a promo\u00e7\u00e3o da justi\u00e7a social, agroecologia e educa\u00e7\u00e3o popular\",\"publisher\":{\"@id\":\"https:\/\/padrejosimo.com.br\/site\/#organization\"},\"alternateName\":\"ICPJ\",\"potentialAction\":[{\"@type\":\"SearchAction\",\"target\":{\"@type\":\"EntryPoint\",\"urlTemplate\":\"https:\/\/padrejosimo.com.br\/site\/?s={search_term_string}\"},\"query-input\":{\"@type\":\"PropertyValueSpecification\",\"valueRequired\":true,\"valueName\":\"search_term_string\"}}],\"inLanguage\":\"pt-BR\"},{\"@type\":\"Organization\",\"@id\":\"https:\/\/padrejosimo.com.br\/site\/#organization\",\"name\":\"Instituto Cultural Padre Josimo\",\"alternateName\":\"ICPJ\",\"url\":\"https:\/\/padrejosimo.com.br\/site\/\",\"logo\":{\"@type\":\"ImageObject\",\"inLanguage\":\"pt-BR\",\"@id\":\"https:\/\/padrejosimo.com.br\/site\/#\/schema\/logo\/image\/\",\"url\":\"https:\/\/padrejosimo.com.br\/site\/wp-content\/uploads\/2025\/09\/cropped-icon-icpj.png\",\"contentUrl\":\"https:\/\/padrejosimo.com.br\/site\/wp-content\/uploads\/2025\/09\/cropped-icon-icpj.png\",\"width\":512,\"height\":512,\"caption\":\"Instituto Cultural Padre Josimo\"},\"image\":{\"@id\":\"https:\/\/padrejosimo.com.br\/site\/#\/schema\/logo\/image\/\"}}]}<\/script>\n<!-- \/ Yoast SEO plugin. -->","yoast_head_json":{"title":"Artigo do presidente Lula: \"A exist\u00eancia da fome \u00e9 uma escolha pol\u00edtica\" - Instituto Cultural Padre Josimo","robots":{"index":"index","follow":"follow","max-snippet":"max-snippet:-1","max-image-preview":"max-image-preview:large","max-video-preview":"max-video-preview:-1"},"canonical":"https:\/\/padrejosimo.com.br\/site\/noticias\/artigo-do-presidente-lula-a-existencia-da-fome-e-uma-escolha-politica\/","og_locale":"pt_BR","og_type":"article","og_title":"Artigo do presidente Lula: \"A exist\u00eancia da fome \u00e9 uma escolha pol\u00edtica\" - Instituto Cultural Padre Josimo","og_description":"Lula: A fome n\u00e3o \u00e9 uma condi\u00e7\u00e3o natural da humanidade, nem \u00e9 uma trag\u00e9dia inevit\u00e1vel: ela \u00e9 fruto de escolhas de governos e de sistemas econ\u00f4micos que optaram por fechar os olhos para as desigualdades. Ou mesmo promov\u00ea-las.","og_url":"https:\/\/padrejosimo.com.br\/site\/noticias\/artigo-do-presidente-lula-a-existencia-da-fome-e-uma-escolha-politica\/","og_site_name":"Instituto Cultural Padre Josimo","og_image":[{"width":1920,"height":1280,"url":"https:\/\/padrejosimo.com.br\/site\/wp-content\/uploads\/2025\/10\/54852621375_1dc6ea84bf_o.jpg","type":"image\/jpeg"}],"twitter_card":"summary_large_image","twitter_misc":{"Est. tempo de leitura":"5 minutos"},"schema":{"@context":"https:\/\/schema.org","@graph":[{"@type":"WebPage","@id":"https:\/\/padrejosimo.com.br\/site\/noticias\/artigo-do-presidente-lula-a-existencia-da-fome-e-uma-escolha-politica\/","url":"https:\/\/padrejosimo.com.br\/site\/noticias\/artigo-do-presidente-lula-a-existencia-da-fome-e-uma-escolha-politica\/","name":"Artigo do presidente Lula: \"A exist\u00eancia da fome \u00e9 uma escolha pol\u00edtica\" - Instituto Cultural Padre Josimo","isPartOf":{"@id":"https:\/\/padrejosimo.com.br\/site\/#website"},"primaryImageOfPage":{"@id":"https:\/\/padrejosimo.com.br\/site\/noticias\/artigo-do-presidente-lula-a-existencia-da-fome-e-uma-escolha-politica\/#primaryimage"},"image":{"@id":"https:\/\/padrejosimo.com.br\/site\/noticias\/artigo-do-presidente-lula-a-existencia-da-fome-e-uma-escolha-politica\/#primaryimage"},"thumbnailUrl":"https:\/\/padrejosimo.com.br\/site\/wp-content\/uploads\/2025\/10\/54852621375_1dc6ea84bf_o.jpg","datePublished":"2025-10-16T19:30:45+00:00","breadcrumb":{"@id":"https:\/\/padrejosimo.com.br\/site\/noticias\/artigo-do-presidente-lula-a-existencia-da-fome-e-uma-escolha-politica\/#breadcrumb"},"inLanguage":"pt-BR","potentialAction":[{"@type":"ReadAction","target":["https:\/\/padrejosimo.com.br\/site\/noticias\/artigo-do-presidente-lula-a-existencia-da-fome-e-uma-escolha-politica\/"]}]},{"@type":"ImageObject","inLanguage":"pt-BR","@id":"https:\/\/padrejosimo.com.br\/site\/noticias\/artigo-do-presidente-lula-a-existencia-da-fome-e-uma-escolha-politica\/#primaryimage","url":"https:\/\/padrejosimo.com.br\/site\/wp-content\/uploads\/2025\/10\/54852621375_1dc6ea84bf_o.jpg","contentUrl":"https:\/\/padrejosimo.com.br\/site\/wp-content\/uploads\/2025\/10\/54852621375_1dc6ea84bf_o.jpg","width":1920,"height":1280},{"@type":"BreadcrumbList","@id":"https:\/\/padrejosimo.com.br\/site\/noticias\/artigo-do-presidente-lula-a-existencia-da-fome-e-uma-escolha-politica\/#breadcrumb","itemListElement":[{"@type":"ListItem","position":1,"name":"In\u00edcio","item":"https:\/\/padrejosimo.com.br\/site\/"},{"@type":"ListItem","position":2,"name":"Not\u00edcias","item":"https:\/\/padrejosimo.com.br\/site\/noticias\/"},{"@type":"ListItem","position":3,"name":"Artigo do presidente Lula: &#8220;A exist\u00eancia da fome \u00e9 uma escolha pol\u00edtica&#8221;"}]},{"@type":"WebSite","@id":"https:\/\/padrejosimo.com.br\/site\/#website","url":"https:\/\/padrejosimo.com.br\/site\/","name":"Instituto Cultural Padre Josimo","description":"Comprometida com a promo\u00e7\u00e3o da justi\u00e7a social, agroecologia e educa\u00e7\u00e3o popular","publisher":{"@id":"https:\/\/padrejosimo.com.br\/site\/#organization"},"alternateName":"ICPJ","potentialAction":[{"@type":"SearchAction","target":{"@type":"EntryPoint","urlTemplate":"https:\/\/padrejosimo.com.br\/site\/?s={search_term_string}"},"query-input":{"@type":"PropertyValueSpecification","valueRequired":true,"valueName":"search_term_string"}}],"inLanguage":"pt-BR"},{"@type":"Organization","@id":"https:\/\/padrejosimo.com.br\/site\/#organization","name":"Instituto Cultural Padre Josimo","alternateName":"ICPJ","url":"https:\/\/padrejosimo.com.br\/site\/","logo":{"@type":"ImageObject","inLanguage":"pt-BR","@id":"https:\/\/padrejosimo.com.br\/site\/#\/schema\/logo\/image\/","url":"https:\/\/padrejosimo.com.br\/site\/wp-content\/uploads\/2025\/09\/cropped-icon-icpj.png","contentUrl":"https:\/\/padrejosimo.com.br\/site\/wp-content\/uploads\/2025\/09\/cropped-icon-icpj.png","width":512,"height":512,"caption":"Instituto Cultural Padre Josimo"},"image":{"@id":"https:\/\/padrejosimo.com.br\/site\/#\/schema\/logo\/image\/"}}]}},"_links":{"self":[{"href":"https:\/\/padrejosimo.com.br\/site\/wp-json\/wp\/v2\/noticias\/8159","targetHints":{"allow":["GET"]}}],"collection":[{"href":"https:\/\/padrejosimo.com.br\/site\/wp-json\/wp\/v2\/noticias"}],"about":[{"href":"https:\/\/padrejosimo.com.br\/site\/wp-json\/wp\/v2\/types\/noticias"}],"wp:featuredmedia":[{"embeddable":true,"href":"https:\/\/padrejosimo.com.br\/site\/wp-json\/wp\/v2\/media\/8160"}],"wp:attachment":[{"href":"https:\/\/padrejosimo.com.br\/site\/wp-json\/wp\/v2\/media?parent=8159"}],"wp:term":[{"taxonomy":"categorias_noticias","embeddable":true,"href":"https:\/\/padrejosimo.com.br\/site\/wp-json\/wp\/v2\/categorias_noticias?post=8159"}],"curies":[{"name":"wp","href":"https:\/\/api.w.org\/{rel}","templated":true}]}}