{"id":8078,"date":"2025-10-08T21:27:18","date_gmt":"2025-10-09T00:27:18","guid":{"rendered":"https:\/\/padrejosimo.com.br\/site\/?post_type=noticias&#038;p=8078"},"modified":"2025-10-09T14:52:36","modified_gmt":"2025-10-09T17:52:36","slug":"representantes-do-icpj-e-do-mpa-vao-participar-de-seminario-internacional-em-foz-do-iguacu-sobre-o-caminho-do-paebiru","status":"publish","type":"noticias","link":"https:\/\/padrejosimo.com.br\/site\/noticias\/representantes-do-icpj-e-do-mpa-vao-participar-de-seminario-internacional-em-foz-do-iguacu-sobre-o-caminho-do-paebiru\/","title":{"rendered":"Representantes do ICPJ e do MPA v\u00e3o participar de semin\u00e1rio internacional em Foz do Igua\u00e7u sobre o Caminho do Paebiru"},"content":{"rendered":"<blockquote>\n<h3><em><strong>Atividade acontece na UNILA na \u00faltima semana de outubro e re\u00fane pesquisadores, especialistas, povos origin\u00e1rios e movimentos sociais<\/strong><\/em><\/h3>\n<\/blockquote>\n<p>&nbsp;<\/p>\n<p><img fetchpriority=\"high\" decoding=\"async\" class=\"size-large wp-image-8079 aligncenter\" src=\"https:\/\/padrejosimo.com.br\/site\/wp-content\/uploads\/2025\/10\/SEMINARIO-PEABIRU-IMAGEM-HORIZONTAL-1024x725.jpg\" alt=\"\" width=\"800\" height=\"566\" srcset=\"https:\/\/padrejosimo.com.br\/site\/wp-content\/uploads\/2025\/10\/SEMINARIO-PEABIRU-IMAGEM-HORIZONTAL-1024x725.jpg 1024w, https:\/\/padrejosimo.com.br\/site\/wp-content\/uploads\/2025\/10\/SEMINARIO-PEABIRU-IMAGEM-HORIZONTAL-300x213.jpg 300w, https:\/\/padrejosimo.com.br\/site\/wp-content\/uploads\/2025\/10\/SEMINARIO-PEABIRU-IMAGEM-HORIZONTAL-768x544.jpg 768w, https:\/\/padrejosimo.com.br\/site\/wp-content\/uploads\/2025\/10\/SEMINARIO-PEABIRU-IMAGEM-HORIZONTAL-1536x1088.jpg 1536w, https:\/\/padrejosimo.com.br\/site\/wp-content\/uploads\/2025\/10\/SEMINARIO-PEABIRU-IMAGEM-HORIZONTAL-2048x1451.jpg 2048w\" sizes=\"(max-width: 800px) 100vw, 800px\" \/><\/p>\n<p>&nbsp;<\/p>\n<p>A hist\u00f3ria latino-americana pr\u00e9-invas\u00e3o europeia guarda refer\u00eancias de civiliza\u00e7\u00f5es avan\u00e7adas e redes de integra\u00e7\u00e3o que permitiam o interc\u00e2mbio de experi\u00eancias e at\u00e9 mesmo trocas comerciais, culturais e espirituais. Entre os caminhos que conduziam os povos de Abya Yala de um lado a outro do continente, talvez o mais significativo \u2013 e do qual mais h\u00e1 refer\u00eancias consolidadas \u2013 \u00e9 o Peabiru. E agora ele ser\u00e1 tema de um semin\u00e1rio na Universidade da Integra\u00e7\u00e3o Latino-Americana (UNILA) em Foz do Igua\u00e7u.<\/p>\n<p>De 22 a 24 de outubro o audit\u00f3rio L\u00e9lia Gonzalez, no Campus Integra\u00e7\u00e3o, acolher\u00e1 pesquisadores e especialistas no tema, junto de representantes de povos ind\u00edgenas, comunidades quilombolas e movimentos sociais de matriz camponesa. Intitulado \u201cO Caminho Sagrado do Peabiru \u2013 Do Atl\u00e2ntico ao Pac\u00edfico e as Integra\u00e7\u00f5es Contempor\u00e2neas da Am\u00e9rica Latina\u201d, tem acesso livre, com inscri\u00e7\u00f5es atrav\u00e9s do link <a href=\"https:\/\/sig.unila.edu.br\/eventos\/login.xhtml\">https:\/\/sig.unila.edu.br\/eventos\/login.xhtml<\/a> (\u00e9 necess\u00e1rio realizar cadastro para efetivar a inscri\u00e7\u00e3o).<\/p>\n<p>Est\u00e3o previstos nos tr\u00eas dias de programa\u00e7\u00e3o palestras, oficinas, trilhas e apresenta\u00e7\u00f5es culturais. Segundo os organizadores, o evento busca conciliar saberes tradicionais e cr\u00edticas ao desenvolvimento predat\u00f3rio, inspirando novas formas de coopera\u00e7\u00e3o regional sustent\u00e1vel, que incorporem a mem\u00f3ria e a experi\u00eancia hist\u00f3rica dos povos tradicionais. Entre os resultados esperados est\u00e3o o aprofundamento do debate sobre a integra\u00e7\u00e3o latino-americana, com a promo\u00e7\u00e3o de publica\u00e7\u00f5es e propostas de pol\u00edticas p\u00fablicas que valorizem rotas ancestrais como patrim\u00f4nio vivo, bem como a constru\u00e7\u00e3o de um projeto de pesquisa original sobre a tem\u00e1tica, que possa orientar futuras investiga\u00e7\u00f5es plurais e integradas entre os grupos participantes.<\/p>\n<p>O administrador e professor do curso de Rela\u00e7\u00f5es Internacionais e Integra\u00e7\u00e3o da UNILA, \u00c9rico Massoli, argumenta que \u201co evento busca integrar a larga tradi\u00e7\u00e3o do regionalismo latino-americano, aprofundando a miss\u00e3o da universidade de promover a integra\u00e7\u00e3o da Am\u00e9rica Latina e o Caribe\u201d. Sob uma perspectiva de longa dura\u00e7\u00e3o, aponta que \u201c\u00e9 poss\u00edvel identificar que a integra\u00e7\u00e3o regional n\u00e3o se limita ao per\u00edodo das independ\u00eancias do s\u00e9culo XIX, pois experi\u00eancias amer\u00edndias, como o Caminho do Peabiru, revelam formas milenares de conex\u00e3o continental que antecedem as campanhas bolivarianas e mesmo os atuais projetos bioce\u00e2nicos\u201d.<\/p>\n<p>Massoli, que coordena a Comiss\u00e3o Organizadora do Semin\u00e1rio, destaca que \u201cessa rede milenar de trilhas interoce\u00e2nicas, dotada de tecnologias avan\u00e7adas para a \u00e9poca, conectava o Atl\u00e2ntico ao Pac\u00edfico, atravessando territ\u00f3rios hoje correspondentes a sete pa\u00edses da Am\u00e9rica do Sul\u201d. Ele conclui que o Semin\u00e1rio do Peabiru tem o potencial de \u201cresgatar modelos alternativos de integra\u00e7\u00e3o latino-americana, baseados na solidariedade e no respeito \u00e0s urg\u00eancias ambientais da atualidade\u201d.<\/p>\n<p>J\u00e1 Patr\u00edcia Mechi, Coordenadora do PPGICAL explica que o semin\u00e1rio se alinha ao compromisso institucional do ICAL e da\u00a0 UNILA ao refletir sobre os caminhos e possibilidades da\u00a0 integra\u00e7\u00e3o latino-americana: \u201cEntendemos a universidade\u00a0 como espa\u00e7o vivo, onde diversos\u00a0 saberes\u00a0 dialogam para enfrentar os desafios do nosso tempo e pensar\u00a0 alternativas ao modelo de desenvolvimento excludente e predat\u00f3rio\u201d. Ela anda comenta que o caminho de Peabiru mostra que a integra\u00e7\u00e3o entre os povos da regi\u00e3o existia antes da coloniza\u00e7\u00e3o: \u201cCom este semin\u00e1rio, se pretende recuperar essa mem\u00f3ria, fundamental para pensar formas de integra\u00e7\u00e3o que sejam mais justas, solid\u00e1rias e que contemplem tamb\u00e9m as comunidades que vivem aqui\u201d.<\/p>\n<p>&nbsp;<\/p>\n<blockquote>\n<h3><em>Um caminho que come\u00e7a na ancestralidade e segue al\u00e9m dos nossos dias<\/em><\/h3>\n<\/blockquote>\n<p>&nbsp;<\/p>\n<p>Carlos Dominguez, jornalista e professor da Universidade Federal de Pelotas (UFPel) explica que &#8220;o semin\u00e1rio vai tratar dos mais variados aspectos do tradicional Caminho do Peabiru, a ancestral rota de integra\u00e7\u00e3o do continente, entre as popula\u00e7\u00f5es dos Andes e das terras baixas\u201d. Para Dominguez, que integra a comiss\u00e3o organizadora do semin\u00e1rio, trata-se de \u201cum encontro entre pesquisadores e ind\u00edgenas, lideran\u00e7as espirituais e quilombolas, estudantes e artistas que t\u00eam em comum uma vis\u00e3o contracolonial e constroem agora outro territ\u00f3rio sagrado e de equil\u00edbrio ambiental e social\u201d.<\/p>\n<p>O encontro prop\u00f5e um debate interdisciplinar, refletindo sobre os legados do Peabiru e desafios atuais. Organizado no \u00e2mbito do Programa de P\u00f3s-Gradua\u00e7\u00e3o em Integra\u00e7\u00e3o Contempor\u00e2nea da Am\u00e9rica Latina (PPG-ICAL), Instituto Latino-Americano de Economia, Sociedade e Pol\u00edtica (ILAESP) e da Associa\u00e7\u00e3o de P\u00f3s-Graduandos(as) da UNILA (APAG Arandu), busca discutir a import\u00e2ncia do Peabiru como s\u00edmbolo de integra\u00e7\u00e3o pr\u00e9-colonial, seu papel na coloniza\u00e7\u00e3o e seus paralelos com projetos contempor\u00e2neos de integra\u00e7\u00e3o pol\u00edtica, econ\u00f4mica, educacional, cultural e de infraestrutura (energia, transporte e comunica\u00e7\u00f5es), frequentemente marcados por l\u00f3gicas neoextrativistas.<\/p>\n<p>O jornalista Marcos Antonio Corbari vai representar o Instituto Cultural Padre Josimo (ICPJ), ao lado de Tairi Felipe, da dire\u00e7\u00e3o nacional do Movimento dos Pequenos Agricultores. Ambos est\u00e3o na\u00a0 Mesa 4, que acontece na quinta-feira (23) a partir das 18h30. O tema central da mesa \u00e9 &#8220;Buen Vivir, cosmologias e constru\u00e7\u00e3o de alternativas ao desenvolvimento&#8221;, sob media\u00e7\u00e3o da jornalista Renata Camargo. Corbari e Felipe apresentar\u00e3o em conjunto o painel &#8220;Movimento Sociais e Populares e a causa da P\u00e1tria Grande: um novo Peabiru que interliga povos e utopias&#8221;.\u00a0<\/p>\n<p>&#8220;A integra\u00e7\u00e3o entre os povos ind\u00edgenas, as \u00e1reas quilombolas e as comunidades camponesas desconhece o tra\u00e7ado das fronteiras&#8221;, comenta Corbari. O jornalista que tem se dedicado a experi\u00eancias de comunica\u00e7\u00e3o popular em meio aos povos dos campos, das \u00e1guas e das florestas aponta que &#8220;o interc\u00e2mbio de saberes segue sendo constru\u00eddo sob o signo de Abya Yala, de modo especial pelas sementes compartilhadas, verdadeiros elos que constroem um processo de comunica\u00e7\u00e3o que honra a ancestralidade, abre novas trilhas a partir do ramal sagrado do Paebiru e firma passos rumo a um horizonte ut\u00f3pico onde havemos de construir a P\u00e1tria Grande de todos e todas&#8221;.<\/p>\n<p>Felipe relembra que nos 30 anos de hist\u00f3ria do MPA &#8211; cuja celebra\u00e7\u00e3o inicia em janeiro de 2026 &#8211; o movimento tem estabelecido rela\u00e7\u00f5es para fora das fronteiras brasileiras. \u201cCom profundo sentimento de <em>hermandade<\/em>\u00a0com os que lutam e resistem ao redor do globo e orientado pela Teoria da Depend\u00eancia, o movimento pratica o internacionalismo revolucion\u00e1rio\u201d, acrescenta o dirigente, destacando ainda que na Am\u00e9rica do Sul o MPA tem estabelecido rela\u00e7\u00f5es de solidariedade, articula\u00e7\u00f5es politicas e intercambio de experiencias nas \u00e1reas de organiza\u00e7\u00e3o camponesa, sa\u00fade popular, agroecologia, sementes crioulas e coopera\u00e7\u00e3o.<\/p>\n<p>&nbsp;<\/p>\n<hr \/>\n<p><strong>RESUMO DA PROGRAMA\u00c7\u00c3O:<\/strong><\/p>\n<p>&nbsp;<\/p>\n<p><strong>22\/10 (quarta-feira):<\/strong><\/p>\n<ul>\n<li>14h | Abertura com a participa\u00e7\u00e3o de representantes da UNILA, ILAESP, PPGICAL, APG, SETU\/PMFI, PNI\/ICMBio, COMTUR, MPO e Instituto de Ci\u00eancia e Cultura Brasil-China.<\/li>\n<li>14h30 | Mesa 1: O Caminho Sagrado do Peabiru. Participa\u00e7\u00e3o de: Cl\u00e1udia Parellada (Museu Paranaense \/ UFPR); Almir Ponte Filho (Arque\u00f3logo); Gilberto Guarani (pesquisa arqueol\u00f3gica em Guair\u00e1, Filme da Canoa); Av\u00e1 Jeguyaju (Xamoi Aldeia, Diamante do Oeste\/PR); Sinclair Pozza Casemiro (UEM). A media\u00e7\u00e3o ser\u00e1 de Carlos Andr\u00e9 Dominguez (UFPel).<\/li>\n<li>19h | Mesa 2: Caminhos de Peabiru como Trilha Tur\u00edstica de Longo Curso. Participa\u00e7\u00e3o de: Rosana Bond (Florian\u00f3polis\/SC); Vivian Brito (UNIOESTE\/SETU-PMFI); Anna Vargas (SETU-PR); Jos\u00e9 Ulisses (Parque Nacional do Igua\u00e7u\/ICMBio); Diogo Marcel (Presidente do Conselho Municipal de Turismo &#8211; COMTUR); V\u00edtor Barbato (Adetur Cataratas e Caminhos); Adnir Antonio Ramos (arque\u00f3logo); Sara Moraes (Adetur\/PR).<\/li>\n<\/ul>\n<p>&nbsp;<\/p>\n<p><strong>23\/10 (quinta-feira):<\/strong><\/p>\n<ul>\n<li>9h | Visita de Campo no \u201cQuilombo Horta do seu Z\u00e9 e da Dona La\u00edde\u201d (Vila C);<\/li>\n<li>10h30 | Roda de Conversa: \u201cDi\u00e1logos de pesquisa sobre povos ind\u00edgenas e meio ambiente\u201d, sob coordena\u00e7\u00e3o de Cl\u00e1udia Sof\u00eda Jimenez (PPGRI) e Valter Dorea (PPGRI).<\/li>\n<li>14h | Mesa 3: Biointera\u00e7\u00e3o, (Des)envolvimento, Buen Vivir e Ancestralidade. Participa\u00e7\u00e3o de: Maria Serrate (lideran\u00e7a Quilombola); Nazane (lideran\u00e7a Guarani); Dilce (MST); Angela de Souza (NEALA\/UNILA); Clovis Ant\u00f4nio Brighenti (UNILA); M\u00e1rio Ram\u00e3o (UNILA). A media\u00e7\u00e3o fica por conta da jornalista Renata Camargo.<\/li>\n<li>16h30 | Trilha Reflexiva at\u00e9 a beira do rio Paran\u00e1, nos fundos do Campus Integra\u00e7\u00e3o.<\/li>\n<li>18h30 | Mesa 4: Buen Vivir, cosmologias e constru\u00e7\u00e3o de alternativas ao desenvolvimento. Com a participa\u00e7\u00e3o de: Ana Carolina Teixeira Delgado (PPGRI\/UNILA); Luciana Mello Ribeiro (OBEAMV\/UNILA); Tairi Felipe (MPA) e Marcos Antonio Corbari (ICPJ). A media\u00e7\u00e3o \u00e9 da jornalista Renata Camargo.<\/li>\n<li>A noite | Cine Peabiru: atividade organizada pelo Curso de Cinema\/UNILA.<\/li>\n<\/ul>\n<p>&nbsp;<\/p>\n<p><strong>24\/10 (sexta-feira):<\/strong><\/p>\n<ul>\n<li>9h15 | Visita de Campo: \u201cAldeia Guarani Arapy\u201d (Foz do Igua\u00e7u);<\/li>\n<li>9h-12h | Oficina de Cartografia Social: Mapeando Nuestros Saberes en la Triple Frontera, sob coordena\u00e7\u00e3o de Gerson Ledezma, Joselaine Pereira, Rub\u00e9n Mogoll\u00f3n e Marta Szadkoski (PPGICAL).<\/li>\n<li>14h | Mesa 5: Integra\u00e7\u00e3o Interoce\u00e2nica na Am\u00e9rica do Sul, BRICS e Rela\u00e7\u00e3o China &#8211; Am\u00e9rica Latina. Convidados: Paulo Henrique Possas (MPO); Javier Vadell (PUC MG); Yu Tao (Instituto de Ci\u00eancia e Cultura Brasil-China \/ UFSC). Media\u00e7\u00e3o de F\u00e1bio Borges (PPGICAL \/ ILAESP).<\/li>\n<li>17h30 | Audi\u00e7\u00e3o do \u00e1lbum \u201cPa\u00eabir\u00fa: Caminho da Montanha ao Sol\u201d, de Lula Cort\u00eas e Z\u00e9 Ramalho. Coordena\u00e7\u00e3o de Diego Rodrigues e Bruno Elena dos Santos Xavier.<\/li>\n<li>19h | Mesa de Encerramento: O C\u00e9u Inscrito no Caminho &#8211; O &#8216;App&#8217; Astron\u00f4mico Compartilhado no Peabiru e na Antiga China. Convidado(a): Yu Tao (Instituto de Ci\u00eancia e Cultura Brasil-China\/UFSC)<\/li>\n<\/ul>\n<p>&nbsp;<\/p>\n<p><strong>Atividades paralelas:<\/strong> Durante os tr\u00eas dias haver\u00e1 atividades no hall de entrada do audit\u00f3rio, como Feira Agroecol\u00f3gica, estandes, oficina da agricultura familiar \u201cCozinha Comunit\u00e1ria e Soberania Alimentar\u201d, atividades culturais e exposi\u00e7\u00e3o da Revista Peabiru da UNILA.<\/p>\n<p>&nbsp;<\/p>\n<p>O semin\u00e1rio \u201cO Caminho Sagrado do Peabiru \u2013 Do Atl\u00e2ntico ao Pac\u00edfico e as Integra\u00e7\u00f5es Contempor\u00e2neas da Am\u00e9rica Latina\u201d, \u00e9 uma realiza\u00e7\u00e3o da UNILA, PPGICAL, ILAESP, APG Arandu e Curso de Jornalismo da UFPel. Apoiam o evento: CIIRI, PROEX, PRPPG, EDUNILA, MST, SETU-PMFI, NEALA. A atividade tem como parceiros: Parque Nacional do Igua\u00e7u, ICMBio, Urbia Cataratas e Itaipu.<\/p>\n<p>&nbsp;<\/p>\n<p>&nbsp;<\/p>\n","protected":false},"excerpt":{"rendered":"<p>Atividade acontece na UNILA na \u00faltima semana de outubro e re\u00fane pesquisadores, especialistas, povos origin\u00e1rios e movimentos sociais<\/p>\n","protected":false},"featured_media":8079,"template":"","categorias_noticias":[3,4,13],"class_list":["post-8078","noticias","type-noticias","status-publish","has-post-thumbnail","hentry","categorias_noticias-cultural","categorias_noticias-eventos","categorias_noticias-noticias"],"acf":[],"yoast_head":"<!-- This site is optimized with the Yoast SEO plugin v27.2 - https:\/\/yoast.com\/product\/yoast-seo-wordpress\/ -->\n<title>Representantes do ICPJ e do MPA v\u00e3o participar de semin\u00e1rio internacional em Foz do Igua\u00e7u sobre o Caminho do Paebiru - Instituto Cultural Padre Josimo<\/title>\n<meta name=\"robots\" content=\"index, follow, max-snippet:-1, max-image-preview:large, max-video-preview:-1\" \/>\n<link rel=\"canonical\" href=\"https:\/\/padrejosimo.com.br\/site\/noticias\/representantes-do-icpj-e-do-mpa-vao-participar-de-seminario-internacional-em-foz-do-iguacu-sobre-o-caminho-do-paebiru\/\" \/>\n<meta property=\"og:locale\" content=\"pt_BR\" \/>\n<meta property=\"og:type\" content=\"article\" \/>\n<meta property=\"og:title\" content=\"Representantes do ICPJ e do MPA v\u00e3o participar de semin\u00e1rio internacional em Foz do Igua\u00e7u sobre o Caminho do Paebiru - Instituto Cultural Padre Josimo\" \/>\n<meta property=\"og:description\" content=\"Atividade acontece na UNILA na \u00faltima semana de outubro e re\u00fane pesquisadores, especialistas, povos origin\u00e1rios e movimentos sociais\" \/>\n<meta property=\"og:url\" content=\"https:\/\/padrejosimo.com.br\/site\/noticias\/representantes-do-icpj-e-do-mpa-vao-participar-de-seminario-internacional-em-foz-do-iguacu-sobre-o-caminho-do-paebiru\/\" \/>\n<meta property=\"og:site_name\" content=\"Instituto Cultural Padre Josimo\" \/>\n<meta property=\"article:modified_time\" content=\"2025-10-09T17:52:36+00:00\" \/>\n<meta property=\"og:image\" content=\"https:\/\/padrejosimo.com.br\/site\/wp-content\/uploads\/2025\/10\/SEMINARIO-PEABIRU-IMAGEM-HORIZONTAL-scaled.jpg\" \/>\n\t<meta property=\"og:image:width\" content=\"2560\" \/>\n\t<meta property=\"og:image:height\" content=\"1813\" \/>\n\t<meta property=\"og:image:type\" content=\"image\/jpeg\" \/>\n<meta name=\"twitter:card\" content=\"summary_large_image\" \/>\n<meta name=\"twitter:label1\" content=\"Est. tempo de leitura\" \/>\n\t<meta name=\"twitter:data1\" content=\"9 minutos\" \/>\n<script type=\"application\/ld+json\" class=\"yoast-schema-graph\">{\"@context\":\"https:\/\/schema.org\",\"@graph\":[{\"@type\":\"WebPage\",\"@id\":\"https:\/\/padrejosimo.com.br\/site\/noticias\/representantes-do-icpj-e-do-mpa-vao-participar-de-seminario-internacional-em-foz-do-iguacu-sobre-o-caminho-do-paebiru\/\",\"url\":\"https:\/\/padrejosimo.com.br\/site\/noticias\/representantes-do-icpj-e-do-mpa-vao-participar-de-seminario-internacional-em-foz-do-iguacu-sobre-o-caminho-do-paebiru\/\",\"name\":\"Representantes do ICPJ e do MPA v\u00e3o participar de semin\u00e1rio internacional em Foz do Igua\u00e7u sobre o Caminho do Paebiru - Instituto Cultural Padre Josimo\",\"isPartOf\":{\"@id\":\"https:\/\/padrejosimo.com.br\/site\/#website\"},\"primaryImageOfPage\":{\"@id\":\"https:\/\/padrejosimo.com.br\/site\/noticias\/representantes-do-icpj-e-do-mpa-vao-participar-de-seminario-internacional-em-foz-do-iguacu-sobre-o-caminho-do-paebiru\/#primaryimage\"},\"image\":{\"@id\":\"https:\/\/padrejosimo.com.br\/site\/noticias\/representantes-do-icpj-e-do-mpa-vao-participar-de-seminario-internacional-em-foz-do-iguacu-sobre-o-caminho-do-paebiru\/#primaryimage\"},\"thumbnailUrl\":\"https:\/\/padrejosimo.com.br\/site\/wp-content\/uploads\/2025\/10\/SEMINARIO-PEABIRU-IMAGEM-HORIZONTAL-scaled.jpg\",\"datePublished\":\"2025-10-09T00:27:18+00:00\",\"dateModified\":\"2025-10-09T17:52:36+00:00\",\"breadcrumb\":{\"@id\":\"https:\/\/padrejosimo.com.br\/site\/noticias\/representantes-do-icpj-e-do-mpa-vao-participar-de-seminario-internacional-em-foz-do-iguacu-sobre-o-caminho-do-paebiru\/#breadcrumb\"},\"inLanguage\":\"pt-BR\",\"potentialAction\":[{\"@type\":\"ReadAction\",\"target\":[\"https:\/\/padrejosimo.com.br\/site\/noticias\/representantes-do-icpj-e-do-mpa-vao-participar-de-seminario-internacional-em-foz-do-iguacu-sobre-o-caminho-do-paebiru\/\"]}]},{\"@type\":\"ImageObject\",\"inLanguage\":\"pt-BR\",\"@id\":\"https:\/\/padrejosimo.com.br\/site\/noticias\/representantes-do-icpj-e-do-mpa-vao-participar-de-seminario-internacional-em-foz-do-iguacu-sobre-o-caminho-do-paebiru\/#primaryimage\",\"url\":\"https:\/\/padrejosimo.com.br\/site\/wp-content\/uploads\/2025\/10\/SEMINARIO-PEABIRU-IMAGEM-HORIZONTAL-scaled.jpg\",\"contentUrl\":\"https:\/\/padrejosimo.com.br\/site\/wp-content\/uploads\/2025\/10\/SEMINARIO-PEABIRU-IMAGEM-HORIZONTAL-scaled.jpg\",\"width\":2560,\"height\":1813},{\"@type\":\"BreadcrumbList\",\"@id\":\"https:\/\/padrejosimo.com.br\/site\/noticias\/representantes-do-icpj-e-do-mpa-vao-participar-de-seminario-internacional-em-foz-do-iguacu-sobre-o-caminho-do-paebiru\/#breadcrumb\",\"itemListElement\":[{\"@type\":\"ListItem\",\"position\":1,\"name\":\"In\u00edcio\",\"item\":\"https:\/\/padrejosimo.com.br\/site\/\"},{\"@type\":\"ListItem\",\"position\":2,\"name\":\"Not\u00edcias\",\"item\":\"https:\/\/padrejosimo.com.br\/site\/noticias\/\"},{\"@type\":\"ListItem\",\"position\":3,\"name\":\"Representantes do ICPJ e do MPA v\u00e3o participar de semin\u00e1rio internacional em Foz do Igua\u00e7u sobre o Caminho do Paebiru\"}]},{\"@type\":\"WebSite\",\"@id\":\"https:\/\/padrejosimo.com.br\/site\/#website\",\"url\":\"https:\/\/padrejosimo.com.br\/site\/\",\"name\":\"Instituto Cultural Padre Josimo\",\"description\":\"Comprometida com a promo\u00e7\u00e3o da justi\u00e7a social, agroecologia e educa\u00e7\u00e3o popular\",\"publisher\":{\"@id\":\"https:\/\/padrejosimo.com.br\/site\/#organization\"},\"alternateName\":\"ICPJ\",\"potentialAction\":[{\"@type\":\"SearchAction\",\"target\":{\"@type\":\"EntryPoint\",\"urlTemplate\":\"https:\/\/padrejosimo.com.br\/site\/?s={search_term_string}\"},\"query-input\":{\"@type\":\"PropertyValueSpecification\",\"valueRequired\":true,\"valueName\":\"search_term_string\"}}],\"inLanguage\":\"pt-BR\"},{\"@type\":\"Organization\",\"@id\":\"https:\/\/padrejosimo.com.br\/site\/#organization\",\"name\":\"Instituto Cultural Padre Josimo\",\"alternateName\":\"ICPJ\",\"url\":\"https:\/\/padrejosimo.com.br\/site\/\",\"logo\":{\"@type\":\"ImageObject\",\"inLanguage\":\"pt-BR\",\"@id\":\"https:\/\/padrejosimo.com.br\/site\/#\/schema\/logo\/image\/\",\"url\":\"https:\/\/padrejosimo.com.br\/site\/wp-content\/uploads\/2025\/09\/cropped-icon-icpj.png\",\"contentUrl\":\"https:\/\/padrejosimo.com.br\/site\/wp-content\/uploads\/2025\/09\/cropped-icon-icpj.png\",\"width\":512,\"height\":512,\"caption\":\"Instituto Cultural Padre Josimo\"},\"image\":{\"@id\":\"https:\/\/padrejosimo.com.br\/site\/#\/schema\/logo\/image\/\"}}]}<\/script>\n<!-- \/ Yoast SEO plugin. -->","yoast_head_json":{"title":"Representantes do ICPJ e do MPA v\u00e3o participar de semin\u00e1rio internacional em Foz do Igua\u00e7u sobre o Caminho do Paebiru - Instituto Cultural Padre Josimo","robots":{"index":"index","follow":"follow","max-snippet":"max-snippet:-1","max-image-preview":"max-image-preview:large","max-video-preview":"max-video-preview:-1"},"canonical":"https:\/\/padrejosimo.com.br\/site\/noticias\/representantes-do-icpj-e-do-mpa-vao-participar-de-seminario-internacional-em-foz-do-iguacu-sobre-o-caminho-do-paebiru\/","og_locale":"pt_BR","og_type":"article","og_title":"Representantes do ICPJ e do MPA v\u00e3o participar de semin\u00e1rio internacional em Foz do Igua\u00e7u sobre o Caminho do Paebiru - Instituto Cultural Padre Josimo","og_description":"Atividade acontece na UNILA na \u00faltima semana de outubro e re\u00fane pesquisadores, especialistas, povos origin\u00e1rios e movimentos sociais","og_url":"https:\/\/padrejosimo.com.br\/site\/noticias\/representantes-do-icpj-e-do-mpa-vao-participar-de-seminario-internacional-em-foz-do-iguacu-sobre-o-caminho-do-paebiru\/","og_site_name":"Instituto Cultural Padre Josimo","article_modified_time":"2025-10-09T17:52:36+00:00","og_image":[{"width":2560,"height":1813,"url":"https:\/\/padrejosimo.com.br\/site\/wp-content\/uploads\/2025\/10\/SEMINARIO-PEABIRU-IMAGEM-HORIZONTAL-scaled.jpg","type":"image\/jpeg"}],"twitter_card":"summary_large_image","twitter_misc":{"Est. tempo de leitura":"9 minutos"},"schema":{"@context":"https:\/\/schema.org","@graph":[{"@type":"WebPage","@id":"https:\/\/padrejosimo.com.br\/site\/noticias\/representantes-do-icpj-e-do-mpa-vao-participar-de-seminario-internacional-em-foz-do-iguacu-sobre-o-caminho-do-paebiru\/","url":"https:\/\/padrejosimo.com.br\/site\/noticias\/representantes-do-icpj-e-do-mpa-vao-participar-de-seminario-internacional-em-foz-do-iguacu-sobre-o-caminho-do-paebiru\/","name":"Representantes do ICPJ e do MPA v\u00e3o participar de semin\u00e1rio internacional em Foz do Igua\u00e7u sobre o Caminho do Paebiru - Instituto Cultural Padre Josimo","isPartOf":{"@id":"https:\/\/padrejosimo.com.br\/site\/#website"},"primaryImageOfPage":{"@id":"https:\/\/padrejosimo.com.br\/site\/noticias\/representantes-do-icpj-e-do-mpa-vao-participar-de-seminario-internacional-em-foz-do-iguacu-sobre-o-caminho-do-paebiru\/#primaryimage"},"image":{"@id":"https:\/\/padrejosimo.com.br\/site\/noticias\/representantes-do-icpj-e-do-mpa-vao-participar-de-seminario-internacional-em-foz-do-iguacu-sobre-o-caminho-do-paebiru\/#primaryimage"},"thumbnailUrl":"https:\/\/padrejosimo.com.br\/site\/wp-content\/uploads\/2025\/10\/SEMINARIO-PEABIRU-IMAGEM-HORIZONTAL-scaled.jpg","datePublished":"2025-10-09T00:27:18+00:00","dateModified":"2025-10-09T17:52:36+00:00","breadcrumb":{"@id":"https:\/\/padrejosimo.com.br\/site\/noticias\/representantes-do-icpj-e-do-mpa-vao-participar-de-seminario-internacional-em-foz-do-iguacu-sobre-o-caminho-do-paebiru\/#breadcrumb"},"inLanguage":"pt-BR","potentialAction":[{"@type":"ReadAction","target":["https:\/\/padrejosimo.com.br\/site\/noticias\/representantes-do-icpj-e-do-mpa-vao-participar-de-seminario-internacional-em-foz-do-iguacu-sobre-o-caminho-do-paebiru\/"]}]},{"@type":"ImageObject","inLanguage":"pt-BR","@id":"https:\/\/padrejosimo.com.br\/site\/noticias\/representantes-do-icpj-e-do-mpa-vao-participar-de-seminario-internacional-em-foz-do-iguacu-sobre-o-caminho-do-paebiru\/#primaryimage","url":"https:\/\/padrejosimo.com.br\/site\/wp-content\/uploads\/2025\/10\/SEMINARIO-PEABIRU-IMAGEM-HORIZONTAL-scaled.jpg","contentUrl":"https:\/\/padrejosimo.com.br\/site\/wp-content\/uploads\/2025\/10\/SEMINARIO-PEABIRU-IMAGEM-HORIZONTAL-scaled.jpg","width":2560,"height":1813},{"@type":"BreadcrumbList","@id":"https:\/\/padrejosimo.com.br\/site\/noticias\/representantes-do-icpj-e-do-mpa-vao-participar-de-seminario-internacional-em-foz-do-iguacu-sobre-o-caminho-do-paebiru\/#breadcrumb","itemListElement":[{"@type":"ListItem","position":1,"name":"In\u00edcio","item":"https:\/\/padrejosimo.com.br\/site\/"},{"@type":"ListItem","position":2,"name":"Not\u00edcias","item":"https:\/\/padrejosimo.com.br\/site\/noticias\/"},{"@type":"ListItem","position":3,"name":"Representantes do ICPJ e do MPA v\u00e3o participar de semin\u00e1rio internacional em Foz do Igua\u00e7u sobre o Caminho do Paebiru"}]},{"@type":"WebSite","@id":"https:\/\/padrejosimo.com.br\/site\/#website","url":"https:\/\/padrejosimo.com.br\/site\/","name":"Instituto Cultural Padre Josimo","description":"Comprometida com a promo\u00e7\u00e3o da justi\u00e7a social, agroecologia e educa\u00e7\u00e3o popular","publisher":{"@id":"https:\/\/padrejosimo.com.br\/site\/#organization"},"alternateName":"ICPJ","potentialAction":[{"@type":"SearchAction","target":{"@type":"EntryPoint","urlTemplate":"https:\/\/padrejosimo.com.br\/site\/?s={search_term_string}"},"query-input":{"@type":"PropertyValueSpecification","valueRequired":true,"valueName":"search_term_string"}}],"inLanguage":"pt-BR"},{"@type":"Organization","@id":"https:\/\/padrejosimo.com.br\/site\/#organization","name":"Instituto Cultural Padre Josimo","alternateName":"ICPJ","url":"https:\/\/padrejosimo.com.br\/site\/","logo":{"@type":"ImageObject","inLanguage":"pt-BR","@id":"https:\/\/padrejosimo.com.br\/site\/#\/schema\/logo\/image\/","url":"https:\/\/padrejosimo.com.br\/site\/wp-content\/uploads\/2025\/09\/cropped-icon-icpj.png","contentUrl":"https:\/\/padrejosimo.com.br\/site\/wp-content\/uploads\/2025\/09\/cropped-icon-icpj.png","width":512,"height":512,"caption":"Instituto Cultural Padre Josimo"},"image":{"@id":"https:\/\/padrejosimo.com.br\/site\/#\/schema\/logo\/image\/"}}]}},"_links":{"self":[{"href":"https:\/\/padrejosimo.com.br\/site\/wp-json\/wp\/v2\/noticias\/8078","targetHints":{"allow":["GET"]}}],"collection":[{"href":"https:\/\/padrejosimo.com.br\/site\/wp-json\/wp\/v2\/noticias"}],"about":[{"href":"https:\/\/padrejosimo.com.br\/site\/wp-json\/wp\/v2\/types\/noticias"}],"wp:featuredmedia":[{"embeddable":true,"href":"https:\/\/padrejosimo.com.br\/site\/wp-json\/wp\/v2\/media\/8079"}],"wp:attachment":[{"href":"https:\/\/padrejosimo.com.br\/site\/wp-json\/wp\/v2\/media?parent=8078"}],"wp:term":[{"taxonomy":"categorias_noticias","embeddable":true,"href":"https:\/\/padrejosimo.com.br\/site\/wp-json\/wp\/v2\/categorias_noticias?post=8078"}],"curies":[{"name":"wp","href":"https:\/\/api.w.org\/{rel}","templated":true}]}}