{"id":7815,"date":"2025-09-05T07:03:36","date_gmt":"2025-09-05T10:03:36","guid":{"rendered":"https:\/\/padrejosimo.com.br\/site\/?post_type=noticias&#038;p=7815"},"modified":"2025-09-05T07:03:36","modified_gmt":"2025-09-05T10:03:36","slug":"dia-da-amazonia-sejamos-peregrinos-da-esperanca-da-casa-comum","status":"publish","type":"noticias","link":"https:\/\/padrejosimo.com.br\/site\/noticias\/dia-da-amazonia-sejamos-peregrinos-da-esperanca-da-casa-comum\/","title":{"rendered":"Dia da Amaz\u00f4nia: Sejamos peregrinos da Esperan\u00e7a da Casa Comum"},"content":{"rendered":"<p><img fetchpriority=\"high\" decoding=\"async\" class=\"size-large wp-image-7816 aligncenter\" src=\"https:\/\/padrejosimo.com.br\/site\/wp-content\/uploads\/2025\/09\/dia-da-amazonia-f-1024x538.webp\" alt=\"\" width=\"800\" height=\"420\" srcset=\"https:\/\/padrejosimo.com.br\/site\/wp-content\/uploads\/2025\/09\/dia-da-amazonia-f-1024x538.webp 1024w, https:\/\/padrejosimo.com.br\/site\/wp-content\/uploads\/2025\/09\/dia-da-amazonia-f-300x158.webp 300w, https:\/\/padrejosimo.com.br\/site\/wp-content\/uploads\/2025\/09\/dia-da-amazonia-f-768x403.webp 768w, https:\/\/padrejosimo.com.br\/site\/wp-content\/uploads\/2025\/09\/dia-da-amazonia-f.webp 1200w\" sizes=\"(max-width: 800px) 100vw, 800px\" \/><\/p>\n<blockquote>\n<p>&nbsp;<\/p>\n<p><em>Por: Pe. Renan Dantas \u2013 Diocese de Ju\u00edna \u2013 MT\u00a0 <\/em><\/p>\n<\/blockquote>\n<p>&nbsp;<\/p>\n<p>No cora\u00e7\u00e3o da Am\u00e9rica do Sul, a Amaz\u00f4nia se estende como um manto verde que cobre nove pa\u00edses, sendo o Brasil o guardi\u00e3o da maior parte desse territ\u00f3rio sagrado. No dia 5 de setembro, celebramos o Dia da Amaz\u00f4nia, n\u00e3o apenas como um marco ambiental, mas como uma data que nos convoca a olhar para esse bioma estrat\u00e9gico com rever\u00eancia, cuidado e compromisso.<\/p>\n<p>A Amaz\u00f4nia \u00e9 mais que floresta: \u00e9 morada de povos origin\u00e1rios, santu\u00e1rio de biodiversidade e espa\u00e7o teol\u00f3gico onde se encontram f\u00e9, cultura e resist\u00eancia.<\/p>\n<p>&nbsp;<\/p>\n<h1>Amaz\u00f4nia como bioma vivo<\/h1>\n<p>Com cerca de 5,5 milh\u00f5es de km\u00b2, a Amaz\u00f4nia \u00e9 considerada a maior floresta tropical do planeta, respons\u00e1vel por regular o clima global e abrigar 10% de toda a biodiversidade conhecida. Seus rios \u2014 entre eles o majestoso Amazonas \u2014 carregam 20% da \u00e1gua doce superficial da Terra.<\/p>\n<p>Mas essa imensid\u00e3o n\u00e3o \u00e9 apenas riqueza natural. Para milh\u00f5es de ind\u00edgenas, ribeirinhos e extrativistas, a floresta \u00e9 casa, alimento e espiritualidade. Como dizia uma anci\u00e3 da etnia Munduruku: \u201cA mata \u00e9 m\u00e3e, o rio \u00e9 sangue, e sem eles n\u00e3o h\u00e1 vida para n\u00f3s.\u201d<\/p>\n<p>&nbsp;<\/p>\n<h1><a href=\"https:\/\/www.vatican.va\/content\/francesco\/pt\/apost_exhortations\/documents\/papa-francesco_esortazione-ap_20200202_querida-amazonia.html\">\u201c<\/a><a href=\"https:\/\/www.vatican.va\/content\/francesco\/pt\/apost_exhortations\/documents\/papa-francesco_esortazione-ap_20200202_querida-amazonia.html\">Querida Amaz\u00f4nia<\/a><a href=\"https:\/\/www.vatican.va\/content\/francesco\/pt\/apost_exhortations\/documents\/papa-francesco_esortazione-ap_20200202_querida-amazonia.html\">\u201d<\/a>: o sonho do papa francisco<\/h1>\n<p>Em fevereiro de 2020, ap\u00f3s o <a href=\"https:\/\/secretariat.synod.va\/content\/sinodoamazonico\/pt\/documentos\/documento-final-do-sinodo-para-a-amazonia.html\"><strong>S\u00ednodo para a Amaz\u00f4nia<\/strong><\/a><a href=\"https:\/\/secretariat.synod.va\/content\/sinodoamazonico\/pt\/documentos\/documento-final-do-sinodo-para-a-amazonia.html\"><strong>,<\/strong><\/a> o Papa Francisco publicou a exorta\u00e7\u00e3o apost\u00f3lica Querida Amaz\u00f4nia, um dos documentos mais significativos de seu pontificado.<\/p>\n<p>O Papa delineou quatro sonhos para a regi\u00e3o:<\/p>\n<ol>\n<li>Sonho social \u2013 justi\u00e7a para os mais pobres e respeito \u00e0s culturas ind\u00edgenas.<\/li>\n<li>Sonho cultural \u2013 valoriza\u00e7\u00e3o das tradi\u00e7\u00f5es e saberes ancestrais.<\/li>\n<li>Sonho ecol\u00f3gico \u2013 preserva\u00e7\u00e3o da floresta como patrim\u00f4nio da humanidade.<\/li>\n<li>Sonho eclesial \u2013 uma Igreja com rosto amaz\u00f4nico, encarnada na realidade local.<\/li>\n<\/ol>\n<p>Francisco lembrava que a Amaz\u00f4nia n\u00e3o \u00e9 apenas um \u201cpulm\u00e3o do mundo\u201d, mas um cora\u00e7\u00e3o espiritual que pulsa esperan\u00e7a para a Igreja e para a humanidade.<\/p>\n<p>&nbsp;<\/p>\n<h1>Papa Le\u00e3o XIV e a miss\u00e3o na amaz\u00f4nia<\/h1>\n<p>Em agosto de 2025, durante o Encontro de Bispos da Pan-Amaz\u00f4nia em Bogot\u00e1, convocado pela Confer\u00eancia Eclesial da Amaz\u00f4nia (CEAMA), o Papa Le\u00e3o XIV fez chegar sua mensagem aos mais de 90 bispos presentes, representando 76 jurisdi\u00e7\u00f5es eclesi\u00e1sticas dos nove pa\u00edses amaz\u00f4nicos.<\/p>\n<p>No telegrama assinado pelo cardeal Pietro Parolin, Secret\u00e1rio de Estado, o Papa afirmou:<\/p>\n<p><em>\u201c\u00c9 necess\u00e1rio que Jesus Cristo, em quem se recapitulam todas as coisas, seja anunciado com clareza e imensa caridade entre os habitantes da Amaz\u00f4nia, de tal forma que temos de nos esfor\u00e7ar por lhes dar o p\u00e3o fresco e l\u00edmpido da Boa Nova e o alimento celeste da Eucaristia, \u00fanico meio para ser verdadeiramente o povo de Deus e o corpo de Cristo.\u201d <\/em><\/p>\n<p>Le\u00e3o XIV recordou tr\u00eas dimens\u00f5es insepar\u00e1veis da miss\u00e3o da Igreja na regi\u00e3o:<\/p>\n<ul>\n<li>o an\u00fancio do Evangelho,<\/li>\n<li>o tratamento justo aos povos que ali habitam,<\/li>\n<li>e o cuidado da Casa Comum.<\/li>\n<\/ul>\n<p>A mensagem concluiu com uma exorta\u00e7\u00e3o: que ningu\u00e9m destrua irresponsavelmente os bens naturais que falam da bondade do Criador, pois a cria\u00e7\u00e3o \u00e9 dom confiado a n\u00f3s para o louvor a Deus e a salva\u00e7\u00e3o das almas.<\/p>\n<p>&nbsp;<\/p>\n<h1>M\u00e1rtires da Amaz\u00f4nia<\/h1>\n<p>O Dia da Amaz\u00f4nia tamb\u00e9m \u00e9 mem\u00f3ria viva daqueles que entregaram suas vidas pela floresta e pelos povos. S\u00e3o mulheres e homens que se tornaram m\u00e1rtires da esperan\u00e7a:<\/p>\n<ul>\n<li>Irm\u00e3 Dorothy Stang (1931-2005) \u2013 Mission\u00e1ria de Notre Dame, assassinada em Anapu (PA) por defender pequenos agricultores e projetos de extrativismo sustent\u00e1vel. Sua \u00faltima frase ecoa: \u201cA floresta \u00e9 nossa vida.\u201d<\/li>\n<li>Dom Pedro Casald\u00e1liga (1928-2020) \u2013 Bispo da Prelazia de S\u00e3o F\u00e9lix do Araguaia (MT). Conhecido como \u201cprofeta da Amaz\u00f4nia\u201d, enfrentou latif\u00fandios e denunciou a explora\u00e7\u00e3o ind\u00edgena. Viveu como m\u00e1rtir da palavra prof\u00e9tica.<\/li>\n<li>Ezequiel Ramin (1953-1985) \u2013 Mission\u00e1rio comboniano, morto em Rond\u00f4nia ao apoiar posseiros e ind\u00edgenas contra grileiros armados. Seu testemunho inspira at\u00e9 hoje jovens mission\u00e1rios.<\/li>\n<li>Irm\u00e3 Cleusa Carolina Rody Coelho (1953-1985) \u2013 Mission\u00e1ria da Consolata, assassinada em L\u00e1brea (AM) por defender o direito dos povos ind\u00edgenas ao territ\u00f3rio.<\/li>\n<li>Jo\u00e3o Bosco Penido Burnier (1917-1976) \u2013 Jesu\u00edta, baleado em Ribeir\u00e3o Cascalheira (MT), quando intercedia por camponeses torturados pela pol\u00edcia.<\/li>\n<li>Irm\u00e3o Vicente Ca\u00f1as (1944-1987) \u2013 Jesu\u00edta espanhol, chamado Kiwxi pelos Enawen\u00ea-Naw\u00ea (MT), entre os quais viveu e se tornou parte da comunidade. Foi brutalmente assassinado por defender os direitos territoriais dos ind\u00edgenas frente \u00e0 invas\u00e3o de grileiros e fazendeiros. Sua vida foi sinal de alian\u00e7a profunda entre a Igreja e os povos origin\u00e1rios.<\/li>\n<\/ul>\n<p>Esses nomes se somam a tantos an\u00f4nimos: lideran\u00e7as ind\u00edgenas, seringueiros e defensores da floresta. O sangue derramado se tornou semente de vida e justi\u00e7a, lembrando que a luta pela Amaz\u00f4nia n\u00e3o \u00e9 apenas ecol\u00f3gica, mas profundamente evang\u00e9lica.<\/p>\n<p>&nbsp;<\/p>\n<h1>Desafios e preserva\u00e7\u00e3o<\/h1>\n<p>Apesar de avan\u00e7os recentes no combate ao desmatamento, os n\u00fameros ainda preocupam. Entre agosto de 2024 e julho de 2025, o sistema DETER registrou 4.495 km\u00b2 de \u00e1rea sob alerta de desmatamento \u2014 o segundo menor \u00edndice da s\u00e9rie hist\u00f3rica, mas ainda alarmante diante da gravidade da perda florestal.<\/p>\n<p>Em maio de 2025, um salto brusco: o desmatamento cresceu 92% em rela\u00e7\u00e3o ao mesmo m\u00eas do ano anterior, alcan\u00e7ando 960 km\u00b2 destru\u00eddos em apenas 30 dias. Esse aumento foi impulsionado por inc\u00eandios e pela press\u00e3o de atividades ilegais.<\/p>\n<p>Cientistas como Carlos Nobre alertam que, se o desmatamento alcan\u00e7ar entre 20% e 25% da floresta, a Amaz\u00f4nia poder\u00e1 chegar a um ponto de n\u00e3o retorno, transformando-se em savana \u2014 com impactos irrevers\u00edveis no clima global.<\/p>\n<p>Mais que uma preocupa\u00e7\u00e3o ambiental, a Amaz\u00f4nia \u00e9 um lugar teol\u00f3gico e espiritual, Casa Comum da humanidade, como recorda <strong>a <\/strong><a href=\"https:\/\/www.vatican.va\/content\/francesco\/pt\/encyclicals\/documents\/papa-francesco_20150524_enciclica-laudato-si.html\"><strong>enc\u00edclica<\/strong><\/a> <a href=\"https:\/\/www.vatican.va\/content\/francesco\/pt\/encyclicals\/documents\/papa-francesco_20150524_enciclica-laudato-si.html\"><strong>Laudato Si\u2019.<\/strong><\/a><\/p>\n<p>Para a Igreja, defender a floresta \u00e9 parte da miss\u00e3o de cuidar da cria\u00e7\u00e3o. Os povos ind\u00edgenas, com sua espiritualidade enraizada na terra, ensinam um caminho de conviv\u00eancia respeitosa com a natureza. Sua vis\u00e3o dialoga com a f\u00e9 crist\u00e3, que v\u00ea no mundo criado um reflexo da bondade de Deus.<\/p>\n<p>O 5 de setembro n\u00e3o \u00e9 apenas uma data comemorativa, mas um chamado \u00e0 a\u00e7\u00e3o. \u00c9 o convite a celebrar a vida que brota da floresta, a honrar o testemunho dos m\u00e1rtires e a renovar o compromisso de preserva\u00e7\u00e3o.<\/p>\n<p>A Amaz\u00f4nia, \u00e9 um dom para toda a humanidade. Preserv\u00e1-la \u00e9 responder \u00e0 voz de Deus que ecoa na selva, nos rios e nas comunidades que ali resistem.<\/p>\n<p>Neste Dia da Amaz\u00f4nia, ressoa o apelo de Francisco em Querida Amaz\u00f4nia:<\/p>\n<p><em>\u201cSonho com uma Amaz\u00f4nia que lute pelos direitos dos mais pobres, que preserve sua riqueza cultural, que guarde sua beleza natural e que seja tamb\u00e9m lugar de novos caminhos para a Igreja.\u201d <\/em><\/p>\n<p>E ecoa tamb\u00e9m a voz de Le\u00e3o XIV, que convida a Igreja a anunciar Jesus com clareza e caridade, cuidando da Casa Comum como dom confiado pelo Pai.\u00a0<\/p>\n","protected":false},"excerpt":{"rendered":"<p>5 de setembro, uma data que nos convoca a olhar para esse bioma estrat\u00e9gico com rever\u00eancia, cuidado e compromisso.<\/p>\n","protected":false},"featured_media":7816,"template":"","categorias_noticias":[5],"class_list":["post-7815","noticias","type-noticias","status-publish","has-post-thumbnail","hentry","categorias_noticias-meio-ambiente"],"acf":[],"yoast_head":"<!-- This site is optimized with the Yoast SEO plugin v27.2 - https:\/\/yoast.com\/product\/yoast-seo-wordpress\/ -->\n<title>Dia da Amaz\u00f4nia: Sejamos peregrinos da Esperan\u00e7a da Casa Comum - Instituto Cultural Padre Josimo<\/title>\n<meta name=\"robots\" content=\"index, follow, max-snippet:-1, max-image-preview:large, max-video-preview:-1\" \/>\n<link rel=\"canonical\" href=\"https:\/\/padrejosimo.com.br\/site\/noticias\/dia-da-amazonia-sejamos-peregrinos-da-esperanca-da-casa-comum\/\" \/>\n<meta property=\"og:locale\" content=\"pt_BR\" \/>\n<meta property=\"og:type\" content=\"article\" \/>\n<meta property=\"og:title\" content=\"Dia da Amaz\u00f4nia: Sejamos peregrinos da Esperan\u00e7a da Casa Comum - Instituto Cultural Padre Josimo\" \/>\n<meta property=\"og:description\" content=\"5 de setembro, uma data que nos convoca a olhar para esse bioma estrat\u00e9gico com rever\u00eancia, cuidado e compromisso.\" \/>\n<meta property=\"og:url\" content=\"https:\/\/padrejosimo.com.br\/site\/noticias\/dia-da-amazonia-sejamos-peregrinos-da-esperanca-da-casa-comum\/\" \/>\n<meta property=\"og:site_name\" content=\"Instituto Cultural Padre Josimo\" \/>\n<meta property=\"og:image\" content=\"https:\/\/padrejosimo.com.br\/site\/wp-content\/uploads\/2025\/09\/dia-da-amazonia-f.webp\" \/>\n\t<meta property=\"og:image:width\" content=\"1200\" \/>\n\t<meta property=\"og:image:height\" content=\"630\" \/>\n\t<meta property=\"og:image:type\" content=\"image\/webp\" \/>\n<meta name=\"twitter:card\" content=\"summary_large_image\" \/>\n<meta name=\"twitter:label1\" content=\"Est. tempo de leitura\" \/>\n\t<meta name=\"twitter:data1\" content=\"6 minutos\" \/>\n<script type=\"application\/ld+json\" class=\"yoast-schema-graph\">{\"@context\":\"https:\/\/schema.org\",\"@graph\":[{\"@type\":\"WebPage\",\"@id\":\"https:\/\/padrejosimo.com.br\/site\/noticias\/dia-da-amazonia-sejamos-peregrinos-da-esperanca-da-casa-comum\/\",\"url\":\"https:\/\/padrejosimo.com.br\/site\/noticias\/dia-da-amazonia-sejamos-peregrinos-da-esperanca-da-casa-comum\/\",\"name\":\"Dia da Amaz\u00f4nia: Sejamos peregrinos da Esperan\u00e7a da Casa Comum - Instituto Cultural Padre Josimo\",\"isPartOf\":{\"@id\":\"https:\/\/padrejosimo.com.br\/site\/#website\"},\"primaryImageOfPage\":{\"@id\":\"https:\/\/padrejosimo.com.br\/site\/noticias\/dia-da-amazonia-sejamos-peregrinos-da-esperanca-da-casa-comum\/#primaryimage\"},\"image\":{\"@id\":\"https:\/\/padrejosimo.com.br\/site\/noticias\/dia-da-amazonia-sejamos-peregrinos-da-esperanca-da-casa-comum\/#primaryimage\"},\"thumbnailUrl\":\"https:\/\/padrejosimo.com.br\/site\/wp-content\/uploads\/2025\/09\/dia-da-amazonia-f.webp\",\"datePublished\":\"2025-09-05T10:03:36+00:00\",\"breadcrumb\":{\"@id\":\"https:\/\/padrejosimo.com.br\/site\/noticias\/dia-da-amazonia-sejamos-peregrinos-da-esperanca-da-casa-comum\/#breadcrumb\"},\"inLanguage\":\"pt-BR\",\"potentialAction\":[{\"@type\":\"ReadAction\",\"target\":[\"https:\/\/padrejosimo.com.br\/site\/noticias\/dia-da-amazonia-sejamos-peregrinos-da-esperanca-da-casa-comum\/\"]}]},{\"@type\":\"ImageObject\",\"inLanguage\":\"pt-BR\",\"@id\":\"https:\/\/padrejosimo.com.br\/site\/noticias\/dia-da-amazonia-sejamos-peregrinos-da-esperanca-da-casa-comum\/#primaryimage\",\"url\":\"https:\/\/padrejosimo.com.br\/site\/wp-content\/uploads\/2025\/09\/dia-da-amazonia-f.webp\",\"contentUrl\":\"https:\/\/padrejosimo.com.br\/site\/wp-content\/uploads\/2025\/09\/dia-da-amazonia-f.webp\",\"width\":1200,\"height\":630},{\"@type\":\"BreadcrumbList\",\"@id\":\"https:\/\/padrejosimo.com.br\/site\/noticias\/dia-da-amazonia-sejamos-peregrinos-da-esperanca-da-casa-comum\/#breadcrumb\",\"itemListElement\":[{\"@type\":\"ListItem\",\"position\":1,\"name\":\"In\u00edcio\",\"item\":\"https:\/\/padrejosimo.com.br\/site\/\"},{\"@type\":\"ListItem\",\"position\":2,\"name\":\"Not\u00edcias\",\"item\":\"https:\/\/padrejosimo.com.br\/site\/noticias\/\"},{\"@type\":\"ListItem\",\"position\":3,\"name\":\"Dia da Amaz\u00f4nia: Sejamos peregrinos da Esperan\u00e7a da Casa Comum\"}]},{\"@type\":\"WebSite\",\"@id\":\"https:\/\/padrejosimo.com.br\/site\/#website\",\"url\":\"https:\/\/padrejosimo.com.br\/site\/\",\"name\":\"Instituto Cultural Padre Josimo\",\"description\":\"Comprometida com a promo\u00e7\u00e3o da justi\u00e7a social, agroecologia e educa\u00e7\u00e3o popular\",\"publisher\":{\"@id\":\"https:\/\/padrejosimo.com.br\/site\/#organization\"},\"alternateName\":\"ICPJ\",\"potentialAction\":[{\"@type\":\"SearchAction\",\"target\":{\"@type\":\"EntryPoint\",\"urlTemplate\":\"https:\/\/padrejosimo.com.br\/site\/?s={search_term_string}\"},\"query-input\":{\"@type\":\"PropertyValueSpecification\",\"valueRequired\":true,\"valueName\":\"search_term_string\"}}],\"inLanguage\":\"pt-BR\"},{\"@type\":\"Organization\",\"@id\":\"https:\/\/padrejosimo.com.br\/site\/#organization\",\"name\":\"Instituto Cultural Padre Josimo\",\"alternateName\":\"ICPJ\",\"url\":\"https:\/\/padrejosimo.com.br\/site\/\",\"logo\":{\"@type\":\"ImageObject\",\"inLanguage\":\"pt-BR\",\"@id\":\"https:\/\/padrejosimo.com.br\/site\/#\/schema\/logo\/image\/\",\"url\":\"https:\/\/padrejosimo.com.br\/site\/wp-content\/uploads\/2025\/09\/cropped-icon-icpj.png\",\"contentUrl\":\"https:\/\/padrejosimo.com.br\/site\/wp-content\/uploads\/2025\/09\/cropped-icon-icpj.png\",\"width\":512,\"height\":512,\"caption\":\"Instituto Cultural Padre Josimo\"},\"image\":{\"@id\":\"https:\/\/padrejosimo.com.br\/site\/#\/schema\/logo\/image\/\"}}]}<\/script>\n<!-- \/ Yoast SEO plugin. -->","yoast_head_json":{"title":"Dia da Amaz\u00f4nia: Sejamos peregrinos da Esperan\u00e7a da Casa Comum - Instituto Cultural Padre Josimo","robots":{"index":"index","follow":"follow","max-snippet":"max-snippet:-1","max-image-preview":"max-image-preview:large","max-video-preview":"max-video-preview:-1"},"canonical":"https:\/\/padrejosimo.com.br\/site\/noticias\/dia-da-amazonia-sejamos-peregrinos-da-esperanca-da-casa-comum\/","og_locale":"pt_BR","og_type":"article","og_title":"Dia da Amaz\u00f4nia: Sejamos peregrinos da Esperan\u00e7a da Casa Comum - Instituto Cultural Padre Josimo","og_description":"5 de setembro, uma data que nos convoca a olhar para esse bioma estrat\u00e9gico com rever\u00eancia, cuidado e compromisso.","og_url":"https:\/\/padrejosimo.com.br\/site\/noticias\/dia-da-amazonia-sejamos-peregrinos-da-esperanca-da-casa-comum\/","og_site_name":"Instituto Cultural Padre Josimo","og_image":[{"width":1200,"height":630,"url":"https:\/\/padrejosimo.com.br\/site\/wp-content\/uploads\/2025\/09\/dia-da-amazonia-f.webp","type":"image\/webp"}],"twitter_card":"summary_large_image","twitter_misc":{"Est. tempo de leitura":"6 minutos"},"schema":{"@context":"https:\/\/schema.org","@graph":[{"@type":"WebPage","@id":"https:\/\/padrejosimo.com.br\/site\/noticias\/dia-da-amazonia-sejamos-peregrinos-da-esperanca-da-casa-comum\/","url":"https:\/\/padrejosimo.com.br\/site\/noticias\/dia-da-amazonia-sejamos-peregrinos-da-esperanca-da-casa-comum\/","name":"Dia da Amaz\u00f4nia: Sejamos peregrinos da Esperan\u00e7a da Casa Comum - Instituto Cultural Padre Josimo","isPartOf":{"@id":"https:\/\/padrejosimo.com.br\/site\/#website"},"primaryImageOfPage":{"@id":"https:\/\/padrejosimo.com.br\/site\/noticias\/dia-da-amazonia-sejamos-peregrinos-da-esperanca-da-casa-comum\/#primaryimage"},"image":{"@id":"https:\/\/padrejosimo.com.br\/site\/noticias\/dia-da-amazonia-sejamos-peregrinos-da-esperanca-da-casa-comum\/#primaryimage"},"thumbnailUrl":"https:\/\/padrejosimo.com.br\/site\/wp-content\/uploads\/2025\/09\/dia-da-amazonia-f.webp","datePublished":"2025-09-05T10:03:36+00:00","breadcrumb":{"@id":"https:\/\/padrejosimo.com.br\/site\/noticias\/dia-da-amazonia-sejamos-peregrinos-da-esperanca-da-casa-comum\/#breadcrumb"},"inLanguage":"pt-BR","potentialAction":[{"@type":"ReadAction","target":["https:\/\/padrejosimo.com.br\/site\/noticias\/dia-da-amazonia-sejamos-peregrinos-da-esperanca-da-casa-comum\/"]}]},{"@type":"ImageObject","inLanguage":"pt-BR","@id":"https:\/\/padrejosimo.com.br\/site\/noticias\/dia-da-amazonia-sejamos-peregrinos-da-esperanca-da-casa-comum\/#primaryimage","url":"https:\/\/padrejosimo.com.br\/site\/wp-content\/uploads\/2025\/09\/dia-da-amazonia-f.webp","contentUrl":"https:\/\/padrejosimo.com.br\/site\/wp-content\/uploads\/2025\/09\/dia-da-amazonia-f.webp","width":1200,"height":630},{"@type":"BreadcrumbList","@id":"https:\/\/padrejosimo.com.br\/site\/noticias\/dia-da-amazonia-sejamos-peregrinos-da-esperanca-da-casa-comum\/#breadcrumb","itemListElement":[{"@type":"ListItem","position":1,"name":"In\u00edcio","item":"https:\/\/padrejosimo.com.br\/site\/"},{"@type":"ListItem","position":2,"name":"Not\u00edcias","item":"https:\/\/padrejosimo.com.br\/site\/noticias\/"},{"@type":"ListItem","position":3,"name":"Dia da Amaz\u00f4nia: Sejamos peregrinos da Esperan\u00e7a da Casa Comum"}]},{"@type":"WebSite","@id":"https:\/\/padrejosimo.com.br\/site\/#website","url":"https:\/\/padrejosimo.com.br\/site\/","name":"Instituto Cultural Padre Josimo","description":"Comprometida com a promo\u00e7\u00e3o da justi\u00e7a social, agroecologia e educa\u00e7\u00e3o popular","publisher":{"@id":"https:\/\/padrejosimo.com.br\/site\/#organization"},"alternateName":"ICPJ","potentialAction":[{"@type":"SearchAction","target":{"@type":"EntryPoint","urlTemplate":"https:\/\/padrejosimo.com.br\/site\/?s={search_term_string}"},"query-input":{"@type":"PropertyValueSpecification","valueRequired":true,"valueName":"search_term_string"}}],"inLanguage":"pt-BR"},{"@type":"Organization","@id":"https:\/\/padrejosimo.com.br\/site\/#organization","name":"Instituto Cultural Padre Josimo","alternateName":"ICPJ","url":"https:\/\/padrejosimo.com.br\/site\/","logo":{"@type":"ImageObject","inLanguage":"pt-BR","@id":"https:\/\/padrejosimo.com.br\/site\/#\/schema\/logo\/image\/","url":"https:\/\/padrejosimo.com.br\/site\/wp-content\/uploads\/2025\/09\/cropped-icon-icpj.png","contentUrl":"https:\/\/padrejosimo.com.br\/site\/wp-content\/uploads\/2025\/09\/cropped-icon-icpj.png","width":512,"height":512,"caption":"Instituto Cultural Padre Josimo"},"image":{"@id":"https:\/\/padrejosimo.com.br\/site\/#\/schema\/logo\/image\/"}}]}},"_links":{"self":[{"href":"https:\/\/padrejosimo.com.br\/site\/wp-json\/wp\/v2\/noticias\/7815","targetHints":{"allow":["GET"]}}],"collection":[{"href":"https:\/\/padrejosimo.com.br\/site\/wp-json\/wp\/v2\/noticias"}],"about":[{"href":"https:\/\/padrejosimo.com.br\/site\/wp-json\/wp\/v2\/types\/noticias"}],"wp:featuredmedia":[{"embeddable":true,"href":"https:\/\/padrejosimo.com.br\/site\/wp-json\/wp\/v2\/media\/7816"}],"wp:attachment":[{"href":"https:\/\/padrejosimo.com.br\/site\/wp-json\/wp\/v2\/media?parent=7815"}],"wp:term":[{"taxonomy":"categorias_noticias","embeddable":true,"href":"https:\/\/padrejosimo.com.br\/site\/wp-json\/wp\/v2\/categorias_noticias?post=7815"}],"curies":[{"name":"wp","href":"https:\/\/api.w.org\/{rel}","templated":true}]}}