{"id":7699,"date":"2025-09-03T05:08:33","date_gmt":"2025-09-03T08:08:33","guid":{"rendered":"https:\/\/padrejosimo.com.br\/site\/?post_type=noticias&#038;p=7699"},"modified":"2025-09-03T05:15:55","modified_gmt":"2025-09-03T08:15:55","slug":"dom-jayme-henrique-chemello-a-perda-de-um-amigo","status":"publish","type":"noticias","link":"https:\/\/padrejosimo.com.br\/site\/noticias\/dom-jayme-henrique-chemello-a-perda-de-um-amigo\/","title":{"rendered":"Dom Jayme Henrique Chemello: A perda de um amigo"},"content":{"rendered":"<h3>O povo de Deus da fra\u00e7\u00e3o da Arquidiocese de Pelotas perdeu mais do que um bispo, pastor, mestre: perdeu um grande irm\u00e3o e amigo mais velho.<\/h3>\n<blockquote>\n<p><strong>J\u00falio L\u00e1zaro Torma<\/strong><\/p>\n<\/blockquote>\n<p><img fetchpriority=\"high\" decoding=\"async\" class=\"size-full wp-image-7700 aligncenter\" src=\"https:\/\/padrejosimo.com.br\/site\/wp-content\/uploads\/2025\/09\/WhatsApp-Image-2025-09-03-at-04.58.07.jpeg\" alt=\"\" width=\"563\" height=\"339\" srcset=\"https:\/\/padrejosimo.com.br\/site\/wp-content\/uploads\/2025\/09\/WhatsApp-Image-2025-09-03-at-04.58.07.jpeg 563w, https:\/\/padrejosimo.com.br\/site\/wp-content\/uploads\/2025\/09\/WhatsApp-Image-2025-09-03-at-04.58.07-300x181.jpeg 300w\" sizes=\"(max-width: 563px) 100vw, 563px\" \/><\/p>\n<p>\u00a0<em>&#8220;Vim para que todos tenham vida&#8230;&#8221; <\/em><\/p>\n<p>\u00a0(Jo\u00e3o 10,10)<\/p>\n<p>No dia de hoje, 29 de agosto, sexta-feira, em que, como Igreja Cat\u00f3lica, celebramos liturgicamente o assassinato de S\u00e3o Jo\u00e3o Batista, &#8220;o precursor&#8221; ou o &#8220;\u00faltimo dos profetas&#8221; (Mc 6,14-29; Mt 14,1-12; Lc 9,7s; 3,19s), recebemos com pesar e consterna\u00e7\u00e3o, atrav\u00e9s do arcebispo Dom Jacinto Bergmann, a not\u00edcia da P\u00e1scoa de Dom Jayme Henrique Chemello, aos 93 anos, que nos comunicou o falecimento deste, ocorrido \u00e0s 6h50min desta manh\u00e3, no hospital universit\u00e1rio S\u00e3o Francisco de Paula, na cidade de Pelotas (RS). Dom Jayme foi bispo diocesano de Pelotas entre 1977 a 2009.<\/p>\n<p>Dom Jayme Henrique Chemello veio ao mundo em 28 de julho de 1932, no munic\u00edpio de S\u00e3o Marcos, na serra nordeste do Rio Grande do Sul, filho de Francisco Chemello e Isabel Menegat Chemello, recebeu o sacramento do batismo no dia 04 de setembro de 1932.<\/p>\n<p>No ano de 1942, \u00e9 nomeado o terceiro bispo diocesano, Dom Ant\u00f4nio Zattera (1899-1987), padre do clero diocesano de Caxias do Sul, natural de Garibaldi (RS), sucedendo Dom Joaquim Ferreira de Melo, vindo do Cear\u00e1 (14 de outubro de 1921 a julho de 1942). Dom Ant\u00f4nio Zattera faz uma promo\u00e7\u00e3o vocacional na regi\u00e3o de coloniza\u00e7\u00e3o italiana-alem\u00e3, em busca de candidatos para suprir o clero local de Pelotas, que abrangia um vasto territ\u00f3rio no sul do estado e extremo sul do Brasil, compreendendo as \u00e1reas das atuais dioceses de Bag\u00e9 e Rio Grande, uma regi\u00e3o ainda carente de voca\u00e7\u00f5es presbiterais, principalmente nativas da regi\u00e3o, No ano de 1945, ingressa no Semin\u00e1rio S\u00e3o Francisco de Paula, onde fez o ensino fundamental de 1945 a 1948 e o curso colegial de 1949 a 1958. Dom Ant\u00f4nio Zattera o envia para Buenos Aires, onde cursou Filosofia no Semin\u00e1rio Pontif\u00edcio entre 1952 a 1954, e Teologia na Pontif\u00edcia Faculdade de Teologia em Buenos Aires, de 1955 a 1958. Neste per\u00edodo, a arquidiocese portenha tinha como arcebispo primaz o primeiro cardeal da Am\u00e9rica Hisp\u00e2nica, o Cardeal Santiago Luiz Copello (1880-1967).<\/p>\n<p>No dia 16 de dezembro de 1958, na Igreja Matriz de S\u00e3o Marcos, \u00e9 ordenado presb\u00edtero por Dom Ant\u00f4nio Zattera. Ele escolheu o lema de vida: &#8220;Vim para que todos tenham vida&#8221; (Jo\u00e3o 10,10). Em 1958, \u00e9 designado vig\u00e1rio-cooperador da Catedral S\u00e3o Francisco de Paula, diretor diocesano de catequese, assistente da Juventude Universit\u00e1ria Cat\u00f3lica (JUC), da Juventude Estudantil Cat\u00f3lica (JEC), da Juventude Independente Cat\u00f3lica (JIC), do Movimento Familiar Crist\u00e3o (MFC) e dos escoteiros.<\/p>\n<p>Em 1959, deixou o cargo de cooperador da Catedral, permanecendo como assessor dos movimentos eclesiais, al\u00e9m de professor de Religi\u00e3o e Filosofia em col\u00e9gios da cidade, e capel\u00e3o do Col\u00e9gio Gonzaga.<\/p>\n<p>Em 1961, deixou a capelania do Col\u00e9gio Gonzaga e assumiu a coordena\u00e7\u00e3o diocesana de pastoral e a fun\u00e7\u00e3o de professor de Deontologia M\u00e9dica na UCPEL. Neste per\u00edodo, do pr\u00e9-golpe militar de 1964, atuou ao lado do Pe. Raul Domingos Farina (1927-2018) em um programa radiof\u00f4nico na R\u00e1dio Cultura (AM), da Frente Agr\u00e1ria Ga\u00facha (FAG), que visava \u00e0 conscientiza\u00e7\u00e3o dos pequenos agricultores familiares em cooperativas e sindicalismo. Por iniciativa da Igreja Cat\u00f3lica, nascem sindicatos de trabalhadores rurais nos munic\u00edpios de abrang\u00eancia da \u00e1rea pastoral da Diocese de Pelotas. Posteriormente em 1965, \u00e9 nomeado reitor do Semin\u00e1rio Diocesano S\u00e3o Francisco de Paula e auxiliar da coordena\u00e7\u00e3o de pastoral, permanecendo assistente do Movimento Familiar Crist\u00e3o.<\/p>\n<p>Diante das m\u00faltiplas tarefas de Dom Ant\u00f4nio Zattera, um grupo de colaboradores solicita ao n\u00fancio Dom Sebasti\u00e3o Baggio (1913-1993), no Rio de Janeiro (RJ), um bispo auxiliar. S\u00e3o citados os Monsenhores Ivo Lorscheiter (1927-2007), da Arquidiocese de Porto Alegre, e \u00c2ngelo F\u00e9lix Mugnol (1915-1982), da Diocese de Caxias do Sul. Ambos viriam a ser posteriormente bispos. Foi nomeado o Pe. \u00c2ngelo F\u00e9lix Mugnol (1915-1982). Dom \u00c2ngelo se torna bispo auxiliar de Dom Ant\u00f4nio Zattera (1966-1969), quando \u00e9 nomeado bispo diocesano de Bag\u00e9 (1969-1982). No mesmo ano, S\u00e3o Paulo VI o nomeia bispo auxiliar de Pelotas, com sede titular de Bisica. Foi ordenado bispo por Dom Ant\u00f4nio Zattera, sendo coordenantes o Cardeal Vicente Scherer (arcebispo de Porto Alegre) e Dom Benedito Zorzi, de Caxias do Sul. Na Catedral S\u00e3o Francisco de Paula, no dia 20 de abril de 1969, assumiu a fun\u00e7\u00e3o de bispo auxiliar da Diocese de Pelotas. Durante os anos de 1970, ajudou e protegeu os perseguidos pelo regime militar (1964-1984). Foi acusado pelos agentes repressivos de &#8220;ser comunista&#8221; e outros adjetivos.<\/p>\n<p>Paulo VI nomeou Chemello para ser bispo diocesano em 1977. Em 4 de novembro de 1977, tomou posse como bispo diocesano, sendo o quarto bispo de Pelotas. Nos dias 28 de janeiro a 13 de fevereiro de 1979, participou da III\u00aa Confer\u00eancia Geral do Episcopado Latino-Americano, em Puebla (M\u00e9xico), realizada dentro do Semin\u00e1rio Palafoxiano.<\/p>\n<p>Participou do n\u00facleo &#8220;Evangeliza\u00e7\u00e3o, Ideologia e Pol\u00edtica&#8221;, ao lado do Cardeal Silva Henr\u00edquez, do Chile, e outros. Desta experi\u00eancia mexicana, comovido pela devo\u00e7\u00e3o do povo mexicano \u00e0 &#8220;La Guadalupana&#8221;, vendo um paralelo entre a escravid\u00e3o ind\u00edgena no M\u00e9xico e a africana no Brasil, na \u00e1rea de sua diocese,\u00a0 Difunde a devo\u00e7\u00e3o de Nossa Senhora de Guadalupe e constr\u00f3i um santu\u00e1rio dedicado \u00e0 Virgem Morena. Preocupado com os jovens e os pobres, segue as Diretrizes de Puebla.<\/p>\n<p>Em 1981, fundou, com alguns casais, o Movimento Nazar\u00e9th para os jovens. Em 1982, temos as Miss\u00f5es Populares, que criam e organizam as Comunidades Eclesiais de Base nas par\u00f3quias, implanta as Pastorais da juventude (PJ) e sociais (rural, oper\u00e1ria, sa\u00fade, carcer\u00e1ria, do menor, crian\u00e7a, afro, Amor-Exigente) e funda a Caex. Apoia e estimula a C\u00e1ritas com a Feira da Fraternidade e o trabalho social e a dimens\u00e3o comunit\u00e1ria da Universidade Cat\u00f3lica de Pelotas (UCPEL), nas \u00e1reas perif\u00e9ricas de Pelotas e rurais dos munic\u00edpios de abrang\u00eancia. Amplia os programas radiof\u00f4nicos nas r\u00e1dios AM e FM: Tupanci, Pelotense, Universidade Cat\u00f3lica e Alfa. Apoia e visita os primeiros assentamentos da Reforma Agr\u00e1ria do MST na regi\u00e3o, assim como os projetos alternativos comunit\u00e1rios nas comunidades, os embri\u00f5es da Economia Popular Solid\u00e1ria. Estava sempre presente nas assembleias paroquiais, encontros diocesanos de mulheres, de juventude, das comunidades eclesiais de base e das pastorais, movimentos eclesiais, onde sempre celebrava, ao final, a missa.<\/p>\n<p>Entre 1988 a 1994, coordenou a Dimens\u00e3o Comunit\u00e1ria e Participativa da CNBB, no<\/p>\n<p>Setor de Voca\u00e7\u00f5es e Minist\u00e9rios. Organiza a Escola Diaconal Nei Passos. Se muda do Pal\u00e1cio Episcopal para o Semin\u00e1rio, para estar mais pr\u00f3ximo de seus seminaristas. Fundou o Instituto de Teologia Paulo VI e foi chanceler da Universidade Cat\u00f3lica de Pelotas.<\/p>\n<p>No ano de 1990, participou em Roma do S\u00ednodo dos Bispos sobre Forma\u00e7\u00e3o Sacerdotal. De 1991 a 1994, coordenou o Departamento de Voca\u00e7\u00f5es e Minist\u00e9rios do CELAM. Participa, entre os dias 12 a 28 de outubro de 1992, da IV Confer\u00eancia Episcopal Latino-Americana, em Santo Domingo (Rep. Dominicana), tendo forte destaque ao lado de Dom Luciano Mendes de Almeida (SJ).<\/p>\n<p>No ano de 1994, foi eleito vice-presidente da CNBB, ao lado do Cardeal Dom Lucas Moreira Neves. Participou do S\u00ednodo dos Bispos sobre Vida Consagrada, em Roma. Entre os dias 16 de novembro a 12 de dezembro de 1997, participou da Assembleia Especial do S\u00ednodo dos Bispos para a Am\u00e9rica, que teve lugar no Vaticano.<\/p>\n<p>Nos anos de 1995 a 2000, promoveu as Santas Miss\u00f5es Populares, em prepara\u00e7\u00e3o ao Ano Jubilar dos 2000 anos do nascimento de Jesus Cristo, que depois foi realizada entre os anos de 2005 a 2007.<\/p>\n<p>Em 1998, assumiu a presid\u00eancia da CNBB no posto de Dom Lucas Moreira Neves (OP), que fora chamado pelo Papa Jo\u00e3o Paulo II para ser prefeito da Congrega\u00e7\u00e3o para os Bispos. No ano de 1999, foi eleito presidente da CNBB para o mandato at\u00e9 2002.<\/p>\n<p>Sob seu pastoreio, foram criadas as par\u00f3quias Nossa Senhora Medianeira (1981), em Turu\u00e7u; Santa Tecla, no Cap\u00e3o do Le\u00e3o; Santo Ant\u00f4nio, no Laranjal (1983); S\u00e3o Crist\u00f3v\u00e3o (1985); Nosso Senhor do Bom Fim, no Morro Redondo (1988); e Nossa Senhora do Ros\u00e1rio de Cerrito (2007). E sediamos alguns eventos a n\u00edvel estadual, como os Encontros Estaduais de CEBs (1982 e 2008), Romarias da Terra (1988 e 2003) e a do Trabalhador (1993).<\/p>\n<p>Como presidente da CNBB, promoveu o curso para os novos bispos, que foi aprovado pelo conjunto do episcopado e pela Santa S\u00e9.<\/p>\n<p>Entre os anos de 2005 a 2011, foi presidente da Comiss\u00e3o Episcopal para a Amaz\u00f4nia, no Projeto de Evangeliza\u00e7\u00e3o da Amaz\u00f4nia da CNBB. No mesmo ano, foi presidente da comiss\u00e3o encarregada da prepara\u00e7\u00e3o da V\u00aa Confer\u00eancia Geral do Episcopado Latino-Americano e Caribenho no Brasil e delegado da CNBB no CELAM.<\/p>\n<p>Esteve na Ucr\u00e2nia, na regi\u00e3o da usina nuclear de Chernobyl, a convite da ONG Green Cross International, de Mikhail Gorbachev, e se encontrou com este no ano de 2005.<\/p>\n<p>Viu se concretizar, em 2008, o t\u00e9rmino do Santu\u00e1rio de Nossa Senhora de Guadalupe, como consolida\u00e7\u00e3o dessa devo\u00e7\u00e3o na metade sul do Rio Grande do Sul e no extremo sul do Brasil.<\/p>\n<p>Nos dias 13 a 31 de maio de 2007, participou da 5\u00aa Confer\u00eancia da CELAM, em Aparecida, como delegado da CNBB no CELAM.<\/p>\n<p>\u00a0 No dia 1\u00ba de julho de 2009, sua ren\u00fancia ao governo da Diocese de Pelotas foi aceita pelo Papa Bento XVI.<\/p>\n<p>Foi um grande pastor, que viveu as virtudes da f\u00e9, esperan\u00e7a e caridade. Um homem simples, humilde, discreto e de posi\u00e7\u00f5es firmes. Acima de tudo, amigo de todos e todas. Destacou-se por seu grande amor e zelo pastoral, homem do di\u00e1logo e do ecumenismo. A imagem de Jesus Bom Pastor (Jo\u00e3o 10), na qual se espelhou, com cheiro de ovelha e prega\u00e7\u00f5es carregadas de olhar comunit\u00e1rio e acolhimento, valorizando o papel do leigo e da leiga na Igreja e no mundo.<\/p>\n<p>Conhecia cada palmo da sua diocese, desde as \u00e1reas nobres, centro, periferia de Pelotas, ao litoral da Lagoa dos Patos at\u00e9 os mais distantes rinc\u00f5es de Herval, Cangu\u00e7u e Piratini. Suas falas simples e profundas, que eram entendidas tanto por um professor universit\u00e1rio quanto por um pe\u00e3o de fundo de est\u00e2ncia; do empres\u00e1rio, pol\u00edtico, presb\u00edtero, religioso, ao jovem, pescador, oper\u00e1rio, ambulante, dona de casa ou idosos, ou ainda nas salas da CNBB e dos dicast\u00e9rios vaticanos.<\/p>\n<p>O povo de Deus da fra\u00e7\u00e3o da Arquidiocese de Pelotas perdeu mais do que um bispo, pastor, mestre: perdeu um grande irm\u00e3o e amigo mais velho.<\/p>\n<p>Parte para a eternidade e a gl\u00f3ria da ressurrei\u00e7\u00e3o ao seio da Sant\u00edssima Trindade, onde est\u00e1s agora, contemplando Deus face a face. Mas ficas no nosso cora\u00e7\u00e3o.\u00a0<\/p>\n<p>At\u00e9 breve. Adeus, querido amigo e irm\u00e3o Dom Jayme Henrique Chemello.<\/p>\n<p><strong>DOM JAYME CHEMELLO, PRESENTE!!! <\/strong><\/p>\n<p>&nbsp;<\/p>\n","protected":false},"excerpt":{"rendered":"<p>O povo de Deus da fra\u00e7\u00e3o da Arquidiocese de Pelotas perdeu mais do que um bispo, pastor, mestre: perdeu um grande irm\u00e3o e amigo mais velho.<\/p>\n","protected":false},"featured_media":7700,"template":"","categorias_noticias":[31],"class_list":["post-7699","noticias","type-noticias","status-publish","has-post-thumbnail","hentry","categorias_noticias-opiniao"],"acf":[],"yoast_head":"<!-- This site is optimized with the Yoast SEO plugin v27.2 - https:\/\/yoast.com\/product\/yoast-seo-wordpress\/ -->\n<title>Dom Jayme Henrique Chemello: A perda de um amigo - Instituto Cultural Padre Josimo<\/title>\n<meta name=\"robots\" content=\"index, follow, max-snippet:-1, max-image-preview:large, max-video-preview:-1\" \/>\n<link rel=\"canonical\" href=\"https:\/\/padrejosimo.com.br\/site\/noticias\/dom-jayme-henrique-chemello-a-perda-de-um-amigo\/\" \/>\n<meta property=\"og:locale\" content=\"pt_BR\" \/>\n<meta property=\"og:type\" content=\"article\" \/>\n<meta property=\"og:title\" content=\"Dom Jayme Henrique Chemello: A perda de um amigo - Instituto Cultural Padre Josimo\" \/>\n<meta property=\"og:description\" content=\"O povo de Deus da fra\u00e7\u00e3o da Arquidiocese de Pelotas perdeu mais do que um bispo, pastor, mestre: perdeu um grande irm\u00e3o e amigo mais velho.\" \/>\n<meta property=\"og:url\" content=\"https:\/\/padrejosimo.com.br\/site\/noticias\/dom-jayme-henrique-chemello-a-perda-de-um-amigo\/\" \/>\n<meta property=\"og:site_name\" content=\"Instituto Cultural Padre Josimo\" \/>\n<meta property=\"article:modified_time\" content=\"2025-09-03T08:15:55+00:00\" \/>\n<meta property=\"og:image\" content=\"https:\/\/padrejosimo.com.br\/site\/wp-content\/uploads\/2025\/09\/WhatsApp-Image-2025-09-03-at-04.58.07.jpeg\" \/>\n\t<meta property=\"og:image:width\" content=\"563\" \/>\n\t<meta property=\"og:image:height\" content=\"339\" \/>\n\t<meta property=\"og:image:type\" content=\"image\/jpeg\" \/>\n<meta name=\"twitter:card\" content=\"summary_large_image\" \/>\n<meta name=\"twitter:label1\" content=\"Est. tempo de leitura\" \/>\n\t<meta name=\"twitter:data1\" content=\"9 minutos\" \/>\n<script type=\"application\/ld+json\" class=\"yoast-schema-graph\">{\"@context\":\"https:\/\/schema.org\",\"@graph\":[{\"@type\":\"WebPage\",\"@id\":\"https:\/\/padrejosimo.com.br\/site\/noticias\/dom-jayme-henrique-chemello-a-perda-de-um-amigo\/\",\"url\":\"https:\/\/padrejosimo.com.br\/site\/noticias\/dom-jayme-henrique-chemello-a-perda-de-um-amigo\/\",\"name\":\"Dom Jayme Henrique Chemello: A perda de um amigo - Instituto Cultural Padre Josimo\",\"isPartOf\":{\"@id\":\"https:\/\/padrejosimo.com.br\/site\/#website\"},\"primaryImageOfPage\":{\"@id\":\"https:\/\/padrejosimo.com.br\/site\/noticias\/dom-jayme-henrique-chemello-a-perda-de-um-amigo\/#primaryimage\"},\"image\":{\"@id\":\"https:\/\/padrejosimo.com.br\/site\/noticias\/dom-jayme-henrique-chemello-a-perda-de-um-amigo\/#primaryimage\"},\"thumbnailUrl\":\"https:\/\/padrejosimo.com.br\/site\/wp-content\/uploads\/2025\/09\/WhatsApp-Image-2025-09-03-at-04.58.07.jpeg\",\"datePublished\":\"2025-09-03T08:08:33+00:00\",\"dateModified\":\"2025-09-03T08:15:55+00:00\",\"breadcrumb\":{\"@id\":\"https:\/\/padrejosimo.com.br\/site\/noticias\/dom-jayme-henrique-chemello-a-perda-de-um-amigo\/#breadcrumb\"},\"inLanguage\":\"pt-BR\",\"potentialAction\":[{\"@type\":\"ReadAction\",\"target\":[\"https:\/\/padrejosimo.com.br\/site\/noticias\/dom-jayme-henrique-chemello-a-perda-de-um-amigo\/\"]}]},{\"@type\":\"ImageObject\",\"inLanguage\":\"pt-BR\",\"@id\":\"https:\/\/padrejosimo.com.br\/site\/noticias\/dom-jayme-henrique-chemello-a-perda-de-um-amigo\/#primaryimage\",\"url\":\"https:\/\/padrejosimo.com.br\/site\/wp-content\/uploads\/2025\/09\/WhatsApp-Image-2025-09-03-at-04.58.07.jpeg\",\"contentUrl\":\"https:\/\/padrejosimo.com.br\/site\/wp-content\/uploads\/2025\/09\/WhatsApp-Image-2025-09-03-at-04.58.07.jpeg\",\"width\":563,\"height\":339},{\"@type\":\"BreadcrumbList\",\"@id\":\"https:\/\/padrejosimo.com.br\/site\/noticias\/dom-jayme-henrique-chemello-a-perda-de-um-amigo\/#breadcrumb\",\"itemListElement\":[{\"@type\":\"ListItem\",\"position\":1,\"name\":\"In\u00edcio\",\"item\":\"https:\/\/padrejosimo.com.br\/site\/\"},{\"@type\":\"ListItem\",\"position\":2,\"name\":\"Not\u00edcias\",\"item\":\"https:\/\/padrejosimo.com.br\/site\/noticias\/\"},{\"@type\":\"ListItem\",\"position\":3,\"name\":\"Dom Jayme Henrique Chemello: A perda de um amigo\"}]},{\"@type\":\"WebSite\",\"@id\":\"https:\/\/padrejosimo.com.br\/site\/#website\",\"url\":\"https:\/\/padrejosimo.com.br\/site\/\",\"name\":\"Instituto Cultural Padre Josimo\",\"description\":\"Comprometida com a promo\u00e7\u00e3o da justi\u00e7a social, agroecologia e educa\u00e7\u00e3o popular\",\"publisher\":{\"@id\":\"https:\/\/padrejosimo.com.br\/site\/#organization\"},\"alternateName\":\"ICPJ\",\"potentialAction\":[{\"@type\":\"SearchAction\",\"target\":{\"@type\":\"EntryPoint\",\"urlTemplate\":\"https:\/\/padrejosimo.com.br\/site\/?s={search_term_string}\"},\"query-input\":{\"@type\":\"PropertyValueSpecification\",\"valueRequired\":true,\"valueName\":\"search_term_string\"}}],\"inLanguage\":\"pt-BR\"},{\"@type\":\"Organization\",\"@id\":\"https:\/\/padrejosimo.com.br\/site\/#organization\",\"name\":\"Instituto Cultural Padre Josimo\",\"alternateName\":\"ICPJ\",\"url\":\"https:\/\/padrejosimo.com.br\/site\/\",\"logo\":{\"@type\":\"ImageObject\",\"inLanguage\":\"pt-BR\",\"@id\":\"https:\/\/padrejosimo.com.br\/site\/#\/schema\/logo\/image\/\",\"url\":\"https:\/\/padrejosimo.com.br\/site\/wp-content\/uploads\/2025\/09\/cropped-icon-icpj.png\",\"contentUrl\":\"https:\/\/padrejosimo.com.br\/site\/wp-content\/uploads\/2025\/09\/cropped-icon-icpj.png\",\"width\":512,\"height\":512,\"caption\":\"Instituto Cultural Padre Josimo\"},\"image\":{\"@id\":\"https:\/\/padrejosimo.com.br\/site\/#\/schema\/logo\/image\/\"}}]}<\/script>\n<!-- \/ Yoast SEO plugin. -->","yoast_head_json":{"title":"Dom Jayme Henrique Chemello: A perda de um amigo - Instituto Cultural Padre Josimo","robots":{"index":"index","follow":"follow","max-snippet":"max-snippet:-1","max-image-preview":"max-image-preview:large","max-video-preview":"max-video-preview:-1"},"canonical":"https:\/\/padrejosimo.com.br\/site\/noticias\/dom-jayme-henrique-chemello-a-perda-de-um-amigo\/","og_locale":"pt_BR","og_type":"article","og_title":"Dom Jayme Henrique Chemello: A perda de um amigo - Instituto Cultural Padre Josimo","og_description":"O povo de Deus da fra\u00e7\u00e3o da Arquidiocese de Pelotas perdeu mais do que um bispo, pastor, mestre: perdeu um grande irm\u00e3o e amigo mais velho.","og_url":"https:\/\/padrejosimo.com.br\/site\/noticias\/dom-jayme-henrique-chemello-a-perda-de-um-amigo\/","og_site_name":"Instituto Cultural Padre Josimo","article_modified_time":"2025-09-03T08:15:55+00:00","og_image":[{"width":563,"height":339,"url":"https:\/\/padrejosimo.com.br\/site\/wp-content\/uploads\/2025\/09\/WhatsApp-Image-2025-09-03-at-04.58.07.jpeg","type":"image\/jpeg"}],"twitter_card":"summary_large_image","twitter_misc":{"Est. tempo de leitura":"9 minutos"},"schema":{"@context":"https:\/\/schema.org","@graph":[{"@type":"WebPage","@id":"https:\/\/padrejosimo.com.br\/site\/noticias\/dom-jayme-henrique-chemello-a-perda-de-um-amigo\/","url":"https:\/\/padrejosimo.com.br\/site\/noticias\/dom-jayme-henrique-chemello-a-perda-de-um-amigo\/","name":"Dom Jayme Henrique Chemello: A perda de um amigo - Instituto Cultural Padre Josimo","isPartOf":{"@id":"https:\/\/padrejosimo.com.br\/site\/#website"},"primaryImageOfPage":{"@id":"https:\/\/padrejosimo.com.br\/site\/noticias\/dom-jayme-henrique-chemello-a-perda-de-um-amigo\/#primaryimage"},"image":{"@id":"https:\/\/padrejosimo.com.br\/site\/noticias\/dom-jayme-henrique-chemello-a-perda-de-um-amigo\/#primaryimage"},"thumbnailUrl":"https:\/\/padrejosimo.com.br\/site\/wp-content\/uploads\/2025\/09\/WhatsApp-Image-2025-09-03-at-04.58.07.jpeg","datePublished":"2025-09-03T08:08:33+00:00","dateModified":"2025-09-03T08:15:55+00:00","breadcrumb":{"@id":"https:\/\/padrejosimo.com.br\/site\/noticias\/dom-jayme-henrique-chemello-a-perda-de-um-amigo\/#breadcrumb"},"inLanguage":"pt-BR","potentialAction":[{"@type":"ReadAction","target":["https:\/\/padrejosimo.com.br\/site\/noticias\/dom-jayme-henrique-chemello-a-perda-de-um-amigo\/"]}]},{"@type":"ImageObject","inLanguage":"pt-BR","@id":"https:\/\/padrejosimo.com.br\/site\/noticias\/dom-jayme-henrique-chemello-a-perda-de-um-amigo\/#primaryimage","url":"https:\/\/padrejosimo.com.br\/site\/wp-content\/uploads\/2025\/09\/WhatsApp-Image-2025-09-03-at-04.58.07.jpeg","contentUrl":"https:\/\/padrejosimo.com.br\/site\/wp-content\/uploads\/2025\/09\/WhatsApp-Image-2025-09-03-at-04.58.07.jpeg","width":563,"height":339},{"@type":"BreadcrumbList","@id":"https:\/\/padrejosimo.com.br\/site\/noticias\/dom-jayme-henrique-chemello-a-perda-de-um-amigo\/#breadcrumb","itemListElement":[{"@type":"ListItem","position":1,"name":"In\u00edcio","item":"https:\/\/padrejosimo.com.br\/site\/"},{"@type":"ListItem","position":2,"name":"Not\u00edcias","item":"https:\/\/padrejosimo.com.br\/site\/noticias\/"},{"@type":"ListItem","position":3,"name":"Dom Jayme Henrique Chemello: A perda de um amigo"}]},{"@type":"WebSite","@id":"https:\/\/padrejosimo.com.br\/site\/#website","url":"https:\/\/padrejosimo.com.br\/site\/","name":"Instituto Cultural Padre Josimo","description":"Comprometida com a promo\u00e7\u00e3o da justi\u00e7a social, agroecologia e educa\u00e7\u00e3o popular","publisher":{"@id":"https:\/\/padrejosimo.com.br\/site\/#organization"},"alternateName":"ICPJ","potentialAction":[{"@type":"SearchAction","target":{"@type":"EntryPoint","urlTemplate":"https:\/\/padrejosimo.com.br\/site\/?s={search_term_string}"},"query-input":{"@type":"PropertyValueSpecification","valueRequired":true,"valueName":"search_term_string"}}],"inLanguage":"pt-BR"},{"@type":"Organization","@id":"https:\/\/padrejosimo.com.br\/site\/#organization","name":"Instituto Cultural Padre Josimo","alternateName":"ICPJ","url":"https:\/\/padrejosimo.com.br\/site\/","logo":{"@type":"ImageObject","inLanguage":"pt-BR","@id":"https:\/\/padrejosimo.com.br\/site\/#\/schema\/logo\/image\/","url":"https:\/\/padrejosimo.com.br\/site\/wp-content\/uploads\/2025\/09\/cropped-icon-icpj.png","contentUrl":"https:\/\/padrejosimo.com.br\/site\/wp-content\/uploads\/2025\/09\/cropped-icon-icpj.png","width":512,"height":512,"caption":"Instituto Cultural Padre Josimo"},"image":{"@id":"https:\/\/padrejosimo.com.br\/site\/#\/schema\/logo\/image\/"}}]}},"_links":{"self":[{"href":"https:\/\/padrejosimo.com.br\/site\/wp-json\/wp\/v2\/noticias\/7699","targetHints":{"allow":["GET"]}}],"collection":[{"href":"https:\/\/padrejosimo.com.br\/site\/wp-json\/wp\/v2\/noticias"}],"about":[{"href":"https:\/\/padrejosimo.com.br\/site\/wp-json\/wp\/v2\/types\/noticias"}],"wp:featuredmedia":[{"embeddable":true,"href":"https:\/\/padrejosimo.com.br\/site\/wp-json\/wp\/v2\/media\/7700"}],"wp:attachment":[{"href":"https:\/\/padrejosimo.com.br\/site\/wp-json\/wp\/v2\/media?parent=7699"}],"wp:term":[{"taxonomy":"categorias_noticias","embeddable":true,"href":"https:\/\/padrejosimo.com.br\/site\/wp-json\/wp\/v2\/categorias_noticias?post=7699"}],"curies":[{"name":"wp","href":"https:\/\/api.w.org\/{rel}","templated":true}]}}