{"id":732,"date":"2018-01-29T16:37:44","date_gmt":"2018-01-29T18:37:44","guid":{"rendered":"http:\/\/padrejosimo.com.br\/site\/?post_type=noticias&#038;p=732"},"modified":"2018-01-29T16:44:02","modified_gmt":"2018-01-29T18:44:02","slug":"movimento-dos-pequenos-agricultores-promove-4a-festa-da-semente-crioula-em-seberi","status":"publish","type":"noticias","link":"https:\/\/padrejosimo.com.br\/site\/noticias\/movimento-dos-pequenos-agricultores-promove-4a-festa-da-semente-crioula-em-seberi\/","title":{"rendered":"Movimento dos Pequenos Agricultores promove 4\u00aa festa da Semente Crioula em Seberi"},"content":{"rendered":"<p>&nbsp;<\/p>\n<p><img fetchpriority=\"high\" decoding=\"async\" class=\"alignleft size-full wp-image-734\" src=\"https:\/\/padrejosimo.com.br\/site\/wp-content\/uploads\/2018\/01\/festa-da-semente.jpg\" alt=\"\" width=\"500\" height=\"478\" srcset=\"https:\/\/padrejosimo.com.br\/site\/wp-content\/uploads\/2018\/01\/festa-da-semente.jpg 500w, https:\/\/padrejosimo.com.br\/site\/wp-content\/uploads\/2018\/01\/festa-da-semente-300x287.jpg 300w\" sizes=\"(max-width: 500px) 100vw, 500px\" \/><\/p>\n<p>A 4\u00aa edi\u00e7\u00e3o da Festa da Semente Crioula reuniu centenas de agricultores familiares do Rio Grande do Sul e do Oeste de Santa Catarina, neste domingo (28\/01), na sede da Cooperbio, na linha Tesoura, interior do munic\u00edpio de Seberi, no Norte do Estado. O evento foi promovido pelo Movimento dos Pequenos Agricultores (MPA) e proporcionou espa\u00e7o de troca de sementes crioulas entre os agricultores, exposi\u00e7\u00e3o e feira de produtos org\u00e2nicos e agroecol\u00f3gicos, al\u00e9m de almo\u00e7o t\u00edpico campon\u00eas e apresenta\u00e7\u00f5es culturais.<\/p>\n<p><strong>Respeito \u00e0 natureza, \u00e0 sa\u00fade dos alimentos e aos trabalhadores do campo<\/strong><\/p>\n<p>Ao mesmo tempo em que se renova o desafio de respeitar o ciclo natural da vida, produzindo alimento sem a interfer\u00eancia agressiva de insumos qu\u00edmicos no plantio ou venenos no manejo, o campesinato tem especial aten\u00e7\u00e3o para a preserva\u00e7\u00e3o de uma pr\u00e1tica passada de gera\u00e7\u00e3o a gera\u00e7\u00e3o, desde tempos imemoriais: a produ\u00e7\u00e3o de suas pr\u00f3prias sementes.<\/p>\n<p>&#8220;N\u00f3s partimos de um princ\u00edpio norteador que \u00e9 o respeito ao ciclo natural da vida, refor\u00e7ando o v\u00ednculo do campon\u00eas com a terra que serve de ber\u00e7o aos seus cultivos&#8221;, explica a bi\u00f3loga D\u00e9bora Varoli, dirigente do MPA da comiss\u00e3o organizadora do evento. \u201cAs sementes crioulas s\u00e3o cultivadas e selecionadas ano ap\u00f3s ano por nossas fam\u00edlias, elas atendem \u00e0s nossas necessidades e est\u00e3o adaptadas \u00e0s condi\u00e7\u00f5es de cada regi\u00e3o e aos nossos sistemas de produ\u00e7\u00e3o\u201d, acrescenta. Varoli destaca de modo especial a participa\u00e7\u00e3o dos coletivos de mulheres ligados ao campesinato, frisando o papel que elas costumam exercer nas pequenas propriedades associado \u00e0 produ\u00e7\u00e3o do alimento e a preserva\u00e7\u00e3o das sementes.<\/p>\n<p>Os festejos come\u00e7aram no amanhecer com a alvorada dos trabalhadores, que vieram de diversas regionais do movimento para apoiar a realiza\u00e7\u00e3o da atividade. A partir das 9 horas, teve in\u00edcio a feira de produtos org\u00e2nicos e agroecol\u00f3gicos e a mostra das sementes crioulas. Ao meio dia, foi servido almo\u00e7o com card\u00e1pio t\u00edpico campon\u00eas, utilizando exclusivamente alimentos produzidos pelos camponeses da base do movimento, cultivados sem veneno. Na parte da tarde, a programa\u00e7\u00e3o contou com diversas rodas de conversa.<\/p>\n<p>Para Marcos Joni Oliveira, presidente da Cooperbio, (cooperativa camponesa que sediou a festa), o objetivo do evento foi \u201cfortalecer a cultura da partilha da semente crioula, valorizando os saberes populares e o processo natural de sele\u00e7\u00e3o empreendido pelas gera\u00e7\u00f5es de pequenos agricultores ao longo de s\u00e9culos de cultivo\u201d. Oliveira destaca ainda a necessidade de refor\u00e7ar a mensagem da agroecologia, buscando demonstrar com experimentos e pesquisas realizadas pelos profissionais e t\u00e9cnicos vinculados ao campesinato.<\/p>\n<p>&nbsp;<\/p>\n","protected":false},"excerpt":{"rendered":"<p>O evento proporcionou espa\u00e7o de troca de sementes crioulas entre os agricultores, exposi\u00e7\u00e3o e feira de produtos org\u00e2nicos e agroecol\u00f3gicos, al\u00e9m de almo\u00e7o t\u00edpico campon\u00eas e apresenta\u00e7\u00f5es culturais.<\/p>\n","protected":false},"featured_media":734,"template":"","categorias_noticias":[4,13],"class_list":["post-732","noticias","type-noticias","status-publish","has-post-thumbnail","hentry","categorias_noticias-eventos","categorias_noticias-noticias"],"acf":[],"yoast_head":"<!-- This site is optimized with the Yoast SEO plugin v27.2 - https:\/\/yoast.com\/product\/yoast-seo-wordpress\/ -->\n<title>Movimento dos Pequenos Agricultores promove 4\u00aa festa da Semente Crioula em Seberi - Instituto Cultural Padre Josimo<\/title>\n<meta name=\"robots\" content=\"index, follow, max-snippet:-1, max-image-preview:large, max-video-preview:-1\" \/>\n<link rel=\"canonical\" href=\"https:\/\/padrejosimo.com.br\/site\/noticias\/movimento-dos-pequenos-agricultores-promove-4a-festa-da-semente-crioula-em-seberi\/\" \/>\n<meta property=\"og:locale\" content=\"pt_BR\" \/>\n<meta property=\"og:type\" content=\"article\" \/>\n<meta property=\"og:title\" content=\"Movimento dos Pequenos Agricultores promove 4\u00aa festa da Semente Crioula em Seberi - Instituto Cultural Padre Josimo\" \/>\n<meta property=\"og:description\" content=\"O evento proporcionou espa\u00e7o de troca de sementes crioulas entre os agricultores, exposi\u00e7\u00e3o e feira de produtos org\u00e2nicos e agroecol\u00f3gicos, al\u00e9m de almo\u00e7o t\u00edpico campon\u00eas e apresenta\u00e7\u00f5es culturais.\" \/>\n<meta property=\"og:url\" content=\"https:\/\/padrejosimo.com.br\/site\/noticias\/movimento-dos-pequenos-agricultores-promove-4a-festa-da-semente-crioula-em-seberi\/\" \/>\n<meta property=\"og:site_name\" content=\"Instituto Cultural Padre Josimo\" \/>\n<meta property=\"article:modified_time\" content=\"2018-01-29T18:44:02+00:00\" \/>\n<meta property=\"og:image\" content=\"https:\/\/padrejosimo.com.br\/site\/wp-content\/uploads\/2018\/01\/festa-da-semente.jpg\" \/>\n\t<meta property=\"og:image:width\" content=\"500\" \/>\n\t<meta property=\"og:image:height\" content=\"478\" \/>\n\t<meta property=\"og:image:type\" content=\"image\/jpeg\" \/>\n<meta name=\"twitter:card\" content=\"summary_large_image\" \/>\n<meta name=\"twitter:label1\" content=\"Est. tempo de leitura\" \/>\n\t<meta name=\"twitter:data1\" content=\"2 minutos\" \/>\n<script type=\"application\/ld+json\" class=\"yoast-schema-graph\">{\"@context\":\"https:\/\/schema.org\",\"@graph\":[{\"@type\":\"WebPage\",\"@id\":\"https:\/\/padrejosimo.com.br\/site\/noticias\/movimento-dos-pequenos-agricultores-promove-4a-festa-da-semente-crioula-em-seberi\/\",\"url\":\"https:\/\/padrejosimo.com.br\/site\/noticias\/movimento-dos-pequenos-agricultores-promove-4a-festa-da-semente-crioula-em-seberi\/\",\"name\":\"Movimento dos Pequenos Agricultores promove 4\u00aa festa da Semente Crioula em Seberi - Instituto Cultural Padre Josimo\",\"isPartOf\":{\"@id\":\"https:\/\/padrejosimo.com.br\/site\/#website\"},\"primaryImageOfPage\":{\"@id\":\"https:\/\/padrejosimo.com.br\/site\/noticias\/movimento-dos-pequenos-agricultores-promove-4a-festa-da-semente-crioula-em-seberi\/#primaryimage\"},\"image\":{\"@id\":\"https:\/\/padrejosimo.com.br\/site\/noticias\/movimento-dos-pequenos-agricultores-promove-4a-festa-da-semente-crioula-em-seberi\/#primaryimage\"},\"thumbnailUrl\":\"https:\/\/padrejosimo.com.br\/site\/wp-content\/uploads\/2018\/01\/festa-da-semente.jpg\",\"datePublished\":\"2018-01-29T18:37:44+00:00\",\"dateModified\":\"2018-01-29T18:44:02+00:00\",\"breadcrumb\":{\"@id\":\"https:\/\/padrejosimo.com.br\/site\/noticias\/movimento-dos-pequenos-agricultores-promove-4a-festa-da-semente-crioula-em-seberi\/#breadcrumb\"},\"inLanguage\":\"pt-BR\",\"potentialAction\":[{\"@type\":\"ReadAction\",\"target\":[\"https:\/\/padrejosimo.com.br\/site\/noticias\/movimento-dos-pequenos-agricultores-promove-4a-festa-da-semente-crioula-em-seberi\/\"]}]},{\"@type\":\"ImageObject\",\"inLanguage\":\"pt-BR\",\"@id\":\"https:\/\/padrejosimo.com.br\/site\/noticias\/movimento-dos-pequenos-agricultores-promove-4a-festa-da-semente-crioula-em-seberi\/#primaryimage\",\"url\":\"https:\/\/padrejosimo.com.br\/site\/wp-content\/uploads\/2018\/01\/festa-da-semente.jpg\",\"contentUrl\":\"https:\/\/padrejosimo.com.br\/site\/wp-content\/uploads\/2018\/01\/festa-da-semente.jpg\",\"width\":500,\"height\":478},{\"@type\":\"BreadcrumbList\",\"@id\":\"https:\/\/padrejosimo.com.br\/site\/noticias\/movimento-dos-pequenos-agricultores-promove-4a-festa-da-semente-crioula-em-seberi\/#breadcrumb\",\"itemListElement\":[{\"@type\":\"ListItem\",\"position\":1,\"name\":\"In\u00edcio\",\"item\":\"https:\/\/padrejosimo.com.br\/site\/\"},{\"@type\":\"ListItem\",\"position\":2,\"name\":\"Not\u00edcias\",\"item\":\"https:\/\/padrejosimo.com.br\/site\/noticias\/\"},{\"@type\":\"ListItem\",\"position\":3,\"name\":\"Movimento dos Pequenos Agricultores promove 4\u00aa festa da Semente Crioula em Seberi\"}]},{\"@type\":\"WebSite\",\"@id\":\"https:\/\/padrejosimo.com.br\/site\/#website\",\"url\":\"https:\/\/padrejosimo.com.br\/site\/\",\"name\":\"Instituto Cultural Padre Josimo\",\"description\":\"Comprometida com a promo\u00e7\u00e3o da justi\u00e7a social, agroecologia e educa\u00e7\u00e3o popular\",\"publisher\":{\"@id\":\"https:\/\/padrejosimo.com.br\/site\/#organization\"},\"alternateName\":\"ICPJ\",\"potentialAction\":[{\"@type\":\"SearchAction\",\"target\":{\"@type\":\"EntryPoint\",\"urlTemplate\":\"https:\/\/padrejosimo.com.br\/site\/?s={search_term_string}\"},\"query-input\":{\"@type\":\"PropertyValueSpecification\",\"valueRequired\":true,\"valueName\":\"search_term_string\"}}],\"inLanguage\":\"pt-BR\"},{\"@type\":\"Organization\",\"@id\":\"https:\/\/padrejosimo.com.br\/site\/#organization\",\"name\":\"Instituto Cultural Padre Josimo\",\"alternateName\":\"ICPJ\",\"url\":\"https:\/\/padrejosimo.com.br\/site\/\",\"logo\":{\"@type\":\"ImageObject\",\"inLanguage\":\"pt-BR\",\"@id\":\"https:\/\/padrejosimo.com.br\/site\/#\/schema\/logo\/image\/\",\"url\":\"https:\/\/padrejosimo.com.br\/site\/wp-content\/uploads\/2025\/09\/cropped-icon-icpj.png\",\"contentUrl\":\"https:\/\/padrejosimo.com.br\/site\/wp-content\/uploads\/2025\/09\/cropped-icon-icpj.png\",\"width\":512,\"height\":512,\"caption\":\"Instituto Cultural Padre Josimo\"},\"image\":{\"@id\":\"https:\/\/padrejosimo.com.br\/site\/#\/schema\/logo\/image\/\"}}]}<\/script>\n<!-- \/ Yoast SEO plugin. -->","yoast_head_json":{"title":"Movimento dos Pequenos Agricultores promove 4\u00aa festa da Semente Crioula em Seberi - Instituto Cultural Padre Josimo","robots":{"index":"index","follow":"follow","max-snippet":"max-snippet:-1","max-image-preview":"max-image-preview:large","max-video-preview":"max-video-preview:-1"},"canonical":"https:\/\/padrejosimo.com.br\/site\/noticias\/movimento-dos-pequenos-agricultores-promove-4a-festa-da-semente-crioula-em-seberi\/","og_locale":"pt_BR","og_type":"article","og_title":"Movimento dos Pequenos Agricultores promove 4\u00aa festa da Semente Crioula em Seberi - Instituto Cultural Padre Josimo","og_description":"O evento proporcionou espa\u00e7o de troca de sementes crioulas entre os agricultores, exposi\u00e7\u00e3o e feira de produtos org\u00e2nicos e agroecol\u00f3gicos, al\u00e9m de almo\u00e7o t\u00edpico campon\u00eas e apresenta\u00e7\u00f5es culturais.","og_url":"https:\/\/padrejosimo.com.br\/site\/noticias\/movimento-dos-pequenos-agricultores-promove-4a-festa-da-semente-crioula-em-seberi\/","og_site_name":"Instituto Cultural Padre Josimo","article_modified_time":"2018-01-29T18:44:02+00:00","og_image":[{"width":500,"height":478,"url":"https:\/\/padrejosimo.com.br\/site\/wp-content\/uploads\/2018\/01\/festa-da-semente.jpg","type":"image\/jpeg"}],"twitter_card":"summary_large_image","twitter_misc":{"Est. tempo de leitura":"2 minutos"},"schema":{"@context":"https:\/\/schema.org","@graph":[{"@type":"WebPage","@id":"https:\/\/padrejosimo.com.br\/site\/noticias\/movimento-dos-pequenos-agricultores-promove-4a-festa-da-semente-crioula-em-seberi\/","url":"https:\/\/padrejosimo.com.br\/site\/noticias\/movimento-dos-pequenos-agricultores-promove-4a-festa-da-semente-crioula-em-seberi\/","name":"Movimento dos Pequenos Agricultores promove 4\u00aa festa da Semente Crioula em Seberi - Instituto Cultural Padre Josimo","isPartOf":{"@id":"https:\/\/padrejosimo.com.br\/site\/#website"},"primaryImageOfPage":{"@id":"https:\/\/padrejosimo.com.br\/site\/noticias\/movimento-dos-pequenos-agricultores-promove-4a-festa-da-semente-crioula-em-seberi\/#primaryimage"},"image":{"@id":"https:\/\/padrejosimo.com.br\/site\/noticias\/movimento-dos-pequenos-agricultores-promove-4a-festa-da-semente-crioula-em-seberi\/#primaryimage"},"thumbnailUrl":"https:\/\/padrejosimo.com.br\/site\/wp-content\/uploads\/2018\/01\/festa-da-semente.jpg","datePublished":"2018-01-29T18:37:44+00:00","dateModified":"2018-01-29T18:44:02+00:00","breadcrumb":{"@id":"https:\/\/padrejosimo.com.br\/site\/noticias\/movimento-dos-pequenos-agricultores-promove-4a-festa-da-semente-crioula-em-seberi\/#breadcrumb"},"inLanguage":"pt-BR","potentialAction":[{"@type":"ReadAction","target":["https:\/\/padrejosimo.com.br\/site\/noticias\/movimento-dos-pequenos-agricultores-promove-4a-festa-da-semente-crioula-em-seberi\/"]}]},{"@type":"ImageObject","inLanguage":"pt-BR","@id":"https:\/\/padrejosimo.com.br\/site\/noticias\/movimento-dos-pequenos-agricultores-promove-4a-festa-da-semente-crioula-em-seberi\/#primaryimage","url":"https:\/\/padrejosimo.com.br\/site\/wp-content\/uploads\/2018\/01\/festa-da-semente.jpg","contentUrl":"https:\/\/padrejosimo.com.br\/site\/wp-content\/uploads\/2018\/01\/festa-da-semente.jpg","width":500,"height":478},{"@type":"BreadcrumbList","@id":"https:\/\/padrejosimo.com.br\/site\/noticias\/movimento-dos-pequenos-agricultores-promove-4a-festa-da-semente-crioula-em-seberi\/#breadcrumb","itemListElement":[{"@type":"ListItem","position":1,"name":"In\u00edcio","item":"https:\/\/padrejosimo.com.br\/site\/"},{"@type":"ListItem","position":2,"name":"Not\u00edcias","item":"https:\/\/padrejosimo.com.br\/site\/noticias\/"},{"@type":"ListItem","position":3,"name":"Movimento dos Pequenos Agricultores promove 4\u00aa festa da Semente Crioula em Seberi"}]},{"@type":"WebSite","@id":"https:\/\/padrejosimo.com.br\/site\/#website","url":"https:\/\/padrejosimo.com.br\/site\/","name":"Instituto Cultural Padre Josimo","description":"Comprometida com a promo\u00e7\u00e3o da justi\u00e7a social, agroecologia e educa\u00e7\u00e3o popular","publisher":{"@id":"https:\/\/padrejosimo.com.br\/site\/#organization"},"alternateName":"ICPJ","potentialAction":[{"@type":"SearchAction","target":{"@type":"EntryPoint","urlTemplate":"https:\/\/padrejosimo.com.br\/site\/?s={search_term_string}"},"query-input":{"@type":"PropertyValueSpecification","valueRequired":true,"valueName":"search_term_string"}}],"inLanguage":"pt-BR"},{"@type":"Organization","@id":"https:\/\/padrejosimo.com.br\/site\/#organization","name":"Instituto Cultural Padre Josimo","alternateName":"ICPJ","url":"https:\/\/padrejosimo.com.br\/site\/","logo":{"@type":"ImageObject","inLanguage":"pt-BR","@id":"https:\/\/padrejosimo.com.br\/site\/#\/schema\/logo\/image\/","url":"https:\/\/padrejosimo.com.br\/site\/wp-content\/uploads\/2025\/09\/cropped-icon-icpj.png","contentUrl":"https:\/\/padrejosimo.com.br\/site\/wp-content\/uploads\/2025\/09\/cropped-icon-icpj.png","width":512,"height":512,"caption":"Instituto Cultural Padre Josimo"},"image":{"@id":"https:\/\/padrejosimo.com.br\/site\/#\/schema\/logo\/image\/"}}]}},"_links":{"self":[{"href":"https:\/\/padrejosimo.com.br\/site\/wp-json\/wp\/v2\/noticias\/732","targetHints":{"allow":["GET"]}}],"collection":[{"href":"https:\/\/padrejosimo.com.br\/site\/wp-json\/wp\/v2\/noticias"}],"about":[{"href":"https:\/\/padrejosimo.com.br\/site\/wp-json\/wp\/v2\/types\/noticias"}],"wp:featuredmedia":[{"embeddable":true,"href":"https:\/\/padrejosimo.com.br\/site\/wp-json\/wp\/v2\/media\/734"}],"wp:attachment":[{"href":"https:\/\/padrejosimo.com.br\/site\/wp-json\/wp\/v2\/media?parent=732"}],"wp:term":[{"taxonomy":"categorias_noticias","embeddable":true,"href":"https:\/\/padrejosimo.com.br\/site\/wp-json\/wp\/v2\/categorias_noticias?post=732"}],"curies":[{"name":"wp","href":"https:\/\/api.w.org\/{rel}","templated":true}]}}