{"id":7154,"date":"2025-08-28T10:17:39","date_gmt":"2025-08-28T13:17:39","guid":{"rendered":"https:\/\/padrejosimo.com.br\/site\/?post_type=noticias&#038;p=7154"},"modified":"2025-08-28T10:18:45","modified_gmt":"2025-08-28T13:18:45","slug":"comissao-pastoral-da-terra-e-homenageada-na-camara-dos-deputados","status":"publish","type":"noticias","link":"https:\/\/padrejosimo.com.br\/site\/noticias\/comissao-pastoral-da-terra-e-homenageada-na-camara-dos-deputados\/","title":{"rendered":"Comiss\u00e3o Pastoral da Terra \u00e9 homenageada na C\u00e2mara dos Deputados"},"content":{"rendered":"<p><\/p>\r\n<h3><em><strong>Agentes da CPT, autoridades e deputados expressaram reconhecimento aos 50 anos da pastoral<\/strong><\/em><\/h3>\r\n<p>&nbsp;<\/p>\r\n<blockquote>\r\n<p><em><strong>Marcos Antonio Corbari | Instituto Cultural Padre Josimo<\/strong><\/em><\/p>\r\n<\/blockquote>\r\n\r\n<figure id=\"attachment_7155\" aria-describedby=\"caption-attachment-7155\" style=\"width: 571px\" class=\"wp-caption aligncenter\"><img fetchpriority=\"high\" decoding=\"async\" class=\" wp-image-7155\" src=\"https:\/\/padrejosimo.com.br\/site\/wp-content\/uploads\/2025\/08\/img20250826102659952MED.jpg\" alt=\"\" width=\"571\" height=\"352\" srcset=\"https:\/\/padrejosimo.com.br\/site\/wp-content\/uploads\/2025\/08\/img20250826102659952MED.jpg 1000w, https:\/\/padrejosimo.com.br\/site\/wp-content\/uploads\/2025\/08\/img20250826102659952MED-300x185.jpg 300w, https:\/\/padrejosimo.com.br\/site\/wp-content\/uploads\/2025\/08\/img20250826102659952MED-768x474.jpg 768w\" sizes=\"(max-width: 571px) 100vw, 571px\" \/><figcaption id=\"caption-attachment-7155\" class=\"wp-caption-text\"><em><span style=\"font-size: 10px;\">Deputados, agentes de pastoral e lideran\u00e7as de movimentos sociais participaram da sess\u00e3o solene &#8211; Vinicius Loures\/C\u00e2mara dos Deputados<\/span><\/em><\/figcaption><\/figure>\r\n\r\n<p>A C\u00e2mara dos Deputados realizou na \u00faltima ter\u00e7a-feira (26) sess\u00e3o solene em homenagem aos 50 anos da Comiss\u00e3o Pastoral da Terra (CPT). O ato foi presidido pelo deputado Nilto Tatto (PT-SP) e contou com a presen\u00e7a de representantes da pr\u00f3pria CPT, bem como de organiza\u00e7\u00f5es e movimentos aliados.<\/p>\r\n<p>\r\n<\/p>\r\n<p>\u201cCelebrar meio s\u00e9culo da CPT \u00e9 mais do que lembrar datas ou biografias. \u00c9 reconhecer a for\u00e7a de um projeto coletivo nascido da coragem de homens e mulheres comprometidos com a justi\u00e7a, a dignidade e a liberdade dos povos do campo. \u00c9 homenagear uma trajet\u00f3ria marcada por f\u00e9, milit\u00e2ncia e compromisso com os \u00faltimos\u201d \u2013 introduziu Tatto.<\/p>\r\n<p>\r\n<\/p>\r\n<p>A CPT surgiu em 1975, em plena ditadura militar como resposta e resist\u00eancia ao avan\u00e7o do latif\u00fandio, a grilagem, a expuls\u00e3o violenta de trabalhadores rurais e povos tradicionais de suas terras. Nas palavras de Tatto, a comiss\u00e3o \u201csurge da indigna\u00e7\u00e3o crist\u00e3 diante das injusti\u00e7as e da persegui\u00e7\u00e3o aos pobres, e, acima de tudo, nasce do evangelho da Teologia da Liberta\u00e7\u00e3o, da op\u00e7\u00e3o preferencial pelos pobres e da pr\u00e1tica das comunidades eclesiais de base\u201d.<\/p>\r\n<p>\r\n<\/p>\r\n<p>Lembrou que a CPT n\u00e3o apenas acompanhou as lutas do povo do campo, ela esteve ao lado, caminhou junto, segurou a m\u00e3o de quem apanhava, chorava, resistia e sonhava. Com presen\u00e7a firme em acampamentos, assentamentos, aldeias ind\u00edgenas, territ\u00f3rios quilombolas, seringais, beiras de rio e no meio da floresta, se fez ponte entre a f\u00e9 e a luta, entre a espiritualidade e a pol\u00edtica, entre o evangelho e a terra.<\/p>\r\n<p>\r\n\r\n<\/p>\r\n<h2 class=\"wp-block-heading\">Profetismo daqueles que escolheram caminhar com os pobres do campo<\/h2>\r\n<p>\r\n<\/p>\r\n<p>Ronilson Costa, membro do Conselho da CPT utilizou a tribuna da C\u00e2mara e relembrou do contexto do surgimento da comiss\u00e3o, em 1975: \u201cTempos dif\u00edceis para aqueles que viviam na cidade, para aqueles que lutavam por um mundo melhor, por um mundo mais justo, mas era tamb\u00e9m um momento muito dif\u00edcil para aqueles que viviam no campo, abandonados, esquecidos, marginalizados, homens e mulheres, de comunidades tradicionais, povos ind\u00edgenas, sem-terra, boia fria, tanta gente usada no trabalho escravo, tanta gente expulsa da terra, tanta gente perseguida, assassinada, porque havia um grande projeto de estado que era de ocupar aqueles territ\u00f3rios que j\u00e1 eram ocupados por essas comunidades h\u00e1 d\u00e9cadas ou h\u00e1 s\u00e9culo\u201d.<\/p>\r\n<p>\r\n<\/p>\r\n<p>Costa apontou que aquela realidade provocou os setores da igreja que haviam feito a sua op\u00e7\u00e3o pelos pobres, pelos exclu\u00eddos e marginalizados, a criar a Comiss\u00e3o Pastoral da Terra. \u201cA partir da\u00ed n\u00f3s tomamos a decis\u00e3o de que era esse lado que a gente queria caminhar, nessa margem do rio, era com esses povos, com essas comunidades de esquecidos e abandonados\u201d. A partir dali, detalhou Costa, se assumiu o compromisso prof\u00e9tico de caminhar junto, de estar presente na vida e na luta desses povos, ajudando a erguer suas vozes na luta por seus direitos.<\/p>\r\n<p>\r\n<\/p>\r\n<p>Padre Severino Leite Diniz, conselheiro da CPT, fez um paralelo entre o que vivenciou na caminhada com a pastoral desde os tempos de seminarista, em S\u00e3o Paulo, at\u00e9 o encontro com o Papa Francisco em Santa Cruz de La Sierra, na Bol\u00edvia, de onde todos sa\u00edram com o compromisso de fortalecer a luta por terra, teto e trabalho. &#8220;Ent\u00e3o, fazemos isso 24 horas, at\u00e9 quando estamos dormindo, estamos sonhando com terra, teto e trabalho, constituindo n\u00facleos de luta por terra, teto e trabalho&#8221;<\/p>\r\n<p>\r\n\r\n<\/p>\r\n<p>&#8220;O que a CPT faz \u00e9 transformar vidas ao longo desses anos todos de caminhada, \u00e9 uma pastoral pequena para um trabalho gigantesco, mas atrav\u00e9s dos agentes de pastoral vem conseguindo articular para fazer chegar as pol\u00edticas p\u00fablicas do governo at\u00e9 a base&#8221;, expressou Padre Severino. Para ele \u00e9 preciso ainda exaltar o simbolismo das romarias da terra e a import\u00e2ncia das marchas organizadas pelos trabalhadores e trabalhadoras na luta por terra. E firmou o reconhecimento que se h\u00e1 fam\u00edlias assentadas da reforma agr\u00e1ria no Brasil hoje, \u00e9 muito pelo protagonismo de luta da Comiss\u00e3o Pastoral da Terra, cujos agentes sustentaram a bandeira da reforma agr\u00e1ria em seus bra\u00e7os desde o dia da sua cria\u00e7\u00e3o.<\/p>\r\n<p>\r\n<\/p>\r\n<p>Alessandra Miranda de Souza, membro da Comiss\u00e3o Sociotransformadora da Confer\u00eancia Nacional dos Bispos do Brasil (CNBB) registrou a gratid\u00e3o do bispo Dom Jos\u00e9 Eonilton Lisboa, presidente da CPT, assim tamb\u00e9m como de Dom Jos\u00e9 Valdeci Santos Mendes, presidente da Comiss\u00e3o Episcopal para a A\u00e7\u00e3o Sociotransformadora. \u201c\u00c9 uma honra ter o reconhecimento desta casa, lugar de exerc\u00edcio pleno da democracia\u201d, afirmou. \u201cA CPT, ao longo desses 50 anos, acompanha esta casa e faz incid\u00eancia pol\u00edtica de forma prof\u00e9tica e qualificada, mas tamb\u00e9m junto ao executivo e ao judici\u00e1rio. A miss\u00e3o da CPT passa pela a\u00e7\u00e3o pastoral dos direitos humanos e dos direitos da natureza. Com este objetivo, s\u00e3o centenas de lideran\u00e7as organizadas no Brasil, na defesa de seus territ\u00f3rios\u201d, explicou.<\/p>\r\n<p>\r\n<\/p>\r\n<p>Lamentou o fato de a viol\u00eancia contra os povos tradicionais e origin\u00e1rios da terra e das \u00e1guas ainda alcan\u00e7ar \u00edndices gigantes e alarmantes: \u201cBasta acompanhar os relat\u00f3rios lan\u00e7ados todos os anos pela CPT. Conclamamos a cada um e a cada uma o posicionamento e a defesa dos trabalhadores no campo, que se sintam seguros, acolhidos e protegidos e na dignidade que \u00e9 dada\u201d. Evocou que o direito constitucional seja respeitado e que todos possam relembrar as palavras do Papa Francisco quando desafiou a que se viabilize no mundo que nenhuma fam\u00edlia esteja sem teto, nenhum campon\u00eas sem-terra e nenhum trabalhador sem direitos.<\/p>\r\n<p>\r\n\r\n<\/p>\r\n<h2 class=\"wp-block-heading\">Pastoral foi ber\u00e7o para movimentos sociais<\/h2>\r\n<p>\r\n<\/p>\r\n<p>Ceres Hadich, representante do Movimento dos Trabalhadores Sem-Terra (MST) resumiu o meio s\u00e9culo da CPT com as palavras dedica\u00e7\u00e3o, coragem e compromisso com a causa mais fundamental e justa de todas: a dignidade humana expressa na luta pelo direito \u00e0 terra. \u201cCelebrar a CPT \u00e9 celebrar a coragem de quem ousou, enfrentando a ditadura militar, caminhar ao lado dos mais desprotegidos, os poceiros, os pe\u00f5es, os ind\u00edgenas, os quilombolas e todos os trabalhadores e trabalhadoras rurais explorados pelo latif\u00fandio\u201d, registrou.<\/p>\r\n<p>\r\n<\/p>\r\n<p>Para a dirigente sem-terra, a hist\u00f3ria da CPT n\u00e3o pode ser contada sem reconhecer o seu papel fundamental como uma catalisadora da organiza\u00e7\u00e3o popular: \u201cFoi nos encontros de base, nas comunidades eclesiais e sob a prote\u00e7\u00e3o de seus agentes pastorais, que a semente da resist\u00eancia germinou e floresceu. E \u00e9 imposs\u00edvel falar dessa trajet\u00f3ria sem destacar a rela\u00e7\u00e3o umbilical entre a CPT e o MST\u201d, contou Ceres, afirmando que o movimento \u00e9 filho leg\u00edtimo da caminhada da comiss\u00e3o. \u201cQue o legado da CPT nos inspire a seguir semeando esperan\u00e7a, cultivando justi\u00e7a e colhendo um futuro onde a terra seja um bem de todos e n\u00e3o um privil\u00e9gio de poucos. Parab\u00e9ns \u00e0 Comiss\u00e3o Pastoral da Terra, parab\u00e9ns a todos os movimentos do campo que mant\u00e9m viva a chama da utopia.<\/p>\r\n<p>\r\n<\/p>\r\n<p>Frei S\u00e9rgio Ant\u00f4nio G\u00f6rgen, integrante da coordena\u00e7\u00e3o nacional do Movimento dos Pequenos Agricultores (MPA) saudou a iniciativa do deputado Tatto, em requerer da C\u00e2mara a homenagem aos 50 anos da CPT. \u201cA gente n\u00e3o precisa dizer muita coisa aqui, apenas reconhecer um trabalho heroico que foi desenvolvido por esses homens e mulheres, padres e irm\u00e3s, leigos e leigas, que ao longo desses 50 anos testemunharam o evangelho de Jesus defendendo os pobres do campo, testemunhando o evangelho de Jesus na defesa das pessoas. N\u00e3o um evangelho desencarnado para al\u00edvio de consci\u00eancia, mas um evangelho que vive a busca da justi\u00e7a, como Jesus viveu, como Maria viveu, como os ap\u00f3stolos viveram\u201d.<\/p>\r\n<p>\r\n<\/p>\r\n<p>\u201cEsse testemunho se deu aqui no Brasil com os pobres do campo, com a Pastoral da Terra. A gente tem que lembrar a coragem de Dom Pedro Casal D\u00e1liga, de Dom Orlando Dotti e de muitos outros que tomaram a iniciativa de criar esta pastoral, de dar prote\u00e7\u00e3o da hierarquia cat\u00f3lica para que essa pastoral pudesse sustentar.\u201d G\u00f6rgen lembrou que a pastoral tem muitos e muitas m\u00e1rtires que morreram defendendo as suas causas, citando como exemplos padre Josimo e Irm\u00e3 Dorotti, assim como muitos leigos e leigas que foram assassinados tamb\u00e9m na defesa da terra, da justi\u00e7a e da reforma agr\u00e1ria.<\/p>\r\n\r\n<figure id=\"attachment_7164\" aria-describedby=\"caption-attachment-7164\" style=\"width: 540px\" class=\"wp-caption aligncenter\"><img decoding=\"async\" class=\" wp-image-7164\" src=\"https:\/\/padrejosimo.com.br\/site\/wp-content\/uploads\/2025\/08\/img20250826094240274MED.jpg\" alt=\"\" width=\"540\" height=\"333\" srcset=\"https:\/\/padrejosimo.com.br\/site\/wp-content\/uploads\/2025\/08\/img20250826094240274MED.jpg 1000w, https:\/\/padrejosimo.com.br\/site\/wp-content\/uploads\/2025\/08\/img20250826094240274MED-300x185.jpg 300w, https:\/\/padrejosimo.com.br\/site\/wp-content\/uploads\/2025\/08\/img20250826094240274MED-768x474.jpg 768w\" sizes=\"(max-width: 540px) 100vw, 540px\" \/><figcaption id=\"caption-attachment-7164\" class=\"wp-caption-text\">Reconhecimento prestado \u00e0 CPT colocou em evid\u00eancia trabalho de agentes e destacou m\u00e1rtires da luta pela terra e por direitos &#8211; Vinicius Loures\/C\u00e2mara dos Deputados<\/figcaption><\/figure>\r\n\r\n<p>\r\n\r\n<\/p>\r\n<h2 class=\"wp-block-heading\">Deputados reconhecem import\u00e2ncia do trabalho da Pastoral<\/h2>\r\n<p>\r\n<\/p>\r\n<p>O deputado Airton Faleiros (PT-PA) relembrou a trajet\u00f3ria da comiss\u00e3o nos momentos de conflitos, ressaltando que essa atua\u00e7\u00e3o evitou muitas mortes de camponeses e camponesas, ao custo, muitas vezes, do mart\u00edrio dos pr\u00f3prios agentes da Pastoral. Afirmou a capacidade de discernir entre o espa\u00e7o de protagonismo relevante na interlocu\u00e7\u00e3o institucional, mas sabendo de que a lideran\u00e7a da luta pela terra n\u00e3o era da pr\u00f3pria pastoral, era um assessoramento para trabalhar historicamente o fortalecimento das organiza\u00e7\u00f5es conduzidas pelos pr\u00f3prios trabalhadores sem-terra, pelo sindicalismo e assim por diante.<\/p>\r\n<p>\r\n<\/p>\r\n<p>O deputado Dionilso Marcon (PT-RS) relebrou o papel do padre Arnildo Fritzen e do bispo Dom Orlando Dotti, atuantes desde os primeiros anos da Comiss\u00e3o Pastoral da Terra, que ao mesmo tempo que pregavam a palavra de Deus ensinavam a import\u00e2ncia da organiza\u00e7\u00e3o. \u201cNo in\u00edcio a gente nem entendia, mas foram eles que nos colocaram na peleia e na luta pela retomada da terra no Rio Grande do Sul\u201d. Para ele est\u00e1 claro a import\u00e2ncia da CPT no apoio, nas den\u00fancias, na ajuda, na luta tanto pela terra quanto contra as barragens, em defesa do meio ambiente, das mulheres, dos \u00edndigenas e dos negros.<\/p>\r\n<p>\r\n<\/p>\r\n<p>O deputado Padre Jo\u00e3o, PT das Minas e das Gerais fez uma sauda\u00e7\u00e3o especial aos m\u00e1rtires da CPT, cuja rela\u00e7\u00e3o de nomes foi aumentando ao longo de 50 anos. Reconheceu o trabalho de bispos e padres, que foram de fato verdadeiros pastores, n\u00e3o ficaram cuidando s\u00f3 de alma, n\u00e3o, cuidaram do ser humano, do sonho, do direito das pessoas. \u201cEsses 50 anos s\u00e3o de fato um testemunho de f\u00e9, de amor, da luta pelos direitos humanos e pelo direito \u00e0 terra. N\u00f3s somos todos herdeiros. Deus criou a terra para todas e todos\u201d, afirmou.<\/p>\r\n<p>\r\n\r\n<\/p>\r\n<p>O deputado Lu\u00eds Carlos Haully (Podemos-PR), \u00fanico parlamentar fora do espectro pol\u00edtico de esquerda a se pronunciar, ocupou a tribuna e tamb\u00e9m deixou mensagem congratulando a CPT pelo seu jubileu: \u201cCom muita satisfa\u00e7\u00e3o, venho a esta tribuna para parabenizar os 50 anos da CPT, que nasce junto com outras pastorais, quando a igreja come\u00e7ou a fazer um trabalho mais amplo, um trabalho social que coincide com outros avan\u00e7os no nosso pa\u00eds\u201d. Reconheceu que o per\u00edodo do surgimento da CPT era um momento de muitas dificuldades e a seguir comentou sobre as conquistas que foram poss\u00edveis ser alcan\u00e7adas em per\u00edodos mais recentes, entre outros pontos, citou a import\u00e2ncia da agricultura de matriz familiar e a forma como esses trabalhadores e trabalhadoras do campo contribuem para o sustento do pa\u00eds e para as iniciativas de preserva\u00e7\u00e3o do meio ambiente.<\/p>\r\n<p>\r\n<\/p>\r\n<p>O deputado Nilton Tatto, como proponente da homenagem, disse ainda que \u201ca CPT tamb\u00e9m ensina que \u00e9 poss\u00edvel resistir com ternura, que \u00e9 poss\u00edvel denunciar com poesia, que \u00e9 poss\u00edvel plantar justi\u00e7a com f\u00e9 e colher dignidade com solidariedade\u201d, concluiu Tatto, enaltecendo a todos e todas que fazem parte desses 50 anos de hist\u00f3ria, desde os agentes de pastorais, bispos, padres, irm\u00e3s, educadores e advogados, at\u00e9 os agricultores, ind\u00edgenas, quilombolas, pescadores e tantos outros que d\u00e3o a vida pela terra e por dignidade no campo. Tatto reconheceu que a C\u00e2mara Federal muitas vezes \u00e9 insens\u00edvel ao grito da terra, mas que tamb\u00e9m abriga vozes que ecoam a luto do povo. \u201cE hoje essas vozes se levantam em homenagem \u00e0 CPT. Que essa homenagem n\u00e3o seja apenas simb\u00f3lica, mas sirva para fortalecer o apoio institucional, pol\u00edtico e material a CPT e as causas que ela representa. Que sirva para lembrar que sem justi\u00e7a no campo n\u00e3o haver\u00e1 paz na cidade. Que sirva para afirmar que outro Brasil \u00e9 poss\u00edvel e que ele come\u00e7a com a terra nas m\u00e3os de quem trabalha\u201d.<\/p>\r\n<p>\r\n<\/p>\r\n<p>Assista a \u00edntegra da Sess\u00e3o Solene em homenagem aos 50 anos da Comiss\u00e3o Pastoral da Terra (CPT) no v\u00eddeo abaixo:<\/p>\r\n<p><iframe src=\"\/\/www.youtube.com\/embed\/uzyaS9aT-cE\" width=\"560\" height=\"314\" allowfullscreen=\"allowfullscreen\"><\/iframe><\/p>\r\n<p><\/p>","protected":false},"excerpt":{"rendered":"<p>Agentes da CPT, autoridades e deputados expressaram reconhecimento aos 50 anos da pastoral<\/p>\n","protected":false},"featured_media":7155,"template":"","categorias_noticias":[13],"class_list":["post-7154","noticias","type-noticias","status-publish","has-post-thumbnail","hentry","categorias_noticias-noticias"],"acf":[],"yoast_head":"<!-- This site is optimized with the Yoast SEO plugin v27.2 - https:\/\/yoast.com\/product\/yoast-seo-wordpress\/ -->\n<title>Comiss\u00e3o Pastoral da Terra \u00e9 homenageada na C\u00e2mara dos Deputados - Instituto Cultural Padre Josimo<\/title>\n<meta name=\"robots\" content=\"index, follow, max-snippet:-1, max-image-preview:large, max-video-preview:-1\" \/>\n<link rel=\"canonical\" href=\"https:\/\/padrejosimo.com.br\/site\/noticias\/comissao-pastoral-da-terra-e-homenageada-na-camara-dos-deputados\/\" \/>\n<meta property=\"og:locale\" content=\"pt_BR\" \/>\n<meta property=\"og:type\" content=\"article\" \/>\n<meta property=\"og:title\" content=\"Comiss\u00e3o Pastoral da Terra \u00e9 homenageada na C\u00e2mara dos Deputados - Instituto Cultural Padre Josimo\" \/>\n<meta property=\"og:description\" content=\"Agentes da CPT, autoridades e deputados expressaram reconhecimento aos 50 anos da pastoral\" \/>\n<meta property=\"og:url\" content=\"https:\/\/padrejosimo.com.br\/site\/noticias\/comissao-pastoral-da-terra-e-homenageada-na-camara-dos-deputados\/\" \/>\n<meta property=\"og:site_name\" content=\"Instituto Cultural Padre Josimo\" \/>\n<meta property=\"article:modified_time\" content=\"2025-08-28T13:18:45+00:00\" \/>\n<meta property=\"og:image\" content=\"https:\/\/padrejosimo.com.br\/site\/wp-content\/uploads\/2025\/08\/img20250826102659952MED.jpg\" \/>\n\t<meta property=\"og:image:width\" content=\"1000\" \/>\n\t<meta property=\"og:image:height\" content=\"617\" \/>\n\t<meta property=\"og:image:type\" content=\"image\/jpeg\" \/>\n<meta name=\"twitter:card\" content=\"summary_large_image\" \/>\n<meta name=\"twitter:label1\" content=\"Est. tempo de leitura\" \/>\n\t<meta name=\"twitter:data1\" content=\"12 minutos\" \/>\n<script type=\"application\/ld+json\" class=\"yoast-schema-graph\">{\"@context\":\"https:\/\/schema.org\",\"@graph\":[{\"@type\":\"WebPage\",\"@id\":\"https:\/\/padrejosimo.com.br\/site\/noticias\/comissao-pastoral-da-terra-e-homenageada-na-camara-dos-deputados\/\",\"url\":\"https:\/\/padrejosimo.com.br\/site\/noticias\/comissao-pastoral-da-terra-e-homenageada-na-camara-dos-deputados\/\",\"name\":\"Comiss\u00e3o Pastoral da Terra \u00e9 homenageada na C\u00e2mara dos Deputados - Instituto Cultural Padre Josimo\",\"isPartOf\":{\"@id\":\"https:\/\/padrejosimo.com.br\/site\/#website\"},\"primaryImageOfPage\":{\"@id\":\"https:\/\/padrejosimo.com.br\/site\/noticias\/comissao-pastoral-da-terra-e-homenageada-na-camara-dos-deputados\/#primaryimage\"},\"image\":{\"@id\":\"https:\/\/padrejosimo.com.br\/site\/noticias\/comissao-pastoral-da-terra-e-homenageada-na-camara-dos-deputados\/#primaryimage\"},\"thumbnailUrl\":\"https:\/\/padrejosimo.com.br\/site\/wp-content\/uploads\/2025\/08\/img20250826102659952MED.jpg\",\"datePublished\":\"2025-08-28T13:17:39+00:00\",\"dateModified\":\"2025-08-28T13:18:45+00:00\",\"breadcrumb\":{\"@id\":\"https:\/\/padrejosimo.com.br\/site\/noticias\/comissao-pastoral-da-terra-e-homenageada-na-camara-dos-deputados\/#breadcrumb\"},\"inLanguage\":\"pt-BR\",\"potentialAction\":[{\"@type\":\"ReadAction\",\"target\":[\"https:\/\/padrejosimo.com.br\/site\/noticias\/comissao-pastoral-da-terra-e-homenageada-na-camara-dos-deputados\/\"]}]},{\"@type\":\"ImageObject\",\"inLanguage\":\"pt-BR\",\"@id\":\"https:\/\/padrejosimo.com.br\/site\/noticias\/comissao-pastoral-da-terra-e-homenageada-na-camara-dos-deputados\/#primaryimage\",\"url\":\"https:\/\/padrejosimo.com.br\/site\/wp-content\/uploads\/2025\/08\/img20250826102659952MED.jpg\",\"contentUrl\":\"https:\/\/padrejosimo.com.br\/site\/wp-content\/uploads\/2025\/08\/img20250826102659952MED.jpg\",\"width\":1000,\"height\":617,\"caption\":\"Deputados, agentes de pastoral e lideran\u00e7as de movimentos sociais participaram da sess\u00e3o solene - Vinicius Loures\/C\u00e2mara dos Deputados\"},{\"@type\":\"BreadcrumbList\",\"@id\":\"https:\/\/padrejosimo.com.br\/site\/noticias\/comissao-pastoral-da-terra-e-homenageada-na-camara-dos-deputados\/#breadcrumb\",\"itemListElement\":[{\"@type\":\"ListItem\",\"position\":1,\"name\":\"In\u00edcio\",\"item\":\"https:\/\/padrejosimo.com.br\/site\/\"},{\"@type\":\"ListItem\",\"position\":2,\"name\":\"Not\u00edcias\",\"item\":\"https:\/\/padrejosimo.com.br\/site\/noticias\/\"},{\"@type\":\"ListItem\",\"position\":3,\"name\":\"Comiss\u00e3o Pastoral da Terra \u00e9 homenageada na C\u00e2mara dos Deputados\"}]},{\"@type\":\"WebSite\",\"@id\":\"https:\/\/padrejosimo.com.br\/site\/#website\",\"url\":\"https:\/\/padrejosimo.com.br\/site\/\",\"name\":\"Instituto Cultural Padre Josimo\",\"description\":\"Comprometida com a promo\u00e7\u00e3o da justi\u00e7a social, agroecologia e educa\u00e7\u00e3o popular\",\"publisher\":{\"@id\":\"https:\/\/padrejosimo.com.br\/site\/#organization\"},\"alternateName\":\"ICPJ\",\"potentialAction\":[{\"@type\":\"SearchAction\",\"target\":{\"@type\":\"EntryPoint\",\"urlTemplate\":\"https:\/\/padrejosimo.com.br\/site\/?s={search_term_string}\"},\"query-input\":{\"@type\":\"PropertyValueSpecification\",\"valueRequired\":true,\"valueName\":\"search_term_string\"}}],\"inLanguage\":\"pt-BR\"},{\"@type\":\"Organization\",\"@id\":\"https:\/\/padrejosimo.com.br\/site\/#organization\",\"name\":\"Instituto Cultural Padre Josimo\",\"alternateName\":\"ICPJ\",\"url\":\"https:\/\/padrejosimo.com.br\/site\/\",\"logo\":{\"@type\":\"ImageObject\",\"inLanguage\":\"pt-BR\",\"@id\":\"https:\/\/padrejosimo.com.br\/site\/#\/schema\/logo\/image\/\",\"url\":\"https:\/\/padrejosimo.com.br\/site\/wp-content\/uploads\/2025\/09\/cropped-icon-icpj.png\",\"contentUrl\":\"https:\/\/padrejosimo.com.br\/site\/wp-content\/uploads\/2025\/09\/cropped-icon-icpj.png\",\"width\":512,\"height\":512,\"caption\":\"Instituto Cultural Padre Josimo\"},\"image\":{\"@id\":\"https:\/\/padrejosimo.com.br\/site\/#\/schema\/logo\/image\/\"}}]}<\/script>\n<!-- \/ Yoast SEO plugin. -->","yoast_head_json":{"title":"Comiss\u00e3o Pastoral da Terra \u00e9 homenageada na C\u00e2mara dos Deputados - Instituto Cultural Padre Josimo","robots":{"index":"index","follow":"follow","max-snippet":"max-snippet:-1","max-image-preview":"max-image-preview:large","max-video-preview":"max-video-preview:-1"},"canonical":"https:\/\/padrejosimo.com.br\/site\/noticias\/comissao-pastoral-da-terra-e-homenageada-na-camara-dos-deputados\/","og_locale":"pt_BR","og_type":"article","og_title":"Comiss\u00e3o Pastoral da Terra \u00e9 homenageada na C\u00e2mara dos Deputados - Instituto Cultural Padre Josimo","og_description":"Agentes da CPT, autoridades e deputados expressaram reconhecimento aos 50 anos da pastoral","og_url":"https:\/\/padrejosimo.com.br\/site\/noticias\/comissao-pastoral-da-terra-e-homenageada-na-camara-dos-deputados\/","og_site_name":"Instituto Cultural Padre Josimo","article_modified_time":"2025-08-28T13:18:45+00:00","og_image":[{"width":1000,"height":617,"url":"https:\/\/padrejosimo.com.br\/site\/wp-content\/uploads\/2025\/08\/img20250826102659952MED.jpg","type":"image\/jpeg"}],"twitter_card":"summary_large_image","twitter_misc":{"Est. tempo de leitura":"12 minutos"},"schema":{"@context":"https:\/\/schema.org","@graph":[{"@type":"WebPage","@id":"https:\/\/padrejosimo.com.br\/site\/noticias\/comissao-pastoral-da-terra-e-homenageada-na-camara-dos-deputados\/","url":"https:\/\/padrejosimo.com.br\/site\/noticias\/comissao-pastoral-da-terra-e-homenageada-na-camara-dos-deputados\/","name":"Comiss\u00e3o Pastoral da Terra \u00e9 homenageada na C\u00e2mara dos Deputados - Instituto Cultural Padre Josimo","isPartOf":{"@id":"https:\/\/padrejosimo.com.br\/site\/#website"},"primaryImageOfPage":{"@id":"https:\/\/padrejosimo.com.br\/site\/noticias\/comissao-pastoral-da-terra-e-homenageada-na-camara-dos-deputados\/#primaryimage"},"image":{"@id":"https:\/\/padrejosimo.com.br\/site\/noticias\/comissao-pastoral-da-terra-e-homenageada-na-camara-dos-deputados\/#primaryimage"},"thumbnailUrl":"https:\/\/padrejosimo.com.br\/site\/wp-content\/uploads\/2025\/08\/img20250826102659952MED.jpg","datePublished":"2025-08-28T13:17:39+00:00","dateModified":"2025-08-28T13:18:45+00:00","breadcrumb":{"@id":"https:\/\/padrejosimo.com.br\/site\/noticias\/comissao-pastoral-da-terra-e-homenageada-na-camara-dos-deputados\/#breadcrumb"},"inLanguage":"pt-BR","potentialAction":[{"@type":"ReadAction","target":["https:\/\/padrejosimo.com.br\/site\/noticias\/comissao-pastoral-da-terra-e-homenageada-na-camara-dos-deputados\/"]}]},{"@type":"ImageObject","inLanguage":"pt-BR","@id":"https:\/\/padrejosimo.com.br\/site\/noticias\/comissao-pastoral-da-terra-e-homenageada-na-camara-dos-deputados\/#primaryimage","url":"https:\/\/padrejosimo.com.br\/site\/wp-content\/uploads\/2025\/08\/img20250826102659952MED.jpg","contentUrl":"https:\/\/padrejosimo.com.br\/site\/wp-content\/uploads\/2025\/08\/img20250826102659952MED.jpg","width":1000,"height":617,"caption":"Deputados, agentes de pastoral e lideran\u00e7as de movimentos sociais participaram da sess\u00e3o solene - Vinicius Loures\/C\u00e2mara dos Deputados"},{"@type":"BreadcrumbList","@id":"https:\/\/padrejosimo.com.br\/site\/noticias\/comissao-pastoral-da-terra-e-homenageada-na-camara-dos-deputados\/#breadcrumb","itemListElement":[{"@type":"ListItem","position":1,"name":"In\u00edcio","item":"https:\/\/padrejosimo.com.br\/site\/"},{"@type":"ListItem","position":2,"name":"Not\u00edcias","item":"https:\/\/padrejosimo.com.br\/site\/noticias\/"},{"@type":"ListItem","position":3,"name":"Comiss\u00e3o Pastoral da Terra \u00e9 homenageada na C\u00e2mara dos Deputados"}]},{"@type":"WebSite","@id":"https:\/\/padrejosimo.com.br\/site\/#website","url":"https:\/\/padrejosimo.com.br\/site\/","name":"Instituto Cultural Padre Josimo","description":"Comprometida com a promo\u00e7\u00e3o da justi\u00e7a social, agroecologia e educa\u00e7\u00e3o popular","publisher":{"@id":"https:\/\/padrejosimo.com.br\/site\/#organization"},"alternateName":"ICPJ","potentialAction":[{"@type":"SearchAction","target":{"@type":"EntryPoint","urlTemplate":"https:\/\/padrejosimo.com.br\/site\/?s={search_term_string}"},"query-input":{"@type":"PropertyValueSpecification","valueRequired":true,"valueName":"search_term_string"}}],"inLanguage":"pt-BR"},{"@type":"Organization","@id":"https:\/\/padrejosimo.com.br\/site\/#organization","name":"Instituto Cultural Padre Josimo","alternateName":"ICPJ","url":"https:\/\/padrejosimo.com.br\/site\/","logo":{"@type":"ImageObject","inLanguage":"pt-BR","@id":"https:\/\/padrejosimo.com.br\/site\/#\/schema\/logo\/image\/","url":"https:\/\/padrejosimo.com.br\/site\/wp-content\/uploads\/2025\/09\/cropped-icon-icpj.png","contentUrl":"https:\/\/padrejosimo.com.br\/site\/wp-content\/uploads\/2025\/09\/cropped-icon-icpj.png","width":512,"height":512,"caption":"Instituto Cultural Padre Josimo"},"image":{"@id":"https:\/\/padrejosimo.com.br\/site\/#\/schema\/logo\/image\/"}}]}},"_links":{"self":[{"href":"https:\/\/padrejosimo.com.br\/site\/wp-json\/wp\/v2\/noticias\/7154","targetHints":{"allow":["GET"]}}],"collection":[{"href":"https:\/\/padrejosimo.com.br\/site\/wp-json\/wp\/v2\/noticias"}],"about":[{"href":"https:\/\/padrejosimo.com.br\/site\/wp-json\/wp\/v2\/types\/noticias"}],"wp:featuredmedia":[{"embeddable":true,"href":"https:\/\/padrejosimo.com.br\/site\/wp-json\/wp\/v2\/media\/7155"}],"wp:attachment":[{"href":"https:\/\/padrejosimo.com.br\/site\/wp-json\/wp\/v2\/media?parent=7154"}],"wp:term":[{"taxonomy":"categorias_noticias","embeddable":true,"href":"https:\/\/padrejosimo.com.br\/site\/wp-json\/wp\/v2\/categorias_noticias?post=7154"}],"curies":[{"name":"wp","href":"https:\/\/api.w.org\/{rel}","templated":true}]}}