{"id":7151,"date":"2025-08-26T08:01:59","date_gmt":"2025-08-26T11:01:59","guid":{"rendered":"https:\/\/padrejosimo.com.br\/site\/?post_type=noticias&#038;p=7151"},"modified":"2025-08-26T10:19:00","modified_gmt":"2025-08-26T13:19:00","slug":"frei-sergio-questiona-decisao-da-justica-federal-que-atinge-usina-e-mina-de-candiota-nao-estao-propondo-transicao-energetica-estao-impondo-interrupcao-energetica","status":"publish","type":"noticias","link":"https:\/\/padrejosimo.com.br\/site\/noticias\/frei-sergio-questiona-decisao-da-justica-federal-que-atinge-usina-e-mina-de-candiota-nao-estao-propondo-transicao-energetica-estao-impondo-interrupcao-energetica\/","title":{"rendered":"Frei S\u00e9rgio questiona decis\u00e3o da Justi\u00e7a Federal que atinge usina e mina de Candiota: \u201cN\u00e3o est\u00e3o propondo transi\u00e7\u00e3o energ\u00e9tica, est\u00e3o impondo interrup\u00e7\u00e3o energ\u00e9tica\u201d."},"content":{"rendered":"<p>Marcos Antonio Corbari<\/p>\n<p><img fetchpriority=\"high\" decoding=\"async\" class=\"wp-image-7152 aligncenter\" src=\"https:\/\/padrejosimo.com.br\/site\/wp-content\/uploads\/2025\/08\/Sem-titulo-5-1024x724.png\" alt=\"\" width=\"551\" height=\"389\" srcset=\"https:\/\/padrejosimo.com.br\/site\/wp-content\/uploads\/2025\/08\/Sem-titulo-5-1024x724.png 1024w, https:\/\/padrejosimo.com.br\/site\/wp-content\/uploads\/2025\/08\/Sem-titulo-5-300x212.png 300w, https:\/\/padrejosimo.com.br\/site\/wp-content\/uploads\/2025\/08\/Sem-titulo-5-768x543.png 768w, https:\/\/padrejosimo.com.br\/site\/wp-content\/uploads\/2025\/08\/Sem-titulo-5-1536x1086.png 1536w, https:\/\/padrejosimo.com.br\/site\/wp-content\/uploads\/2025\/08\/Sem-titulo-5-2048x1448.png 2048w\" sizes=\"(max-width: 551px) 100vw, 551px\" \/><\/p>\n<p>Nesta segunda-feira (25) o diretor do Instituto Cultural Padre Josimo (ICPJ) e integrante do comit\u00ea gestor do P\u00f3lo de Inova\u00e7\u00e3o Energ\u00e9tico Ambiental do Pampa Ga\u00facho, Frei S\u00e9rgio Ant\u00f4nio G\u00f6rgen, manifestou-se acerca da senten\u00e7a proferida pela 9\u00aa Vara Federal de Porto Alegre, que determinou a suspens\u00e3o das licen\u00e7as da Usina Termel\u00e9trica Candiota III e da Mina de Carv\u00e3o Mineral Candiota, localizadas no munic\u00edpio de Candiota (RS). A senten\u00e7a foi publicada na sexta-feira (22\/8).\u00a0A a\u00e7\u00e3o civil p\u00fablica foi proposta por tr\u00eas associa\u00e7\u00f5es civis: N\u00facleo Amigos da Terra Brasil;\u00a0Instituto Preservar e Associa\u00e7\u00e3o Ga\u00facha de Prote\u00e7\u00e3o ao Ambiente Natural (AGAPAN).\u00a0<\/p>\n<p>Frei S\u00e9rgio, que reside na regi\u00e3o h\u00e1 quase duas d\u00e9cadas e acompanha as a\u00e7\u00f5es de mitiga\u00e7\u00e3o dos impactos ambientais da cadeia produtiva do carv\u00e3o e conhece como poucos as repercuss\u00f5es sociais que a cessa\u00e7\u00e3o dessa atividade pode causar no territ\u00f3rio, manifestou-se em suas redes sociais atrav\u00e9s de um v\u00eddeo de 18 minutos onde exp\u00f5e argumentos, questiona a decis\u00e3o da ju\u00edza Rafaela Santos Martins da Rosa e demonstra indigna\u00e7\u00e3o frente as organiza\u00e7\u00f5es proponentes da a\u00e7\u00e3o.<\/p>\n<p>\u201cAprendi conhecer aquela regi\u00e3o e principalmente as pessoas que est\u00e3o l\u00e1. N\u00f3s todos fomos surpreendidos com a decis\u00e3o que resultou na suspens\u00e3o da licen\u00e7a ambiental da usina de Candiota, que gera energia \u00e0 base do carv\u00e3o, e que j\u00e1 est\u00e1 deixando no desespero milhares de pessoas que trabalham l\u00e1 ou que tem seus empregos indiretamente vinculados \u00e0 a\u00e7\u00e3o daquela usina\u201d, aponta G\u00f6rgen, indicando que a estimativa \u00e9 que entre 4 e 5 mil pessoas sejam atingidas, impactando toda a regi\u00e3o. \u201cA decis\u00e3o manda suspender pura e simplesmente, da noite pro dia, a opera\u00e7\u00e3o da usina, gerando um desemprego brutal\u201d.<\/p>\n<p>Frei S\u00e9rgio inicia questionando a legitimidade das organiza\u00e7\u00f5es que prop\u00f5em a a\u00e7\u00e3o civil, uma vez que n\u00e3o tem atua\u00e7\u00e3o na regi\u00e3o e demonstram desconhecimento a respeito da pauta, indicando informa\u00e7\u00f5es defasadas ou mesmo inver\u00eddicas na proposi\u00e7\u00e3o da a\u00e7\u00e3o. \u201cEu milito na luta ecol\u00f3gica h\u00e1 muito tempo, n\u00e3o apenas discurso, mas envolvendo pr\u00e1ticas coletivas muito significativas, inclusive na regi\u00e3o\u201d, afirmou.<\/p>\n<p>\u201c\u00c9 uma decis\u00e3o a pedido dessas tr\u00eas entidades que n\u00e3o s\u00e3o da regi\u00e3o, que conhecem muito pouco a regi\u00e3o, n\u00e3o sabem o que est\u00e1 se fazendo, n\u00e3o sabem das modifica\u00e7\u00f5es que foram feitas, n\u00e3o sabem de muitas a\u00e7\u00f5es que j\u00e1 foram feitas l\u00e1 visando minimizar o problema ambiental. N\u00e3o sabem do impacto social. Eu os desafio para um debate l\u00e1 na regi\u00e3o, para demonstrar para eles o que eles n\u00e3o conhecem\u201d, afirma G\u00f6rgen, citando como exemplo a pr\u00f3pria veicula\u00e7\u00e3o de imagens antigas na imprensa e at\u00e9 mesmo na mat\u00e9ria publicada pela assessoria do pr\u00f3prio TRF4, que mostra no cen\u00e1rio uma das usinas que foram desativadas h\u00e1 cerca de 7 anos.<\/p>\n<p>\u201cEssa decis\u00e3o mais do que desastrosa, ela \u00e9 desumana com muitas pessoas que entram numa inseguran\u00e7a muito grande agora. Mas ela \u00e9 desproporcional tamb\u00e9m, porque \u00e9 uma medida dr\u00e1stica para uma situa\u00e7\u00e3o na qual \u00e9 pedido uma transi\u00e7\u00e3o energ\u00e9tica. E a decis\u00e3o da doutora Rafaela Santos Martins da Rosa, \u00e9 uma decis\u00e3o de interrup\u00e7\u00e3o energ\u00e9tica\u201d, afirma G\u00f6rgem, explicando ainda que a decis\u00e3o demonstra sequer ter no\u00e7\u00e3o de temporalidade, uma vez que prop\u00f5e condicionantes a serem atendidos em per\u00edodos de dois meses, tr\u00eas meses e at\u00e9 fim de janeiro de 2026, mas a decis\u00e3o final simplesmente interrompe a atividade de forma brusca. \u201cA usina foi desligada no s\u00e1bado (23) e a partir de agora mergulha uma regi\u00e3o inteira numa brutal incerteza\u201d.<\/p>\n<p>Frei S\u00e9rgio \u2013 que leu as mais de 300 p\u00e1ginas da senten\u00e7a antes de as manifestar \u2013 identificou inclusive inconsist\u00eancias de datas vinculadas pela magistrada como refer\u00eancia temporal para o cumprimento de etapas, ora se referindo a 2025, ora a 2026. Segundo ele, tais lapsos denotam a forma apressada com que o assunto foi resolvido. \u201cVeja bem, se ela tivesse revisado com um pouco mais de calma, ela n\u00e3o teria colocado para cumprir uma decis\u00e3o em janeiro de 2025, sendo que n\u00f3s j\u00e1 estamos em agosto de 2025\u201d. Segundo G\u00f6rgen, diversas frentes est\u00e3o mobilizadas para buscar a reforma da senten\u00e7a, incluindo juristas e pessoas especializadas na \u00e1rea do meio ambiente.<\/p>\n<p>Frei S\u00e9rgio questiona a tentativa por parte das entidades proponentes da a\u00e7\u00e3o, em responsabilizar a usina de Candiota pelos efeitos da crise clim\u00e1tica do Rio Grande do Sul, citando desde os per\u00edodos sucessivos de estiagem que ocorrem na regi\u00e3o, at\u00e9 a trag\u00e9dia clim\u00e1tica das enchentes que atingiu outras regi\u00f5es do estado. Conforme ele, se busca responsabilizar o Carv\u00e3o de Candiota, explorado desde o in\u00edcio da d\u00e9cada de 1960, pelo efeito do ac\u00famulo de carbono na atmosfera e do aquecimento global, que come\u00e7ou em 1850 com a era industrial, a partir inicialmente dos pa\u00edses europeus, seguindo-se de R\u00fassia, Estados Unidos e China. Cita ainda a explora\u00e7\u00e3o do petr\u00f3leo, que trouxe tamb\u00e9m mais carbono \u00e0 atmosfera. \u201cComo \u00e9 que uma usina a carv\u00e3o de Candiota, estabelecida 110 anos depois do in\u00edcio dos efeitos da causa da crise clim\u00e1tica, seria ela sozinha, aparentemente, a causadora dessa trag\u00e9dia toda? Isso \u00e9 desproporcional. \u00c9 uma confus\u00e3o entre o global e o local, uma confus\u00e3o das causas da crise do clima e \u00e9 uma confus\u00e3o que n\u00e3o poderia acontecer nem com essas entidades que se dizem qualificadas, nem com a Dra. Rafaela Santos Martins da Rosa, que \u00e9 doutora em meio ambiente\u201d.<\/p>\n<p>Outro elemento grave apontado por G\u00f6rgen na peti\u00e7\u00e3o inicial das entidades e na decis\u00e3o da ju\u00edza \u00e9 o aparente desconhecimento da realidade local, especialmente do fato de que duas usinas j\u00e1 foram fechadas (as chamadas Fase A e Fase B). Tamb\u00e9m cita o desconhecimento a respeito das iniciativas desenvolvidas em \u00e2mbito local e regional para minimizar os impactos, dando como exemplo o plantio de mais de 1000 hectares de \u00e1rvores desde 2012. O rigor das a\u00e7\u00f5es de fiscaliza\u00e7\u00e3o por parte do IBAMA e da FEPAM tamb\u00e9m foi citado, para que os gases emitidos sejam ao m\u00e1ximo poss\u00edvel controlados e n\u00e3o seja expelido material particulado na atmosfera.<\/p>\n<p>\u201cO ar de Candiota hoje \u00e9 um ar que est\u00e1 com melhor qualidade do que qualquer m\u00e9dia ou grande cidade no estado ou mesmo no Brasil e isso n\u00e3o foi levado em conta\u201d, indica Frei S\u00e9rgio, apontando inclusive dados inconsistentes a respeito de quest\u00f5es de sa\u00fade no munic\u00edpio que podem ser facilmente refutados se consultados os \u00edndices registrados na pr\u00f3pria Secretaria Estadual de Sa\u00fade que vai se comprovar que os impactos citados na sa\u00fade da popula\u00e7\u00e3o n\u00e3o existem mais. Segundo G\u00f6rgen, tais indicadores podem at\u00e9 ter ocorrido no passado, mas atualmente \u201cn\u00e3o existem mais, porque medidas foram tomadas pelo profissionalismo dos t\u00e9cnicos do IBAMA e pelo profissionalismo dos t\u00e9cnicos da FEPAN\u201d.<\/p>\n<p>Ele aponta ainda a forma como a realidade local foi desconsiderada no seu aspecto social. \u201c\u00c9 como se o ambiente n\u00e3o tivesse gente, como se essa usina tivesse l\u00e1 extraviada no meio do Pampa e funcionasse sozinha, sem ningu\u00e9m trabalhando, sem ningu\u00e9m existindo, sem nenhuma vida social ao redor dela. E n\u00e3o \u00e9 assim. Esses que defendem o meio ambiente, desconsiderando a quest\u00e3o social e desconsiderando as pessoas, o ambiente sem gente, n\u00e3o s\u00e3o verdadeiros ambientalistas. S\u00e3o falsos ambientalistas, porque s\u00f3 um processo social, educa\u00e7\u00e3o ambiental, envolvendo as pessoas, voc\u00ea consegue dar passo para a frente\u201d.<\/p>\n<p>G\u00f6rgem critica a aparente confus\u00e3o de conceitos: \u201cO tempo todo falam em transi\u00e7\u00e3o energ\u00e9tica, mas o que a ju\u00edza determinou n\u00e3o \u00e9 transi\u00e7\u00e3o, \u00e9 interrup\u00e7\u00e3o energ\u00e9tica. \u00c9 gerar o caos imediato. Eu, como cidad\u00e3o brasileiro, tenho o direito de dizer que essa decis\u00e3o \u00e9 desumana, desrespeitosa, n\u00e3o levou em conta a vida humana e nem os progressos ambientais que teve na regi\u00e3o ao longo do \u00faltimo per\u00edodo, j\u00e1 iniciando a transi\u00e7\u00e3o energ\u00e9tica, fazendo com que ela tenha dado passos important\u00edssimos na regi\u00e3o\u201d.<\/p>\n<p>O que se esperava, na interpreta\u00e7\u00e3o de G\u00f6rgen, \u00e9 que o judici\u00e1rio fizesse uma inspe\u00e7\u00e3o local, que teria um efeito positivo \u201cpara conhecer a realidade como ela existe\u201d, n\u00e3o se deixando convencer apenas pelas informa\u00e7\u00f5es levadas por \u201cgente de fora, que n\u00e3o conhece a regi\u00e3o, que n\u00e3o est\u00e1 l\u00e1\u201d.<\/p>\n<p>Ele questiona inclusive onde estavam as organiza\u00e7\u00f5es proponentes da a\u00e7\u00e3o civil durante as trag\u00e9dias clim\u00e1ticas de 2023 e 2024. \u201cEu e mais uma multid\u00e3o de jovens militantes, pessoas da igreja, pessoas dos movimentos sociais, fomos l\u00e1 na regi\u00e3o, acompanhamos a trag\u00e9dia, fizemos v\u00e1rias a\u00e7\u00f5es de socorro, de ajudar na reconstru\u00e7\u00e3o, na reabilita\u00e7\u00e3o das pessoas, das fam\u00edlias. N\u00e3o vi essas entidades ambientalistas l\u00e1, n\u00e3o sei onde estavam, n\u00e3o vi junto com o povo, n\u00e3o vi fazendo o seu papel real com as pessoas e n\u00e3o apenas a cr\u00edtica e a culpa\u201d.<\/p>\n<p>Para G\u00f6rgen a motiva\u00e7\u00e3o da a\u00e7\u00e3o \u00e9 uma esp\u00e9cie de teoria do \u201cbode expiat\u00f3rio\u201d. Citando o fil\u00f3sofo Ren\u00ea Girard, ele prop\u00f5e uma digress\u00e3o reflexiva, questionando se o povo, as usinas e as minas de Candiota n\u00e3o est\u00e3o sendo usados como bode expiat\u00f3rio para amenizar o sentimento de culpa de outras pessoas que est\u00e3o distantes do territ\u00f3rio e da realidade ali vivenciada: \u201cEu n\u00e3o quero desligar minha luz. Eu n\u00e3o quero desligar meu ar-condicionado na noite de ver\u00e3o muito quente, nem na noite fria de inverno. Eu n\u00e3o quero deixar de andar com meu carro, eu n\u00e3o vou deixar de andar de avi\u00e3o. Eu estudo e percebo que a mudan\u00e7a clim\u00e1tica vem atrav\u00e9s da gera\u00e7\u00e3o de CO2, mas eu n\u00e3o quero mudar meu modo de vida. Eu tenho que achar um bode expiat\u00f3rio para jogar todas as culpas, para me livrar das minhas culpas\u201d, explicou. \u201cCandiota e o povo de Candiota, de Hulha Negra, de Pinheiro Machado, de Bag\u00e9, de Ca\u00e7apava, que depende do trabalho daquela usina, \u00e9 o bode expiat\u00f3rio\u201d.<\/p>\n<p>Outro ponto cr\u00edtico relembrado por G\u00f6rgen diz respeito \u00e0 constru\u00e7\u00e3o civil no estado do RS, uma vez que cerca de 40% do cimento produzido no estado \u00e9 derivado das cinzas das usinas a carv\u00e3o. A tend\u00eancia \u00e9 de que o cimento fique mais caro, desencadeando um custo mais levado para toda a cadeia da constru\u00e7\u00e3o civil, desde as obras de casas populares at\u00e9 os grandes empreendimentos imobili\u00e1rios.<\/p>\n<p>Mostrando uma publica\u00e7\u00e3o que sintetiza uma s\u00e9rie de informa\u00e7\u00f5es coletadas e estudos realizados pelo Polo de inova\u00e7\u00e3o Energ\u00e9tico Ambiental do Pampa Ga\u00facho, voltou a reafirmar que a transi\u00e7\u00e3o energ\u00e9tica no territ\u00f3rio j\u00e1 vem sendo trabalhada a partir dos principais interessados no tema, que s\u00e3o as comunidades local e regional.<\/p>\n<p>\u201cN\u00f3s precisamos reverter essa decis\u00e3o desumana, tr\u00e1gica, mal fundamentada e fundamentada num ambientalismo que n\u00e3o dialoga com o mundo real. Ali\u00e1s, citaram a COP de Glasgow e a confer\u00eancia de Paris, s\u00f3 esqueceram de dizer que l\u00e1 se diz que o uso do carv\u00e3o dever\u00e1 ser reduzido gradativamente at\u00e9 2050. J\u00e1 foram fechadas duas usinas por decis\u00e3o do IBAMA. J\u00e1 houve a redu\u00e7\u00e3o solicitada por Glasgow. A nossa defesa \u00e9 o prolongamento do uso dessas usinas at\u00e9 2043, muito antes de 2050, portanto, dentro das decis\u00f5es que o Brasil participou no contexto internacional. Por favor citem, mas citem integralmente essas conven\u00e7\u00f5es\u201d.<\/p>\n<p>No final do v\u00eddeo, Frei S\u00e9rgio conclama o povo de Candiota e regi\u00e3o para que se organize e pede ao Judici\u00e1rio que tenha mais aten\u00e7\u00e3o e cuidado nesse tipo de decis\u00e3o. \u201cTemos que fazer a transi\u00e7\u00e3o energ\u00e9tica, temos que defender o meio ambiente, temos que superar a mudan\u00e7a clim\u00e1tica, mas n\u00e3o desta forma. Esta forma est\u00e1 errada. Esta forma nem \u00e9 educativa para o povo, porque \u00e0s vezes coloca muita gente que n\u00e3o entende toda essa quest\u00e3o contra as medidas ambientais que n\u00f3s precisamos tomar e que a regi\u00e3o est\u00e1 fazendo, est\u00e1 tomando, est\u00e1 fazendo o seu papel\u201d.<\/p>\n<p>Por fim, reconheceu que ainda h\u00e1 muito o que se melhorar nas a\u00e7\u00f5es sobre o tema, mas reiterou que \u201cuma decis\u00e3o dr\u00e1stica como essa n\u00e3o ajuda em nada, de nenhuma forma. Transi\u00e7\u00e3o energ\u00e9tica n\u00e3o \u00e9 interrup\u00e7\u00e3o energ\u00e9tica. E a destrui\u00e7\u00e3o de vidas de pessoas n\u00e3o pode ser o caminho para cuidar do meio ambiente. O caminho \u00e9 outro\u201d.<\/p>\n<p><iframe src=\"\/\/www.youtube.com\/embed\/1e4PLWZ9tHU\" width=\"560\" height=\"314\" allowfullscreen=\"allowfullscreen\"><\/iframe><\/p>\n<hr \/>\n<p>O v\u00eddeo na \u00edntegra est\u00e1 dispon\u00edvel nas redes sociais de Frei S\u00e9rgio:<\/p>\n<p>Youtube: <a href=\"https:\/\/youtu.be\/1e4PLWZ9tHU\">https:\/\/youtu.be\/1e4PLWZ9tHU<\/a><\/p>\n<p>Facebook: <a href=\"https:\/\/www.facebook.com\/share\/v\/16uzBcJT93\/\">https:\/\/www.facebook.com\/share\/v\/16uzBcJT93\/<\/a><\/p>\n<p>Instagram: <a href=\"https:\/\/www.instagram.com\/p\/DNykIWVwK0h\/\">https:\/\/www.instagram.com\/p\/DNykIWVwK0h\/<\/a>\u00a0<\/p>\n","protected":false},"excerpt":{"rendered":"<p>Decis\u00e3o de juiza federal substituta induz paraliza\u00e7\u00e3o de usina e coloca em risco social 5 mil pessoas na regi\u00e3o de Candiota (RS)<\/p>\n","protected":false},"featured_media":7152,"template":"","categorias_noticias":[13],"class_list":["post-7151","noticias","type-noticias","status-publish","has-post-thumbnail","hentry","categorias_noticias-noticias"],"acf":[],"yoast_head":"<!-- This site is optimized with the Yoast SEO plugin v27.2 - https:\/\/yoast.com\/product\/yoast-seo-wordpress\/ -->\n<title>Frei S\u00e9rgio questiona decis\u00e3o da Justi\u00e7a Federal que atinge usina e mina de Candiota: \u201cN\u00e3o est\u00e3o propondo transi\u00e7\u00e3o energ\u00e9tica, est\u00e3o impondo interrup\u00e7\u00e3o energ\u00e9tica\u201d. - Instituto Cultural Padre Josimo<\/title>\n<meta name=\"robots\" content=\"index, follow, max-snippet:-1, max-image-preview:large, max-video-preview:-1\" \/>\n<link rel=\"canonical\" href=\"https:\/\/padrejosimo.com.br\/site\/noticias\/frei-sergio-questiona-decisao-da-justica-federal-que-atinge-usina-e-mina-de-candiota-nao-estao-propondo-transicao-energetica-estao-impondo-interrupcao-energetica\/\" \/>\n<meta property=\"og:locale\" content=\"pt_BR\" \/>\n<meta property=\"og:type\" content=\"article\" \/>\n<meta property=\"og:title\" content=\"Frei S\u00e9rgio questiona decis\u00e3o da Justi\u00e7a Federal que atinge usina e mina de Candiota: \u201cN\u00e3o est\u00e3o propondo transi\u00e7\u00e3o energ\u00e9tica, est\u00e3o impondo interrup\u00e7\u00e3o energ\u00e9tica\u201d. - Instituto Cultural Padre Josimo\" \/>\n<meta property=\"og:description\" content=\"Decis\u00e3o de juiza federal substituta induz paraliza\u00e7\u00e3o de usina e coloca em risco social 5 mil pessoas na regi\u00e3o de Candiota (RS)\" \/>\n<meta property=\"og:url\" content=\"https:\/\/padrejosimo.com.br\/site\/noticias\/frei-sergio-questiona-decisao-da-justica-federal-que-atinge-usina-e-mina-de-candiota-nao-estao-propondo-transicao-energetica-estao-impondo-interrupcao-energetica\/\" \/>\n<meta property=\"og:site_name\" content=\"Instituto Cultural Padre Josimo\" \/>\n<meta property=\"article:modified_time\" content=\"2025-08-26T13:19:00+00:00\" \/>\n<meta property=\"og:image\" content=\"https:\/\/padrejosimo.com.br\/site\/wp-content\/uploads\/2025\/08\/Sem-titulo-5-scaled.png\" \/>\n\t<meta property=\"og:image:width\" content=\"2560\" \/>\n\t<meta property=\"og:image:height\" content=\"1811\" \/>\n\t<meta property=\"og:image:type\" content=\"image\/png\" \/>\n<meta name=\"twitter:card\" content=\"summary_large_image\" \/>\n<meta name=\"twitter:label1\" content=\"Est. tempo de leitura\" \/>\n\t<meta name=\"twitter:data1\" content=\"12 minutos\" \/>\n<script type=\"application\/ld+json\" class=\"yoast-schema-graph\">{\"@context\":\"https:\/\/schema.org\",\"@graph\":[{\"@type\":\"WebPage\",\"@id\":\"https:\/\/padrejosimo.com.br\/site\/noticias\/frei-sergio-questiona-decisao-da-justica-federal-que-atinge-usina-e-mina-de-candiota-nao-estao-propondo-transicao-energetica-estao-impondo-interrupcao-energetica\/\",\"url\":\"https:\/\/padrejosimo.com.br\/site\/noticias\/frei-sergio-questiona-decisao-da-justica-federal-que-atinge-usina-e-mina-de-candiota-nao-estao-propondo-transicao-energetica-estao-impondo-interrupcao-energetica\/\",\"name\":\"Frei S\u00e9rgio questiona decis\u00e3o da Justi\u00e7a Federal que atinge usina e mina de Candiota: \u201cN\u00e3o est\u00e3o propondo transi\u00e7\u00e3o energ\u00e9tica, est\u00e3o impondo interrup\u00e7\u00e3o energ\u00e9tica\u201d. - Instituto Cultural Padre Josimo\",\"isPartOf\":{\"@id\":\"https:\/\/padrejosimo.com.br\/site\/#website\"},\"primaryImageOfPage\":{\"@id\":\"https:\/\/padrejosimo.com.br\/site\/noticias\/frei-sergio-questiona-decisao-da-justica-federal-que-atinge-usina-e-mina-de-candiota-nao-estao-propondo-transicao-energetica-estao-impondo-interrupcao-energetica\/#primaryimage\"},\"image\":{\"@id\":\"https:\/\/padrejosimo.com.br\/site\/noticias\/frei-sergio-questiona-decisao-da-justica-federal-que-atinge-usina-e-mina-de-candiota-nao-estao-propondo-transicao-energetica-estao-impondo-interrupcao-energetica\/#primaryimage\"},\"thumbnailUrl\":\"https:\/\/padrejosimo.com.br\/site\/wp-content\/uploads\/2025\/08\/Sem-titulo-5-scaled.png\",\"datePublished\":\"2025-08-26T11:01:59+00:00\",\"dateModified\":\"2025-08-26T13:19:00+00:00\",\"breadcrumb\":{\"@id\":\"https:\/\/padrejosimo.com.br\/site\/noticias\/frei-sergio-questiona-decisao-da-justica-federal-que-atinge-usina-e-mina-de-candiota-nao-estao-propondo-transicao-energetica-estao-impondo-interrupcao-energetica\/#breadcrumb\"},\"inLanguage\":\"pt-BR\",\"potentialAction\":[{\"@type\":\"ReadAction\",\"target\":[\"https:\/\/padrejosimo.com.br\/site\/noticias\/frei-sergio-questiona-decisao-da-justica-federal-que-atinge-usina-e-mina-de-candiota-nao-estao-propondo-transicao-energetica-estao-impondo-interrupcao-energetica\/\"]}]},{\"@type\":\"ImageObject\",\"inLanguage\":\"pt-BR\",\"@id\":\"https:\/\/padrejosimo.com.br\/site\/noticias\/frei-sergio-questiona-decisao-da-justica-federal-que-atinge-usina-e-mina-de-candiota-nao-estao-propondo-transicao-energetica-estao-impondo-interrupcao-energetica\/#primaryimage\",\"url\":\"https:\/\/padrejosimo.com.br\/site\/wp-content\/uploads\/2025\/08\/Sem-titulo-5-scaled.png\",\"contentUrl\":\"https:\/\/padrejosimo.com.br\/site\/wp-content\/uploads\/2025\/08\/Sem-titulo-5-scaled.png\",\"width\":2560,\"height\":1811},{\"@type\":\"BreadcrumbList\",\"@id\":\"https:\/\/padrejosimo.com.br\/site\/noticias\/frei-sergio-questiona-decisao-da-justica-federal-que-atinge-usina-e-mina-de-candiota-nao-estao-propondo-transicao-energetica-estao-impondo-interrupcao-energetica\/#breadcrumb\",\"itemListElement\":[{\"@type\":\"ListItem\",\"position\":1,\"name\":\"In\u00edcio\",\"item\":\"https:\/\/padrejosimo.com.br\/site\/\"},{\"@type\":\"ListItem\",\"position\":2,\"name\":\"Not\u00edcias\",\"item\":\"https:\/\/padrejosimo.com.br\/site\/noticias\/\"},{\"@type\":\"ListItem\",\"position\":3,\"name\":\"Frei S\u00e9rgio questiona decis\u00e3o da Justi\u00e7a Federal que atinge usina e mina de Candiota: \u201cN\u00e3o est\u00e3o propondo transi\u00e7\u00e3o energ\u00e9tica, est\u00e3o impondo interrup\u00e7\u00e3o energ\u00e9tica\u201d.\"}]},{\"@type\":\"WebSite\",\"@id\":\"https:\/\/padrejosimo.com.br\/site\/#website\",\"url\":\"https:\/\/padrejosimo.com.br\/site\/\",\"name\":\"Instituto Cultural Padre Josimo\",\"description\":\"Comprometida com a promo\u00e7\u00e3o da justi\u00e7a social, agroecologia e educa\u00e7\u00e3o popular\",\"publisher\":{\"@id\":\"https:\/\/padrejosimo.com.br\/site\/#organization\"},\"alternateName\":\"ICPJ\",\"potentialAction\":[{\"@type\":\"SearchAction\",\"target\":{\"@type\":\"EntryPoint\",\"urlTemplate\":\"https:\/\/padrejosimo.com.br\/site\/?s={search_term_string}\"},\"query-input\":{\"@type\":\"PropertyValueSpecification\",\"valueRequired\":true,\"valueName\":\"search_term_string\"}}],\"inLanguage\":\"pt-BR\"},{\"@type\":\"Organization\",\"@id\":\"https:\/\/padrejosimo.com.br\/site\/#organization\",\"name\":\"Instituto Cultural Padre Josimo\",\"alternateName\":\"ICPJ\",\"url\":\"https:\/\/padrejosimo.com.br\/site\/\",\"logo\":{\"@type\":\"ImageObject\",\"inLanguage\":\"pt-BR\",\"@id\":\"https:\/\/padrejosimo.com.br\/site\/#\/schema\/logo\/image\/\",\"url\":\"https:\/\/padrejosimo.com.br\/site\/wp-content\/uploads\/2025\/09\/cropped-icon-icpj.png\",\"contentUrl\":\"https:\/\/padrejosimo.com.br\/site\/wp-content\/uploads\/2025\/09\/cropped-icon-icpj.png\",\"width\":512,\"height\":512,\"caption\":\"Instituto Cultural Padre Josimo\"},\"image\":{\"@id\":\"https:\/\/padrejosimo.com.br\/site\/#\/schema\/logo\/image\/\"}}]}<\/script>\n<!-- \/ Yoast SEO plugin. -->","yoast_head_json":{"title":"Frei S\u00e9rgio questiona decis\u00e3o da Justi\u00e7a Federal que atinge usina e mina de Candiota: \u201cN\u00e3o est\u00e3o propondo transi\u00e7\u00e3o energ\u00e9tica, est\u00e3o impondo interrup\u00e7\u00e3o energ\u00e9tica\u201d. - Instituto Cultural Padre Josimo","robots":{"index":"index","follow":"follow","max-snippet":"max-snippet:-1","max-image-preview":"max-image-preview:large","max-video-preview":"max-video-preview:-1"},"canonical":"https:\/\/padrejosimo.com.br\/site\/noticias\/frei-sergio-questiona-decisao-da-justica-federal-que-atinge-usina-e-mina-de-candiota-nao-estao-propondo-transicao-energetica-estao-impondo-interrupcao-energetica\/","og_locale":"pt_BR","og_type":"article","og_title":"Frei S\u00e9rgio questiona decis\u00e3o da Justi\u00e7a Federal que atinge usina e mina de Candiota: \u201cN\u00e3o est\u00e3o propondo transi\u00e7\u00e3o energ\u00e9tica, est\u00e3o impondo interrup\u00e7\u00e3o energ\u00e9tica\u201d. - Instituto Cultural Padre Josimo","og_description":"Decis\u00e3o de juiza federal substituta induz paraliza\u00e7\u00e3o de usina e coloca em risco social 5 mil pessoas na regi\u00e3o de Candiota (RS)","og_url":"https:\/\/padrejosimo.com.br\/site\/noticias\/frei-sergio-questiona-decisao-da-justica-federal-que-atinge-usina-e-mina-de-candiota-nao-estao-propondo-transicao-energetica-estao-impondo-interrupcao-energetica\/","og_site_name":"Instituto Cultural Padre Josimo","article_modified_time":"2025-08-26T13:19:00+00:00","og_image":[{"width":2560,"height":1811,"url":"https:\/\/padrejosimo.com.br\/site\/wp-content\/uploads\/2025\/08\/Sem-titulo-5-scaled.png","type":"image\/png"}],"twitter_card":"summary_large_image","twitter_misc":{"Est. tempo de leitura":"12 minutos"},"schema":{"@context":"https:\/\/schema.org","@graph":[{"@type":"WebPage","@id":"https:\/\/padrejosimo.com.br\/site\/noticias\/frei-sergio-questiona-decisao-da-justica-federal-que-atinge-usina-e-mina-de-candiota-nao-estao-propondo-transicao-energetica-estao-impondo-interrupcao-energetica\/","url":"https:\/\/padrejosimo.com.br\/site\/noticias\/frei-sergio-questiona-decisao-da-justica-federal-que-atinge-usina-e-mina-de-candiota-nao-estao-propondo-transicao-energetica-estao-impondo-interrupcao-energetica\/","name":"Frei S\u00e9rgio questiona decis\u00e3o da Justi\u00e7a Federal que atinge usina e mina de Candiota: \u201cN\u00e3o est\u00e3o propondo transi\u00e7\u00e3o energ\u00e9tica, est\u00e3o impondo interrup\u00e7\u00e3o energ\u00e9tica\u201d. - Instituto Cultural Padre Josimo","isPartOf":{"@id":"https:\/\/padrejosimo.com.br\/site\/#website"},"primaryImageOfPage":{"@id":"https:\/\/padrejosimo.com.br\/site\/noticias\/frei-sergio-questiona-decisao-da-justica-federal-que-atinge-usina-e-mina-de-candiota-nao-estao-propondo-transicao-energetica-estao-impondo-interrupcao-energetica\/#primaryimage"},"image":{"@id":"https:\/\/padrejosimo.com.br\/site\/noticias\/frei-sergio-questiona-decisao-da-justica-federal-que-atinge-usina-e-mina-de-candiota-nao-estao-propondo-transicao-energetica-estao-impondo-interrupcao-energetica\/#primaryimage"},"thumbnailUrl":"https:\/\/padrejosimo.com.br\/site\/wp-content\/uploads\/2025\/08\/Sem-titulo-5-scaled.png","datePublished":"2025-08-26T11:01:59+00:00","dateModified":"2025-08-26T13:19:00+00:00","breadcrumb":{"@id":"https:\/\/padrejosimo.com.br\/site\/noticias\/frei-sergio-questiona-decisao-da-justica-federal-que-atinge-usina-e-mina-de-candiota-nao-estao-propondo-transicao-energetica-estao-impondo-interrupcao-energetica\/#breadcrumb"},"inLanguage":"pt-BR","potentialAction":[{"@type":"ReadAction","target":["https:\/\/padrejosimo.com.br\/site\/noticias\/frei-sergio-questiona-decisao-da-justica-federal-que-atinge-usina-e-mina-de-candiota-nao-estao-propondo-transicao-energetica-estao-impondo-interrupcao-energetica\/"]}]},{"@type":"ImageObject","inLanguage":"pt-BR","@id":"https:\/\/padrejosimo.com.br\/site\/noticias\/frei-sergio-questiona-decisao-da-justica-federal-que-atinge-usina-e-mina-de-candiota-nao-estao-propondo-transicao-energetica-estao-impondo-interrupcao-energetica\/#primaryimage","url":"https:\/\/padrejosimo.com.br\/site\/wp-content\/uploads\/2025\/08\/Sem-titulo-5-scaled.png","contentUrl":"https:\/\/padrejosimo.com.br\/site\/wp-content\/uploads\/2025\/08\/Sem-titulo-5-scaled.png","width":2560,"height":1811},{"@type":"BreadcrumbList","@id":"https:\/\/padrejosimo.com.br\/site\/noticias\/frei-sergio-questiona-decisao-da-justica-federal-que-atinge-usina-e-mina-de-candiota-nao-estao-propondo-transicao-energetica-estao-impondo-interrupcao-energetica\/#breadcrumb","itemListElement":[{"@type":"ListItem","position":1,"name":"In\u00edcio","item":"https:\/\/padrejosimo.com.br\/site\/"},{"@type":"ListItem","position":2,"name":"Not\u00edcias","item":"https:\/\/padrejosimo.com.br\/site\/noticias\/"},{"@type":"ListItem","position":3,"name":"Frei S\u00e9rgio questiona decis\u00e3o da Justi\u00e7a Federal que atinge usina e mina de Candiota: \u201cN\u00e3o est\u00e3o propondo transi\u00e7\u00e3o energ\u00e9tica, est\u00e3o impondo interrup\u00e7\u00e3o energ\u00e9tica\u201d."}]},{"@type":"WebSite","@id":"https:\/\/padrejosimo.com.br\/site\/#website","url":"https:\/\/padrejosimo.com.br\/site\/","name":"Instituto Cultural Padre Josimo","description":"Comprometida com a promo\u00e7\u00e3o da justi\u00e7a social, agroecologia e educa\u00e7\u00e3o popular","publisher":{"@id":"https:\/\/padrejosimo.com.br\/site\/#organization"},"alternateName":"ICPJ","potentialAction":[{"@type":"SearchAction","target":{"@type":"EntryPoint","urlTemplate":"https:\/\/padrejosimo.com.br\/site\/?s={search_term_string}"},"query-input":{"@type":"PropertyValueSpecification","valueRequired":true,"valueName":"search_term_string"}}],"inLanguage":"pt-BR"},{"@type":"Organization","@id":"https:\/\/padrejosimo.com.br\/site\/#organization","name":"Instituto Cultural Padre Josimo","alternateName":"ICPJ","url":"https:\/\/padrejosimo.com.br\/site\/","logo":{"@type":"ImageObject","inLanguage":"pt-BR","@id":"https:\/\/padrejosimo.com.br\/site\/#\/schema\/logo\/image\/","url":"https:\/\/padrejosimo.com.br\/site\/wp-content\/uploads\/2025\/09\/cropped-icon-icpj.png","contentUrl":"https:\/\/padrejosimo.com.br\/site\/wp-content\/uploads\/2025\/09\/cropped-icon-icpj.png","width":512,"height":512,"caption":"Instituto Cultural Padre Josimo"},"image":{"@id":"https:\/\/padrejosimo.com.br\/site\/#\/schema\/logo\/image\/"}}]}},"_links":{"self":[{"href":"https:\/\/padrejosimo.com.br\/site\/wp-json\/wp\/v2\/noticias\/7151","targetHints":{"allow":["GET"]}}],"collection":[{"href":"https:\/\/padrejosimo.com.br\/site\/wp-json\/wp\/v2\/noticias"}],"about":[{"href":"https:\/\/padrejosimo.com.br\/site\/wp-json\/wp\/v2\/types\/noticias"}],"wp:featuredmedia":[{"embeddable":true,"href":"https:\/\/padrejosimo.com.br\/site\/wp-json\/wp\/v2\/media\/7152"}],"wp:attachment":[{"href":"https:\/\/padrejosimo.com.br\/site\/wp-json\/wp\/v2\/media?parent=7151"}],"wp:term":[{"taxonomy":"categorias_noticias","embeddable":true,"href":"https:\/\/padrejosimo.com.br\/site\/wp-json\/wp\/v2\/categorias_noticias?post=7151"}],"curies":[{"name":"wp","href":"https:\/\/api.w.org\/{rel}","templated":true}]}}