{"id":683,"date":"2017-12-24T14:51:51","date_gmt":"2017-12-24T16:51:51","guid":{"rendered":"http:\/\/padrejosimo.com.br\/site\/?post_type=noticias&#038;p=683"},"modified":"2017-12-24T14:51:51","modified_gmt":"2017-12-24T16:51:51","slug":"icpj-deseja-a-todas-e-todos-um-feliz-natal","status":"publish","type":"noticias","link":"https:\/\/padrejosimo.com.br\/site\/noticias\/icpj-deseja-a-todas-e-todos-um-feliz-natal\/","title":{"rendered":"ICPJ deseja a todas e todos um Feliz Natal!"},"content":{"rendered":"<p><img fetchpriority=\"high\" decoding=\"async\" class=\"aligncenter size-full wp-image-684\" src=\"https:\/\/padrejosimo.com.br\/site\/wp-content\/uploads\/2017\/12\/Sip-Sip.png\" alt=\"\" width=\"800\" height=\"800\" srcset=\"https:\/\/padrejosimo.com.br\/site\/wp-content\/uploads\/2017\/12\/Sip-Sip.png 800w, https:\/\/padrejosimo.com.br\/site\/wp-content\/uploads\/2017\/12\/Sip-Sip-150x150.png 150w, https:\/\/padrejosimo.com.br\/site\/wp-content\/uploads\/2017\/12\/Sip-Sip-300x300.png 300w, https:\/\/padrejosimo.com.br\/site\/wp-content\/uploads\/2017\/12\/Sip-Sip-768x768.png 768w\" sizes=\"(max-width: 800px) 100vw, 800px\" \/><\/p>\n<p>A for\u00e7a simb\u00f3lica do Natal tem o poder misterioso de despertar o que temos de melhor em n\u00f3s mesmos. Sentimentos de amor, ternura, carinho, solidariedade, toler\u00e2ncia, fraternidade, benqueren\u00e7a, esperan\u00e7a em dias melhores.<\/p>\n<p>\u00c9 nossa melhor humanidade se refazendo e despertando ao redor de uma humilde crian\u00e7a. O Natal n\u00e3o est\u00e1 fora de n\u00f3s. \u00c9 Deus em n\u00f3s, junto conosco, na forma humilde de uma crian\u00e7a, mas com toda a for\u00e7a criadora e esperan\u00e7osa que inspira.<\/p>\n<p>Estes s\u00e3o os votos do Instituto Cultural Padre Josimo no Natal de 2017!!!<\/p>\n<p>&nbsp;<\/p>\n<p style=\"text-align: right;\"><em>Frei S\u00e9rgio Ant\u00f4nio G\u00f6rgen omf<\/em><\/p>\n","protected":false},"excerpt":{"rendered":"<p>O Natal n\u00e3o est\u00e1 fora de n\u00f3s. \u00c9 Deus em n\u00f3s, junto conosco, na forma humilde de uma crian\u00e7a, mas com toda a for\u00e7a criadora e esperan\u00e7osa que inspira.<\/p>\n","protected":false},"featured_media":684,"template":"","categorias_noticias":[13],"class_list":["post-683","noticias","type-noticias","status-publish","has-post-thumbnail","hentry","categorias_noticias-noticias"],"acf":[],"yoast_head":"<!-- This site is optimized with the Yoast SEO plugin v27.2 - https:\/\/yoast.com\/product\/yoast-seo-wordpress\/ -->\n<title>ICPJ deseja a todas e todos um Feliz Natal! - Instituto Cultural Padre Josimo<\/title>\n<meta name=\"robots\" content=\"index, follow, max-snippet:-1, max-image-preview:large, max-video-preview:-1\" \/>\n<link rel=\"canonical\" href=\"https:\/\/padrejosimo.com.br\/site\/noticias\/icpj-deseja-a-todas-e-todos-um-feliz-natal\/\" \/>\n<meta property=\"og:locale\" content=\"pt_BR\" \/>\n<meta property=\"og:type\" content=\"article\" \/>\n<meta property=\"og:title\" content=\"ICPJ deseja a todas e todos um Feliz Natal! - Instituto Cultural Padre Josimo\" \/>\n<meta property=\"og:description\" content=\"O Natal n\u00e3o est\u00e1 fora de n\u00f3s. \u00c9 Deus em n\u00f3s, junto conosco, na forma humilde de uma crian\u00e7a, mas com toda a for\u00e7a criadora e esperan\u00e7osa que inspira.\" \/>\n<meta property=\"og:url\" content=\"https:\/\/padrejosimo.com.br\/site\/noticias\/icpj-deseja-a-todas-e-todos-um-feliz-natal\/\" \/>\n<meta property=\"og:site_name\" content=\"Instituto Cultural Padre Josimo\" \/>\n<meta property=\"og:image\" content=\"https:\/\/padrejosimo.com.br\/site\/wp-content\/uploads\/2017\/12\/Sip-Sip.png\" \/>\n\t<meta property=\"og:image:width\" content=\"800\" \/>\n\t<meta property=\"og:image:height\" content=\"800\" \/>\n\t<meta property=\"og:image:type\" content=\"image\/png\" \/>\n<meta name=\"twitter:card\" content=\"summary_large_image\" \/>\n<meta name=\"twitter:label1\" content=\"Est. tempo de leitura\" \/>\n\t<meta name=\"twitter:data1\" content=\"1 minuto\" \/>\n<script type=\"application\/ld+json\" class=\"yoast-schema-graph\">{\"@context\":\"https:\/\/schema.org\",\"@graph\":[{\"@type\":\"WebPage\",\"@id\":\"https:\/\/padrejosimo.com.br\/site\/noticias\/icpj-deseja-a-todas-e-todos-um-feliz-natal\/\",\"url\":\"https:\/\/padrejosimo.com.br\/site\/noticias\/icpj-deseja-a-todas-e-todos-um-feliz-natal\/\",\"name\":\"ICPJ deseja a todas e todos um Feliz Natal! - Instituto Cultural Padre Josimo\",\"isPartOf\":{\"@id\":\"https:\/\/padrejosimo.com.br\/site\/#website\"},\"primaryImageOfPage\":{\"@id\":\"https:\/\/padrejosimo.com.br\/site\/noticias\/icpj-deseja-a-todas-e-todos-um-feliz-natal\/#primaryimage\"},\"image\":{\"@id\":\"https:\/\/padrejosimo.com.br\/site\/noticias\/icpj-deseja-a-todas-e-todos-um-feliz-natal\/#primaryimage\"},\"thumbnailUrl\":\"https:\/\/padrejosimo.com.br\/site\/wp-content\/uploads\/2017\/12\/Sip-Sip.png\",\"datePublished\":\"2017-12-24T16:51:51+00:00\",\"breadcrumb\":{\"@id\":\"https:\/\/padrejosimo.com.br\/site\/noticias\/icpj-deseja-a-todas-e-todos-um-feliz-natal\/#breadcrumb\"},\"inLanguage\":\"pt-BR\",\"potentialAction\":[{\"@type\":\"ReadAction\",\"target\":[\"https:\/\/padrejosimo.com.br\/site\/noticias\/icpj-deseja-a-todas-e-todos-um-feliz-natal\/\"]}]},{\"@type\":\"ImageObject\",\"inLanguage\":\"pt-BR\",\"@id\":\"https:\/\/padrejosimo.com.br\/site\/noticias\/icpj-deseja-a-todas-e-todos-um-feliz-natal\/#primaryimage\",\"url\":\"https:\/\/padrejosimo.com.br\/site\/wp-content\/uploads\/2017\/12\/Sip-Sip.png\",\"contentUrl\":\"https:\/\/padrejosimo.com.br\/site\/wp-content\/uploads\/2017\/12\/Sip-Sip.png\",\"width\":800,\"height\":800},{\"@type\":\"BreadcrumbList\",\"@id\":\"https:\/\/padrejosimo.com.br\/site\/noticias\/icpj-deseja-a-todas-e-todos-um-feliz-natal\/#breadcrumb\",\"itemListElement\":[{\"@type\":\"ListItem\",\"position\":1,\"name\":\"In\u00edcio\",\"item\":\"https:\/\/padrejosimo.com.br\/site\/\"},{\"@type\":\"ListItem\",\"position\":2,\"name\":\"Not\u00edcias\",\"item\":\"https:\/\/padrejosimo.com.br\/site\/noticias\/\"},{\"@type\":\"ListItem\",\"position\":3,\"name\":\"ICPJ deseja a todas e todos um Feliz Natal!\"}]},{\"@type\":\"WebSite\",\"@id\":\"https:\/\/padrejosimo.com.br\/site\/#website\",\"url\":\"https:\/\/padrejosimo.com.br\/site\/\",\"name\":\"Instituto Cultural Padre Josimo\",\"description\":\"Comprometida com a promo\u00e7\u00e3o da justi\u00e7a social, agroecologia e educa\u00e7\u00e3o popular\",\"publisher\":{\"@id\":\"https:\/\/padrejosimo.com.br\/site\/#organization\"},\"alternateName\":\"ICPJ\",\"potentialAction\":[{\"@type\":\"SearchAction\",\"target\":{\"@type\":\"EntryPoint\",\"urlTemplate\":\"https:\/\/padrejosimo.com.br\/site\/?s={search_term_string}\"},\"query-input\":{\"@type\":\"PropertyValueSpecification\",\"valueRequired\":true,\"valueName\":\"search_term_string\"}}],\"inLanguage\":\"pt-BR\"},{\"@type\":\"Organization\",\"@id\":\"https:\/\/padrejosimo.com.br\/site\/#organization\",\"name\":\"Instituto Cultural Padre Josimo\",\"alternateName\":\"ICPJ\",\"url\":\"https:\/\/padrejosimo.com.br\/site\/\",\"logo\":{\"@type\":\"ImageObject\",\"inLanguage\":\"pt-BR\",\"@id\":\"https:\/\/padrejosimo.com.br\/site\/#\/schema\/logo\/image\/\",\"url\":\"https:\/\/padrejosimo.com.br\/site\/wp-content\/uploads\/2025\/09\/cropped-icon-icpj.png\",\"contentUrl\":\"https:\/\/padrejosimo.com.br\/site\/wp-content\/uploads\/2025\/09\/cropped-icon-icpj.png\",\"width\":512,\"height\":512,\"caption\":\"Instituto Cultural Padre Josimo\"},\"image\":{\"@id\":\"https:\/\/padrejosimo.com.br\/site\/#\/schema\/logo\/image\/\"}}]}<\/script>\n<!-- \/ Yoast SEO plugin. -->","yoast_head_json":{"title":"ICPJ deseja a todas e todos um Feliz Natal! - Instituto Cultural Padre Josimo","robots":{"index":"index","follow":"follow","max-snippet":"max-snippet:-1","max-image-preview":"max-image-preview:large","max-video-preview":"max-video-preview:-1"},"canonical":"https:\/\/padrejosimo.com.br\/site\/noticias\/icpj-deseja-a-todas-e-todos-um-feliz-natal\/","og_locale":"pt_BR","og_type":"article","og_title":"ICPJ deseja a todas e todos um Feliz Natal! - Instituto Cultural Padre Josimo","og_description":"O Natal n\u00e3o est\u00e1 fora de n\u00f3s. \u00c9 Deus em n\u00f3s, junto conosco, na forma humilde de uma crian\u00e7a, mas com toda a for\u00e7a criadora e esperan\u00e7osa que inspira.","og_url":"https:\/\/padrejosimo.com.br\/site\/noticias\/icpj-deseja-a-todas-e-todos-um-feliz-natal\/","og_site_name":"Instituto Cultural Padre Josimo","og_image":[{"width":800,"height":800,"url":"https:\/\/padrejosimo.com.br\/site\/wp-content\/uploads\/2017\/12\/Sip-Sip.png","type":"image\/png"}],"twitter_card":"summary_large_image","twitter_misc":{"Est. tempo de leitura":"1 minuto"},"schema":{"@context":"https:\/\/schema.org","@graph":[{"@type":"WebPage","@id":"https:\/\/padrejosimo.com.br\/site\/noticias\/icpj-deseja-a-todas-e-todos-um-feliz-natal\/","url":"https:\/\/padrejosimo.com.br\/site\/noticias\/icpj-deseja-a-todas-e-todos-um-feliz-natal\/","name":"ICPJ deseja a todas e todos um Feliz Natal! - Instituto Cultural Padre Josimo","isPartOf":{"@id":"https:\/\/padrejosimo.com.br\/site\/#website"},"primaryImageOfPage":{"@id":"https:\/\/padrejosimo.com.br\/site\/noticias\/icpj-deseja-a-todas-e-todos-um-feliz-natal\/#primaryimage"},"image":{"@id":"https:\/\/padrejosimo.com.br\/site\/noticias\/icpj-deseja-a-todas-e-todos-um-feliz-natal\/#primaryimage"},"thumbnailUrl":"https:\/\/padrejosimo.com.br\/site\/wp-content\/uploads\/2017\/12\/Sip-Sip.png","datePublished":"2017-12-24T16:51:51+00:00","breadcrumb":{"@id":"https:\/\/padrejosimo.com.br\/site\/noticias\/icpj-deseja-a-todas-e-todos-um-feliz-natal\/#breadcrumb"},"inLanguage":"pt-BR","potentialAction":[{"@type":"ReadAction","target":["https:\/\/padrejosimo.com.br\/site\/noticias\/icpj-deseja-a-todas-e-todos-um-feliz-natal\/"]}]},{"@type":"ImageObject","inLanguage":"pt-BR","@id":"https:\/\/padrejosimo.com.br\/site\/noticias\/icpj-deseja-a-todas-e-todos-um-feliz-natal\/#primaryimage","url":"https:\/\/padrejosimo.com.br\/site\/wp-content\/uploads\/2017\/12\/Sip-Sip.png","contentUrl":"https:\/\/padrejosimo.com.br\/site\/wp-content\/uploads\/2017\/12\/Sip-Sip.png","width":800,"height":800},{"@type":"BreadcrumbList","@id":"https:\/\/padrejosimo.com.br\/site\/noticias\/icpj-deseja-a-todas-e-todos-um-feliz-natal\/#breadcrumb","itemListElement":[{"@type":"ListItem","position":1,"name":"In\u00edcio","item":"https:\/\/padrejosimo.com.br\/site\/"},{"@type":"ListItem","position":2,"name":"Not\u00edcias","item":"https:\/\/padrejosimo.com.br\/site\/noticias\/"},{"@type":"ListItem","position":3,"name":"ICPJ deseja a todas e todos um Feliz Natal!"}]},{"@type":"WebSite","@id":"https:\/\/padrejosimo.com.br\/site\/#website","url":"https:\/\/padrejosimo.com.br\/site\/","name":"Instituto Cultural Padre Josimo","description":"Comprometida com a promo\u00e7\u00e3o da justi\u00e7a social, agroecologia e educa\u00e7\u00e3o popular","publisher":{"@id":"https:\/\/padrejosimo.com.br\/site\/#organization"},"alternateName":"ICPJ","potentialAction":[{"@type":"SearchAction","target":{"@type":"EntryPoint","urlTemplate":"https:\/\/padrejosimo.com.br\/site\/?s={search_term_string}"},"query-input":{"@type":"PropertyValueSpecification","valueRequired":true,"valueName":"search_term_string"}}],"inLanguage":"pt-BR"},{"@type":"Organization","@id":"https:\/\/padrejosimo.com.br\/site\/#organization","name":"Instituto Cultural Padre Josimo","alternateName":"ICPJ","url":"https:\/\/padrejosimo.com.br\/site\/","logo":{"@type":"ImageObject","inLanguage":"pt-BR","@id":"https:\/\/padrejosimo.com.br\/site\/#\/schema\/logo\/image\/","url":"https:\/\/padrejosimo.com.br\/site\/wp-content\/uploads\/2025\/09\/cropped-icon-icpj.png","contentUrl":"https:\/\/padrejosimo.com.br\/site\/wp-content\/uploads\/2025\/09\/cropped-icon-icpj.png","width":512,"height":512,"caption":"Instituto Cultural Padre Josimo"},"image":{"@id":"https:\/\/padrejosimo.com.br\/site\/#\/schema\/logo\/image\/"}}]}},"_links":{"self":[{"href":"https:\/\/padrejosimo.com.br\/site\/wp-json\/wp\/v2\/noticias\/683","targetHints":{"allow":["GET"]}}],"collection":[{"href":"https:\/\/padrejosimo.com.br\/site\/wp-json\/wp\/v2\/noticias"}],"about":[{"href":"https:\/\/padrejosimo.com.br\/site\/wp-json\/wp\/v2\/types\/noticias"}],"wp:featuredmedia":[{"embeddable":true,"href":"https:\/\/padrejosimo.com.br\/site\/wp-json\/wp\/v2\/media\/684"}],"wp:attachment":[{"href":"https:\/\/padrejosimo.com.br\/site\/wp-json\/wp\/v2\/media?parent=683"}],"wp:term":[{"taxonomy":"categorias_noticias","embeddable":true,"href":"https:\/\/padrejosimo.com.br\/site\/wp-json\/wp\/v2\/categorias_noticias?post=683"}],"curies":[{"name":"wp","href":"https:\/\/api.w.org\/{rel}","templated":true}]}}