{"id":674,"date":"2017-12-20T17:29:17","date_gmt":"2017-12-20T19:29:17","guid":{"rendered":"http:\/\/padrejosimo.com.br\/site\/?post_type=noticias&#038;p=674"},"modified":"2017-12-20T17:31:24","modified_gmt":"2017-12-20T19:31:24","slug":"artistas-gauchos-se-reunem-para-debater-lei-de-incentivo-a-cultura","status":"publish","type":"noticias","link":"https:\/\/padrejosimo.com.br\/site\/noticias\/artistas-gauchos-se-reunem-para-debater-lei-de-incentivo-a-cultura\/","title":{"rendered":"Artistas ga\u00fachos se re\u00fanem para debater Lei de Incentivo \u00e0 Cultura"},"content":{"rendered":"<h6 style=\"text-align: right;\"><em>Por Marcelo Ferreira \/ Vida no Sul Produ\u00e7\u00f5es<\/em><\/h6>\n<figure id=\"attachment_11452\" aria-describedby=\"caption-attachment-11452\" style=\"width: 896px\" class=\"wp-caption aligncenter\"><img fetchpriority=\"high\" decoding=\"async\" class=\"size-full wp-image-11452\" src=\"http:\/\/vidanosul.com.br\/wp-content\/uploads\/2017\/12\/encontro-lic-vidanosul-2.jpg\" alt=\"\" width=\"896\" height=\"597\" \/><figcaption id=\"caption-attachment-11452\" class=\"wp-caption-text\">Encontro aconteceu no gabinete da presid\u00eancia da Assembleia Legislativa do RS (Foto: Caco Argemi\/ALRS)<\/figcaption><\/figure>\n<p>Dezenas de artistas ga\u00fachos se reuniram, na manh\u00e3 desta quarta-feira (20\/12), para debater altera\u00e7\u00f5es na Lei de Incentivo \u00e0 Cultura (LIC). O encontro aconteceu no gabinete da presid\u00eancia da Assembleia Legislativa do RS, reunindo m\u00fasicos, compositores e produtores culturais na reivindica\u00e7\u00e3o por mudan\u00e7as na legisla\u00e7\u00e3o que facilitem o acesso e fomentem o mercado interno, partindo da proposta de reservar parte dos recursos da LIC para empresas e artistas do Rio Grande do Sul.<\/p>\n<p>Durante o encontro, diversas manifesta\u00e7\u00f5es apontaram os anseios da classe art\u00edstica do Rio Grande do Sul. Um ponto em comum foi a necessidade de uni\u00e3o para fortalecer o segmento. Para o compositor e escritor Rodrigo Muradio, um dos idealizadores do encontro, juntamente com o gabinete do deputado Edegar Pretto e da produtora Vida no Sul (bra\u00e7o cultural do Instituto Cultural Padre Josimo), o mercado art\u00edstico no Rio Grande do Sul n\u00e3o se sustenta e precisa ter incentivos melhores distribu\u00eddos. &#8220;Por isso estamos aqui hoje, para desenvolver a\u00e7\u00f5es poss\u00edveis para fomentar nosso mercado, que s\u00f3 se desenvolve com dinheiro. Se o dinheiro privado \u00e9 usado a gosto dos empres\u00e1rios, com o dinheiro p\u00fablico \u00e9 diferente, \u00e9 para todos&#8221;, destacou Muradio.<\/p>\n<p>A ideia tamb\u00e9m foi defendida pela produtora de cinema Mari\u00e2ngela Grando, ex-presidente do Conselho Estadual de Cultura. Para ela, a LIC, que foi aprovada em 1996, envelheceu e hoje \u00e9 de dif\u00edcil acesso e mal distribu\u00edda. &#8220;Somos formadores de m\u00e3o de obra, geramos empregos. A LIC deve fomentar o profissionalismo e fazer com que o mercado ande por si, e n\u00e3o ser objeto de mendic\u00e2ncia&#8221;, disse Grando, que sugeriu ainda a cria\u00e7\u00e3o de um fundo com perspectivas de reembolso para grandes eventos.<\/p>\n<p>Representando o Vida no Sul, David Stival, recordou as origens do programa que hoje encontra-se em recesso. &#8220;O Vida no Sul aconteceu a partir da uni\u00e3o de artistas em torno de um projeto cultural comum. Por 10 anos que o programa se manteve no ar, buscamos fazer desse espa\u00e7o em rede nacional tamb\u00e9m um lugar para discutir o tema e dar apoio aos artistas&#8221;, relembrou Stival. J\u00e1 para o cantor, compositor e apresentador do programa, Ant\u00f4nio Gringo, &#8220;atualmente a lei \u00e9 um sistema que privilegia poucas pessoas. Por isso a import\u00e2ncia da classe art\u00edstica se unir, a exemplo dos movimentos sociais&#8221;.<\/p>\n<p>Apoiador da classe art\u00edstica, o presidente do parlamento, deputado Edegar Pretto (PT), sustentou ser fundamental a cria\u00e7\u00e3o de medidas que tenham car\u00e1ter de politica de estado e n\u00e3o de um governo. &#8220;Entre as v\u00e1rias pautas tratadas no encontro ficou claro n\u00e3o ser justo que eventos financiados com dinheiro p\u00fablico dos ga\u00fachos e ga\u00fachas tragam apenas nomes de fora ou que apresentem poucos artistas do Rio grande do Sul. O que gostar\u00edamos, e isso ser\u00e1 buscado, \u00e9 que no m\u00ednimo 50% dos recursos p\u00fablicos aplicados sejam direcionados para a contrata\u00e7\u00e3o de artistas do nosso estado&#8221;, destacou.<\/p>\n<p>Ao final do encontro, foi constitu\u00eddo um Grupo de Trabalho com representantes de distintos segmentos art\u00edsticos, que no come\u00e7o de janeiro deve retomar os encontros para ent\u00e3o reunir as propostas citadas e organizar os encaminhamentos junto ao legislativo estadual. Tamb\u00e9m ficou acertada uma reuni\u00e3o do GT com representantes da secretaria da Cultura do RS, quando dever\u00e1 ser apresentado um balan\u00e7o dos \u00faltimos tr\u00eas anos da LIC.<\/p>\n<p><strong>Galeria de fotos<\/strong><\/p>\n<figure id=\"attachment_11461\" aria-describedby=\"caption-attachment-11461\" style=\"width: 896px\" class=\"wp-caption aligncenter\"><img decoding=\"async\" class=\"size-full wp-image-11461\" src=\"http:\/\/vidanosul.com.br\/wp-content\/uploads\/2017\/12\/encontro-lic-vidanosul-13.jpg\" alt=\"\" width=\"896\" height=\"597\" \/><figcaption id=\"caption-attachment-11461\" class=\"wp-caption-text\"><br \/>\n <img decoding=\"async\" class=\"aligncenter size-full wp-image-11453\" src=\"http:\/\/vidanosul.com.br\/wp-content\/uploads\/2017\/12\/encontro-lic-vidanosul-1.jpg\" alt=\"\" width=\"896\" height=\"597\" \/><br \/>\n <img loading=\"lazy\" decoding=\"async\" class=\"aligncenter size-full wp-image-11459\" src=\"http:\/\/vidanosul.com.br\/wp-content\/uploads\/2017\/12\/encontro-lic-vidanosul-11.jpg\" alt=\"\" width=\"896\" height=\"597\" \/><br \/>\n <img loading=\"lazy\" decoding=\"async\" class=\"aligncenter size-full wp-image-11455\" src=\"http:\/\/vidanosul.com.br\/wp-content\/uploads\/2017\/12\/encontro-lic-vidanosul-6.jpg\" alt=\"\" width=\"896\" height=\"597\" \/><br \/>\n <img loading=\"lazy\" decoding=\"async\" class=\"aligncenter size-full wp-image-11456\" src=\"http:\/\/vidanosul.com.br\/wp-content\/uploads\/2017\/12\/encontro-lic-vidanosul-7.jpg\" alt=\"\" width=\"896\" height=\"597\" \/><br \/>\n <img loading=\"lazy\" decoding=\"async\" class=\"aligncenter size-full wp-image-11454\" src=\"http:\/\/vidanosul.com.br\/wp-content\/uploads\/2017\/12\/encontro-lic-vidanosul-4.jpg\" alt=\"\" width=\"896\" height=\"597\" \/><br \/>\n <img loading=\"lazy\" decoding=\"async\" class=\"aligncenter size-full wp-image-11457\" src=\"http:\/\/vidanosul.com.br\/wp-content\/uploads\/2017\/12\/encontro-lic-vidanosul-8.jpg\" alt=\"\" width=\"896\" height=\"597\" \/><br \/>\n <img loading=\"lazy\" decoding=\"async\" class=\"aligncenter size-full wp-image-11458\" src=\"http:\/\/vidanosul.com.br\/wp-content\/uploads\/2017\/12\/encontro-lic-vidanosul-9.jpg\" alt=\"\" width=\"896\" height=\"597\" \/><br \/>\n <img loading=\"lazy\" decoding=\"async\" class=\"aligncenter size-full wp-image-11460\" src=\"http:\/\/vidanosul.com.br\/wp-content\/uploads\/2017\/12\/encontro-lic-vidanosul-12.jpg\" alt=\"\" width=\"896\" height=\"597\" \/> Fotos: Caco Argemi\/ALRS<\/figcaption><\/figure>\n<p>&nbsp;<\/p>\n","protected":false},"excerpt":{"rendered":"<p>Dezenas de artistas ga\u00fachos se reuniram, na manh\u00e3 desta quarta-feira (20\/12), para debater altera\u00e7\u00f5es na Lei de Incentivo \u00e0 Cultura (LIC). O encontro aconteceu no gabinete da presid\u00eancia da Assembleia Legislativa do RS, reunindo m\u00fasicos, compositores e produtores culturais na reivindica\u00e7\u00e3o por mudan\u00e7as na legisla\u00e7\u00e3o que facilitem o acesso e fomentem o mercado interno, partindo da proposta de reservar parte dos recursos da LIC para empresas e artistas do Rio Grande do Sul.<\/p>\n","protected":false},"featured_media":676,"template":"","categorias_noticias":[13],"class_list":["post-674","noticias","type-noticias","status-publish","has-post-thumbnail","hentry","categorias_noticias-noticias"],"acf":[],"yoast_head":"<!-- This site is optimized with the Yoast SEO plugin v27.2 - https:\/\/yoast.com\/product\/yoast-seo-wordpress\/ -->\n<title>Artistas ga\u00fachos se re\u00fanem para debater Lei de Incentivo \u00e0 Cultura - Instituto Cultural Padre Josimo<\/title>\n<meta name=\"robots\" content=\"index, follow, max-snippet:-1, max-image-preview:large, max-video-preview:-1\" \/>\n<link rel=\"canonical\" href=\"https:\/\/padrejosimo.com.br\/site\/noticias\/artistas-gauchos-se-reunem-para-debater-lei-de-incentivo-a-cultura\/\" \/>\n<meta property=\"og:locale\" content=\"pt_BR\" \/>\n<meta property=\"og:type\" content=\"article\" \/>\n<meta property=\"og:title\" content=\"Artistas ga\u00fachos se re\u00fanem para debater Lei de Incentivo \u00e0 Cultura - Instituto Cultural Padre Josimo\" \/>\n<meta property=\"og:description\" content=\"Dezenas de artistas ga\u00fachos se reuniram, na manh\u00e3 desta quarta-feira (20\/12), para debater altera\u00e7\u00f5es na Lei de Incentivo \u00e0 Cultura (LIC). O encontro aconteceu no gabinete da presid\u00eancia da Assembleia Legislativa do RS, reunindo m\u00fasicos, compositores e produtores culturais na reivindica\u00e7\u00e3o por mudan\u00e7as na legisla\u00e7\u00e3o que facilitem o acesso e fomentem o mercado interno, partindo da proposta de reservar parte dos recursos da LIC para empresas e artistas do Rio Grande do Sul.\" \/>\n<meta property=\"og:url\" content=\"https:\/\/padrejosimo.com.br\/site\/noticias\/artistas-gauchos-se-reunem-para-debater-lei-de-incentivo-a-cultura\/\" \/>\n<meta property=\"og:site_name\" content=\"Instituto Cultural Padre Josimo\" \/>\n<meta property=\"article:modified_time\" content=\"2017-12-20T19:31:24+00:00\" \/>\n<meta property=\"og:image\" content=\"https:\/\/padrejosimo.com.br\/site\/wp-content\/uploads\/2017\/12\/encontro-lic-vidanosul-2.jpg\" \/>\n\t<meta property=\"og:image:width\" content=\"896\" \/>\n\t<meta property=\"og:image:height\" content=\"597\" \/>\n\t<meta property=\"og:image:type\" content=\"image\/jpeg\" \/>\n<meta name=\"twitter:card\" content=\"summary_large_image\" \/>\n<meta name=\"twitter:label1\" content=\"Est. tempo de leitura\" \/>\n\t<meta name=\"twitter:data1\" content=\"3 minutos\" \/>\n<script type=\"application\/ld+json\" class=\"yoast-schema-graph\">{\"@context\":\"https:\/\/schema.org\",\"@graph\":[{\"@type\":\"WebPage\",\"@id\":\"https:\/\/padrejosimo.com.br\/site\/noticias\/artistas-gauchos-se-reunem-para-debater-lei-de-incentivo-a-cultura\/\",\"url\":\"https:\/\/padrejosimo.com.br\/site\/noticias\/artistas-gauchos-se-reunem-para-debater-lei-de-incentivo-a-cultura\/\",\"name\":\"Artistas ga\u00fachos se re\u00fanem para debater Lei de Incentivo \u00e0 Cultura - Instituto Cultural Padre Josimo\",\"isPartOf\":{\"@id\":\"https:\/\/padrejosimo.com.br\/site\/#website\"},\"primaryImageOfPage\":{\"@id\":\"https:\/\/padrejosimo.com.br\/site\/noticias\/artistas-gauchos-se-reunem-para-debater-lei-de-incentivo-a-cultura\/#primaryimage\"},\"image\":{\"@id\":\"https:\/\/padrejosimo.com.br\/site\/noticias\/artistas-gauchos-se-reunem-para-debater-lei-de-incentivo-a-cultura\/#primaryimage\"},\"thumbnailUrl\":\"https:\/\/padrejosimo.com.br\/site\/wp-content\/uploads\/2017\/12\/encontro-lic-vidanosul-2.jpg\",\"datePublished\":\"2017-12-20T19:29:17+00:00\",\"dateModified\":\"2017-12-20T19:31:24+00:00\",\"breadcrumb\":{\"@id\":\"https:\/\/padrejosimo.com.br\/site\/noticias\/artistas-gauchos-se-reunem-para-debater-lei-de-incentivo-a-cultura\/#breadcrumb\"},\"inLanguage\":\"pt-BR\",\"potentialAction\":[{\"@type\":\"ReadAction\",\"target\":[\"https:\/\/padrejosimo.com.br\/site\/noticias\/artistas-gauchos-se-reunem-para-debater-lei-de-incentivo-a-cultura\/\"]}]},{\"@type\":\"ImageObject\",\"inLanguage\":\"pt-BR\",\"@id\":\"https:\/\/padrejosimo.com.br\/site\/noticias\/artistas-gauchos-se-reunem-para-debater-lei-de-incentivo-a-cultura\/#primaryimage\",\"url\":\"https:\/\/padrejosimo.com.br\/site\/wp-content\/uploads\/2017\/12\/encontro-lic-vidanosul-2.jpg\",\"contentUrl\":\"https:\/\/padrejosimo.com.br\/site\/wp-content\/uploads\/2017\/12\/encontro-lic-vidanosul-2.jpg\",\"width\":896,\"height\":597},{\"@type\":\"BreadcrumbList\",\"@id\":\"https:\/\/padrejosimo.com.br\/site\/noticias\/artistas-gauchos-se-reunem-para-debater-lei-de-incentivo-a-cultura\/#breadcrumb\",\"itemListElement\":[{\"@type\":\"ListItem\",\"position\":1,\"name\":\"In\u00edcio\",\"item\":\"https:\/\/padrejosimo.com.br\/site\/\"},{\"@type\":\"ListItem\",\"position\":2,\"name\":\"Not\u00edcias\",\"item\":\"https:\/\/padrejosimo.com.br\/site\/noticias\/\"},{\"@type\":\"ListItem\",\"position\":3,\"name\":\"Artistas ga\u00fachos se re\u00fanem para debater Lei de Incentivo \u00e0 Cultura\"}]},{\"@type\":\"WebSite\",\"@id\":\"https:\/\/padrejosimo.com.br\/site\/#website\",\"url\":\"https:\/\/padrejosimo.com.br\/site\/\",\"name\":\"Instituto Cultural Padre Josimo\",\"description\":\"Comprometida com a promo\u00e7\u00e3o da justi\u00e7a social, agroecologia e educa\u00e7\u00e3o popular\",\"publisher\":{\"@id\":\"https:\/\/padrejosimo.com.br\/site\/#organization\"},\"alternateName\":\"ICPJ\",\"potentialAction\":[{\"@type\":\"SearchAction\",\"target\":{\"@type\":\"EntryPoint\",\"urlTemplate\":\"https:\/\/padrejosimo.com.br\/site\/?s={search_term_string}\"},\"query-input\":{\"@type\":\"PropertyValueSpecification\",\"valueRequired\":true,\"valueName\":\"search_term_string\"}}],\"inLanguage\":\"pt-BR\"},{\"@type\":\"Organization\",\"@id\":\"https:\/\/padrejosimo.com.br\/site\/#organization\",\"name\":\"Instituto Cultural Padre Josimo\",\"alternateName\":\"ICPJ\",\"url\":\"https:\/\/padrejosimo.com.br\/site\/\",\"logo\":{\"@type\":\"ImageObject\",\"inLanguage\":\"pt-BR\",\"@id\":\"https:\/\/padrejosimo.com.br\/site\/#\/schema\/logo\/image\/\",\"url\":\"https:\/\/padrejosimo.com.br\/site\/wp-content\/uploads\/2025\/09\/cropped-icon-icpj.png\",\"contentUrl\":\"https:\/\/padrejosimo.com.br\/site\/wp-content\/uploads\/2025\/09\/cropped-icon-icpj.png\",\"width\":512,\"height\":512,\"caption\":\"Instituto Cultural Padre Josimo\"},\"image\":{\"@id\":\"https:\/\/padrejosimo.com.br\/site\/#\/schema\/logo\/image\/\"}}]}<\/script>\n<!-- \/ Yoast SEO plugin. -->","yoast_head_json":{"title":"Artistas ga\u00fachos se re\u00fanem para debater Lei de Incentivo \u00e0 Cultura - Instituto Cultural Padre Josimo","robots":{"index":"index","follow":"follow","max-snippet":"max-snippet:-1","max-image-preview":"max-image-preview:large","max-video-preview":"max-video-preview:-1"},"canonical":"https:\/\/padrejosimo.com.br\/site\/noticias\/artistas-gauchos-se-reunem-para-debater-lei-de-incentivo-a-cultura\/","og_locale":"pt_BR","og_type":"article","og_title":"Artistas ga\u00fachos se re\u00fanem para debater Lei de Incentivo \u00e0 Cultura - Instituto Cultural Padre Josimo","og_description":"Dezenas de artistas ga\u00fachos se reuniram, na manh\u00e3 desta quarta-feira (20\/12), para debater altera\u00e7\u00f5es na Lei de Incentivo \u00e0 Cultura (LIC). O encontro aconteceu no gabinete da presid\u00eancia da Assembleia Legislativa do RS, reunindo m\u00fasicos, compositores e produtores culturais na reivindica\u00e7\u00e3o por mudan\u00e7as na legisla\u00e7\u00e3o que facilitem o acesso e fomentem o mercado interno, partindo da proposta de reservar parte dos recursos da LIC para empresas e artistas do Rio Grande do Sul.","og_url":"https:\/\/padrejosimo.com.br\/site\/noticias\/artistas-gauchos-se-reunem-para-debater-lei-de-incentivo-a-cultura\/","og_site_name":"Instituto Cultural Padre Josimo","article_modified_time":"2017-12-20T19:31:24+00:00","og_image":[{"width":896,"height":597,"url":"https:\/\/padrejosimo.com.br\/site\/wp-content\/uploads\/2017\/12\/encontro-lic-vidanosul-2.jpg","type":"image\/jpeg"}],"twitter_card":"summary_large_image","twitter_misc":{"Est. tempo de leitura":"3 minutos"},"schema":{"@context":"https:\/\/schema.org","@graph":[{"@type":"WebPage","@id":"https:\/\/padrejosimo.com.br\/site\/noticias\/artistas-gauchos-se-reunem-para-debater-lei-de-incentivo-a-cultura\/","url":"https:\/\/padrejosimo.com.br\/site\/noticias\/artistas-gauchos-se-reunem-para-debater-lei-de-incentivo-a-cultura\/","name":"Artistas ga\u00fachos se re\u00fanem para debater Lei de Incentivo \u00e0 Cultura - Instituto Cultural Padre Josimo","isPartOf":{"@id":"https:\/\/padrejosimo.com.br\/site\/#website"},"primaryImageOfPage":{"@id":"https:\/\/padrejosimo.com.br\/site\/noticias\/artistas-gauchos-se-reunem-para-debater-lei-de-incentivo-a-cultura\/#primaryimage"},"image":{"@id":"https:\/\/padrejosimo.com.br\/site\/noticias\/artistas-gauchos-se-reunem-para-debater-lei-de-incentivo-a-cultura\/#primaryimage"},"thumbnailUrl":"https:\/\/padrejosimo.com.br\/site\/wp-content\/uploads\/2017\/12\/encontro-lic-vidanosul-2.jpg","datePublished":"2017-12-20T19:29:17+00:00","dateModified":"2017-12-20T19:31:24+00:00","breadcrumb":{"@id":"https:\/\/padrejosimo.com.br\/site\/noticias\/artistas-gauchos-se-reunem-para-debater-lei-de-incentivo-a-cultura\/#breadcrumb"},"inLanguage":"pt-BR","potentialAction":[{"@type":"ReadAction","target":["https:\/\/padrejosimo.com.br\/site\/noticias\/artistas-gauchos-se-reunem-para-debater-lei-de-incentivo-a-cultura\/"]}]},{"@type":"ImageObject","inLanguage":"pt-BR","@id":"https:\/\/padrejosimo.com.br\/site\/noticias\/artistas-gauchos-se-reunem-para-debater-lei-de-incentivo-a-cultura\/#primaryimage","url":"https:\/\/padrejosimo.com.br\/site\/wp-content\/uploads\/2017\/12\/encontro-lic-vidanosul-2.jpg","contentUrl":"https:\/\/padrejosimo.com.br\/site\/wp-content\/uploads\/2017\/12\/encontro-lic-vidanosul-2.jpg","width":896,"height":597},{"@type":"BreadcrumbList","@id":"https:\/\/padrejosimo.com.br\/site\/noticias\/artistas-gauchos-se-reunem-para-debater-lei-de-incentivo-a-cultura\/#breadcrumb","itemListElement":[{"@type":"ListItem","position":1,"name":"In\u00edcio","item":"https:\/\/padrejosimo.com.br\/site\/"},{"@type":"ListItem","position":2,"name":"Not\u00edcias","item":"https:\/\/padrejosimo.com.br\/site\/noticias\/"},{"@type":"ListItem","position":3,"name":"Artistas ga\u00fachos se re\u00fanem para debater Lei de Incentivo \u00e0 Cultura"}]},{"@type":"WebSite","@id":"https:\/\/padrejosimo.com.br\/site\/#website","url":"https:\/\/padrejosimo.com.br\/site\/","name":"Instituto Cultural Padre Josimo","description":"Comprometida com a promo\u00e7\u00e3o da justi\u00e7a social, agroecologia e educa\u00e7\u00e3o popular","publisher":{"@id":"https:\/\/padrejosimo.com.br\/site\/#organization"},"alternateName":"ICPJ","potentialAction":[{"@type":"SearchAction","target":{"@type":"EntryPoint","urlTemplate":"https:\/\/padrejosimo.com.br\/site\/?s={search_term_string}"},"query-input":{"@type":"PropertyValueSpecification","valueRequired":true,"valueName":"search_term_string"}}],"inLanguage":"pt-BR"},{"@type":"Organization","@id":"https:\/\/padrejosimo.com.br\/site\/#organization","name":"Instituto Cultural Padre Josimo","alternateName":"ICPJ","url":"https:\/\/padrejosimo.com.br\/site\/","logo":{"@type":"ImageObject","inLanguage":"pt-BR","@id":"https:\/\/padrejosimo.com.br\/site\/#\/schema\/logo\/image\/","url":"https:\/\/padrejosimo.com.br\/site\/wp-content\/uploads\/2025\/09\/cropped-icon-icpj.png","contentUrl":"https:\/\/padrejosimo.com.br\/site\/wp-content\/uploads\/2025\/09\/cropped-icon-icpj.png","width":512,"height":512,"caption":"Instituto Cultural Padre Josimo"},"image":{"@id":"https:\/\/padrejosimo.com.br\/site\/#\/schema\/logo\/image\/"}}]}},"_links":{"self":[{"href":"https:\/\/padrejosimo.com.br\/site\/wp-json\/wp\/v2\/noticias\/674","targetHints":{"allow":["GET"]}}],"collection":[{"href":"https:\/\/padrejosimo.com.br\/site\/wp-json\/wp\/v2\/noticias"}],"about":[{"href":"https:\/\/padrejosimo.com.br\/site\/wp-json\/wp\/v2\/types\/noticias"}],"wp:featuredmedia":[{"embeddable":true,"href":"https:\/\/padrejosimo.com.br\/site\/wp-json\/wp\/v2\/media\/676"}],"wp:attachment":[{"href":"https:\/\/padrejosimo.com.br\/site\/wp-json\/wp\/v2\/media?parent=674"}],"wp:term":[{"taxonomy":"categorias_noticias","embeddable":true,"href":"https:\/\/padrejosimo.com.br\/site\/wp-json\/wp\/v2\/categorias_noticias?post=674"}],"curies":[{"name":"wp","href":"https:\/\/api.w.org\/{rel}","templated":true}]}}