{"id":6727,"date":"2025-04-21T07:05:15","date_gmt":"2025-04-21T10:05:15","guid":{"rendered":"https:\/\/padrejosimo.com.br\/site\/?post_type=noticias&#038;p=6727"},"modified":"2025-04-21T10:49:42","modified_gmt":"2025-04-21T13:49:42","slug":"morre-francisco-o-papa-da-alegria-da-verdade-e-do-amor","status":"publish","type":"noticias","link":"https:\/\/padrejosimo.com.br\/site\/noticias\/morre-francisco-o-papa-da-alegria-da-verdade-e-do-amor\/","title":{"rendered":"Morre Francisco, o Papa da Alegria, da Verdade e do Amor"},"content":{"rendered":"<p><\/p>\r\n<p><img fetchpriority=\"high\" decoding=\"async\" class=\"size-full wp-image-6728 aligncenter\" src=\"https:\/\/padrejosimo.com.br\/site\/wp-content\/uploads\/2025\/04\/cq5dam.thumbnail.cropped.750.422.jpeg\" alt=\"\" width=\"750\" height=\"422\" srcset=\"https:\/\/padrejosimo.com.br\/site\/wp-content\/uploads\/2025\/04\/cq5dam.thumbnail.cropped.750.422.jpeg 750w, https:\/\/padrejosimo.com.br\/site\/wp-content\/uploads\/2025\/04\/cq5dam.thumbnail.cropped.750.422-300x169.jpeg 300w\" sizes=\"(max-width: 750px) 100vw, 750px\" \/><\/p>\r\n<p>O Vaticano publicou nota no in\u00edcio desta manh\u00e3 informando a morte do Papa Francisco, aos 88 anos. O an\u00fancio foi dado diretamente da Capela da Casa Santa Marta, no Vaticano, pelo cardeal Kevin Joseph Farrell, Camerlengo da C\u00e2mara Apost\u00f3lica: &#8220;\u00c0s 7h35 desta manh\u00e3 (2h35 no Brasil), o Bispo de Roma, Francisco, retornou \u00e0 casa do Pai. Toda a sua vida foi dedicada ao servi\u00e7o do Senhor e de Sua Igreja&#8221;.<\/p>\r\n<p>\r\n<\/p>\r\n<p>&#8220;Ele nos ensinou a viver os valores do Evangelho com fidelidade, coragem e amor universal, especialmente em favor dos mais pobres e marginalizados. Com imensa gratid\u00e3o por seu exemplo como verdadeiro disc\u00edpulo do Senhor Jesus, recomendamos a alma do Papa Francisco ao infinito amor misericordioso do Deus Trino&#8221;, afirmou Farrell na publica\u00e7\u00e3o, compartilhada no site VaticanNews<\/p>\r\n<p>\r\n<\/p>\r\n<p>Durante a celebra\u00e7\u00e3o do Domingo de P\u00e1scoa, realizada ontem (20), o Pont\u00edfice apareceu na sacada da Bas\u00edlica de S\u00e3o Pedro para a mensagem Urbi et Orbi, deixando suas \u00faltimas palavras para a Igreja e o mundo. Francisco, acenou ao p\u00fablico e desejou uma \u201cfeliz P\u00e1scoa\u201d a todos os fi\u00e9is que acompanhavam a cerim\u00f4nia. Logo ap\u00f3s, ele passou a palavra para Mons. Diego Ravelli, mestre das Celebra\u00e7\u00f5es Lit\u00fargicas Pontif\u00edcias, ler seu discurso, onde deixou um apelo para que cessem as guerras, de modo especial no territ\u00f3rio de Gaza.<\/p>\r\n<p>\r\n<\/p>\r\n<p>Jorge Mario Bergoglio nasceu em Buenos Aires,\u00a0na Argentina, em 17 de dezembro\u00a0de\u00a01936. Tornou-se\u00a0arcebispo de Buenos Aires\u00a0em 28 de fevereiro de 1998 e foi elevado ao\u00a0cardinalato\u00a0em 21 de fevereiro de 2001 \u2014 v\u00e9spera da festa da\u00a0C\u00e1tedra de S\u00e3o Pedro\u00a0\u2014 com o t\u00edtulo de\u00a0Cardeal-presb\u00edtero\u00a0de\u00a0S\u00e3o Roberto Belarmino, por\u00a0S\u00e3o Jo\u00e3o Paulo II. Foi\u00a0eleito papa\u00a0em 13 de mar\u00e7o de 2013, escolhendo o nome de Francisco (Franciscus) com o qual orientou a igreja Cat\u00f3lica durante o seu papado que encerrou nesta segunda-feira (21) .<\/p>\r\n<p>No que tange aos movimentos sociais, Francisco foi o Papa que esteve mais pr\u00f3ximo das lutas do povo simples, lembrando que o Cristianismo n\u00e3o iniciou nas suntuosas catedrais e sim na simplicidade dos espa\u00e7os perif\u00e9ricos. &#8220;Terra, teto e trabalho \u2013 isso pelo qual voc\u00eas lutam \u2013 s\u00e3o direitos sagrados. Reivindicar isso n\u00e3o \u00e9 nada raro, \u00e9 a doutrina social da Igreja\u201d afirmou nos encontros com os movimentos, realizados em Roma e na Bol\u00edvia. Desde 2014 at\u00e9 hoje, o Papa Francisco nunca deixou de fazer sentir a sua proximidade aos movimentos populares, apoiando e incentivando o seu trabalho em nome da dignidade humana, da justi\u00e7a social, do desenvolvimento dos mais pobres e dos descartados.<\/p>\r\n<p>\u201cA globaliza\u00e7\u00e3o da esperan\u00e7a que nasce do povo e cresce entre os pobres deve substituir esta globaliza\u00e7\u00e3o da exclus\u00e3o e da indiferen\u00e7a!\u201d, afirmou. Prop\u00f4s \u00e0 sociedade \u201ctr\u00eas grandes tarefas que requerem o apoio decisivo de todos os movimentos populares: colocar a economia ao servi\u00e7o do povo, uni-los no caminho da paz e da justi\u00e7a e defender a M\u00e3e Terra&#8221;. Frei S\u00e9rgio G\u00f6rgen, dirigente do Instituto Cultural Padre Josimo que \u201cFrancisco foi um Papa que marcou pela simplicidade, pela autenticidade na viv\u00eancia do Evangelho e pela vis\u00e3o de futuro nos temas ambientais e no modo de ser da Igreja\u201d. Acrescentou ainda que \u201cos impactos de sua passagem se prolongar\u00e3o pelos pr\u00f3ximos anos.<\/p>\r\n<p>&nbsp;<\/p>\r\n<p>\r\n<\/p>\r\n<p><strong>Presidente da CNBB exalta legado e espera continuidade<\/strong><\/p>\r\n<p>\r\n<\/p>\r\n<p>O Cardeal Dom Jaime Spengler, bispo de Porto Alegre e presidente da Confer\u00eancia nacional dos Bispos do Brasil (CNBB), afirmou em entrevista a uma emissora de R\u00e1dio na manh\u00e3 dessa segunda (21), que a not\u00edcia do falecimento do Papa surpreendeu a igreja.<\/p>\r\n<p>\r\n<\/p>\r\n<p>Questionado quanto ao legado que Francisco deixa, Spengler relembra que nas palavras de Francisco sempre estava presente a alegria: \u201cA alegria do evangelho, da verdade e do amor\u201d. Para ele os documentos publicados por Francisco s\u00e3o c\u00e9lebres e seguir\u00e3o fazendo hist\u00f3ria. Alguns citados pelo Cardeal de Porto Alegre s\u00e3o a enc\u00edclica Laudato Si&#8217; (sobre o cuidado com a casa comum), a enc\u00edclica Fratelli tutti (sobre a fraternidade e a amizade social), a enc\u00edclica Dilexit Nos (Sobre o amor humano e divino do cora\u00e7\u00e3o de Jesus), bem como a exorta\u00e7\u00f5es apost\u00f3licas Evangelii Gaudium (sobre a alegria do Evangelho) e Christus Vivit (dirigida aos jovens).<\/p>\r\n<p>\r\n<\/p>\r\n<p>Comentando sobre a apari\u00e7\u00e3o p\u00fablica de Francisco na celebra\u00e7\u00e3o do domingo de P\u00e1scoa e o gesto executado em passar em meio ao p\u00fablico utilizando o \u201cpapam\u00f3vel\u201d, Dom Jaime sintetizou como era Francisco: \u201cUm homem apaixonado pelo seu povo, desejosos de estar pr\u00f3ximo desse povo, um homem do evangelho. Essa participa\u00e7\u00e3o no domingo de P\u00e1scoa foi uma esp\u00e9cie de despedida desse povo o qual ele amou e dedicou toda a vida\u201d.<\/p>\r\n<p>\r\n<\/p>\r\n<p>A respeito do Conclave vindouro, que dever\u00e1 escolher o novo Papa, Cardeal Spengler disse que \u00e9 dif\u00edcil prever qualquer indicativo. \u201cDesejaria sim e fa\u00e7o votos que quem vier a ser escolhido seja capaz de levar adiante esse processo que o Papa Francisco conduziu at\u00e9 aqui, especialmente por meio da celebra\u00e7\u00e3o do \u00faltimo s\u00ednodo, que envolveu a Igreja em todos os continentes. Espero, fa\u00e7o votos e rezo que quem seja escolhido algu\u00e9m que possa dar continuidade a esse itiner\u00e1rio magn\u00edfico conduzido por Francisco&#8221;.<\/p>\r\n<p>\r\n<\/p>\r\n<p>Assista ao pronunciamento do Camerlengo no Instagram: <a href=\"https:\/\/www.instagram.com\/p\/DIs8WV-Nzhg\/ \">https:\/\/www.instagram.com\/p\/DIs8WV-Nzhg\/ <\/a><\/p>\r\n<p><\/p>","protected":false},"excerpt":{"rendered":"<p>Cardeal Jaime Spengler lamenta a morte do Papa e espera que seu legado tenha continuidade<\/p>\n","protected":false},"featured_media":6728,"template":"","categorias_noticias":[13],"class_list":["post-6727","noticias","type-noticias","status-publish","has-post-thumbnail","hentry","categorias_noticias-noticias"],"acf":[],"yoast_head":"<!-- This site is optimized with the Yoast SEO plugin v27.2 - https:\/\/yoast.com\/product\/yoast-seo-wordpress\/ -->\n<title>Morre Francisco, o Papa da Alegria, da Verdade e do Amor - Instituto Cultural Padre Josimo<\/title>\n<meta name=\"robots\" content=\"index, follow, max-snippet:-1, max-image-preview:large, max-video-preview:-1\" \/>\n<link rel=\"canonical\" href=\"https:\/\/padrejosimo.com.br\/site\/noticias\/morre-francisco-o-papa-da-alegria-da-verdade-e-do-amor\/\" \/>\n<meta property=\"og:locale\" content=\"pt_BR\" \/>\n<meta property=\"og:type\" content=\"article\" \/>\n<meta property=\"og:title\" content=\"Morre Francisco, o Papa da Alegria, da Verdade e do Amor - Instituto Cultural Padre Josimo\" \/>\n<meta property=\"og:description\" content=\"Cardeal Jaime Spengler lamenta a morte do Papa e espera que seu legado tenha continuidade\" \/>\n<meta property=\"og:url\" content=\"https:\/\/padrejosimo.com.br\/site\/noticias\/morre-francisco-o-papa-da-alegria-da-verdade-e-do-amor\/\" \/>\n<meta property=\"og:site_name\" content=\"Instituto Cultural Padre Josimo\" \/>\n<meta property=\"article:modified_time\" content=\"2025-04-21T13:49:42+00:00\" \/>\n<meta property=\"og:image\" content=\"https:\/\/padrejosimo.com.br\/site\/wp-content\/uploads\/2025\/04\/cq5dam.thumbnail.cropped.750.422.jpeg\" \/>\n\t<meta property=\"og:image:width\" content=\"750\" \/>\n\t<meta property=\"og:image:height\" content=\"422\" \/>\n\t<meta property=\"og:image:type\" content=\"image\/jpeg\" \/>\n<meta name=\"twitter:card\" content=\"summary_large_image\" \/>\n<meta name=\"twitter:label1\" content=\"Est. tempo de leitura\" \/>\n\t<meta name=\"twitter:data1\" content=\"6 minutos\" \/>\n<script type=\"application\/ld+json\" class=\"yoast-schema-graph\">{\"@context\":\"https:\/\/schema.org\",\"@graph\":[{\"@type\":\"WebPage\",\"@id\":\"https:\/\/padrejosimo.com.br\/site\/noticias\/morre-francisco-o-papa-da-alegria-da-verdade-e-do-amor\/\",\"url\":\"https:\/\/padrejosimo.com.br\/site\/noticias\/morre-francisco-o-papa-da-alegria-da-verdade-e-do-amor\/\",\"name\":\"Morre Francisco, o Papa da Alegria, da Verdade e do Amor - Instituto Cultural Padre Josimo\",\"isPartOf\":{\"@id\":\"https:\/\/padrejosimo.com.br\/site\/#website\"},\"primaryImageOfPage\":{\"@id\":\"https:\/\/padrejosimo.com.br\/site\/noticias\/morre-francisco-o-papa-da-alegria-da-verdade-e-do-amor\/#primaryimage\"},\"image\":{\"@id\":\"https:\/\/padrejosimo.com.br\/site\/noticias\/morre-francisco-o-papa-da-alegria-da-verdade-e-do-amor\/#primaryimage\"},\"thumbnailUrl\":\"https:\/\/padrejosimo.com.br\/site\/wp-content\/uploads\/2025\/04\/cq5dam.thumbnail.cropped.750.422.jpeg\",\"datePublished\":\"2025-04-21T10:05:15+00:00\",\"dateModified\":\"2025-04-21T13:49:42+00:00\",\"breadcrumb\":{\"@id\":\"https:\/\/padrejosimo.com.br\/site\/noticias\/morre-francisco-o-papa-da-alegria-da-verdade-e-do-amor\/#breadcrumb\"},\"inLanguage\":\"pt-BR\",\"potentialAction\":[{\"@type\":\"ReadAction\",\"target\":[\"https:\/\/padrejosimo.com.br\/site\/noticias\/morre-francisco-o-papa-da-alegria-da-verdade-e-do-amor\/\"]}]},{\"@type\":\"ImageObject\",\"inLanguage\":\"pt-BR\",\"@id\":\"https:\/\/padrejosimo.com.br\/site\/noticias\/morre-francisco-o-papa-da-alegria-da-verdade-e-do-amor\/#primaryimage\",\"url\":\"https:\/\/padrejosimo.com.br\/site\/wp-content\/uploads\/2025\/04\/cq5dam.thumbnail.cropped.750.422.jpeg\",\"contentUrl\":\"https:\/\/padrejosimo.com.br\/site\/wp-content\/uploads\/2025\/04\/cq5dam.thumbnail.cropped.750.422.jpeg\",\"width\":750,\"height\":422},{\"@type\":\"BreadcrumbList\",\"@id\":\"https:\/\/padrejosimo.com.br\/site\/noticias\/morre-francisco-o-papa-da-alegria-da-verdade-e-do-amor\/#breadcrumb\",\"itemListElement\":[{\"@type\":\"ListItem\",\"position\":1,\"name\":\"In\u00edcio\",\"item\":\"https:\/\/padrejosimo.com.br\/site\/\"},{\"@type\":\"ListItem\",\"position\":2,\"name\":\"Not\u00edcias\",\"item\":\"https:\/\/padrejosimo.com.br\/site\/noticias\/\"},{\"@type\":\"ListItem\",\"position\":3,\"name\":\"Morre Francisco, o Papa da Alegria, da Verdade e do Amor\"}]},{\"@type\":\"WebSite\",\"@id\":\"https:\/\/padrejosimo.com.br\/site\/#website\",\"url\":\"https:\/\/padrejosimo.com.br\/site\/\",\"name\":\"Instituto Cultural Padre Josimo\",\"description\":\"Comprometida com a promo\u00e7\u00e3o da justi\u00e7a social, agroecologia e educa\u00e7\u00e3o popular\",\"publisher\":{\"@id\":\"https:\/\/padrejosimo.com.br\/site\/#organization\"},\"alternateName\":\"ICPJ\",\"potentialAction\":[{\"@type\":\"SearchAction\",\"target\":{\"@type\":\"EntryPoint\",\"urlTemplate\":\"https:\/\/padrejosimo.com.br\/site\/?s={search_term_string}\"},\"query-input\":{\"@type\":\"PropertyValueSpecification\",\"valueRequired\":true,\"valueName\":\"search_term_string\"}}],\"inLanguage\":\"pt-BR\"},{\"@type\":\"Organization\",\"@id\":\"https:\/\/padrejosimo.com.br\/site\/#organization\",\"name\":\"Instituto Cultural Padre Josimo\",\"alternateName\":\"ICPJ\",\"url\":\"https:\/\/padrejosimo.com.br\/site\/\",\"logo\":{\"@type\":\"ImageObject\",\"inLanguage\":\"pt-BR\",\"@id\":\"https:\/\/padrejosimo.com.br\/site\/#\/schema\/logo\/image\/\",\"url\":\"https:\/\/padrejosimo.com.br\/site\/wp-content\/uploads\/2025\/09\/cropped-icon-icpj.png\",\"contentUrl\":\"https:\/\/padrejosimo.com.br\/site\/wp-content\/uploads\/2025\/09\/cropped-icon-icpj.png\",\"width\":512,\"height\":512,\"caption\":\"Instituto Cultural Padre Josimo\"},\"image\":{\"@id\":\"https:\/\/padrejosimo.com.br\/site\/#\/schema\/logo\/image\/\"}}]}<\/script>\n<!-- \/ Yoast SEO plugin. -->","yoast_head_json":{"title":"Morre Francisco, o Papa da Alegria, da Verdade e do Amor - Instituto Cultural Padre Josimo","robots":{"index":"index","follow":"follow","max-snippet":"max-snippet:-1","max-image-preview":"max-image-preview:large","max-video-preview":"max-video-preview:-1"},"canonical":"https:\/\/padrejosimo.com.br\/site\/noticias\/morre-francisco-o-papa-da-alegria-da-verdade-e-do-amor\/","og_locale":"pt_BR","og_type":"article","og_title":"Morre Francisco, o Papa da Alegria, da Verdade e do Amor - Instituto Cultural Padre Josimo","og_description":"Cardeal Jaime Spengler lamenta a morte do Papa e espera que seu legado tenha continuidade","og_url":"https:\/\/padrejosimo.com.br\/site\/noticias\/morre-francisco-o-papa-da-alegria-da-verdade-e-do-amor\/","og_site_name":"Instituto Cultural Padre Josimo","article_modified_time":"2025-04-21T13:49:42+00:00","og_image":[{"width":750,"height":422,"url":"https:\/\/padrejosimo.com.br\/site\/wp-content\/uploads\/2025\/04\/cq5dam.thumbnail.cropped.750.422.jpeg","type":"image\/jpeg"}],"twitter_card":"summary_large_image","twitter_misc":{"Est. tempo de leitura":"6 minutos"},"schema":{"@context":"https:\/\/schema.org","@graph":[{"@type":"WebPage","@id":"https:\/\/padrejosimo.com.br\/site\/noticias\/morre-francisco-o-papa-da-alegria-da-verdade-e-do-amor\/","url":"https:\/\/padrejosimo.com.br\/site\/noticias\/morre-francisco-o-papa-da-alegria-da-verdade-e-do-amor\/","name":"Morre Francisco, o Papa da Alegria, da Verdade e do Amor - Instituto Cultural Padre Josimo","isPartOf":{"@id":"https:\/\/padrejosimo.com.br\/site\/#website"},"primaryImageOfPage":{"@id":"https:\/\/padrejosimo.com.br\/site\/noticias\/morre-francisco-o-papa-da-alegria-da-verdade-e-do-amor\/#primaryimage"},"image":{"@id":"https:\/\/padrejosimo.com.br\/site\/noticias\/morre-francisco-o-papa-da-alegria-da-verdade-e-do-amor\/#primaryimage"},"thumbnailUrl":"https:\/\/padrejosimo.com.br\/site\/wp-content\/uploads\/2025\/04\/cq5dam.thumbnail.cropped.750.422.jpeg","datePublished":"2025-04-21T10:05:15+00:00","dateModified":"2025-04-21T13:49:42+00:00","breadcrumb":{"@id":"https:\/\/padrejosimo.com.br\/site\/noticias\/morre-francisco-o-papa-da-alegria-da-verdade-e-do-amor\/#breadcrumb"},"inLanguage":"pt-BR","potentialAction":[{"@type":"ReadAction","target":["https:\/\/padrejosimo.com.br\/site\/noticias\/morre-francisco-o-papa-da-alegria-da-verdade-e-do-amor\/"]}]},{"@type":"ImageObject","inLanguage":"pt-BR","@id":"https:\/\/padrejosimo.com.br\/site\/noticias\/morre-francisco-o-papa-da-alegria-da-verdade-e-do-amor\/#primaryimage","url":"https:\/\/padrejosimo.com.br\/site\/wp-content\/uploads\/2025\/04\/cq5dam.thumbnail.cropped.750.422.jpeg","contentUrl":"https:\/\/padrejosimo.com.br\/site\/wp-content\/uploads\/2025\/04\/cq5dam.thumbnail.cropped.750.422.jpeg","width":750,"height":422},{"@type":"BreadcrumbList","@id":"https:\/\/padrejosimo.com.br\/site\/noticias\/morre-francisco-o-papa-da-alegria-da-verdade-e-do-amor\/#breadcrumb","itemListElement":[{"@type":"ListItem","position":1,"name":"In\u00edcio","item":"https:\/\/padrejosimo.com.br\/site\/"},{"@type":"ListItem","position":2,"name":"Not\u00edcias","item":"https:\/\/padrejosimo.com.br\/site\/noticias\/"},{"@type":"ListItem","position":3,"name":"Morre Francisco, o Papa da Alegria, da Verdade e do Amor"}]},{"@type":"WebSite","@id":"https:\/\/padrejosimo.com.br\/site\/#website","url":"https:\/\/padrejosimo.com.br\/site\/","name":"Instituto Cultural Padre Josimo","description":"Comprometida com a promo\u00e7\u00e3o da justi\u00e7a social, agroecologia e educa\u00e7\u00e3o popular","publisher":{"@id":"https:\/\/padrejosimo.com.br\/site\/#organization"},"alternateName":"ICPJ","potentialAction":[{"@type":"SearchAction","target":{"@type":"EntryPoint","urlTemplate":"https:\/\/padrejosimo.com.br\/site\/?s={search_term_string}"},"query-input":{"@type":"PropertyValueSpecification","valueRequired":true,"valueName":"search_term_string"}}],"inLanguage":"pt-BR"},{"@type":"Organization","@id":"https:\/\/padrejosimo.com.br\/site\/#organization","name":"Instituto Cultural Padre Josimo","alternateName":"ICPJ","url":"https:\/\/padrejosimo.com.br\/site\/","logo":{"@type":"ImageObject","inLanguage":"pt-BR","@id":"https:\/\/padrejosimo.com.br\/site\/#\/schema\/logo\/image\/","url":"https:\/\/padrejosimo.com.br\/site\/wp-content\/uploads\/2025\/09\/cropped-icon-icpj.png","contentUrl":"https:\/\/padrejosimo.com.br\/site\/wp-content\/uploads\/2025\/09\/cropped-icon-icpj.png","width":512,"height":512,"caption":"Instituto Cultural Padre Josimo"},"image":{"@id":"https:\/\/padrejosimo.com.br\/site\/#\/schema\/logo\/image\/"}}]}},"_links":{"self":[{"href":"https:\/\/padrejosimo.com.br\/site\/wp-json\/wp\/v2\/noticias\/6727","targetHints":{"allow":["GET"]}}],"collection":[{"href":"https:\/\/padrejosimo.com.br\/site\/wp-json\/wp\/v2\/noticias"}],"about":[{"href":"https:\/\/padrejosimo.com.br\/site\/wp-json\/wp\/v2\/types\/noticias"}],"wp:featuredmedia":[{"embeddable":true,"href":"https:\/\/padrejosimo.com.br\/site\/wp-json\/wp\/v2\/media\/6728"}],"wp:attachment":[{"href":"https:\/\/padrejosimo.com.br\/site\/wp-json\/wp\/v2\/media?parent=6727"}],"wp:term":[{"taxonomy":"categorias_noticias","embeddable":true,"href":"https:\/\/padrejosimo.com.br\/site\/wp-json\/wp\/v2\/categorias_noticias?post=6727"}],"curies":[{"name":"wp","href":"https:\/\/api.w.org\/{rel}","templated":true}]}}