{"id":637,"date":"2017-12-19T18:00:45","date_gmt":"2017-12-19T20:00:45","guid":{"rendered":"http:\/\/padrejosimo.com.br\/site\/?post_type=noticias&#038;p=637"},"modified":"2017-12-19T18:19:33","modified_gmt":"2017-12-19T20:19:33","slug":"aula-publica-em-defesa-da-candidatura-do-ex-presidente-lula-e-realizada-em-frente-ao-trf4","status":"publish","type":"noticias","link":"https:\/\/padrejosimo.com.br\/site\/noticias\/aula-publica-em-defesa-da-candidatura-do-ex-presidente-lula-e-realizada-em-frente-ao-trf4\/","title":{"rendered":"Aula P\u00fablica em defesa da candidatura do ex-presidente Lula \u00e9 realizada em frente ao TRF4"},"content":{"rendered":"<figure id=\"attachment_638\" aria-describedby=\"caption-attachment-638\" style=\"width: 900px\" class=\"wp-caption aligncenter\"><img fetchpriority=\"high\" decoding=\"async\" class=\"size-full wp-image-638\" src=\"https:\/\/padrejosimo.com.br\/site\/wp-content\/uploads\/2017\/12\/19122017-IMG_0843.jpg\" alt=\"\" width=\"900\" height=\"600\" srcset=\"https:\/\/padrejosimo.com.br\/site\/wp-content\/uploads\/2017\/12\/19122017-IMG_0843.jpg 900w, https:\/\/padrejosimo.com.br\/site\/wp-content\/uploads\/2017\/12\/19122017-IMG_0843-300x200.jpg 300w, https:\/\/padrejosimo.com.br\/site\/wp-content\/uploads\/2017\/12\/19122017-IMG_0843-768x512.jpg 768w\" sizes=\"(max-width: 900px) 100vw, 900px\" \/><figcaption id=\"caption-attachment-638\" class=\"wp-caption-text\">Fotos: Alexandre Garcia\/ICPJ<\/figcaption><\/figure>\n<p>A Frente Brasil Popular realizou aula p\u00fablica em defesa da candidatura do ex-presidente Lula, na manh\u00e3 desta ter\u00e7a-feira (16\/12), em frente ao Tribunal Regional Federal da 4\u00aa Regi\u00e3o (TRF4), em Porto Alegre. Com o t\u00edtulo Direito e Democracia \u2013 Elei\u00e7\u00e3o sem Lula \u00e9 Golpe, o ato reuniu centenas de pessoas, que acompanharam a manifesta\u00e7\u00e3o de tr\u00eas juristas e professores de direito sobre as injusti\u00e7as e ilegalidades cometidas pelo juiz S\u00e9rgio Moro no julgamento de Lula na primeira inst\u00e2ncia.<\/p>\n<p><img decoding=\"async\" class=\"alignleft size-medium wp-image-639\" src=\"https:\/\/padrejosimo.com.br\/site\/wp-content\/uploads\/2017\/12\/19122017-IMG_0803-300x200.jpg\" alt=\"\" width=\"300\" height=\"200\" srcset=\"https:\/\/padrejosimo.com.br\/site\/wp-content\/uploads\/2017\/12\/19122017-IMG_0803-300x200.jpg 300w, https:\/\/padrejosimo.com.br\/site\/wp-content\/uploads\/2017\/12\/19122017-IMG_0803-768x512.jpg 768w, https:\/\/padrejosimo.com.br\/site\/wp-content\/uploads\/2017\/12\/19122017-IMG_0803.jpg 900w\" sizes=\"(max-width: 300px) 100vw, 300px\" \/>A primeira a falar foi a professora Gisele Cittadino, coordenadora do Programa de Mestrado e Doutorado em Direito da PUC-RJ, que iniciou sua fala afirmando que \u201cn\u00e3o h\u00e1 d\u00favida\u201d de que o Brasil vive um estado de exce\u00e7\u00e3o, com o desrespeito \u00e0 soberania popular, manifestado no impeachment da presidenta Dilma Rousseff, e em um cen\u00e1rio de inseguran\u00e7a jur\u00eddica, em que a Justi\u00e7a est\u00e1 sendo usada para fins pol\u00edticos. \u201cTodos sabem que o triplex no Guaruj\u00e1 nunca foi do presidente Lula. N\u00e3o conhe\u00e7o nenhum jurista no Brasil, al\u00e9m do presidente do TRF4, que tenha defendido a senten\u00e7a do Moro. O objetivo \u00e9 tirar o ex-presidente do processo eleitoral\u201d, disse.<\/p>\n<p>Segunda a falar, Carol Proner, professora da Universidade Federal do Rio de Janeiro, come\u00e7ou argumentando que, se o TRF4 seguir os princ\u00edpios constitucionais, \u201cn\u00e3o tem outra sa\u00edda a n\u00e3o ser considerar esse processo nulo\u201d. Remetendo-se ao livro \u201cComent\u00e1rios a uma senten\u00e7a anunciada: o processo Lula\u201d \u2014 colet\u00e2nea de artigos de juristas sobre a senten\u00e7a de primeira inst\u00e2ncia do juiz S\u00e9rgio Moro no chamado caso do triplex, apresentou uma s\u00e9rie de questionamentos contra a decis\u00e3o. Apontou, por exemplo, que, durante o processo, Moro informou a imprensa sobre suas decis\u00f5es antes de disponibilizar os autos para os advogados de Lula, configurando assim uma viola\u00e7\u00e3o do direito \u00e0 ampla defesa. \u201cA companhia telef\u00f4nica avisou o juiz de que era o telefone do escrit\u00f3rio de advocacia, e mesmo assim ele divulgou\u201d.<\/p>\n<p><img decoding=\"async\" class=\"alignright size-medium wp-image-640\" src=\"https:\/\/padrejosimo.com.br\/site\/wp-content\/uploads\/2017\/12\/19122017-IMG_0913-300x200.jpg\" alt=\"\" width=\"300\" height=\"200\" srcset=\"https:\/\/padrejosimo.com.br\/site\/wp-content\/uploads\/2017\/12\/19122017-IMG_0913-300x200.jpg 300w, https:\/\/padrejosimo.com.br\/site\/wp-content\/uploads\/2017\/12\/19122017-IMG_0913-768x512.jpg 768w, https:\/\/padrejosimo.com.br\/site\/wp-content\/uploads\/2017\/12\/19122017-IMG_0913.jpg 900w\" sizes=\"(max-width: 300px) 100vw, 300px\" \/>\u00daltimo jurista a falar na aula p\u00fablica, Jos\u00e9 Carlos Moreira, professor da PUC-RS, abriu sua manifesta\u00e7\u00e3o fazendo uma compara\u00e7\u00e3o entre o grupo de ju\u00edzes e operadores da Justi\u00e7a que t\u00eam ganhado espa\u00e7o no Brasil, sem citar nomes, e o personagem Sim\u00e3o Bacamarte, de Machado de Assis. Em \u201cO Alienista\u201d, o psiquiatra Bacamarte resolve internar todos os \u201cloucos\u201d de sua cidade, mas depois de prender a cidade inteira \u201ca partir de teses mirabolantes\u201d, acaba internando a si mesmo. Moreira defendeu que, em sua senten\u00e7a, Moro se deixou levar pela tese para condenar Lula, mas n\u00e3o apresentou provas sobre o crime que cometeu e quando cometeu. \u201cA condena\u00e7\u00e3o que ele sofre \u00e9 por um crime que n\u00e3o foi provado, portanto \u00e9 inexistente, de corrup\u00e7\u00e3o passiva\u201d, afirmou.<\/p>\n<p>Ao final da exposi\u00e7\u00e3o dos juristas, o ato, que foi acompanhado por centenas de pessoas, contou com falas de representantes de movimentos sociais e de partidos pol\u00edticos. A atividade foi a primeira de v\u00e1rias agendas que come\u00e7am a ser organizadas pelos movimentos sociais a partir do an\u00fancio da data do julgamento do ex-presidente Lula, no TRF4, para o dia 24 de janeiro.<\/p>\n<p><em>Com informa\u00e7\u00f5es do Sul 21<\/em><\/p>\n<p><strong>Galeria de fotos<\/strong><\/p>\n<p><img loading=\"lazy\" decoding=\"async\" class=\"alignright size-full wp-image-658\" src=\"https:\/\/padrejosimo.com.br\/site\/wp-content\/uploads\/2017\/12\/19122017-IMG_0830.jpg\" alt=\"\" width=\"900\" height=\"600\" srcset=\"https:\/\/padrejosimo.com.br\/site\/wp-content\/uploads\/2017\/12\/19122017-IMG_0830.jpg 900w, https:\/\/padrejosimo.com.br\/site\/wp-content\/uploads\/2017\/12\/19122017-IMG_0830-300x200.jpg 300w, https:\/\/padrejosimo.com.br\/site\/wp-content\/uploads\/2017\/12\/19122017-IMG_0830-768x512.jpg 768w\" sizes=\"(max-width: 900px) 100vw, 900px\" \/> <img loading=\"lazy\" decoding=\"async\" class=\"alignright size-full wp-image-657\" src=\"https:\/\/padrejosimo.com.br\/site\/wp-content\/uploads\/2017\/12\/19122017-IMG_0827.jpg\" alt=\"\" width=\"900\" height=\"600\" srcset=\"https:\/\/padrejosimo.com.br\/site\/wp-content\/uploads\/2017\/12\/19122017-IMG_0827.jpg 900w, https:\/\/padrejosimo.com.br\/site\/wp-content\/uploads\/2017\/12\/19122017-IMG_0827-300x200.jpg 300w, https:\/\/padrejosimo.com.br\/site\/wp-content\/uploads\/2017\/12\/19122017-IMG_0827-768x512.jpg 768w\" sizes=\"(max-width: 900px) 100vw, 900px\" \/> <img loading=\"lazy\" decoding=\"async\" class=\"alignright size-full wp-image-656\" src=\"https:\/\/padrejosimo.com.br\/site\/wp-content\/uploads\/2017\/12\/19122017-IMG_0819.jpg\" alt=\"\" width=\"900\" height=\"600\" srcset=\"https:\/\/padrejosimo.com.br\/site\/wp-content\/uploads\/2017\/12\/19122017-IMG_0819.jpg 900w, https:\/\/padrejosimo.com.br\/site\/wp-content\/uploads\/2017\/12\/19122017-IMG_0819-300x200.jpg 300w, https:\/\/padrejosimo.com.br\/site\/wp-content\/uploads\/2017\/12\/19122017-IMG_0819-768x512.jpg 768w\" sizes=\"(max-width: 900px) 100vw, 900px\" \/> <img loading=\"lazy\" decoding=\"async\" class=\"alignright size-full wp-image-667\" src=\"https:\/\/padrejosimo.com.br\/site\/wp-content\/uploads\/2017\/12\/19122017-IMG_0894.jpg\" alt=\"\" width=\"900\" height=\"600\" srcset=\"https:\/\/padrejosimo.com.br\/site\/wp-content\/uploads\/2017\/12\/19122017-IMG_0894.jpg 900w, https:\/\/padrejosimo.com.br\/site\/wp-content\/uploads\/2017\/12\/19122017-IMG_0894-300x200.jpg 300w, https:\/\/padrejosimo.com.br\/site\/wp-content\/uploads\/2017\/12\/19122017-IMG_0894-768x512.jpg 768w\" sizes=\"(max-width: 900px) 100vw, 900px\" \/> <img loading=\"lazy\" decoding=\"async\" class=\"alignright size-full wp-image-666\" src=\"https:\/\/padrejosimo.com.br\/site\/wp-content\/uploads\/2017\/12\/19122017-IMG_0884.jpg\" alt=\"\" width=\"400\" height=\"600\" srcset=\"https:\/\/padrejosimo.com.br\/site\/wp-content\/uploads\/2017\/12\/19122017-IMG_0884.jpg 400w, https:\/\/padrejosimo.com.br\/site\/wp-content\/uploads\/2017\/12\/19122017-IMG_0884-200x300.jpg 200w\" sizes=\"(max-width: 400px) 100vw, 400px\" \/> <img loading=\"lazy\" decoding=\"async\" class=\"alignright size-full wp-image-660\" src=\"https:\/\/padrejosimo.com.br\/site\/wp-content\/uploads\/2017\/12\/19122017-IMG_0841.jpg\" alt=\"\" width=\"900\" height=\"600\" srcset=\"https:\/\/padrejosimo.com.br\/site\/wp-content\/uploads\/2017\/12\/19122017-IMG_0841.jpg 900w, https:\/\/padrejosimo.com.br\/site\/wp-content\/uploads\/2017\/12\/19122017-IMG_0841-300x200.jpg 300w, https:\/\/padrejosimo.com.br\/site\/wp-content\/uploads\/2017\/12\/19122017-IMG_0841-768x512.jpg 768w\" sizes=\"(max-width: 900px) 100vw, 900px\" \/> <img loading=\"lazy\" decoding=\"async\" class=\"alignright size-full wp-image-671\" src=\"https:\/\/padrejosimo.com.br\/site\/wp-content\/uploads\/2017\/12\/19122017-IMG_0928.jpg\" alt=\"\" width=\"400\" height=\"600\" srcset=\"https:\/\/padrejosimo.com.br\/site\/wp-content\/uploads\/2017\/12\/19122017-IMG_0928.jpg 400w, https:\/\/padrejosimo.com.br\/site\/wp-content\/uploads\/2017\/12\/19122017-IMG_0928-200x300.jpg 200w\" sizes=\"(max-width: 400px) 100vw, 400px\" \/> <img loading=\"lazy\" decoding=\"async\" class=\"alignright size-full wp-image-652\" src=\"https:\/\/padrejosimo.com.br\/site\/wp-content\/uploads\/2017\/12\/19122017-IMG_0808.jpg\" alt=\"\" width=\"400\" height=\"600\" srcset=\"https:\/\/padrejosimo.com.br\/site\/wp-content\/uploads\/2017\/12\/19122017-IMG_0808.jpg 400w, https:\/\/padrejosimo.com.br\/site\/wp-content\/uploads\/2017\/12\/19122017-IMG_0808-200x300.jpg 200w\" sizes=\"(max-width: 400px) 100vw, 400px\" \/> <img loading=\"lazy\" decoding=\"async\" class=\"alignright size-full wp-image-661\" src=\"https:\/\/padrejosimo.com.br\/site\/wp-content\/uploads\/2017\/12\/19122017-IMG_0845.jpg\" alt=\"\" width=\"900\" height=\"600\" srcset=\"https:\/\/padrejosimo.com.br\/site\/wp-content\/uploads\/2017\/12\/19122017-IMG_0845.jpg 900w, https:\/\/padrejosimo.com.br\/site\/wp-content\/uploads\/2017\/12\/19122017-IMG_0845-300x200.jpg 300w, https:\/\/padrejosimo.com.br\/site\/wp-content\/uploads\/2017\/12\/19122017-IMG_0845-768x512.jpg 768w\" sizes=\"(max-width: 900px) 100vw, 900px\" \/> <img loading=\"lazy\" decoding=\"async\" class=\"alignright size-full wp-image-651\" src=\"https:\/\/padrejosimo.com.br\/site\/wp-content\/uploads\/2017\/12\/19122017-IMG_0807.jpg\" alt=\"\" width=\"400\" height=\"600\" srcset=\"https:\/\/padrejosimo.com.br\/site\/wp-content\/uploads\/2017\/12\/19122017-IMG_0807.jpg 400w, https:\/\/padrejosimo.com.br\/site\/wp-content\/uploads\/2017\/12\/19122017-IMG_0807-200x300.jpg 200w\" sizes=\"(max-width: 400px) 100vw, 400px\" \/> <img loading=\"lazy\" decoding=\"async\" class=\"alignright size-full wp-image-649\" src=\"https:\/\/padrejosimo.com.br\/site\/wp-content\/uploads\/2017\/12\/19122017-IMG_0804.jpg\" alt=\"\" width=\"900\" height=\"600\" srcset=\"https:\/\/padrejosimo.com.br\/site\/wp-content\/uploads\/2017\/12\/19122017-IMG_0804.jpg 900w, https:\/\/padrejosimo.com.br\/site\/wp-content\/uploads\/2017\/12\/19122017-IMG_0804-300x200.jpg 300w, https:\/\/padrejosimo.com.br\/site\/wp-content\/uploads\/2017\/12\/19122017-IMG_0804-768x512.jpg 768w\" sizes=\"(max-width: 900px) 100vw, 900px\" \/> <img loading=\"lazy\" decoding=\"async\" class=\"alignright size-full wp-image-646\" src=\"https:\/\/padrejosimo.com.br\/site\/wp-content\/uploads\/2017\/12\/19122017-IMG_0973.jpg\" alt=\"\" width=\"900\" height=\"600\" srcset=\"https:\/\/padrejosimo.com.br\/site\/wp-content\/uploads\/2017\/12\/19122017-IMG_0973.jpg 900w, https:\/\/padrejosimo.com.br\/site\/wp-content\/uploads\/2017\/12\/19122017-IMG_0973-300x200.jpg 300w, https:\/\/padrejosimo.com.br\/site\/wp-content\/uploads\/2017\/12\/19122017-IMG_0973-768x512.jpg 768w\" sizes=\"(max-width: 900px) 100vw, 900px\" \/> <img loading=\"lazy\" decoding=\"async\" class=\"alignright size-full wp-image-645\" src=\"https:\/\/padrejosimo.com.br\/site\/wp-content\/uploads\/2017\/12\/19122017-IMG_0971.jpg\" alt=\"\" width=\"900\" height=\"600\" srcset=\"https:\/\/padrejosimo.com.br\/site\/wp-content\/uploads\/2017\/12\/19122017-IMG_0971.jpg 900w, https:\/\/padrejosimo.com.br\/site\/wp-content\/uploads\/2017\/12\/19122017-IMG_0971-300x200.jpg 300w, https:\/\/padrejosimo.com.br\/site\/wp-content\/uploads\/2017\/12\/19122017-IMG_0971-768x512.jpg 768w\" sizes=\"(max-width: 900px) 100vw, 900px\" \/> <img loading=\"lazy\" decoding=\"async\" class=\"alignright size-full wp-image-644\" src=\"https:\/\/padrejosimo.com.br\/site\/wp-content\/uploads\/2017\/12\/19122017-IMG_0938.jpg\" alt=\"\" width=\"900\" height=\"600\" srcset=\"https:\/\/padrejosimo.com.br\/site\/wp-content\/uploads\/2017\/12\/19122017-IMG_0938.jpg 900w, https:\/\/padrejosimo.com.br\/site\/wp-content\/uploads\/2017\/12\/19122017-IMG_0938-300x200.jpg 300w, https:\/\/padrejosimo.com.br\/site\/wp-content\/uploads\/2017\/12\/19122017-IMG_0938-768x512.jpg 768w\" sizes=\"(max-width: 900px) 100vw, 900px\" \/> <img loading=\"lazy\" decoding=\"async\" class=\"alignright size-full wp-image-642\" src=\"https:\/\/padrejosimo.com.br\/site\/wp-content\/uploads\/2017\/12\/19122017-IMG_0931.jpg\" alt=\"\" width=\"400\" height=\"600\" srcset=\"https:\/\/padrejosimo.com.br\/site\/wp-content\/uploads\/2017\/12\/19122017-IMG_0931.jpg 400w, https:\/\/padrejosimo.com.br\/site\/wp-content\/uploads\/2017\/12\/19122017-IMG_0931-200x300.jpg 200w\" sizes=\"(max-width: 400px) 100vw, 400px\" \/> <img loading=\"lazy\" decoding=\"async\" class=\"alignright size-full wp-image-669\" src=\"https:\/\/padrejosimo.com.br\/site\/wp-content\/uploads\/2017\/12\/19122017-IMG_0899.jpg\" alt=\"\" width=\"900\" height=\"600\" srcset=\"https:\/\/padrejosimo.com.br\/site\/wp-content\/uploads\/2017\/12\/19122017-IMG_0899.jpg 900w, https:\/\/padrejosimo.com.br\/site\/wp-content\/uploads\/2017\/12\/19122017-IMG_0899-300x200.jpg 300w, https:\/\/padrejosimo.com.br\/site\/wp-content\/uploads\/2017\/12\/19122017-IMG_0899-768x512.jpg 768w\" sizes=\"(max-width: 900px) 100vw, 900px\" \/> <img loading=\"lazy\" decoding=\"async\" class=\"alignright size-full wp-image-668\" src=\"https:\/\/padrejosimo.com.br\/site\/wp-content\/uploads\/2017\/12\/19122017-IMG_0897.jpg\" alt=\"\" width=\"774\" height=\"600\" srcset=\"https:\/\/padrejosimo.com.br\/site\/wp-content\/uploads\/2017\/12\/19122017-IMG_0897.jpg 774w, https:\/\/padrejosimo.com.br\/site\/wp-content\/uploads\/2017\/12\/19122017-IMG_0897-300x233.jpg 300w, https:\/\/padrejosimo.com.br\/site\/wp-content\/uploads\/2017\/12\/19122017-IMG_0897-768x595.jpg 768w\" sizes=\"(max-width: 774px) 100vw, 774px\" \/> <img loading=\"lazy\" decoding=\"async\" class=\"alignright size-full wp-image-664\" src=\"https:\/\/padrejosimo.com.br\/site\/wp-content\/uploads\/2017\/12\/19122017-IMG_0877.jpg\" alt=\"\" width=\"900\" height=\"600\" srcset=\"https:\/\/padrejosimo.com.br\/site\/wp-content\/uploads\/2017\/12\/19122017-IMG_0877.jpg 900w, https:\/\/padrejosimo.com.br\/site\/wp-content\/uploads\/2017\/12\/19122017-IMG_0877-300x200.jpg 300w, https:\/\/padrejosimo.com.br\/site\/wp-content\/uploads\/2017\/12\/19122017-IMG_0877-768x512.jpg 768w\" sizes=\"(max-width: 900px) 100vw, 900px\" \/> <img loading=\"lazy\" decoding=\"async\" class=\"alignright size-full wp-image-665\" src=\"https:\/\/padrejosimo.com.br\/site\/wp-content\/uploads\/2017\/12\/19122017-IMG_0879.jpg\" alt=\"\" width=\"900\" height=\"600\" srcset=\"https:\/\/padrejosimo.com.br\/site\/wp-content\/uploads\/2017\/12\/19122017-IMG_0879.jpg 900w, https:\/\/padrejosimo.com.br\/site\/wp-content\/uploads\/2017\/12\/19122017-IMG_0879-300x200.jpg 300w, https:\/\/padrejosimo.com.br\/site\/wp-content\/uploads\/2017\/12\/19122017-IMG_0879-768x512.jpg 768w\" sizes=\"(max-width: 900px) 100vw, 900px\" \/> <img loading=\"lazy\" decoding=\"async\" class=\"alignright size-full wp-image-663\" src=\"https:\/\/padrejosimo.com.br\/site\/wp-content\/uploads\/2017\/12\/19122017-IMG_0874.jpg\" alt=\"\" width=\"900\" height=\"600\" srcset=\"https:\/\/padrejosimo.com.br\/site\/wp-content\/uploads\/2017\/12\/19122017-IMG_0874.jpg 900w, https:\/\/padrejosimo.com.br\/site\/wp-content\/uploads\/2017\/12\/19122017-IMG_0874-300x200.jpg 300w, https:\/\/padrejosimo.com.br\/site\/wp-content\/uploads\/2017\/12\/19122017-IMG_0874-768x512.jpg 768w\" sizes=\"(max-width: 900px) 100vw, 900px\" \/> <img loading=\"lazy\" decoding=\"async\" class=\"alignright size-full wp-image-650\" src=\"https:\/\/padrejosimo.com.br\/site\/wp-content\/uploads\/2017\/12\/19122017-IMG_0806.jpg\" alt=\"\" width=\"900\" height=\"600\" srcset=\"https:\/\/padrejosimo.com.br\/site\/wp-content\/uploads\/2017\/12\/19122017-IMG_0806.jpg 900w, https:\/\/padrejosimo.com.br\/site\/wp-content\/uploads\/2017\/12\/19122017-IMG_0806-300x200.jpg 300w, https:\/\/padrejosimo.com.br\/site\/wp-content\/uploads\/2017\/12\/19122017-IMG_0806-768x512.jpg 768w\" sizes=\"(max-width: 900px) 100vw, 900px\" \/> <img loading=\"lazy\" decoding=\"async\" class=\"alignright size-full wp-image-648\" src=\"https:\/\/padrejosimo.com.br\/site\/wp-content\/uploads\/2017\/12\/19122017-IMG_0793.jpg\" alt=\"\" width=\"896\" height=\"600\" srcset=\"https:\/\/padrejosimo.com.br\/site\/wp-content\/uploads\/2017\/12\/19122017-IMG_0793.jpg 896w, https:\/\/padrejosimo.com.br\/site\/wp-content\/uploads\/2017\/12\/19122017-IMG_0793-300x201.jpg 300w, https:\/\/padrejosimo.com.br\/site\/wp-content\/uploads\/2017\/12\/19122017-IMG_0793-768x514.jpg 768w\" sizes=\"(max-width: 896px) 100vw, 896px\" \/> <img loading=\"lazy\" decoding=\"async\" class=\"alignright size-full wp-image-647\" src=\"https:\/\/padrejosimo.com.br\/site\/wp-content\/uploads\/2017\/12\/19122017-IMG_0985.jpg\" alt=\"\" width=\"900\" height=\"600\" srcset=\"https:\/\/padrejosimo.com.br\/site\/wp-content\/uploads\/2017\/12\/19122017-IMG_0985.jpg 900w, https:\/\/padrejosimo.com.br\/site\/wp-content\/uploads\/2017\/12\/19122017-IMG_0985-300x200.jpg 300w, https:\/\/padrejosimo.com.br\/site\/wp-content\/uploads\/2017\/12\/19122017-IMG_0985-768x512.jpg 768w\" sizes=\"(max-width: 900px) 100vw, 900px\" \/> <img loading=\"lazy\" decoding=\"async\" class=\"alignright size-full wp-image-641\" src=\"https:\/\/padrejosimo.com.br\/site\/wp-content\/uploads\/2017\/12\/19122017-IMG_0929.jpg\" alt=\"\" width=\"400\" height=\"600\" srcset=\"https:\/\/padrejosimo.com.br\/site\/wp-content\/uploads\/2017\/12\/19122017-IMG_0929.jpg 400w, https:\/\/padrejosimo.com.br\/site\/wp-content\/uploads\/2017\/12\/19122017-IMG_0929-200x300.jpg 200w\" sizes=\"(max-width: 400px) 100vw, 400px\" \/> <img loading=\"lazy\" decoding=\"async\" class=\"alignright size-full wp-image-653\" src=\"https:\/\/padrejosimo.com.br\/site\/wp-content\/uploads\/2017\/12\/19122017-IMG_0810.jpg\" alt=\"\" width=\"900\" height=\"600\" srcset=\"https:\/\/padrejosimo.com.br\/site\/wp-content\/uploads\/2017\/12\/19122017-IMG_0810.jpg 900w, https:\/\/padrejosimo.com.br\/site\/wp-content\/uploads\/2017\/12\/19122017-IMG_0810-300x200.jpg 300w, https:\/\/padrejosimo.com.br\/site\/wp-content\/uploads\/2017\/12\/19122017-IMG_0810-768x512.jpg 768w\" sizes=\"(max-width: 900px) 100vw, 900px\" \/> <img loading=\"lazy\" decoding=\"async\" class=\"alignright size-full wp-image-662\" src=\"https:\/\/padrejosimo.com.br\/site\/wp-content\/uploads\/2017\/12\/19122017-IMG_0872.jpg\" alt=\"\" width=\"900\" height=\"600\" srcset=\"https:\/\/padrejosimo.com.br\/site\/wp-content\/uploads\/2017\/12\/19122017-IMG_0872.jpg 900w, https:\/\/padrejosimo.com.br\/site\/wp-content\/uploads\/2017\/12\/19122017-IMG_0872-300x200.jpg 300w, https:\/\/padrejosimo.com.br\/site\/wp-content\/uploads\/2017\/12\/19122017-IMG_0872-768x512.jpg 768w\" sizes=\"(max-width: 900px) 100vw, 900px\" \/> <img loading=\"lazy\" decoding=\"async\" class=\"alignright size-full wp-image-659\" src=\"https:\/\/padrejosimo.com.br\/site\/wp-content\/uploads\/2017\/12\/19122017-IMG_0836.jpg\" alt=\"\" width=\"900\" height=\"600\" srcset=\"https:\/\/padrejosimo.com.br\/site\/wp-content\/uploads\/2017\/12\/19122017-IMG_0836.jpg 900w, https:\/\/padrejosimo.com.br\/site\/wp-content\/uploads\/2017\/12\/19122017-IMG_0836-300x200.jpg 300w, https:\/\/padrejosimo.com.br\/site\/wp-content\/uploads\/2017\/12\/19122017-IMG_0836-768x512.jpg 768w\" sizes=\"(max-width: 900px) 100vw, 900px\" \/> <img loading=\"lazy\" decoding=\"async\" class=\"alignright size-full wp-image-655\" src=\"https:\/\/padrejosimo.com.br\/site\/wp-content\/uploads\/2017\/12\/19122017-IMG_0817.jpg\" alt=\"\" width=\"900\" height=\"600\" srcset=\"https:\/\/padrejosimo.com.br\/site\/wp-content\/uploads\/2017\/12\/19122017-IMG_0817.jpg 900w, https:\/\/padrejosimo.com.br\/site\/wp-content\/uploads\/2017\/12\/19122017-IMG_0817-300x200.jpg 300w, https:\/\/padrejosimo.com.br\/site\/wp-content\/uploads\/2017\/12\/19122017-IMG_0817-768x512.jpg 768w\" sizes=\"(max-width: 900px) 100vw, 900px\" \/> <img loading=\"lazy\" decoding=\"async\" class=\"alignright size-full wp-image-654\" src=\"https:\/\/padrejosimo.com.br\/site\/wp-content\/uploads\/2017\/12\/19122017-IMG_0815.jpg\" alt=\"\" width=\"900\" height=\"600\" srcset=\"https:\/\/padrejosimo.com.br\/site\/wp-content\/uploads\/2017\/12\/19122017-IMG_0815.jpg 900w, https:\/\/padrejosimo.com.br\/site\/wp-content\/uploads\/2017\/12\/19122017-IMG_0815-300x200.jpg 300w, https:\/\/padrejosimo.com.br\/site\/wp-content\/uploads\/2017\/12\/19122017-IMG_0815-768x512.jpg 768w\" sizes=\"(max-width: 900px) 100vw, 900px\" \/> <img loading=\"lazy\" decoding=\"async\" class=\"alignright size-full wp-image-670\" src=\"https:\/\/padrejosimo.com.br\/site\/wp-content\/uploads\/2017\/12\/19122017-IMG_0923.jpg\" alt=\"\" width=\"900\" height=\"600\" srcset=\"https:\/\/padrejosimo.com.br\/site\/wp-content\/uploads\/2017\/12\/19122017-IMG_0923.jpg 900w, https:\/\/padrejosimo.com.br\/site\/wp-content\/uploads\/2017\/12\/19122017-IMG_0923-300x200.jpg 300w, https:\/\/padrejosimo.com.br\/site\/wp-content\/uploads\/2017\/12\/19122017-IMG_0923-768x512.jpg 768w\" sizes=\"(max-width: 900px) 100vw, 900px\" \/><\/p>\n","protected":false},"excerpt":{"rendered":"<p>A Frente Brasil Popular realizou aula p\u00fablica em defesa da candidatura do ex-presidente Lula, na manh\u00e3 desta ter\u00e7a-feira (16\/12), em frente ao Tribunal Regional Federal da 4\u00aa Regi\u00e3o (TRF4), em Porto Alegre. Com o t\u00edtulo Direito e Democracia \u2013 Elei\u00e7\u00e3o sem Lula \u00e9 Golpe, o ato reuniu centenas de pessoas, que acompanharam a manifesta\u00e7\u00e3o de tr\u00eas juristas e professores de direito sobre as injusti\u00e7as e ilegalidades cometidas pelo juiz S\u00e9rgio Moro no julgamento de Lula na primeira inst\u00e2ncia.<\/p>\n","protected":false},"featured_media":638,"template":"","categorias_noticias":[13],"class_list":["post-637","noticias","type-noticias","status-publish","has-post-thumbnail","hentry","categorias_noticias-noticias"],"acf":[],"yoast_head":"<!-- This site is optimized with the Yoast SEO plugin v27.2 - https:\/\/yoast.com\/product\/yoast-seo-wordpress\/ -->\n<title>Aula P\u00fablica em defesa da candidatura do ex-presidente Lula \u00e9 realizada em frente ao TRF4 - Instituto Cultural Padre Josimo<\/title>\n<meta name=\"robots\" content=\"index, follow, max-snippet:-1, max-image-preview:large, max-video-preview:-1\" \/>\n<link rel=\"canonical\" href=\"https:\/\/padrejosimo.com.br\/site\/noticias\/aula-publica-em-defesa-da-candidatura-do-ex-presidente-lula-e-realizada-em-frente-ao-trf4\/\" \/>\n<meta property=\"og:locale\" content=\"pt_BR\" \/>\n<meta property=\"og:type\" content=\"article\" \/>\n<meta property=\"og:title\" content=\"Aula P\u00fablica em defesa da candidatura do ex-presidente Lula \u00e9 realizada em frente ao TRF4 - Instituto Cultural Padre Josimo\" \/>\n<meta property=\"og:description\" content=\"A Frente Brasil Popular realizou aula p\u00fablica em defesa da candidatura do ex-presidente Lula, na manh\u00e3 desta ter\u00e7a-feira (16\/12), em frente ao Tribunal Regional Federal da 4\u00aa Regi\u00e3o (TRF4), em Porto Alegre. Com o t\u00edtulo Direito e Democracia \u2013 Elei\u00e7\u00e3o sem Lula \u00e9 Golpe, o ato reuniu centenas de pessoas, que acompanharam a manifesta\u00e7\u00e3o de tr\u00eas juristas e professores de direito sobre as injusti\u00e7as e ilegalidades cometidas pelo juiz S\u00e9rgio Moro no julgamento de Lula na primeira inst\u00e2ncia.\" \/>\n<meta property=\"og:url\" content=\"https:\/\/padrejosimo.com.br\/site\/noticias\/aula-publica-em-defesa-da-candidatura-do-ex-presidente-lula-e-realizada-em-frente-ao-trf4\/\" \/>\n<meta property=\"og:site_name\" content=\"Instituto Cultural Padre Josimo\" \/>\n<meta property=\"article:modified_time\" content=\"2017-12-19T20:19:33+00:00\" \/>\n<meta property=\"og:image\" content=\"https:\/\/padrejosimo.com.br\/site\/wp-content\/uploads\/2017\/12\/19122017-IMG_0843.jpg\" \/>\n\t<meta property=\"og:image:width\" content=\"900\" \/>\n\t<meta property=\"og:image:height\" content=\"600\" \/>\n\t<meta property=\"og:image:type\" content=\"image\/jpeg\" \/>\n<meta name=\"twitter:card\" content=\"summary_large_image\" \/>\n<meta name=\"twitter:label1\" content=\"Est. tempo de leitura\" \/>\n\t<meta name=\"twitter:data1\" content=\"3 minutos\" \/>\n<script type=\"application\/ld+json\" class=\"yoast-schema-graph\">{\"@context\":\"https:\/\/schema.org\",\"@graph\":[{\"@type\":\"WebPage\",\"@id\":\"https:\/\/padrejosimo.com.br\/site\/noticias\/aula-publica-em-defesa-da-candidatura-do-ex-presidente-lula-e-realizada-em-frente-ao-trf4\/\",\"url\":\"https:\/\/padrejosimo.com.br\/site\/noticias\/aula-publica-em-defesa-da-candidatura-do-ex-presidente-lula-e-realizada-em-frente-ao-trf4\/\",\"name\":\"Aula P\u00fablica em defesa da candidatura do ex-presidente Lula \u00e9 realizada em frente ao TRF4 - Instituto Cultural Padre Josimo\",\"isPartOf\":{\"@id\":\"https:\/\/padrejosimo.com.br\/site\/#website\"},\"primaryImageOfPage\":{\"@id\":\"https:\/\/padrejosimo.com.br\/site\/noticias\/aula-publica-em-defesa-da-candidatura-do-ex-presidente-lula-e-realizada-em-frente-ao-trf4\/#primaryimage\"},\"image\":{\"@id\":\"https:\/\/padrejosimo.com.br\/site\/noticias\/aula-publica-em-defesa-da-candidatura-do-ex-presidente-lula-e-realizada-em-frente-ao-trf4\/#primaryimage\"},\"thumbnailUrl\":\"https:\/\/padrejosimo.com.br\/site\/wp-content\/uploads\/2017\/12\/19122017-IMG_0843.jpg\",\"datePublished\":\"2017-12-19T20:00:45+00:00\",\"dateModified\":\"2017-12-19T20:19:33+00:00\",\"breadcrumb\":{\"@id\":\"https:\/\/padrejosimo.com.br\/site\/noticias\/aula-publica-em-defesa-da-candidatura-do-ex-presidente-lula-e-realizada-em-frente-ao-trf4\/#breadcrumb\"},\"inLanguage\":\"pt-BR\",\"potentialAction\":[{\"@type\":\"ReadAction\",\"target\":[\"https:\/\/padrejosimo.com.br\/site\/noticias\/aula-publica-em-defesa-da-candidatura-do-ex-presidente-lula-e-realizada-em-frente-ao-trf4\/\"]}]},{\"@type\":\"ImageObject\",\"inLanguage\":\"pt-BR\",\"@id\":\"https:\/\/padrejosimo.com.br\/site\/noticias\/aula-publica-em-defesa-da-candidatura-do-ex-presidente-lula-e-realizada-em-frente-ao-trf4\/#primaryimage\",\"url\":\"https:\/\/padrejosimo.com.br\/site\/wp-content\/uploads\/2017\/12\/19122017-IMG_0843.jpg\",\"contentUrl\":\"https:\/\/padrejosimo.com.br\/site\/wp-content\/uploads\/2017\/12\/19122017-IMG_0843.jpg\",\"width\":900,\"height\":600,\"caption\":\"Fotos: Alexandre Garcia\/ICPJ\"},{\"@type\":\"BreadcrumbList\",\"@id\":\"https:\/\/padrejosimo.com.br\/site\/noticias\/aula-publica-em-defesa-da-candidatura-do-ex-presidente-lula-e-realizada-em-frente-ao-trf4\/#breadcrumb\",\"itemListElement\":[{\"@type\":\"ListItem\",\"position\":1,\"name\":\"In\u00edcio\",\"item\":\"https:\/\/padrejosimo.com.br\/site\/\"},{\"@type\":\"ListItem\",\"position\":2,\"name\":\"Not\u00edcias\",\"item\":\"https:\/\/padrejosimo.com.br\/site\/noticias\/\"},{\"@type\":\"ListItem\",\"position\":3,\"name\":\"Aula P\u00fablica em defesa da candidatura do ex-presidente Lula \u00e9 realizada em frente ao TRF4\"}]},{\"@type\":\"WebSite\",\"@id\":\"https:\/\/padrejosimo.com.br\/site\/#website\",\"url\":\"https:\/\/padrejosimo.com.br\/site\/\",\"name\":\"Instituto Cultural Padre Josimo\",\"description\":\"Comprometida com a promo\u00e7\u00e3o da justi\u00e7a social, agroecologia e educa\u00e7\u00e3o popular\",\"publisher\":{\"@id\":\"https:\/\/padrejosimo.com.br\/site\/#organization\"},\"alternateName\":\"ICPJ\",\"potentialAction\":[{\"@type\":\"SearchAction\",\"target\":{\"@type\":\"EntryPoint\",\"urlTemplate\":\"https:\/\/padrejosimo.com.br\/site\/?s={search_term_string}\"},\"query-input\":{\"@type\":\"PropertyValueSpecification\",\"valueRequired\":true,\"valueName\":\"search_term_string\"}}],\"inLanguage\":\"pt-BR\"},{\"@type\":\"Organization\",\"@id\":\"https:\/\/padrejosimo.com.br\/site\/#organization\",\"name\":\"Instituto Cultural Padre Josimo\",\"alternateName\":\"ICPJ\",\"url\":\"https:\/\/padrejosimo.com.br\/site\/\",\"logo\":{\"@type\":\"ImageObject\",\"inLanguage\":\"pt-BR\",\"@id\":\"https:\/\/padrejosimo.com.br\/site\/#\/schema\/logo\/image\/\",\"url\":\"https:\/\/padrejosimo.com.br\/site\/wp-content\/uploads\/2025\/09\/cropped-icon-icpj.png\",\"contentUrl\":\"https:\/\/padrejosimo.com.br\/site\/wp-content\/uploads\/2025\/09\/cropped-icon-icpj.png\",\"width\":512,\"height\":512,\"caption\":\"Instituto Cultural Padre Josimo\"},\"image\":{\"@id\":\"https:\/\/padrejosimo.com.br\/site\/#\/schema\/logo\/image\/\"}}]}<\/script>\n<!-- \/ Yoast SEO plugin. -->","yoast_head_json":{"title":"Aula P\u00fablica em defesa da candidatura do ex-presidente Lula \u00e9 realizada em frente ao TRF4 - Instituto Cultural Padre Josimo","robots":{"index":"index","follow":"follow","max-snippet":"max-snippet:-1","max-image-preview":"max-image-preview:large","max-video-preview":"max-video-preview:-1"},"canonical":"https:\/\/padrejosimo.com.br\/site\/noticias\/aula-publica-em-defesa-da-candidatura-do-ex-presidente-lula-e-realizada-em-frente-ao-trf4\/","og_locale":"pt_BR","og_type":"article","og_title":"Aula P\u00fablica em defesa da candidatura do ex-presidente Lula \u00e9 realizada em frente ao TRF4 - Instituto Cultural Padre Josimo","og_description":"A Frente Brasil Popular realizou aula p\u00fablica em defesa da candidatura do ex-presidente Lula, na manh\u00e3 desta ter\u00e7a-feira (16\/12), em frente ao Tribunal Regional Federal da 4\u00aa Regi\u00e3o (TRF4), em Porto Alegre. Com o t\u00edtulo Direito e Democracia \u2013 Elei\u00e7\u00e3o sem Lula \u00e9 Golpe, o ato reuniu centenas de pessoas, que acompanharam a manifesta\u00e7\u00e3o de tr\u00eas juristas e professores de direito sobre as injusti\u00e7as e ilegalidades cometidas pelo juiz S\u00e9rgio Moro no julgamento de Lula na primeira inst\u00e2ncia.","og_url":"https:\/\/padrejosimo.com.br\/site\/noticias\/aula-publica-em-defesa-da-candidatura-do-ex-presidente-lula-e-realizada-em-frente-ao-trf4\/","og_site_name":"Instituto Cultural Padre Josimo","article_modified_time":"2017-12-19T20:19:33+00:00","og_image":[{"width":900,"height":600,"url":"https:\/\/padrejosimo.com.br\/site\/wp-content\/uploads\/2017\/12\/19122017-IMG_0843.jpg","type":"image\/jpeg"}],"twitter_card":"summary_large_image","twitter_misc":{"Est. tempo de leitura":"3 minutos"},"schema":{"@context":"https:\/\/schema.org","@graph":[{"@type":"WebPage","@id":"https:\/\/padrejosimo.com.br\/site\/noticias\/aula-publica-em-defesa-da-candidatura-do-ex-presidente-lula-e-realizada-em-frente-ao-trf4\/","url":"https:\/\/padrejosimo.com.br\/site\/noticias\/aula-publica-em-defesa-da-candidatura-do-ex-presidente-lula-e-realizada-em-frente-ao-trf4\/","name":"Aula P\u00fablica em defesa da candidatura do ex-presidente Lula \u00e9 realizada em frente ao TRF4 - Instituto Cultural Padre Josimo","isPartOf":{"@id":"https:\/\/padrejosimo.com.br\/site\/#website"},"primaryImageOfPage":{"@id":"https:\/\/padrejosimo.com.br\/site\/noticias\/aula-publica-em-defesa-da-candidatura-do-ex-presidente-lula-e-realizada-em-frente-ao-trf4\/#primaryimage"},"image":{"@id":"https:\/\/padrejosimo.com.br\/site\/noticias\/aula-publica-em-defesa-da-candidatura-do-ex-presidente-lula-e-realizada-em-frente-ao-trf4\/#primaryimage"},"thumbnailUrl":"https:\/\/padrejosimo.com.br\/site\/wp-content\/uploads\/2017\/12\/19122017-IMG_0843.jpg","datePublished":"2017-12-19T20:00:45+00:00","dateModified":"2017-12-19T20:19:33+00:00","breadcrumb":{"@id":"https:\/\/padrejosimo.com.br\/site\/noticias\/aula-publica-em-defesa-da-candidatura-do-ex-presidente-lula-e-realizada-em-frente-ao-trf4\/#breadcrumb"},"inLanguage":"pt-BR","potentialAction":[{"@type":"ReadAction","target":["https:\/\/padrejosimo.com.br\/site\/noticias\/aula-publica-em-defesa-da-candidatura-do-ex-presidente-lula-e-realizada-em-frente-ao-trf4\/"]}]},{"@type":"ImageObject","inLanguage":"pt-BR","@id":"https:\/\/padrejosimo.com.br\/site\/noticias\/aula-publica-em-defesa-da-candidatura-do-ex-presidente-lula-e-realizada-em-frente-ao-trf4\/#primaryimage","url":"https:\/\/padrejosimo.com.br\/site\/wp-content\/uploads\/2017\/12\/19122017-IMG_0843.jpg","contentUrl":"https:\/\/padrejosimo.com.br\/site\/wp-content\/uploads\/2017\/12\/19122017-IMG_0843.jpg","width":900,"height":600,"caption":"Fotos: Alexandre Garcia\/ICPJ"},{"@type":"BreadcrumbList","@id":"https:\/\/padrejosimo.com.br\/site\/noticias\/aula-publica-em-defesa-da-candidatura-do-ex-presidente-lula-e-realizada-em-frente-ao-trf4\/#breadcrumb","itemListElement":[{"@type":"ListItem","position":1,"name":"In\u00edcio","item":"https:\/\/padrejosimo.com.br\/site\/"},{"@type":"ListItem","position":2,"name":"Not\u00edcias","item":"https:\/\/padrejosimo.com.br\/site\/noticias\/"},{"@type":"ListItem","position":3,"name":"Aula P\u00fablica em defesa da candidatura do ex-presidente Lula \u00e9 realizada em frente ao TRF4"}]},{"@type":"WebSite","@id":"https:\/\/padrejosimo.com.br\/site\/#website","url":"https:\/\/padrejosimo.com.br\/site\/","name":"Instituto Cultural Padre Josimo","description":"Comprometida com a promo\u00e7\u00e3o da justi\u00e7a social, agroecologia e educa\u00e7\u00e3o popular","publisher":{"@id":"https:\/\/padrejosimo.com.br\/site\/#organization"},"alternateName":"ICPJ","potentialAction":[{"@type":"SearchAction","target":{"@type":"EntryPoint","urlTemplate":"https:\/\/padrejosimo.com.br\/site\/?s={search_term_string}"},"query-input":{"@type":"PropertyValueSpecification","valueRequired":true,"valueName":"search_term_string"}}],"inLanguage":"pt-BR"},{"@type":"Organization","@id":"https:\/\/padrejosimo.com.br\/site\/#organization","name":"Instituto Cultural Padre Josimo","alternateName":"ICPJ","url":"https:\/\/padrejosimo.com.br\/site\/","logo":{"@type":"ImageObject","inLanguage":"pt-BR","@id":"https:\/\/padrejosimo.com.br\/site\/#\/schema\/logo\/image\/","url":"https:\/\/padrejosimo.com.br\/site\/wp-content\/uploads\/2025\/09\/cropped-icon-icpj.png","contentUrl":"https:\/\/padrejosimo.com.br\/site\/wp-content\/uploads\/2025\/09\/cropped-icon-icpj.png","width":512,"height":512,"caption":"Instituto Cultural Padre Josimo"},"image":{"@id":"https:\/\/padrejosimo.com.br\/site\/#\/schema\/logo\/image\/"}}]}},"_links":{"self":[{"href":"https:\/\/padrejosimo.com.br\/site\/wp-json\/wp\/v2\/noticias\/637","targetHints":{"allow":["GET"]}}],"collection":[{"href":"https:\/\/padrejosimo.com.br\/site\/wp-json\/wp\/v2\/noticias"}],"about":[{"href":"https:\/\/padrejosimo.com.br\/site\/wp-json\/wp\/v2\/types\/noticias"}],"wp:featuredmedia":[{"embeddable":true,"href":"https:\/\/padrejosimo.com.br\/site\/wp-json\/wp\/v2\/media\/638"}],"wp:attachment":[{"href":"https:\/\/padrejosimo.com.br\/site\/wp-json\/wp\/v2\/media?parent=637"}],"wp:term":[{"taxonomy":"categorias_noticias","embeddable":true,"href":"https:\/\/padrejosimo.com.br\/site\/wp-json\/wp\/v2\/categorias_noticias?post=637"}],"curies":[{"name":"wp","href":"https:\/\/api.w.org\/{rel}","templated":true}]}}