{"id":626,"date":"2017-12-19T11:52:02","date_gmt":"2017-12-19T13:52:02","guid":{"rendered":"http:\/\/padrejosimo.com.br\/site\/?post_type=noticias&#038;p=626"},"modified":"2017-12-19T11:53:23","modified_gmt":"2017-12-19T13:53:23","slug":"cut-rs-e-movimentos-sociais-recepcionam-frei-sergio-gorgen-apos-greve-de-fome-contra-reforma-da-previdencia-de-temer","status":"publish","type":"noticias","link":"https:\/\/padrejosimo.com.br\/site\/noticias\/cut-rs-e-movimentos-sociais-recepcionam-frei-sergio-gorgen-apos-greve-de-fome-contra-reforma-da-previdencia-de-temer\/","title":{"rendered":"CUT-RS e movimentos sociais recepcionam Frei S\u00e9rgio G\u00f6rgen ap\u00f3s greve de fome contra reforma da Previd\u00eancia de Temer"},"content":{"rendered":"<figure id=\"attachment_627\" aria-describedby=\"caption-attachment-627\" style=\"width: 810px\" class=\"wp-caption aligncenter\"><img fetchpriority=\"high\" decoding=\"async\" class=\"size-full wp-image-627\" src=\"https:\/\/padrejosimo.com.br\/site\/wp-content\/uploads\/2017\/12\/16122017-IMG_0550.jpg\" alt=\"\" width=\"810\" height=\"478\" srcset=\"https:\/\/padrejosimo.com.br\/site\/wp-content\/uploads\/2017\/12\/16122017-IMG_0550.jpg 810w, https:\/\/padrejosimo.com.br\/site\/wp-content\/uploads\/2017\/12\/16122017-IMG_0550-300x177.jpg 300w, https:\/\/padrejosimo.com.br\/site\/wp-content\/uploads\/2017\/12\/16122017-IMG_0550-768x453.jpg 768w\" sizes=\"(max-width: 810px) 100vw, 810px\" \/><figcaption id=\"caption-attachment-627\" class=\"wp-caption-text\"><center>Fotos: Alexandre Garcia\/ICPJ<\/center><\/figcaption><\/figure>\n<p>O forte calor no final da manh\u00e3 deste s\u00e1bado (16) n\u00e3o impediu que dirigentes sindicais da CUT e militantes de movimentos sociais fossem at\u00e9 o sagu\u00e3o de desembarque do Terminal 2 do Aeroporto Internacional Salgado Filho, em Porto Alegre, para recepcionar o Frei S\u00e9rgio G\u00f6rgen. Ele voltava de Bras\u00edlia ap\u00f3s ter participado da greve de fome de dez dias contra a reforma da Previd\u00eancia do presidente golpista Michel Temer (PMDB). Tamb\u00e9m compareceu a deputada federal Maria do Ros\u00e1rio (PT-RS)<\/p>\n<p>O presidente da CUT-RS, Claudir Nespolo, que foi um dos participantes do jejum de dois dias em solidariedade aos grevistas na esplanada da Assembleia Legislativa do RS, fez uma sauda\u00e7\u00e3o ao religioso. \u201cFoi uma greve importante, decisiva, porque eles queriam aprovar a reforma da Previd\u00eancia\u201d, ressaltou.<\/p>\n<p><img decoding=\"async\" class=\"alignleft size-medium wp-image-628\" src=\"https:\/\/padrejosimo.com.br\/site\/wp-content\/uploads\/2017\/12\/16122017-IMG_0518-300x200.jpg\" alt=\"\" width=\"300\" height=\"200\" srcset=\"https:\/\/padrejosimo.com.br\/site\/wp-content\/uploads\/2017\/12\/16122017-IMG_0518-300x200.jpg 300w, https:\/\/padrejosimo.com.br\/site\/wp-content\/uploads\/2017\/12\/16122017-IMG_0518-768x512.jpg 768w, https:\/\/padrejosimo.com.br\/site\/wp-content\/uploads\/2017\/12\/16122017-IMG_0518.jpg 810w\" sizes=\"(max-width: 300px) 100vw, 300px\" \/>\u201cQue o sacrif\u00edcio do Frei S\u00e9rgio e esse testemunho pessoal extraordin\u00e1rio de compromisso com a vida sirva de est\u00edmulo para a gente sair com todo vigor no pr\u00f3ximo per\u00edodo e construir a grande greve geral no dia 19 de fevereiro. Eles marcaram a data da vota\u00e7\u00e3o, marcaram a data da greve geral. Estaremos nas ruas com os todos os instrumentos poss\u00edveis para desmascarar essa reforma do capital, dos banqueiros e todos os que deram o golpe no Brasil\u201d, afirmou Nespolo.<\/p>\n<p>Frei S\u00e9rgio analisou a import\u00e2ncia do movimento. \u201cO governo estava muito perto de conseguir os votos necess\u00e1rios para votar e a greve de fome constrangeu e mobilizou o pa\u00eds, com um sentimento de solidariedade de norte a sul muito forte. Eu creio que isso teve uma influ\u00eancia muito grande para que muitos deputados, que j\u00e1 estavam decidindo votar, tivessem desistido. Foi de fato a grande batalha entre o povo e o dinheiro e, pela primeira vez este ano, o povo venceu\u201d.<\/p>\n<p><img decoding=\"async\" class=\"alignright size-medium wp-image-629\" src=\"https:\/\/padrejosimo.com.br\/site\/wp-content\/uploads\/2017\/12\/16122017-IMG_0566-300x200.jpg\" alt=\"\" width=\"300\" height=\"200\" srcset=\"https:\/\/padrejosimo.com.br\/site\/wp-content\/uploads\/2017\/12\/16122017-IMG_0566-300x200.jpg 300w, https:\/\/padrejosimo.com.br\/site\/wp-content\/uploads\/2017\/12\/16122017-IMG_0566-768x512.jpg 768w, https:\/\/padrejosimo.com.br\/site\/wp-content\/uploads\/2017\/12\/16122017-IMG_0566.jpg 810w\" sizes=\"(max-width: 300px) 100vw, 300px\" \/>Maria do Ros\u00e1rio destacou que \u201cos partidos de esquerda e os parlamentares, que representam os trabalhadores, viram na greve de fome a for\u00e7a e a coragem para lutarem tamb\u00e9m dentro do plen\u00e1rio da C\u00e2mara contra a reforma da Previd\u00eancia. O Frei S\u00e9rgio, a Josi, a Leila e todas as mulheres que fizeram a greve de fome, foram her\u00f3i e hero\u00ednas porque fizeram um trabalho lindo de convencimento das pessoas, mesmo sem se alimentar, para o povo n\u00e3o passar fome\u201d.<\/p>\n<p>Para Sandy Xavier, militante do Movimento dos Pequenos Agricultores (MPA), \u201cas mulheres trabalhadoras viram no jejum uma forma de resist\u00eancia contra essa reforma\u201d.<\/p>\n<p>\u201cPessoas como o Frei S\u00e9rgio s\u00e3o fundamentais para a luta da classe trabalhadora\u201d, concluiu o presidente da CUT-RS.<\/p>\n<p>Tamb\u00e9m participaram da recep\u00e7\u00e3o ao Frei S\u00e9rgio o secret\u00e1rio de Comunica\u00e7\u00e3o da CUT-RS, Ademir Wiederkehr, e o presidente da Federa\u00e7\u00e3o Democr\u00e1tica dos Sapateiros do RS, Jo\u00e3o Batista Xavier.<\/p>\n<p><strong>Galeria de fotos<\/strong><\/p>\n<p><img loading=\"lazy\" decoding=\"async\" class=\"alignnone size-full wp-image-630\" src=\"https:\/\/padrejosimo.com.br\/site\/wp-content\/uploads\/2017\/12\/16122017-IMG_0481.jpg\" alt=\"\" width=\"810\" height=\"540\" srcset=\"https:\/\/padrejosimo.com.br\/site\/wp-content\/uploads\/2017\/12\/16122017-IMG_0481.jpg 810w, https:\/\/padrejosimo.com.br\/site\/wp-content\/uploads\/2017\/12\/16122017-IMG_0481-300x200.jpg 300w, https:\/\/padrejosimo.com.br\/site\/wp-content\/uploads\/2017\/12\/16122017-IMG_0481-768x512.jpg 768w\" sizes=\"(max-width: 810px) 100vw, 810px\" \/><\/p>\n<p><img loading=\"lazy\" decoding=\"async\" class=\"alignnone size-full wp-image-631\" src=\"https:\/\/padrejosimo.com.br\/site\/wp-content\/uploads\/2017\/12\/16122017-IMG_0503.jpg\" alt=\"\" width=\"810\" height=\"540\" srcset=\"https:\/\/padrejosimo.com.br\/site\/wp-content\/uploads\/2017\/12\/16122017-IMG_0503.jpg 810w, https:\/\/padrejosimo.com.br\/site\/wp-content\/uploads\/2017\/12\/16122017-IMG_0503-300x200.jpg 300w, https:\/\/padrejosimo.com.br\/site\/wp-content\/uploads\/2017\/12\/16122017-IMG_0503-768x512.jpg 768w\" sizes=\"(max-width: 810px) 100vw, 810px\" \/><\/p>\n<p><img loading=\"lazy\" decoding=\"async\" class=\"alignnone wp-image-632\" src=\"https:\/\/padrejosimo.com.br\/site\/wp-content\/uploads\/2017\/12\/16122017-IMG_0515.jpg\" alt=\"\" width=\"800\" height=\"542\" srcset=\"https:\/\/padrejosimo.com.br\/site\/wp-content\/uploads\/2017\/12\/16122017-IMG_0515.jpg 797w, https:\/\/padrejosimo.com.br\/site\/wp-content\/uploads\/2017\/12\/16122017-IMG_0515-300x203.jpg 300w, https:\/\/padrejosimo.com.br\/site\/wp-content\/uploads\/2017\/12\/16122017-IMG_0515-768x520.jpg 768w\" sizes=\"(max-width: 800px) 100vw, 800px\" \/><\/p>\n<p><img loading=\"lazy\" decoding=\"async\" class=\"alignnone size-full wp-image-633\" src=\"https:\/\/padrejosimo.com.br\/site\/wp-content\/uploads\/2017\/12\/16122017-IMG_0533.jpg\" alt=\"\" width=\"810\" height=\"540\" srcset=\"https:\/\/padrejosimo.com.br\/site\/wp-content\/uploads\/2017\/12\/16122017-IMG_0533.jpg 810w, https:\/\/padrejosimo.com.br\/site\/wp-content\/uploads\/2017\/12\/16122017-IMG_0533-300x200.jpg 300w, https:\/\/padrejosimo.com.br\/site\/wp-content\/uploads\/2017\/12\/16122017-IMG_0533-768x512.jpg 768w\" sizes=\"(max-width: 810px) 100vw, 810px\" \/><\/p>\n<p><img loading=\"lazy\" decoding=\"async\" class=\"alignnone size-full wp-image-634\" src=\"https:\/\/padrejosimo.com.br\/site\/wp-content\/uploads\/2017\/12\/16122017-IMG_0534.jpg\" alt=\"\" width=\"810\" height=\"540\" srcset=\"https:\/\/padrejosimo.com.br\/site\/wp-content\/uploads\/2017\/12\/16122017-IMG_0534.jpg 810w, https:\/\/padrejosimo.com.br\/site\/wp-content\/uploads\/2017\/12\/16122017-IMG_0534-300x200.jpg 300w, https:\/\/padrejosimo.com.br\/site\/wp-content\/uploads\/2017\/12\/16122017-IMG_0534-768x512.jpg 768w\" sizes=\"(max-width: 810px) 100vw, 810px\" \/><\/p>\n<p><img loading=\"lazy\" decoding=\"async\" class=\"alignnone size-full wp-image-635\" src=\"https:\/\/padrejosimo.com.br\/site\/wp-content\/uploads\/2017\/12\/16122017-IMG_0535.jpg\" alt=\"\" width=\"810\" height=\"540\" srcset=\"https:\/\/padrejosimo.com.br\/site\/wp-content\/uploads\/2017\/12\/16122017-IMG_0535.jpg 810w, https:\/\/padrejosimo.com.br\/site\/wp-content\/uploads\/2017\/12\/16122017-IMG_0535-300x200.jpg 300w, https:\/\/padrejosimo.com.br\/site\/wp-content\/uploads\/2017\/12\/16122017-IMG_0535-768x512.jpg 768w\" sizes=\"(max-width: 810px) 100vw, 810px\" \/><\/p>\n<p><img loading=\"lazy\" decoding=\"async\" class=\"alignnone size-full wp-image-636\" src=\"https:\/\/padrejosimo.com.br\/site\/wp-content\/uploads\/2017\/12\/16122017-IMG_0554.jpg\" alt=\"\" width=\"810\" height=\"540\" srcset=\"https:\/\/padrejosimo.com.br\/site\/wp-content\/uploads\/2017\/12\/16122017-IMG_0554.jpg 810w, https:\/\/padrejosimo.com.br\/site\/wp-content\/uploads\/2017\/12\/16122017-IMG_0554-300x200.jpg 300w, https:\/\/padrejosimo.com.br\/site\/wp-content\/uploads\/2017\/12\/16122017-IMG_0554-768x512.jpg 768w\" sizes=\"(max-width: 810px) 100vw, 810px\" \/><\/p>\n","protected":false},"excerpt":{"rendered":"<p>O forte calor no final da manh\u00e3 deste s\u00e1bado (16) n\u00e3o impediu que dirigentes sindicais da CUT e militantes de movimentos sociais fossem at\u00e9 o sagu\u00e3o de desembarque do Terminal 2 do Aeroporto Internacional Salgado Filho, em Porto Alegre, para recepcionar o Frei S\u00e9rgio G\u00f6rgen. Ele voltava de Bras\u00edlia ap\u00f3s ter participado da greve de fome de dez dias contra a reforma da Previd\u00eancia do presidente golpista Michel Temer (PMDB). Tamb\u00e9m compareceu a deputada federal Maria do Ros\u00e1rio (PT-RS)<\/p>\n","protected":false},"featured_media":627,"template":"","categorias_noticias":[13],"class_list":["post-626","noticias","type-noticias","status-publish","has-post-thumbnail","hentry","categorias_noticias-noticias"],"acf":[],"yoast_head":"<!-- This site is optimized with the Yoast SEO plugin v27.2 - https:\/\/yoast.com\/product\/yoast-seo-wordpress\/ -->\n<title>CUT-RS e movimentos sociais recepcionam Frei S\u00e9rgio G\u00f6rgen ap\u00f3s greve de fome contra reforma da Previd\u00eancia de Temer - Instituto Cultural Padre Josimo<\/title>\n<meta name=\"robots\" content=\"index, follow, max-snippet:-1, max-image-preview:large, max-video-preview:-1\" \/>\n<link rel=\"canonical\" href=\"https:\/\/padrejosimo.com.br\/site\/noticias\/cut-rs-e-movimentos-sociais-recepcionam-frei-sergio-gorgen-apos-greve-de-fome-contra-reforma-da-previdencia-de-temer\/\" \/>\n<meta property=\"og:locale\" content=\"pt_BR\" \/>\n<meta property=\"og:type\" content=\"article\" \/>\n<meta property=\"og:title\" content=\"CUT-RS e movimentos sociais recepcionam Frei S\u00e9rgio G\u00f6rgen ap\u00f3s greve de fome contra reforma da Previd\u00eancia de Temer - Instituto Cultural Padre Josimo\" \/>\n<meta property=\"og:description\" content=\"O forte calor no final da manh\u00e3 deste s\u00e1bado (16) n\u00e3o impediu que dirigentes sindicais da CUT e militantes de movimentos sociais fossem at\u00e9 o sagu\u00e3o de desembarque do Terminal 2 do Aeroporto Internacional Salgado Filho, em Porto Alegre, para recepcionar o Frei S\u00e9rgio G\u00f6rgen. Ele voltava de Bras\u00edlia ap\u00f3s ter participado da greve de fome de dez dias contra a reforma da Previd\u00eancia do presidente golpista Michel Temer (PMDB). Tamb\u00e9m compareceu a deputada federal Maria do Ros\u00e1rio (PT-RS)\" \/>\n<meta property=\"og:url\" content=\"https:\/\/padrejosimo.com.br\/site\/noticias\/cut-rs-e-movimentos-sociais-recepcionam-frei-sergio-gorgen-apos-greve-de-fome-contra-reforma-da-previdencia-de-temer\/\" \/>\n<meta property=\"og:site_name\" content=\"Instituto Cultural Padre Josimo\" \/>\n<meta property=\"article:modified_time\" content=\"2017-12-19T13:53:23+00:00\" \/>\n<meta property=\"og:image\" content=\"https:\/\/padrejosimo.com.br\/site\/wp-content\/uploads\/2017\/12\/16122017-IMG_0550.jpg\" \/>\n\t<meta property=\"og:image:width\" content=\"810\" \/>\n\t<meta property=\"og:image:height\" content=\"478\" \/>\n\t<meta property=\"og:image:type\" content=\"image\/jpeg\" \/>\n<meta name=\"twitter:card\" content=\"summary_large_image\" \/>\n<meta name=\"twitter:label1\" content=\"Est. tempo de leitura\" \/>\n\t<meta name=\"twitter:data1\" content=\"2 minutos\" \/>\n<script type=\"application\/ld+json\" class=\"yoast-schema-graph\">{\"@context\":\"https:\/\/schema.org\",\"@graph\":[{\"@type\":\"WebPage\",\"@id\":\"https:\/\/padrejosimo.com.br\/site\/noticias\/cut-rs-e-movimentos-sociais-recepcionam-frei-sergio-gorgen-apos-greve-de-fome-contra-reforma-da-previdencia-de-temer\/\",\"url\":\"https:\/\/padrejosimo.com.br\/site\/noticias\/cut-rs-e-movimentos-sociais-recepcionam-frei-sergio-gorgen-apos-greve-de-fome-contra-reforma-da-previdencia-de-temer\/\",\"name\":\"CUT-RS e movimentos sociais recepcionam Frei S\u00e9rgio G\u00f6rgen ap\u00f3s greve de fome contra reforma da Previd\u00eancia de Temer - Instituto Cultural Padre Josimo\",\"isPartOf\":{\"@id\":\"https:\/\/padrejosimo.com.br\/site\/#website\"},\"primaryImageOfPage\":{\"@id\":\"https:\/\/padrejosimo.com.br\/site\/noticias\/cut-rs-e-movimentos-sociais-recepcionam-frei-sergio-gorgen-apos-greve-de-fome-contra-reforma-da-previdencia-de-temer\/#primaryimage\"},\"image\":{\"@id\":\"https:\/\/padrejosimo.com.br\/site\/noticias\/cut-rs-e-movimentos-sociais-recepcionam-frei-sergio-gorgen-apos-greve-de-fome-contra-reforma-da-previdencia-de-temer\/#primaryimage\"},\"thumbnailUrl\":\"https:\/\/padrejosimo.com.br\/site\/wp-content\/uploads\/2017\/12\/16122017-IMG_0550.jpg\",\"datePublished\":\"2017-12-19T13:52:02+00:00\",\"dateModified\":\"2017-12-19T13:53:23+00:00\",\"breadcrumb\":{\"@id\":\"https:\/\/padrejosimo.com.br\/site\/noticias\/cut-rs-e-movimentos-sociais-recepcionam-frei-sergio-gorgen-apos-greve-de-fome-contra-reforma-da-previdencia-de-temer\/#breadcrumb\"},\"inLanguage\":\"pt-BR\",\"potentialAction\":[{\"@type\":\"ReadAction\",\"target\":[\"https:\/\/padrejosimo.com.br\/site\/noticias\/cut-rs-e-movimentos-sociais-recepcionam-frei-sergio-gorgen-apos-greve-de-fome-contra-reforma-da-previdencia-de-temer\/\"]}]},{\"@type\":\"ImageObject\",\"inLanguage\":\"pt-BR\",\"@id\":\"https:\/\/padrejosimo.com.br\/site\/noticias\/cut-rs-e-movimentos-sociais-recepcionam-frei-sergio-gorgen-apos-greve-de-fome-contra-reforma-da-previdencia-de-temer\/#primaryimage\",\"url\":\"https:\/\/padrejosimo.com.br\/site\/wp-content\/uploads\/2017\/12\/16122017-IMG_0550.jpg\",\"contentUrl\":\"https:\/\/padrejosimo.com.br\/site\/wp-content\/uploads\/2017\/12\/16122017-IMG_0550.jpg\",\"width\":810,\"height\":478,\"caption\":\"Fotos: Alexandre Garcia\/ICPJ\"},{\"@type\":\"BreadcrumbList\",\"@id\":\"https:\/\/padrejosimo.com.br\/site\/noticias\/cut-rs-e-movimentos-sociais-recepcionam-frei-sergio-gorgen-apos-greve-de-fome-contra-reforma-da-previdencia-de-temer\/#breadcrumb\",\"itemListElement\":[{\"@type\":\"ListItem\",\"position\":1,\"name\":\"In\u00edcio\",\"item\":\"https:\/\/padrejosimo.com.br\/site\/\"},{\"@type\":\"ListItem\",\"position\":2,\"name\":\"Not\u00edcias\",\"item\":\"https:\/\/padrejosimo.com.br\/site\/noticias\/\"},{\"@type\":\"ListItem\",\"position\":3,\"name\":\"CUT-RS e movimentos sociais recepcionam Frei S\u00e9rgio G\u00f6rgen ap\u00f3s greve de fome contra reforma da Previd\u00eancia de Temer\"}]},{\"@type\":\"WebSite\",\"@id\":\"https:\/\/padrejosimo.com.br\/site\/#website\",\"url\":\"https:\/\/padrejosimo.com.br\/site\/\",\"name\":\"Instituto Cultural Padre Josimo\",\"description\":\"Comprometida com a promo\u00e7\u00e3o da justi\u00e7a social, agroecologia e educa\u00e7\u00e3o popular\",\"publisher\":{\"@id\":\"https:\/\/padrejosimo.com.br\/site\/#organization\"},\"alternateName\":\"ICPJ\",\"potentialAction\":[{\"@type\":\"SearchAction\",\"target\":{\"@type\":\"EntryPoint\",\"urlTemplate\":\"https:\/\/padrejosimo.com.br\/site\/?s={search_term_string}\"},\"query-input\":{\"@type\":\"PropertyValueSpecification\",\"valueRequired\":true,\"valueName\":\"search_term_string\"}}],\"inLanguage\":\"pt-BR\"},{\"@type\":\"Organization\",\"@id\":\"https:\/\/padrejosimo.com.br\/site\/#organization\",\"name\":\"Instituto Cultural Padre Josimo\",\"alternateName\":\"ICPJ\",\"url\":\"https:\/\/padrejosimo.com.br\/site\/\",\"logo\":{\"@type\":\"ImageObject\",\"inLanguage\":\"pt-BR\",\"@id\":\"https:\/\/padrejosimo.com.br\/site\/#\/schema\/logo\/image\/\",\"url\":\"https:\/\/padrejosimo.com.br\/site\/wp-content\/uploads\/2025\/09\/cropped-icon-icpj.png\",\"contentUrl\":\"https:\/\/padrejosimo.com.br\/site\/wp-content\/uploads\/2025\/09\/cropped-icon-icpj.png\",\"width\":512,\"height\":512,\"caption\":\"Instituto Cultural Padre Josimo\"},\"image\":{\"@id\":\"https:\/\/padrejosimo.com.br\/site\/#\/schema\/logo\/image\/\"}}]}<\/script>\n<!-- \/ Yoast SEO plugin. -->","yoast_head_json":{"title":"CUT-RS e movimentos sociais recepcionam Frei S\u00e9rgio G\u00f6rgen ap\u00f3s greve de fome contra reforma da Previd\u00eancia de Temer - Instituto Cultural Padre Josimo","robots":{"index":"index","follow":"follow","max-snippet":"max-snippet:-1","max-image-preview":"max-image-preview:large","max-video-preview":"max-video-preview:-1"},"canonical":"https:\/\/padrejosimo.com.br\/site\/noticias\/cut-rs-e-movimentos-sociais-recepcionam-frei-sergio-gorgen-apos-greve-de-fome-contra-reforma-da-previdencia-de-temer\/","og_locale":"pt_BR","og_type":"article","og_title":"CUT-RS e movimentos sociais recepcionam Frei S\u00e9rgio G\u00f6rgen ap\u00f3s greve de fome contra reforma da Previd\u00eancia de Temer - Instituto Cultural Padre Josimo","og_description":"O forte calor no final da manh\u00e3 deste s\u00e1bado (16) n\u00e3o impediu que dirigentes sindicais da CUT e militantes de movimentos sociais fossem at\u00e9 o sagu\u00e3o de desembarque do Terminal 2 do Aeroporto Internacional Salgado Filho, em Porto Alegre, para recepcionar o Frei S\u00e9rgio G\u00f6rgen. Ele voltava de Bras\u00edlia ap\u00f3s ter participado da greve de fome de dez dias contra a reforma da Previd\u00eancia do presidente golpista Michel Temer (PMDB). Tamb\u00e9m compareceu a deputada federal Maria do Ros\u00e1rio (PT-RS)","og_url":"https:\/\/padrejosimo.com.br\/site\/noticias\/cut-rs-e-movimentos-sociais-recepcionam-frei-sergio-gorgen-apos-greve-de-fome-contra-reforma-da-previdencia-de-temer\/","og_site_name":"Instituto Cultural Padre Josimo","article_modified_time":"2017-12-19T13:53:23+00:00","og_image":[{"width":810,"height":478,"url":"https:\/\/padrejosimo.com.br\/site\/wp-content\/uploads\/2017\/12\/16122017-IMG_0550.jpg","type":"image\/jpeg"}],"twitter_card":"summary_large_image","twitter_misc":{"Est. tempo de leitura":"2 minutos"},"schema":{"@context":"https:\/\/schema.org","@graph":[{"@type":"WebPage","@id":"https:\/\/padrejosimo.com.br\/site\/noticias\/cut-rs-e-movimentos-sociais-recepcionam-frei-sergio-gorgen-apos-greve-de-fome-contra-reforma-da-previdencia-de-temer\/","url":"https:\/\/padrejosimo.com.br\/site\/noticias\/cut-rs-e-movimentos-sociais-recepcionam-frei-sergio-gorgen-apos-greve-de-fome-contra-reforma-da-previdencia-de-temer\/","name":"CUT-RS e movimentos sociais recepcionam Frei S\u00e9rgio G\u00f6rgen ap\u00f3s greve de fome contra reforma da Previd\u00eancia de Temer - Instituto Cultural Padre Josimo","isPartOf":{"@id":"https:\/\/padrejosimo.com.br\/site\/#website"},"primaryImageOfPage":{"@id":"https:\/\/padrejosimo.com.br\/site\/noticias\/cut-rs-e-movimentos-sociais-recepcionam-frei-sergio-gorgen-apos-greve-de-fome-contra-reforma-da-previdencia-de-temer\/#primaryimage"},"image":{"@id":"https:\/\/padrejosimo.com.br\/site\/noticias\/cut-rs-e-movimentos-sociais-recepcionam-frei-sergio-gorgen-apos-greve-de-fome-contra-reforma-da-previdencia-de-temer\/#primaryimage"},"thumbnailUrl":"https:\/\/padrejosimo.com.br\/site\/wp-content\/uploads\/2017\/12\/16122017-IMG_0550.jpg","datePublished":"2017-12-19T13:52:02+00:00","dateModified":"2017-12-19T13:53:23+00:00","breadcrumb":{"@id":"https:\/\/padrejosimo.com.br\/site\/noticias\/cut-rs-e-movimentos-sociais-recepcionam-frei-sergio-gorgen-apos-greve-de-fome-contra-reforma-da-previdencia-de-temer\/#breadcrumb"},"inLanguage":"pt-BR","potentialAction":[{"@type":"ReadAction","target":["https:\/\/padrejosimo.com.br\/site\/noticias\/cut-rs-e-movimentos-sociais-recepcionam-frei-sergio-gorgen-apos-greve-de-fome-contra-reforma-da-previdencia-de-temer\/"]}]},{"@type":"ImageObject","inLanguage":"pt-BR","@id":"https:\/\/padrejosimo.com.br\/site\/noticias\/cut-rs-e-movimentos-sociais-recepcionam-frei-sergio-gorgen-apos-greve-de-fome-contra-reforma-da-previdencia-de-temer\/#primaryimage","url":"https:\/\/padrejosimo.com.br\/site\/wp-content\/uploads\/2017\/12\/16122017-IMG_0550.jpg","contentUrl":"https:\/\/padrejosimo.com.br\/site\/wp-content\/uploads\/2017\/12\/16122017-IMG_0550.jpg","width":810,"height":478,"caption":"Fotos: Alexandre Garcia\/ICPJ"},{"@type":"BreadcrumbList","@id":"https:\/\/padrejosimo.com.br\/site\/noticias\/cut-rs-e-movimentos-sociais-recepcionam-frei-sergio-gorgen-apos-greve-de-fome-contra-reforma-da-previdencia-de-temer\/#breadcrumb","itemListElement":[{"@type":"ListItem","position":1,"name":"In\u00edcio","item":"https:\/\/padrejosimo.com.br\/site\/"},{"@type":"ListItem","position":2,"name":"Not\u00edcias","item":"https:\/\/padrejosimo.com.br\/site\/noticias\/"},{"@type":"ListItem","position":3,"name":"CUT-RS e movimentos sociais recepcionam Frei S\u00e9rgio G\u00f6rgen ap\u00f3s greve de fome contra reforma da Previd\u00eancia de Temer"}]},{"@type":"WebSite","@id":"https:\/\/padrejosimo.com.br\/site\/#website","url":"https:\/\/padrejosimo.com.br\/site\/","name":"Instituto Cultural Padre Josimo","description":"Comprometida com a promo\u00e7\u00e3o da justi\u00e7a social, agroecologia e educa\u00e7\u00e3o popular","publisher":{"@id":"https:\/\/padrejosimo.com.br\/site\/#organization"},"alternateName":"ICPJ","potentialAction":[{"@type":"SearchAction","target":{"@type":"EntryPoint","urlTemplate":"https:\/\/padrejosimo.com.br\/site\/?s={search_term_string}"},"query-input":{"@type":"PropertyValueSpecification","valueRequired":true,"valueName":"search_term_string"}}],"inLanguage":"pt-BR"},{"@type":"Organization","@id":"https:\/\/padrejosimo.com.br\/site\/#organization","name":"Instituto Cultural Padre Josimo","alternateName":"ICPJ","url":"https:\/\/padrejosimo.com.br\/site\/","logo":{"@type":"ImageObject","inLanguage":"pt-BR","@id":"https:\/\/padrejosimo.com.br\/site\/#\/schema\/logo\/image\/","url":"https:\/\/padrejosimo.com.br\/site\/wp-content\/uploads\/2025\/09\/cropped-icon-icpj.png","contentUrl":"https:\/\/padrejosimo.com.br\/site\/wp-content\/uploads\/2025\/09\/cropped-icon-icpj.png","width":512,"height":512,"caption":"Instituto Cultural Padre Josimo"},"image":{"@id":"https:\/\/padrejosimo.com.br\/site\/#\/schema\/logo\/image\/"}}]}},"_links":{"self":[{"href":"https:\/\/padrejosimo.com.br\/site\/wp-json\/wp\/v2\/noticias\/626","targetHints":{"allow":["GET"]}}],"collection":[{"href":"https:\/\/padrejosimo.com.br\/site\/wp-json\/wp\/v2\/noticias"}],"about":[{"href":"https:\/\/padrejosimo.com.br\/site\/wp-json\/wp\/v2\/types\/noticias"}],"wp:featuredmedia":[{"embeddable":true,"href":"https:\/\/padrejosimo.com.br\/site\/wp-json\/wp\/v2\/media\/627"}],"wp:attachment":[{"href":"https:\/\/padrejosimo.com.br\/site\/wp-json\/wp\/v2\/media?parent=626"}],"wp:term":[{"taxonomy":"categorias_noticias","embeddable":true,"href":"https:\/\/padrejosimo.com.br\/site\/wp-json\/wp\/v2\/categorias_noticias?post=626"}],"curies":[{"name":"wp","href":"https:\/\/api.w.org\/{rel}","templated":true}]}}