{"id":617,"date":"2017-12-18T09:06:42","date_gmt":"2017-12-18T11:06:42","guid":{"rendered":"http:\/\/padrejosimo.com.br\/site\/?post_type=noticias&#038;p=617"},"modified":"2017-12-18T12:24:00","modified_gmt":"2017-12-18T14:24:00","slug":"vitoria-do-povo-greve-de-fome-em-todo-pais-derrota-reforma-da-previdencia","status":"publish","type":"noticias","link":"https:\/\/padrejosimo.com.br\/site\/noticias\/vitoria-do-povo-greve-de-fome-em-todo-pais-derrota-reforma-da-previdencia\/","title":{"rendered":"Vit\u00f3ria do Povo: Greve de Fome em todo Pa\u00eds derrota Reforma da Previd\u00eancia"},"content":{"rendered":"<figure id=\"attachment_618\" aria-describedby=\"caption-attachment-618\" style=\"width: 300px\" class=\"wp-caption alignleft\"><img fetchpriority=\"high\" decoding=\"async\" class=\"wp-image-618 size-medium\" src=\"https:\/\/padrejosimo.com.br\/site\/wp-content\/uploads\/2017\/12\/greve-fim-1-300x191.jpg\" alt=\"\" width=\"300\" height=\"191\" srcset=\"https:\/\/padrejosimo.com.br\/site\/wp-content\/uploads\/2017\/12\/greve-fim-1-300x191.jpg 300w, https:\/\/padrejosimo.com.br\/site\/wp-content\/uploads\/2017\/12\/greve-fim-1.jpg 640w\" sizes=\"(max-width: 300px) 100vw, 300px\" \/><figcaption id=\"caption-attachment-618\" class=\"wp-caption-text\"><center><em>Fotos: Adilvane Spezia|MPA<\/em><\/center><\/figcaption><\/figure>\n<p>No 10\u00ba dia de Greve de Fome, com mais de 40 militantes sem se alimentar contra a Reforma da Previd\u00eancia, a luta e resist\u00eancia dos trabalhadores e trabalhadora do campo e da cidade em todo Pa\u00eds derrotaram a Reforma da Previd\u00eancia nesta quinta-feira, 14 de dezembro, dia em que o presidente da C\u00e2mara dos Deputados, Rodrigo Maia, em coletiva de imprensa anuncia o adiamento da vota\u00e7\u00e3o proposta para dia 5 e vota\u00e7\u00e3o para 19 de fevereiro de 2018.<\/p>\n<p>O MPA est\u00e1 convicto de que \u00e0 Greve de Fome e as manifesta\u00e7\u00f5es que convulsionaram o Brasil de Norte \u00e0 Sul nestes \u00faltimos dias foram os grandes respons\u00e1veis por essa conquista dos trabalhados do campo e da cidade que juntos, cerraram fileiras e protagonizaram mais essa conquista popular.<\/p>\n<figure id=\"attachment_619\" aria-describedby=\"caption-attachment-619\" style=\"width: 300px\" class=\"wp-caption alignright\"><img decoding=\"async\" class=\"size-medium wp-image-619\" src=\"https:\/\/padrejosimo.com.br\/site\/wp-content\/uploads\/2017\/12\/greve-fim-2-300x200.jpg\" alt=\"\" width=\"300\" height=\"200\" srcset=\"https:\/\/padrejosimo.com.br\/site\/wp-content\/uploads\/2017\/12\/greve-fim-2-300x200.jpg 300w, https:\/\/padrejosimo.com.br\/site\/wp-content\/uploads\/2017\/12\/greve-fim-2.jpg 640w\" sizes=\"(max-width: 300px) 100vw, 300px\" \/><figcaption id=\"caption-attachment-619\" class=\"wp-caption-text\">Ao encerrarem a greve de fome, os grevistas receberam uma cesta de produtos do Campesinato.<\/figcaption><\/figure>\n<p>A Unidade de Classe e o apoio da Confer\u00eancia Nacional dos Bispos do Brasil (CNBB), somados a visita do Cardeal Dom Sergio da Rocha aos grevistas na C\u00e2mara dos Deputados foram fundamentais para o processo de mobiliza\u00e7\u00e3o radical em defesa da vida. Pois como disse Dom Leonardo Steiner, secret\u00e1rio geral da Confer\u00eancia Nacional dos Bispos do Brasil (CNBB), \u201cn\u00e3o se pode decidir sobre a vida do povo brasileiro ao redor de mesas de jantares \u00e9 preciso ouvir o povo\u201d.<\/p>\n<p>Para Josi Costa, que fez greve de fome por 10 dias, aponta que: \u201ca greve de fome \u00e9 uma das formas de luta que se chega ao extremo, mas que fizemos com muita compreens\u00e3o, com muita certeza que com essa luta e junto com demais \u00edamos conseguir barrar essa vota\u00e7\u00e3o, pelo menos agora em 2017, para que as fam\u00edlias e o povo tivesse um natal feliz, um natal sem mais uma derrota\u201d. Desde o golpe em 2016 a cada dia que passa a Classe Trabalhadora tem sido golpeada com a retirada de direitos, os camponeses e camponesas consideram a Reforma da Previd\u00eancia um dos piores golpes desse governo golpista e ileg\u00edtimo de, Michel Temer, e sua base aliada.<\/p>\n<p><img decoding=\"async\" class=\"alignleft size-medium wp-image-620\" src=\"https:\/\/padrejosimo.com.br\/site\/wp-content\/uploads\/2017\/12\/greve-fim-3-300x200.jpg\" alt=\"\" width=\"300\" height=\"200\" srcset=\"https:\/\/padrejosimo.com.br\/site\/wp-content\/uploads\/2017\/12\/greve-fim-3-300x200.jpg 300w, https:\/\/padrejosimo.com.br\/site\/wp-content\/uploads\/2017\/12\/greve-fim-3.jpg 640w\" sizes=\"(max-width: 300px) 100vw, 300px\" \/>\u201cForam 10 dias de muita esperan\u00e7a, fome, tristeza, agonia, convic\u00e7\u00f5es da luta e certeza que s\u00f3 a luta faz valer, que s\u00f3 a unidade do povo do campo e da cidade, a unidade da Classe Trabalhadora que conseguimos sim ter nossas conquistas e n\u00e3o deixar ter derrotas das conquistas que a gente teve ao longo da nossa hist\u00f3ria como a Previd\u00eancia que \u00e9 desde a Constitui\u00e7\u00e3o de 88\u201d, explica Josi.<\/p>\n<p>Para o MPA e para o MMC esse foi um largo passo de uma grande vit\u00f3ria que ser\u00e1 conquistada em fevereiro. A greve de fome contra Reforma da Previd\u00eancia foi encerrada nesse ano, \u201cmas n\u00e3o vamos cochilar, n\u00e3o vamos dormir, vamos estar erguidos de olhos bem aberto contra o Capital, contra esse governo e n\u00e3o vamos deixar, nem permitir, que se tenha mais retrocessos em nosso pa\u00eds, chega, basta tudo o que aconteceu e a partir de janeiro estaremos em vig\u00edlia todos os dias no campo, nas cidades, nas nossas bases, n\u00e3o vamos deixar esse governo em paz at\u00e9 que essa reforma caia. Com f\u00e9 no povo, com f\u00e9 na luta vamos derrubar essa Reforma, seguimos firmes, de punho erguido com muita esperan\u00e7a e for\u00e7a para seguir a luta\u201d, argumenta Josi Costa.<\/p>\n<p><img loading=\"lazy\" decoding=\"async\" class=\"alignright size-medium wp-image-621\" src=\"https:\/\/padrejosimo.com.br\/site\/wp-content\/uploads\/2017\/12\/greve-fim-4-300x200.jpg\" alt=\"\" width=\"300\" height=\"200\" srcset=\"https:\/\/padrejosimo.com.br\/site\/wp-content\/uploads\/2017\/12\/greve-fim-4-300x200.jpg 300w, https:\/\/padrejosimo.com.br\/site\/wp-content\/uploads\/2017\/12\/greve-fim-4.jpg 640w\" sizes=\"(max-width: 300px) 100vw, 300px\" \/>Por sua vez Bruno Pilon da coordena\u00e7\u00e3o nacional do MPA, afirma: \u201cpermaneceremos em luta constantes contra a retirada de direitos e iremos cerrar fileiras, em especial caso essa reforma torne a ser colocada em pauta para vota\u00e7\u00e3o novamente\u201d.<\/p>\n<p>O desjejum foi realizado na sede da CNBB em Bras\u00edlia onde os grevistas realizaram a primeira refei\u00e7\u00e3o ap\u00f3s \u00e0 greve de fome contra a Reforma da Previd\u00eancia, seguindo as orienta\u00e7\u00f5es m\u00e9dicas para que possam retornar \u00e0 sua vida normalmente. Tamb\u00e9m foram realizados exames laboratoriais para assegurara que os grevistas estivessem bem.<\/p>\n<p><em>Por Comunica\u00e7\u00e3o MPA<\/em><\/p>\n","protected":false},"excerpt":{"rendered":"<p>No 10\u00ba dia de Greve de Fome, com mais de 40 militantes sem se alimentar contra a Reforma da Previd\u00eancia, a luta e resist\u00eancia dos trabalhadores e trabalhadora do campo e da cidade em todo Pa\u00eds derrotaram a Reforma da Previd\u00eancia nesta quinta-feira, 14 de dezembro, dia em que o presidente da C\u00e2mara dos Deputados, Rodrigo Maia, em coletiva de imprensa anuncia o adiamento da vota\u00e7\u00e3o proposta para dia 5 e vota\u00e7\u00e3o para 19 de fevereiro de 2018.<\/p>\n","protected":false},"featured_media":618,"template":"","categorias_noticias":[13],"class_list":["post-617","noticias","type-noticias","status-publish","has-post-thumbnail","hentry","categorias_noticias-noticias"],"acf":[],"yoast_head":"<!-- This site is optimized with the Yoast SEO plugin v27.2 - https:\/\/yoast.com\/product\/yoast-seo-wordpress\/ -->\n<title>Vit\u00f3ria do Povo: Greve de Fome em todo Pa\u00eds derrota Reforma da Previd\u00eancia - Instituto Cultural Padre Josimo<\/title>\n<meta name=\"robots\" content=\"index, follow, max-snippet:-1, max-image-preview:large, max-video-preview:-1\" \/>\n<link rel=\"canonical\" href=\"https:\/\/padrejosimo.com.br\/site\/noticias\/vitoria-do-povo-greve-de-fome-em-todo-pais-derrota-reforma-da-previdencia\/\" \/>\n<meta property=\"og:locale\" content=\"pt_BR\" \/>\n<meta property=\"og:type\" content=\"article\" \/>\n<meta property=\"og:title\" content=\"Vit\u00f3ria do Povo: Greve de Fome em todo Pa\u00eds derrota Reforma da Previd\u00eancia - Instituto Cultural Padre Josimo\" \/>\n<meta property=\"og:description\" content=\"No 10\u00ba dia de Greve de Fome, com mais de 40 militantes sem se alimentar contra a Reforma da Previd\u00eancia, a luta e resist\u00eancia dos trabalhadores e trabalhadora do campo e da cidade em todo Pa\u00eds derrotaram a Reforma da Previd\u00eancia nesta quinta-feira, 14 de dezembro, dia em que o presidente da C\u00e2mara dos Deputados, Rodrigo Maia, em coletiva de imprensa anuncia o adiamento da vota\u00e7\u00e3o proposta para dia 5 e vota\u00e7\u00e3o para 19 de fevereiro de 2018.\" \/>\n<meta property=\"og:url\" content=\"https:\/\/padrejosimo.com.br\/site\/noticias\/vitoria-do-povo-greve-de-fome-em-todo-pais-derrota-reforma-da-previdencia\/\" \/>\n<meta property=\"og:site_name\" content=\"Instituto Cultural Padre Josimo\" \/>\n<meta property=\"article:modified_time\" content=\"2017-12-18T14:24:00+00:00\" \/>\n<meta property=\"og:image\" content=\"https:\/\/padrejosimo.com.br\/site\/wp-content\/uploads\/2017\/12\/greve-fim-1.jpg\" \/>\n\t<meta property=\"og:image:width\" content=\"640\" \/>\n\t<meta property=\"og:image:height\" content=\"407\" \/>\n\t<meta property=\"og:image:type\" content=\"image\/jpeg\" \/>\n<meta name=\"twitter:card\" content=\"summary_large_image\" \/>\n<meta name=\"twitter:label1\" content=\"Est. tempo de leitura\" \/>\n\t<meta name=\"twitter:data1\" content=\"3 minutos\" \/>\n<script type=\"application\/ld+json\" class=\"yoast-schema-graph\">{\"@context\":\"https:\/\/schema.org\",\"@graph\":[{\"@type\":\"WebPage\",\"@id\":\"https:\/\/padrejosimo.com.br\/site\/noticias\/vitoria-do-povo-greve-de-fome-em-todo-pais-derrota-reforma-da-previdencia\/\",\"url\":\"https:\/\/padrejosimo.com.br\/site\/noticias\/vitoria-do-povo-greve-de-fome-em-todo-pais-derrota-reforma-da-previdencia\/\",\"name\":\"Vit\u00f3ria do Povo: Greve de Fome em todo Pa\u00eds derrota Reforma da Previd\u00eancia - Instituto Cultural Padre Josimo\",\"isPartOf\":{\"@id\":\"https:\/\/padrejosimo.com.br\/site\/#website\"},\"primaryImageOfPage\":{\"@id\":\"https:\/\/padrejosimo.com.br\/site\/noticias\/vitoria-do-povo-greve-de-fome-em-todo-pais-derrota-reforma-da-previdencia\/#primaryimage\"},\"image\":{\"@id\":\"https:\/\/padrejosimo.com.br\/site\/noticias\/vitoria-do-povo-greve-de-fome-em-todo-pais-derrota-reforma-da-previdencia\/#primaryimage\"},\"thumbnailUrl\":\"https:\/\/padrejosimo.com.br\/site\/wp-content\/uploads\/2017\/12\/greve-fim-1.jpg\",\"datePublished\":\"2017-12-18T11:06:42+00:00\",\"dateModified\":\"2017-12-18T14:24:00+00:00\",\"breadcrumb\":{\"@id\":\"https:\/\/padrejosimo.com.br\/site\/noticias\/vitoria-do-povo-greve-de-fome-em-todo-pais-derrota-reforma-da-previdencia\/#breadcrumb\"},\"inLanguage\":\"pt-BR\",\"potentialAction\":[{\"@type\":\"ReadAction\",\"target\":[\"https:\/\/padrejosimo.com.br\/site\/noticias\/vitoria-do-povo-greve-de-fome-em-todo-pais-derrota-reforma-da-previdencia\/\"]}]},{\"@type\":\"ImageObject\",\"inLanguage\":\"pt-BR\",\"@id\":\"https:\/\/padrejosimo.com.br\/site\/noticias\/vitoria-do-povo-greve-de-fome-em-todo-pais-derrota-reforma-da-previdencia\/#primaryimage\",\"url\":\"https:\/\/padrejosimo.com.br\/site\/wp-content\/uploads\/2017\/12\/greve-fim-1.jpg\",\"contentUrl\":\"https:\/\/padrejosimo.com.br\/site\/wp-content\/uploads\/2017\/12\/greve-fim-1.jpg\",\"width\":640,\"height\":407,\"caption\":\"sdsds\"},{\"@type\":\"BreadcrumbList\",\"@id\":\"https:\/\/padrejosimo.com.br\/site\/noticias\/vitoria-do-povo-greve-de-fome-em-todo-pais-derrota-reforma-da-previdencia\/#breadcrumb\",\"itemListElement\":[{\"@type\":\"ListItem\",\"position\":1,\"name\":\"In\u00edcio\",\"item\":\"https:\/\/padrejosimo.com.br\/site\/\"},{\"@type\":\"ListItem\",\"position\":2,\"name\":\"Not\u00edcias\",\"item\":\"https:\/\/padrejosimo.com.br\/site\/noticias\/\"},{\"@type\":\"ListItem\",\"position\":3,\"name\":\"Vit\u00f3ria do Povo: Greve de Fome em todo Pa\u00eds derrota Reforma da Previd\u00eancia\"}]},{\"@type\":\"WebSite\",\"@id\":\"https:\/\/padrejosimo.com.br\/site\/#website\",\"url\":\"https:\/\/padrejosimo.com.br\/site\/\",\"name\":\"Instituto Cultural Padre Josimo\",\"description\":\"Comprometida com a promo\u00e7\u00e3o da justi\u00e7a social, agroecologia e educa\u00e7\u00e3o popular\",\"publisher\":{\"@id\":\"https:\/\/padrejosimo.com.br\/site\/#organization\"},\"alternateName\":\"ICPJ\",\"potentialAction\":[{\"@type\":\"SearchAction\",\"target\":{\"@type\":\"EntryPoint\",\"urlTemplate\":\"https:\/\/padrejosimo.com.br\/site\/?s={search_term_string}\"},\"query-input\":{\"@type\":\"PropertyValueSpecification\",\"valueRequired\":true,\"valueName\":\"search_term_string\"}}],\"inLanguage\":\"pt-BR\"},{\"@type\":\"Organization\",\"@id\":\"https:\/\/padrejosimo.com.br\/site\/#organization\",\"name\":\"Instituto Cultural Padre Josimo\",\"alternateName\":\"ICPJ\",\"url\":\"https:\/\/padrejosimo.com.br\/site\/\",\"logo\":{\"@type\":\"ImageObject\",\"inLanguage\":\"pt-BR\",\"@id\":\"https:\/\/padrejosimo.com.br\/site\/#\/schema\/logo\/image\/\",\"url\":\"https:\/\/padrejosimo.com.br\/site\/wp-content\/uploads\/2025\/09\/cropped-icon-icpj.png\",\"contentUrl\":\"https:\/\/padrejosimo.com.br\/site\/wp-content\/uploads\/2025\/09\/cropped-icon-icpj.png\",\"width\":512,\"height\":512,\"caption\":\"Instituto Cultural Padre Josimo\"},\"image\":{\"@id\":\"https:\/\/padrejosimo.com.br\/site\/#\/schema\/logo\/image\/\"}}]}<\/script>\n<!-- \/ Yoast SEO plugin. -->","yoast_head_json":{"title":"Vit\u00f3ria do Povo: Greve de Fome em todo Pa\u00eds derrota Reforma da Previd\u00eancia - Instituto Cultural Padre Josimo","robots":{"index":"index","follow":"follow","max-snippet":"max-snippet:-1","max-image-preview":"max-image-preview:large","max-video-preview":"max-video-preview:-1"},"canonical":"https:\/\/padrejosimo.com.br\/site\/noticias\/vitoria-do-povo-greve-de-fome-em-todo-pais-derrota-reforma-da-previdencia\/","og_locale":"pt_BR","og_type":"article","og_title":"Vit\u00f3ria do Povo: Greve de Fome em todo Pa\u00eds derrota Reforma da Previd\u00eancia - Instituto Cultural Padre Josimo","og_description":"No 10\u00ba dia de Greve de Fome, com mais de 40 militantes sem se alimentar contra a Reforma da Previd\u00eancia, a luta e resist\u00eancia dos trabalhadores e trabalhadora do campo e da cidade em todo Pa\u00eds derrotaram a Reforma da Previd\u00eancia nesta quinta-feira, 14 de dezembro, dia em que o presidente da C\u00e2mara dos Deputados, Rodrigo Maia, em coletiva de imprensa anuncia o adiamento da vota\u00e7\u00e3o proposta para dia 5 e vota\u00e7\u00e3o para 19 de fevereiro de 2018.","og_url":"https:\/\/padrejosimo.com.br\/site\/noticias\/vitoria-do-povo-greve-de-fome-em-todo-pais-derrota-reforma-da-previdencia\/","og_site_name":"Instituto Cultural Padre Josimo","article_modified_time":"2017-12-18T14:24:00+00:00","og_image":[{"width":640,"height":407,"url":"https:\/\/padrejosimo.com.br\/site\/wp-content\/uploads\/2017\/12\/greve-fim-1.jpg","type":"image\/jpeg"}],"twitter_card":"summary_large_image","twitter_misc":{"Est. tempo de leitura":"3 minutos"},"schema":{"@context":"https:\/\/schema.org","@graph":[{"@type":"WebPage","@id":"https:\/\/padrejosimo.com.br\/site\/noticias\/vitoria-do-povo-greve-de-fome-em-todo-pais-derrota-reforma-da-previdencia\/","url":"https:\/\/padrejosimo.com.br\/site\/noticias\/vitoria-do-povo-greve-de-fome-em-todo-pais-derrota-reforma-da-previdencia\/","name":"Vit\u00f3ria do Povo: Greve de Fome em todo Pa\u00eds derrota Reforma da Previd\u00eancia - Instituto Cultural Padre Josimo","isPartOf":{"@id":"https:\/\/padrejosimo.com.br\/site\/#website"},"primaryImageOfPage":{"@id":"https:\/\/padrejosimo.com.br\/site\/noticias\/vitoria-do-povo-greve-de-fome-em-todo-pais-derrota-reforma-da-previdencia\/#primaryimage"},"image":{"@id":"https:\/\/padrejosimo.com.br\/site\/noticias\/vitoria-do-povo-greve-de-fome-em-todo-pais-derrota-reforma-da-previdencia\/#primaryimage"},"thumbnailUrl":"https:\/\/padrejosimo.com.br\/site\/wp-content\/uploads\/2017\/12\/greve-fim-1.jpg","datePublished":"2017-12-18T11:06:42+00:00","dateModified":"2017-12-18T14:24:00+00:00","breadcrumb":{"@id":"https:\/\/padrejosimo.com.br\/site\/noticias\/vitoria-do-povo-greve-de-fome-em-todo-pais-derrota-reforma-da-previdencia\/#breadcrumb"},"inLanguage":"pt-BR","potentialAction":[{"@type":"ReadAction","target":["https:\/\/padrejosimo.com.br\/site\/noticias\/vitoria-do-povo-greve-de-fome-em-todo-pais-derrota-reforma-da-previdencia\/"]}]},{"@type":"ImageObject","inLanguage":"pt-BR","@id":"https:\/\/padrejosimo.com.br\/site\/noticias\/vitoria-do-povo-greve-de-fome-em-todo-pais-derrota-reforma-da-previdencia\/#primaryimage","url":"https:\/\/padrejosimo.com.br\/site\/wp-content\/uploads\/2017\/12\/greve-fim-1.jpg","contentUrl":"https:\/\/padrejosimo.com.br\/site\/wp-content\/uploads\/2017\/12\/greve-fim-1.jpg","width":640,"height":407,"caption":"sdsds"},{"@type":"BreadcrumbList","@id":"https:\/\/padrejosimo.com.br\/site\/noticias\/vitoria-do-povo-greve-de-fome-em-todo-pais-derrota-reforma-da-previdencia\/#breadcrumb","itemListElement":[{"@type":"ListItem","position":1,"name":"In\u00edcio","item":"https:\/\/padrejosimo.com.br\/site\/"},{"@type":"ListItem","position":2,"name":"Not\u00edcias","item":"https:\/\/padrejosimo.com.br\/site\/noticias\/"},{"@type":"ListItem","position":3,"name":"Vit\u00f3ria do Povo: Greve de Fome em todo Pa\u00eds derrota Reforma da Previd\u00eancia"}]},{"@type":"WebSite","@id":"https:\/\/padrejosimo.com.br\/site\/#website","url":"https:\/\/padrejosimo.com.br\/site\/","name":"Instituto Cultural Padre Josimo","description":"Comprometida com a promo\u00e7\u00e3o da justi\u00e7a social, agroecologia e educa\u00e7\u00e3o popular","publisher":{"@id":"https:\/\/padrejosimo.com.br\/site\/#organization"},"alternateName":"ICPJ","potentialAction":[{"@type":"SearchAction","target":{"@type":"EntryPoint","urlTemplate":"https:\/\/padrejosimo.com.br\/site\/?s={search_term_string}"},"query-input":{"@type":"PropertyValueSpecification","valueRequired":true,"valueName":"search_term_string"}}],"inLanguage":"pt-BR"},{"@type":"Organization","@id":"https:\/\/padrejosimo.com.br\/site\/#organization","name":"Instituto Cultural Padre Josimo","alternateName":"ICPJ","url":"https:\/\/padrejosimo.com.br\/site\/","logo":{"@type":"ImageObject","inLanguage":"pt-BR","@id":"https:\/\/padrejosimo.com.br\/site\/#\/schema\/logo\/image\/","url":"https:\/\/padrejosimo.com.br\/site\/wp-content\/uploads\/2025\/09\/cropped-icon-icpj.png","contentUrl":"https:\/\/padrejosimo.com.br\/site\/wp-content\/uploads\/2025\/09\/cropped-icon-icpj.png","width":512,"height":512,"caption":"Instituto Cultural Padre Josimo"},"image":{"@id":"https:\/\/padrejosimo.com.br\/site\/#\/schema\/logo\/image\/"}}]}},"_links":{"self":[{"href":"https:\/\/padrejosimo.com.br\/site\/wp-json\/wp\/v2\/noticias\/617","targetHints":{"allow":["GET"]}}],"collection":[{"href":"https:\/\/padrejosimo.com.br\/site\/wp-json\/wp\/v2\/noticias"}],"about":[{"href":"https:\/\/padrejosimo.com.br\/site\/wp-json\/wp\/v2\/types\/noticias"}],"wp:featuredmedia":[{"embeddable":true,"href":"https:\/\/padrejosimo.com.br\/site\/wp-json\/wp\/v2\/media\/618"}],"wp:attachment":[{"href":"https:\/\/padrejosimo.com.br\/site\/wp-json\/wp\/v2\/media?parent=617"}],"wp:term":[{"taxonomy":"categorias_noticias","embeddable":true,"href":"https:\/\/padrejosimo.com.br\/site\/wp-json\/wp\/v2\/categorias_noticias?post=617"}],"curies":[{"name":"wp","href":"https:\/\/api.w.org\/{rel}","templated":true}]}}