{"id":611,"date":"2017-12-15T16:27:24","date_gmt":"2017-12-15T18:27:24","guid":{"rendered":"http:\/\/padrejosimo.com.br\/site\/?post_type=noticias&#038;p=611"},"modified":"2017-12-15T17:54:38","modified_gmt":"2017-12-15T19:54:38","slug":"apos-adiamento-da-reforma-da-previdencia-grevistas-de-fome-retornam-aos-seus-estados","status":"publish","type":"noticias","link":"https:\/\/padrejosimo.com.br\/site\/noticias\/apos-adiamento-da-reforma-da-previdencia-grevistas-de-fome-retornam-aos-seus-estados\/","title":{"rendered":"Ap\u00f3s adiamento da reforma da previd\u00eancia, grevistas de fome retornam aos seus estados"},"content":{"rendered":"<p>Com a vit\u00f3ria da classe trabalhadora, que mais uma vez esteve unida contra os desmandos do governo ileg\u00edtimo de Michel Temer, encerraram-se as greves de fome contra a reforma da previd\u00eancia que tomaram conta do Brasil. Centenas de brasileiros, em dezenas de cidades de diferentes estados prestaram seu apoio, somando-se \u00e0 greve de fome que durava 10 dias na C\u00e2mara dos Deputados, em Bras\u00edlia (DF).<\/p>\n<p><img fetchpriority=\"high\" decoding=\"async\" class=\"aligncenter size-full wp-image-612\" src=\"https:\/\/padrejosimo.com.br\/site\/wp-content\/uploads\/2017\/12\/greve-1.jpg\" alt=\"\" width=\"720\" height=\"479\" srcset=\"https:\/\/padrejosimo.com.br\/site\/wp-content\/uploads\/2017\/12\/greve-1.jpg 720w, https:\/\/padrejosimo.com.br\/site\/wp-content\/uploads\/2017\/12\/greve-1-300x200.jpg 300w\" sizes=\"(max-width: 720px) 100vw, 720px\" \/><\/p>\n<p>Essa manifesta\u00e7\u00e3o hist\u00f3rica foi iniciada pelo Movimento dos Pequenos Agricultores, no dia 5 de dezembro. Foi em nome mais de 300 mil fam\u00edlias camponesas de todo pa\u00eds e de toda a classe trabalhadora que os grevistas Frei Sergio G\u00f6rgen, Josi Costa e Leila Denise, do MPA, se desafiaram \u00e0 priva\u00e7\u00e3o de se alimentar, visto o n\u00edvel de retirada de diretos dessa reforma.<\/p>\n<p>Com uma semana de greve de fome, mais companheiros somaram-se no ato realizado na C\u00e2mara de Deputados: F\u00e1bio Tinga do Movimento dos Trabalhadores e Trabalhadoras por Direitos (MTD), Simoneide de Jesus do MPA, Rosangela Piovizani e Rosa Jobi do Movimento de Mulheres Camponesas (MMC).<\/p>\n<p>No decorrer do per\u00edodo, sinais de debilidade foram diagnosticados, como dor de cabe\u00e7a e est\u00f4mago, fraqueza e dificuldade de locomo\u00e7\u00e3o, principalmente no Frei Sergio, Josi e Leila, que estavam a v\u00e1rios dias sem se alimentar.<\/p>\n<p>\u201cN\u00f3s consideramos um passo importante \u2014 n\u00e3o ainda uma vit\u00f3ria \u2014 o adiamento da vota\u00e7\u00e3o dessa reforma, que s\u00f3 interessa ao mercado e aos grandes investidores e banqueiros\u201d, avaliou frei S\u00e9rgio ao final de greve de fome.<\/p>\n<p><strong>Recep\u00e7\u00e3o ao frei S\u00e9rgio em Porto Alegre<\/strong><\/p>\n<p><img decoding=\"async\" class=\"alignleft size-medium wp-image-616\" src=\"https:\/\/padrejosimo.com.br\/site\/wp-content\/uploads\/2017\/12\/sergio-recepcao-300x300.jpeg\" alt=\"\" width=\"300\" height=\"300\" srcset=\"https:\/\/padrejosimo.com.br\/site\/wp-content\/uploads\/2017\/12\/sergio-recepcao-300x300.jpeg 300w, https:\/\/padrejosimo.com.br\/site\/wp-content\/uploads\/2017\/12\/sergio-recepcao-150x150.jpeg 150w, https:\/\/padrejosimo.com.br\/site\/wp-content\/uploads\/2017\/12\/sergio-recepcao-768x768.jpeg 768w, https:\/\/padrejosimo.com.br\/site\/wp-content\/uploads\/2017\/12\/sergio-recepcao.jpeg 1000w\" sizes=\"(max-width: 300px) 100vw, 300px\" \/><\/p>\n<p>Agora, os grevistas retornam aos seus estados, seguindo em alerta contra as articula\u00e7\u00f5es da base aliada de Temer para colocar a reforma em vota\u00e7\u00e3o. Josi retorna para Sergipe, Leila para Rond\u00f4nia e Frei Sergio para Porto Alegre.<\/p>\n<p>Na capital ga\u00facha, camponeses e trabalhadores da cidade e preparam para receber de volta o frei S\u00e9rgio. Seu voo chega ao aeroporto Salgado Filho, em Porto Alegre, no terminal 2, na manh\u00e3 deste s\u00e1bado, \u00e0s 11h10 da manh\u00e3.<\/p>\n<p>&nbsp;<\/p>\n","protected":false},"excerpt":{"rendered":"<p>Frei Sergio chega ao aeroporto Salgado Filho, em Porto Alegre, no terminal 2, na manh\u00e3 deste s\u00e1bado, \u00e0s 11h da manh\u00e3. Demais grevistas retornam para suas localidades e seguem em alerta contra as articula\u00e7\u00f5es da base aliada de Temer para colocar a reforma em vota\u00e7\u00e3o. <\/p>\n","protected":false},"featured_media":616,"template":"","categorias_noticias":[13],"class_list":["post-611","noticias","type-noticias","status-publish","has-post-thumbnail","hentry","categorias_noticias-noticias"],"acf":[],"yoast_head":"<!-- This site is optimized with the Yoast SEO plugin v27.2 - https:\/\/yoast.com\/product\/yoast-seo-wordpress\/ -->\n<title>Ap\u00f3s adiamento da reforma da previd\u00eancia, grevistas de fome retornam aos seus estados - Instituto Cultural Padre Josimo<\/title>\n<meta name=\"robots\" content=\"index, follow, max-snippet:-1, max-image-preview:large, max-video-preview:-1\" \/>\n<link rel=\"canonical\" href=\"https:\/\/padrejosimo.com.br\/site\/noticias\/apos-adiamento-da-reforma-da-previdencia-grevistas-de-fome-retornam-aos-seus-estados\/\" \/>\n<meta property=\"og:locale\" content=\"pt_BR\" \/>\n<meta property=\"og:type\" content=\"article\" \/>\n<meta property=\"og:title\" content=\"Ap\u00f3s adiamento da reforma da previd\u00eancia, grevistas de fome retornam aos seus estados - Instituto Cultural Padre Josimo\" \/>\n<meta property=\"og:description\" content=\"Frei Sergio chega ao aeroporto Salgado Filho, em Porto Alegre, no terminal 2, na manh\u00e3 deste s\u00e1bado, \u00e0s 11h da manh\u00e3. Demais grevistas retornam para suas localidades e seguem em alerta contra as articula\u00e7\u00f5es da base aliada de Temer para colocar a reforma em vota\u00e7\u00e3o.\" \/>\n<meta property=\"og:url\" content=\"https:\/\/padrejosimo.com.br\/site\/noticias\/apos-adiamento-da-reforma-da-previdencia-grevistas-de-fome-retornam-aos-seus-estados\/\" \/>\n<meta property=\"og:site_name\" content=\"Instituto Cultural Padre Josimo\" \/>\n<meta property=\"article:modified_time\" content=\"2017-12-15T19:54:38+00:00\" \/>\n<meta property=\"og:image\" content=\"https:\/\/padrejosimo.com.br\/site\/wp-content\/uploads\/2017\/12\/sergio-recepcao.jpeg\" \/>\n\t<meta property=\"og:image:width\" content=\"1000\" \/>\n\t<meta property=\"og:image:height\" content=\"1000\" \/>\n\t<meta property=\"og:image:type\" content=\"image\/jpeg\" \/>\n<meta name=\"twitter:card\" content=\"summary_large_image\" \/>\n<meta name=\"twitter:label1\" content=\"Est. tempo de leitura\" \/>\n\t<meta name=\"twitter:data1\" content=\"2 minutos\" \/>\n<script type=\"application\/ld+json\" class=\"yoast-schema-graph\">{\"@context\":\"https:\/\/schema.org\",\"@graph\":[{\"@type\":\"WebPage\",\"@id\":\"https:\/\/padrejosimo.com.br\/site\/noticias\/apos-adiamento-da-reforma-da-previdencia-grevistas-de-fome-retornam-aos-seus-estados\/\",\"url\":\"https:\/\/padrejosimo.com.br\/site\/noticias\/apos-adiamento-da-reforma-da-previdencia-grevistas-de-fome-retornam-aos-seus-estados\/\",\"name\":\"Ap\u00f3s adiamento da reforma da previd\u00eancia, grevistas de fome retornam aos seus estados - Instituto Cultural Padre Josimo\",\"isPartOf\":{\"@id\":\"https:\/\/padrejosimo.com.br\/site\/#website\"},\"primaryImageOfPage\":{\"@id\":\"https:\/\/padrejosimo.com.br\/site\/noticias\/apos-adiamento-da-reforma-da-previdencia-grevistas-de-fome-retornam-aos-seus-estados\/#primaryimage\"},\"image\":{\"@id\":\"https:\/\/padrejosimo.com.br\/site\/noticias\/apos-adiamento-da-reforma-da-previdencia-grevistas-de-fome-retornam-aos-seus-estados\/#primaryimage\"},\"thumbnailUrl\":\"https:\/\/padrejosimo.com.br\/site\/wp-content\/uploads\/2017\/12\/sergio-recepcao.jpeg\",\"datePublished\":\"2017-12-15T18:27:24+00:00\",\"dateModified\":\"2017-12-15T19:54:38+00:00\",\"breadcrumb\":{\"@id\":\"https:\/\/padrejosimo.com.br\/site\/noticias\/apos-adiamento-da-reforma-da-previdencia-grevistas-de-fome-retornam-aos-seus-estados\/#breadcrumb\"},\"inLanguage\":\"pt-BR\",\"potentialAction\":[{\"@type\":\"ReadAction\",\"target\":[\"https:\/\/padrejosimo.com.br\/site\/noticias\/apos-adiamento-da-reforma-da-previdencia-grevistas-de-fome-retornam-aos-seus-estados\/\"]}]},{\"@type\":\"ImageObject\",\"inLanguage\":\"pt-BR\",\"@id\":\"https:\/\/padrejosimo.com.br\/site\/noticias\/apos-adiamento-da-reforma-da-previdencia-grevistas-de-fome-retornam-aos-seus-estados\/#primaryimage\",\"url\":\"https:\/\/padrejosimo.com.br\/site\/wp-content\/uploads\/2017\/12\/sergio-recepcao.jpeg\",\"contentUrl\":\"https:\/\/padrejosimo.com.br\/site\/wp-content\/uploads\/2017\/12\/sergio-recepcao.jpeg\",\"width\":1000,\"height\":1000},{\"@type\":\"BreadcrumbList\",\"@id\":\"https:\/\/padrejosimo.com.br\/site\/noticias\/apos-adiamento-da-reforma-da-previdencia-grevistas-de-fome-retornam-aos-seus-estados\/#breadcrumb\",\"itemListElement\":[{\"@type\":\"ListItem\",\"position\":1,\"name\":\"In\u00edcio\",\"item\":\"https:\/\/padrejosimo.com.br\/site\/\"},{\"@type\":\"ListItem\",\"position\":2,\"name\":\"Not\u00edcias\",\"item\":\"https:\/\/padrejosimo.com.br\/site\/noticias\/\"},{\"@type\":\"ListItem\",\"position\":3,\"name\":\"Ap\u00f3s adiamento da reforma da previd\u00eancia, grevistas de fome retornam aos seus estados\"}]},{\"@type\":\"WebSite\",\"@id\":\"https:\/\/padrejosimo.com.br\/site\/#website\",\"url\":\"https:\/\/padrejosimo.com.br\/site\/\",\"name\":\"Instituto Cultural Padre Josimo\",\"description\":\"Comprometida com a promo\u00e7\u00e3o da justi\u00e7a social, agroecologia e educa\u00e7\u00e3o popular\",\"publisher\":{\"@id\":\"https:\/\/padrejosimo.com.br\/site\/#organization\"},\"alternateName\":\"ICPJ\",\"potentialAction\":[{\"@type\":\"SearchAction\",\"target\":{\"@type\":\"EntryPoint\",\"urlTemplate\":\"https:\/\/padrejosimo.com.br\/site\/?s={search_term_string}\"},\"query-input\":{\"@type\":\"PropertyValueSpecification\",\"valueRequired\":true,\"valueName\":\"search_term_string\"}}],\"inLanguage\":\"pt-BR\"},{\"@type\":\"Organization\",\"@id\":\"https:\/\/padrejosimo.com.br\/site\/#organization\",\"name\":\"Instituto Cultural Padre Josimo\",\"alternateName\":\"ICPJ\",\"url\":\"https:\/\/padrejosimo.com.br\/site\/\",\"logo\":{\"@type\":\"ImageObject\",\"inLanguage\":\"pt-BR\",\"@id\":\"https:\/\/padrejosimo.com.br\/site\/#\/schema\/logo\/image\/\",\"url\":\"https:\/\/padrejosimo.com.br\/site\/wp-content\/uploads\/2025\/09\/cropped-icon-icpj.png\",\"contentUrl\":\"https:\/\/padrejosimo.com.br\/site\/wp-content\/uploads\/2025\/09\/cropped-icon-icpj.png\",\"width\":512,\"height\":512,\"caption\":\"Instituto Cultural Padre Josimo\"},\"image\":{\"@id\":\"https:\/\/padrejosimo.com.br\/site\/#\/schema\/logo\/image\/\"}}]}<\/script>\n<!-- \/ Yoast SEO plugin. -->","yoast_head_json":{"title":"Ap\u00f3s adiamento da reforma da previd\u00eancia, grevistas de fome retornam aos seus estados - Instituto Cultural Padre Josimo","robots":{"index":"index","follow":"follow","max-snippet":"max-snippet:-1","max-image-preview":"max-image-preview:large","max-video-preview":"max-video-preview:-1"},"canonical":"https:\/\/padrejosimo.com.br\/site\/noticias\/apos-adiamento-da-reforma-da-previdencia-grevistas-de-fome-retornam-aos-seus-estados\/","og_locale":"pt_BR","og_type":"article","og_title":"Ap\u00f3s adiamento da reforma da previd\u00eancia, grevistas de fome retornam aos seus estados - Instituto Cultural Padre Josimo","og_description":"Frei Sergio chega ao aeroporto Salgado Filho, em Porto Alegre, no terminal 2, na manh\u00e3 deste s\u00e1bado, \u00e0s 11h da manh\u00e3. Demais grevistas retornam para suas localidades e seguem em alerta contra as articula\u00e7\u00f5es da base aliada de Temer para colocar a reforma em vota\u00e7\u00e3o.","og_url":"https:\/\/padrejosimo.com.br\/site\/noticias\/apos-adiamento-da-reforma-da-previdencia-grevistas-de-fome-retornam-aos-seus-estados\/","og_site_name":"Instituto Cultural Padre Josimo","article_modified_time":"2017-12-15T19:54:38+00:00","og_image":[{"width":1000,"height":1000,"url":"https:\/\/padrejosimo.com.br\/site\/wp-content\/uploads\/2017\/12\/sergio-recepcao.jpeg","type":"image\/jpeg"}],"twitter_card":"summary_large_image","twitter_misc":{"Est. tempo de leitura":"2 minutos"},"schema":{"@context":"https:\/\/schema.org","@graph":[{"@type":"WebPage","@id":"https:\/\/padrejosimo.com.br\/site\/noticias\/apos-adiamento-da-reforma-da-previdencia-grevistas-de-fome-retornam-aos-seus-estados\/","url":"https:\/\/padrejosimo.com.br\/site\/noticias\/apos-adiamento-da-reforma-da-previdencia-grevistas-de-fome-retornam-aos-seus-estados\/","name":"Ap\u00f3s adiamento da reforma da previd\u00eancia, grevistas de fome retornam aos seus estados - Instituto Cultural Padre Josimo","isPartOf":{"@id":"https:\/\/padrejosimo.com.br\/site\/#website"},"primaryImageOfPage":{"@id":"https:\/\/padrejosimo.com.br\/site\/noticias\/apos-adiamento-da-reforma-da-previdencia-grevistas-de-fome-retornam-aos-seus-estados\/#primaryimage"},"image":{"@id":"https:\/\/padrejosimo.com.br\/site\/noticias\/apos-adiamento-da-reforma-da-previdencia-grevistas-de-fome-retornam-aos-seus-estados\/#primaryimage"},"thumbnailUrl":"https:\/\/padrejosimo.com.br\/site\/wp-content\/uploads\/2017\/12\/sergio-recepcao.jpeg","datePublished":"2017-12-15T18:27:24+00:00","dateModified":"2017-12-15T19:54:38+00:00","breadcrumb":{"@id":"https:\/\/padrejosimo.com.br\/site\/noticias\/apos-adiamento-da-reforma-da-previdencia-grevistas-de-fome-retornam-aos-seus-estados\/#breadcrumb"},"inLanguage":"pt-BR","potentialAction":[{"@type":"ReadAction","target":["https:\/\/padrejosimo.com.br\/site\/noticias\/apos-adiamento-da-reforma-da-previdencia-grevistas-de-fome-retornam-aos-seus-estados\/"]}]},{"@type":"ImageObject","inLanguage":"pt-BR","@id":"https:\/\/padrejosimo.com.br\/site\/noticias\/apos-adiamento-da-reforma-da-previdencia-grevistas-de-fome-retornam-aos-seus-estados\/#primaryimage","url":"https:\/\/padrejosimo.com.br\/site\/wp-content\/uploads\/2017\/12\/sergio-recepcao.jpeg","contentUrl":"https:\/\/padrejosimo.com.br\/site\/wp-content\/uploads\/2017\/12\/sergio-recepcao.jpeg","width":1000,"height":1000},{"@type":"BreadcrumbList","@id":"https:\/\/padrejosimo.com.br\/site\/noticias\/apos-adiamento-da-reforma-da-previdencia-grevistas-de-fome-retornam-aos-seus-estados\/#breadcrumb","itemListElement":[{"@type":"ListItem","position":1,"name":"In\u00edcio","item":"https:\/\/padrejosimo.com.br\/site\/"},{"@type":"ListItem","position":2,"name":"Not\u00edcias","item":"https:\/\/padrejosimo.com.br\/site\/noticias\/"},{"@type":"ListItem","position":3,"name":"Ap\u00f3s adiamento da reforma da previd\u00eancia, grevistas de fome retornam aos seus estados"}]},{"@type":"WebSite","@id":"https:\/\/padrejosimo.com.br\/site\/#website","url":"https:\/\/padrejosimo.com.br\/site\/","name":"Instituto Cultural Padre Josimo","description":"Comprometida com a promo\u00e7\u00e3o da justi\u00e7a social, agroecologia e educa\u00e7\u00e3o popular","publisher":{"@id":"https:\/\/padrejosimo.com.br\/site\/#organization"},"alternateName":"ICPJ","potentialAction":[{"@type":"SearchAction","target":{"@type":"EntryPoint","urlTemplate":"https:\/\/padrejosimo.com.br\/site\/?s={search_term_string}"},"query-input":{"@type":"PropertyValueSpecification","valueRequired":true,"valueName":"search_term_string"}}],"inLanguage":"pt-BR"},{"@type":"Organization","@id":"https:\/\/padrejosimo.com.br\/site\/#organization","name":"Instituto Cultural Padre Josimo","alternateName":"ICPJ","url":"https:\/\/padrejosimo.com.br\/site\/","logo":{"@type":"ImageObject","inLanguage":"pt-BR","@id":"https:\/\/padrejosimo.com.br\/site\/#\/schema\/logo\/image\/","url":"https:\/\/padrejosimo.com.br\/site\/wp-content\/uploads\/2025\/09\/cropped-icon-icpj.png","contentUrl":"https:\/\/padrejosimo.com.br\/site\/wp-content\/uploads\/2025\/09\/cropped-icon-icpj.png","width":512,"height":512,"caption":"Instituto Cultural Padre Josimo"},"image":{"@id":"https:\/\/padrejosimo.com.br\/site\/#\/schema\/logo\/image\/"}}]}},"_links":{"self":[{"href":"https:\/\/padrejosimo.com.br\/site\/wp-json\/wp\/v2\/noticias\/611","targetHints":{"allow":["GET"]}}],"collection":[{"href":"https:\/\/padrejosimo.com.br\/site\/wp-json\/wp\/v2\/noticias"}],"about":[{"href":"https:\/\/padrejosimo.com.br\/site\/wp-json\/wp\/v2\/types\/noticias"}],"wp:featuredmedia":[{"embeddable":true,"href":"https:\/\/padrejosimo.com.br\/site\/wp-json\/wp\/v2\/media\/616"}],"wp:attachment":[{"href":"https:\/\/padrejosimo.com.br\/site\/wp-json\/wp\/v2\/media?parent=611"}],"wp:term":[{"taxonomy":"categorias_noticias","embeddable":true,"href":"https:\/\/padrejosimo.com.br\/site\/wp-json\/wp\/v2\/categorias_noticias?post=611"}],"curies":[{"name":"wp","href":"https:\/\/api.w.org\/{rel}","templated":true}]}}