{"id":609,"date":"2017-12-15T11:47:04","date_gmt":"2017-12-15T13:47:04","guid":{"rendered":"http:\/\/padrejosimo.com.br\/site\/?post_type=noticias&#038;p=609"},"modified":"2017-12-15T16:21:22","modified_gmt":"2017-12-15T18:21:22","slug":"termina-greve-de-fome-contra-reforma-da-previdencia","status":"publish","type":"noticias","link":"https:\/\/padrejosimo.com.br\/site\/noticias\/termina-greve-de-fome-contra-reforma-da-previdencia\/","title":{"rendered":"Termina greve de fome de dez dias ap\u00f3s adiamento da vota\u00e7\u00e3o da reforma da Previd\u00eancia de Temer"},"content":{"rendered":"<p><img fetchpriority=\"high\" decoding=\"async\" class=\"aligncenter size-full wp-image-610\" src=\"https:\/\/padrejosimo.com.br\/site\/wp-content\/uploads\/2017\/12\/Fim-da-greve-de-fome.jpg\" alt=\"\" width=\"600\" height=\"450\" srcset=\"https:\/\/padrejosimo.com.br\/site\/wp-content\/uploads\/2017\/12\/Fim-da-greve-de-fome.jpg 600w, https:\/\/padrejosimo.com.br\/site\/wp-content\/uploads\/2017\/12\/Fim-da-greve-de-fome-300x225.jpg 300w\" sizes=\"(max-width: 600px) 100vw, 600px\" \/><\/p>\n<p>Chegou ao fim, na tarde desta quinta-feira (14), a greve de fome dos seis militantes que estavam alojados na C\u00e2mara dos Deputados, em Bras\u00edlia, em protesto contra a reforma da Previd\u00eancia do governo ileg\u00edtimo de Michel Temer (PMDB). Eles tomaram a decis\u00e3o ap\u00f3s o an\u00fancio oficial feito pelo presidente da Casa, Rodrigo Maia (DEM-RJ), de adiar a vota\u00e7\u00e3o do texto para fevereiro do pr\u00f3ximo ano.\u00a0O protesto durou ao todo dez dias.<\/p>\n<p>O dirigente Bruno Pilon, do Movimento dos Pequenos Agricultores (MPA), considera que o adiamento \u00e9 uma vit\u00f3ria do campo popular. \u201c\u00c9 um exemplo de que a luta de classes funciona, de que a luta do povo organizado derruba qualquer for\u00e7a\u201d, completou.<\/p>\n<p>O grupo anunciou, no entanto, que seguir\u00e1 em alerta contra as articula\u00e7\u00f5es da base aliada de Temer para colocar a reforma em vota\u00e7\u00e3o.<\/p>\n<p>\u201cN\u00f3s consideramos um passo importante \u2014 n\u00e3o ainda uma vit\u00f3ria \u2014 o adiamento da vota\u00e7\u00e3o dessa reforma, que s\u00f3 interessa ao mercado e aos grandes investidores e banqueiros\u201d, disse o frei ga\u00facho S\u00e9rgio G\u00f6rgen, que estava entre os grevistas.<\/p>\n<p>A grevista Rosangela Piovizani, dirigente do Movimento de Mulheres Camponesas (MMC), exaltou a luta feminina e destacou a import\u00e2ncia da Previd\u00eancia Social para o segmento das mulheres, que passou a ser reconhecido como classe trabalhadora rural somente ap\u00f3s a Constitui\u00e7\u00e3o Federal de 1988.<\/p>\n<p>\u201cN\u00f3s conseguimos esses direitos com muita luta, muita mobiliza\u00e7\u00e3o, muitos atos, muito abaixo-assinado. N\u00e3o podemos permitir que a Constitui\u00e7\u00e3o e os nossos direitos sejam rasgados dessa forma, ferindo a nossa dignidade e a nossa soberania como classe trabalhadora\u201d, bradou.<\/p>\n<p><strong>Assista ao v\u00eddeo exibido no Seu Jornal da TVT sobre o final da greve de fome!<\/strong><\/p>\n<p><iframe src=\"https:\/\/www.youtube.com\/embed\/p5kE3orWseM?rel=0\" width=\"640\" height=\"360\" frameborder=\"0\" allowfullscreen=\"allowfullscreen\"><\/iframe><\/p>\n<p>Fonte: CUT-RS com Brasil de Fato e TVT<\/p>\n","protected":false},"excerpt":{"rendered":"<p>Chegou ao fim, na tarde desta quinta-feira (14), a greve de fome dos seis militantes que estavam alojados na C\u00e2mara dos Deputados, em Bras\u00edlia, em protesto contra a reforma da Previd\u00eancia do governo ileg\u00edtimo de Michel Temer (PMDB). Eles tomaram a decis\u00e3o ap\u00f3s o an\u00fancio oficial feito pelo presidente da Casa, Rodrigo Maia (DEM-RJ), de adiar a vota\u00e7\u00e3o do texto para fevereiro do pr\u00f3ximo ano. O protesto durou ao todo dez dias.<\/p>\n","protected":false},"featured_media":610,"template":"","categorias_noticias":[13],"class_list":["post-609","noticias","type-noticias","status-publish","has-post-thumbnail","hentry","categorias_noticias-noticias"],"acf":[],"yoast_head":"<!-- This site is optimized with the Yoast SEO plugin v27.2 - https:\/\/yoast.com\/product\/yoast-seo-wordpress\/ -->\n<title>Termina greve de fome de dez dias ap\u00f3s adiamento da vota\u00e7\u00e3o da reforma da Previd\u00eancia de Temer - Instituto Cultural Padre Josimo<\/title>\n<meta name=\"robots\" content=\"index, follow, max-snippet:-1, max-image-preview:large, max-video-preview:-1\" \/>\n<link rel=\"canonical\" href=\"https:\/\/padrejosimo.com.br\/site\/noticias\/termina-greve-de-fome-contra-reforma-da-previdencia\/\" \/>\n<meta property=\"og:locale\" content=\"pt_BR\" \/>\n<meta property=\"og:type\" content=\"article\" \/>\n<meta property=\"og:title\" content=\"Termina greve de fome de dez dias ap\u00f3s adiamento da vota\u00e7\u00e3o da reforma da Previd\u00eancia de Temer - Instituto Cultural Padre Josimo\" \/>\n<meta property=\"og:description\" content=\"Chegou ao fim, na tarde desta quinta-feira (14), a greve de fome dos seis militantes que estavam alojados na C\u00e2mara dos Deputados, em Bras\u00edlia, em protesto contra a reforma da Previd\u00eancia do governo ileg\u00edtimo de Michel Temer (PMDB). Eles tomaram a decis\u00e3o ap\u00f3s o an\u00fancio oficial feito pelo presidente da Casa, Rodrigo Maia (DEM-RJ), de adiar a vota\u00e7\u00e3o do texto para fevereiro do pr\u00f3ximo ano. O protesto durou ao todo dez dias.\" \/>\n<meta property=\"og:url\" content=\"https:\/\/padrejosimo.com.br\/site\/noticias\/termina-greve-de-fome-contra-reforma-da-previdencia\/\" \/>\n<meta property=\"og:site_name\" content=\"Instituto Cultural Padre Josimo\" \/>\n<meta property=\"article:modified_time\" content=\"2017-12-15T18:21:22+00:00\" \/>\n<meta property=\"og:image\" content=\"https:\/\/padrejosimo.com.br\/site\/wp-content\/uploads\/2017\/12\/Fim-da-greve-de-fome.jpg\" \/>\n\t<meta property=\"og:image:width\" content=\"600\" \/>\n\t<meta property=\"og:image:height\" content=\"450\" \/>\n\t<meta property=\"og:image:type\" content=\"image\/jpeg\" \/>\n<meta name=\"twitter:card\" content=\"summary_large_image\" \/>\n<meta name=\"twitter:label1\" content=\"Est. tempo de leitura\" \/>\n\t<meta name=\"twitter:data1\" content=\"2 minutos\" \/>\n<script type=\"application\/ld+json\" class=\"yoast-schema-graph\">{\"@context\":\"https:\/\/schema.org\",\"@graph\":[{\"@type\":\"WebPage\",\"@id\":\"https:\/\/padrejosimo.com.br\/site\/noticias\/termina-greve-de-fome-contra-reforma-da-previdencia\/\",\"url\":\"https:\/\/padrejosimo.com.br\/site\/noticias\/termina-greve-de-fome-contra-reforma-da-previdencia\/\",\"name\":\"Termina greve de fome de dez dias ap\u00f3s adiamento da vota\u00e7\u00e3o da reforma da Previd\u00eancia de Temer - Instituto Cultural Padre Josimo\",\"isPartOf\":{\"@id\":\"https:\/\/padrejosimo.com.br\/site\/#website\"},\"primaryImageOfPage\":{\"@id\":\"https:\/\/padrejosimo.com.br\/site\/noticias\/termina-greve-de-fome-contra-reforma-da-previdencia\/#primaryimage\"},\"image\":{\"@id\":\"https:\/\/padrejosimo.com.br\/site\/noticias\/termina-greve-de-fome-contra-reforma-da-previdencia\/#primaryimage\"},\"thumbnailUrl\":\"https:\/\/padrejosimo.com.br\/site\/wp-content\/uploads\/2017\/12\/Fim-da-greve-de-fome.jpg\",\"datePublished\":\"2017-12-15T13:47:04+00:00\",\"dateModified\":\"2017-12-15T18:21:22+00:00\",\"breadcrumb\":{\"@id\":\"https:\/\/padrejosimo.com.br\/site\/noticias\/termina-greve-de-fome-contra-reforma-da-previdencia\/#breadcrumb\"},\"inLanguage\":\"pt-BR\",\"potentialAction\":[{\"@type\":\"ReadAction\",\"target\":[\"https:\/\/padrejosimo.com.br\/site\/noticias\/termina-greve-de-fome-contra-reforma-da-previdencia\/\"]}]},{\"@type\":\"ImageObject\",\"inLanguage\":\"pt-BR\",\"@id\":\"https:\/\/padrejosimo.com.br\/site\/noticias\/termina-greve-de-fome-contra-reforma-da-previdencia\/#primaryimage\",\"url\":\"https:\/\/padrejosimo.com.br\/site\/wp-content\/uploads\/2017\/12\/Fim-da-greve-de-fome.jpg\",\"contentUrl\":\"https:\/\/padrejosimo.com.br\/site\/wp-content\/uploads\/2017\/12\/Fim-da-greve-de-fome.jpg\",\"width\":600,\"height\":450},{\"@type\":\"BreadcrumbList\",\"@id\":\"https:\/\/padrejosimo.com.br\/site\/noticias\/termina-greve-de-fome-contra-reforma-da-previdencia\/#breadcrumb\",\"itemListElement\":[{\"@type\":\"ListItem\",\"position\":1,\"name\":\"In\u00edcio\",\"item\":\"https:\/\/padrejosimo.com.br\/site\/\"},{\"@type\":\"ListItem\",\"position\":2,\"name\":\"Not\u00edcias\",\"item\":\"https:\/\/padrejosimo.com.br\/site\/noticias\/\"},{\"@type\":\"ListItem\",\"position\":3,\"name\":\"Termina greve de fome de dez dias ap\u00f3s adiamento da vota\u00e7\u00e3o da reforma da Previd\u00eancia de Temer\"}]},{\"@type\":\"WebSite\",\"@id\":\"https:\/\/padrejosimo.com.br\/site\/#website\",\"url\":\"https:\/\/padrejosimo.com.br\/site\/\",\"name\":\"Instituto Cultural Padre Josimo\",\"description\":\"Comprometida com a promo\u00e7\u00e3o da justi\u00e7a social, agroecologia e educa\u00e7\u00e3o popular\",\"publisher\":{\"@id\":\"https:\/\/padrejosimo.com.br\/site\/#organization\"},\"alternateName\":\"ICPJ\",\"potentialAction\":[{\"@type\":\"SearchAction\",\"target\":{\"@type\":\"EntryPoint\",\"urlTemplate\":\"https:\/\/padrejosimo.com.br\/site\/?s={search_term_string}\"},\"query-input\":{\"@type\":\"PropertyValueSpecification\",\"valueRequired\":true,\"valueName\":\"search_term_string\"}}],\"inLanguage\":\"pt-BR\"},{\"@type\":\"Organization\",\"@id\":\"https:\/\/padrejosimo.com.br\/site\/#organization\",\"name\":\"Instituto Cultural Padre Josimo\",\"alternateName\":\"ICPJ\",\"url\":\"https:\/\/padrejosimo.com.br\/site\/\",\"logo\":{\"@type\":\"ImageObject\",\"inLanguage\":\"pt-BR\",\"@id\":\"https:\/\/padrejosimo.com.br\/site\/#\/schema\/logo\/image\/\",\"url\":\"https:\/\/padrejosimo.com.br\/site\/wp-content\/uploads\/2025\/09\/cropped-icon-icpj.png\",\"contentUrl\":\"https:\/\/padrejosimo.com.br\/site\/wp-content\/uploads\/2025\/09\/cropped-icon-icpj.png\",\"width\":512,\"height\":512,\"caption\":\"Instituto Cultural Padre Josimo\"},\"image\":{\"@id\":\"https:\/\/padrejosimo.com.br\/site\/#\/schema\/logo\/image\/\"}}]}<\/script>\n<!-- \/ Yoast SEO plugin. -->","yoast_head_json":{"title":"Termina greve de fome de dez dias ap\u00f3s adiamento da vota\u00e7\u00e3o da reforma da Previd\u00eancia de Temer - Instituto Cultural Padre Josimo","robots":{"index":"index","follow":"follow","max-snippet":"max-snippet:-1","max-image-preview":"max-image-preview:large","max-video-preview":"max-video-preview:-1"},"canonical":"https:\/\/padrejosimo.com.br\/site\/noticias\/termina-greve-de-fome-contra-reforma-da-previdencia\/","og_locale":"pt_BR","og_type":"article","og_title":"Termina greve de fome de dez dias ap\u00f3s adiamento da vota\u00e7\u00e3o da reforma da Previd\u00eancia de Temer - Instituto Cultural Padre Josimo","og_description":"Chegou ao fim, na tarde desta quinta-feira (14), a greve de fome dos seis militantes que estavam alojados na C\u00e2mara dos Deputados, em Bras\u00edlia, em protesto contra a reforma da Previd\u00eancia do governo ileg\u00edtimo de Michel Temer (PMDB). Eles tomaram a decis\u00e3o ap\u00f3s o an\u00fancio oficial feito pelo presidente da Casa, Rodrigo Maia (DEM-RJ), de adiar a vota\u00e7\u00e3o do texto para fevereiro do pr\u00f3ximo ano. O protesto durou ao todo dez dias.","og_url":"https:\/\/padrejosimo.com.br\/site\/noticias\/termina-greve-de-fome-contra-reforma-da-previdencia\/","og_site_name":"Instituto Cultural Padre Josimo","article_modified_time":"2017-12-15T18:21:22+00:00","og_image":[{"width":600,"height":450,"url":"https:\/\/padrejosimo.com.br\/site\/wp-content\/uploads\/2017\/12\/Fim-da-greve-de-fome.jpg","type":"image\/jpeg"}],"twitter_card":"summary_large_image","twitter_misc":{"Est. tempo de leitura":"2 minutos"},"schema":{"@context":"https:\/\/schema.org","@graph":[{"@type":"WebPage","@id":"https:\/\/padrejosimo.com.br\/site\/noticias\/termina-greve-de-fome-contra-reforma-da-previdencia\/","url":"https:\/\/padrejosimo.com.br\/site\/noticias\/termina-greve-de-fome-contra-reforma-da-previdencia\/","name":"Termina greve de fome de dez dias ap\u00f3s adiamento da vota\u00e7\u00e3o da reforma da Previd\u00eancia de Temer - Instituto Cultural Padre Josimo","isPartOf":{"@id":"https:\/\/padrejosimo.com.br\/site\/#website"},"primaryImageOfPage":{"@id":"https:\/\/padrejosimo.com.br\/site\/noticias\/termina-greve-de-fome-contra-reforma-da-previdencia\/#primaryimage"},"image":{"@id":"https:\/\/padrejosimo.com.br\/site\/noticias\/termina-greve-de-fome-contra-reforma-da-previdencia\/#primaryimage"},"thumbnailUrl":"https:\/\/padrejosimo.com.br\/site\/wp-content\/uploads\/2017\/12\/Fim-da-greve-de-fome.jpg","datePublished":"2017-12-15T13:47:04+00:00","dateModified":"2017-12-15T18:21:22+00:00","breadcrumb":{"@id":"https:\/\/padrejosimo.com.br\/site\/noticias\/termina-greve-de-fome-contra-reforma-da-previdencia\/#breadcrumb"},"inLanguage":"pt-BR","potentialAction":[{"@type":"ReadAction","target":["https:\/\/padrejosimo.com.br\/site\/noticias\/termina-greve-de-fome-contra-reforma-da-previdencia\/"]}]},{"@type":"ImageObject","inLanguage":"pt-BR","@id":"https:\/\/padrejosimo.com.br\/site\/noticias\/termina-greve-de-fome-contra-reforma-da-previdencia\/#primaryimage","url":"https:\/\/padrejosimo.com.br\/site\/wp-content\/uploads\/2017\/12\/Fim-da-greve-de-fome.jpg","contentUrl":"https:\/\/padrejosimo.com.br\/site\/wp-content\/uploads\/2017\/12\/Fim-da-greve-de-fome.jpg","width":600,"height":450},{"@type":"BreadcrumbList","@id":"https:\/\/padrejosimo.com.br\/site\/noticias\/termina-greve-de-fome-contra-reforma-da-previdencia\/#breadcrumb","itemListElement":[{"@type":"ListItem","position":1,"name":"In\u00edcio","item":"https:\/\/padrejosimo.com.br\/site\/"},{"@type":"ListItem","position":2,"name":"Not\u00edcias","item":"https:\/\/padrejosimo.com.br\/site\/noticias\/"},{"@type":"ListItem","position":3,"name":"Termina greve de fome de dez dias ap\u00f3s adiamento da vota\u00e7\u00e3o da reforma da Previd\u00eancia de Temer"}]},{"@type":"WebSite","@id":"https:\/\/padrejosimo.com.br\/site\/#website","url":"https:\/\/padrejosimo.com.br\/site\/","name":"Instituto Cultural Padre Josimo","description":"Comprometida com a promo\u00e7\u00e3o da justi\u00e7a social, agroecologia e educa\u00e7\u00e3o popular","publisher":{"@id":"https:\/\/padrejosimo.com.br\/site\/#organization"},"alternateName":"ICPJ","potentialAction":[{"@type":"SearchAction","target":{"@type":"EntryPoint","urlTemplate":"https:\/\/padrejosimo.com.br\/site\/?s={search_term_string}"},"query-input":{"@type":"PropertyValueSpecification","valueRequired":true,"valueName":"search_term_string"}}],"inLanguage":"pt-BR"},{"@type":"Organization","@id":"https:\/\/padrejosimo.com.br\/site\/#organization","name":"Instituto Cultural Padre Josimo","alternateName":"ICPJ","url":"https:\/\/padrejosimo.com.br\/site\/","logo":{"@type":"ImageObject","inLanguage":"pt-BR","@id":"https:\/\/padrejosimo.com.br\/site\/#\/schema\/logo\/image\/","url":"https:\/\/padrejosimo.com.br\/site\/wp-content\/uploads\/2025\/09\/cropped-icon-icpj.png","contentUrl":"https:\/\/padrejosimo.com.br\/site\/wp-content\/uploads\/2025\/09\/cropped-icon-icpj.png","width":512,"height":512,"caption":"Instituto Cultural Padre Josimo"},"image":{"@id":"https:\/\/padrejosimo.com.br\/site\/#\/schema\/logo\/image\/"}}]}},"_links":{"self":[{"href":"https:\/\/padrejosimo.com.br\/site\/wp-json\/wp\/v2\/noticias\/609","targetHints":{"allow":["GET"]}}],"collection":[{"href":"https:\/\/padrejosimo.com.br\/site\/wp-json\/wp\/v2\/noticias"}],"about":[{"href":"https:\/\/padrejosimo.com.br\/site\/wp-json\/wp\/v2\/types\/noticias"}],"wp:featuredmedia":[{"embeddable":true,"href":"https:\/\/padrejosimo.com.br\/site\/wp-json\/wp\/v2\/media\/610"}],"wp:attachment":[{"href":"https:\/\/padrejosimo.com.br\/site\/wp-json\/wp\/v2\/media?parent=609"}],"wp:term":[{"taxonomy":"categorias_noticias","embeddable":true,"href":"https:\/\/padrejosimo.com.br\/site\/wp-json\/wp\/v2\/categorias_noticias?post=609"}],"curies":[{"name":"wp","href":"https:\/\/api.w.org\/{rel}","templated":true}]}}