{"id":607,"date":"2017-12-15T11:28:40","date_gmt":"2017-12-15T13:28:40","guid":{"rendered":"http:\/\/padrejosimo.com.br\/site\/?post_type=noticias&#038;p=607"},"modified":"2017-12-15T11:34:12","modified_gmt":"2017-12-15T13:34:12","slug":"termina-jejum-contra-reforma-da-previdencia-em-porto-alegre","status":"publish","type":"noticias","link":"https:\/\/padrejosimo.com.br\/site\/noticias\/termina-jejum-contra-reforma-da-previdencia-em-porto-alegre\/","title":{"rendered":"Com adiamento da vota\u00e7\u00e3o e final da greve de fome em Bras\u00edlia, termina jejum contra reforma da Previd\u00eancia de Temer em Porto Alegre"},"content":{"rendered":"<p><img fetchpriority=\"high\" decoding=\"async\" class=\"aligncenter size-full wp-image-608\" src=\"https:\/\/padrejosimo.com.br\/site\/wp-content\/uploads\/2017\/12\/greve_poa.jpg\" alt=\"\" width=\"800\" height=\"475\" srcset=\"https:\/\/padrejosimo.com.br\/site\/wp-content\/uploads\/2017\/12\/greve_poa.jpg 800w, https:\/\/padrejosimo.com.br\/site\/wp-content\/uploads\/2017\/12\/greve_poa-300x178.jpg 300w, https:\/\/padrejosimo.com.br\/site\/wp-content\/uploads\/2017\/12\/greve_poa-768x456.jpg 768w\" sizes=\"(max-width: 800px) 100vw, 800px\" \/><\/p>\n<p>O an\u00fancio da retirada de pauta e adiamento da vota\u00e7\u00e3o para o dia 19 de fevereiro, feito pelo presidente da C\u00e2mara, deputado Rodrigo Maia (DEM-RJ), levou na tarde desta quinta-feira (14) ao final da greve de fome, que j\u00e1 durava dez dias em Bras\u00edlia, e do segundo dia de jejum contra a reforma da Previd\u00eancia do presidente golpista Michel Temer (PMDB), na esplanada da Assembleia Legislativa do Rio Grande do Sul, no centro de Porto Alegre.<\/p>\n<p>O movimento foi organizado pelo Movimento dos Pequenos Agricultores (MPA), com o apoio da Frente Brasil Popular, CUT-RS, sindicatos e federa\u00e7\u00f5es de trabalhadores, igrejas, movimentos sociais, como o MST e o Levante Popular da Juventude, e deputados estaduais do PT.<\/p>\n<p>\u201cA nossa luta foi vitoriosa\u201d, comemorou o representante do MPA, Maister da Silva. Ele agradeceu especialmente aos deputados que participaram do jejum, o que deu maior visibilidade ao movimento junto \u00e0 sociedade ga\u00facha. \u201cN\u00f3s queremos que o povo n\u00e3o passe fome para o resto da vida\u201d. explicou ao salientar que \u201c\u00e9 uma reforma de morte, que alija os camponeses da aposentadoria\u201d.<\/p>\n<p>O presidente da CUT-RS, Claudir Nespolo, foi tamb\u00e9m um dos participantes do movimento. \u201cAcompanhamos o jejum em solidariedade aos que fizeram a greve de fome e sa\u00edmos com o sentimento de miss\u00e3o cumprida momentaneamente e com muita vontade de enfrentar esses golpistas at\u00e9 o fim do m\u00eas e no ano que vem\u201d, afirmou. Ele valorizou tamb\u00e9m a participa\u00e7\u00e3o de igrejas e religiosos, ampliando e fortalecendo a resist\u00eancia em defesa dos direitos dos trabalhadores e do povo brasileiro.<\/p>\n<p>Para ele, essa vit\u00f3ria \u00e9 o somat\u00f3rio de um conjunto de mobiliza\u00e7\u00f5es das centrais sindicais e dos movimentos sociais ao longo do ano, que fizeram com que os golpistas n\u00e3o conseguissem os 308 votos necess\u00e1rios na C\u00e2mara e assim impediram a aprova\u00e7\u00e3o dessa proposta, que n\u00e3o acaba com privil\u00e9gios, mas significa o fim da aposentadoria para milh\u00f5es de trabalhadores e trabalhadoras.<\/p>\n<p>Nespolo frisou que o adiamento para fevereiro representa que ser\u00e1 depois do julgamento do recurso do ex-presidente Lula no Tribunal Regional Federal da 4\u00aa Regi\u00e3o (TRF4), na capital ga\u00facha. \u201cO jogo \u00e9 pesado. N\u00f3s sabemos o que o capital est\u00e1 fazendo e tamb\u00e9m sabemos o que n\u00f3s estamos fazendo\u201d, ressaltou. \u201cQue o ano de 2018 nos aguarde, pois haver\u00e1 muita luta, greve de fome e paralisa\u00e7\u00f5es. Vamos colocar essa gente no lugar deles\u201d, concluiu o presidente da CUT-RS.<\/p>\n<p><strong>Aula p\u00fablica<\/strong><\/p>\n<p>Houve ainda uma aula p\u00fablica com a economista e ex-ministra Tereza Campello sobre o estudo \u201cFaces da Desigualdade no Brasil \u2013 Um olhar sobre os que ficam para tr\u00e1s\u201d.<\/p>\n<p>Com dados do IBGE e metodologia do Banco Mundial, ela apontou as mudan\u00e7as estruturais ocorridas entre os anos de 2003 e 2015, durante os governos Lula e Dilma, que permitiram melhorias de vida para os mais pobres, como renda, acesso a bens e servi\u00e7os, educa\u00e7\u00e3o, luz, \u00e1gua, saneamento b\u00e1sico e habita\u00e7\u00e3o. O levantamento mostra que foi reduzido de 9,3% para 1% a popula\u00e7\u00e3o em situa\u00e7\u00e3o de pobreza cr\u00f4nica no Brasil.<\/p>\n<p>Tereza alertou tamb\u00e9m que o governo Temer levanta mitos e inverdades sobre a reforma da Previd\u00eancia.<\/p>\n<p>Compareceu tamb\u00e9m o deputado federal Elvino Bohn Gass (PT).<\/p>\n<p>&nbsp;<\/p>\n<p><em>Fonte: CUT-RS com TVT<\/em><\/p>\n","protected":false},"excerpt":{"rendered":"<p>O an\u00fancio da retirada de pauta e adiamento da vota\u00e7\u00e3o para o dia 19 de fevereiro, feito pelo presidente da C\u00e2mara, deputado Rodrigo Maia (DEM-RJ), levou na tarde desta quinta-feira (14) ao final da greve de fome, que j\u00e1 durava dez dias em Bras\u00edlia, e do segundo dia de jejum contra a reforma da Previd\u00eancia do presidente golpista Michel Temer (PMDB), na esplanada da Assembleia Legislativa do Rio Grande do Sul, no centro de Porto Alegre.<\/p>\n","protected":false},"featured_media":608,"template":"","categorias_noticias":[13],"class_list":["post-607","noticias","type-noticias","status-publish","has-post-thumbnail","hentry","categorias_noticias-noticias"],"acf":[],"yoast_head":"<!-- This site is optimized with the Yoast SEO plugin v27.2 - https:\/\/yoast.com\/product\/yoast-seo-wordpress\/ -->\n<title>Com adiamento da vota\u00e7\u00e3o e final da greve de fome em Bras\u00edlia, termina jejum contra reforma da Previd\u00eancia de Temer em Porto Alegre - Instituto Cultural Padre Josimo<\/title>\n<meta name=\"robots\" content=\"index, follow, max-snippet:-1, max-image-preview:large, max-video-preview:-1\" \/>\n<link rel=\"canonical\" href=\"https:\/\/padrejosimo.com.br\/site\/noticias\/termina-jejum-contra-reforma-da-previdencia-em-porto-alegre\/\" \/>\n<meta property=\"og:locale\" content=\"pt_BR\" \/>\n<meta property=\"og:type\" content=\"article\" \/>\n<meta property=\"og:title\" content=\"Com adiamento da vota\u00e7\u00e3o e final da greve de fome em Bras\u00edlia, termina jejum contra reforma da Previd\u00eancia de Temer em Porto Alegre - Instituto Cultural Padre Josimo\" \/>\n<meta property=\"og:description\" content=\"O an\u00fancio da retirada de pauta e adiamento da vota\u00e7\u00e3o para o dia 19 de fevereiro, feito pelo presidente da C\u00e2mara, deputado Rodrigo Maia (DEM-RJ), levou na tarde desta quinta-feira (14) ao final da greve de fome, que j\u00e1 durava dez dias em Bras\u00edlia, e do segundo dia de jejum contra a reforma da Previd\u00eancia do presidente golpista Michel Temer (PMDB), na esplanada da Assembleia Legislativa do Rio Grande do Sul, no centro de Porto Alegre.\" \/>\n<meta property=\"og:url\" content=\"https:\/\/padrejosimo.com.br\/site\/noticias\/termina-jejum-contra-reforma-da-previdencia-em-porto-alegre\/\" \/>\n<meta property=\"og:site_name\" content=\"Instituto Cultural Padre Josimo\" \/>\n<meta property=\"article:modified_time\" content=\"2017-12-15T13:34:12+00:00\" \/>\n<meta property=\"og:image\" content=\"https:\/\/padrejosimo.com.br\/site\/wp-content\/uploads\/2017\/12\/greve_poa.jpg\" \/>\n\t<meta property=\"og:image:width\" content=\"800\" \/>\n\t<meta property=\"og:image:height\" content=\"475\" \/>\n\t<meta property=\"og:image:type\" content=\"image\/jpeg\" \/>\n<meta name=\"twitter:card\" content=\"summary_large_image\" \/>\n<meta name=\"twitter:label1\" content=\"Est. tempo de leitura\" \/>\n\t<meta name=\"twitter:data1\" content=\"3 minutos\" \/>\n<script type=\"application\/ld+json\" class=\"yoast-schema-graph\">{\"@context\":\"https:\/\/schema.org\",\"@graph\":[{\"@type\":\"WebPage\",\"@id\":\"https:\/\/padrejosimo.com.br\/site\/noticias\/termina-jejum-contra-reforma-da-previdencia-em-porto-alegre\/\",\"url\":\"https:\/\/padrejosimo.com.br\/site\/noticias\/termina-jejum-contra-reforma-da-previdencia-em-porto-alegre\/\",\"name\":\"Com adiamento da vota\u00e7\u00e3o e final da greve de fome em Bras\u00edlia, termina jejum contra reforma da Previd\u00eancia de Temer em Porto Alegre - Instituto Cultural Padre Josimo\",\"isPartOf\":{\"@id\":\"https:\/\/padrejosimo.com.br\/site\/#website\"},\"primaryImageOfPage\":{\"@id\":\"https:\/\/padrejosimo.com.br\/site\/noticias\/termina-jejum-contra-reforma-da-previdencia-em-porto-alegre\/#primaryimage\"},\"image\":{\"@id\":\"https:\/\/padrejosimo.com.br\/site\/noticias\/termina-jejum-contra-reforma-da-previdencia-em-porto-alegre\/#primaryimage\"},\"thumbnailUrl\":\"https:\/\/padrejosimo.com.br\/site\/wp-content\/uploads\/2017\/12\/greve_poa.jpg\",\"datePublished\":\"2017-12-15T13:28:40+00:00\",\"dateModified\":\"2017-12-15T13:34:12+00:00\",\"breadcrumb\":{\"@id\":\"https:\/\/padrejosimo.com.br\/site\/noticias\/termina-jejum-contra-reforma-da-previdencia-em-porto-alegre\/#breadcrumb\"},\"inLanguage\":\"pt-BR\",\"potentialAction\":[{\"@type\":\"ReadAction\",\"target\":[\"https:\/\/padrejosimo.com.br\/site\/noticias\/termina-jejum-contra-reforma-da-previdencia-em-porto-alegre\/\"]}]},{\"@type\":\"ImageObject\",\"inLanguage\":\"pt-BR\",\"@id\":\"https:\/\/padrejosimo.com.br\/site\/noticias\/termina-jejum-contra-reforma-da-previdencia-em-porto-alegre\/#primaryimage\",\"url\":\"https:\/\/padrejosimo.com.br\/site\/wp-content\/uploads\/2017\/12\/greve_poa.jpg\",\"contentUrl\":\"https:\/\/padrejosimo.com.br\/site\/wp-content\/uploads\/2017\/12\/greve_poa.jpg\",\"width\":800,\"height\":475},{\"@type\":\"BreadcrumbList\",\"@id\":\"https:\/\/padrejosimo.com.br\/site\/noticias\/termina-jejum-contra-reforma-da-previdencia-em-porto-alegre\/#breadcrumb\",\"itemListElement\":[{\"@type\":\"ListItem\",\"position\":1,\"name\":\"In\u00edcio\",\"item\":\"https:\/\/padrejosimo.com.br\/site\/\"},{\"@type\":\"ListItem\",\"position\":2,\"name\":\"Not\u00edcias\",\"item\":\"https:\/\/padrejosimo.com.br\/site\/noticias\/\"},{\"@type\":\"ListItem\",\"position\":3,\"name\":\"Com adiamento da vota\u00e7\u00e3o e final da greve de fome em Bras\u00edlia, termina jejum contra reforma da Previd\u00eancia de Temer em Porto Alegre\"}]},{\"@type\":\"WebSite\",\"@id\":\"https:\/\/padrejosimo.com.br\/site\/#website\",\"url\":\"https:\/\/padrejosimo.com.br\/site\/\",\"name\":\"Instituto Cultural Padre Josimo\",\"description\":\"Comprometida com a promo\u00e7\u00e3o da justi\u00e7a social, agroecologia e educa\u00e7\u00e3o popular\",\"publisher\":{\"@id\":\"https:\/\/padrejosimo.com.br\/site\/#organization\"},\"alternateName\":\"ICPJ\",\"potentialAction\":[{\"@type\":\"SearchAction\",\"target\":{\"@type\":\"EntryPoint\",\"urlTemplate\":\"https:\/\/padrejosimo.com.br\/site\/?s={search_term_string}\"},\"query-input\":{\"@type\":\"PropertyValueSpecification\",\"valueRequired\":true,\"valueName\":\"search_term_string\"}}],\"inLanguage\":\"pt-BR\"},{\"@type\":\"Organization\",\"@id\":\"https:\/\/padrejosimo.com.br\/site\/#organization\",\"name\":\"Instituto Cultural Padre Josimo\",\"alternateName\":\"ICPJ\",\"url\":\"https:\/\/padrejosimo.com.br\/site\/\",\"logo\":{\"@type\":\"ImageObject\",\"inLanguage\":\"pt-BR\",\"@id\":\"https:\/\/padrejosimo.com.br\/site\/#\/schema\/logo\/image\/\",\"url\":\"https:\/\/padrejosimo.com.br\/site\/wp-content\/uploads\/2025\/09\/cropped-icon-icpj.png\",\"contentUrl\":\"https:\/\/padrejosimo.com.br\/site\/wp-content\/uploads\/2025\/09\/cropped-icon-icpj.png\",\"width\":512,\"height\":512,\"caption\":\"Instituto Cultural Padre Josimo\"},\"image\":{\"@id\":\"https:\/\/padrejosimo.com.br\/site\/#\/schema\/logo\/image\/\"}}]}<\/script>\n<!-- \/ Yoast SEO plugin. -->","yoast_head_json":{"title":"Com adiamento da vota\u00e7\u00e3o e final da greve de fome em Bras\u00edlia, termina jejum contra reforma da Previd\u00eancia de Temer em Porto Alegre - Instituto Cultural Padre Josimo","robots":{"index":"index","follow":"follow","max-snippet":"max-snippet:-1","max-image-preview":"max-image-preview:large","max-video-preview":"max-video-preview:-1"},"canonical":"https:\/\/padrejosimo.com.br\/site\/noticias\/termina-jejum-contra-reforma-da-previdencia-em-porto-alegre\/","og_locale":"pt_BR","og_type":"article","og_title":"Com adiamento da vota\u00e7\u00e3o e final da greve de fome em Bras\u00edlia, termina jejum contra reforma da Previd\u00eancia de Temer em Porto Alegre - Instituto Cultural Padre Josimo","og_description":"O an\u00fancio da retirada de pauta e adiamento da vota\u00e7\u00e3o para o dia 19 de fevereiro, feito pelo presidente da C\u00e2mara, deputado Rodrigo Maia (DEM-RJ), levou na tarde desta quinta-feira (14) ao final da greve de fome, que j\u00e1 durava dez dias em Bras\u00edlia, e do segundo dia de jejum contra a reforma da Previd\u00eancia do presidente golpista Michel Temer (PMDB), na esplanada da Assembleia Legislativa do Rio Grande do Sul, no centro de Porto Alegre.","og_url":"https:\/\/padrejosimo.com.br\/site\/noticias\/termina-jejum-contra-reforma-da-previdencia-em-porto-alegre\/","og_site_name":"Instituto Cultural Padre Josimo","article_modified_time":"2017-12-15T13:34:12+00:00","og_image":[{"width":800,"height":475,"url":"https:\/\/padrejosimo.com.br\/site\/wp-content\/uploads\/2017\/12\/greve_poa.jpg","type":"image\/jpeg"}],"twitter_card":"summary_large_image","twitter_misc":{"Est. tempo de leitura":"3 minutos"},"schema":{"@context":"https:\/\/schema.org","@graph":[{"@type":"WebPage","@id":"https:\/\/padrejosimo.com.br\/site\/noticias\/termina-jejum-contra-reforma-da-previdencia-em-porto-alegre\/","url":"https:\/\/padrejosimo.com.br\/site\/noticias\/termina-jejum-contra-reforma-da-previdencia-em-porto-alegre\/","name":"Com adiamento da vota\u00e7\u00e3o e final da greve de fome em Bras\u00edlia, termina jejum contra reforma da Previd\u00eancia de Temer em Porto Alegre - Instituto Cultural Padre Josimo","isPartOf":{"@id":"https:\/\/padrejosimo.com.br\/site\/#website"},"primaryImageOfPage":{"@id":"https:\/\/padrejosimo.com.br\/site\/noticias\/termina-jejum-contra-reforma-da-previdencia-em-porto-alegre\/#primaryimage"},"image":{"@id":"https:\/\/padrejosimo.com.br\/site\/noticias\/termina-jejum-contra-reforma-da-previdencia-em-porto-alegre\/#primaryimage"},"thumbnailUrl":"https:\/\/padrejosimo.com.br\/site\/wp-content\/uploads\/2017\/12\/greve_poa.jpg","datePublished":"2017-12-15T13:28:40+00:00","dateModified":"2017-12-15T13:34:12+00:00","breadcrumb":{"@id":"https:\/\/padrejosimo.com.br\/site\/noticias\/termina-jejum-contra-reforma-da-previdencia-em-porto-alegre\/#breadcrumb"},"inLanguage":"pt-BR","potentialAction":[{"@type":"ReadAction","target":["https:\/\/padrejosimo.com.br\/site\/noticias\/termina-jejum-contra-reforma-da-previdencia-em-porto-alegre\/"]}]},{"@type":"ImageObject","inLanguage":"pt-BR","@id":"https:\/\/padrejosimo.com.br\/site\/noticias\/termina-jejum-contra-reforma-da-previdencia-em-porto-alegre\/#primaryimage","url":"https:\/\/padrejosimo.com.br\/site\/wp-content\/uploads\/2017\/12\/greve_poa.jpg","contentUrl":"https:\/\/padrejosimo.com.br\/site\/wp-content\/uploads\/2017\/12\/greve_poa.jpg","width":800,"height":475},{"@type":"BreadcrumbList","@id":"https:\/\/padrejosimo.com.br\/site\/noticias\/termina-jejum-contra-reforma-da-previdencia-em-porto-alegre\/#breadcrumb","itemListElement":[{"@type":"ListItem","position":1,"name":"In\u00edcio","item":"https:\/\/padrejosimo.com.br\/site\/"},{"@type":"ListItem","position":2,"name":"Not\u00edcias","item":"https:\/\/padrejosimo.com.br\/site\/noticias\/"},{"@type":"ListItem","position":3,"name":"Com adiamento da vota\u00e7\u00e3o e final da greve de fome em Bras\u00edlia, termina jejum contra reforma da Previd\u00eancia de Temer em Porto Alegre"}]},{"@type":"WebSite","@id":"https:\/\/padrejosimo.com.br\/site\/#website","url":"https:\/\/padrejosimo.com.br\/site\/","name":"Instituto Cultural Padre Josimo","description":"Comprometida com a promo\u00e7\u00e3o da justi\u00e7a social, agroecologia e educa\u00e7\u00e3o popular","publisher":{"@id":"https:\/\/padrejosimo.com.br\/site\/#organization"},"alternateName":"ICPJ","potentialAction":[{"@type":"SearchAction","target":{"@type":"EntryPoint","urlTemplate":"https:\/\/padrejosimo.com.br\/site\/?s={search_term_string}"},"query-input":{"@type":"PropertyValueSpecification","valueRequired":true,"valueName":"search_term_string"}}],"inLanguage":"pt-BR"},{"@type":"Organization","@id":"https:\/\/padrejosimo.com.br\/site\/#organization","name":"Instituto Cultural Padre Josimo","alternateName":"ICPJ","url":"https:\/\/padrejosimo.com.br\/site\/","logo":{"@type":"ImageObject","inLanguage":"pt-BR","@id":"https:\/\/padrejosimo.com.br\/site\/#\/schema\/logo\/image\/","url":"https:\/\/padrejosimo.com.br\/site\/wp-content\/uploads\/2025\/09\/cropped-icon-icpj.png","contentUrl":"https:\/\/padrejosimo.com.br\/site\/wp-content\/uploads\/2025\/09\/cropped-icon-icpj.png","width":512,"height":512,"caption":"Instituto Cultural Padre Josimo"},"image":{"@id":"https:\/\/padrejosimo.com.br\/site\/#\/schema\/logo\/image\/"}}]}},"_links":{"self":[{"href":"https:\/\/padrejosimo.com.br\/site\/wp-json\/wp\/v2\/noticias\/607","targetHints":{"allow":["GET"]}}],"collection":[{"href":"https:\/\/padrejosimo.com.br\/site\/wp-json\/wp\/v2\/noticias"}],"about":[{"href":"https:\/\/padrejosimo.com.br\/site\/wp-json\/wp\/v2\/types\/noticias"}],"wp:featuredmedia":[{"embeddable":true,"href":"https:\/\/padrejosimo.com.br\/site\/wp-json\/wp\/v2\/media\/608"}],"wp:attachment":[{"href":"https:\/\/padrejosimo.com.br\/site\/wp-json\/wp\/v2\/media?parent=607"}],"wp:term":[{"taxonomy":"categorias_noticias","embeddable":true,"href":"https:\/\/padrejosimo.com.br\/site\/wp-json\/wp\/v2\/categorias_noticias?post=607"}],"curies":[{"name":"wp","href":"https:\/\/api.w.org\/{rel}","templated":true}]}}