{"id":605,"date":"2017-12-14T14:23:25","date_gmt":"2017-12-14T16:23:25","guid":{"rendered":"http:\/\/padrejosimo.com.br\/site\/?post_type=noticias&#038;p=605"},"modified":"2017-12-14T14:23:25","modified_gmt":"2017-12-14T16:23:25","slug":"10o-dia-sem-se-alimentar-em-todo-pais-ja-sao-mais-de-40-militantes-em-greve-de-fome-e-jejum","status":"publish","type":"noticias","link":"https:\/\/padrejosimo.com.br\/site\/noticias\/10o-dia-sem-se-alimentar-em-todo-pais-ja-sao-mais-de-40-militantes-em-greve-de-fome-e-jejum\/","title":{"rendered":"10\u00ba Dia Sem se Alimentar: em todo pa\u00eds j\u00e1 s\u00e3o mais de 40 militantes em Greve de Fome e Jejum"},"content":{"rendered":"<p><img fetchpriority=\"high\" decoding=\"async\" class=\"aligncenter size-full wp-image-606\" src=\"https:\/\/padrejosimo.com.br\/site\/wp-content\/uploads\/2017\/12\/Foto-Adilvane-Spezia.jpg\" alt=\"\" width=\"900\" height=\"550\" srcset=\"https:\/\/padrejosimo.com.br\/site\/wp-content\/uploads\/2017\/12\/Foto-Adilvane-Spezia.jpg 900w, https:\/\/padrejosimo.com.br\/site\/wp-content\/uploads\/2017\/12\/Foto-Adilvane-Spezia-300x183.jpg 300w, https:\/\/padrejosimo.com.br\/site\/wp-content\/uploads\/2017\/12\/Foto-Adilvane-Spezia-768x469.jpg 768w\" sizes=\"(max-width: 900px) 100vw, 900px\" \/><\/p>\n<p>Hoje, 14 de dezembro, completam 10 dias do in\u00edcio da greve de fome, de luta e resist\u00eancia contra a Reforma da Previd\u00eancia. Os mais de 40 grevistas em todo pa\u00eds sabem do desafio que \u00e9 imposto a priva\u00e7\u00e3o de se alimentar, mas visto o n\u00edvel de retirada de diretos que se encontra \u00e9 uma das a\u00e7\u00f5es que est\u00e3o dispostos a fazer para contribuir com a derrocada dessa Reforma, esse \u00e9 um aviso pr\u00e9vio das a\u00e7\u00f5es que eles ir\u00e3o executar caso essa Reforma venha a ser votada.<\/p>\n<p>Para o MPA (Movimento dos Pequenos Agricultores) este \u00e9 um momento hist\u00f3rico de retirada de direitos, mas os camponeses e camponesas n\u00e3o aceitam as manobras do Governo Golpista contra a Classe Trabalhado, em especial quando se trata da Reforma da Previd\u00eancia. A Greve de Fome significa que alguns passar\u00e3o fome por alguns dias para evitar que muitos passem fome uma vida inteira.<\/p>\n<p>Nesta quinta-feira as a\u00e7\u00f5es nos Estados de SC, RS, SE, ES, RO, BA, PI, PE, GO e AL seguem com Greve de Fome, Dia de Fome, atos e vig\u00edlias de den\u00fancia da Reforma da Previd\u00eancia na Ag\u00eancias do INSS e C\u00e2maras Legislativas, de onde \u201cs\u00f3 sairemos quando colocarmos uma p\u00e1 de cal em cima dessa Reforma\u201d, como relata Josi Conta, grevista h\u00e1 10 dias na C\u00e2mara dos Deputados em Bras\u00edlia.<\/p>\n<p>Ao longo desses 10 dias os grevistas receberam milhares de mensagens de apoio e solidariedade de todos os cantos do pa\u00eds de artistas, lideran\u00e7as pol\u00edticas, pessoas que se solidarizaram com a causa. Como diz Leila Denise, grevista h\u00e1 10 dias, \u201cessa greve de fome tamb\u00e9m tem como objetivo mobilizar a sociedade e denunciar o que essa reforma previdenci\u00e1ria, se aprovada, ir\u00e1 causar, ir\u00e1 levar milh\u00f5es de brasileiros \u00e0 mis\u00e9ria\u201d.<\/p>\n<p>O estado de sa\u00fade do grevistas, com o passar dos dias come\u00e7am aparecer os primeiros sinais de debilidade, \u201cos que est\u00e3o h\u00e1 mais dias est\u00e3o mais fr\u00e1geis que os demais, logo demandam de maior aten\u00e7\u00e3o\u201d, explica Ronald Wolff, m\u00e9dico que acompanha os grevistas em Bras\u00edlia.<\/p>\n<p>Por Comunica\u00e7\u00e3o MPA<\/p>\n","protected":false},"excerpt":{"rendered":"<p>Hoje, 14 de dezembro, completam 10 dias do in\u00edcio da greve de fome, de luta e resist\u00eancia contra a Reforma da Previd\u00eancia. Os mais de 40 grevistas em todo pa\u00eds sabem do desafio que \u00e9 imposto a priva\u00e7\u00e3o de se alimentar, mas visto o n\u00edvel de retirada de diretos que se encontra \u00e9 uma das a\u00e7\u00f5es que est\u00e3o dispostos a fazer para contribuir com a derrocada dessa Reforma, esse \u00e9 um aviso pr\u00e9vio das a\u00e7\u00f5es que eles ir\u00e3o executar caso essa Reforma venha a ser votada.<\/p>\n","protected":false},"featured_media":606,"template":"","categorias_noticias":[13],"class_list":["post-605","noticias","type-noticias","status-publish","has-post-thumbnail","hentry","categorias_noticias-noticias"],"acf":[],"yoast_head":"<!-- This site is optimized with the Yoast SEO plugin v27.2 - https:\/\/yoast.com\/product\/yoast-seo-wordpress\/ -->\n<title>10\u00ba Dia Sem se Alimentar: em todo pa\u00eds j\u00e1 s\u00e3o mais de 40 militantes em Greve de Fome e Jejum - Instituto Cultural Padre Josimo<\/title>\n<meta name=\"robots\" content=\"index, follow, max-snippet:-1, max-image-preview:large, max-video-preview:-1\" \/>\n<link rel=\"canonical\" href=\"https:\/\/padrejosimo.com.br\/site\/noticias\/10o-dia-sem-se-alimentar-em-todo-pais-ja-sao-mais-de-40-militantes-em-greve-de-fome-e-jejum\/\" \/>\n<meta property=\"og:locale\" content=\"pt_BR\" \/>\n<meta property=\"og:type\" content=\"article\" \/>\n<meta property=\"og:title\" content=\"10\u00ba Dia Sem se Alimentar: em todo pa\u00eds j\u00e1 s\u00e3o mais de 40 militantes em Greve de Fome e Jejum - Instituto Cultural Padre Josimo\" \/>\n<meta property=\"og:description\" content=\"Hoje, 14 de dezembro, completam 10 dias do in\u00edcio da greve de fome, de luta e resist\u00eancia contra a Reforma da Previd\u00eancia. Os mais de 40 grevistas em todo pa\u00eds sabem do desafio que \u00e9 imposto a priva\u00e7\u00e3o de se alimentar, mas visto o n\u00edvel de retirada de diretos que se encontra \u00e9 uma das a\u00e7\u00f5es que est\u00e3o dispostos a fazer para contribuir com a derrocada dessa Reforma, esse \u00e9 um aviso pr\u00e9vio das a\u00e7\u00f5es que eles ir\u00e3o executar caso essa Reforma venha a ser votada.\" \/>\n<meta property=\"og:url\" content=\"https:\/\/padrejosimo.com.br\/site\/noticias\/10o-dia-sem-se-alimentar-em-todo-pais-ja-sao-mais-de-40-militantes-em-greve-de-fome-e-jejum\/\" \/>\n<meta property=\"og:site_name\" content=\"Instituto Cultural Padre Josimo\" \/>\n<meta property=\"og:image\" content=\"https:\/\/padrejosimo.com.br\/site\/wp-content\/uploads\/2017\/12\/Foto-Adilvane-Spezia.jpg\" \/>\n\t<meta property=\"og:image:width\" content=\"900\" \/>\n\t<meta property=\"og:image:height\" content=\"550\" \/>\n\t<meta property=\"og:image:type\" content=\"image\/jpeg\" \/>\n<meta name=\"twitter:card\" content=\"summary_large_image\" \/>\n<meta name=\"twitter:label1\" content=\"Est. tempo de leitura\" \/>\n\t<meta name=\"twitter:data1\" content=\"2 minutos\" \/>\n<script type=\"application\/ld+json\" class=\"yoast-schema-graph\">{\"@context\":\"https:\/\/schema.org\",\"@graph\":[{\"@type\":\"WebPage\",\"@id\":\"https:\/\/padrejosimo.com.br\/site\/noticias\/10o-dia-sem-se-alimentar-em-todo-pais-ja-sao-mais-de-40-militantes-em-greve-de-fome-e-jejum\/\",\"url\":\"https:\/\/padrejosimo.com.br\/site\/noticias\/10o-dia-sem-se-alimentar-em-todo-pais-ja-sao-mais-de-40-militantes-em-greve-de-fome-e-jejum\/\",\"name\":\"10\u00ba Dia Sem se Alimentar: em todo pa\u00eds j\u00e1 s\u00e3o mais de 40 militantes em Greve de Fome e Jejum - Instituto Cultural Padre Josimo\",\"isPartOf\":{\"@id\":\"https:\/\/padrejosimo.com.br\/site\/#website\"},\"primaryImageOfPage\":{\"@id\":\"https:\/\/padrejosimo.com.br\/site\/noticias\/10o-dia-sem-se-alimentar-em-todo-pais-ja-sao-mais-de-40-militantes-em-greve-de-fome-e-jejum\/#primaryimage\"},\"image\":{\"@id\":\"https:\/\/padrejosimo.com.br\/site\/noticias\/10o-dia-sem-se-alimentar-em-todo-pais-ja-sao-mais-de-40-militantes-em-greve-de-fome-e-jejum\/#primaryimage\"},\"thumbnailUrl\":\"https:\/\/padrejosimo.com.br\/site\/wp-content\/uploads\/2017\/12\/Foto-Adilvane-Spezia.jpg\",\"datePublished\":\"2017-12-14T16:23:25+00:00\",\"breadcrumb\":{\"@id\":\"https:\/\/padrejosimo.com.br\/site\/noticias\/10o-dia-sem-se-alimentar-em-todo-pais-ja-sao-mais-de-40-militantes-em-greve-de-fome-e-jejum\/#breadcrumb\"},\"inLanguage\":\"pt-BR\",\"potentialAction\":[{\"@type\":\"ReadAction\",\"target\":[\"https:\/\/padrejosimo.com.br\/site\/noticias\/10o-dia-sem-se-alimentar-em-todo-pais-ja-sao-mais-de-40-militantes-em-greve-de-fome-e-jejum\/\"]}]},{\"@type\":\"ImageObject\",\"inLanguage\":\"pt-BR\",\"@id\":\"https:\/\/padrejosimo.com.br\/site\/noticias\/10o-dia-sem-se-alimentar-em-todo-pais-ja-sao-mais-de-40-militantes-em-greve-de-fome-e-jejum\/#primaryimage\",\"url\":\"https:\/\/padrejosimo.com.br\/site\/wp-content\/uploads\/2017\/12\/Foto-Adilvane-Spezia.jpg\",\"contentUrl\":\"https:\/\/padrejosimo.com.br\/site\/wp-content\/uploads\/2017\/12\/Foto-Adilvane-Spezia.jpg\",\"width\":900,\"height\":550},{\"@type\":\"BreadcrumbList\",\"@id\":\"https:\/\/padrejosimo.com.br\/site\/noticias\/10o-dia-sem-se-alimentar-em-todo-pais-ja-sao-mais-de-40-militantes-em-greve-de-fome-e-jejum\/#breadcrumb\",\"itemListElement\":[{\"@type\":\"ListItem\",\"position\":1,\"name\":\"In\u00edcio\",\"item\":\"https:\/\/padrejosimo.com.br\/site\/\"},{\"@type\":\"ListItem\",\"position\":2,\"name\":\"Not\u00edcias\",\"item\":\"https:\/\/padrejosimo.com.br\/site\/noticias\/\"},{\"@type\":\"ListItem\",\"position\":3,\"name\":\"10\u00ba Dia Sem se Alimentar: em todo pa\u00eds j\u00e1 s\u00e3o mais de 40 militantes em Greve de Fome e Jejum\"}]},{\"@type\":\"WebSite\",\"@id\":\"https:\/\/padrejosimo.com.br\/site\/#website\",\"url\":\"https:\/\/padrejosimo.com.br\/site\/\",\"name\":\"Instituto Cultural Padre Josimo\",\"description\":\"Comprometida com a promo\u00e7\u00e3o da justi\u00e7a social, agroecologia e educa\u00e7\u00e3o popular\",\"publisher\":{\"@id\":\"https:\/\/padrejosimo.com.br\/site\/#organization\"},\"alternateName\":\"ICPJ\",\"potentialAction\":[{\"@type\":\"SearchAction\",\"target\":{\"@type\":\"EntryPoint\",\"urlTemplate\":\"https:\/\/padrejosimo.com.br\/site\/?s={search_term_string}\"},\"query-input\":{\"@type\":\"PropertyValueSpecification\",\"valueRequired\":true,\"valueName\":\"search_term_string\"}}],\"inLanguage\":\"pt-BR\"},{\"@type\":\"Organization\",\"@id\":\"https:\/\/padrejosimo.com.br\/site\/#organization\",\"name\":\"Instituto Cultural Padre Josimo\",\"alternateName\":\"ICPJ\",\"url\":\"https:\/\/padrejosimo.com.br\/site\/\",\"logo\":{\"@type\":\"ImageObject\",\"inLanguage\":\"pt-BR\",\"@id\":\"https:\/\/padrejosimo.com.br\/site\/#\/schema\/logo\/image\/\",\"url\":\"https:\/\/padrejosimo.com.br\/site\/wp-content\/uploads\/2025\/09\/cropped-icon-icpj.png\",\"contentUrl\":\"https:\/\/padrejosimo.com.br\/site\/wp-content\/uploads\/2025\/09\/cropped-icon-icpj.png\",\"width\":512,\"height\":512,\"caption\":\"Instituto Cultural Padre Josimo\"},\"image\":{\"@id\":\"https:\/\/padrejosimo.com.br\/site\/#\/schema\/logo\/image\/\"}}]}<\/script>\n<!-- \/ Yoast SEO plugin. -->","yoast_head_json":{"title":"10\u00ba Dia Sem se Alimentar: em todo pa\u00eds j\u00e1 s\u00e3o mais de 40 militantes em Greve de Fome e Jejum - Instituto Cultural Padre Josimo","robots":{"index":"index","follow":"follow","max-snippet":"max-snippet:-1","max-image-preview":"max-image-preview:large","max-video-preview":"max-video-preview:-1"},"canonical":"https:\/\/padrejosimo.com.br\/site\/noticias\/10o-dia-sem-se-alimentar-em-todo-pais-ja-sao-mais-de-40-militantes-em-greve-de-fome-e-jejum\/","og_locale":"pt_BR","og_type":"article","og_title":"10\u00ba Dia Sem se Alimentar: em todo pa\u00eds j\u00e1 s\u00e3o mais de 40 militantes em Greve de Fome e Jejum - Instituto Cultural Padre Josimo","og_description":"Hoje, 14 de dezembro, completam 10 dias do in\u00edcio da greve de fome, de luta e resist\u00eancia contra a Reforma da Previd\u00eancia. Os mais de 40 grevistas em todo pa\u00eds sabem do desafio que \u00e9 imposto a priva\u00e7\u00e3o de se alimentar, mas visto o n\u00edvel de retirada de diretos que se encontra \u00e9 uma das a\u00e7\u00f5es que est\u00e3o dispostos a fazer para contribuir com a derrocada dessa Reforma, esse \u00e9 um aviso pr\u00e9vio das a\u00e7\u00f5es que eles ir\u00e3o executar caso essa Reforma venha a ser votada.","og_url":"https:\/\/padrejosimo.com.br\/site\/noticias\/10o-dia-sem-se-alimentar-em-todo-pais-ja-sao-mais-de-40-militantes-em-greve-de-fome-e-jejum\/","og_site_name":"Instituto Cultural Padre Josimo","og_image":[{"width":900,"height":550,"url":"https:\/\/padrejosimo.com.br\/site\/wp-content\/uploads\/2017\/12\/Foto-Adilvane-Spezia.jpg","type":"image\/jpeg"}],"twitter_card":"summary_large_image","twitter_misc":{"Est. tempo de leitura":"2 minutos"},"schema":{"@context":"https:\/\/schema.org","@graph":[{"@type":"WebPage","@id":"https:\/\/padrejosimo.com.br\/site\/noticias\/10o-dia-sem-se-alimentar-em-todo-pais-ja-sao-mais-de-40-militantes-em-greve-de-fome-e-jejum\/","url":"https:\/\/padrejosimo.com.br\/site\/noticias\/10o-dia-sem-se-alimentar-em-todo-pais-ja-sao-mais-de-40-militantes-em-greve-de-fome-e-jejum\/","name":"10\u00ba Dia Sem se Alimentar: em todo pa\u00eds j\u00e1 s\u00e3o mais de 40 militantes em Greve de Fome e Jejum - Instituto Cultural Padre Josimo","isPartOf":{"@id":"https:\/\/padrejosimo.com.br\/site\/#website"},"primaryImageOfPage":{"@id":"https:\/\/padrejosimo.com.br\/site\/noticias\/10o-dia-sem-se-alimentar-em-todo-pais-ja-sao-mais-de-40-militantes-em-greve-de-fome-e-jejum\/#primaryimage"},"image":{"@id":"https:\/\/padrejosimo.com.br\/site\/noticias\/10o-dia-sem-se-alimentar-em-todo-pais-ja-sao-mais-de-40-militantes-em-greve-de-fome-e-jejum\/#primaryimage"},"thumbnailUrl":"https:\/\/padrejosimo.com.br\/site\/wp-content\/uploads\/2017\/12\/Foto-Adilvane-Spezia.jpg","datePublished":"2017-12-14T16:23:25+00:00","breadcrumb":{"@id":"https:\/\/padrejosimo.com.br\/site\/noticias\/10o-dia-sem-se-alimentar-em-todo-pais-ja-sao-mais-de-40-militantes-em-greve-de-fome-e-jejum\/#breadcrumb"},"inLanguage":"pt-BR","potentialAction":[{"@type":"ReadAction","target":["https:\/\/padrejosimo.com.br\/site\/noticias\/10o-dia-sem-se-alimentar-em-todo-pais-ja-sao-mais-de-40-militantes-em-greve-de-fome-e-jejum\/"]}]},{"@type":"ImageObject","inLanguage":"pt-BR","@id":"https:\/\/padrejosimo.com.br\/site\/noticias\/10o-dia-sem-se-alimentar-em-todo-pais-ja-sao-mais-de-40-militantes-em-greve-de-fome-e-jejum\/#primaryimage","url":"https:\/\/padrejosimo.com.br\/site\/wp-content\/uploads\/2017\/12\/Foto-Adilvane-Spezia.jpg","contentUrl":"https:\/\/padrejosimo.com.br\/site\/wp-content\/uploads\/2017\/12\/Foto-Adilvane-Spezia.jpg","width":900,"height":550},{"@type":"BreadcrumbList","@id":"https:\/\/padrejosimo.com.br\/site\/noticias\/10o-dia-sem-se-alimentar-em-todo-pais-ja-sao-mais-de-40-militantes-em-greve-de-fome-e-jejum\/#breadcrumb","itemListElement":[{"@type":"ListItem","position":1,"name":"In\u00edcio","item":"https:\/\/padrejosimo.com.br\/site\/"},{"@type":"ListItem","position":2,"name":"Not\u00edcias","item":"https:\/\/padrejosimo.com.br\/site\/noticias\/"},{"@type":"ListItem","position":3,"name":"10\u00ba Dia Sem se Alimentar: em todo pa\u00eds j\u00e1 s\u00e3o mais de 40 militantes em Greve de Fome e Jejum"}]},{"@type":"WebSite","@id":"https:\/\/padrejosimo.com.br\/site\/#website","url":"https:\/\/padrejosimo.com.br\/site\/","name":"Instituto Cultural Padre Josimo","description":"Comprometida com a promo\u00e7\u00e3o da justi\u00e7a social, agroecologia e educa\u00e7\u00e3o popular","publisher":{"@id":"https:\/\/padrejosimo.com.br\/site\/#organization"},"alternateName":"ICPJ","potentialAction":[{"@type":"SearchAction","target":{"@type":"EntryPoint","urlTemplate":"https:\/\/padrejosimo.com.br\/site\/?s={search_term_string}"},"query-input":{"@type":"PropertyValueSpecification","valueRequired":true,"valueName":"search_term_string"}}],"inLanguage":"pt-BR"},{"@type":"Organization","@id":"https:\/\/padrejosimo.com.br\/site\/#organization","name":"Instituto Cultural Padre Josimo","alternateName":"ICPJ","url":"https:\/\/padrejosimo.com.br\/site\/","logo":{"@type":"ImageObject","inLanguage":"pt-BR","@id":"https:\/\/padrejosimo.com.br\/site\/#\/schema\/logo\/image\/","url":"https:\/\/padrejosimo.com.br\/site\/wp-content\/uploads\/2025\/09\/cropped-icon-icpj.png","contentUrl":"https:\/\/padrejosimo.com.br\/site\/wp-content\/uploads\/2025\/09\/cropped-icon-icpj.png","width":512,"height":512,"caption":"Instituto Cultural Padre Josimo"},"image":{"@id":"https:\/\/padrejosimo.com.br\/site\/#\/schema\/logo\/image\/"}}]}},"_links":{"self":[{"href":"https:\/\/padrejosimo.com.br\/site\/wp-json\/wp\/v2\/noticias\/605","targetHints":{"allow":["GET"]}}],"collection":[{"href":"https:\/\/padrejosimo.com.br\/site\/wp-json\/wp\/v2\/noticias"}],"about":[{"href":"https:\/\/padrejosimo.com.br\/site\/wp-json\/wp\/v2\/types\/noticias"}],"wp:featuredmedia":[{"embeddable":true,"href":"https:\/\/padrejosimo.com.br\/site\/wp-json\/wp\/v2\/media\/606"}],"wp:attachment":[{"href":"https:\/\/padrejosimo.com.br\/site\/wp-json\/wp\/v2\/media?parent=605"}],"wp:term":[{"taxonomy":"categorias_noticias","embeddable":true,"href":"https:\/\/padrejosimo.com.br\/site\/wp-json\/wp\/v2\/categorias_noticias?post=605"}],"curies":[{"name":"wp","href":"https:\/\/api.w.org\/{rel}","templated":true}]}}