{"id":583,"date":"2017-12-13T15:44:58","date_gmt":"2017-12-13T17:44:58","guid":{"rendered":"http:\/\/padrejosimo.com.br\/site\/?post_type=noticias&#038;p=583"},"modified":"2017-12-13T17:00:46","modified_gmt":"2017-12-13T19:00:46","slug":"jejum-publico-comeca-em-frente-a-assembleia-legislativa-em-porto-alegre-rs","status":"publish","type":"noticias","link":"https:\/\/padrejosimo.com.br\/site\/noticias\/jejum-publico-comeca-em-frente-a-assembleia-legislativa-em-porto-alegre-rs\/","title":{"rendered":"Jejum p\u00fablico come\u00e7a em frente a Assembleia Legislativa em Porto Alegre (RS)"},"content":{"rendered":"<p><em><strong>Movimentos sociais, representa\u00e7\u00f5es sindicais, ordens religiosas e segmentos populares iniciam ciclos de jejum contra a Reforma da Previd\u00eancia<\/strong><\/em><\/p>\n<p><img fetchpriority=\"high\" decoding=\"async\" class=\"aligncenter size-full wp-image-585\" src=\"https:\/\/padrejosimo.com.br\/site\/wp-content\/uploads\/2017\/12\/greve_fome_alexandre_garcia-113-1.jpg\" alt=\"\" width=\"900\" height=\"600\" srcset=\"https:\/\/padrejosimo.com.br\/site\/wp-content\/uploads\/2017\/12\/greve_fome_alexandre_garcia-113-1.jpg 900w, https:\/\/padrejosimo.com.br\/site\/wp-content\/uploads\/2017\/12\/greve_fome_alexandre_garcia-113-1-300x200.jpg 300w, https:\/\/padrejosimo.com.br\/site\/wp-content\/uploads\/2017\/12\/greve_fome_alexandre_garcia-113-1-768x512.jpg 768w\" sizes=\"(max-width: 900px) 100vw, 900px\" \/><\/p>\n<p>Se nos quatro cantos do Brasil est\u00e3o sendo refor\u00e7adas as a\u00e7\u00f5es de press\u00e3o contra o governo federal e sua base de apoio para que desistam da Reforma da Previd\u00eancia, n\u00e3o seria diferente na capital dos ga\u00fachos, a Porto Alegre de tantas lutas e vit\u00f3rias da classe popular. Desde a manh\u00e3 desta quarta-feira, 13, trabalhadores do campo e da cidade iniciaram um jejum p\u00fablico em apoio e solidariedade aos companheiros e companheiras que est\u00e3o h\u00e1 nove dias sem receber alimento, na greve de fome de Bras\u00edlia, contra a reforma.<\/p>\n<p>O ato teve seu in\u00edcio demarcado por um encontro dos participantes do jejum com representa\u00e7\u00f5es da imprensa, autoridades e segmentos comunit\u00e1rios em frente a Assembleia Legislativa do RS. Participam do primeiro ciclo de jejum os seguintes companheiros: Caio Picarelli (LPJ), Vera Lemos (MST), Carlo Mioranza (MST), Jos\u00e9 Orestes Lovato (MPA), J\u00falio C\u00e9sar de Lima (Comunidade da Vig\u00edlia), M\u00e1rio Zu\u00e9s de Vargas (MPA), F\u00e1tima Maria de Freitas Soares (FTIA), Claudir Nespolo (CUT\/RS), Bruna Mariane Silva (MPA) e Gregory Teixeira da Silva (MPA). Os deputados estaduais Stela Farias, Nelsinho Metal\u00fargico, Tarc\u00edsio Zimmerman, J\u00e9ferson Fernandes e Altemir Tortelli, que fazem parte da bancada do Partido dos Trabalhadores (PT) tamb\u00e9m demonstraram sua solidariedade e apoio somando-se \u00e0s primeiras 24 horas do jejum.<\/p>\n<p><img decoding=\"async\" class=\"aligncenter size-full wp-image-586\" src=\"https:\/\/padrejosimo.com.br\/site\/wp-content\/uploads\/2017\/12\/greve_fome_alexandre_garcia-102.jpg\" alt=\"\" width=\"900\" height=\"600\" srcset=\"https:\/\/padrejosimo.com.br\/site\/wp-content\/uploads\/2017\/12\/greve_fome_alexandre_garcia-102.jpg 900w, https:\/\/padrejosimo.com.br\/site\/wp-content\/uploads\/2017\/12\/greve_fome_alexandre_garcia-102-300x200.jpg 300w, https:\/\/padrejosimo.com.br\/site\/wp-content\/uploads\/2017\/12\/greve_fome_alexandre_garcia-102-768x512.jpg 768w\" sizes=\"(max-width: 900px) 100vw, 900px\" \/><\/p>\n<p>Rosieli Ludke, dirigente do MPA, que foi um dos movimentos que encabe\u00e7ou a forma\u00e7\u00e3o do ato em Porto Alegre, fez uma fala cheia de emo\u00e7\u00e3o e revolta na abertura, conclamando a sociedade como um todo, especialmente os trabalhadores do campo e da cidade, para somarem esfor\u00e7os nessa luta que n\u00e3o \u00e9 apenas de um ou outro movimento, mas de todos os homens e mulheres contra essa contrarreforma da Previd\u00eancia, \u201cuma reforma que \u00e9 da morte, que tira direitos dos trabalhadores e n\u00e3o mexe em nada nos privil\u00e9gios daqueles que de fato criam problemas para a manuten\u00e7\u00e3o da previd\u00eancia\u201d. Aproveitando a forte presen\u00e7a de lideran\u00e7as do segmento religioso, a camponesa arriscou lembrar de passagem do evangelho, onde \u201cat\u00e9 mesmo Jesus fez a sua greve de fome no deserto, ao jejuar por 40 dias e 40 noites para compreender e viver a miss\u00e3o que lhe foi dada por seu pai\u201d. No fecho de sua fala gritou a a toda voz por tr\u00eas vezes seguidas as palavras de ordem do Mutir\u00e3o da Esperan\u00e7a Camponesa: \u201cQuem alimenta o Brasil, exige respeito\u201d.<\/p>\n<p>Entre as lideran\u00e7as sindicais estava o presidente da Central \u00danica dos Trabalhadores (CUT), Caludir Nespolo, que n\u00e3o apenas discursou, como tamb\u00e9m tomou assento e decidiu participar do jejum pelas primeiras 48 horas, de modo a agregar na vanguarda dessa luta popular: \u201ccom a\u00e7\u00f5es como essas, do jejum e da greve de fome, n\u00f3s estamos fazendo chegar a todo o povo um chamado para que estejam prontos e dispostos a agregar for\u00e7as com os lutadores que j\u00e1 est\u00e3o nas ruas de nossas cidades\u201d. Para ele, a CUT n\u00e3o poderia estar em outro lugar, neste momento da hist\u00f3ria, do que ali, ao lado dos trabalhadores, enfrentando, lutando, se sacrificando, fazendo parte. Nespolo desafiou os presentes a repetir as palavras de ordem da CUT que est\u00e3o sendo entoadas em todos os atos que a Central est\u00e1 presente, como uma forma de recado direto para os deputados e deputadas que est\u00e3o em Bras\u00edlia: \u201cSe marcar o Brasil vai parar!\u201d<\/p>\n<p><strong>Igreja Cat\u00f3lica e Anglicana presentes no jejum<\/strong><\/p>\n<p>Entre as autoridades eclesiais presentes, os bispos cat\u00f3lico \u2013 Dom Adilson \u2013 e Anglicano \u2013 Dom Humberto -, relembraram o car\u00e1ter prof\u00e9tico que uma greve de fome representa, como um ato extremo de sacrif\u00edcio executados por alguns em benef\u00edcio de muitos, um mecanismo de defesa do trabalhador frente aos desmandos de um governo ileg\u00edtimo que executa suas a\u00e7\u00f5es de gest\u00e3o sempre privilegiando as classes sociais mais elevadas e cerceando direitos e qualidade de vida aos mais humildes.<\/p>\n<p><img decoding=\"async\" class=\"aligncenter size-full wp-image-587\" src=\"https:\/\/padrejosimo.com.br\/site\/wp-content\/uploads\/2017\/12\/greve_fome_alexandre_garcia-116.jpg\" alt=\"\" width=\"900\" height=\"600\" srcset=\"https:\/\/padrejosimo.com.br\/site\/wp-content\/uploads\/2017\/12\/greve_fome_alexandre_garcia-116.jpg 900w, https:\/\/padrejosimo.com.br\/site\/wp-content\/uploads\/2017\/12\/greve_fome_alexandre_garcia-116-300x200.jpg 300w, https:\/\/padrejosimo.com.br\/site\/wp-content\/uploads\/2017\/12\/greve_fome_alexandre_garcia-116-768x512.jpg 768w\" sizes=\"(max-width: 900px) 100vw, 900px\" \/><\/p>\n<p>Dom Adilson, bispo cat\u00f3lico, reafirmou as palavras do presidente da Confedera\u00e7\u00e3o Nacional dos Bispos do Brasil (CNBB), Dom Sergio da Rocha, que esteve reunido com os grevistas de Bras\u00edlia no dia anterior: \u201cA igreja tem tamb\u00e9m este desafio de se somar, de andar ao lado do povo trabalhador, de sair \u00e0s ruas, de fazer valer a sua doutrina social e buscar a constru\u00e7\u00e3o de condi\u00e7\u00f5es de justi\u00e7a para todos\u201d. Lembrou tamb\u00e9m o chamado reiterado do Papa Francisco, para que de fato a igreja esteja onde o povo est\u00e1, junto com os trabalhadores em suas lutas, junto coms os pobres em suas necessidades, junto com os marginalizados em suas fragilidades.<\/p>\n<p>Dom Humberto, bispo anglicano, tamb\u00e9m expressou palavras fortes, relembrando os diversos desafios que tem se colocado \u00e0 frente do povo humilde, dos trabalhadores e trabalhadoras que diariamente tem vistos seus direitos sendo atacados covardemente por alguns integrantes da classe pol\u00edtica que se vinculam ao governo de Temer. \u201cO evangelho fala que bem-aventurados s\u00e3o os que tem fome sede de justi\u00e7a, ele n\u00e3o fala se se s\u00e3o crist\u00e3os, judeus, mu\u00e7ulmanos ou mesmo ateus, ele fala que todos que tem fome e sede de justi\u00e7a s\u00e3o bem-aventurados e que ser\u00e3o saciados\u201d, explicou o religioso, fazendo analogia entre as palavras de Cristo expressas no evangelho e o momento cr\u00edtico que o povo brasileiro vive neste tempo de abusos e injusti\u00e7as.<\/p>\n<p><strong>Repercuss\u00e3o no estado<\/strong><\/p>\n<p>Ainda no RS, quatro militantes da base do MPA est\u00e3o em greve de fome na cidade de Cangu\u00e7u, h\u00e1 tr\u00eas dias, cuja interrup\u00e7\u00e3o fica condicionada a retirada por parte do governo do projeto de vota\u00e7\u00e3o da contrarreforma da previd\u00eancia. Hoje, 13\/12, al\u00e9m de Bras\u00edlia e Rio Grande do Sul, tamb\u00e9m est\u00e3o sendo realizados atos em Sergipe, Piau\u00ed, Santa Catarina, Esp\u00edrito Santo, Roraima, Bahia, Pernambuco, Goi\u00e1s e Alagoas.<\/p>\n<p>Lideran\u00e7as do campo pol\u00edtico que expressam renome no cen\u00e1rio nacional, como Miguel Rossetto (pr\u00e9-candidato ao governo do RS) e Manoela D\u2019\u00c1vila (pr\u00e9-candidata a presid\u00eancia da rep\u00fablica), bem como o presidente da Assembleia Legislativa do RS, deputado Edegar Pretto. Os deputados estaduais Tarc\u00edsio Zimmerman, Ad\u00e3o Vilaverde e Z\u00e9 Nunes tamb\u00e9m estiveram presentes no ato, enquanto foram representados por sua assessoria parlamentar os deputados federais Dionilso Marcom, Maria do Ros\u00e1rio e senador Paulo Paim. Da C\u00e2mara Municipal de Porto Alegre, estiveram os vereadores Sofia Cavedon, Oliboni e Sgarboza. Quanto \u00e0s entidades, registrou-se al\u00e9m dos movimentos sociais (MPA, MST, LPJ e MTD), a FeteeSul, Sinpro-RS, Conselho Popular da Lomba do Pinheiro, Prov\u00edncia Franciscana\/RS, Confer\u00eancia Religiosa do Brasil, Fam\u00edlia Franciscana\/RS, CPERS, Irm\u00e3s Aparecidas, Irm\u00e3s da Divina Provid\u00eancia, Comiss\u00e3o Palestina do Brasil, Irm\u00e3s Franciscanas Bernardinas, Par\u00f3quia Santa Clara, Irm\u00e3s Franciscanas da Penit\u00eancia e Caridade Crist\u00e3.<\/p>\n<p><strong>Galeria de fotos<\/strong><\/p>\n<p><img loading=\"lazy\" decoding=\"async\" class=\"aligncenter size-full wp-image-596\" src=\"https:\/\/padrejosimo.com.br\/site\/wp-content\/uploads\/2017\/12\/greve_fome_alexandre_garcia-101.jpg\" alt=\"\" width=\"900\" height=\"600\" srcset=\"https:\/\/padrejosimo.com.br\/site\/wp-content\/uploads\/2017\/12\/greve_fome_alexandre_garcia-101.jpg 900w, https:\/\/padrejosimo.com.br\/site\/wp-content\/uploads\/2017\/12\/greve_fome_alexandre_garcia-101-300x200.jpg 300w, https:\/\/padrejosimo.com.br\/site\/wp-content\/uploads\/2017\/12\/greve_fome_alexandre_garcia-101-768x512.jpg 768w\" sizes=\"(max-width: 900px) 100vw, 900px\" \/> <img loading=\"lazy\" decoding=\"async\" class=\"aligncenter size-full wp-image-598\" src=\"https:\/\/padrejosimo.com.br\/site\/wp-content\/uploads\/2017\/12\/greve_fome_alexandre_garcia-104.jpg\" alt=\"\" width=\"900\" height=\"600\" srcset=\"https:\/\/padrejosimo.com.br\/site\/wp-content\/uploads\/2017\/12\/greve_fome_alexandre_garcia-104.jpg 900w, https:\/\/padrejosimo.com.br\/site\/wp-content\/uploads\/2017\/12\/greve_fome_alexandre_garcia-104-300x200.jpg 300w, https:\/\/padrejosimo.com.br\/site\/wp-content\/uploads\/2017\/12\/greve_fome_alexandre_garcia-104-768x512.jpg 768w\" sizes=\"(max-width: 900px) 100vw, 900px\" \/> <img loading=\"lazy\" decoding=\"async\" class=\"aligncenter size-full wp-image-603\" src=\"https:\/\/padrejosimo.com.br\/site\/wp-content\/uploads\/2017\/12\/greve_fome_alexandre_garcia-103-1.jpg\" alt=\"\" width=\"900\" height=\"600\" srcset=\"https:\/\/padrejosimo.com.br\/site\/wp-content\/uploads\/2017\/12\/greve_fome_alexandre_garcia-103-1.jpg 900w, https:\/\/padrejosimo.com.br\/site\/wp-content\/uploads\/2017\/12\/greve_fome_alexandre_garcia-103-1-300x200.jpg 300w, https:\/\/padrejosimo.com.br\/site\/wp-content\/uploads\/2017\/12\/greve_fome_alexandre_garcia-103-1-768x512.jpg 768w\" sizes=\"(max-width: 900px) 100vw, 900px\" \/> <img loading=\"lazy\" decoding=\"async\" class=\"aligncenter size-full wp-image-599\" src=\"https:\/\/padrejosimo.com.br\/site\/wp-content\/uploads\/2017\/12\/greve_fome_alexandre_garcia-105.jpg\" alt=\"\" width=\"900\" height=\"600\" srcset=\"https:\/\/padrejosimo.com.br\/site\/wp-content\/uploads\/2017\/12\/greve_fome_alexandre_garcia-105.jpg 900w, https:\/\/padrejosimo.com.br\/site\/wp-content\/uploads\/2017\/12\/greve_fome_alexandre_garcia-105-300x200.jpg 300w, https:\/\/padrejosimo.com.br\/site\/wp-content\/uploads\/2017\/12\/greve_fome_alexandre_garcia-105-768x512.jpg 768w\" sizes=\"(max-width: 900px) 100vw, 900px\" \/> <img loading=\"lazy\" decoding=\"async\" class=\"aligncenter size-full wp-image-600\" src=\"https:\/\/padrejosimo.com.br\/site\/wp-content\/uploads\/2017\/12\/greve_fome_alexandre_garcia-107.jpg\" alt=\"\" width=\"900\" height=\"600\" srcset=\"https:\/\/padrejosimo.com.br\/site\/wp-content\/uploads\/2017\/12\/greve_fome_alexandre_garcia-107.jpg 900w, https:\/\/padrejosimo.com.br\/site\/wp-content\/uploads\/2017\/12\/greve_fome_alexandre_garcia-107-300x200.jpg 300w, https:\/\/padrejosimo.com.br\/site\/wp-content\/uploads\/2017\/12\/greve_fome_alexandre_garcia-107-768x512.jpg 768w\" sizes=\"(max-width: 900px) 100vw, 900px\" \/> <img loading=\"lazy\" decoding=\"async\" class=\"aligncenter size-full wp-image-601\" src=\"https:\/\/padrejosimo.com.br\/site\/wp-content\/uploads\/2017\/12\/greve_fome_alexandre_garcia-108.jpg\" alt=\"\" width=\"900\" height=\"600\" srcset=\"https:\/\/padrejosimo.com.br\/site\/wp-content\/uploads\/2017\/12\/greve_fome_alexandre_garcia-108.jpg 900w, https:\/\/padrejosimo.com.br\/site\/wp-content\/uploads\/2017\/12\/greve_fome_alexandre_garcia-108-300x200.jpg 300w, https:\/\/padrejosimo.com.br\/site\/wp-content\/uploads\/2017\/12\/greve_fome_alexandre_garcia-108-768x512.jpg 768w\" sizes=\"(max-width: 900px) 100vw, 900px\" \/> <img loading=\"lazy\" decoding=\"async\" class=\"aligncenter size-full wp-image-593\" src=\"https:\/\/padrejosimo.com.br\/site\/wp-content\/uploads\/2017\/12\/greve_fome_alexandre_garcia-115.jpg\" alt=\"\" width=\"900\" height=\"600\" srcset=\"https:\/\/padrejosimo.com.br\/site\/wp-content\/uploads\/2017\/12\/greve_fome_alexandre_garcia-115.jpg 900w, https:\/\/padrejosimo.com.br\/site\/wp-content\/uploads\/2017\/12\/greve_fome_alexandre_garcia-115-300x200.jpg 300w, https:\/\/padrejosimo.com.br\/site\/wp-content\/uploads\/2017\/12\/greve_fome_alexandre_garcia-115-768x512.jpg 768w\" sizes=\"(max-width: 900px) 100vw, 900px\" \/> <img loading=\"lazy\" decoding=\"async\" class=\"aligncenter size-full wp-image-592\" src=\"https:\/\/padrejosimo.com.br\/site\/wp-content\/uploads\/2017\/12\/greve_fome_alexandre_garcia-114.jpg\" alt=\"\" width=\"900\" height=\"600\" srcset=\"https:\/\/padrejosimo.com.br\/site\/wp-content\/uploads\/2017\/12\/greve_fome_alexandre_garcia-114.jpg 900w, https:\/\/padrejosimo.com.br\/site\/wp-content\/uploads\/2017\/12\/greve_fome_alexandre_garcia-114-300x200.jpg 300w, https:\/\/padrejosimo.com.br\/site\/wp-content\/uploads\/2017\/12\/greve_fome_alexandre_garcia-114-768x512.jpg 768w\" sizes=\"(max-width: 900px) 100vw, 900px\" \/> <img loading=\"lazy\" decoding=\"async\" class=\"aligncenter size-full wp-image-591\" src=\"https:\/\/padrejosimo.com.br\/site\/wp-content\/uploads\/2017\/12\/greve_fome_alexandre_garcia-112.jpg\" alt=\"\" width=\"900\" height=\"600\" srcset=\"https:\/\/padrejosimo.com.br\/site\/wp-content\/uploads\/2017\/12\/greve_fome_alexandre_garcia-112.jpg 900w, https:\/\/padrejosimo.com.br\/site\/wp-content\/uploads\/2017\/12\/greve_fome_alexandre_garcia-112-300x200.jpg 300w, https:\/\/padrejosimo.com.br\/site\/wp-content\/uploads\/2017\/12\/greve_fome_alexandre_garcia-112-768x512.jpg 768w\" sizes=\"(max-width: 900px) 100vw, 900px\" \/> <img loading=\"lazy\" decoding=\"async\" class=\"aligncenter size-full wp-image-590\" src=\"https:\/\/padrejosimo.com.br\/site\/wp-content\/uploads\/2017\/12\/greve_fome_alexandre_garcia-111.jpg\" alt=\"\" width=\"900\" height=\"600\" srcset=\"https:\/\/padrejosimo.com.br\/site\/wp-content\/uploads\/2017\/12\/greve_fome_alexandre_garcia-111.jpg 900w, https:\/\/padrejosimo.com.br\/site\/wp-content\/uploads\/2017\/12\/greve_fome_alexandre_garcia-111-300x200.jpg 300w, https:\/\/padrejosimo.com.br\/site\/wp-content\/uploads\/2017\/12\/greve_fome_alexandre_garcia-111-768x512.jpg 768w\" sizes=\"(max-width: 900px) 100vw, 900px\" \/> <img loading=\"lazy\" decoding=\"async\" class=\"aligncenter size-full wp-image-589\" src=\"https:\/\/padrejosimo.com.br\/site\/wp-content\/uploads\/2017\/12\/greve_fome_alexandre_garcia-110.jpg\" alt=\"\" width=\"900\" height=\"600\" srcset=\"https:\/\/padrejosimo.com.br\/site\/wp-content\/uploads\/2017\/12\/greve_fome_alexandre_garcia-110.jpg 900w, https:\/\/padrejosimo.com.br\/site\/wp-content\/uploads\/2017\/12\/greve_fome_alexandre_garcia-110-300x200.jpg 300w, https:\/\/padrejosimo.com.br\/site\/wp-content\/uploads\/2017\/12\/greve_fome_alexandre_garcia-110-768x512.jpg 768w\" sizes=\"(max-width: 900px) 100vw, 900px\" \/> <img loading=\"lazy\" decoding=\"async\" class=\"aligncenter size-full wp-image-588\" src=\"https:\/\/padrejosimo.com.br\/site\/wp-content\/uploads\/2017\/12\/greve_fome_alexandre_garcia-109.jpg\" alt=\"\" width=\"900\" height=\"600\" srcset=\"https:\/\/padrejosimo.com.br\/site\/wp-content\/uploads\/2017\/12\/greve_fome_alexandre_garcia-109.jpg 900w, https:\/\/padrejosimo.com.br\/site\/wp-content\/uploads\/2017\/12\/greve_fome_alexandre_garcia-109-300x200.jpg 300w, https:\/\/padrejosimo.com.br\/site\/wp-content\/uploads\/2017\/12\/greve_fome_alexandre_garcia-109-768x512.jpg 768w\" sizes=\"(max-width: 900px) 100vw, 900px\" \/> <img loading=\"lazy\" decoding=\"async\" class=\"aligncenter size-full wp-image-594\" src=\"https:\/\/padrejosimo.com.br\/site\/wp-content\/uploads\/2017\/12\/greve_fome_alexandre_garcia-117.jpg\" alt=\"\" width=\"900\" height=\"600\" srcset=\"https:\/\/padrejosimo.com.br\/site\/wp-content\/uploads\/2017\/12\/greve_fome_alexandre_garcia-117.jpg 900w, https:\/\/padrejosimo.com.br\/site\/wp-content\/uploads\/2017\/12\/greve_fome_alexandre_garcia-117-300x200.jpg 300w, https:\/\/padrejosimo.com.br\/site\/wp-content\/uploads\/2017\/12\/greve_fome_alexandre_garcia-117-768x512.jpg 768w\" sizes=\"(max-width: 900px) 100vw, 900px\" \/> <img loading=\"lazy\" decoding=\"async\" class=\"aligncenter size-full wp-image-595\" src=\"https:\/\/padrejosimo.com.br\/site\/wp-content\/uploads\/2017\/12\/greve_fome_alexandre_garcia-119.jpg\" alt=\"\" width=\"900\" height=\"600\" srcset=\"https:\/\/padrejosimo.com.br\/site\/wp-content\/uploads\/2017\/12\/greve_fome_alexandre_garcia-119.jpg 900w, https:\/\/padrejosimo.com.br\/site\/wp-content\/uploads\/2017\/12\/greve_fome_alexandre_garcia-119-300x200.jpg 300w, https:\/\/padrejosimo.com.br\/site\/wp-content\/uploads\/2017\/12\/greve_fome_alexandre_garcia-119-768x512.jpg 768w\" sizes=\"(max-width: 900px) 100vw, 900px\" \/><\/p>\n<p>&nbsp;<\/p>\n","protected":false},"excerpt":{"rendered":"<p>Se nos quatro cantos do Brasil est\u00e3o sendo refor\u00e7adas as a\u00e7\u00f5es de press\u00e3o contra o governo federal e sua base de apoio para que desistam da Reforma da Previd\u00eancia, n\u00e3o seria diferente na capital dos ga\u00fachos, a Porto Alegre de tantas lutas e vit\u00f3rias da classe popular. Desde a manh\u00e3 desta quarta-feira, 13, trabalhadores do campo e da cidade iniciaram um jejum p\u00fablico em apoio e solidariedade aos companheiros e companheiras que est\u00e3o h\u00e1 8 dias sem receber alimento, na greve de fome de Bras\u00edlia, contra a reforma.<\/p>\n","protected":false},"featured_media":585,"template":"","categorias_noticias":[13],"class_list":["post-583","noticias","type-noticias","status-publish","has-post-thumbnail","hentry","categorias_noticias-noticias"],"acf":[],"yoast_head":"<!-- This site is optimized with the Yoast SEO plugin v27.2 - https:\/\/yoast.com\/product\/yoast-seo-wordpress\/ -->\n<title>Jejum p\u00fablico come\u00e7a em frente a Assembleia Legislativa em Porto Alegre (RS) - Instituto Cultural Padre Josimo<\/title>\n<meta name=\"robots\" content=\"index, follow, max-snippet:-1, max-image-preview:large, max-video-preview:-1\" \/>\n<link rel=\"canonical\" href=\"https:\/\/padrejosimo.com.br\/site\/noticias\/jejum-publico-comeca-em-frente-a-assembleia-legislativa-em-porto-alegre-rs\/\" \/>\n<meta property=\"og:locale\" content=\"pt_BR\" \/>\n<meta property=\"og:type\" content=\"article\" \/>\n<meta property=\"og:title\" content=\"Jejum p\u00fablico come\u00e7a em frente a Assembleia Legislativa em Porto Alegre (RS) - Instituto Cultural Padre Josimo\" \/>\n<meta property=\"og:description\" content=\"Se nos quatro cantos do Brasil est\u00e3o sendo refor\u00e7adas as a\u00e7\u00f5es de press\u00e3o contra o governo federal e sua base de apoio para que desistam da Reforma da Previd\u00eancia, n\u00e3o seria diferente na capital dos ga\u00fachos, a Porto Alegre de tantas lutas e vit\u00f3rias da classe popular. Desde a manh\u00e3 desta quarta-feira, 13, trabalhadores do campo e da cidade iniciaram um jejum p\u00fablico em apoio e solidariedade aos companheiros e companheiras que est\u00e3o h\u00e1 8 dias sem receber alimento, na greve de fome de Bras\u00edlia, contra a reforma.\" \/>\n<meta property=\"og:url\" content=\"https:\/\/padrejosimo.com.br\/site\/noticias\/jejum-publico-comeca-em-frente-a-assembleia-legislativa-em-porto-alegre-rs\/\" \/>\n<meta property=\"og:site_name\" content=\"Instituto Cultural Padre Josimo\" \/>\n<meta property=\"article:modified_time\" content=\"2017-12-13T19:00:46+00:00\" \/>\n<meta property=\"og:image\" content=\"https:\/\/padrejosimo.com.br\/site\/wp-content\/uploads\/2017\/12\/greve_fome_alexandre_garcia-113-1.jpg\" \/>\n\t<meta property=\"og:image:width\" content=\"900\" \/>\n\t<meta property=\"og:image:height\" content=\"600\" \/>\n\t<meta property=\"og:image:type\" content=\"image\/jpeg\" \/>\n<meta name=\"twitter:card\" content=\"summary_large_image\" \/>\n<meta name=\"twitter:label1\" content=\"Est. tempo de leitura\" \/>\n\t<meta name=\"twitter:data1\" content=\"6 minutos\" \/>\n<script type=\"application\/ld+json\" class=\"yoast-schema-graph\">{\"@context\":\"https:\/\/schema.org\",\"@graph\":[{\"@type\":\"WebPage\",\"@id\":\"https:\/\/padrejosimo.com.br\/site\/noticias\/jejum-publico-comeca-em-frente-a-assembleia-legislativa-em-porto-alegre-rs\/\",\"url\":\"https:\/\/padrejosimo.com.br\/site\/noticias\/jejum-publico-comeca-em-frente-a-assembleia-legislativa-em-porto-alegre-rs\/\",\"name\":\"Jejum p\u00fablico come\u00e7a em frente a Assembleia Legislativa em Porto Alegre (RS) - Instituto Cultural Padre Josimo\",\"isPartOf\":{\"@id\":\"https:\/\/padrejosimo.com.br\/site\/#website\"},\"primaryImageOfPage\":{\"@id\":\"https:\/\/padrejosimo.com.br\/site\/noticias\/jejum-publico-comeca-em-frente-a-assembleia-legislativa-em-porto-alegre-rs\/#primaryimage\"},\"image\":{\"@id\":\"https:\/\/padrejosimo.com.br\/site\/noticias\/jejum-publico-comeca-em-frente-a-assembleia-legislativa-em-porto-alegre-rs\/#primaryimage\"},\"thumbnailUrl\":\"https:\/\/padrejosimo.com.br\/site\/wp-content\/uploads\/2017\/12\/greve_fome_alexandre_garcia-113-1.jpg\",\"datePublished\":\"2017-12-13T17:44:58+00:00\",\"dateModified\":\"2017-12-13T19:00:46+00:00\",\"breadcrumb\":{\"@id\":\"https:\/\/padrejosimo.com.br\/site\/noticias\/jejum-publico-comeca-em-frente-a-assembleia-legislativa-em-porto-alegre-rs\/#breadcrumb\"},\"inLanguage\":\"pt-BR\",\"potentialAction\":[{\"@type\":\"ReadAction\",\"target\":[\"https:\/\/padrejosimo.com.br\/site\/noticias\/jejum-publico-comeca-em-frente-a-assembleia-legislativa-em-porto-alegre-rs\/\"]}]},{\"@type\":\"ImageObject\",\"inLanguage\":\"pt-BR\",\"@id\":\"https:\/\/padrejosimo.com.br\/site\/noticias\/jejum-publico-comeca-em-frente-a-assembleia-legislativa-em-porto-alegre-rs\/#primaryimage\",\"url\":\"https:\/\/padrejosimo.com.br\/site\/wp-content\/uploads\/2017\/12\/greve_fome_alexandre_garcia-113-1.jpg\",\"contentUrl\":\"https:\/\/padrejosimo.com.br\/site\/wp-content\/uploads\/2017\/12\/greve_fome_alexandre_garcia-113-1.jpg\",\"width\":900,\"height\":600},{\"@type\":\"BreadcrumbList\",\"@id\":\"https:\/\/padrejosimo.com.br\/site\/noticias\/jejum-publico-comeca-em-frente-a-assembleia-legislativa-em-porto-alegre-rs\/#breadcrumb\",\"itemListElement\":[{\"@type\":\"ListItem\",\"position\":1,\"name\":\"In\u00edcio\",\"item\":\"https:\/\/padrejosimo.com.br\/site\/\"},{\"@type\":\"ListItem\",\"position\":2,\"name\":\"Not\u00edcias\",\"item\":\"https:\/\/padrejosimo.com.br\/site\/noticias\/\"},{\"@type\":\"ListItem\",\"position\":3,\"name\":\"Jejum p\u00fablico come\u00e7a em frente a Assembleia Legislativa em Porto Alegre (RS)\"}]},{\"@type\":\"WebSite\",\"@id\":\"https:\/\/padrejosimo.com.br\/site\/#website\",\"url\":\"https:\/\/padrejosimo.com.br\/site\/\",\"name\":\"Instituto Cultural Padre Josimo\",\"description\":\"Comprometida com a promo\u00e7\u00e3o da justi\u00e7a social, agroecologia e educa\u00e7\u00e3o popular\",\"publisher\":{\"@id\":\"https:\/\/padrejosimo.com.br\/site\/#organization\"},\"alternateName\":\"ICPJ\",\"potentialAction\":[{\"@type\":\"SearchAction\",\"target\":{\"@type\":\"EntryPoint\",\"urlTemplate\":\"https:\/\/padrejosimo.com.br\/site\/?s={search_term_string}\"},\"query-input\":{\"@type\":\"PropertyValueSpecification\",\"valueRequired\":true,\"valueName\":\"search_term_string\"}}],\"inLanguage\":\"pt-BR\"},{\"@type\":\"Organization\",\"@id\":\"https:\/\/padrejosimo.com.br\/site\/#organization\",\"name\":\"Instituto Cultural Padre Josimo\",\"alternateName\":\"ICPJ\",\"url\":\"https:\/\/padrejosimo.com.br\/site\/\",\"logo\":{\"@type\":\"ImageObject\",\"inLanguage\":\"pt-BR\",\"@id\":\"https:\/\/padrejosimo.com.br\/site\/#\/schema\/logo\/image\/\",\"url\":\"https:\/\/padrejosimo.com.br\/site\/wp-content\/uploads\/2025\/09\/cropped-icon-icpj.png\",\"contentUrl\":\"https:\/\/padrejosimo.com.br\/site\/wp-content\/uploads\/2025\/09\/cropped-icon-icpj.png\",\"width\":512,\"height\":512,\"caption\":\"Instituto Cultural Padre Josimo\"},\"image\":{\"@id\":\"https:\/\/padrejosimo.com.br\/site\/#\/schema\/logo\/image\/\"}}]}<\/script>\n<!-- \/ Yoast SEO plugin. -->","yoast_head_json":{"title":"Jejum p\u00fablico come\u00e7a em frente a Assembleia Legislativa em Porto Alegre (RS) - Instituto Cultural Padre Josimo","robots":{"index":"index","follow":"follow","max-snippet":"max-snippet:-1","max-image-preview":"max-image-preview:large","max-video-preview":"max-video-preview:-1"},"canonical":"https:\/\/padrejosimo.com.br\/site\/noticias\/jejum-publico-comeca-em-frente-a-assembleia-legislativa-em-porto-alegre-rs\/","og_locale":"pt_BR","og_type":"article","og_title":"Jejum p\u00fablico come\u00e7a em frente a Assembleia Legislativa em Porto Alegre (RS) - Instituto Cultural Padre Josimo","og_description":"Se nos quatro cantos do Brasil est\u00e3o sendo refor\u00e7adas as a\u00e7\u00f5es de press\u00e3o contra o governo federal e sua base de apoio para que desistam da Reforma da Previd\u00eancia, n\u00e3o seria diferente na capital dos ga\u00fachos, a Porto Alegre de tantas lutas e vit\u00f3rias da classe popular. Desde a manh\u00e3 desta quarta-feira, 13, trabalhadores do campo e da cidade iniciaram um jejum p\u00fablico em apoio e solidariedade aos companheiros e companheiras que est\u00e3o h\u00e1 8 dias sem receber alimento, na greve de fome de Bras\u00edlia, contra a reforma.","og_url":"https:\/\/padrejosimo.com.br\/site\/noticias\/jejum-publico-comeca-em-frente-a-assembleia-legislativa-em-porto-alegre-rs\/","og_site_name":"Instituto Cultural Padre Josimo","article_modified_time":"2017-12-13T19:00:46+00:00","og_image":[{"width":900,"height":600,"url":"https:\/\/padrejosimo.com.br\/site\/wp-content\/uploads\/2017\/12\/greve_fome_alexandre_garcia-113-1.jpg","type":"image\/jpeg"}],"twitter_card":"summary_large_image","twitter_misc":{"Est. tempo de leitura":"6 minutos"},"schema":{"@context":"https:\/\/schema.org","@graph":[{"@type":"WebPage","@id":"https:\/\/padrejosimo.com.br\/site\/noticias\/jejum-publico-comeca-em-frente-a-assembleia-legislativa-em-porto-alegre-rs\/","url":"https:\/\/padrejosimo.com.br\/site\/noticias\/jejum-publico-comeca-em-frente-a-assembleia-legislativa-em-porto-alegre-rs\/","name":"Jejum p\u00fablico come\u00e7a em frente a Assembleia Legislativa em Porto Alegre (RS) - Instituto Cultural Padre Josimo","isPartOf":{"@id":"https:\/\/padrejosimo.com.br\/site\/#website"},"primaryImageOfPage":{"@id":"https:\/\/padrejosimo.com.br\/site\/noticias\/jejum-publico-comeca-em-frente-a-assembleia-legislativa-em-porto-alegre-rs\/#primaryimage"},"image":{"@id":"https:\/\/padrejosimo.com.br\/site\/noticias\/jejum-publico-comeca-em-frente-a-assembleia-legislativa-em-porto-alegre-rs\/#primaryimage"},"thumbnailUrl":"https:\/\/padrejosimo.com.br\/site\/wp-content\/uploads\/2017\/12\/greve_fome_alexandre_garcia-113-1.jpg","datePublished":"2017-12-13T17:44:58+00:00","dateModified":"2017-12-13T19:00:46+00:00","breadcrumb":{"@id":"https:\/\/padrejosimo.com.br\/site\/noticias\/jejum-publico-comeca-em-frente-a-assembleia-legislativa-em-porto-alegre-rs\/#breadcrumb"},"inLanguage":"pt-BR","potentialAction":[{"@type":"ReadAction","target":["https:\/\/padrejosimo.com.br\/site\/noticias\/jejum-publico-comeca-em-frente-a-assembleia-legislativa-em-porto-alegre-rs\/"]}]},{"@type":"ImageObject","inLanguage":"pt-BR","@id":"https:\/\/padrejosimo.com.br\/site\/noticias\/jejum-publico-comeca-em-frente-a-assembleia-legislativa-em-porto-alegre-rs\/#primaryimage","url":"https:\/\/padrejosimo.com.br\/site\/wp-content\/uploads\/2017\/12\/greve_fome_alexandre_garcia-113-1.jpg","contentUrl":"https:\/\/padrejosimo.com.br\/site\/wp-content\/uploads\/2017\/12\/greve_fome_alexandre_garcia-113-1.jpg","width":900,"height":600},{"@type":"BreadcrumbList","@id":"https:\/\/padrejosimo.com.br\/site\/noticias\/jejum-publico-comeca-em-frente-a-assembleia-legislativa-em-porto-alegre-rs\/#breadcrumb","itemListElement":[{"@type":"ListItem","position":1,"name":"In\u00edcio","item":"https:\/\/padrejosimo.com.br\/site\/"},{"@type":"ListItem","position":2,"name":"Not\u00edcias","item":"https:\/\/padrejosimo.com.br\/site\/noticias\/"},{"@type":"ListItem","position":3,"name":"Jejum p\u00fablico come\u00e7a em frente a Assembleia Legislativa em Porto Alegre (RS)"}]},{"@type":"WebSite","@id":"https:\/\/padrejosimo.com.br\/site\/#website","url":"https:\/\/padrejosimo.com.br\/site\/","name":"Instituto Cultural Padre Josimo","description":"Comprometida com a promo\u00e7\u00e3o da justi\u00e7a social, agroecologia e educa\u00e7\u00e3o popular","publisher":{"@id":"https:\/\/padrejosimo.com.br\/site\/#organization"},"alternateName":"ICPJ","potentialAction":[{"@type":"SearchAction","target":{"@type":"EntryPoint","urlTemplate":"https:\/\/padrejosimo.com.br\/site\/?s={search_term_string}"},"query-input":{"@type":"PropertyValueSpecification","valueRequired":true,"valueName":"search_term_string"}}],"inLanguage":"pt-BR"},{"@type":"Organization","@id":"https:\/\/padrejosimo.com.br\/site\/#organization","name":"Instituto Cultural Padre Josimo","alternateName":"ICPJ","url":"https:\/\/padrejosimo.com.br\/site\/","logo":{"@type":"ImageObject","inLanguage":"pt-BR","@id":"https:\/\/padrejosimo.com.br\/site\/#\/schema\/logo\/image\/","url":"https:\/\/padrejosimo.com.br\/site\/wp-content\/uploads\/2025\/09\/cropped-icon-icpj.png","contentUrl":"https:\/\/padrejosimo.com.br\/site\/wp-content\/uploads\/2025\/09\/cropped-icon-icpj.png","width":512,"height":512,"caption":"Instituto Cultural Padre Josimo"},"image":{"@id":"https:\/\/padrejosimo.com.br\/site\/#\/schema\/logo\/image\/"}}]}},"_links":{"self":[{"href":"https:\/\/padrejosimo.com.br\/site\/wp-json\/wp\/v2\/noticias\/583","targetHints":{"allow":["GET"]}}],"collection":[{"href":"https:\/\/padrejosimo.com.br\/site\/wp-json\/wp\/v2\/noticias"}],"about":[{"href":"https:\/\/padrejosimo.com.br\/site\/wp-json\/wp\/v2\/types\/noticias"}],"wp:featuredmedia":[{"embeddable":true,"href":"https:\/\/padrejosimo.com.br\/site\/wp-json\/wp\/v2\/media\/585"}],"wp:attachment":[{"href":"https:\/\/padrejosimo.com.br\/site\/wp-json\/wp\/v2\/media?parent=583"}],"wp:term":[{"taxonomy":"categorias_noticias","embeddable":true,"href":"https:\/\/padrejosimo.com.br\/site\/wp-json\/wp\/v2\/categorias_noticias?post=583"}],"curies":[{"name":"wp","href":"https:\/\/api.w.org\/{rel}","templated":true}]}}