{"id":581,"date":"2017-12-13T13:57:38","date_gmt":"2017-12-13T15:57:38","guid":{"rendered":"http:\/\/padrejosimo.com.br\/site\/?post_type=noticias&#038;p=581"},"modified":"2017-12-13T13:57:38","modified_gmt":"2017-12-13T15:57:38","slug":"9o-dia-de-greve-de-fome-trabalhadores-do-campo-e-da-cidade-aderem-a-greve-em-todo-pais","status":"publish","type":"noticias","link":"https:\/\/padrejosimo.com.br\/site\/noticias\/9o-dia-de-greve-de-fome-trabalhadores-do-campo-e-da-cidade-aderem-a-greve-em-todo-pais\/","title":{"rendered":"9\u00ba Dia de Greve de Fome: trabalhadores do campo e da cidade aderem \u00e0 greve em todo pa\u00eds"},"content":{"rendered":"<p>No nono dia sem se alimentar contra a Reformada Previd\u00eancia na C\u00e2mara dos Deputados trabalhadores e trabalhadoras do campo e da cidade aderem \u00e0 greve de fome em todo pa\u00eds. Hoje, 13\/12, al\u00e9m de Bras\u00edlia, Rio Grande do Sul, Sergipe e Piau\u00ed, j\u00e1 se confirmam greves de fome, Dia de Fome, vig\u00edlias, atos e a\u00e7\u00f5es de den\u00fancia da Reforma da Previd\u00eancia em SC, RS, SE, ES, RO, BA, PI, PE, GO e AL.<\/p>\n<p><img fetchpriority=\"high\" decoding=\"async\" class=\"aligncenter size-full wp-image-582\" src=\"https:\/\/padrejosimo.com.br\/site\/wp-content\/uploads\/2017\/12\/Foto-Adilvane-Spezia-MPA-1-1.jpg\" alt=\"\" width=\"900\" height=\"606\" srcset=\"https:\/\/padrejosimo.com.br\/site\/wp-content\/uploads\/2017\/12\/Foto-Adilvane-Spezia-MPA-1-1.jpg 900w, https:\/\/padrejosimo.com.br\/site\/wp-content\/uploads\/2017\/12\/Foto-Adilvane-Spezia-MPA-1-1-300x202.jpg 300w, https:\/\/padrejosimo.com.br\/site\/wp-content\/uploads\/2017\/12\/Foto-Adilvane-Spezia-MPA-1-1-768x517.jpg 768w\" sizes=\"(max-width: 900px) 100vw, 900px\" \/><\/p>\n<p>Permanecem em Greve de Fome contra a Reforma da Previd\u00eancia em Bras\u00edlia, Josi Costa, Leila Denise, Frei Sergio G\u00f6rgen, Simoneide de Jesus, Rosangela Piovizani e Rosa Jobi. No Piau\u00ed, Liria Maria e Leonardo Machado militante do MPA, est\u00e3o em Greve de Fome no aeroporto da capital, Teresina. No Sergipe, 4 companheiros fazem greve de fome na C\u00e2mara Legislativa, Samuel Carlos, Elielma Barros, Jos\u00e9 Valter Vitor e Eliana Sales. No Rio Grande do Sul, al\u00e9m dos 4 companheiros que iniciaram greve de fome nesta segunda-feira, 11, Lucas Pinheiro, Rosane do Amaral e Marlei Sell do MPA e Celis Madri do Sindicato dos Municip\u00e1rios de Cangu\u00e7u (SIMCA) somam-se em Porto Alegre mais 12 companheiros de luta. Em Santa Catarina os grevistas, Gilberto Schneider MPA, Lucimar Roman e Justina Cima (MMC), Thiago Leucz Levante Popular da Juventude e Ant\u00f4nia Sandra Vieira Quilombolas fazem dia de fome na Assembleia Legislativa.<\/p>\n<p>Na tarde dessa ter\u00e7a-feira, os grevistas em Bras\u00edlia receberam a visita do Cardeal Dom Sergio da Rocha, presidente da Confer\u00eancia Nacional dos Bispos do Brasil (CNBB) na C\u00e2mara dos Deputados. \u201cQueremos nesse momento reafirmar a necessidade de preservar o direito da popula\u00e7\u00e3o dos mais diversos campos, em especial os mais pobres, dos mais sofredores e daqueles mais indefesos\u201d, explica o Cardeal.<\/p>\n<p>No final do dia o presidente da C\u00e2mara dos Deputados, Rodrigo Maia (DEM-RJ), visitou os camponeses e camponesas que est\u00e3o em Greve de Fome. Ap\u00f3s ouvir Frei S\u00e9rgio sobre como a Reforma da Previd\u00eancia ir\u00e1 afetar os trabalhadores do campo e da cidade, Maia afirma ser a favor da Reforma da Previd\u00eancia, por\u00e9m n\u00e3o tem decis\u00e3o se \u00e0 colocar\u00e1 em pauta para a vota\u00e7\u00e3o este ano, ou em 2018.<\/p>\n<p>A greve de fome, em Bras\u00edlia, iniciou no dia 5 de dezembro e busca denunciar e barrar a Reforma da Previd\u00eancia que se aprovada ir\u00e1 afetar os trabalhadores do campo e da cidade, em especial as mulheres.<\/p>\n<p>Por Comunica\u00e7\u00e3o MPA<\/p>\n","protected":false},"excerpt":{"rendered":"<p>No nono dia sem se alimentar contra a Reformada Previd\u00eancia na C\u00e2mara dos Deputados trabalhadores e trabalhadoras do campo e da cidade aderem \u00e0 greve de fome em todo pa\u00eds. Hoje, 13\/12, al\u00e9m de Bras\u00edlia, Rio Grande do Sul, Sergipe e Piau\u00ed, j\u00e1 se confirmam greves de fome, Dia de Fome, vig\u00edlias, atos e a\u00e7\u00f5es de den\u00fancia da Reforma da Previd\u00eancia em SC, RS, SE, ES, RO, BA, PI, PE, GO e AL.<\/p>\n","protected":false},"featured_media":582,"template":"","categorias_noticias":[13],"class_list":["post-581","noticias","type-noticias","status-publish","has-post-thumbnail","hentry","categorias_noticias-noticias"],"acf":[],"yoast_head":"<!-- This site is optimized with the Yoast SEO plugin v27.2 - https:\/\/yoast.com\/product\/yoast-seo-wordpress\/ -->\n<title>9\u00ba Dia de Greve de Fome: trabalhadores do campo e da cidade aderem \u00e0 greve em todo pa\u00eds - Instituto Cultural Padre Josimo<\/title>\n<meta name=\"robots\" content=\"index, follow, max-snippet:-1, max-image-preview:large, max-video-preview:-1\" \/>\n<link rel=\"canonical\" href=\"https:\/\/padrejosimo.com.br\/site\/noticias\/9o-dia-de-greve-de-fome-trabalhadores-do-campo-e-da-cidade-aderem-a-greve-em-todo-pais\/\" \/>\n<meta property=\"og:locale\" content=\"pt_BR\" \/>\n<meta property=\"og:type\" content=\"article\" \/>\n<meta property=\"og:title\" content=\"9\u00ba Dia de Greve de Fome: trabalhadores do campo e da cidade aderem \u00e0 greve em todo pa\u00eds - Instituto Cultural Padre Josimo\" \/>\n<meta property=\"og:description\" content=\"No nono dia sem se alimentar contra a Reformada Previd\u00eancia na C\u00e2mara dos Deputados trabalhadores e trabalhadoras do campo e da cidade aderem \u00e0 greve de fome em todo pa\u00eds. Hoje, 13\/12, al\u00e9m de Bras\u00edlia, Rio Grande do Sul, Sergipe e Piau\u00ed, j\u00e1 se confirmam greves de fome, Dia de Fome, vig\u00edlias, atos e a\u00e7\u00f5es de den\u00fancia da Reforma da Previd\u00eancia em SC, RS, SE, ES, RO, BA, PI, PE, GO e AL.\" \/>\n<meta property=\"og:url\" content=\"https:\/\/padrejosimo.com.br\/site\/noticias\/9o-dia-de-greve-de-fome-trabalhadores-do-campo-e-da-cidade-aderem-a-greve-em-todo-pais\/\" \/>\n<meta property=\"og:site_name\" content=\"Instituto Cultural Padre Josimo\" \/>\n<meta property=\"og:image\" content=\"https:\/\/padrejosimo.com.br\/site\/wp-content\/uploads\/2017\/12\/Foto-Adilvane-Spezia-MPA-1-1.jpg\" \/>\n\t<meta property=\"og:image:width\" content=\"900\" \/>\n\t<meta property=\"og:image:height\" content=\"606\" \/>\n\t<meta property=\"og:image:type\" content=\"image\/jpeg\" \/>\n<meta name=\"twitter:card\" content=\"summary_large_image\" \/>\n<meta name=\"twitter:label1\" content=\"Est. tempo de leitura\" \/>\n\t<meta name=\"twitter:data1\" content=\"2 minutos\" \/>\n<script type=\"application\/ld+json\" class=\"yoast-schema-graph\">{\"@context\":\"https:\/\/schema.org\",\"@graph\":[{\"@type\":\"WebPage\",\"@id\":\"https:\/\/padrejosimo.com.br\/site\/noticias\/9o-dia-de-greve-de-fome-trabalhadores-do-campo-e-da-cidade-aderem-a-greve-em-todo-pais\/\",\"url\":\"https:\/\/padrejosimo.com.br\/site\/noticias\/9o-dia-de-greve-de-fome-trabalhadores-do-campo-e-da-cidade-aderem-a-greve-em-todo-pais\/\",\"name\":\"9\u00ba Dia de Greve de Fome: trabalhadores do campo e da cidade aderem \u00e0 greve em todo pa\u00eds - Instituto Cultural Padre Josimo\",\"isPartOf\":{\"@id\":\"https:\/\/padrejosimo.com.br\/site\/#website\"},\"primaryImageOfPage\":{\"@id\":\"https:\/\/padrejosimo.com.br\/site\/noticias\/9o-dia-de-greve-de-fome-trabalhadores-do-campo-e-da-cidade-aderem-a-greve-em-todo-pais\/#primaryimage\"},\"image\":{\"@id\":\"https:\/\/padrejosimo.com.br\/site\/noticias\/9o-dia-de-greve-de-fome-trabalhadores-do-campo-e-da-cidade-aderem-a-greve-em-todo-pais\/#primaryimage\"},\"thumbnailUrl\":\"https:\/\/padrejosimo.com.br\/site\/wp-content\/uploads\/2017\/12\/Foto-Adilvane-Spezia-MPA-1-1.jpg\",\"datePublished\":\"2017-12-13T15:57:38+00:00\",\"breadcrumb\":{\"@id\":\"https:\/\/padrejosimo.com.br\/site\/noticias\/9o-dia-de-greve-de-fome-trabalhadores-do-campo-e-da-cidade-aderem-a-greve-em-todo-pais\/#breadcrumb\"},\"inLanguage\":\"pt-BR\",\"potentialAction\":[{\"@type\":\"ReadAction\",\"target\":[\"https:\/\/padrejosimo.com.br\/site\/noticias\/9o-dia-de-greve-de-fome-trabalhadores-do-campo-e-da-cidade-aderem-a-greve-em-todo-pais\/\"]}]},{\"@type\":\"ImageObject\",\"inLanguage\":\"pt-BR\",\"@id\":\"https:\/\/padrejosimo.com.br\/site\/noticias\/9o-dia-de-greve-de-fome-trabalhadores-do-campo-e-da-cidade-aderem-a-greve-em-todo-pais\/#primaryimage\",\"url\":\"https:\/\/padrejosimo.com.br\/site\/wp-content\/uploads\/2017\/12\/Foto-Adilvane-Spezia-MPA-1-1.jpg\",\"contentUrl\":\"https:\/\/padrejosimo.com.br\/site\/wp-content\/uploads\/2017\/12\/Foto-Adilvane-Spezia-MPA-1-1.jpg\",\"width\":900,\"height\":606},{\"@type\":\"BreadcrumbList\",\"@id\":\"https:\/\/padrejosimo.com.br\/site\/noticias\/9o-dia-de-greve-de-fome-trabalhadores-do-campo-e-da-cidade-aderem-a-greve-em-todo-pais\/#breadcrumb\",\"itemListElement\":[{\"@type\":\"ListItem\",\"position\":1,\"name\":\"In\u00edcio\",\"item\":\"https:\/\/padrejosimo.com.br\/site\/\"},{\"@type\":\"ListItem\",\"position\":2,\"name\":\"Not\u00edcias\",\"item\":\"https:\/\/padrejosimo.com.br\/site\/noticias\/\"},{\"@type\":\"ListItem\",\"position\":3,\"name\":\"9\u00ba Dia de Greve de Fome: trabalhadores do campo e da cidade aderem \u00e0 greve em todo pa\u00eds\"}]},{\"@type\":\"WebSite\",\"@id\":\"https:\/\/padrejosimo.com.br\/site\/#website\",\"url\":\"https:\/\/padrejosimo.com.br\/site\/\",\"name\":\"Instituto Cultural Padre Josimo\",\"description\":\"Comprometida com a promo\u00e7\u00e3o da justi\u00e7a social, agroecologia e educa\u00e7\u00e3o popular\",\"publisher\":{\"@id\":\"https:\/\/padrejosimo.com.br\/site\/#organization\"},\"alternateName\":\"ICPJ\",\"potentialAction\":[{\"@type\":\"SearchAction\",\"target\":{\"@type\":\"EntryPoint\",\"urlTemplate\":\"https:\/\/padrejosimo.com.br\/site\/?s={search_term_string}\"},\"query-input\":{\"@type\":\"PropertyValueSpecification\",\"valueRequired\":true,\"valueName\":\"search_term_string\"}}],\"inLanguage\":\"pt-BR\"},{\"@type\":\"Organization\",\"@id\":\"https:\/\/padrejosimo.com.br\/site\/#organization\",\"name\":\"Instituto Cultural Padre Josimo\",\"alternateName\":\"ICPJ\",\"url\":\"https:\/\/padrejosimo.com.br\/site\/\",\"logo\":{\"@type\":\"ImageObject\",\"inLanguage\":\"pt-BR\",\"@id\":\"https:\/\/padrejosimo.com.br\/site\/#\/schema\/logo\/image\/\",\"url\":\"https:\/\/padrejosimo.com.br\/site\/wp-content\/uploads\/2025\/09\/cropped-icon-icpj.png\",\"contentUrl\":\"https:\/\/padrejosimo.com.br\/site\/wp-content\/uploads\/2025\/09\/cropped-icon-icpj.png\",\"width\":512,\"height\":512,\"caption\":\"Instituto Cultural Padre Josimo\"},\"image\":{\"@id\":\"https:\/\/padrejosimo.com.br\/site\/#\/schema\/logo\/image\/\"}}]}<\/script>\n<!-- \/ Yoast SEO plugin. -->","yoast_head_json":{"title":"9\u00ba Dia de Greve de Fome: trabalhadores do campo e da cidade aderem \u00e0 greve em todo pa\u00eds - Instituto Cultural Padre Josimo","robots":{"index":"index","follow":"follow","max-snippet":"max-snippet:-1","max-image-preview":"max-image-preview:large","max-video-preview":"max-video-preview:-1"},"canonical":"https:\/\/padrejosimo.com.br\/site\/noticias\/9o-dia-de-greve-de-fome-trabalhadores-do-campo-e-da-cidade-aderem-a-greve-em-todo-pais\/","og_locale":"pt_BR","og_type":"article","og_title":"9\u00ba Dia de Greve de Fome: trabalhadores do campo e da cidade aderem \u00e0 greve em todo pa\u00eds - Instituto Cultural Padre Josimo","og_description":"No nono dia sem se alimentar contra a Reformada Previd\u00eancia na C\u00e2mara dos Deputados trabalhadores e trabalhadoras do campo e da cidade aderem \u00e0 greve de fome em todo pa\u00eds. Hoje, 13\/12, al\u00e9m de Bras\u00edlia, Rio Grande do Sul, Sergipe e Piau\u00ed, j\u00e1 se confirmam greves de fome, Dia de Fome, vig\u00edlias, atos e a\u00e7\u00f5es de den\u00fancia da Reforma da Previd\u00eancia em SC, RS, SE, ES, RO, BA, PI, PE, GO e AL.","og_url":"https:\/\/padrejosimo.com.br\/site\/noticias\/9o-dia-de-greve-de-fome-trabalhadores-do-campo-e-da-cidade-aderem-a-greve-em-todo-pais\/","og_site_name":"Instituto Cultural Padre Josimo","og_image":[{"width":900,"height":606,"url":"https:\/\/padrejosimo.com.br\/site\/wp-content\/uploads\/2017\/12\/Foto-Adilvane-Spezia-MPA-1-1.jpg","type":"image\/jpeg"}],"twitter_card":"summary_large_image","twitter_misc":{"Est. tempo de leitura":"2 minutos"},"schema":{"@context":"https:\/\/schema.org","@graph":[{"@type":"WebPage","@id":"https:\/\/padrejosimo.com.br\/site\/noticias\/9o-dia-de-greve-de-fome-trabalhadores-do-campo-e-da-cidade-aderem-a-greve-em-todo-pais\/","url":"https:\/\/padrejosimo.com.br\/site\/noticias\/9o-dia-de-greve-de-fome-trabalhadores-do-campo-e-da-cidade-aderem-a-greve-em-todo-pais\/","name":"9\u00ba Dia de Greve de Fome: trabalhadores do campo e da cidade aderem \u00e0 greve em todo pa\u00eds - Instituto Cultural Padre Josimo","isPartOf":{"@id":"https:\/\/padrejosimo.com.br\/site\/#website"},"primaryImageOfPage":{"@id":"https:\/\/padrejosimo.com.br\/site\/noticias\/9o-dia-de-greve-de-fome-trabalhadores-do-campo-e-da-cidade-aderem-a-greve-em-todo-pais\/#primaryimage"},"image":{"@id":"https:\/\/padrejosimo.com.br\/site\/noticias\/9o-dia-de-greve-de-fome-trabalhadores-do-campo-e-da-cidade-aderem-a-greve-em-todo-pais\/#primaryimage"},"thumbnailUrl":"https:\/\/padrejosimo.com.br\/site\/wp-content\/uploads\/2017\/12\/Foto-Adilvane-Spezia-MPA-1-1.jpg","datePublished":"2017-12-13T15:57:38+00:00","breadcrumb":{"@id":"https:\/\/padrejosimo.com.br\/site\/noticias\/9o-dia-de-greve-de-fome-trabalhadores-do-campo-e-da-cidade-aderem-a-greve-em-todo-pais\/#breadcrumb"},"inLanguage":"pt-BR","potentialAction":[{"@type":"ReadAction","target":["https:\/\/padrejosimo.com.br\/site\/noticias\/9o-dia-de-greve-de-fome-trabalhadores-do-campo-e-da-cidade-aderem-a-greve-em-todo-pais\/"]}]},{"@type":"ImageObject","inLanguage":"pt-BR","@id":"https:\/\/padrejosimo.com.br\/site\/noticias\/9o-dia-de-greve-de-fome-trabalhadores-do-campo-e-da-cidade-aderem-a-greve-em-todo-pais\/#primaryimage","url":"https:\/\/padrejosimo.com.br\/site\/wp-content\/uploads\/2017\/12\/Foto-Adilvane-Spezia-MPA-1-1.jpg","contentUrl":"https:\/\/padrejosimo.com.br\/site\/wp-content\/uploads\/2017\/12\/Foto-Adilvane-Spezia-MPA-1-1.jpg","width":900,"height":606},{"@type":"BreadcrumbList","@id":"https:\/\/padrejosimo.com.br\/site\/noticias\/9o-dia-de-greve-de-fome-trabalhadores-do-campo-e-da-cidade-aderem-a-greve-em-todo-pais\/#breadcrumb","itemListElement":[{"@type":"ListItem","position":1,"name":"In\u00edcio","item":"https:\/\/padrejosimo.com.br\/site\/"},{"@type":"ListItem","position":2,"name":"Not\u00edcias","item":"https:\/\/padrejosimo.com.br\/site\/noticias\/"},{"@type":"ListItem","position":3,"name":"9\u00ba Dia de Greve de Fome: trabalhadores do campo e da cidade aderem \u00e0 greve em todo pa\u00eds"}]},{"@type":"WebSite","@id":"https:\/\/padrejosimo.com.br\/site\/#website","url":"https:\/\/padrejosimo.com.br\/site\/","name":"Instituto Cultural Padre Josimo","description":"Comprometida com a promo\u00e7\u00e3o da justi\u00e7a social, agroecologia e educa\u00e7\u00e3o popular","publisher":{"@id":"https:\/\/padrejosimo.com.br\/site\/#organization"},"alternateName":"ICPJ","potentialAction":[{"@type":"SearchAction","target":{"@type":"EntryPoint","urlTemplate":"https:\/\/padrejosimo.com.br\/site\/?s={search_term_string}"},"query-input":{"@type":"PropertyValueSpecification","valueRequired":true,"valueName":"search_term_string"}}],"inLanguage":"pt-BR"},{"@type":"Organization","@id":"https:\/\/padrejosimo.com.br\/site\/#organization","name":"Instituto Cultural Padre Josimo","alternateName":"ICPJ","url":"https:\/\/padrejosimo.com.br\/site\/","logo":{"@type":"ImageObject","inLanguage":"pt-BR","@id":"https:\/\/padrejosimo.com.br\/site\/#\/schema\/logo\/image\/","url":"https:\/\/padrejosimo.com.br\/site\/wp-content\/uploads\/2025\/09\/cropped-icon-icpj.png","contentUrl":"https:\/\/padrejosimo.com.br\/site\/wp-content\/uploads\/2025\/09\/cropped-icon-icpj.png","width":512,"height":512,"caption":"Instituto Cultural Padre Josimo"},"image":{"@id":"https:\/\/padrejosimo.com.br\/site\/#\/schema\/logo\/image\/"}}]}},"_links":{"self":[{"href":"https:\/\/padrejosimo.com.br\/site\/wp-json\/wp\/v2\/noticias\/581","targetHints":{"allow":["GET"]}}],"collection":[{"href":"https:\/\/padrejosimo.com.br\/site\/wp-json\/wp\/v2\/noticias"}],"about":[{"href":"https:\/\/padrejosimo.com.br\/site\/wp-json\/wp\/v2\/types\/noticias"}],"wp:featuredmedia":[{"embeddable":true,"href":"https:\/\/padrejosimo.com.br\/site\/wp-json\/wp\/v2\/media\/582"}],"wp:attachment":[{"href":"https:\/\/padrejosimo.com.br\/site\/wp-json\/wp\/v2\/media?parent=581"}],"wp:term":[{"taxonomy":"categorias_noticias","embeddable":true,"href":"https:\/\/padrejosimo.com.br\/site\/wp-json\/wp\/v2\/categorias_noticias?post=581"}],"curies":[{"name":"wp","href":"https:\/\/api.w.org\/{rel}","templated":true}]}}