{"id":577,"date":"2017-12-12T17:02:55","date_gmt":"2017-12-12T19:02:55","guid":{"rendered":"http:\/\/padrejosimo.com.br\/site\/?post_type=noticias&#038;p=577"},"modified":"2017-12-12T17:02:55","modified_gmt":"2017-12-12T19:02:55","slug":"8o-dia-de-greve-de-fome-comecam-aparecer-os-primeiros-sinais-de-debilidade","status":"publish","type":"noticias","link":"https:\/\/padrejosimo.com.br\/site\/noticias\/8o-dia-de-greve-de-fome-comecam-aparecer-os-primeiros-sinais-de-debilidade\/","title":{"rendered":"8\u00ba Dia de Greve de Fome: come\u00e7am aparecer os primeiros sinais de debilidade"},"content":{"rendered":"<p><img fetchpriority=\"high\" decoding=\"async\" class=\"aligncenter size-full wp-image-578\" src=\"https:\/\/padrejosimo.com.br\/site\/wp-content\/uploads\/2017\/12\/greve11.jpg\" alt=\"\" width=\"800\" height=\"533\" srcset=\"https:\/\/padrejosimo.com.br\/site\/wp-content\/uploads\/2017\/12\/greve11.jpg 800w, https:\/\/padrejosimo.com.br\/site\/wp-content\/uploads\/2017\/12\/greve11-300x200.jpg 300w, https:\/\/padrejosimo.com.br\/site\/wp-content\/uploads\/2017\/12\/greve11-768x512.jpg 768w\" sizes=\"(max-width: 800px) 100vw, 800px\" \/><\/p>\n<p>H\u00e1 mais de uma semana camponeses do MPA est\u00e3o em greve de fome contra a Reforma da Previd\u00eancia na capital federal e os primeiros sinais de debilidade come\u00e7am a ser diagnosticado, como dor de cabe\u00e7a e est\u00f4mago, fraqueza e dificuldade de locomo\u00e7\u00e3o.<\/p>\n<p>Ronald Wolff, m\u00e9dico que acompanha os 7 grevistas em Bras\u00edlia, diz estar muito preocupado com o estado de sa\u00fade de alguns grevistas que j\u00e1 se encontram no 8\u00aa dia de greve. \u201cCome\u00e7am a apresentar alguns sintomas j\u00e1 preocupantes\u201d, afirma o doutor. Que ainda questiona, \u201cser\u00e1 que vai ser preciso agravar a sa\u00fade de um Frei, de uma mulher lutadora para que os representantes do povo brasileiro se sensibilizem e comecem a compreender o o que \u00e9 que est\u00e1 em jogo?\u201d.<\/p>\n<p>Ao mesmo tem em que outros locais do pa\u00eds iniciam greves do fome como \u00e9 o caso do Sergipe que tem 4 militantes do MPA em greve de fome na C\u00e2mara Legislativa, Samuel Carlos, Elielma Barros, Jos\u00e9 Valter Vitor e Eliana Sales todos MPA. E, no munic\u00edpio de Cangu\u00e7u &#8211; RS, mais 4 companheiros iniciaram greve de fome nesta segunda-feira, 11, Lucas Pinheiro, Rosane do Amaral e Marlei Sell do MPA e Celis Madri do Sindicato dos Municip\u00e1rios de Cangu\u00e7u (SIMCA).<\/p>\n<p>Para hoje, 12\/12, al\u00e9m de Bras\u00edlia, Cangu\u00e7u, Sergipe e Rond\u00f4nia, j\u00e1 se confirmam greves de fome, Dia de Fome, vig\u00edlias, atos e a\u00e7\u00f5es de den\u00fancia da Reforma da Previd\u00eancia em SC, RS, SE, ES, RO, BA, PI, PE, SE e AL. Todos contra a Reforma da Previd\u00eancia que se aprovada ir\u00e1 for\u00e7ar milh\u00f5es de brasileiros a passarem fome.<\/p>\n<p>A greve de fome iniciou no dia 5 de dezembro anunciada durante audi\u00eancia p\u00fablica que debatia sobre o quanto a Reforma da Previd\u00eancia ir\u00e1 afetar os trabalhadores do campo. Na ocasi\u00e3o tamb\u00e9m foi confirmada a informa\u00e7\u00e3o que os rurais est\u00e3o sim incluso na Reforma da Previd\u00eancia, ao contr\u00e1rio do que o relator da Reforma, Arthur Maia (PPS-BA), havia veiculado na semana anterior h\u00e1 audi\u00eancia.<\/p>\n<p>Durante a Coletiva de Imprensa realizada na tarde dessa segunda-feira, 11\/12, o Movimento dos Pequenos Agricultores (MPA) anuncia que a Greve de Fome n\u00e3o apenas segue, como ser\u00e1 intensificada, at\u00e9 enterrarmos a Reforma da Previd\u00eancia, anuncia Charles Reginatto. Para o Movimento \u00e0 Greve de Fome significa que alguns passar\u00e3o fome por alguns dias para evitar que muitos passem fome uma vida inteira.<\/p>\n<p>Por Comunica\u00e7\u00e3o MPA<\/p>\n<p><img decoding=\"async\" class=\"aligncenter size-full wp-image-579\" src=\"https:\/\/padrejosimo.com.br\/site\/wp-content\/uploads\/2017\/12\/greve12.jpg\" alt=\"\" width=\"800\" height=\"533\" srcset=\"https:\/\/padrejosimo.com.br\/site\/wp-content\/uploads\/2017\/12\/greve12.jpg 800w, https:\/\/padrejosimo.com.br\/site\/wp-content\/uploads\/2017\/12\/greve12-300x200.jpg 300w, https:\/\/padrejosimo.com.br\/site\/wp-content\/uploads\/2017\/12\/greve12-768x512.jpg 768w\" sizes=\"(max-width: 800px) 100vw, 800px\" \/><\/p>\n","protected":false},"excerpt":{"rendered":"<p>H\u00e1 mais de uma semana camponeses do MPA est\u00e3o em greve de fome contra a Reforma da Previd\u00eancia na capital federal e os primeiros sinais de debilidade come\u00e7am a ser diagnosticado, como dor de cabe\u00e7a e est\u00f4mago, fraqueza e dificuldade de locomo\u00e7\u00e3o. Ronald Wolff, m\u00e9dico que acompanha os 7 grevistas em Bras\u00edlia, diz estar muito preocupado com o estado de sa\u00fade de alguns grevistas que j\u00e1 se encontram no 8\u00aa dia de greve. \u201cCome\u00e7am a apresentar alguns sintomas j\u00e1 preocupantes\u201d, afirma o doutor. Que ainda questiona, \u201cser\u00e1 que vai ser preciso agravar a sa\u00fade de um Frei, de uma mulher lutadora para que os representantes do povo brasileiro se sensibilizem e comecem a compreender o o que \u00e9 que est\u00e1 em jogo?\u201d.<\/p>\n","protected":false},"featured_media":579,"template":"","categorias_noticias":[13],"class_list":["post-577","noticias","type-noticias","status-publish","has-post-thumbnail","hentry","categorias_noticias-noticias"],"acf":[],"yoast_head":"<!-- This site is optimized with the Yoast SEO plugin v27.2 - https:\/\/yoast.com\/product\/yoast-seo-wordpress\/ -->\n<title>8\u00ba Dia de Greve de Fome: come\u00e7am aparecer os primeiros sinais de debilidade - Instituto Cultural Padre Josimo<\/title>\n<meta name=\"robots\" content=\"index, follow, max-snippet:-1, max-image-preview:large, max-video-preview:-1\" \/>\n<link rel=\"canonical\" href=\"https:\/\/padrejosimo.com.br\/site\/noticias\/8o-dia-de-greve-de-fome-comecam-aparecer-os-primeiros-sinais-de-debilidade\/\" \/>\n<meta property=\"og:locale\" content=\"pt_BR\" \/>\n<meta property=\"og:type\" content=\"article\" \/>\n<meta property=\"og:title\" content=\"8\u00ba Dia de Greve de Fome: come\u00e7am aparecer os primeiros sinais de debilidade - Instituto Cultural Padre Josimo\" \/>\n<meta property=\"og:description\" content=\"H\u00e1 mais de uma semana camponeses do MPA est\u00e3o em greve de fome contra a Reforma da Previd\u00eancia na capital federal e os primeiros sinais de debilidade come\u00e7am a ser diagnosticado, como dor de cabe\u00e7a e est\u00f4mago, fraqueza e dificuldade de locomo\u00e7\u00e3o. Ronald Wolff, m\u00e9dico que acompanha os 7 grevistas em Bras\u00edlia, diz estar muito preocupado com o estado de sa\u00fade de alguns grevistas que j\u00e1 se encontram no 8\u00aa dia de greve. \u201cCome\u00e7am a apresentar alguns sintomas j\u00e1 preocupantes\u201d, afirma o doutor. Que ainda questiona, \u201cser\u00e1 que vai ser preciso agravar a sa\u00fade de um Frei, de uma mulher lutadora para que os representantes do povo brasileiro se sensibilizem e comecem a compreender o o que \u00e9 que est\u00e1 em jogo?\u201d.\" \/>\n<meta property=\"og:url\" content=\"https:\/\/padrejosimo.com.br\/site\/noticias\/8o-dia-de-greve-de-fome-comecam-aparecer-os-primeiros-sinais-de-debilidade\/\" \/>\n<meta property=\"og:site_name\" content=\"Instituto Cultural Padre Josimo\" \/>\n<meta property=\"og:image\" content=\"https:\/\/padrejosimo.com.br\/site\/wp-content\/uploads\/2017\/12\/greve12.jpg\" \/>\n\t<meta property=\"og:image:width\" content=\"800\" \/>\n\t<meta property=\"og:image:height\" content=\"533\" \/>\n\t<meta property=\"og:image:type\" content=\"image\/jpeg\" \/>\n<meta name=\"twitter:card\" content=\"summary_large_image\" \/>\n<meta name=\"twitter:label1\" content=\"Est. tempo de leitura\" \/>\n\t<meta name=\"twitter:data1\" content=\"2 minutos\" \/>\n<script type=\"application\/ld+json\" class=\"yoast-schema-graph\">{\"@context\":\"https:\/\/schema.org\",\"@graph\":[{\"@type\":\"WebPage\",\"@id\":\"https:\/\/padrejosimo.com.br\/site\/noticias\/8o-dia-de-greve-de-fome-comecam-aparecer-os-primeiros-sinais-de-debilidade\/\",\"url\":\"https:\/\/padrejosimo.com.br\/site\/noticias\/8o-dia-de-greve-de-fome-comecam-aparecer-os-primeiros-sinais-de-debilidade\/\",\"name\":\"8\u00ba Dia de Greve de Fome: come\u00e7am aparecer os primeiros sinais de debilidade - Instituto Cultural Padre Josimo\",\"isPartOf\":{\"@id\":\"https:\/\/padrejosimo.com.br\/site\/#website\"},\"primaryImageOfPage\":{\"@id\":\"https:\/\/padrejosimo.com.br\/site\/noticias\/8o-dia-de-greve-de-fome-comecam-aparecer-os-primeiros-sinais-de-debilidade\/#primaryimage\"},\"image\":{\"@id\":\"https:\/\/padrejosimo.com.br\/site\/noticias\/8o-dia-de-greve-de-fome-comecam-aparecer-os-primeiros-sinais-de-debilidade\/#primaryimage\"},\"thumbnailUrl\":\"https:\/\/padrejosimo.com.br\/site\/wp-content\/uploads\/2017\/12\/greve12.jpg\",\"datePublished\":\"2017-12-12T19:02:55+00:00\",\"breadcrumb\":{\"@id\":\"https:\/\/padrejosimo.com.br\/site\/noticias\/8o-dia-de-greve-de-fome-comecam-aparecer-os-primeiros-sinais-de-debilidade\/#breadcrumb\"},\"inLanguage\":\"pt-BR\",\"potentialAction\":[{\"@type\":\"ReadAction\",\"target\":[\"https:\/\/padrejosimo.com.br\/site\/noticias\/8o-dia-de-greve-de-fome-comecam-aparecer-os-primeiros-sinais-de-debilidade\/\"]}]},{\"@type\":\"ImageObject\",\"inLanguage\":\"pt-BR\",\"@id\":\"https:\/\/padrejosimo.com.br\/site\/noticias\/8o-dia-de-greve-de-fome-comecam-aparecer-os-primeiros-sinais-de-debilidade\/#primaryimage\",\"url\":\"https:\/\/padrejosimo.com.br\/site\/wp-content\/uploads\/2017\/12\/greve12.jpg\",\"contentUrl\":\"https:\/\/padrejosimo.com.br\/site\/wp-content\/uploads\/2017\/12\/greve12.jpg\",\"width\":800,\"height\":533},{\"@type\":\"BreadcrumbList\",\"@id\":\"https:\/\/padrejosimo.com.br\/site\/noticias\/8o-dia-de-greve-de-fome-comecam-aparecer-os-primeiros-sinais-de-debilidade\/#breadcrumb\",\"itemListElement\":[{\"@type\":\"ListItem\",\"position\":1,\"name\":\"In\u00edcio\",\"item\":\"https:\/\/padrejosimo.com.br\/site\/\"},{\"@type\":\"ListItem\",\"position\":2,\"name\":\"Not\u00edcias\",\"item\":\"https:\/\/padrejosimo.com.br\/site\/noticias\/\"},{\"@type\":\"ListItem\",\"position\":3,\"name\":\"8\u00ba Dia de Greve de Fome: come\u00e7am aparecer os primeiros sinais de debilidade\"}]},{\"@type\":\"WebSite\",\"@id\":\"https:\/\/padrejosimo.com.br\/site\/#website\",\"url\":\"https:\/\/padrejosimo.com.br\/site\/\",\"name\":\"Instituto Cultural Padre Josimo\",\"description\":\"Comprometida com a promo\u00e7\u00e3o da justi\u00e7a social, agroecologia e educa\u00e7\u00e3o popular\",\"publisher\":{\"@id\":\"https:\/\/padrejosimo.com.br\/site\/#organization\"},\"alternateName\":\"ICPJ\",\"potentialAction\":[{\"@type\":\"SearchAction\",\"target\":{\"@type\":\"EntryPoint\",\"urlTemplate\":\"https:\/\/padrejosimo.com.br\/site\/?s={search_term_string}\"},\"query-input\":{\"@type\":\"PropertyValueSpecification\",\"valueRequired\":true,\"valueName\":\"search_term_string\"}}],\"inLanguage\":\"pt-BR\"},{\"@type\":\"Organization\",\"@id\":\"https:\/\/padrejosimo.com.br\/site\/#organization\",\"name\":\"Instituto Cultural Padre Josimo\",\"alternateName\":\"ICPJ\",\"url\":\"https:\/\/padrejosimo.com.br\/site\/\",\"logo\":{\"@type\":\"ImageObject\",\"inLanguage\":\"pt-BR\",\"@id\":\"https:\/\/padrejosimo.com.br\/site\/#\/schema\/logo\/image\/\",\"url\":\"https:\/\/padrejosimo.com.br\/site\/wp-content\/uploads\/2025\/09\/cropped-icon-icpj.png\",\"contentUrl\":\"https:\/\/padrejosimo.com.br\/site\/wp-content\/uploads\/2025\/09\/cropped-icon-icpj.png\",\"width\":512,\"height\":512,\"caption\":\"Instituto Cultural Padre Josimo\"},\"image\":{\"@id\":\"https:\/\/padrejosimo.com.br\/site\/#\/schema\/logo\/image\/\"}}]}<\/script>\n<!-- \/ Yoast SEO plugin. -->","yoast_head_json":{"title":"8\u00ba Dia de Greve de Fome: come\u00e7am aparecer os primeiros sinais de debilidade - Instituto Cultural Padre Josimo","robots":{"index":"index","follow":"follow","max-snippet":"max-snippet:-1","max-image-preview":"max-image-preview:large","max-video-preview":"max-video-preview:-1"},"canonical":"https:\/\/padrejosimo.com.br\/site\/noticias\/8o-dia-de-greve-de-fome-comecam-aparecer-os-primeiros-sinais-de-debilidade\/","og_locale":"pt_BR","og_type":"article","og_title":"8\u00ba Dia de Greve de Fome: come\u00e7am aparecer os primeiros sinais de debilidade - Instituto Cultural Padre Josimo","og_description":"H\u00e1 mais de uma semana camponeses do MPA est\u00e3o em greve de fome contra a Reforma da Previd\u00eancia na capital federal e os primeiros sinais de debilidade come\u00e7am a ser diagnosticado, como dor de cabe\u00e7a e est\u00f4mago, fraqueza e dificuldade de locomo\u00e7\u00e3o. Ronald Wolff, m\u00e9dico que acompanha os 7 grevistas em Bras\u00edlia, diz estar muito preocupado com o estado de sa\u00fade de alguns grevistas que j\u00e1 se encontram no 8\u00aa dia de greve. \u201cCome\u00e7am a apresentar alguns sintomas j\u00e1 preocupantes\u201d, afirma o doutor. Que ainda questiona, \u201cser\u00e1 que vai ser preciso agravar a sa\u00fade de um Frei, de uma mulher lutadora para que os representantes do povo brasileiro se sensibilizem e comecem a compreender o o que \u00e9 que est\u00e1 em jogo?\u201d.","og_url":"https:\/\/padrejosimo.com.br\/site\/noticias\/8o-dia-de-greve-de-fome-comecam-aparecer-os-primeiros-sinais-de-debilidade\/","og_site_name":"Instituto Cultural Padre Josimo","og_image":[{"width":800,"height":533,"url":"https:\/\/padrejosimo.com.br\/site\/wp-content\/uploads\/2017\/12\/greve12.jpg","type":"image\/jpeg"}],"twitter_card":"summary_large_image","twitter_misc":{"Est. tempo de leitura":"2 minutos"},"schema":{"@context":"https:\/\/schema.org","@graph":[{"@type":"WebPage","@id":"https:\/\/padrejosimo.com.br\/site\/noticias\/8o-dia-de-greve-de-fome-comecam-aparecer-os-primeiros-sinais-de-debilidade\/","url":"https:\/\/padrejosimo.com.br\/site\/noticias\/8o-dia-de-greve-de-fome-comecam-aparecer-os-primeiros-sinais-de-debilidade\/","name":"8\u00ba Dia de Greve de Fome: come\u00e7am aparecer os primeiros sinais de debilidade - Instituto Cultural Padre Josimo","isPartOf":{"@id":"https:\/\/padrejosimo.com.br\/site\/#website"},"primaryImageOfPage":{"@id":"https:\/\/padrejosimo.com.br\/site\/noticias\/8o-dia-de-greve-de-fome-comecam-aparecer-os-primeiros-sinais-de-debilidade\/#primaryimage"},"image":{"@id":"https:\/\/padrejosimo.com.br\/site\/noticias\/8o-dia-de-greve-de-fome-comecam-aparecer-os-primeiros-sinais-de-debilidade\/#primaryimage"},"thumbnailUrl":"https:\/\/padrejosimo.com.br\/site\/wp-content\/uploads\/2017\/12\/greve12.jpg","datePublished":"2017-12-12T19:02:55+00:00","breadcrumb":{"@id":"https:\/\/padrejosimo.com.br\/site\/noticias\/8o-dia-de-greve-de-fome-comecam-aparecer-os-primeiros-sinais-de-debilidade\/#breadcrumb"},"inLanguage":"pt-BR","potentialAction":[{"@type":"ReadAction","target":["https:\/\/padrejosimo.com.br\/site\/noticias\/8o-dia-de-greve-de-fome-comecam-aparecer-os-primeiros-sinais-de-debilidade\/"]}]},{"@type":"ImageObject","inLanguage":"pt-BR","@id":"https:\/\/padrejosimo.com.br\/site\/noticias\/8o-dia-de-greve-de-fome-comecam-aparecer-os-primeiros-sinais-de-debilidade\/#primaryimage","url":"https:\/\/padrejosimo.com.br\/site\/wp-content\/uploads\/2017\/12\/greve12.jpg","contentUrl":"https:\/\/padrejosimo.com.br\/site\/wp-content\/uploads\/2017\/12\/greve12.jpg","width":800,"height":533},{"@type":"BreadcrumbList","@id":"https:\/\/padrejosimo.com.br\/site\/noticias\/8o-dia-de-greve-de-fome-comecam-aparecer-os-primeiros-sinais-de-debilidade\/#breadcrumb","itemListElement":[{"@type":"ListItem","position":1,"name":"In\u00edcio","item":"https:\/\/padrejosimo.com.br\/site\/"},{"@type":"ListItem","position":2,"name":"Not\u00edcias","item":"https:\/\/padrejosimo.com.br\/site\/noticias\/"},{"@type":"ListItem","position":3,"name":"8\u00ba Dia de Greve de Fome: come\u00e7am aparecer os primeiros sinais de debilidade"}]},{"@type":"WebSite","@id":"https:\/\/padrejosimo.com.br\/site\/#website","url":"https:\/\/padrejosimo.com.br\/site\/","name":"Instituto Cultural Padre Josimo","description":"Comprometida com a promo\u00e7\u00e3o da justi\u00e7a social, agroecologia e educa\u00e7\u00e3o popular","publisher":{"@id":"https:\/\/padrejosimo.com.br\/site\/#organization"},"alternateName":"ICPJ","potentialAction":[{"@type":"SearchAction","target":{"@type":"EntryPoint","urlTemplate":"https:\/\/padrejosimo.com.br\/site\/?s={search_term_string}"},"query-input":{"@type":"PropertyValueSpecification","valueRequired":true,"valueName":"search_term_string"}}],"inLanguage":"pt-BR"},{"@type":"Organization","@id":"https:\/\/padrejosimo.com.br\/site\/#organization","name":"Instituto Cultural Padre Josimo","alternateName":"ICPJ","url":"https:\/\/padrejosimo.com.br\/site\/","logo":{"@type":"ImageObject","inLanguage":"pt-BR","@id":"https:\/\/padrejosimo.com.br\/site\/#\/schema\/logo\/image\/","url":"https:\/\/padrejosimo.com.br\/site\/wp-content\/uploads\/2025\/09\/cropped-icon-icpj.png","contentUrl":"https:\/\/padrejosimo.com.br\/site\/wp-content\/uploads\/2025\/09\/cropped-icon-icpj.png","width":512,"height":512,"caption":"Instituto Cultural Padre Josimo"},"image":{"@id":"https:\/\/padrejosimo.com.br\/site\/#\/schema\/logo\/image\/"}}]}},"_links":{"self":[{"href":"https:\/\/padrejosimo.com.br\/site\/wp-json\/wp\/v2\/noticias\/577","targetHints":{"allow":["GET"]}}],"collection":[{"href":"https:\/\/padrejosimo.com.br\/site\/wp-json\/wp\/v2\/noticias"}],"about":[{"href":"https:\/\/padrejosimo.com.br\/site\/wp-json\/wp\/v2\/types\/noticias"}],"wp:featuredmedia":[{"embeddable":true,"href":"https:\/\/padrejosimo.com.br\/site\/wp-json\/wp\/v2\/media\/579"}],"wp:attachment":[{"href":"https:\/\/padrejosimo.com.br\/site\/wp-json\/wp\/v2\/media?parent=577"}],"wp:term":[{"taxonomy":"categorias_noticias","embeddable":true,"href":"https:\/\/padrejosimo.com.br\/site\/wp-json\/wp\/v2\/categorias_noticias?post=577"}],"curies":[{"name":"wp","href":"https:\/\/api.w.org\/{rel}","templated":true}]}}