{"id":574,"date":"2017-12-12T16:30:53","date_gmt":"2017-12-12T18:30:53","guid":{"rendered":"http:\/\/padrejosimo.com.br\/site\/?post_type=noticias&#038;p=574"},"modified":"2017-12-12T16:42:59","modified_gmt":"2017-12-12T18:42:59","slug":"nota-apoio-da-familia-franciscana-do-brasil-a-greve-de-fome-contra-a-reforma-da-previdencia","status":"publish","type":"noticias","link":"https:\/\/padrejosimo.com.br\/site\/noticias\/nota-apoio-da-familia-franciscana-do-brasil-a-greve-de-fome-contra-a-reforma-da-previdencia\/","title":{"rendered":"Nota: Apoio da Fam\u00edlia Franciscana do Brasil \u00e0 greve de fome contra a Reforma da Previd\u00eancia"},"content":{"rendered":"<p>A Conferencia da Fam\u00edlia Franciscana e o Servi\u00e7o Interfranciscano de Justi\u00e7a, Paz e Ecologia se solidarizam com a greve de fome, agricultores(as) e trabalhadores(as) urbanos est\u00e3o tendo seus direitos sociais destru\u00eddos. A Greve de Fome completa seu oitavo dia na C\u00e2mara dos Deputados em Bras\u00edlia como forma de rep\u00fadio a Reforma da Previd\u00eancia que \u00e9 um ataque aos trabalhadores do campo e da cidade, e que poder\u00e1 ser votada a qualquer momento. Leia a integra da nota.<\/p>\n<p><img decoding=\"async\" class=\"size-full wp-image-575 aligncenter\" src=\"https:\/\/padrejosimo.com.br\/site\/wp-content\/uploads\/2017\/12\/logocfb.png\" alt=\"\" width=\"200\" height=\"178\" \/><\/p>\n<p><strong><em>Confer\u00eancia da Fam\u00edlia Franciscana do Brasil &#8211; CFFB<\/em><\/strong><\/p>\n<p><em>Bras\u00edlia, 12 de dezembro de 2017<\/em><br \/>\n <em> Festa de Nossa Senhora de Guadalupe, Padroeira da Am\u00e9rica Latina<\/em><\/p>\n<p><em>Irm\u00e3os e Irm\u00e3s,<\/em><\/p>\n<p><em>O Senhor lhe d\u00ea a paz! A CFFB \u2013 Confer\u00eancia da Fam\u00edlia Franciscana do Brasil e o SINFRAJUPE \u2013 Servi\u00e7o Interfranciscano de Justi\u00e7a, Paz e Ecologia se solidarizam com, Josi Costa, Leila Denise, Simoneide de Jesus, o nosso confrade franciscano Frei S\u00e9rgio G\u00f6rgen do MPA \u2013 Movimento dos Pequenos Agricultores, com Fabio Tinga do MTD &#8211; Movimento dos Trabalhadores por Direito, com Rosangela Piovizani e Rosa Jobi do MMC \u2013 Movimento de Mulheres Camponesas que desde o dia 5 de dezembro realizam uma greve de fome em rep\u00fadio \u00e0 reforma da previd\u00eancia que o governo ileg\u00edtimo de Michel Temer est\u00e1 querendo votar.<\/em><\/p>\n<p><em>Entendemos que esta reforma \u00e9 um duro ataque aos direitos dos trabalhadores e trabalhadoras do campo e da cidade e que afetar\u00e1 diretamente milh\u00f5es de brasileiros que n\u00e3o ter\u00e3o acesso a aposentadoria.<\/em><\/p>\n<p><em>A Greve de Fome \u00e9 uma a\u00e7\u00e3o leg\u00edtima, \u00e9tica e corajosa, em um momento de retrocesso e retirada de direitos. A Reforma da Previd\u00eancia \u00e9 criminosa e perversa, al\u00e9m do fato de estar sendo promovida por um governo ileg\u00edtimo, comprando um Congresso desmoralizado num verdadeiro balc\u00e3o de neg\u00f3cios. Diante disso, estamos junto a voc\u00eas na luta contra a reforma da previd\u00eancia, e convocamos os irm\u00e3os franciscanos e irm\u00e3s franciscanas e a toda sociedade civil brasileira a se unirem e irem \u00e0s ruas contra esse crime que o governo ileg\u00edtimo de Temer est\u00e1 cometendo.<\/em><\/p>\n<p><em>Fraternalmente,<\/em><\/p>\n<p><em>Frei \u00c9derson Queiroz<\/em><\/p>\n<p><em>Presidente da Confer\u00eancia da Fam\u00edlia Franciscana do Brasil &#8211; CFFB<\/em><\/p>\n","protected":false},"excerpt":{"rendered":"<p>A Conferencia da Fam\u00edlia Franciscana e o Servi\u00e7o Interfranciscano de Justi\u00e7a, Paz e Ecologia se solidarizam com a greve de fome, agricultores(as) e trabalhadores(as) urbanos est\u00e3o tendo seus direitos sociais destru\u00eddos. A Greve de Fome completa seu oitavo dia na C\u00e2mara dos Deputados em Bras\u00edlia como forma de rep\u00fadio a Reforma da Previd\u00eancia que \u00e9 um ataque aos trabalhadores do campo e da cidade, e que poder\u00e1 ser votada a qualquer momento. Leia a integra da nota.<\/p>\n","protected":false},"featured_media":575,"template":"","categorias_noticias":[13],"class_list":["post-574","noticias","type-noticias","status-publish","has-post-thumbnail","hentry","categorias_noticias-noticias"],"acf":[],"yoast_head":"<!-- This site is optimized with the Yoast SEO plugin v27.2 - https:\/\/yoast.com\/product\/yoast-seo-wordpress\/ -->\n<title>Nota: Apoio da Fam\u00edlia Franciscana do Brasil \u00e0 greve de fome contra a Reforma da Previd\u00eancia - Instituto Cultural Padre Josimo<\/title>\n<meta name=\"robots\" content=\"index, follow, max-snippet:-1, max-image-preview:large, max-video-preview:-1\" \/>\n<link rel=\"canonical\" href=\"https:\/\/padrejosimo.com.br\/site\/noticias\/nota-apoio-da-familia-franciscana-do-brasil-a-greve-de-fome-contra-a-reforma-da-previdencia\/\" \/>\n<meta property=\"og:locale\" content=\"pt_BR\" \/>\n<meta property=\"og:type\" content=\"article\" \/>\n<meta property=\"og:title\" content=\"Nota: Apoio da Fam\u00edlia Franciscana do Brasil \u00e0 greve de fome contra a Reforma da Previd\u00eancia - Instituto Cultural Padre Josimo\" \/>\n<meta property=\"og:description\" content=\"A Conferencia da Fam\u00edlia Franciscana e o Servi\u00e7o Interfranciscano de Justi\u00e7a, Paz e Ecologia se solidarizam com a greve de fome, agricultores(as) e trabalhadores(as) urbanos est\u00e3o tendo seus direitos sociais destru\u00eddos. A Greve de Fome completa seu oitavo dia na C\u00e2mara dos Deputados em Bras\u00edlia como forma de rep\u00fadio a Reforma da Previd\u00eancia que \u00e9 um ataque aos trabalhadores do campo e da cidade, e que poder\u00e1 ser votada a qualquer momento. Leia a integra da nota.\" \/>\n<meta property=\"og:url\" content=\"https:\/\/padrejosimo.com.br\/site\/noticias\/nota-apoio-da-familia-franciscana-do-brasil-a-greve-de-fome-contra-a-reforma-da-previdencia\/\" \/>\n<meta property=\"og:site_name\" content=\"Instituto Cultural Padre Josimo\" \/>\n<meta property=\"article:modified_time\" content=\"2017-12-12T18:42:59+00:00\" \/>\n<meta property=\"og:image\" content=\"https:\/\/padrejosimo.com.br\/site\/wp-content\/uploads\/2017\/12\/logocfb.png\" \/>\n\t<meta property=\"og:image:width\" content=\"200\" \/>\n\t<meta property=\"og:image:height\" content=\"178\" \/>\n\t<meta property=\"og:image:type\" content=\"image\/png\" \/>\n<meta name=\"twitter:card\" content=\"summary_large_image\" \/>\n<meta name=\"twitter:label1\" content=\"Est. tempo de leitura\" \/>\n\t<meta name=\"twitter:data1\" content=\"2 minutos\" \/>\n<script type=\"application\/ld+json\" class=\"yoast-schema-graph\">{\"@context\":\"https:\/\/schema.org\",\"@graph\":[{\"@type\":\"WebPage\",\"@id\":\"https:\/\/padrejosimo.com.br\/site\/noticias\/nota-apoio-da-familia-franciscana-do-brasil-a-greve-de-fome-contra-a-reforma-da-previdencia\/\",\"url\":\"https:\/\/padrejosimo.com.br\/site\/noticias\/nota-apoio-da-familia-franciscana-do-brasil-a-greve-de-fome-contra-a-reforma-da-previdencia\/\",\"name\":\"Nota: Apoio da Fam\u00edlia Franciscana do Brasil \u00e0 greve de fome contra a Reforma da Previd\u00eancia - Instituto Cultural Padre Josimo\",\"isPartOf\":{\"@id\":\"https:\/\/padrejosimo.com.br\/site\/#website\"},\"primaryImageOfPage\":{\"@id\":\"https:\/\/padrejosimo.com.br\/site\/noticias\/nota-apoio-da-familia-franciscana-do-brasil-a-greve-de-fome-contra-a-reforma-da-previdencia\/#primaryimage\"},\"image\":{\"@id\":\"https:\/\/padrejosimo.com.br\/site\/noticias\/nota-apoio-da-familia-franciscana-do-brasil-a-greve-de-fome-contra-a-reforma-da-previdencia\/#primaryimage\"},\"thumbnailUrl\":\"https:\/\/padrejosimo.com.br\/site\/wp-content\/uploads\/2017\/12\/logocfb.png\",\"datePublished\":\"2017-12-12T18:30:53+00:00\",\"dateModified\":\"2017-12-12T18:42:59+00:00\",\"breadcrumb\":{\"@id\":\"https:\/\/padrejosimo.com.br\/site\/noticias\/nota-apoio-da-familia-franciscana-do-brasil-a-greve-de-fome-contra-a-reforma-da-previdencia\/#breadcrumb\"},\"inLanguage\":\"pt-BR\",\"potentialAction\":[{\"@type\":\"ReadAction\",\"target\":[\"https:\/\/padrejosimo.com.br\/site\/noticias\/nota-apoio-da-familia-franciscana-do-brasil-a-greve-de-fome-contra-a-reforma-da-previdencia\/\"]}]},{\"@type\":\"ImageObject\",\"inLanguage\":\"pt-BR\",\"@id\":\"https:\/\/padrejosimo.com.br\/site\/noticias\/nota-apoio-da-familia-franciscana-do-brasil-a-greve-de-fome-contra-a-reforma-da-previdencia\/#primaryimage\",\"url\":\"https:\/\/padrejosimo.com.br\/site\/wp-content\/uploads\/2017\/12\/logocfb.png\",\"contentUrl\":\"https:\/\/padrejosimo.com.br\/site\/wp-content\/uploads\/2017\/12\/logocfb.png\",\"width\":200,\"height\":178},{\"@type\":\"BreadcrumbList\",\"@id\":\"https:\/\/padrejosimo.com.br\/site\/noticias\/nota-apoio-da-familia-franciscana-do-brasil-a-greve-de-fome-contra-a-reforma-da-previdencia\/#breadcrumb\",\"itemListElement\":[{\"@type\":\"ListItem\",\"position\":1,\"name\":\"In\u00edcio\",\"item\":\"https:\/\/padrejosimo.com.br\/site\/\"},{\"@type\":\"ListItem\",\"position\":2,\"name\":\"Not\u00edcias\",\"item\":\"https:\/\/padrejosimo.com.br\/site\/noticias\/\"},{\"@type\":\"ListItem\",\"position\":3,\"name\":\"Nota: Apoio da Fam\u00edlia Franciscana do Brasil \u00e0 greve de fome contra a Reforma da Previd\u00eancia\"}]},{\"@type\":\"WebSite\",\"@id\":\"https:\/\/padrejosimo.com.br\/site\/#website\",\"url\":\"https:\/\/padrejosimo.com.br\/site\/\",\"name\":\"Instituto Cultural Padre Josimo\",\"description\":\"Comprometida com a promo\u00e7\u00e3o da justi\u00e7a social, agroecologia e educa\u00e7\u00e3o popular\",\"publisher\":{\"@id\":\"https:\/\/padrejosimo.com.br\/site\/#organization\"},\"alternateName\":\"ICPJ\",\"potentialAction\":[{\"@type\":\"SearchAction\",\"target\":{\"@type\":\"EntryPoint\",\"urlTemplate\":\"https:\/\/padrejosimo.com.br\/site\/?s={search_term_string}\"},\"query-input\":{\"@type\":\"PropertyValueSpecification\",\"valueRequired\":true,\"valueName\":\"search_term_string\"}}],\"inLanguage\":\"pt-BR\"},{\"@type\":\"Organization\",\"@id\":\"https:\/\/padrejosimo.com.br\/site\/#organization\",\"name\":\"Instituto Cultural Padre Josimo\",\"alternateName\":\"ICPJ\",\"url\":\"https:\/\/padrejosimo.com.br\/site\/\",\"logo\":{\"@type\":\"ImageObject\",\"inLanguage\":\"pt-BR\",\"@id\":\"https:\/\/padrejosimo.com.br\/site\/#\/schema\/logo\/image\/\",\"url\":\"https:\/\/padrejosimo.com.br\/site\/wp-content\/uploads\/2025\/09\/cropped-icon-icpj.png\",\"contentUrl\":\"https:\/\/padrejosimo.com.br\/site\/wp-content\/uploads\/2025\/09\/cropped-icon-icpj.png\",\"width\":512,\"height\":512,\"caption\":\"Instituto Cultural Padre Josimo\"},\"image\":{\"@id\":\"https:\/\/padrejosimo.com.br\/site\/#\/schema\/logo\/image\/\"}}]}<\/script>\n<!-- \/ Yoast SEO plugin. -->","yoast_head_json":{"title":"Nota: Apoio da Fam\u00edlia Franciscana do Brasil \u00e0 greve de fome contra a Reforma da Previd\u00eancia - Instituto Cultural Padre Josimo","robots":{"index":"index","follow":"follow","max-snippet":"max-snippet:-1","max-image-preview":"max-image-preview:large","max-video-preview":"max-video-preview:-1"},"canonical":"https:\/\/padrejosimo.com.br\/site\/noticias\/nota-apoio-da-familia-franciscana-do-brasil-a-greve-de-fome-contra-a-reforma-da-previdencia\/","og_locale":"pt_BR","og_type":"article","og_title":"Nota: Apoio da Fam\u00edlia Franciscana do Brasil \u00e0 greve de fome contra a Reforma da Previd\u00eancia - Instituto Cultural Padre Josimo","og_description":"A Conferencia da Fam\u00edlia Franciscana e o Servi\u00e7o Interfranciscano de Justi\u00e7a, Paz e Ecologia se solidarizam com a greve de fome, agricultores(as) e trabalhadores(as) urbanos est\u00e3o tendo seus direitos sociais destru\u00eddos. A Greve de Fome completa seu oitavo dia na C\u00e2mara dos Deputados em Bras\u00edlia como forma de rep\u00fadio a Reforma da Previd\u00eancia que \u00e9 um ataque aos trabalhadores do campo e da cidade, e que poder\u00e1 ser votada a qualquer momento. Leia a integra da nota.","og_url":"https:\/\/padrejosimo.com.br\/site\/noticias\/nota-apoio-da-familia-franciscana-do-brasil-a-greve-de-fome-contra-a-reforma-da-previdencia\/","og_site_name":"Instituto Cultural Padre Josimo","article_modified_time":"2017-12-12T18:42:59+00:00","og_image":[{"width":200,"height":178,"url":"https:\/\/padrejosimo.com.br\/site\/wp-content\/uploads\/2017\/12\/logocfb.png","type":"image\/png"}],"twitter_card":"summary_large_image","twitter_misc":{"Est. tempo de leitura":"2 minutos"},"schema":{"@context":"https:\/\/schema.org","@graph":[{"@type":"WebPage","@id":"https:\/\/padrejosimo.com.br\/site\/noticias\/nota-apoio-da-familia-franciscana-do-brasil-a-greve-de-fome-contra-a-reforma-da-previdencia\/","url":"https:\/\/padrejosimo.com.br\/site\/noticias\/nota-apoio-da-familia-franciscana-do-brasil-a-greve-de-fome-contra-a-reforma-da-previdencia\/","name":"Nota: Apoio da Fam\u00edlia Franciscana do Brasil \u00e0 greve de fome contra a Reforma da Previd\u00eancia - Instituto Cultural Padre Josimo","isPartOf":{"@id":"https:\/\/padrejosimo.com.br\/site\/#website"},"primaryImageOfPage":{"@id":"https:\/\/padrejosimo.com.br\/site\/noticias\/nota-apoio-da-familia-franciscana-do-brasil-a-greve-de-fome-contra-a-reforma-da-previdencia\/#primaryimage"},"image":{"@id":"https:\/\/padrejosimo.com.br\/site\/noticias\/nota-apoio-da-familia-franciscana-do-brasil-a-greve-de-fome-contra-a-reforma-da-previdencia\/#primaryimage"},"thumbnailUrl":"https:\/\/padrejosimo.com.br\/site\/wp-content\/uploads\/2017\/12\/logocfb.png","datePublished":"2017-12-12T18:30:53+00:00","dateModified":"2017-12-12T18:42:59+00:00","breadcrumb":{"@id":"https:\/\/padrejosimo.com.br\/site\/noticias\/nota-apoio-da-familia-franciscana-do-brasil-a-greve-de-fome-contra-a-reforma-da-previdencia\/#breadcrumb"},"inLanguage":"pt-BR","potentialAction":[{"@type":"ReadAction","target":["https:\/\/padrejosimo.com.br\/site\/noticias\/nota-apoio-da-familia-franciscana-do-brasil-a-greve-de-fome-contra-a-reforma-da-previdencia\/"]}]},{"@type":"ImageObject","inLanguage":"pt-BR","@id":"https:\/\/padrejosimo.com.br\/site\/noticias\/nota-apoio-da-familia-franciscana-do-brasil-a-greve-de-fome-contra-a-reforma-da-previdencia\/#primaryimage","url":"https:\/\/padrejosimo.com.br\/site\/wp-content\/uploads\/2017\/12\/logocfb.png","contentUrl":"https:\/\/padrejosimo.com.br\/site\/wp-content\/uploads\/2017\/12\/logocfb.png","width":200,"height":178},{"@type":"BreadcrumbList","@id":"https:\/\/padrejosimo.com.br\/site\/noticias\/nota-apoio-da-familia-franciscana-do-brasil-a-greve-de-fome-contra-a-reforma-da-previdencia\/#breadcrumb","itemListElement":[{"@type":"ListItem","position":1,"name":"In\u00edcio","item":"https:\/\/padrejosimo.com.br\/site\/"},{"@type":"ListItem","position":2,"name":"Not\u00edcias","item":"https:\/\/padrejosimo.com.br\/site\/noticias\/"},{"@type":"ListItem","position":3,"name":"Nota: Apoio da Fam\u00edlia Franciscana do Brasil \u00e0 greve de fome contra a Reforma da Previd\u00eancia"}]},{"@type":"WebSite","@id":"https:\/\/padrejosimo.com.br\/site\/#website","url":"https:\/\/padrejosimo.com.br\/site\/","name":"Instituto Cultural Padre Josimo","description":"Comprometida com a promo\u00e7\u00e3o da justi\u00e7a social, agroecologia e educa\u00e7\u00e3o popular","publisher":{"@id":"https:\/\/padrejosimo.com.br\/site\/#organization"},"alternateName":"ICPJ","potentialAction":[{"@type":"SearchAction","target":{"@type":"EntryPoint","urlTemplate":"https:\/\/padrejosimo.com.br\/site\/?s={search_term_string}"},"query-input":{"@type":"PropertyValueSpecification","valueRequired":true,"valueName":"search_term_string"}}],"inLanguage":"pt-BR"},{"@type":"Organization","@id":"https:\/\/padrejosimo.com.br\/site\/#organization","name":"Instituto Cultural Padre Josimo","alternateName":"ICPJ","url":"https:\/\/padrejosimo.com.br\/site\/","logo":{"@type":"ImageObject","inLanguage":"pt-BR","@id":"https:\/\/padrejosimo.com.br\/site\/#\/schema\/logo\/image\/","url":"https:\/\/padrejosimo.com.br\/site\/wp-content\/uploads\/2025\/09\/cropped-icon-icpj.png","contentUrl":"https:\/\/padrejosimo.com.br\/site\/wp-content\/uploads\/2025\/09\/cropped-icon-icpj.png","width":512,"height":512,"caption":"Instituto Cultural Padre Josimo"},"image":{"@id":"https:\/\/padrejosimo.com.br\/site\/#\/schema\/logo\/image\/"}}]}},"_links":{"self":[{"href":"https:\/\/padrejosimo.com.br\/site\/wp-json\/wp\/v2\/noticias\/574","targetHints":{"allow":["GET"]}}],"collection":[{"href":"https:\/\/padrejosimo.com.br\/site\/wp-json\/wp\/v2\/noticias"}],"about":[{"href":"https:\/\/padrejosimo.com.br\/site\/wp-json\/wp\/v2\/types\/noticias"}],"wp:featuredmedia":[{"embeddable":true,"href":"https:\/\/padrejosimo.com.br\/site\/wp-json\/wp\/v2\/media\/575"}],"wp:attachment":[{"href":"https:\/\/padrejosimo.com.br\/site\/wp-json\/wp\/v2\/media?parent=574"}],"wp:term":[{"taxonomy":"categorias_noticias","embeddable":true,"href":"https:\/\/padrejosimo.com.br\/site\/wp-json\/wp\/v2\/categorias_noticias?post=574"}],"curies":[{"name":"wp","href":"https:\/\/api.w.org\/{rel}","templated":true}]}}