{"id":572,"date":"2017-12-12T14:49:07","date_gmt":"2017-12-12T16:49:07","guid":{"rendered":"http:\/\/padrejosimo.com.br\/site\/?post_type=noticias&#038;p=572"},"modified":"2017-12-12T14:49:35","modified_gmt":"2017-12-12T16:49:35","slug":"dez-trabalhadores-darao-inicio-ao-jejum-contra-a-reforma-da-previdencia-no-rio-grande-do-sul","status":"publish","type":"noticias","link":"https:\/\/padrejosimo.com.br\/site\/noticias\/dez-trabalhadores-darao-inicio-ao-jejum-contra-a-reforma-da-previdencia-no-rio-grande-do-sul\/","title":{"rendered":"Dez trabalhadores dar\u00e3o in\u00edcio ao jejum contra a reforma da previd\u00eancia no Rio Grande do Sul"},"content":{"rendered":"<p style=\"text-align: center;\"><em><strong>Iniciativa come\u00e7a nesta quarta-feira (13) com coletiva \u00e0 imprensa na Assembleia Legislativa, em Porto Alegre<\/strong><\/em><\/p>\n<p><img fetchpriority=\"high\" decoding=\"async\" class=\"aligncenter wp-image-573 size-full\" src=\"https:\/\/padrejosimo.com.br\/site\/wp-content\/uploads\/2017\/12\/WhatsApp-Image-2017-12-12-at-12.02.00.jpeg\" alt=\"\" width=\"504\" height=\"504\" srcset=\"https:\/\/padrejosimo.com.br\/site\/wp-content\/uploads\/2017\/12\/WhatsApp-Image-2017-12-12-at-12.02.00.jpeg 504w, https:\/\/padrejosimo.com.br\/site\/wp-content\/uploads\/2017\/12\/WhatsApp-Image-2017-12-12-at-12.02.00-150x150.jpeg 150w, https:\/\/padrejosimo.com.br\/site\/wp-content\/uploads\/2017\/12\/WhatsApp-Image-2017-12-12-at-12.02.00-300x300.jpeg 300w\" sizes=\"(max-width: 504px) 100vw, 504px\" \/>Dez trabalhadores urbanos e camponeses dar\u00e3o in\u00edcio nesta quarta-feira (13), no Rio Grande do Sul, ao jejum contra a reforma da previd\u00eancia, que est\u00e1 prevista para ser votada no dia 18 de dezembro na C\u00e2mara dos Deputados. O jejum come\u00e7a \u00e0s 10h30 na Esplanada da Assembleia Legislativa, localizada no Centro Hist\u00f3rico de Porto Alegre. No mesmo hor\u00e1rio e local ser\u00e1 realizada uma coletiva \u00e0 imprensa.<\/p>\n<p>A iniciativa se soma a um movimento que iniciou no dia 5 de dezembro, em Bras\u00edlia, contra a reforma previdenci\u00e1ria proposta pelo governo de Michel Temer (PMDB). Na ocasi\u00e3o, tr\u00eas camponeses ligados ao Movimento dos Pequenos Agricultores (MPA) se colocaram em situa\u00e7\u00e3o de greve de fome no Sal\u00e3o Verde da C\u00e2mara Federal. Hoje, no local est\u00e3o sete grevistas, sendo cinco mulheres e dois homens.<\/p>\n<p>Poucos dias depois, a iniciativa se espalhou pelo pa\u00eds e diversas organiza\u00e7\u00f5es sociais divulgaram nota em apoio aos grevistas. Em Sergipe, trabalhadores iniciaram nesta ter\u00e7a-feira (11) uma greve de fome na Assembleia Legislativa do estado. No Rio Grande do Sul o jejum come\u00e7a amanh\u00e3, com dez militantes do MPA, do Movimento dos Trabalhadores Rurais Sem Terra (MST), do Levante Popular da Juventude, da Central \u00danica dos Trabalhadores (CUT) e de entidades vinculadas \u00e0 igreja. O jejum ir\u00e1, pelo menos, at\u00e9 o dia 18 de dezembro, quando come\u00e7a a vota\u00e7\u00e3o da proposta de reforma previdenci\u00e1ria no Congresso Nacional.<\/p>\n<p><strong>\u201cReforma da morte\u201d<\/strong><\/p>\n<p>Desde que iniciou a greve de fome no pa\u00eds, entidades e movimentos populares denunciam que as recentes not\u00edcias da proposi\u00e7\u00e3o do relator da Reforma da Previd\u00eancia, Arthur Maia (PPS-BA), de retirar os trabalhadores rurais da proposta encaminhada para vota\u00e7\u00e3o \u00e9 mentira. Conforme Maister da Silva, militante do MPA, a reforma acaba com direitos que foram conquistados com muita mobiliza\u00e7\u00e3o social e que at\u00e9 ent\u00e3o est\u00e3o assegurados na Constitui\u00e7\u00e3o de 1988. \u201cEles querem retirar a nossa condi\u00e7\u00e3o de segurado especial, alterar a idade m\u00ednima para aposentadoria e excluir a maioria dos agricultores da previd\u00eancia. A vida \u00fatil do trabalhador rural n\u00e3o vai alcan\u00e7ar at\u00e9 a \u00e9poca dele se aposentar. \u00c9 uma reforma da morte, porque vai condenar muitos camponeses \u00e0 morte no Brasil\u201d, ressalta.<\/p>\n<p>Para a camponesa Roberta Coimbra, dirigente do MST, a proposta de Temer penaliza principalmente as mulheres rurais, que carregam uma jornada tripla de trabalho dividida entre os cuidados da casa, da fam\u00edlia e da lavoura. \u201cAs mulheres sempre tiveram dificuldades no tema da previd\u00eancia. Faz pouco tempo que conquistamos o direito \u00e0 aposentadoria pelo of\u00edcio do trabalho, antes receb\u00edamos uma pens\u00e3o ap\u00f3s a morte do marido. Mas ainda hoje somos as mais prejudicadas em rela\u00e7\u00e3o aos direitos. O aumento da idade m\u00ednima mostra que as mulheres camponesas trabalhar\u00e3o at\u00e9 a morte sem se aposentar\u201d, argumenta.<\/p>\n<p>Informa\u00e7\u00f5es \u00e0 imprensa:<\/p>\n<p>Isnar Borges (MPA) \u2014 (51) 99817-5041<br \/>\n Marcos Corbari (MPA) &#8211; (55) 99647-4305<\/p>\n","protected":false},"excerpt":{"rendered":"<p>Dez trabalhadores urbanos e camponeses dar\u00e3o in\u00edcio nesta quarta-feira (13), no Rio Grande do Sul, ao jejum contra a reforma da previd\u00eancia, que est\u00e1 prevista para ser votada no dia 18 de dezembro na C\u00e2mara dos Deputados. O jejum come\u00e7a \u00e0s 10h30 na Esplanada da Assembleia Legislativa, localizada no Centro Hist\u00f3rico de Porto Alegre. A iniciativa se soma a um movimento que iniciou no dia 5 de dezembro, em Bras\u00edlia, contra a reforma previdenci\u00e1ria proposta pelo governo de Michel Temer (PMDB). Na ocasi\u00e3o, tr\u00eas camponeses ligados ao Movimento dos Pequenos Agricultores (MPA) se colocaram em situa\u00e7\u00e3o de greve de fome no Sal\u00e3o Verde da C\u00e2mara Federal. Hoje, no local est\u00e3o sete grevistas, sendo cinco mulheres e dois homens.<\/p>\n","protected":false},"featured_media":573,"template":"","categorias_noticias":[13],"class_list":["post-572","noticias","type-noticias","status-publish","has-post-thumbnail","hentry","categorias_noticias-noticias"],"acf":[],"yoast_head":"<!-- This site is optimized with the Yoast SEO plugin v27.2 - https:\/\/yoast.com\/product\/yoast-seo-wordpress\/ -->\n<title>Dez trabalhadores dar\u00e3o in\u00edcio ao jejum contra a reforma da previd\u00eancia no Rio Grande do Sul - Instituto Cultural Padre Josimo<\/title>\n<meta name=\"robots\" content=\"index, follow, max-snippet:-1, max-image-preview:large, max-video-preview:-1\" \/>\n<link rel=\"canonical\" href=\"https:\/\/padrejosimo.com.br\/site\/noticias\/dez-trabalhadores-darao-inicio-ao-jejum-contra-a-reforma-da-previdencia-no-rio-grande-do-sul\/\" \/>\n<meta property=\"og:locale\" content=\"pt_BR\" \/>\n<meta property=\"og:type\" content=\"article\" \/>\n<meta property=\"og:title\" content=\"Dez trabalhadores dar\u00e3o in\u00edcio ao jejum contra a reforma da previd\u00eancia no Rio Grande do Sul - Instituto Cultural Padre Josimo\" \/>\n<meta property=\"og:description\" content=\"Dez trabalhadores urbanos e camponeses dar\u00e3o in\u00edcio nesta quarta-feira (13), no Rio Grande do Sul, ao jejum contra a reforma da previd\u00eancia, que est\u00e1 prevista para ser votada no dia 18 de dezembro na C\u00e2mara dos Deputados. O jejum come\u00e7a \u00e0s 10h30 na Esplanada da Assembleia Legislativa, localizada no Centro Hist\u00f3rico de Porto Alegre. A iniciativa se soma a um movimento que iniciou no dia 5 de dezembro, em Bras\u00edlia, contra a reforma previdenci\u00e1ria proposta pelo governo de Michel Temer (PMDB). Na ocasi\u00e3o, tr\u00eas camponeses ligados ao Movimento dos Pequenos Agricultores (MPA) se colocaram em situa\u00e7\u00e3o de greve de fome no Sal\u00e3o Verde da C\u00e2mara Federal. Hoje, no local est\u00e3o sete grevistas, sendo cinco mulheres e dois homens.\" \/>\n<meta property=\"og:url\" content=\"https:\/\/padrejosimo.com.br\/site\/noticias\/dez-trabalhadores-darao-inicio-ao-jejum-contra-a-reforma-da-previdencia-no-rio-grande-do-sul\/\" \/>\n<meta property=\"og:site_name\" content=\"Instituto Cultural Padre Josimo\" \/>\n<meta property=\"article:modified_time\" content=\"2017-12-12T16:49:35+00:00\" \/>\n<meta property=\"og:image\" content=\"https:\/\/padrejosimo.com.br\/site\/wp-content\/uploads\/2017\/12\/WhatsApp-Image-2017-12-12-at-12.02.00.jpeg\" \/>\n\t<meta property=\"og:image:width\" content=\"504\" \/>\n\t<meta property=\"og:image:height\" content=\"504\" \/>\n\t<meta property=\"og:image:type\" content=\"image\/jpeg\" \/>\n<meta name=\"twitter:card\" content=\"summary_large_image\" \/>\n<meta name=\"twitter:label1\" content=\"Est. tempo de leitura\" \/>\n\t<meta name=\"twitter:data1\" content=\"3 minutos\" \/>\n<script type=\"application\/ld+json\" class=\"yoast-schema-graph\">{\"@context\":\"https:\/\/schema.org\",\"@graph\":[{\"@type\":\"WebPage\",\"@id\":\"https:\/\/padrejosimo.com.br\/site\/noticias\/dez-trabalhadores-darao-inicio-ao-jejum-contra-a-reforma-da-previdencia-no-rio-grande-do-sul\/\",\"url\":\"https:\/\/padrejosimo.com.br\/site\/noticias\/dez-trabalhadores-darao-inicio-ao-jejum-contra-a-reforma-da-previdencia-no-rio-grande-do-sul\/\",\"name\":\"Dez trabalhadores dar\u00e3o in\u00edcio ao jejum contra a reforma da previd\u00eancia no Rio Grande do Sul - Instituto Cultural Padre Josimo\",\"isPartOf\":{\"@id\":\"https:\/\/padrejosimo.com.br\/site\/#website\"},\"primaryImageOfPage\":{\"@id\":\"https:\/\/padrejosimo.com.br\/site\/noticias\/dez-trabalhadores-darao-inicio-ao-jejum-contra-a-reforma-da-previdencia-no-rio-grande-do-sul\/#primaryimage\"},\"image\":{\"@id\":\"https:\/\/padrejosimo.com.br\/site\/noticias\/dez-trabalhadores-darao-inicio-ao-jejum-contra-a-reforma-da-previdencia-no-rio-grande-do-sul\/#primaryimage\"},\"thumbnailUrl\":\"https:\/\/padrejosimo.com.br\/site\/wp-content\/uploads\/2017\/12\/WhatsApp-Image-2017-12-12-at-12.02.00.jpeg\",\"datePublished\":\"2017-12-12T16:49:07+00:00\",\"dateModified\":\"2017-12-12T16:49:35+00:00\",\"breadcrumb\":{\"@id\":\"https:\/\/padrejosimo.com.br\/site\/noticias\/dez-trabalhadores-darao-inicio-ao-jejum-contra-a-reforma-da-previdencia-no-rio-grande-do-sul\/#breadcrumb\"},\"inLanguage\":\"pt-BR\",\"potentialAction\":[{\"@type\":\"ReadAction\",\"target\":[\"https:\/\/padrejosimo.com.br\/site\/noticias\/dez-trabalhadores-darao-inicio-ao-jejum-contra-a-reforma-da-previdencia-no-rio-grande-do-sul\/\"]}]},{\"@type\":\"ImageObject\",\"inLanguage\":\"pt-BR\",\"@id\":\"https:\/\/padrejosimo.com.br\/site\/noticias\/dez-trabalhadores-darao-inicio-ao-jejum-contra-a-reforma-da-previdencia-no-rio-grande-do-sul\/#primaryimage\",\"url\":\"https:\/\/padrejosimo.com.br\/site\/wp-content\/uploads\/2017\/12\/WhatsApp-Image-2017-12-12-at-12.02.00.jpeg\",\"contentUrl\":\"https:\/\/padrejosimo.com.br\/site\/wp-content\/uploads\/2017\/12\/WhatsApp-Image-2017-12-12-at-12.02.00.jpeg\",\"width\":504,\"height\":504},{\"@type\":\"BreadcrumbList\",\"@id\":\"https:\/\/padrejosimo.com.br\/site\/noticias\/dez-trabalhadores-darao-inicio-ao-jejum-contra-a-reforma-da-previdencia-no-rio-grande-do-sul\/#breadcrumb\",\"itemListElement\":[{\"@type\":\"ListItem\",\"position\":1,\"name\":\"In\u00edcio\",\"item\":\"https:\/\/padrejosimo.com.br\/site\/\"},{\"@type\":\"ListItem\",\"position\":2,\"name\":\"Not\u00edcias\",\"item\":\"https:\/\/padrejosimo.com.br\/site\/noticias\/\"},{\"@type\":\"ListItem\",\"position\":3,\"name\":\"Dez trabalhadores dar\u00e3o in\u00edcio ao jejum contra a reforma da previd\u00eancia no Rio Grande do Sul\"}]},{\"@type\":\"WebSite\",\"@id\":\"https:\/\/padrejosimo.com.br\/site\/#website\",\"url\":\"https:\/\/padrejosimo.com.br\/site\/\",\"name\":\"Instituto Cultural Padre Josimo\",\"description\":\"Comprometida com a promo\u00e7\u00e3o da justi\u00e7a social, agroecologia e educa\u00e7\u00e3o popular\",\"publisher\":{\"@id\":\"https:\/\/padrejosimo.com.br\/site\/#organization\"},\"alternateName\":\"ICPJ\",\"potentialAction\":[{\"@type\":\"SearchAction\",\"target\":{\"@type\":\"EntryPoint\",\"urlTemplate\":\"https:\/\/padrejosimo.com.br\/site\/?s={search_term_string}\"},\"query-input\":{\"@type\":\"PropertyValueSpecification\",\"valueRequired\":true,\"valueName\":\"search_term_string\"}}],\"inLanguage\":\"pt-BR\"},{\"@type\":\"Organization\",\"@id\":\"https:\/\/padrejosimo.com.br\/site\/#organization\",\"name\":\"Instituto Cultural Padre Josimo\",\"alternateName\":\"ICPJ\",\"url\":\"https:\/\/padrejosimo.com.br\/site\/\",\"logo\":{\"@type\":\"ImageObject\",\"inLanguage\":\"pt-BR\",\"@id\":\"https:\/\/padrejosimo.com.br\/site\/#\/schema\/logo\/image\/\",\"url\":\"https:\/\/padrejosimo.com.br\/site\/wp-content\/uploads\/2025\/09\/cropped-icon-icpj.png\",\"contentUrl\":\"https:\/\/padrejosimo.com.br\/site\/wp-content\/uploads\/2025\/09\/cropped-icon-icpj.png\",\"width\":512,\"height\":512,\"caption\":\"Instituto Cultural Padre Josimo\"},\"image\":{\"@id\":\"https:\/\/padrejosimo.com.br\/site\/#\/schema\/logo\/image\/\"}}]}<\/script>\n<!-- \/ Yoast SEO plugin. -->","yoast_head_json":{"title":"Dez trabalhadores dar\u00e3o in\u00edcio ao jejum contra a reforma da previd\u00eancia no Rio Grande do Sul - Instituto Cultural Padre Josimo","robots":{"index":"index","follow":"follow","max-snippet":"max-snippet:-1","max-image-preview":"max-image-preview:large","max-video-preview":"max-video-preview:-1"},"canonical":"https:\/\/padrejosimo.com.br\/site\/noticias\/dez-trabalhadores-darao-inicio-ao-jejum-contra-a-reforma-da-previdencia-no-rio-grande-do-sul\/","og_locale":"pt_BR","og_type":"article","og_title":"Dez trabalhadores dar\u00e3o in\u00edcio ao jejum contra a reforma da previd\u00eancia no Rio Grande do Sul - Instituto Cultural Padre Josimo","og_description":"Dez trabalhadores urbanos e camponeses dar\u00e3o in\u00edcio nesta quarta-feira (13), no Rio Grande do Sul, ao jejum contra a reforma da previd\u00eancia, que est\u00e1 prevista para ser votada no dia 18 de dezembro na C\u00e2mara dos Deputados. O jejum come\u00e7a \u00e0s 10h30 na Esplanada da Assembleia Legislativa, localizada no Centro Hist\u00f3rico de Porto Alegre. A iniciativa se soma a um movimento que iniciou no dia 5 de dezembro, em Bras\u00edlia, contra a reforma previdenci\u00e1ria proposta pelo governo de Michel Temer (PMDB). Na ocasi\u00e3o, tr\u00eas camponeses ligados ao Movimento dos Pequenos Agricultores (MPA) se colocaram em situa\u00e7\u00e3o de greve de fome no Sal\u00e3o Verde da C\u00e2mara Federal. Hoje, no local est\u00e3o sete grevistas, sendo cinco mulheres e dois homens.","og_url":"https:\/\/padrejosimo.com.br\/site\/noticias\/dez-trabalhadores-darao-inicio-ao-jejum-contra-a-reforma-da-previdencia-no-rio-grande-do-sul\/","og_site_name":"Instituto Cultural Padre Josimo","article_modified_time":"2017-12-12T16:49:35+00:00","og_image":[{"width":504,"height":504,"url":"https:\/\/padrejosimo.com.br\/site\/wp-content\/uploads\/2017\/12\/WhatsApp-Image-2017-12-12-at-12.02.00.jpeg","type":"image\/jpeg"}],"twitter_card":"summary_large_image","twitter_misc":{"Est. tempo de leitura":"3 minutos"},"schema":{"@context":"https:\/\/schema.org","@graph":[{"@type":"WebPage","@id":"https:\/\/padrejosimo.com.br\/site\/noticias\/dez-trabalhadores-darao-inicio-ao-jejum-contra-a-reforma-da-previdencia-no-rio-grande-do-sul\/","url":"https:\/\/padrejosimo.com.br\/site\/noticias\/dez-trabalhadores-darao-inicio-ao-jejum-contra-a-reforma-da-previdencia-no-rio-grande-do-sul\/","name":"Dez trabalhadores dar\u00e3o in\u00edcio ao jejum contra a reforma da previd\u00eancia no Rio Grande do Sul - Instituto Cultural Padre Josimo","isPartOf":{"@id":"https:\/\/padrejosimo.com.br\/site\/#website"},"primaryImageOfPage":{"@id":"https:\/\/padrejosimo.com.br\/site\/noticias\/dez-trabalhadores-darao-inicio-ao-jejum-contra-a-reforma-da-previdencia-no-rio-grande-do-sul\/#primaryimage"},"image":{"@id":"https:\/\/padrejosimo.com.br\/site\/noticias\/dez-trabalhadores-darao-inicio-ao-jejum-contra-a-reforma-da-previdencia-no-rio-grande-do-sul\/#primaryimage"},"thumbnailUrl":"https:\/\/padrejosimo.com.br\/site\/wp-content\/uploads\/2017\/12\/WhatsApp-Image-2017-12-12-at-12.02.00.jpeg","datePublished":"2017-12-12T16:49:07+00:00","dateModified":"2017-12-12T16:49:35+00:00","breadcrumb":{"@id":"https:\/\/padrejosimo.com.br\/site\/noticias\/dez-trabalhadores-darao-inicio-ao-jejum-contra-a-reforma-da-previdencia-no-rio-grande-do-sul\/#breadcrumb"},"inLanguage":"pt-BR","potentialAction":[{"@type":"ReadAction","target":["https:\/\/padrejosimo.com.br\/site\/noticias\/dez-trabalhadores-darao-inicio-ao-jejum-contra-a-reforma-da-previdencia-no-rio-grande-do-sul\/"]}]},{"@type":"ImageObject","inLanguage":"pt-BR","@id":"https:\/\/padrejosimo.com.br\/site\/noticias\/dez-trabalhadores-darao-inicio-ao-jejum-contra-a-reforma-da-previdencia-no-rio-grande-do-sul\/#primaryimage","url":"https:\/\/padrejosimo.com.br\/site\/wp-content\/uploads\/2017\/12\/WhatsApp-Image-2017-12-12-at-12.02.00.jpeg","contentUrl":"https:\/\/padrejosimo.com.br\/site\/wp-content\/uploads\/2017\/12\/WhatsApp-Image-2017-12-12-at-12.02.00.jpeg","width":504,"height":504},{"@type":"BreadcrumbList","@id":"https:\/\/padrejosimo.com.br\/site\/noticias\/dez-trabalhadores-darao-inicio-ao-jejum-contra-a-reforma-da-previdencia-no-rio-grande-do-sul\/#breadcrumb","itemListElement":[{"@type":"ListItem","position":1,"name":"In\u00edcio","item":"https:\/\/padrejosimo.com.br\/site\/"},{"@type":"ListItem","position":2,"name":"Not\u00edcias","item":"https:\/\/padrejosimo.com.br\/site\/noticias\/"},{"@type":"ListItem","position":3,"name":"Dez trabalhadores dar\u00e3o in\u00edcio ao jejum contra a reforma da previd\u00eancia no Rio Grande do Sul"}]},{"@type":"WebSite","@id":"https:\/\/padrejosimo.com.br\/site\/#website","url":"https:\/\/padrejosimo.com.br\/site\/","name":"Instituto Cultural Padre Josimo","description":"Comprometida com a promo\u00e7\u00e3o da justi\u00e7a social, agroecologia e educa\u00e7\u00e3o popular","publisher":{"@id":"https:\/\/padrejosimo.com.br\/site\/#organization"},"alternateName":"ICPJ","potentialAction":[{"@type":"SearchAction","target":{"@type":"EntryPoint","urlTemplate":"https:\/\/padrejosimo.com.br\/site\/?s={search_term_string}"},"query-input":{"@type":"PropertyValueSpecification","valueRequired":true,"valueName":"search_term_string"}}],"inLanguage":"pt-BR"},{"@type":"Organization","@id":"https:\/\/padrejosimo.com.br\/site\/#organization","name":"Instituto Cultural Padre Josimo","alternateName":"ICPJ","url":"https:\/\/padrejosimo.com.br\/site\/","logo":{"@type":"ImageObject","inLanguage":"pt-BR","@id":"https:\/\/padrejosimo.com.br\/site\/#\/schema\/logo\/image\/","url":"https:\/\/padrejosimo.com.br\/site\/wp-content\/uploads\/2025\/09\/cropped-icon-icpj.png","contentUrl":"https:\/\/padrejosimo.com.br\/site\/wp-content\/uploads\/2025\/09\/cropped-icon-icpj.png","width":512,"height":512,"caption":"Instituto Cultural Padre Josimo"},"image":{"@id":"https:\/\/padrejosimo.com.br\/site\/#\/schema\/logo\/image\/"}}]}},"_links":{"self":[{"href":"https:\/\/padrejosimo.com.br\/site\/wp-json\/wp\/v2\/noticias\/572","targetHints":{"allow":["GET"]}}],"collection":[{"href":"https:\/\/padrejosimo.com.br\/site\/wp-json\/wp\/v2\/noticias"}],"about":[{"href":"https:\/\/padrejosimo.com.br\/site\/wp-json\/wp\/v2\/types\/noticias"}],"wp:featuredmedia":[{"embeddable":true,"href":"https:\/\/padrejosimo.com.br\/site\/wp-json\/wp\/v2\/media\/573"}],"wp:attachment":[{"href":"https:\/\/padrejosimo.com.br\/site\/wp-json\/wp\/v2\/media?parent=572"}],"wp:term":[{"taxonomy":"categorias_noticias","embeddable":true,"href":"https:\/\/padrejosimo.com.br\/site\/wp-json\/wp\/v2\/categorias_noticias?post=572"}],"curies":[{"name":"wp","href":"https:\/\/api.w.org\/{rel}","templated":true}]}}