{"id":569,"date":"2017-12-11T15:09:54","date_gmt":"2017-12-11T17:09:54","guid":{"rendered":"http:\/\/padrejosimo.com.br\/site\/?post_type=noticias&#038;p=569"},"modified":"2017-12-11T15:09:54","modified_gmt":"2017-12-11T17:09:54","slug":"7o-dia-de-greve-de-fome-grevistas-voltam-para-camara-dos-deputados-em-maior-numero","status":"publish","type":"noticias","link":"https:\/\/padrejosimo.com.br\/site\/noticias\/7o-dia-de-greve-de-fome-grevistas-voltam-para-camara-dos-deputados-em-maior-numero\/","title":{"rendered":"7\u00ba dia de Greve de Fome: grevistas voltam para C\u00e2mara dos Deputados em maior n\u00famero"},"content":{"rendered":"<p><img fetchpriority=\"high\" decoding=\"async\" class=\"aligncenter size-full wp-image-571\" src=\"https:\/\/padrejosimo.com.br\/site\/wp-content\/uploads\/2017\/12\/greve_7.jpg\" alt=\"\" width=\"800\" height=\"426\" srcset=\"https:\/\/padrejosimo.com.br\/site\/wp-content\/uploads\/2017\/12\/greve_7.jpg 800w, https:\/\/padrejosimo.com.br\/site\/wp-content\/uploads\/2017\/12\/greve_7-300x160.jpg 300w, https:\/\/padrejosimo.com.br\/site\/wp-content\/uploads\/2017\/12\/greve_7-768x409.jpg 768w\" sizes=\"(max-width: 800px) 100vw, 800px\" \/><\/p>\n<p>No dia em que a Greve de Fome completa seu s\u00e9timo dia, os grevistas voltam em maior n\u00famero para a C\u00e2mara dos Deputados em Bras\u00edlia como forma de rep\u00fadio a Reforma da Previd\u00eancia que assombra os trabalhadores do campo e da cidade, e que poder\u00e1 ser votada a qualquer momento. Al\u00e9m de Josi, Leila e Frei S\u00e9rgio do Movimento dos Pequenos Agricultores (MPA) e F\u00e1bio Tinga do Movimento dos Trabalhadores e Trabalhadoras por Direitos (MTD), somam-se \u00e0 greve de fome Simoneide de Jesus do MPA, Rosangela Piovizani e Rosa Jobi do Movimento de Mulheres Camponesas (MMC). Somando 5 companheiras e 2 companheiros.<\/p>\n<p>As recentes not\u00edcias da proposi\u00e7\u00e3o do relator da Reforma da Previd\u00eancia, Arthur Maia (PPS-BA), de retirar os trabalhadores rurais da proposta encaminhada para vota\u00e7\u00e3o \u00e9 mentira, assim como, a n\u00e3o vota\u00e7\u00e3o da reforma na C\u00e2mara do Deputados n\u00e3o desmobilizaram os trabalhadores e sim fortaleceu a resist\u00eancia contra a Reforma da Previd\u00eancia. Tanto que para o MPA a Greve de Fome significa que alguns passar\u00e3o fome por alguns dias para evitar que muitos passem fome uma vida inteira, explica Frei S\u00e9rgio G\u00f6rgen que completa o 7\u00ba dia em greve de fome. <br \/>\nRefor\u00e7ando a resist\u00eancia e as a\u00e7\u00f5es contra a Reforma da Previd\u00eancia, as organiza\u00e7\u00f5es que comp\u00f5e a Frente Brasil Popular est\u00e3o chamando diversas a\u00e7\u00f5es a partir de hoje, 11 de dezembro, em todo Pa\u00eds. <\/p>\n<p>\u201cConvocamos todas as organiza\u00e7\u00f5es do campo e da cidade para resistirem a Reforma, tamb\u00e9m para somarem for\u00e7as nas a\u00e7\u00f5es em todos os Estados, para que possamos barrar a Reforma da Previd\u00eancia. \u00c9 hora de tomarmos medidas de sacrif\u00edcio, mas que ser\u00e3o necess\u00e1rias para garantir os nossos direitos e em especial para nossas gera\u00e7\u00f5es futuras, temos que dar mais um passo para esmagar a Reforma da Previd\u00eancia em seu ninho golpista\u201d, afirma Maria Kaz\u00e9, da coordena\u00e7\u00e3o nacional do MPA.<\/p>\n<p>Por Comunica\u00e7\u00e3o MPA<\/p>\n","protected":false},"excerpt":{"rendered":"<p>No dia em que a Greve de Fome completa seu s\u00e9timo dia, os grevistas voltam em maior n\u00famero para a C\u00e2mara dos Deputados em Bras\u00edlia como forma de rep\u00fadio a Reforma da Previd\u00eancia que assombra os trabalhadores do campo e da cidade, e que poder\u00e1 ser votada a qualquer momento. Al\u00e9m de Josi, Leila e Frei S\u00e9rgio do Movimento dos Pequenos Agricultores (MPA) e F\u00e1bio Tinga do Movimento dos Trabalhadores e Trabalhadoras por Direitos (MTD), somam-se \u00e0 greve de fome Simoneide de Jesus do MPA, Rosangela Piovizani e Rosa Jobi do Movimento de Mulheres Camponesas (MMC). Somando 5 companheiras e 2 companheiros.<\/p>\n","protected":false},"featured_media":571,"template":"","categorias_noticias":[13],"class_list":["post-569","noticias","type-noticias","status-publish","has-post-thumbnail","hentry","categorias_noticias-noticias"],"acf":[],"yoast_head":"<!-- This site is optimized with the Yoast SEO plugin v27.2 - https:\/\/yoast.com\/product\/yoast-seo-wordpress\/ -->\n<title>7\u00ba dia de Greve de Fome: grevistas voltam para C\u00e2mara dos Deputados em maior n\u00famero - Instituto Cultural Padre Josimo<\/title>\n<meta name=\"robots\" content=\"index, follow, max-snippet:-1, max-image-preview:large, max-video-preview:-1\" \/>\n<link rel=\"canonical\" href=\"https:\/\/padrejosimo.com.br\/site\/noticias\/7o-dia-de-greve-de-fome-grevistas-voltam-para-camara-dos-deputados-em-maior-numero\/\" \/>\n<meta property=\"og:locale\" content=\"pt_BR\" \/>\n<meta property=\"og:type\" content=\"article\" \/>\n<meta property=\"og:title\" content=\"7\u00ba dia de Greve de Fome: grevistas voltam para C\u00e2mara dos Deputados em maior n\u00famero - Instituto Cultural Padre Josimo\" \/>\n<meta property=\"og:description\" content=\"No dia em que a Greve de Fome completa seu s\u00e9timo dia, os grevistas voltam em maior n\u00famero para a C\u00e2mara dos Deputados em Bras\u00edlia como forma de rep\u00fadio a Reforma da Previd\u00eancia que assombra os trabalhadores do campo e da cidade, e que poder\u00e1 ser votada a qualquer momento. Al\u00e9m de Josi, Leila e Frei S\u00e9rgio do Movimento dos Pequenos Agricultores (MPA) e F\u00e1bio Tinga do Movimento dos Trabalhadores e Trabalhadoras por Direitos (MTD), somam-se \u00e0 greve de fome Simoneide de Jesus do MPA, Rosangela Piovizani e Rosa Jobi do Movimento de Mulheres Camponesas (MMC). Somando 5 companheiras e 2 companheiros.\" \/>\n<meta property=\"og:url\" content=\"https:\/\/padrejosimo.com.br\/site\/noticias\/7o-dia-de-greve-de-fome-grevistas-voltam-para-camara-dos-deputados-em-maior-numero\/\" \/>\n<meta property=\"og:site_name\" content=\"Instituto Cultural Padre Josimo\" \/>\n<meta property=\"og:image\" content=\"https:\/\/padrejosimo.com.br\/site\/wp-content\/uploads\/2017\/12\/greve_7.jpg\" \/>\n\t<meta property=\"og:image:width\" content=\"800\" \/>\n\t<meta property=\"og:image:height\" content=\"426\" \/>\n\t<meta property=\"og:image:type\" content=\"image\/jpeg\" \/>\n<meta name=\"twitter:card\" content=\"summary_large_image\" \/>\n<meta name=\"twitter:label1\" content=\"Est. tempo de leitura\" \/>\n\t<meta name=\"twitter:data1\" content=\"2 minutos\" \/>\n<script type=\"application\/ld+json\" class=\"yoast-schema-graph\">{\"@context\":\"https:\/\/schema.org\",\"@graph\":[{\"@type\":\"WebPage\",\"@id\":\"https:\/\/padrejosimo.com.br\/site\/noticias\/7o-dia-de-greve-de-fome-grevistas-voltam-para-camara-dos-deputados-em-maior-numero\/\",\"url\":\"https:\/\/padrejosimo.com.br\/site\/noticias\/7o-dia-de-greve-de-fome-grevistas-voltam-para-camara-dos-deputados-em-maior-numero\/\",\"name\":\"7\u00ba dia de Greve de Fome: grevistas voltam para C\u00e2mara dos Deputados em maior n\u00famero - Instituto Cultural Padre Josimo\",\"isPartOf\":{\"@id\":\"https:\/\/padrejosimo.com.br\/site\/#website\"},\"primaryImageOfPage\":{\"@id\":\"https:\/\/padrejosimo.com.br\/site\/noticias\/7o-dia-de-greve-de-fome-grevistas-voltam-para-camara-dos-deputados-em-maior-numero\/#primaryimage\"},\"image\":{\"@id\":\"https:\/\/padrejosimo.com.br\/site\/noticias\/7o-dia-de-greve-de-fome-grevistas-voltam-para-camara-dos-deputados-em-maior-numero\/#primaryimage\"},\"thumbnailUrl\":\"https:\/\/padrejosimo.com.br\/site\/wp-content\/uploads\/2017\/12\/greve_7.jpg\",\"datePublished\":\"2017-12-11T17:09:54+00:00\",\"breadcrumb\":{\"@id\":\"https:\/\/padrejosimo.com.br\/site\/noticias\/7o-dia-de-greve-de-fome-grevistas-voltam-para-camara-dos-deputados-em-maior-numero\/#breadcrumb\"},\"inLanguage\":\"pt-BR\",\"potentialAction\":[{\"@type\":\"ReadAction\",\"target\":[\"https:\/\/padrejosimo.com.br\/site\/noticias\/7o-dia-de-greve-de-fome-grevistas-voltam-para-camara-dos-deputados-em-maior-numero\/\"]}]},{\"@type\":\"ImageObject\",\"inLanguage\":\"pt-BR\",\"@id\":\"https:\/\/padrejosimo.com.br\/site\/noticias\/7o-dia-de-greve-de-fome-grevistas-voltam-para-camara-dos-deputados-em-maior-numero\/#primaryimage\",\"url\":\"https:\/\/padrejosimo.com.br\/site\/wp-content\/uploads\/2017\/12\/greve_7.jpg\",\"contentUrl\":\"https:\/\/padrejosimo.com.br\/site\/wp-content\/uploads\/2017\/12\/greve_7.jpg\",\"width\":800,\"height\":426},{\"@type\":\"BreadcrumbList\",\"@id\":\"https:\/\/padrejosimo.com.br\/site\/noticias\/7o-dia-de-greve-de-fome-grevistas-voltam-para-camara-dos-deputados-em-maior-numero\/#breadcrumb\",\"itemListElement\":[{\"@type\":\"ListItem\",\"position\":1,\"name\":\"In\u00edcio\",\"item\":\"https:\/\/padrejosimo.com.br\/site\/\"},{\"@type\":\"ListItem\",\"position\":2,\"name\":\"Not\u00edcias\",\"item\":\"https:\/\/padrejosimo.com.br\/site\/noticias\/\"},{\"@type\":\"ListItem\",\"position\":3,\"name\":\"7\u00ba dia de Greve de Fome: grevistas voltam para C\u00e2mara dos Deputados em maior n\u00famero\"}]},{\"@type\":\"WebSite\",\"@id\":\"https:\/\/padrejosimo.com.br\/site\/#website\",\"url\":\"https:\/\/padrejosimo.com.br\/site\/\",\"name\":\"Instituto Cultural Padre Josimo\",\"description\":\"Comprometida com a promo\u00e7\u00e3o da justi\u00e7a social, agroecologia e educa\u00e7\u00e3o popular\",\"publisher\":{\"@id\":\"https:\/\/padrejosimo.com.br\/site\/#organization\"},\"alternateName\":\"ICPJ\",\"potentialAction\":[{\"@type\":\"SearchAction\",\"target\":{\"@type\":\"EntryPoint\",\"urlTemplate\":\"https:\/\/padrejosimo.com.br\/site\/?s={search_term_string}\"},\"query-input\":{\"@type\":\"PropertyValueSpecification\",\"valueRequired\":true,\"valueName\":\"search_term_string\"}}],\"inLanguage\":\"pt-BR\"},{\"@type\":\"Organization\",\"@id\":\"https:\/\/padrejosimo.com.br\/site\/#organization\",\"name\":\"Instituto Cultural Padre Josimo\",\"alternateName\":\"ICPJ\",\"url\":\"https:\/\/padrejosimo.com.br\/site\/\",\"logo\":{\"@type\":\"ImageObject\",\"inLanguage\":\"pt-BR\",\"@id\":\"https:\/\/padrejosimo.com.br\/site\/#\/schema\/logo\/image\/\",\"url\":\"https:\/\/padrejosimo.com.br\/site\/wp-content\/uploads\/2025\/09\/cropped-icon-icpj.png\",\"contentUrl\":\"https:\/\/padrejosimo.com.br\/site\/wp-content\/uploads\/2025\/09\/cropped-icon-icpj.png\",\"width\":512,\"height\":512,\"caption\":\"Instituto Cultural Padre Josimo\"},\"image\":{\"@id\":\"https:\/\/padrejosimo.com.br\/site\/#\/schema\/logo\/image\/\"}}]}<\/script>\n<!-- \/ Yoast SEO plugin. -->","yoast_head_json":{"title":"7\u00ba dia de Greve de Fome: grevistas voltam para C\u00e2mara dos Deputados em maior n\u00famero - Instituto Cultural Padre Josimo","robots":{"index":"index","follow":"follow","max-snippet":"max-snippet:-1","max-image-preview":"max-image-preview:large","max-video-preview":"max-video-preview:-1"},"canonical":"https:\/\/padrejosimo.com.br\/site\/noticias\/7o-dia-de-greve-de-fome-grevistas-voltam-para-camara-dos-deputados-em-maior-numero\/","og_locale":"pt_BR","og_type":"article","og_title":"7\u00ba dia de Greve de Fome: grevistas voltam para C\u00e2mara dos Deputados em maior n\u00famero - Instituto Cultural Padre Josimo","og_description":"No dia em que a Greve de Fome completa seu s\u00e9timo dia, os grevistas voltam em maior n\u00famero para a C\u00e2mara dos Deputados em Bras\u00edlia como forma de rep\u00fadio a Reforma da Previd\u00eancia que assombra os trabalhadores do campo e da cidade, e que poder\u00e1 ser votada a qualquer momento. Al\u00e9m de Josi, Leila e Frei S\u00e9rgio do Movimento dos Pequenos Agricultores (MPA) e F\u00e1bio Tinga do Movimento dos Trabalhadores e Trabalhadoras por Direitos (MTD), somam-se \u00e0 greve de fome Simoneide de Jesus do MPA, Rosangela Piovizani e Rosa Jobi do Movimento de Mulheres Camponesas (MMC). Somando 5 companheiras e 2 companheiros.","og_url":"https:\/\/padrejosimo.com.br\/site\/noticias\/7o-dia-de-greve-de-fome-grevistas-voltam-para-camara-dos-deputados-em-maior-numero\/","og_site_name":"Instituto Cultural Padre Josimo","og_image":[{"width":800,"height":426,"url":"https:\/\/padrejosimo.com.br\/site\/wp-content\/uploads\/2017\/12\/greve_7.jpg","type":"image\/jpeg"}],"twitter_card":"summary_large_image","twitter_misc":{"Est. tempo de leitura":"2 minutos"},"schema":{"@context":"https:\/\/schema.org","@graph":[{"@type":"WebPage","@id":"https:\/\/padrejosimo.com.br\/site\/noticias\/7o-dia-de-greve-de-fome-grevistas-voltam-para-camara-dos-deputados-em-maior-numero\/","url":"https:\/\/padrejosimo.com.br\/site\/noticias\/7o-dia-de-greve-de-fome-grevistas-voltam-para-camara-dos-deputados-em-maior-numero\/","name":"7\u00ba dia de Greve de Fome: grevistas voltam para C\u00e2mara dos Deputados em maior n\u00famero - Instituto Cultural Padre Josimo","isPartOf":{"@id":"https:\/\/padrejosimo.com.br\/site\/#website"},"primaryImageOfPage":{"@id":"https:\/\/padrejosimo.com.br\/site\/noticias\/7o-dia-de-greve-de-fome-grevistas-voltam-para-camara-dos-deputados-em-maior-numero\/#primaryimage"},"image":{"@id":"https:\/\/padrejosimo.com.br\/site\/noticias\/7o-dia-de-greve-de-fome-grevistas-voltam-para-camara-dos-deputados-em-maior-numero\/#primaryimage"},"thumbnailUrl":"https:\/\/padrejosimo.com.br\/site\/wp-content\/uploads\/2017\/12\/greve_7.jpg","datePublished":"2017-12-11T17:09:54+00:00","breadcrumb":{"@id":"https:\/\/padrejosimo.com.br\/site\/noticias\/7o-dia-de-greve-de-fome-grevistas-voltam-para-camara-dos-deputados-em-maior-numero\/#breadcrumb"},"inLanguage":"pt-BR","potentialAction":[{"@type":"ReadAction","target":["https:\/\/padrejosimo.com.br\/site\/noticias\/7o-dia-de-greve-de-fome-grevistas-voltam-para-camara-dos-deputados-em-maior-numero\/"]}]},{"@type":"ImageObject","inLanguage":"pt-BR","@id":"https:\/\/padrejosimo.com.br\/site\/noticias\/7o-dia-de-greve-de-fome-grevistas-voltam-para-camara-dos-deputados-em-maior-numero\/#primaryimage","url":"https:\/\/padrejosimo.com.br\/site\/wp-content\/uploads\/2017\/12\/greve_7.jpg","contentUrl":"https:\/\/padrejosimo.com.br\/site\/wp-content\/uploads\/2017\/12\/greve_7.jpg","width":800,"height":426},{"@type":"BreadcrumbList","@id":"https:\/\/padrejosimo.com.br\/site\/noticias\/7o-dia-de-greve-de-fome-grevistas-voltam-para-camara-dos-deputados-em-maior-numero\/#breadcrumb","itemListElement":[{"@type":"ListItem","position":1,"name":"In\u00edcio","item":"https:\/\/padrejosimo.com.br\/site\/"},{"@type":"ListItem","position":2,"name":"Not\u00edcias","item":"https:\/\/padrejosimo.com.br\/site\/noticias\/"},{"@type":"ListItem","position":3,"name":"7\u00ba dia de Greve de Fome: grevistas voltam para C\u00e2mara dos Deputados em maior n\u00famero"}]},{"@type":"WebSite","@id":"https:\/\/padrejosimo.com.br\/site\/#website","url":"https:\/\/padrejosimo.com.br\/site\/","name":"Instituto Cultural Padre Josimo","description":"Comprometida com a promo\u00e7\u00e3o da justi\u00e7a social, agroecologia e educa\u00e7\u00e3o popular","publisher":{"@id":"https:\/\/padrejosimo.com.br\/site\/#organization"},"alternateName":"ICPJ","potentialAction":[{"@type":"SearchAction","target":{"@type":"EntryPoint","urlTemplate":"https:\/\/padrejosimo.com.br\/site\/?s={search_term_string}"},"query-input":{"@type":"PropertyValueSpecification","valueRequired":true,"valueName":"search_term_string"}}],"inLanguage":"pt-BR"},{"@type":"Organization","@id":"https:\/\/padrejosimo.com.br\/site\/#organization","name":"Instituto Cultural Padre Josimo","alternateName":"ICPJ","url":"https:\/\/padrejosimo.com.br\/site\/","logo":{"@type":"ImageObject","inLanguage":"pt-BR","@id":"https:\/\/padrejosimo.com.br\/site\/#\/schema\/logo\/image\/","url":"https:\/\/padrejosimo.com.br\/site\/wp-content\/uploads\/2025\/09\/cropped-icon-icpj.png","contentUrl":"https:\/\/padrejosimo.com.br\/site\/wp-content\/uploads\/2025\/09\/cropped-icon-icpj.png","width":512,"height":512,"caption":"Instituto Cultural Padre Josimo"},"image":{"@id":"https:\/\/padrejosimo.com.br\/site\/#\/schema\/logo\/image\/"}}]}},"_links":{"self":[{"href":"https:\/\/padrejosimo.com.br\/site\/wp-json\/wp\/v2\/noticias\/569","targetHints":{"allow":["GET"]}}],"collection":[{"href":"https:\/\/padrejosimo.com.br\/site\/wp-json\/wp\/v2\/noticias"}],"about":[{"href":"https:\/\/padrejosimo.com.br\/site\/wp-json\/wp\/v2\/types\/noticias"}],"wp:featuredmedia":[{"embeddable":true,"href":"https:\/\/padrejosimo.com.br\/site\/wp-json\/wp\/v2\/media\/571"}],"wp:attachment":[{"href":"https:\/\/padrejosimo.com.br\/site\/wp-json\/wp\/v2\/media?parent=569"}],"wp:term":[{"taxonomy":"categorias_noticias","embeddable":true,"href":"https:\/\/padrejosimo.com.br\/site\/wp-json\/wp\/v2\/categorias_noticias?post=569"}],"curies":[{"name":"wp","href":"https:\/\/api.w.org\/{rel}","templated":true}]}}