{"id":568,"date":"2017-12-11T14:15:20","date_gmt":"2017-12-11T16:15:20","guid":{"rendered":"http:\/\/padrejosimo.com.br\/site\/?post_type=noticias&#038;p=568"},"modified":"2017-12-11T14:27:37","modified_gmt":"2017-12-11T16:27:37","slug":"convocatoria-do-movimento-dos-pequenos-agricultores-greve-de-fome-contra-reforma-da-previdencia","status":"publish","type":"noticias","link":"https:\/\/padrejosimo.com.br\/site\/noticias\/convocatoria-do-movimento-dos-pequenos-agricultores-greve-de-fome-contra-reforma-da-previdencia\/","title":{"rendered":"Convocat\u00f3ria do Movimento dos Pequenos Agricultores: Greve de fome contra reforma da previd\u00eancia"},"content":{"rendered":"<p><img fetchpriority=\"high\" decoding=\"async\" class=\"alignleft wp-image-561 size-medium\" src=\"https:\/\/padrejosimo.com.br\/site\/wp-content\/uploads\/2017\/12\/greve-300x200.jpg\" alt=\"\" width=\"300\" height=\"200\" srcset=\"https:\/\/padrejosimo.com.br\/site\/wp-content\/uploads\/2017\/12\/greve-300x200.jpg 300w, https:\/\/padrejosimo.com.br\/site\/wp-content\/uploads\/2017\/12\/greve.jpg 720w\" sizes=\"(max-width: 300px) 100vw, 300px\" \/>O Movimento dos Pequenos Agricultores convoca toda sua milit\u00e2ncia, amigos e apoiadores a somar-se a partir de segunda-feira, dia 11 de dezembro de 2017 em um Jejum P\u00fablico na C\u00e2mara dos Deputados.<span id=\"more-4480\"><\/span><\/p>\n<p>Orientamos tamb\u00e9m que sejam organizados Jejuns em todas as Assembleias Legislativas Estaduais e C\u00e2maras de Vereadores dos estados como forma de pressionar os deputados na C\u00e2mara Federal e em suas regi\u00f5es de origem, para que votem contra a aprova\u00e7\u00e3o da Reforma da Previd\u00eancia.<\/p>\n<p>Precisamos ocupar o m\u00e1ximo de espa\u00e7os poss\u00edveis, tribuna nas C\u00e2maras de Vereadores, r\u00e1dios, redes sociais e jornais locais onde possamos fazer a den\u00fancia do retrocesso que essa reforma representa para o povo brasileiro.<\/p>\n<p>O an\u00fancio do Governo Golpista de Michel Temer de adiar a vota\u00e7\u00e3o da reforma para o dia 18 de dezembro, demonstra fraqueza do governo, falta de apoio popular e sobretudo, que mesmo doando cargos, obras p\u00fablicas e liberando emendas aos deputados aliados, n\u00e3o est\u00e1 conseguindo os votos necess\u00e1rios. Tal dificuldade encontrada pelos golpistas \u00e9 fruto da luta das for\u00e7as sociais organizadas que est\u00e3o lhes imprimindo a maior derrota at\u00e9 o momento.<\/p>\n<p>A luta Companheir@s!<\/p>\n<p>Ligue\/mande Whatsapp para o deputado que voc\u00ea votou, para os vereadores do seu munic\u00edpio, pe\u00e7a que entrem em contato com os deputados e votem contra a Reforma da Previd\u00eancia.<\/p>\n<p><em>Coordena\u00e7\u00e3o Nacional do Movimento dos Pequenos Agricultores<\/em><\/p>\n","protected":false},"excerpt":{"rendered":"<p>Movimento convoca toda sua milit\u00e2ncia, amigos e apoiadores a somar-se a partir de segunda-feira, dia 11 de dezembro de 2017 em um Jejum P\u00fablico na C\u00e2mara dos Deputados. Orientamos tamb\u00e9m que sejam organizados Jejuns em todas as Assembleias Legislativas Estaduais e C\u00e2maras de Vereadores dos estados como forma de pressionar os deputados na C\u00e2mara Federal e em suas regi\u00f5es de origem, para que votem contra a aprova\u00e7\u00e3o da Reforma da Previd\u00eancia.<\/p>\n","protected":false},"featured_media":561,"template":"","categorias_noticias":[13],"class_list":["post-568","noticias","type-noticias","status-publish","has-post-thumbnail","hentry","categorias_noticias-noticias"],"acf":[],"yoast_head":"<!-- This site is optimized with the Yoast SEO plugin v27.2 - https:\/\/yoast.com\/product\/yoast-seo-wordpress\/ -->\n<title>Convocat\u00f3ria do Movimento dos Pequenos Agricultores: Greve de fome contra reforma da previd\u00eancia - Instituto Cultural Padre Josimo<\/title>\n<meta name=\"robots\" content=\"index, follow, max-snippet:-1, max-image-preview:large, max-video-preview:-1\" \/>\n<link rel=\"canonical\" href=\"https:\/\/padrejosimo.com.br\/site\/noticias\/convocatoria-do-movimento-dos-pequenos-agricultores-greve-de-fome-contra-reforma-da-previdencia\/\" \/>\n<meta property=\"og:locale\" content=\"pt_BR\" \/>\n<meta property=\"og:type\" content=\"article\" \/>\n<meta property=\"og:title\" content=\"Convocat\u00f3ria do Movimento dos Pequenos Agricultores: Greve de fome contra reforma da previd\u00eancia - Instituto Cultural Padre Josimo\" \/>\n<meta property=\"og:description\" content=\"Movimento convoca toda sua milit\u00e2ncia, amigos e apoiadores a somar-se a partir de segunda-feira, dia 11 de dezembro de 2017 em um Jejum P\u00fablico na C\u00e2mara dos Deputados. Orientamos tamb\u00e9m que sejam organizados Jejuns em todas as Assembleias Legislativas Estaduais e C\u00e2maras de Vereadores dos estados como forma de pressionar os deputados na C\u00e2mara Federal e em suas regi\u00f5es de origem, para que votem contra a aprova\u00e7\u00e3o da Reforma da Previd\u00eancia.\" \/>\n<meta property=\"og:url\" content=\"https:\/\/padrejosimo.com.br\/site\/noticias\/convocatoria-do-movimento-dos-pequenos-agricultores-greve-de-fome-contra-reforma-da-previdencia\/\" \/>\n<meta property=\"og:site_name\" content=\"Instituto Cultural Padre Josimo\" \/>\n<meta property=\"article:modified_time\" content=\"2017-12-11T16:27:37+00:00\" \/>\n<meta property=\"og:image\" content=\"https:\/\/padrejosimo.com.br\/site\/wp-content\/uploads\/2017\/12\/greve.jpg\" \/>\n\t<meta property=\"og:image:width\" content=\"720\" \/>\n\t<meta property=\"og:image:height\" content=\"479\" \/>\n\t<meta property=\"og:image:type\" content=\"image\/jpeg\" \/>\n<meta name=\"twitter:card\" content=\"summary_large_image\" \/>\n<meta name=\"twitter:label1\" content=\"Est. tempo de leitura\" \/>\n\t<meta name=\"twitter:data1\" content=\"1 minuto\" \/>\n<script type=\"application\/ld+json\" class=\"yoast-schema-graph\">{\"@context\":\"https:\/\/schema.org\",\"@graph\":[{\"@type\":\"WebPage\",\"@id\":\"https:\/\/padrejosimo.com.br\/site\/noticias\/convocatoria-do-movimento-dos-pequenos-agricultores-greve-de-fome-contra-reforma-da-previdencia\/\",\"url\":\"https:\/\/padrejosimo.com.br\/site\/noticias\/convocatoria-do-movimento-dos-pequenos-agricultores-greve-de-fome-contra-reforma-da-previdencia\/\",\"name\":\"Convocat\u00f3ria do Movimento dos Pequenos Agricultores: Greve de fome contra reforma da previd\u00eancia - Instituto Cultural Padre Josimo\",\"isPartOf\":{\"@id\":\"https:\/\/padrejosimo.com.br\/site\/#website\"},\"primaryImageOfPage\":{\"@id\":\"https:\/\/padrejosimo.com.br\/site\/noticias\/convocatoria-do-movimento-dos-pequenos-agricultores-greve-de-fome-contra-reforma-da-previdencia\/#primaryimage\"},\"image\":{\"@id\":\"https:\/\/padrejosimo.com.br\/site\/noticias\/convocatoria-do-movimento-dos-pequenos-agricultores-greve-de-fome-contra-reforma-da-previdencia\/#primaryimage\"},\"thumbnailUrl\":\"https:\/\/padrejosimo.com.br\/site\/wp-content\/uploads\/2017\/12\/greve.jpg\",\"datePublished\":\"2017-12-11T16:15:20+00:00\",\"dateModified\":\"2017-12-11T16:27:37+00:00\",\"breadcrumb\":{\"@id\":\"https:\/\/padrejosimo.com.br\/site\/noticias\/convocatoria-do-movimento-dos-pequenos-agricultores-greve-de-fome-contra-reforma-da-previdencia\/#breadcrumb\"},\"inLanguage\":\"pt-BR\",\"potentialAction\":[{\"@type\":\"ReadAction\",\"target\":[\"https:\/\/padrejosimo.com.br\/site\/noticias\/convocatoria-do-movimento-dos-pequenos-agricultores-greve-de-fome-contra-reforma-da-previdencia\/\"]}]},{\"@type\":\"ImageObject\",\"inLanguage\":\"pt-BR\",\"@id\":\"https:\/\/padrejosimo.com.br\/site\/noticias\/convocatoria-do-movimento-dos-pequenos-agricultores-greve-de-fome-contra-reforma-da-previdencia\/#primaryimage\",\"url\":\"https:\/\/padrejosimo.com.br\/site\/wp-content\/uploads\/2017\/12\/greve.jpg\",\"contentUrl\":\"https:\/\/padrejosimo.com.br\/site\/wp-content\/uploads\/2017\/12\/greve.jpg\",\"width\":720,\"height\":479},{\"@type\":\"BreadcrumbList\",\"@id\":\"https:\/\/padrejosimo.com.br\/site\/noticias\/convocatoria-do-movimento-dos-pequenos-agricultores-greve-de-fome-contra-reforma-da-previdencia\/#breadcrumb\",\"itemListElement\":[{\"@type\":\"ListItem\",\"position\":1,\"name\":\"In\u00edcio\",\"item\":\"https:\/\/padrejosimo.com.br\/site\/\"},{\"@type\":\"ListItem\",\"position\":2,\"name\":\"Not\u00edcias\",\"item\":\"https:\/\/padrejosimo.com.br\/site\/noticias\/\"},{\"@type\":\"ListItem\",\"position\":3,\"name\":\"Convocat\u00f3ria do Movimento dos Pequenos Agricultores: Greve de fome contra reforma da previd\u00eancia\"}]},{\"@type\":\"WebSite\",\"@id\":\"https:\/\/padrejosimo.com.br\/site\/#website\",\"url\":\"https:\/\/padrejosimo.com.br\/site\/\",\"name\":\"Instituto Cultural Padre Josimo\",\"description\":\"Comprometida com a promo\u00e7\u00e3o da justi\u00e7a social, agroecologia e educa\u00e7\u00e3o popular\",\"publisher\":{\"@id\":\"https:\/\/padrejosimo.com.br\/site\/#organization\"},\"alternateName\":\"ICPJ\",\"potentialAction\":[{\"@type\":\"SearchAction\",\"target\":{\"@type\":\"EntryPoint\",\"urlTemplate\":\"https:\/\/padrejosimo.com.br\/site\/?s={search_term_string}\"},\"query-input\":{\"@type\":\"PropertyValueSpecification\",\"valueRequired\":true,\"valueName\":\"search_term_string\"}}],\"inLanguage\":\"pt-BR\"},{\"@type\":\"Organization\",\"@id\":\"https:\/\/padrejosimo.com.br\/site\/#organization\",\"name\":\"Instituto Cultural Padre Josimo\",\"alternateName\":\"ICPJ\",\"url\":\"https:\/\/padrejosimo.com.br\/site\/\",\"logo\":{\"@type\":\"ImageObject\",\"inLanguage\":\"pt-BR\",\"@id\":\"https:\/\/padrejosimo.com.br\/site\/#\/schema\/logo\/image\/\",\"url\":\"https:\/\/padrejosimo.com.br\/site\/wp-content\/uploads\/2025\/09\/cropped-icon-icpj.png\",\"contentUrl\":\"https:\/\/padrejosimo.com.br\/site\/wp-content\/uploads\/2025\/09\/cropped-icon-icpj.png\",\"width\":512,\"height\":512,\"caption\":\"Instituto Cultural Padre Josimo\"},\"image\":{\"@id\":\"https:\/\/padrejosimo.com.br\/site\/#\/schema\/logo\/image\/\"}}]}<\/script>\n<!-- \/ Yoast SEO plugin. -->","yoast_head_json":{"title":"Convocat\u00f3ria do Movimento dos Pequenos Agricultores: Greve de fome contra reforma da previd\u00eancia - Instituto Cultural Padre Josimo","robots":{"index":"index","follow":"follow","max-snippet":"max-snippet:-1","max-image-preview":"max-image-preview:large","max-video-preview":"max-video-preview:-1"},"canonical":"https:\/\/padrejosimo.com.br\/site\/noticias\/convocatoria-do-movimento-dos-pequenos-agricultores-greve-de-fome-contra-reforma-da-previdencia\/","og_locale":"pt_BR","og_type":"article","og_title":"Convocat\u00f3ria do Movimento dos Pequenos Agricultores: Greve de fome contra reforma da previd\u00eancia - Instituto Cultural Padre Josimo","og_description":"Movimento convoca toda sua milit\u00e2ncia, amigos e apoiadores a somar-se a partir de segunda-feira, dia 11 de dezembro de 2017 em um Jejum P\u00fablico na C\u00e2mara dos Deputados. Orientamos tamb\u00e9m que sejam organizados Jejuns em todas as Assembleias Legislativas Estaduais e C\u00e2maras de Vereadores dos estados como forma de pressionar os deputados na C\u00e2mara Federal e em suas regi\u00f5es de origem, para que votem contra a aprova\u00e7\u00e3o da Reforma da Previd\u00eancia.","og_url":"https:\/\/padrejosimo.com.br\/site\/noticias\/convocatoria-do-movimento-dos-pequenos-agricultores-greve-de-fome-contra-reforma-da-previdencia\/","og_site_name":"Instituto Cultural Padre Josimo","article_modified_time":"2017-12-11T16:27:37+00:00","og_image":[{"width":720,"height":479,"url":"https:\/\/padrejosimo.com.br\/site\/wp-content\/uploads\/2017\/12\/greve.jpg","type":"image\/jpeg"}],"twitter_card":"summary_large_image","twitter_misc":{"Est. tempo de leitura":"1 minuto"},"schema":{"@context":"https:\/\/schema.org","@graph":[{"@type":"WebPage","@id":"https:\/\/padrejosimo.com.br\/site\/noticias\/convocatoria-do-movimento-dos-pequenos-agricultores-greve-de-fome-contra-reforma-da-previdencia\/","url":"https:\/\/padrejosimo.com.br\/site\/noticias\/convocatoria-do-movimento-dos-pequenos-agricultores-greve-de-fome-contra-reforma-da-previdencia\/","name":"Convocat\u00f3ria do Movimento dos Pequenos Agricultores: Greve de fome contra reforma da previd\u00eancia - Instituto Cultural Padre Josimo","isPartOf":{"@id":"https:\/\/padrejosimo.com.br\/site\/#website"},"primaryImageOfPage":{"@id":"https:\/\/padrejosimo.com.br\/site\/noticias\/convocatoria-do-movimento-dos-pequenos-agricultores-greve-de-fome-contra-reforma-da-previdencia\/#primaryimage"},"image":{"@id":"https:\/\/padrejosimo.com.br\/site\/noticias\/convocatoria-do-movimento-dos-pequenos-agricultores-greve-de-fome-contra-reforma-da-previdencia\/#primaryimage"},"thumbnailUrl":"https:\/\/padrejosimo.com.br\/site\/wp-content\/uploads\/2017\/12\/greve.jpg","datePublished":"2017-12-11T16:15:20+00:00","dateModified":"2017-12-11T16:27:37+00:00","breadcrumb":{"@id":"https:\/\/padrejosimo.com.br\/site\/noticias\/convocatoria-do-movimento-dos-pequenos-agricultores-greve-de-fome-contra-reforma-da-previdencia\/#breadcrumb"},"inLanguage":"pt-BR","potentialAction":[{"@type":"ReadAction","target":["https:\/\/padrejosimo.com.br\/site\/noticias\/convocatoria-do-movimento-dos-pequenos-agricultores-greve-de-fome-contra-reforma-da-previdencia\/"]}]},{"@type":"ImageObject","inLanguage":"pt-BR","@id":"https:\/\/padrejosimo.com.br\/site\/noticias\/convocatoria-do-movimento-dos-pequenos-agricultores-greve-de-fome-contra-reforma-da-previdencia\/#primaryimage","url":"https:\/\/padrejosimo.com.br\/site\/wp-content\/uploads\/2017\/12\/greve.jpg","contentUrl":"https:\/\/padrejosimo.com.br\/site\/wp-content\/uploads\/2017\/12\/greve.jpg","width":720,"height":479},{"@type":"BreadcrumbList","@id":"https:\/\/padrejosimo.com.br\/site\/noticias\/convocatoria-do-movimento-dos-pequenos-agricultores-greve-de-fome-contra-reforma-da-previdencia\/#breadcrumb","itemListElement":[{"@type":"ListItem","position":1,"name":"In\u00edcio","item":"https:\/\/padrejosimo.com.br\/site\/"},{"@type":"ListItem","position":2,"name":"Not\u00edcias","item":"https:\/\/padrejosimo.com.br\/site\/noticias\/"},{"@type":"ListItem","position":3,"name":"Convocat\u00f3ria do Movimento dos Pequenos Agricultores: Greve de fome contra reforma da previd\u00eancia"}]},{"@type":"WebSite","@id":"https:\/\/padrejosimo.com.br\/site\/#website","url":"https:\/\/padrejosimo.com.br\/site\/","name":"Instituto Cultural Padre Josimo","description":"Comprometida com a promo\u00e7\u00e3o da justi\u00e7a social, agroecologia e educa\u00e7\u00e3o popular","publisher":{"@id":"https:\/\/padrejosimo.com.br\/site\/#organization"},"alternateName":"ICPJ","potentialAction":[{"@type":"SearchAction","target":{"@type":"EntryPoint","urlTemplate":"https:\/\/padrejosimo.com.br\/site\/?s={search_term_string}"},"query-input":{"@type":"PropertyValueSpecification","valueRequired":true,"valueName":"search_term_string"}}],"inLanguage":"pt-BR"},{"@type":"Organization","@id":"https:\/\/padrejosimo.com.br\/site\/#organization","name":"Instituto Cultural Padre Josimo","alternateName":"ICPJ","url":"https:\/\/padrejosimo.com.br\/site\/","logo":{"@type":"ImageObject","inLanguage":"pt-BR","@id":"https:\/\/padrejosimo.com.br\/site\/#\/schema\/logo\/image\/","url":"https:\/\/padrejosimo.com.br\/site\/wp-content\/uploads\/2025\/09\/cropped-icon-icpj.png","contentUrl":"https:\/\/padrejosimo.com.br\/site\/wp-content\/uploads\/2025\/09\/cropped-icon-icpj.png","width":512,"height":512,"caption":"Instituto Cultural Padre Josimo"},"image":{"@id":"https:\/\/padrejosimo.com.br\/site\/#\/schema\/logo\/image\/"}}]}},"_links":{"self":[{"href":"https:\/\/padrejosimo.com.br\/site\/wp-json\/wp\/v2\/noticias\/568","targetHints":{"allow":["GET"]}}],"collection":[{"href":"https:\/\/padrejosimo.com.br\/site\/wp-json\/wp\/v2\/noticias"}],"about":[{"href":"https:\/\/padrejosimo.com.br\/site\/wp-json\/wp\/v2\/types\/noticias"}],"wp:featuredmedia":[{"embeddable":true,"href":"https:\/\/padrejosimo.com.br\/site\/wp-json\/wp\/v2\/media\/561"}],"wp:attachment":[{"href":"https:\/\/padrejosimo.com.br\/site\/wp-json\/wp\/v2\/media?parent=568"}],"wp:term":[{"taxonomy":"categorias_noticias","embeddable":true,"href":"https:\/\/padrejosimo.com.br\/site\/wp-json\/wp\/v2\/categorias_noticias?post=568"}],"curies":[{"name":"wp","href":"https:\/\/api.w.org\/{rel}","templated":true}]}}