{"id":566,"date":"2017-12-08T15:06:56","date_gmt":"2017-12-08T17:06:56","guid":{"rendered":"http:\/\/padrejosimo.com.br\/site\/?post_type=noticias&#038;p=566"},"modified":"2017-12-08T15:06:56","modified_gmt":"2017-12-08T17:06:56","slug":"nota-de-solidariedade-da-conferencia-dos-religiosos-do-brasil-a-greve-de-fome-contra-reforma-da-previdencia","status":"publish","type":"noticias","link":"https:\/\/padrejosimo.com.br\/site\/noticias\/nota-de-solidariedade-da-conferencia-dos-religiosos-do-brasil-a-greve-de-fome-contra-reforma-da-previdencia\/","title":{"rendered":"Nota de Solidariedade da Confer\u00eancia dos Religiosos do Brasil \u00e0 greve de fome contra reforma da previd\u00eancia"},"content":{"rendered":"<figure id=\"attachment_567\" aria-describedby=\"caption-attachment-567\" style=\"width: 768px\" class=\"wp-caption aligncenter\"><img fetchpriority=\"high\" decoding=\"async\" class=\"size-full wp-image-567\" src=\"https:\/\/padrejosimo.com.br\/site\/wp-content\/uploads\/2017\/12\/IMG-20171207-WA0008-768x576.jpg\" alt=\"\" width=\"768\" height=\"576\" srcset=\"https:\/\/padrejosimo.com.br\/site\/wp-content\/uploads\/2017\/12\/IMG-20171207-WA0008-768x576.jpg 768w, https:\/\/padrejosimo.com.br\/site\/wp-content\/uploads\/2017\/12\/IMG-20171207-WA0008-768x576-300x225.jpg 300w\" sizes=\"(max-width: 768px) 100vw, 768px\" \/><figcaption id=\"caption-attachment-567\" class=\"wp-caption-text\">Representante da CRB, Frei Jos\u00e9 Fernandes (esquerda), junto aos grevistas<\/figcaption><\/figure>\n<p>Continuamos a ser surpreendidos\/as com not\u00edcias cada vez mais desagrad\u00e1veis e tristes contra os direitos humanos, em nosso pa\u00eds, campe\u00e3o na viola\u00e7\u00e3o dos direitos fundamentais do ser humano, particularmente dos mais pobres e vulner\u00e1veis. Uma dessas, j\u00e1 t\u00e3o divulgada nos meios sociais, \u00e9 a reforma da Previd\u00eancia que despertou a iniciativa de irm\u00e3o e irm\u00e3s nossas \u00e0 uma greve de fome!<\/p>\n<p>Em nome de mais de 300 mil fam\u00edlias camponesas de todo o Brasil, Frei S\u00e9rgio G\u00f6rgen \u2013 frade franciscano, Josi Costa e Leila Denise \u2013membros do Movimento de Pequenos Agricultores \u2013 est\u00e3o em Greve de Fome, h\u00e1 4 dias. A Greve de Fome, afirma Leila \u201csignifica que alguns passar\u00e3o fome por alguns dias para evitar que muitos milh\u00f5es de brasileiros e brasileiras passem fome uma vida inteira\u201d.<\/p>\n<p>De acordo com os tr\u00eas grevistas, o objetivo desta a\u00e7\u00e3o \u201c\u00e9 denunciar o desmonte da Previd\u00eancia, bem como a mentira de que os trabalhadores rurais estariam fora da Reforma da Previd\u00eancia, como havia anunciado o relator da proposta, Arthur Maia\u201d e, acrescentam: \u201csabemos do desafio que nos \u00e9 imposto \u00e0 priva\u00e7\u00e3o de nos alimentarmos, mas visto o n\u00edvel de retirada de direitos que se encontra, \u00e9 uma das a\u00e7\u00f5es que estamos dispostos a fazer para contribuir com a derrocada dessa Reforma\u201d. Essa greve, em \u00faltima inst\u00e2ncia, tem por objetivo, afirmam: \u201cevitar o grande preju\u00edzo, caso a Reforma da Previd\u00eancia seja aprovada, o que converter\u00e1 em uma trag\u00e9dia social\u201d. \u00a0<\/p>\n<p>O projeto de\u00a0 Emenda Constitucional (PEC 287\/2016), do Executivo, depois de tramitar por um ano e oferecer um acervo completo de\u00a0sacrif\u00edcios \u00e0 Previd\u00eancia Social (RGPS-INSS), novas obriga\u00e7\u00f5es\u00a0\u00e0 Previd\u00eancia dos Servidores P\u00fablicos e privil\u00e9gios financeiros \u00e0 Previd\u00eancia Complementar Privada, recuou parcialmente na primeira parte, para tentar passar \u00e0 segunda, a toque de caixa. Mas, a Previd\u00eancia Social no formato atual do texto que se pretende votar neste final de ano, n\u00e3o est\u00e1 isenta de malignidades para os segurados do INSS. Reduz-se fortemente o valor dos benef\u00edcios a serem pagos, comparativamente aos atuais, exceto apenas o benef\u00edcio do sal\u00e1rio m\u00ednimo (o RGPS paga benef\u00edcios de um sal\u00e1rio m\u00ednimo at\u00e9 5.536,00 reais), que ficam limitados a 60% do sal\u00e1rio m\u00e9dio de contribui\u00e7\u00e3o para efeito de pagamento de benef\u00edcio, quando atualmente essa regra \u00e9 de 85%.<\/p>\n<p>O formato da \u201creforma&#8221; e seu car\u00e1ter privatista, em presen\u00e7a de uma legisla\u00e7\u00e3o trabalhista que aumenta a rotatividade do trabalho, reduz sal\u00e1rios e tempos de contribui\u00e7\u00e3o registrados na Previd\u00eancia,\u00a0\u00e9 parte e pe\u00e7a de um enredo de malignidades na pol\u00edtica social, que mesmo mitigada por conta da press\u00e3o popular, ainda contem algumas c\u00e9lulas malignas, fatais a uma vida social digna. O formato atual da PEC, de amplia\u00e7\u00e3o dos privil\u00e9gios \u00e0 Previd\u00eancia Complementar, n\u00e3o merece nenhuma urg\u00eancia, sequer aprova\u00e7\u00e3o. A amputa\u00e7\u00e3o de direitos b\u00e1sicos no \u00e2mbito do INSS \u00e9 esc\u00e1rnio, face ao j\u00e1 muito restrito campo dos direitos b\u00e1sicos. Numa vis\u00e3o de cidadania, o melhor caminho \u00e9 dizer n\u00e3o, ainda mais a um proponente totalmente inconfi\u00e1vel &#8211; governo Temer e sua base parlamentar.<\/p>\n<p>Face a essa realidade, a Confer\u00eancia dos Religiosos e Religiosas do Brasil, como consagrados e consagradas a servi\u00e7o da vida, unimo-nos ao Frei S\u00e9rgio G\u00f6rgen, Josi Costa, Leila Denise com pleno apoio \u00e0 causa pois acreditamos que a \u201cpaz \u00e9 fruto da justi\u00e7a\u201d (cf. Is 32,17) e insistentemente lutamos por um mundo mais humano, justo e fraterno. Neste precioso tempo de Advento,confirmamos nossa Esperan\u00e7a em Jesus, Deus Conosco, que quer \u201cvida em abund\u00e2ncia para todos\u201d (cf Jo10,10). S\u00f3 assim podemos dizer a TODOS\/AS: Feliz Natal!<\/p>\n<p>Bras\u00edlia, DF, 08 de dezembro de 2017<\/p>\n<p>IR.MARIA IN\u00caS V.RIBEIRO<br \/>\nPresidente da CRB Nacional<\/p>\n","protected":false},"excerpt":{"rendered":"<p>A Confer\u00eancia dos Religiosos e Religiosas do Brasil, como consagrados e consagradas a servi\u00e7o da vida, se une ao Frei S\u00e9rgio G\u00f6rgen, Josi Costa, Leila Denise com pleno apoio \u00e0 causa, acreditando que a \u201cpaz \u00e9 fruto da justi\u00e7a\u201d (cf. Is 32,17) e insistentemente lutamos por um mundo mais humano, justo e fraterno.<\/p>\n","protected":false},"featured_media":567,"template":"","categorias_noticias":[13],"class_list":["post-566","noticias","type-noticias","status-publish","has-post-thumbnail","hentry","categorias_noticias-noticias"],"acf":[],"yoast_head":"<!-- This site is optimized with the Yoast SEO plugin v27.2 - https:\/\/yoast.com\/product\/yoast-seo-wordpress\/ -->\n<title>Nota de Solidariedade da Confer\u00eancia dos Religiosos do Brasil \u00e0 greve de fome contra reforma da previd\u00eancia - Instituto Cultural Padre Josimo<\/title>\n<meta name=\"robots\" content=\"index, follow, max-snippet:-1, max-image-preview:large, max-video-preview:-1\" \/>\n<link rel=\"canonical\" href=\"https:\/\/padrejosimo.com.br\/site\/noticias\/nota-de-solidariedade-da-conferencia-dos-religiosos-do-brasil-a-greve-de-fome-contra-reforma-da-previdencia\/\" \/>\n<meta property=\"og:locale\" content=\"pt_BR\" \/>\n<meta property=\"og:type\" content=\"article\" \/>\n<meta property=\"og:title\" content=\"Nota de Solidariedade da Confer\u00eancia dos Religiosos do Brasil \u00e0 greve de fome contra reforma da previd\u00eancia - Instituto Cultural Padre Josimo\" \/>\n<meta property=\"og:description\" content=\"A Confer\u00eancia dos Religiosos e Religiosas do Brasil, como consagrados e consagradas a servi\u00e7o da vida, se une ao Frei S\u00e9rgio G\u00f6rgen, Josi Costa, Leila Denise com pleno apoio \u00e0 causa, acreditando que a \u201cpaz \u00e9 fruto da justi\u00e7a\u201d (cf. Is 32,17) e insistentemente lutamos por um mundo mais humano, justo e fraterno.\" \/>\n<meta property=\"og:url\" content=\"https:\/\/padrejosimo.com.br\/site\/noticias\/nota-de-solidariedade-da-conferencia-dos-religiosos-do-brasil-a-greve-de-fome-contra-reforma-da-previdencia\/\" \/>\n<meta property=\"og:site_name\" content=\"Instituto Cultural Padre Josimo\" \/>\n<meta property=\"og:image\" content=\"https:\/\/padrejosimo.com.br\/site\/wp-content\/uploads\/2017\/12\/IMG-20171207-WA0008-768x576.jpg\" \/>\n\t<meta property=\"og:image:width\" content=\"768\" \/>\n\t<meta property=\"og:image:height\" content=\"576\" \/>\n\t<meta property=\"og:image:type\" content=\"image\/jpeg\" \/>\n<meta name=\"twitter:card\" content=\"summary_large_image\" \/>\n<meta name=\"twitter:label1\" content=\"Est. tempo de leitura\" \/>\n\t<meta name=\"twitter:data1\" content=\"3 minutos\" \/>\n<script type=\"application\/ld+json\" class=\"yoast-schema-graph\">{\"@context\":\"https:\/\/schema.org\",\"@graph\":[{\"@type\":\"WebPage\",\"@id\":\"https:\/\/padrejosimo.com.br\/site\/noticias\/nota-de-solidariedade-da-conferencia-dos-religiosos-do-brasil-a-greve-de-fome-contra-reforma-da-previdencia\/\",\"url\":\"https:\/\/padrejosimo.com.br\/site\/noticias\/nota-de-solidariedade-da-conferencia-dos-religiosos-do-brasil-a-greve-de-fome-contra-reforma-da-previdencia\/\",\"name\":\"Nota de Solidariedade da Confer\u00eancia dos Religiosos do Brasil \u00e0 greve de fome contra reforma da previd\u00eancia - Instituto Cultural Padre Josimo\",\"isPartOf\":{\"@id\":\"https:\/\/padrejosimo.com.br\/site\/#website\"},\"primaryImageOfPage\":{\"@id\":\"https:\/\/padrejosimo.com.br\/site\/noticias\/nota-de-solidariedade-da-conferencia-dos-religiosos-do-brasil-a-greve-de-fome-contra-reforma-da-previdencia\/#primaryimage\"},\"image\":{\"@id\":\"https:\/\/padrejosimo.com.br\/site\/noticias\/nota-de-solidariedade-da-conferencia-dos-religiosos-do-brasil-a-greve-de-fome-contra-reforma-da-previdencia\/#primaryimage\"},\"thumbnailUrl\":\"https:\/\/padrejosimo.com.br\/site\/wp-content\/uploads\/2017\/12\/IMG-20171207-WA0008-768x576.jpg\",\"datePublished\":\"2017-12-08T17:06:56+00:00\",\"breadcrumb\":{\"@id\":\"https:\/\/padrejosimo.com.br\/site\/noticias\/nota-de-solidariedade-da-conferencia-dos-religiosos-do-brasil-a-greve-de-fome-contra-reforma-da-previdencia\/#breadcrumb\"},\"inLanguage\":\"pt-BR\",\"potentialAction\":[{\"@type\":\"ReadAction\",\"target\":[\"https:\/\/padrejosimo.com.br\/site\/noticias\/nota-de-solidariedade-da-conferencia-dos-religiosos-do-brasil-a-greve-de-fome-contra-reforma-da-previdencia\/\"]}]},{\"@type\":\"ImageObject\",\"inLanguage\":\"pt-BR\",\"@id\":\"https:\/\/padrejosimo.com.br\/site\/noticias\/nota-de-solidariedade-da-conferencia-dos-religiosos-do-brasil-a-greve-de-fome-contra-reforma-da-previdencia\/#primaryimage\",\"url\":\"https:\/\/padrejosimo.com.br\/site\/wp-content\/uploads\/2017\/12\/IMG-20171207-WA0008-768x576.jpg\",\"contentUrl\":\"https:\/\/padrejosimo.com.br\/site\/wp-content\/uploads\/2017\/12\/IMG-20171207-WA0008-768x576.jpg\",\"width\":768,\"height\":576,\"caption\":\"Representante da CRB, Frei Jos\u00e9 Fernandes (esquerda), junto aos grevistas\"},{\"@type\":\"BreadcrumbList\",\"@id\":\"https:\/\/padrejosimo.com.br\/site\/noticias\/nota-de-solidariedade-da-conferencia-dos-religiosos-do-brasil-a-greve-de-fome-contra-reforma-da-previdencia\/#breadcrumb\",\"itemListElement\":[{\"@type\":\"ListItem\",\"position\":1,\"name\":\"In\u00edcio\",\"item\":\"https:\/\/padrejosimo.com.br\/site\/\"},{\"@type\":\"ListItem\",\"position\":2,\"name\":\"Not\u00edcias\",\"item\":\"https:\/\/padrejosimo.com.br\/site\/noticias\/\"},{\"@type\":\"ListItem\",\"position\":3,\"name\":\"Nota de Solidariedade da Confer\u00eancia dos Religiosos do Brasil \u00e0 greve de fome contra reforma da previd\u00eancia\"}]},{\"@type\":\"WebSite\",\"@id\":\"https:\/\/padrejosimo.com.br\/site\/#website\",\"url\":\"https:\/\/padrejosimo.com.br\/site\/\",\"name\":\"Instituto Cultural Padre Josimo\",\"description\":\"Comprometida com a promo\u00e7\u00e3o da justi\u00e7a social, agroecologia e educa\u00e7\u00e3o popular\",\"publisher\":{\"@id\":\"https:\/\/padrejosimo.com.br\/site\/#organization\"},\"alternateName\":\"ICPJ\",\"potentialAction\":[{\"@type\":\"SearchAction\",\"target\":{\"@type\":\"EntryPoint\",\"urlTemplate\":\"https:\/\/padrejosimo.com.br\/site\/?s={search_term_string}\"},\"query-input\":{\"@type\":\"PropertyValueSpecification\",\"valueRequired\":true,\"valueName\":\"search_term_string\"}}],\"inLanguage\":\"pt-BR\"},{\"@type\":\"Organization\",\"@id\":\"https:\/\/padrejosimo.com.br\/site\/#organization\",\"name\":\"Instituto Cultural Padre Josimo\",\"alternateName\":\"ICPJ\",\"url\":\"https:\/\/padrejosimo.com.br\/site\/\",\"logo\":{\"@type\":\"ImageObject\",\"inLanguage\":\"pt-BR\",\"@id\":\"https:\/\/padrejosimo.com.br\/site\/#\/schema\/logo\/image\/\",\"url\":\"https:\/\/padrejosimo.com.br\/site\/wp-content\/uploads\/2025\/09\/cropped-icon-icpj.png\",\"contentUrl\":\"https:\/\/padrejosimo.com.br\/site\/wp-content\/uploads\/2025\/09\/cropped-icon-icpj.png\",\"width\":512,\"height\":512,\"caption\":\"Instituto Cultural Padre Josimo\"},\"image\":{\"@id\":\"https:\/\/padrejosimo.com.br\/site\/#\/schema\/logo\/image\/\"}}]}<\/script>\n<!-- \/ Yoast SEO plugin. -->","yoast_head_json":{"title":"Nota de Solidariedade da Confer\u00eancia dos Religiosos do Brasil \u00e0 greve de fome contra reforma da previd\u00eancia - Instituto Cultural Padre Josimo","robots":{"index":"index","follow":"follow","max-snippet":"max-snippet:-1","max-image-preview":"max-image-preview:large","max-video-preview":"max-video-preview:-1"},"canonical":"https:\/\/padrejosimo.com.br\/site\/noticias\/nota-de-solidariedade-da-conferencia-dos-religiosos-do-brasil-a-greve-de-fome-contra-reforma-da-previdencia\/","og_locale":"pt_BR","og_type":"article","og_title":"Nota de Solidariedade da Confer\u00eancia dos Religiosos do Brasil \u00e0 greve de fome contra reforma da previd\u00eancia - Instituto Cultural Padre Josimo","og_description":"A Confer\u00eancia dos Religiosos e Religiosas do Brasil, como consagrados e consagradas a servi\u00e7o da vida, se une ao Frei S\u00e9rgio G\u00f6rgen, Josi Costa, Leila Denise com pleno apoio \u00e0 causa, acreditando que a \u201cpaz \u00e9 fruto da justi\u00e7a\u201d (cf. Is 32,17) e insistentemente lutamos por um mundo mais humano, justo e fraterno.","og_url":"https:\/\/padrejosimo.com.br\/site\/noticias\/nota-de-solidariedade-da-conferencia-dos-religiosos-do-brasil-a-greve-de-fome-contra-reforma-da-previdencia\/","og_site_name":"Instituto Cultural Padre Josimo","og_image":[{"width":768,"height":576,"url":"https:\/\/padrejosimo.com.br\/site\/wp-content\/uploads\/2017\/12\/IMG-20171207-WA0008-768x576.jpg","type":"image\/jpeg"}],"twitter_card":"summary_large_image","twitter_misc":{"Est. tempo de leitura":"3 minutos"},"schema":{"@context":"https:\/\/schema.org","@graph":[{"@type":"WebPage","@id":"https:\/\/padrejosimo.com.br\/site\/noticias\/nota-de-solidariedade-da-conferencia-dos-religiosos-do-brasil-a-greve-de-fome-contra-reforma-da-previdencia\/","url":"https:\/\/padrejosimo.com.br\/site\/noticias\/nota-de-solidariedade-da-conferencia-dos-religiosos-do-brasil-a-greve-de-fome-contra-reforma-da-previdencia\/","name":"Nota de Solidariedade da Confer\u00eancia dos Religiosos do Brasil \u00e0 greve de fome contra reforma da previd\u00eancia - Instituto Cultural Padre Josimo","isPartOf":{"@id":"https:\/\/padrejosimo.com.br\/site\/#website"},"primaryImageOfPage":{"@id":"https:\/\/padrejosimo.com.br\/site\/noticias\/nota-de-solidariedade-da-conferencia-dos-religiosos-do-brasil-a-greve-de-fome-contra-reforma-da-previdencia\/#primaryimage"},"image":{"@id":"https:\/\/padrejosimo.com.br\/site\/noticias\/nota-de-solidariedade-da-conferencia-dos-religiosos-do-brasil-a-greve-de-fome-contra-reforma-da-previdencia\/#primaryimage"},"thumbnailUrl":"https:\/\/padrejosimo.com.br\/site\/wp-content\/uploads\/2017\/12\/IMG-20171207-WA0008-768x576.jpg","datePublished":"2017-12-08T17:06:56+00:00","breadcrumb":{"@id":"https:\/\/padrejosimo.com.br\/site\/noticias\/nota-de-solidariedade-da-conferencia-dos-religiosos-do-brasil-a-greve-de-fome-contra-reforma-da-previdencia\/#breadcrumb"},"inLanguage":"pt-BR","potentialAction":[{"@type":"ReadAction","target":["https:\/\/padrejosimo.com.br\/site\/noticias\/nota-de-solidariedade-da-conferencia-dos-religiosos-do-brasil-a-greve-de-fome-contra-reforma-da-previdencia\/"]}]},{"@type":"ImageObject","inLanguage":"pt-BR","@id":"https:\/\/padrejosimo.com.br\/site\/noticias\/nota-de-solidariedade-da-conferencia-dos-religiosos-do-brasil-a-greve-de-fome-contra-reforma-da-previdencia\/#primaryimage","url":"https:\/\/padrejosimo.com.br\/site\/wp-content\/uploads\/2017\/12\/IMG-20171207-WA0008-768x576.jpg","contentUrl":"https:\/\/padrejosimo.com.br\/site\/wp-content\/uploads\/2017\/12\/IMG-20171207-WA0008-768x576.jpg","width":768,"height":576,"caption":"Representante da CRB, Frei Jos\u00e9 Fernandes (esquerda), junto aos grevistas"},{"@type":"BreadcrumbList","@id":"https:\/\/padrejosimo.com.br\/site\/noticias\/nota-de-solidariedade-da-conferencia-dos-religiosos-do-brasil-a-greve-de-fome-contra-reforma-da-previdencia\/#breadcrumb","itemListElement":[{"@type":"ListItem","position":1,"name":"In\u00edcio","item":"https:\/\/padrejosimo.com.br\/site\/"},{"@type":"ListItem","position":2,"name":"Not\u00edcias","item":"https:\/\/padrejosimo.com.br\/site\/noticias\/"},{"@type":"ListItem","position":3,"name":"Nota de Solidariedade da Confer\u00eancia dos Religiosos do Brasil \u00e0 greve de fome contra reforma da previd\u00eancia"}]},{"@type":"WebSite","@id":"https:\/\/padrejosimo.com.br\/site\/#website","url":"https:\/\/padrejosimo.com.br\/site\/","name":"Instituto Cultural Padre Josimo","description":"Comprometida com a promo\u00e7\u00e3o da justi\u00e7a social, agroecologia e educa\u00e7\u00e3o popular","publisher":{"@id":"https:\/\/padrejosimo.com.br\/site\/#organization"},"alternateName":"ICPJ","potentialAction":[{"@type":"SearchAction","target":{"@type":"EntryPoint","urlTemplate":"https:\/\/padrejosimo.com.br\/site\/?s={search_term_string}"},"query-input":{"@type":"PropertyValueSpecification","valueRequired":true,"valueName":"search_term_string"}}],"inLanguage":"pt-BR"},{"@type":"Organization","@id":"https:\/\/padrejosimo.com.br\/site\/#organization","name":"Instituto Cultural Padre Josimo","alternateName":"ICPJ","url":"https:\/\/padrejosimo.com.br\/site\/","logo":{"@type":"ImageObject","inLanguage":"pt-BR","@id":"https:\/\/padrejosimo.com.br\/site\/#\/schema\/logo\/image\/","url":"https:\/\/padrejosimo.com.br\/site\/wp-content\/uploads\/2025\/09\/cropped-icon-icpj.png","contentUrl":"https:\/\/padrejosimo.com.br\/site\/wp-content\/uploads\/2025\/09\/cropped-icon-icpj.png","width":512,"height":512,"caption":"Instituto Cultural Padre Josimo"},"image":{"@id":"https:\/\/padrejosimo.com.br\/site\/#\/schema\/logo\/image\/"}}]}},"_links":{"self":[{"href":"https:\/\/padrejosimo.com.br\/site\/wp-json\/wp\/v2\/noticias\/566","targetHints":{"allow":["GET"]}}],"collection":[{"href":"https:\/\/padrejosimo.com.br\/site\/wp-json\/wp\/v2\/noticias"}],"about":[{"href":"https:\/\/padrejosimo.com.br\/site\/wp-json\/wp\/v2\/types\/noticias"}],"wp:featuredmedia":[{"embeddable":true,"href":"https:\/\/padrejosimo.com.br\/site\/wp-json\/wp\/v2\/media\/567"}],"wp:attachment":[{"href":"https:\/\/padrejosimo.com.br\/site\/wp-json\/wp\/v2\/media?parent=566"}],"wp:term":[{"taxonomy":"categorias_noticias","embeddable":true,"href":"https:\/\/padrejosimo.com.br\/site\/wp-json\/wp\/v2\/categorias_noticias?post=566"}],"curies":[{"name":"wp","href":"https:\/\/api.w.org\/{rel}","templated":true}]}}