{"id":564,"date":"2017-12-08T14:18:39","date_gmt":"2017-12-08T16:18:39","guid":{"rendered":"http:\/\/padrejosimo.com.br\/site\/?post_type=noticias&#038;p=564"},"modified":"2017-12-08T14:18:39","modified_gmt":"2017-12-08T16:18:39","slug":"camponeses-do-mpa-entram-no-quarto-dia-de-greve-de-fome-contra-a-reforma-da-previdencia","status":"publish","type":"noticias","link":"https:\/\/padrejosimo.com.br\/site\/noticias\/camponeses-do-mpa-entram-no-quarto-dia-de-greve-de-fome-contra-a-reforma-da-previdencia\/","title":{"rendered":"Camponeses do MPA entram no quarto dia de greve de fome contra a Reforma da Previd\u00eancia"},"content":{"rendered":"<p><img fetchpriority=\"high\" decoding=\"async\" class=\"aligncenter size-full wp-image-565\" src=\"https:\/\/padrejosimo.com.br\/site\/wp-content\/uploads\/2017\/12\/greve04.jpg\" alt=\"\" width=\"800\" height=\"533\" srcset=\"https:\/\/padrejosimo.com.br\/site\/wp-content\/uploads\/2017\/12\/greve04.jpg 800w, https:\/\/padrejosimo.com.br\/site\/wp-content\/uploads\/2017\/12\/greve04-300x200.jpg 300w, https:\/\/padrejosimo.com.br\/site\/wp-content\/uploads\/2017\/12\/greve04-768x512.jpg 768w\" sizes=\"(max-width: 800px) 100vw, 800px\" \/><\/p>\n<p>Hoje, 8 de dezembro, Josi Costa, Leila Denise e Frei Sergio G\u00f6rgen completam o 4\u00ba dia em Greve de Fome contra a Reforma da Previd\u00eancia na Capital Federal. Aqueles que produzem o alimentos est\u00e3o h\u00e1 4 dias sem se alimentar contra a Reforma da Previd\u00eancia que o governo golpista quer aprovara para que no futuro milhares de brasileiros e brasileiras n\u00e3o sejam obrigados a passar fome.<span id=\"more-4415\"><\/span><\/p>\n<p>Depois de causar forte repercuss\u00e3o nos meios de comunica\u00e7\u00e3o, especialmente nas m\u00eddias comunit\u00e1rias ou de alcance regional em todo o pa\u00eds, bem como nos portais e blogs progressistas de alcance nacional, a greve de fome dos militantes do MPA (Movimento dos Pequenos Agricultores) contra a reforma da previd\u00eancia articulada pelo governo federal entra no quarto dia.\u00a0Desde a quinta-feira, 7, os grevistas est\u00e3o alojados na Federa\u00e7\u00e3o Nacional dos Jornalistas (FENAJ) em Bras\u00edlia por conta das condi\u00e7\u00f5es objetivas.<\/p>\n<p>Frei Sergio G\u00f6rgen (RS), Josi Costa (PI) e Leila Denise Meurer (RO) seguem firmes no objetivo de manter a Greve de Fome enquanto for mantida a inten\u00e7\u00e3o por parte do governo federal em colocar em vota\u00e7\u00e3o mais essa reforma que cerceia direitos do trabalhador e n\u00e3o alcan\u00e7a os representantes dos setores privilegiados da economia. \u201cPara o MPA, a Greve de Fome significa que alguns passar\u00e3o fome por alguns dias para evitar que muitos passem fome uma vida inteira\u201d, afirma Bruno Pilon da dire\u00e7\u00e3o nacional do MPA e porta voz da Greve de Fome.<\/p>\n<p>\u2013 Essa greve \u00e9 em defesa do povo e contra essa que \u00e9 uma das piores reformas entre as que foram propostas at\u00e9 hoje por esse governo golpista -, falou Josi em depoimento compartilhado na manh\u00e3 de ontem, 7 de dezembro. Segundo ela, a greve seguir\u00e1 at\u00e9 que essa reforma seja derrubada. \u201cEstamos firmes e fortes, contamos com o apoio de nossos companheiros e companheiras em todo o Brasil fazendo lutas para refor\u00e7ar esse objetivo\u201d, conclamou.<\/p>\n<p>As manifesta\u00e7\u00f5es de apoio chegam de todos os cantos do pa\u00eds, tanto por meio de mensagens individuais de militantes, lideran\u00e7as e artistas, quanto por meio de notas emitidas por movimentos sociais e centrais sindicais. Entre as manifesta\u00e7\u00f5es recebidas est\u00e3o as mensagens do ator Tadeu Di Pietro, atriz Gisele Fr\u00f3es, Frei Z\u00e9 Fernandes, MST (Movimento dos Trabalhadores Rurais Sem Terra), MAB (Movimento dos Atingidos por Barragens), Levante Popular da Juventude, CUT (Central \u00fanica dos Trabalhadores), MAM (Movimento Pela Soberania Popular na Minera\u00e7\u00e3o) e MMC (Movimento de Mulheres Camponesas). Dezenas de parlamentares, entre deputados e senadores, tem passado e manifestado seu apoio aos representantes do MPA.<\/p>\n<p>&nbsp;<\/p>\n<p><em>Por Comunica\u00e7\u00e3o MPA<\/em><\/p>\n","protected":false},"excerpt":{"rendered":"<p>Hoje, 8 de dezembro, Josi Costa, Leila Denise e Frei Sergio G\u00f6rgen completam o 4\u00ba dia em Greve de Fome contra a Reforma da Previd\u00eancia na Capital Federal. Aqueles que produzem o alimentos est\u00e3o h\u00e1 4 dias sem se alimentar contra a Reforma da Previd\u00eancia que o governo golpista quer aprovara para que no futuro milhares de brasileiros e brasileiras n\u00e3o sejam obrigados a passar fome.<\/p>\n","protected":false},"featured_media":565,"template":"","categorias_noticias":[13],"class_list":["post-564","noticias","type-noticias","status-publish","has-post-thumbnail","hentry","categorias_noticias-noticias"],"acf":[],"yoast_head":"<!-- This site is optimized with the Yoast SEO plugin v27.2 - https:\/\/yoast.com\/product\/yoast-seo-wordpress\/ -->\n<title>Camponeses do MPA entram no quarto dia de greve de fome contra a Reforma da Previd\u00eancia - Instituto Cultural Padre Josimo<\/title>\n<meta name=\"robots\" content=\"index, follow, max-snippet:-1, max-image-preview:large, max-video-preview:-1\" \/>\n<link rel=\"canonical\" href=\"https:\/\/padrejosimo.com.br\/site\/noticias\/camponeses-do-mpa-entram-no-quarto-dia-de-greve-de-fome-contra-a-reforma-da-previdencia\/\" \/>\n<meta property=\"og:locale\" content=\"pt_BR\" \/>\n<meta property=\"og:type\" content=\"article\" \/>\n<meta property=\"og:title\" content=\"Camponeses do MPA entram no quarto dia de greve de fome contra a Reforma da Previd\u00eancia - Instituto Cultural Padre Josimo\" \/>\n<meta property=\"og:description\" content=\"Hoje, 8 de dezembro, Josi Costa, Leila Denise e Frei Sergio G\u00f6rgen completam o 4\u00ba dia em Greve de Fome contra a Reforma da Previd\u00eancia na Capital Federal. Aqueles que produzem o alimentos est\u00e3o h\u00e1 4 dias sem se alimentar contra a Reforma da Previd\u00eancia que o governo golpista quer aprovara para que no futuro milhares de brasileiros e brasileiras n\u00e3o sejam obrigados a passar fome.\" \/>\n<meta property=\"og:url\" content=\"https:\/\/padrejosimo.com.br\/site\/noticias\/camponeses-do-mpa-entram-no-quarto-dia-de-greve-de-fome-contra-a-reforma-da-previdencia\/\" \/>\n<meta property=\"og:site_name\" content=\"Instituto Cultural Padre Josimo\" \/>\n<meta property=\"og:image\" content=\"https:\/\/padrejosimo.com.br\/site\/wp-content\/uploads\/2017\/12\/greve04.jpg\" \/>\n\t<meta property=\"og:image:width\" content=\"800\" \/>\n\t<meta property=\"og:image:height\" content=\"533\" \/>\n\t<meta property=\"og:image:type\" content=\"image\/jpeg\" \/>\n<meta name=\"twitter:card\" content=\"summary_large_image\" \/>\n<meta name=\"twitter:label1\" content=\"Est. tempo de leitura\" \/>\n\t<meta name=\"twitter:data1\" content=\"2 minutos\" \/>\n<script type=\"application\/ld+json\" class=\"yoast-schema-graph\">{\"@context\":\"https:\/\/schema.org\",\"@graph\":[{\"@type\":\"WebPage\",\"@id\":\"https:\/\/padrejosimo.com.br\/site\/noticias\/camponeses-do-mpa-entram-no-quarto-dia-de-greve-de-fome-contra-a-reforma-da-previdencia\/\",\"url\":\"https:\/\/padrejosimo.com.br\/site\/noticias\/camponeses-do-mpa-entram-no-quarto-dia-de-greve-de-fome-contra-a-reforma-da-previdencia\/\",\"name\":\"Camponeses do MPA entram no quarto dia de greve de fome contra a Reforma da Previd\u00eancia - Instituto Cultural Padre Josimo\",\"isPartOf\":{\"@id\":\"https:\/\/padrejosimo.com.br\/site\/#website\"},\"primaryImageOfPage\":{\"@id\":\"https:\/\/padrejosimo.com.br\/site\/noticias\/camponeses-do-mpa-entram-no-quarto-dia-de-greve-de-fome-contra-a-reforma-da-previdencia\/#primaryimage\"},\"image\":{\"@id\":\"https:\/\/padrejosimo.com.br\/site\/noticias\/camponeses-do-mpa-entram-no-quarto-dia-de-greve-de-fome-contra-a-reforma-da-previdencia\/#primaryimage\"},\"thumbnailUrl\":\"https:\/\/padrejosimo.com.br\/site\/wp-content\/uploads\/2017\/12\/greve04.jpg\",\"datePublished\":\"2017-12-08T16:18:39+00:00\",\"breadcrumb\":{\"@id\":\"https:\/\/padrejosimo.com.br\/site\/noticias\/camponeses-do-mpa-entram-no-quarto-dia-de-greve-de-fome-contra-a-reforma-da-previdencia\/#breadcrumb\"},\"inLanguage\":\"pt-BR\",\"potentialAction\":[{\"@type\":\"ReadAction\",\"target\":[\"https:\/\/padrejosimo.com.br\/site\/noticias\/camponeses-do-mpa-entram-no-quarto-dia-de-greve-de-fome-contra-a-reforma-da-previdencia\/\"]}]},{\"@type\":\"ImageObject\",\"inLanguage\":\"pt-BR\",\"@id\":\"https:\/\/padrejosimo.com.br\/site\/noticias\/camponeses-do-mpa-entram-no-quarto-dia-de-greve-de-fome-contra-a-reforma-da-previdencia\/#primaryimage\",\"url\":\"https:\/\/padrejosimo.com.br\/site\/wp-content\/uploads\/2017\/12\/greve04.jpg\",\"contentUrl\":\"https:\/\/padrejosimo.com.br\/site\/wp-content\/uploads\/2017\/12\/greve04.jpg\",\"width\":800,\"height\":533},{\"@type\":\"BreadcrumbList\",\"@id\":\"https:\/\/padrejosimo.com.br\/site\/noticias\/camponeses-do-mpa-entram-no-quarto-dia-de-greve-de-fome-contra-a-reforma-da-previdencia\/#breadcrumb\",\"itemListElement\":[{\"@type\":\"ListItem\",\"position\":1,\"name\":\"In\u00edcio\",\"item\":\"https:\/\/padrejosimo.com.br\/site\/\"},{\"@type\":\"ListItem\",\"position\":2,\"name\":\"Not\u00edcias\",\"item\":\"https:\/\/padrejosimo.com.br\/site\/noticias\/\"},{\"@type\":\"ListItem\",\"position\":3,\"name\":\"Camponeses do MPA entram no quarto dia de greve de fome contra a Reforma da Previd\u00eancia\"}]},{\"@type\":\"WebSite\",\"@id\":\"https:\/\/padrejosimo.com.br\/site\/#website\",\"url\":\"https:\/\/padrejosimo.com.br\/site\/\",\"name\":\"Instituto Cultural Padre Josimo\",\"description\":\"Comprometida com a promo\u00e7\u00e3o da justi\u00e7a social, agroecologia e educa\u00e7\u00e3o popular\",\"publisher\":{\"@id\":\"https:\/\/padrejosimo.com.br\/site\/#organization\"},\"alternateName\":\"ICPJ\",\"potentialAction\":[{\"@type\":\"SearchAction\",\"target\":{\"@type\":\"EntryPoint\",\"urlTemplate\":\"https:\/\/padrejosimo.com.br\/site\/?s={search_term_string}\"},\"query-input\":{\"@type\":\"PropertyValueSpecification\",\"valueRequired\":true,\"valueName\":\"search_term_string\"}}],\"inLanguage\":\"pt-BR\"},{\"@type\":\"Organization\",\"@id\":\"https:\/\/padrejosimo.com.br\/site\/#organization\",\"name\":\"Instituto Cultural Padre Josimo\",\"alternateName\":\"ICPJ\",\"url\":\"https:\/\/padrejosimo.com.br\/site\/\",\"logo\":{\"@type\":\"ImageObject\",\"inLanguage\":\"pt-BR\",\"@id\":\"https:\/\/padrejosimo.com.br\/site\/#\/schema\/logo\/image\/\",\"url\":\"https:\/\/padrejosimo.com.br\/site\/wp-content\/uploads\/2025\/09\/cropped-icon-icpj.png\",\"contentUrl\":\"https:\/\/padrejosimo.com.br\/site\/wp-content\/uploads\/2025\/09\/cropped-icon-icpj.png\",\"width\":512,\"height\":512,\"caption\":\"Instituto Cultural Padre Josimo\"},\"image\":{\"@id\":\"https:\/\/padrejosimo.com.br\/site\/#\/schema\/logo\/image\/\"}}]}<\/script>\n<!-- \/ Yoast SEO plugin. -->","yoast_head_json":{"title":"Camponeses do MPA entram no quarto dia de greve de fome contra a Reforma da Previd\u00eancia - Instituto Cultural Padre Josimo","robots":{"index":"index","follow":"follow","max-snippet":"max-snippet:-1","max-image-preview":"max-image-preview:large","max-video-preview":"max-video-preview:-1"},"canonical":"https:\/\/padrejosimo.com.br\/site\/noticias\/camponeses-do-mpa-entram-no-quarto-dia-de-greve-de-fome-contra-a-reforma-da-previdencia\/","og_locale":"pt_BR","og_type":"article","og_title":"Camponeses do MPA entram no quarto dia de greve de fome contra a Reforma da Previd\u00eancia - Instituto Cultural Padre Josimo","og_description":"Hoje, 8 de dezembro, Josi Costa, Leila Denise e Frei Sergio G\u00f6rgen completam o 4\u00ba dia em Greve de Fome contra a Reforma da Previd\u00eancia na Capital Federal. Aqueles que produzem o alimentos est\u00e3o h\u00e1 4 dias sem se alimentar contra a Reforma da Previd\u00eancia que o governo golpista quer aprovara para que no futuro milhares de brasileiros e brasileiras n\u00e3o sejam obrigados a passar fome.","og_url":"https:\/\/padrejosimo.com.br\/site\/noticias\/camponeses-do-mpa-entram-no-quarto-dia-de-greve-de-fome-contra-a-reforma-da-previdencia\/","og_site_name":"Instituto Cultural Padre Josimo","og_image":[{"width":800,"height":533,"url":"https:\/\/padrejosimo.com.br\/site\/wp-content\/uploads\/2017\/12\/greve04.jpg","type":"image\/jpeg"}],"twitter_card":"summary_large_image","twitter_misc":{"Est. tempo de leitura":"2 minutos"},"schema":{"@context":"https:\/\/schema.org","@graph":[{"@type":"WebPage","@id":"https:\/\/padrejosimo.com.br\/site\/noticias\/camponeses-do-mpa-entram-no-quarto-dia-de-greve-de-fome-contra-a-reforma-da-previdencia\/","url":"https:\/\/padrejosimo.com.br\/site\/noticias\/camponeses-do-mpa-entram-no-quarto-dia-de-greve-de-fome-contra-a-reforma-da-previdencia\/","name":"Camponeses do MPA entram no quarto dia de greve de fome contra a Reforma da Previd\u00eancia - Instituto Cultural Padre Josimo","isPartOf":{"@id":"https:\/\/padrejosimo.com.br\/site\/#website"},"primaryImageOfPage":{"@id":"https:\/\/padrejosimo.com.br\/site\/noticias\/camponeses-do-mpa-entram-no-quarto-dia-de-greve-de-fome-contra-a-reforma-da-previdencia\/#primaryimage"},"image":{"@id":"https:\/\/padrejosimo.com.br\/site\/noticias\/camponeses-do-mpa-entram-no-quarto-dia-de-greve-de-fome-contra-a-reforma-da-previdencia\/#primaryimage"},"thumbnailUrl":"https:\/\/padrejosimo.com.br\/site\/wp-content\/uploads\/2017\/12\/greve04.jpg","datePublished":"2017-12-08T16:18:39+00:00","breadcrumb":{"@id":"https:\/\/padrejosimo.com.br\/site\/noticias\/camponeses-do-mpa-entram-no-quarto-dia-de-greve-de-fome-contra-a-reforma-da-previdencia\/#breadcrumb"},"inLanguage":"pt-BR","potentialAction":[{"@type":"ReadAction","target":["https:\/\/padrejosimo.com.br\/site\/noticias\/camponeses-do-mpa-entram-no-quarto-dia-de-greve-de-fome-contra-a-reforma-da-previdencia\/"]}]},{"@type":"ImageObject","inLanguage":"pt-BR","@id":"https:\/\/padrejosimo.com.br\/site\/noticias\/camponeses-do-mpa-entram-no-quarto-dia-de-greve-de-fome-contra-a-reforma-da-previdencia\/#primaryimage","url":"https:\/\/padrejosimo.com.br\/site\/wp-content\/uploads\/2017\/12\/greve04.jpg","contentUrl":"https:\/\/padrejosimo.com.br\/site\/wp-content\/uploads\/2017\/12\/greve04.jpg","width":800,"height":533},{"@type":"BreadcrumbList","@id":"https:\/\/padrejosimo.com.br\/site\/noticias\/camponeses-do-mpa-entram-no-quarto-dia-de-greve-de-fome-contra-a-reforma-da-previdencia\/#breadcrumb","itemListElement":[{"@type":"ListItem","position":1,"name":"In\u00edcio","item":"https:\/\/padrejosimo.com.br\/site\/"},{"@type":"ListItem","position":2,"name":"Not\u00edcias","item":"https:\/\/padrejosimo.com.br\/site\/noticias\/"},{"@type":"ListItem","position":3,"name":"Camponeses do MPA entram no quarto dia de greve de fome contra a Reforma da Previd\u00eancia"}]},{"@type":"WebSite","@id":"https:\/\/padrejosimo.com.br\/site\/#website","url":"https:\/\/padrejosimo.com.br\/site\/","name":"Instituto Cultural Padre Josimo","description":"Comprometida com a promo\u00e7\u00e3o da justi\u00e7a social, agroecologia e educa\u00e7\u00e3o popular","publisher":{"@id":"https:\/\/padrejosimo.com.br\/site\/#organization"},"alternateName":"ICPJ","potentialAction":[{"@type":"SearchAction","target":{"@type":"EntryPoint","urlTemplate":"https:\/\/padrejosimo.com.br\/site\/?s={search_term_string}"},"query-input":{"@type":"PropertyValueSpecification","valueRequired":true,"valueName":"search_term_string"}}],"inLanguage":"pt-BR"},{"@type":"Organization","@id":"https:\/\/padrejosimo.com.br\/site\/#organization","name":"Instituto Cultural Padre Josimo","alternateName":"ICPJ","url":"https:\/\/padrejosimo.com.br\/site\/","logo":{"@type":"ImageObject","inLanguage":"pt-BR","@id":"https:\/\/padrejosimo.com.br\/site\/#\/schema\/logo\/image\/","url":"https:\/\/padrejosimo.com.br\/site\/wp-content\/uploads\/2025\/09\/cropped-icon-icpj.png","contentUrl":"https:\/\/padrejosimo.com.br\/site\/wp-content\/uploads\/2025\/09\/cropped-icon-icpj.png","width":512,"height":512,"caption":"Instituto Cultural Padre Josimo"},"image":{"@id":"https:\/\/padrejosimo.com.br\/site\/#\/schema\/logo\/image\/"}}]}},"_links":{"self":[{"href":"https:\/\/padrejosimo.com.br\/site\/wp-json\/wp\/v2\/noticias\/564","targetHints":{"allow":["GET"]}}],"collection":[{"href":"https:\/\/padrejosimo.com.br\/site\/wp-json\/wp\/v2\/noticias"}],"about":[{"href":"https:\/\/padrejosimo.com.br\/site\/wp-json\/wp\/v2\/types\/noticias"}],"wp:featuredmedia":[{"embeddable":true,"href":"https:\/\/padrejosimo.com.br\/site\/wp-json\/wp\/v2\/media\/565"}],"wp:attachment":[{"href":"https:\/\/padrejosimo.com.br\/site\/wp-json\/wp\/v2\/media?parent=564"}],"wp:term":[{"taxonomy":"categorias_noticias","embeddable":true,"href":"https:\/\/padrejosimo.com.br\/site\/wp-json\/wp\/v2\/categorias_noticias?post=564"}],"curies":[{"name":"wp","href":"https:\/\/api.w.org\/{rel}","templated":true}]}}