{"id":560,"date":"2017-12-07T17:40:26","date_gmt":"2017-12-07T19:40:26","guid":{"rendered":"http:\/\/padrejosimo.com.br\/site\/?post_type=noticias&#038;p=560"},"modified":"2017-12-07T17:43:26","modified_gmt":"2017-12-07T19:43:26","slug":"nota-politica-resistir-e-tarefa-de-todo-o-povo-mpa","status":"publish","type":"noticias","link":"https:\/\/padrejosimo.com.br\/site\/noticias\/nota-politica-resistir-e-tarefa-de-todo-o-povo-mpa\/","title":{"rendered":"Nota Pol\u00edtica: Resistir \u00e9 tarefa de todo o Povo (MPA)"},"content":{"rendered":"<p>Hora de multiplicar as greves, e todas as a\u00e7\u00f5es diretas de luta e resist\u00eancia contra a Reforma da previd\u00eancia.<span id=\"more-4401\"><\/span><\/p>\n<p>Povo Brasileiro, companheiras e companheiros, chegamos a um momento duro de nossa luta contra a Reforma da Previd\u00eancia, o campo golpista tentar\u00e1 de todas as formas impor medidas antipopulares e materializar a Reforma que rasgar\u00e1 uma das conquistas mais importantes de nossa democracia: a previd\u00eancia e seguridade social do povo. Agora \u00e9 hora de intensificar todos os tipos de a\u00e7\u00f5es diretas contra a reforma da previd\u00eancia para que essa medida seja enterrada definitivamente.<\/p>\n<p><img fetchpriority=\"high\" decoding=\"async\" class=\"aligncenter size-full wp-image-561\" src=\"https:\/\/padrejosimo.com.br\/site\/wp-content\/uploads\/2017\/12\/greve.jpg\" alt=\"\" width=\"720\" height=\"479\" srcset=\"https:\/\/padrejosimo.com.br\/site\/wp-content\/uploads\/2017\/12\/greve.jpg 720w, https:\/\/padrejosimo.com.br\/site\/wp-content\/uploads\/2017\/12\/greve-300x200.jpg 300w\" sizes=\"(max-width: 720px) 100vw, 720px\" \/><\/p>\n<p>Completamos hoje o segundo dia de greve de fome, s\u00e3o mais de 24 horas que nossos bravos companheiros e companheiras permanecem sem comer em rep\u00fadio a reforma da previd\u00eancia, nesse exato momento seguimos mobilizados em greve dentro da c\u00e2mara dos deputados na Capital Federal. Desde o primeiro momento quando deflagramos a greve, a solidariedade segue constante, fornecendo a m\u00edstica e a certeza que nossa luta \u00e9 justa e necess\u00e1ria.<\/p>\n<p>Queremos aqui convocar e reafirmar a necessidade de todas as organiza\u00e7\u00f5es do campo e da cidade resistirem a Reforma, somarem for\u00e7as em a\u00e7\u00f5es em todos os estados em especial a partir de segunda-feira para que possamos barrar a Reforma, \u00e9 hora de tomarmos medidas de sacrif\u00edcio, mas que ser\u00e3o necess\u00e1rias para garantir os direitos nossos e em especial para nossas gera\u00e7\u00f5es futuras, temos que dar mais um passo para esmagar a Reforma da Previd\u00eancia em seu ninho golpista.<\/p>\n<p>Convocamos todas as organiza\u00e7\u00f5es populares para constru\u00edrem as trincheiras de luta contra a previd\u00eancia em cada canto no pa\u00eds, nas ruas, cidades, rodovias e campos, e que tamb\u00e9m somem-se em Bras\u00edlia na greve de fome que \u00e9 um gesto do MPA mas que se estende e serve aos ideias do povo do campo e da cidade.<\/p>\n<p>Vamos \u00e0 luta camaradas o nosso sacrif\u00edcio e a\u00e7\u00e3o direta ser\u00e3o as ferramentas necess\u00e1rias para destruir por completo a Reforma da Previd\u00eancia.<\/p>\n<p>&nbsp;<\/p>\n<p><em>Coordena\u00e7\u00e3o Nacional do MPA<\/em><\/p>\n<p><em>7 de dezembro de 2017<\/em><\/p>\n","protected":false},"excerpt":{"rendered":"<p>Hora de multiplicar as greves, e todas as a\u00e7\u00f5es diretas de luta e resist\u00eancia contra a Reforma da previd\u00eancia. Completamos hoje o segundo dia de greve de fome, s\u00e3o mais de 24 horas que nossos bravos companheiros e companheiras permanecem sem comer em rep\u00fadio a reforma da previd\u00eancia, nesse exato momento seguimos mobilizados em greve dentro da c\u00e2mara dos deputados na Capital Federal. <\/p>\n","protected":false},"featured_media":561,"template":"","categorias_noticias":[13],"class_list":["post-560","noticias","type-noticias","status-publish","has-post-thumbnail","hentry","categorias_noticias-noticias"],"acf":[],"yoast_head":"<!-- This site is optimized with the Yoast SEO plugin v27.2 - https:\/\/yoast.com\/product\/yoast-seo-wordpress\/ -->\n<title>Nota Pol\u00edtica: Resistir \u00e9 tarefa de todo o Povo (MPA) - Instituto Cultural Padre Josimo<\/title>\n<meta name=\"robots\" content=\"index, follow, max-snippet:-1, max-image-preview:large, max-video-preview:-1\" \/>\n<link rel=\"canonical\" href=\"https:\/\/padrejosimo.com.br\/site\/noticias\/nota-politica-resistir-e-tarefa-de-todo-o-povo-mpa\/\" \/>\n<meta property=\"og:locale\" content=\"pt_BR\" \/>\n<meta property=\"og:type\" content=\"article\" \/>\n<meta property=\"og:title\" content=\"Nota Pol\u00edtica: Resistir \u00e9 tarefa de todo o Povo (MPA) - Instituto Cultural Padre Josimo\" \/>\n<meta property=\"og:description\" content=\"Hora de multiplicar as greves, e todas as a\u00e7\u00f5es diretas de luta e resist\u00eancia contra a Reforma da previd\u00eancia. Completamos hoje o segundo dia de greve de fome, s\u00e3o mais de 24 horas que nossos bravos companheiros e companheiras permanecem sem comer em rep\u00fadio a reforma da previd\u00eancia, nesse exato momento seguimos mobilizados em greve dentro da c\u00e2mara dos deputados na Capital Federal.\" \/>\n<meta property=\"og:url\" content=\"https:\/\/padrejosimo.com.br\/site\/noticias\/nota-politica-resistir-e-tarefa-de-todo-o-povo-mpa\/\" \/>\n<meta property=\"og:site_name\" content=\"Instituto Cultural Padre Josimo\" \/>\n<meta property=\"article:modified_time\" content=\"2017-12-07T19:43:26+00:00\" \/>\n<meta property=\"og:image\" content=\"https:\/\/padrejosimo.com.br\/site\/wp-content\/uploads\/2017\/12\/greve.jpg\" \/>\n\t<meta property=\"og:image:width\" content=\"720\" \/>\n\t<meta property=\"og:image:height\" content=\"479\" \/>\n\t<meta property=\"og:image:type\" content=\"image\/jpeg\" \/>\n<meta name=\"twitter:card\" content=\"summary_large_image\" \/>\n<meta name=\"twitter:label1\" content=\"Est. tempo de leitura\" \/>\n\t<meta name=\"twitter:data1\" content=\"2 minutos\" \/>\n<script type=\"application\/ld+json\" class=\"yoast-schema-graph\">{\"@context\":\"https:\/\/schema.org\",\"@graph\":[{\"@type\":\"WebPage\",\"@id\":\"https:\/\/padrejosimo.com.br\/site\/noticias\/nota-politica-resistir-e-tarefa-de-todo-o-povo-mpa\/\",\"url\":\"https:\/\/padrejosimo.com.br\/site\/noticias\/nota-politica-resistir-e-tarefa-de-todo-o-povo-mpa\/\",\"name\":\"Nota Pol\u00edtica: Resistir \u00e9 tarefa de todo o Povo (MPA) - Instituto Cultural Padre Josimo\",\"isPartOf\":{\"@id\":\"https:\/\/padrejosimo.com.br\/site\/#website\"},\"primaryImageOfPage\":{\"@id\":\"https:\/\/padrejosimo.com.br\/site\/noticias\/nota-politica-resistir-e-tarefa-de-todo-o-povo-mpa\/#primaryimage\"},\"image\":{\"@id\":\"https:\/\/padrejosimo.com.br\/site\/noticias\/nota-politica-resistir-e-tarefa-de-todo-o-povo-mpa\/#primaryimage\"},\"thumbnailUrl\":\"https:\/\/padrejosimo.com.br\/site\/wp-content\/uploads\/2017\/12\/greve.jpg\",\"datePublished\":\"2017-12-07T19:40:26+00:00\",\"dateModified\":\"2017-12-07T19:43:26+00:00\",\"breadcrumb\":{\"@id\":\"https:\/\/padrejosimo.com.br\/site\/noticias\/nota-politica-resistir-e-tarefa-de-todo-o-povo-mpa\/#breadcrumb\"},\"inLanguage\":\"pt-BR\",\"potentialAction\":[{\"@type\":\"ReadAction\",\"target\":[\"https:\/\/padrejosimo.com.br\/site\/noticias\/nota-politica-resistir-e-tarefa-de-todo-o-povo-mpa\/\"]}]},{\"@type\":\"ImageObject\",\"inLanguage\":\"pt-BR\",\"@id\":\"https:\/\/padrejosimo.com.br\/site\/noticias\/nota-politica-resistir-e-tarefa-de-todo-o-povo-mpa\/#primaryimage\",\"url\":\"https:\/\/padrejosimo.com.br\/site\/wp-content\/uploads\/2017\/12\/greve.jpg\",\"contentUrl\":\"https:\/\/padrejosimo.com.br\/site\/wp-content\/uploads\/2017\/12\/greve.jpg\",\"width\":720,\"height\":479},{\"@type\":\"BreadcrumbList\",\"@id\":\"https:\/\/padrejosimo.com.br\/site\/noticias\/nota-politica-resistir-e-tarefa-de-todo-o-povo-mpa\/#breadcrumb\",\"itemListElement\":[{\"@type\":\"ListItem\",\"position\":1,\"name\":\"In\u00edcio\",\"item\":\"https:\/\/padrejosimo.com.br\/site\/\"},{\"@type\":\"ListItem\",\"position\":2,\"name\":\"Not\u00edcias\",\"item\":\"https:\/\/padrejosimo.com.br\/site\/noticias\/\"},{\"@type\":\"ListItem\",\"position\":3,\"name\":\"Nota Pol\u00edtica: Resistir \u00e9 tarefa de todo o Povo (MPA)\"}]},{\"@type\":\"WebSite\",\"@id\":\"https:\/\/padrejosimo.com.br\/site\/#website\",\"url\":\"https:\/\/padrejosimo.com.br\/site\/\",\"name\":\"Instituto Cultural Padre Josimo\",\"description\":\"Comprometida com a promo\u00e7\u00e3o da justi\u00e7a social, agroecologia e educa\u00e7\u00e3o popular\",\"publisher\":{\"@id\":\"https:\/\/padrejosimo.com.br\/site\/#organization\"},\"alternateName\":\"ICPJ\",\"potentialAction\":[{\"@type\":\"SearchAction\",\"target\":{\"@type\":\"EntryPoint\",\"urlTemplate\":\"https:\/\/padrejosimo.com.br\/site\/?s={search_term_string}\"},\"query-input\":{\"@type\":\"PropertyValueSpecification\",\"valueRequired\":true,\"valueName\":\"search_term_string\"}}],\"inLanguage\":\"pt-BR\"},{\"@type\":\"Organization\",\"@id\":\"https:\/\/padrejosimo.com.br\/site\/#organization\",\"name\":\"Instituto Cultural Padre Josimo\",\"alternateName\":\"ICPJ\",\"url\":\"https:\/\/padrejosimo.com.br\/site\/\",\"logo\":{\"@type\":\"ImageObject\",\"inLanguage\":\"pt-BR\",\"@id\":\"https:\/\/padrejosimo.com.br\/site\/#\/schema\/logo\/image\/\",\"url\":\"https:\/\/padrejosimo.com.br\/site\/wp-content\/uploads\/2025\/09\/cropped-icon-icpj.png\",\"contentUrl\":\"https:\/\/padrejosimo.com.br\/site\/wp-content\/uploads\/2025\/09\/cropped-icon-icpj.png\",\"width\":512,\"height\":512,\"caption\":\"Instituto Cultural Padre Josimo\"},\"image\":{\"@id\":\"https:\/\/padrejosimo.com.br\/site\/#\/schema\/logo\/image\/\"}}]}<\/script>\n<!-- \/ Yoast SEO plugin. -->","yoast_head_json":{"title":"Nota Pol\u00edtica: Resistir \u00e9 tarefa de todo o Povo (MPA) - Instituto Cultural Padre Josimo","robots":{"index":"index","follow":"follow","max-snippet":"max-snippet:-1","max-image-preview":"max-image-preview:large","max-video-preview":"max-video-preview:-1"},"canonical":"https:\/\/padrejosimo.com.br\/site\/noticias\/nota-politica-resistir-e-tarefa-de-todo-o-povo-mpa\/","og_locale":"pt_BR","og_type":"article","og_title":"Nota Pol\u00edtica: Resistir \u00e9 tarefa de todo o Povo (MPA) - Instituto Cultural Padre Josimo","og_description":"Hora de multiplicar as greves, e todas as a\u00e7\u00f5es diretas de luta e resist\u00eancia contra a Reforma da previd\u00eancia. Completamos hoje o segundo dia de greve de fome, s\u00e3o mais de 24 horas que nossos bravos companheiros e companheiras permanecem sem comer em rep\u00fadio a reforma da previd\u00eancia, nesse exato momento seguimos mobilizados em greve dentro da c\u00e2mara dos deputados na Capital Federal.","og_url":"https:\/\/padrejosimo.com.br\/site\/noticias\/nota-politica-resistir-e-tarefa-de-todo-o-povo-mpa\/","og_site_name":"Instituto Cultural Padre Josimo","article_modified_time":"2017-12-07T19:43:26+00:00","og_image":[{"width":720,"height":479,"url":"https:\/\/padrejosimo.com.br\/site\/wp-content\/uploads\/2017\/12\/greve.jpg","type":"image\/jpeg"}],"twitter_card":"summary_large_image","twitter_misc":{"Est. tempo de leitura":"2 minutos"},"schema":{"@context":"https:\/\/schema.org","@graph":[{"@type":"WebPage","@id":"https:\/\/padrejosimo.com.br\/site\/noticias\/nota-politica-resistir-e-tarefa-de-todo-o-povo-mpa\/","url":"https:\/\/padrejosimo.com.br\/site\/noticias\/nota-politica-resistir-e-tarefa-de-todo-o-povo-mpa\/","name":"Nota Pol\u00edtica: Resistir \u00e9 tarefa de todo o Povo (MPA) - Instituto Cultural Padre Josimo","isPartOf":{"@id":"https:\/\/padrejosimo.com.br\/site\/#website"},"primaryImageOfPage":{"@id":"https:\/\/padrejosimo.com.br\/site\/noticias\/nota-politica-resistir-e-tarefa-de-todo-o-povo-mpa\/#primaryimage"},"image":{"@id":"https:\/\/padrejosimo.com.br\/site\/noticias\/nota-politica-resistir-e-tarefa-de-todo-o-povo-mpa\/#primaryimage"},"thumbnailUrl":"https:\/\/padrejosimo.com.br\/site\/wp-content\/uploads\/2017\/12\/greve.jpg","datePublished":"2017-12-07T19:40:26+00:00","dateModified":"2017-12-07T19:43:26+00:00","breadcrumb":{"@id":"https:\/\/padrejosimo.com.br\/site\/noticias\/nota-politica-resistir-e-tarefa-de-todo-o-povo-mpa\/#breadcrumb"},"inLanguage":"pt-BR","potentialAction":[{"@type":"ReadAction","target":["https:\/\/padrejosimo.com.br\/site\/noticias\/nota-politica-resistir-e-tarefa-de-todo-o-povo-mpa\/"]}]},{"@type":"ImageObject","inLanguage":"pt-BR","@id":"https:\/\/padrejosimo.com.br\/site\/noticias\/nota-politica-resistir-e-tarefa-de-todo-o-povo-mpa\/#primaryimage","url":"https:\/\/padrejosimo.com.br\/site\/wp-content\/uploads\/2017\/12\/greve.jpg","contentUrl":"https:\/\/padrejosimo.com.br\/site\/wp-content\/uploads\/2017\/12\/greve.jpg","width":720,"height":479},{"@type":"BreadcrumbList","@id":"https:\/\/padrejosimo.com.br\/site\/noticias\/nota-politica-resistir-e-tarefa-de-todo-o-povo-mpa\/#breadcrumb","itemListElement":[{"@type":"ListItem","position":1,"name":"In\u00edcio","item":"https:\/\/padrejosimo.com.br\/site\/"},{"@type":"ListItem","position":2,"name":"Not\u00edcias","item":"https:\/\/padrejosimo.com.br\/site\/noticias\/"},{"@type":"ListItem","position":3,"name":"Nota Pol\u00edtica: Resistir \u00e9 tarefa de todo o Povo (MPA)"}]},{"@type":"WebSite","@id":"https:\/\/padrejosimo.com.br\/site\/#website","url":"https:\/\/padrejosimo.com.br\/site\/","name":"Instituto Cultural Padre Josimo","description":"Comprometida com a promo\u00e7\u00e3o da justi\u00e7a social, agroecologia e educa\u00e7\u00e3o popular","publisher":{"@id":"https:\/\/padrejosimo.com.br\/site\/#organization"},"alternateName":"ICPJ","potentialAction":[{"@type":"SearchAction","target":{"@type":"EntryPoint","urlTemplate":"https:\/\/padrejosimo.com.br\/site\/?s={search_term_string}"},"query-input":{"@type":"PropertyValueSpecification","valueRequired":true,"valueName":"search_term_string"}}],"inLanguage":"pt-BR"},{"@type":"Organization","@id":"https:\/\/padrejosimo.com.br\/site\/#organization","name":"Instituto Cultural Padre Josimo","alternateName":"ICPJ","url":"https:\/\/padrejosimo.com.br\/site\/","logo":{"@type":"ImageObject","inLanguage":"pt-BR","@id":"https:\/\/padrejosimo.com.br\/site\/#\/schema\/logo\/image\/","url":"https:\/\/padrejosimo.com.br\/site\/wp-content\/uploads\/2025\/09\/cropped-icon-icpj.png","contentUrl":"https:\/\/padrejosimo.com.br\/site\/wp-content\/uploads\/2025\/09\/cropped-icon-icpj.png","width":512,"height":512,"caption":"Instituto Cultural Padre Josimo"},"image":{"@id":"https:\/\/padrejosimo.com.br\/site\/#\/schema\/logo\/image\/"}}]}},"_links":{"self":[{"href":"https:\/\/padrejosimo.com.br\/site\/wp-json\/wp\/v2\/noticias\/560","targetHints":{"allow":["GET"]}}],"collection":[{"href":"https:\/\/padrejosimo.com.br\/site\/wp-json\/wp\/v2\/noticias"}],"about":[{"href":"https:\/\/padrejosimo.com.br\/site\/wp-json\/wp\/v2\/types\/noticias"}],"wp:featuredmedia":[{"embeddable":true,"href":"https:\/\/padrejosimo.com.br\/site\/wp-json\/wp\/v2\/media\/561"}],"wp:attachment":[{"href":"https:\/\/padrejosimo.com.br\/site\/wp-json\/wp\/v2\/media?parent=560"}],"wp:term":[{"taxonomy":"categorias_noticias","embeddable":true,"href":"https:\/\/padrejosimo.com.br\/site\/wp-json\/wp\/v2\/categorias_noticias?post=560"}],"curies":[{"name":"wp","href":"https:\/\/api.w.org\/{rel}","templated":true}]}}