{"id":550,"date":"2017-12-06T12:40:07","date_gmt":"2017-12-06T14:40:07","guid":{"rendered":"http:\/\/padrejosimo.com.br\/site\/?post_type=noticias&#038;p=550"},"modified":"2017-12-06T12:50:14","modified_gmt":"2017-12-06T14:50:14","slug":"por-ocasiao-da-41a-romaria-da-terra-carta-aos-romeiros-por-emerito-padre-mariano-callegari","status":"publish","type":"noticias","link":"https:\/\/padrejosimo.com.br\/site\/noticias\/por-ocasiao-da-41a-romaria-da-terra-carta-aos-romeiros-por-emerito-padre-mariano-callegari\/","title":{"rendered":"Por ocasi\u00e3o da 41\u00aa Romaria da Terra, carta aos Romeiros por Em\u00e9rito Padre Mariano Callegari"},"content":{"rendered":"<div id=\"id_5a27fefc18abc2c36604279\" class=\"text_exposed_root\"><img fetchpriority=\"high\" decoding=\"async\" class=\"alignleft size-medium wp-image-552\" src=\"https:\/\/padrejosimo.com.br\/site\/wp-content\/uploads\/2017\/12\/24313178_1458429864271535_3083988855866870166_o-198x300.jpg\" alt=\"\" width=\"198\" height=\"300\" srcset=\"https:\/\/padrejosimo.com.br\/site\/wp-content\/uploads\/2017\/12\/24313178_1458429864271535_3083988855866870166_o-198x300.jpg 198w, https:\/\/padrejosimo.com.br\/site\/wp-content\/uploads\/2017\/12\/24313178_1458429864271535_3083988855866870166_o.jpg 640w\" sizes=\"(max-width: 198px) 100vw, 198px\" \/>A 41\u00aa Romaria da Terra do RS acontecer\u00e1 no dia 13 de fevereiro de 2018 (ter\u00e7a-feira de carnaval), neste anos na comunidade de Rio de Dentro, em Mampituba (RS). O Pe. Em\u00e9rito Mariano Callegari, que no \u00faltimo dia 27 completou 85 anos, \u00e9 um nome importante para as comunidades que comp\u00f5em hoje o munic\u00edpio.<\/div>\n<div>\u00a0<\/div>\n<div class=\"text_exposed_root\">De personalidade forte e pioneiro nas constru\u00e7\u00f5es de comunidades e grande l\u00edder dos movimentos sociais, Padre Mariano foi um verdadeiro mission\u00e1rio nos trabalhos pastorais comunit\u00e1rios que desenvolveu na Par\u00f3quia Senhor Bom Jesus, atualmente compreendendo os munic\u00edpios de Morrinhos do Sul e Mampituba. Sua perman\u00eancia nessa par\u00f3quia durou 12 anos e, logo no primeiro ano do munic\u00edpio, foi homenageado pela C\u00e2mara Municipal de Vereadores com o t\u00edtulo de Cidad\u00e3o Benem\u00e9rito de Mampituba.<\/div>\n<p>Na oportunidade da realiza\u00e7\u00e3o da 41\u00aa Romaria da Terra do RS, Pe. Callegari dedica uma carta aos Romeiros.<\/p>\n<p><img decoding=\"async\" class=\"aligncenter size-medium wp-image-553\" src=\"https:\/\/padrejosimo.com.br\/site\/wp-content\/uploads\/2017\/12\/24799221_1458430000938188_8444927759871488301_o-300x225.jpg\" alt=\"\" width=\"300\" height=\"225\" srcset=\"https:\/\/padrejosimo.com.br\/site\/wp-content\/uploads\/2017\/12\/24799221_1458430000938188_8444927759871488301_o-300x225.jpg 300w, https:\/\/padrejosimo.com.br\/site\/wp-content\/uploads\/2017\/12\/24799221_1458430000938188_8444927759871488301_o-768x576.jpg 768w, https:\/\/padrejosimo.com.br\/site\/wp-content\/uploads\/2017\/12\/24799221_1458430000938188_8444927759871488301_o-1024x768.jpg 1024w, https:\/\/padrejosimo.com.br\/site\/wp-content\/uploads\/2017\/12\/24799221_1458430000938188_8444927759871488301_o.jpg 2048w\" sizes=\"(max-width: 300px) 100vw, 300px\" \/><\/p>\n<p>Confira na \u00edntegra:<\/p>\n<p><em>\u201cROMARIA DA TERRA<\/em><\/p>\n<p><em>Para mim, que sou Padre, \u00e9 uma grande honra ter sido convidado para marcar presen\u00e7a, na Romaria da Terra que se realizar\u00e1 no Munic\u00edpio de Mampituba, Rio Grande do Sul, dentro em breve, no pr\u00f3ximo ano.<\/em><br \/>\n <em>Para mim a terra \u00e9 uma verdadeira m\u00e3e de todos n\u00f3s que somos filhos dela, pois todos somos terra, dela viemos e para ela voltaremos!<\/em><br \/>\n <em>\u201cLembra-te: que \u00e9s p\u00f3 e te transformar\u00e1s em p\u00f3 da terra\u201d Fala a sagrada Escritura, para todas as criaturas humanas, em todos os tempos.<\/em><br \/>\n <em>Por isso fica muito bem hoje em dia, falar e escrever sobre \u201cNossa M\u00e3e Terra\u201d. E fazer peregrina\u00e7\u00f5es, melhor, promover tamb\u00e9m as \u201cSantas Romarias da terra\u201d, para atualizar comportamentos.<\/em><br \/>\n <em>No nosso munic\u00edpio de Mampituba, SIM. Por muitas raz\u00f5es:<\/em><br \/>\n <em>&#8211; Vivemos numa das regi\u00f5es mais belas, ricas e saud\u00e1veis da na\u00e7\u00e3o brasileira: Que precisamos cultivar com muito capricho! Cultivar com muito amor e carinhosamente, deitar neste solo as sementes para colher as safras de gr\u00e3os e frutas que entrar\u00e3o em nossas casas; para servirem de alimenta\u00e7\u00e3o saud\u00e1vel e gostosas \u00e0s criaturas humanas, tamb\u00e9m aos animais dom\u00e9sticos, que criamos para nosso bem-estar e deleite.<\/em><br \/>\n <em>&#8211; Quem vive na agricultura, sabe usar o solo, a terra; Sim a M\u00e3e Terra, para atender as suas necessidades, nesta vida terrena.<\/em><br \/>\n <em>H\u00e1 muitos comportamentos humanos maravilhosos no meio rural, que precisam melhorar, e atualizar-se de acordo com os desenvolvimentos t\u00e9cnicos e cient\u00edficos que acontece no Brasil e pelo mundo afora, para estancar o \u00eaxodo dos agricultores, acumulando-se em centros urbanos, onde as ind\u00fastrias est\u00e3o falindo, desempregando, arruinando a vida de milh\u00f5es de pessoas, muitos eram camponeses.<\/em><br \/>\n <em>&#8211; Tamb\u00e9m na agricultura os desafios na educa\u00e7\u00e3o, na seguran\u00e7a, na sa\u00fade, na uni\u00e3o e organiza\u00e7\u00e3o da popula\u00e7\u00e3o rural, requer mais incentivos por parte dos governos Federal, Estadual e Municipal.<\/em><br \/>\n <em>Compete as lideran\u00e7as, especialmente as igrejas, levantar o \u00e2nimo das comunidades, para um mundo cada vez mais colaborativo, fraterno e justo, impedindo a perda de direitos conquistados pelos agricultores e oper\u00e1rios, atrav\u00e9s de duras lutas nos tempos passados.<\/em><br \/>\n <em>E avan\u00e7ando no bem-estar comum, atrav\u00e9s de reuni\u00f5es, peregrina\u00e7\u00f5es, ROMARIAS DA TERRA, fazer acontecer a esperan\u00e7a de um futuro cada vez melhor, dentro da ordem e do progresso, para todos.<\/em><br \/>\n <em>Bem, eu adoro esta terra, muito boa, fertil\u00edssima, onde tudo d\u00e1, com generosidade, em se plantando e cultivando&#8230; Em Mampituba, por exemplo, temos: milho, feij\u00e3o, arroz, bananais imensos, planta\u00e7\u00f5es de maracuj\u00e1s, etc., etc.,<\/em><br \/>\n <em>Mas cada munic\u00edpio tem sua fartura de alimentos, produzidos por todas as etnias que vieram dos quatro cantos do mundo, para viver no Brasil. Aqui est\u00e3o construindo casas muito lindas, cheias do conforto; suas escolas, igrejas, sal\u00f5es e clubes recreativos&#8230; produzem mat\u00e9rias prima para a na\u00e7\u00e3o e exporta\u00e7\u00e3o.<\/em><br \/>\n <em>Organizam os processos culturais em escolas de 1\u00b0 e 2\u00b0 Graus; especializam-se em faculdades, universidades, cursos t\u00e9cnicos, cient\u00edficos, doutorando \u2013 se&#8230;<\/em><br \/>\n <em>&#8211; Agricultura, ind\u00fastria e com\u00e9rcio muito avan\u00e7ados;<\/em><br \/>\n <em>&#8211; Explos\u00e3o de turismo nacional e Internacional;<\/em><br \/>\n <em>&#8211; Esportes, Lazer de todos os tipos e para toas as pessoas e gosto de todos.<\/em><br \/>\n <em>&#8211; Meios de transporte, estradas asfaltadas;<\/em><br \/>\n <em>&#8211; R\u00e1dios, internet, celulares, m\u00e1quinas potentes \u2013 operam verdadeiros milagres de conforto e de transforma\u00e7\u00e3o da nossa m\u00e3e terra. Tudo muda se transforma com rapidez.<\/em><br \/>\n <em>Em\u00e9rito Padre Mariano Callegari\u201d<\/em><\/p>\n<p><img decoding=\"async\" class=\"aligncenter size-medium wp-image-551\" src=\"https:\/\/padrejosimo.com.br\/site\/wp-content\/uploads\/2017\/12\/24799660_1458430197604835_3046752434457058888_o-300x201.jpg\" alt=\"\" width=\"300\" height=\"201\" srcset=\"https:\/\/padrejosimo.com.br\/site\/wp-content\/uploads\/2017\/12\/24799660_1458430197604835_3046752434457058888_o-300x201.jpg 300w, https:\/\/padrejosimo.com.br\/site\/wp-content\/uploads\/2017\/12\/24799660_1458430197604835_3046752434457058888_o-768x514.jpg 768w, https:\/\/padrejosimo.com.br\/site\/wp-content\/uploads\/2017\/12\/24799660_1458430197604835_3046752434457058888_o-1024x685.jpg 1024w, https:\/\/padrejosimo.com.br\/site\/wp-content\/uploads\/2017\/12\/24799660_1458430197604835_3046752434457058888_o.jpg 1632w\" sizes=\"(max-width: 300px) 100vw, 300px\" \/><\/p>\n<p>Fonte: Carta de Padre Mariano Callegari a organizadora da Historia e Mem\u00f3ria Oral, Cloreci Ramos Matos, em Novembro\/2017 e Bruna Valtrick &#8211; Jornal Pioneiro.<\/p>\n<p>Foto: Daniela Xu_Agencia RBS e arquivo pessoal<\/p>\n","protected":false},"excerpt":{"rendered":"<p>A 41\u00aa Romaria da Terra do RS acontecer\u00e1 no dia 13 de fevereiro de 2018 (ter\u00e7a-feira de carnaval), sendo escolhido como local a comunidade de Rio de Dentro, em Mampituba (RS).<\/p>\n","protected":false},"featured_media":552,"template":"","categorias_noticias":[13],"class_list":["post-550","noticias","type-noticias","status-publish","has-post-thumbnail","hentry","categorias_noticias-noticias"],"acf":[],"yoast_head":"<!-- This site is optimized with the Yoast SEO plugin v27.2 - https:\/\/yoast.com\/product\/yoast-seo-wordpress\/ -->\n<title>Por ocasi\u00e3o da 41\u00aa Romaria da Terra, carta aos Romeiros por Em\u00e9rito Padre Mariano Callegari - Instituto Cultural Padre Josimo<\/title>\n<meta name=\"robots\" content=\"index, follow, max-snippet:-1, max-image-preview:large, max-video-preview:-1\" \/>\n<link rel=\"canonical\" href=\"https:\/\/padrejosimo.com.br\/site\/noticias\/por-ocasiao-da-41a-romaria-da-terra-carta-aos-romeiros-por-emerito-padre-mariano-callegari\/\" \/>\n<meta property=\"og:locale\" content=\"pt_BR\" \/>\n<meta property=\"og:type\" content=\"article\" \/>\n<meta property=\"og:title\" content=\"Por ocasi\u00e3o da 41\u00aa Romaria da Terra, carta aos Romeiros por Em\u00e9rito Padre Mariano Callegari - Instituto Cultural Padre Josimo\" \/>\n<meta property=\"og:description\" content=\"A 41\u00aa Romaria da Terra do RS acontecer\u00e1 no dia 13 de fevereiro de 2018 (ter\u00e7a-feira de carnaval), sendo escolhido como local a comunidade de Rio de Dentro, em Mampituba (RS).\" \/>\n<meta property=\"og:url\" content=\"https:\/\/padrejosimo.com.br\/site\/noticias\/por-ocasiao-da-41a-romaria-da-terra-carta-aos-romeiros-por-emerito-padre-mariano-callegari\/\" \/>\n<meta property=\"og:site_name\" content=\"Instituto Cultural Padre Josimo\" \/>\n<meta property=\"article:modified_time\" content=\"2017-12-06T14:50:14+00:00\" \/>\n<meta property=\"og:image\" content=\"https:\/\/padrejosimo.com.br\/site\/wp-content\/uploads\/2017\/12\/24313178_1458429864271535_3083988855866870166_o.jpg\" \/>\n\t<meta property=\"og:image:width\" content=\"640\" \/>\n\t<meta property=\"og:image:height\" content=\"968\" \/>\n\t<meta property=\"og:image:type\" content=\"image\/jpeg\" \/>\n<meta name=\"twitter:card\" content=\"summary_large_image\" \/>\n<meta name=\"twitter:label1\" content=\"Est. tempo de leitura\" \/>\n\t<meta name=\"twitter:data1\" content=\"4 minutos\" \/>\n<script type=\"application\/ld+json\" class=\"yoast-schema-graph\">{\"@context\":\"https:\/\/schema.org\",\"@graph\":[{\"@type\":\"WebPage\",\"@id\":\"https:\/\/padrejosimo.com.br\/site\/noticias\/por-ocasiao-da-41a-romaria-da-terra-carta-aos-romeiros-por-emerito-padre-mariano-callegari\/\",\"url\":\"https:\/\/padrejosimo.com.br\/site\/noticias\/por-ocasiao-da-41a-romaria-da-terra-carta-aos-romeiros-por-emerito-padre-mariano-callegari\/\",\"name\":\"Por ocasi\u00e3o da 41\u00aa Romaria da Terra, carta aos Romeiros por Em\u00e9rito Padre Mariano Callegari - Instituto Cultural Padre Josimo\",\"isPartOf\":{\"@id\":\"https:\/\/padrejosimo.com.br\/site\/#website\"},\"primaryImageOfPage\":{\"@id\":\"https:\/\/padrejosimo.com.br\/site\/noticias\/por-ocasiao-da-41a-romaria-da-terra-carta-aos-romeiros-por-emerito-padre-mariano-callegari\/#primaryimage\"},\"image\":{\"@id\":\"https:\/\/padrejosimo.com.br\/site\/noticias\/por-ocasiao-da-41a-romaria-da-terra-carta-aos-romeiros-por-emerito-padre-mariano-callegari\/#primaryimage\"},\"thumbnailUrl\":\"https:\/\/padrejosimo.com.br\/site\/wp-content\/uploads\/2017\/12\/24313178_1458429864271535_3083988855866870166_o.jpg\",\"datePublished\":\"2017-12-06T14:40:07+00:00\",\"dateModified\":\"2017-12-06T14:50:14+00:00\",\"breadcrumb\":{\"@id\":\"https:\/\/padrejosimo.com.br\/site\/noticias\/por-ocasiao-da-41a-romaria-da-terra-carta-aos-romeiros-por-emerito-padre-mariano-callegari\/#breadcrumb\"},\"inLanguage\":\"pt-BR\",\"potentialAction\":[{\"@type\":\"ReadAction\",\"target\":[\"https:\/\/padrejosimo.com.br\/site\/noticias\/por-ocasiao-da-41a-romaria-da-terra-carta-aos-romeiros-por-emerito-padre-mariano-callegari\/\"]}]},{\"@type\":\"ImageObject\",\"inLanguage\":\"pt-BR\",\"@id\":\"https:\/\/padrejosimo.com.br\/site\/noticias\/por-ocasiao-da-41a-romaria-da-terra-carta-aos-romeiros-por-emerito-padre-mariano-callegari\/#primaryimage\",\"url\":\"https:\/\/padrejosimo.com.br\/site\/wp-content\/uploads\/2017\/12\/24313178_1458429864271535_3083988855866870166_o.jpg\",\"contentUrl\":\"https:\/\/padrejosimo.com.br\/site\/wp-content\/uploads\/2017\/12\/24313178_1458429864271535_3083988855866870166_o.jpg\",\"width\":640,\"height\":968},{\"@type\":\"BreadcrumbList\",\"@id\":\"https:\/\/padrejosimo.com.br\/site\/noticias\/por-ocasiao-da-41a-romaria-da-terra-carta-aos-romeiros-por-emerito-padre-mariano-callegari\/#breadcrumb\",\"itemListElement\":[{\"@type\":\"ListItem\",\"position\":1,\"name\":\"In\u00edcio\",\"item\":\"https:\/\/padrejosimo.com.br\/site\/\"},{\"@type\":\"ListItem\",\"position\":2,\"name\":\"Not\u00edcias\",\"item\":\"https:\/\/padrejosimo.com.br\/site\/noticias\/\"},{\"@type\":\"ListItem\",\"position\":3,\"name\":\"Por ocasi\u00e3o da 41\u00aa Romaria da Terra, carta aos Romeiros por Em\u00e9rito Padre Mariano Callegari\"}]},{\"@type\":\"WebSite\",\"@id\":\"https:\/\/padrejosimo.com.br\/site\/#website\",\"url\":\"https:\/\/padrejosimo.com.br\/site\/\",\"name\":\"Instituto Cultural Padre Josimo\",\"description\":\"Comprometida com a promo\u00e7\u00e3o da justi\u00e7a social, agroecologia e educa\u00e7\u00e3o popular\",\"publisher\":{\"@id\":\"https:\/\/padrejosimo.com.br\/site\/#organization\"},\"alternateName\":\"ICPJ\",\"potentialAction\":[{\"@type\":\"SearchAction\",\"target\":{\"@type\":\"EntryPoint\",\"urlTemplate\":\"https:\/\/padrejosimo.com.br\/site\/?s={search_term_string}\"},\"query-input\":{\"@type\":\"PropertyValueSpecification\",\"valueRequired\":true,\"valueName\":\"search_term_string\"}}],\"inLanguage\":\"pt-BR\"},{\"@type\":\"Organization\",\"@id\":\"https:\/\/padrejosimo.com.br\/site\/#organization\",\"name\":\"Instituto Cultural Padre Josimo\",\"alternateName\":\"ICPJ\",\"url\":\"https:\/\/padrejosimo.com.br\/site\/\",\"logo\":{\"@type\":\"ImageObject\",\"inLanguage\":\"pt-BR\",\"@id\":\"https:\/\/padrejosimo.com.br\/site\/#\/schema\/logo\/image\/\",\"url\":\"https:\/\/padrejosimo.com.br\/site\/wp-content\/uploads\/2025\/09\/cropped-icon-icpj.png\",\"contentUrl\":\"https:\/\/padrejosimo.com.br\/site\/wp-content\/uploads\/2025\/09\/cropped-icon-icpj.png\",\"width\":512,\"height\":512,\"caption\":\"Instituto Cultural Padre Josimo\"},\"image\":{\"@id\":\"https:\/\/padrejosimo.com.br\/site\/#\/schema\/logo\/image\/\"}}]}<\/script>\n<!-- \/ Yoast SEO plugin. -->","yoast_head_json":{"title":"Por ocasi\u00e3o da 41\u00aa Romaria da Terra, carta aos Romeiros por Em\u00e9rito Padre Mariano Callegari - Instituto Cultural Padre Josimo","robots":{"index":"index","follow":"follow","max-snippet":"max-snippet:-1","max-image-preview":"max-image-preview:large","max-video-preview":"max-video-preview:-1"},"canonical":"https:\/\/padrejosimo.com.br\/site\/noticias\/por-ocasiao-da-41a-romaria-da-terra-carta-aos-romeiros-por-emerito-padre-mariano-callegari\/","og_locale":"pt_BR","og_type":"article","og_title":"Por ocasi\u00e3o da 41\u00aa Romaria da Terra, carta aos Romeiros por Em\u00e9rito Padre Mariano Callegari - Instituto Cultural Padre Josimo","og_description":"A 41\u00aa Romaria da Terra do RS acontecer\u00e1 no dia 13 de fevereiro de 2018 (ter\u00e7a-feira de carnaval), sendo escolhido como local a comunidade de Rio de Dentro, em Mampituba (RS).","og_url":"https:\/\/padrejosimo.com.br\/site\/noticias\/por-ocasiao-da-41a-romaria-da-terra-carta-aos-romeiros-por-emerito-padre-mariano-callegari\/","og_site_name":"Instituto Cultural Padre Josimo","article_modified_time":"2017-12-06T14:50:14+00:00","og_image":[{"width":640,"height":968,"url":"https:\/\/padrejosimo.com.br\/site\/wp-content\/uploads\/2017\/12\/24313178_1458429864271535_3083988855866870166_o.jpg","type":"image\/jpeg"}],"twitter_card":"summary_large_image","twitter_misc":{"Est. tempo de leitura":"4 minutos"},"schema":{"@context":"https:\/\/schema.org","@graph":[{"@type":"WebPage","@id":"https:\/\/padrejosimo.com.br\/site\/noticias\/por-ocasiao-da-41a-romaria-da-terra-carta-aos-romeiros-por-emerito-padre-mariano-callegari\/","url":"https:\/\/padrejosimo.com.br\/site\/noticias\/por-ocasiao-da-41a-romaria-da-terra-carta-aos-romeiros-por-emerito-padre-mariano-callegari\/","name":"Por ocasi\u00e3o da 41\u00aa Romaria da Terra, carta aos Romeiros por Em\u00e9rito Padre Mariano Callegari - Instituto Cultural Padre Josimo","isPartOf":{"@id":"https:\/\/padrejosimo.com.br\/site\/#website"},"primaryImageOfPage":{"@id":"https:\/\/padrejosimo.com.br\/site\/noticias\/por-ocasiao-da-41a-romaria-da-terra-carta-aos-romeiros-por-emerito-padre-mariano-callegari\/#primaryimage"},"image":{"@id":"https:\/\/padrejosimo.com.br\/site\/noticias\/por-ocasiao-da-41a-romaria-da-terra-carta-aos-romeiros-por-emerito-padre-mariano-callegari\/#primaryimage"},"thumbnailUrl":"https:\/\/padrejosimo.com.br\/site\/wp-content\/uploads\/2017\/12\/24313178_1458429864271535_3083988855866870166_o.jpg","datePublished":"2017-12-06T14:40:07+00:00","dateModified":"2017-12-06T14:50:14+00:00","breadcrumb":{"@id":"https:\/\/padrejosimo.com.br\/site\/noticias\/por-ocasiao-da-41a-romaria-da-terra-carta-aos-romeiros-por-emerito-padre-mariano-callegari\/#breadcrumb"},"inLanguage":"pt-BR","potentialAction":[{"@type":"ReadAction","target":["https:\/\/padrejosimo.com.br\/site\/noticias\/por-ocasiao-da-41a-romaria-da-terra-carta-aos-romeiros-por-emerito-padre-mariano-callegari\/"]}]},{"@type":"ImageObject","inLanguage":"pt-BR","@id":"https:\/\/padrejosimo.com.br\/site\/noticias\/por-ocasiao-da-41a-romaria-da-terra-carta-aos-romeiros-por-emerito-padre-mariano-callegari\/#primaryimage","url":"https:\/\/padrejosimo.com.br\/site\/wp-content\/uploads\/2017\/12\/24313178_1458429864271535_3083988855866870166_o.jpg","contentUrl":"https:\/\/padrejosimo.com.br\/site\/wp-content\/uploads\/2017\/12\/24313178_1458429864271535_3083988855866870166_o.jpg","width":640,"height":968},{"@type":"BreadcrumbList","@id":"https:\/\/padrejosimo.com.br\/site\/noticias\/por-ocasiao-da-41a-romaria-da-terra-carta-aos-romeiros-por-emerito-padre-mariano-callegari\/#breadcrumb","itemListElement":[{"@type":"ListItem","position":1,"name":"In\u00edcio","item":"https:\/\/padrejosimo.com.br\/site\/"},{"@type":"ListItem","position":2,"name":"Not\u00edcias","item":"https:\/\/padrejosimo.com.br\/site\/noticias\/"},{"@type":"ListItem","position":3,"name":"Por ocasi\u00e3o da 41\u00aa Romaria da Terra, carta aos Romeiros por Em\u00e9rito Padre Mariano Callegari"}]},{"@type":"WebSite","@id":"https:\/\/padrejosimo.com.br\/site\/#website","url":"https:\/\/padrejosimo.com.br\/site\/","name":"Instituto Cultural Padre Josimo","description":"Comprometida com a promo\u00e7\u00e3o da justi\u00e7a social, agroecologia e educa\u00e7\u00e3o popular","publisher":{"@id":"https:\/\/padrejosimo.com.br\/site\/#organization"},"alternateName":"ICPJ","potentialAction":[{"@type":"SearchAction","target":{"@type":"EntryPoint","urlTemplate":"https:\/\/padrejosimo.com.br\/site\/?s={search_term_string}"},"query-input":{"@type":"PropertyValueSpecification","valueRequired":true,"valueName":"search_term_string"}}],"inLanguage":"pt-BR"},{"@type":"Organization","@id":"https:\/\/padrejosimo.com.br\/site\/#organization","name":"Instituto Cultural Padre Josimo","alternateName":"ICPJ","url":"https:\/\/padrejosimo.com.br\/site\/","logo":{"@type":"ImageObject","inLanguage":"pt-BR","@id":"https:\/\/padrejosimo.com.br\/site\/#\/schema\/logo\/image\/","url":"https:\/\/padrejosimo.com.br\/site\/wp-content\/uploads\/2025\/09\/cropped-icon-icpj.png","contentUrl":"https:\/\/padrejosimo.com.br\/site\/wp-content\/uploads\/2025\/09\/cropped-icon-icpj.png","width":512,"height":512,"caption":"Instituto Cultural Padre Josimo"},"image":{"@id":"https:\/\/padrejosimo.com.br\/site\/#\/schema\/logo\/image\/"}}]}},"_links":{"self":[{"href":"https:\/\/padrejosimo.com.br\/site\/wp-json\/wp\/v2\/noticias\/550","targetHints":{"allow":["GET"]}}],"collection":[{"href":"https:\/\/padrejosimo.com.br\/site\/wp-json\/wp\/v2\/noticias"}],"about":[{"href":"https:\/\/padrejosimo.com.br\/site\/wp-json\/wp\/v2\/types\/noticias"}],"wp:featuredmedia":[{"embeddable":true,"href":"https:\/\/padrejosimo.com.br\/site\/wp-json\/wp\/v2\/media\/552"}],"wp:attachment":[{"href":"https:\/\/padrejosimo.com.br\/site\/wp-json\/wp\/v2\/media?parent=550"}],"wp:term":[{"taxonomy":"categorias_noticias","embeddable":true,"href":"https:\/\/padrejosimo.com.br\/site\/wp-json\/wp\/v2\/categorias_noticias?post=550"}],"curies":[{"name":"wp","href":"https:\/\/api.w.org\/{rel}","templated":true}]}}