{"id":542,"date":"2017-12-05T15:33:13","date_gmt":"2017-12-05T17:33:13","guid":{"rendered":"http:\/\/padrejosimo.com.br\/site\/?post_type=noticias&#038;p=542"},"modified":"2017-12-05T17:30:50","modified_gmt":"2017-12-05T19:30:50","slug":"mpa-faz-greve-de-fome-na-capital-federal-contra-a-reforma-da-previdencia","status":"publish","type":"noticias","link":"https:\/\/padrejosimo.com.br\/site\/noticias\/mpa-faz-greve-de-fome-na-capital-federal-contra-a-reforma-da-previdencia\/","title":{"rendered":"MPA faz Greve de Fome na Capital Federal contra a Reforma da Previd\u00eancia"},"content":{"rendered":"<p>MPA &#8211; Camponeses do Movimento dos Pequenos Agricultores (MPA) iniciam hoje, 5 de dezembro, Greve de Fome na C\u00e2mara dos Deputados Federal em Bras\u00edlia como forma de rep\u00fadio a Reforma da Previd\u00eancia que assombra os trabalhadores do campo e da cidade, e que poder\u00e1 ser votada a qualquer momento.<\/p>\n<figure id=\"attachment_544\" aria-describedby=\"caption-attachment-544\" style=\"width: 768px\" class=\"wp-caption aligncenter\"><img fetchpriority=\"high\" decoding=\"async\" class=\"wp-image-544 size-full\" src=\"https:\/\/padrejosimo.com.br\/site\/wp-content\/uploads\/2017\/12\/28e6d905-e4da-428b-8635-e175a655b8b9-768x512.jpg\" alt=\"\" width=\"768\" height=\"512\" srcset=\"https:\/\/padrejosimo.com.br\/site\/wp-content\/uploads\/2017\/12\/28e6d905-e4da-428b-8635-e175a655b8b9-768x512.jpg 768w, https:\/\/padrejosimo.com.br\/site\/wp-content\/uploads\/2017\/12\/28e6d905-e4da-428b-8635-e175a655b8b9-768x512-300x200.jpg 300w\" sizes=\"(max-width: 768px) 100vw, 768px\" \/><figcaption id=\"caption-attachment-544\" class=\"wp-caption-text\">Para o MPA a Greve de Fome significa que alguns passar\u00e3o fome por alguns dias para evitar que muitos passem fome uma vida inteira<\/figcaption><\/figure>\n<p>As recentes not\u00edcias da proposi\u00e7\u00e3o do relator da Reforma da Previd\u00eancia, Arthur Maia (PPS-BA), de retirar os trabalhadores rurais da proposta encaminhada para vota\u00e7\u00e3o \u00e9 mentira e a n\u00e3o vota\u00e7\u00e3o da reforma na C\u00e2mara do Deputados n\u00e3o desmobilizou os trabalhadores, diante disso o Movimento segue somando nas atividades da Frente Brasil Popular em todo o Pa\u00eds. \u201cPara o MPA a Greve de Fome significa que alguns passar\u00e3o fome por alguns dias para evitar que muitos passem fome uma vida inteira\u201d, afirma Bruno Pilon.<\/p>\n<p>O MPA reafirma sua posi\u00e7\u00e3o contr\u00e1ria a Reforma da Previd\u00eancia, posi\u00e7\u00e3o essa expressa por todas as organiza\u00e7\u00f5es do campo e da cidade que de fato defendem os interesses da Classe Trabalhadora. \u201cNem a aparente retirada dos rurais da Reforma Previdenci\u00e1ria nos far\u00e1 retroceder a luta, essa \u00e9 uma Luta de Classe. Se nossos irm\u00e3os e irm\u00e3s urbanos ser\u00e3o atingidos tamb\u00e9m seremos, vamos nos manter firmes para barrar esses retrocessos\u201d, aponta Pilon.<\/p>\n<figure id=\"attachment_546\" aria-describedby=\"caption-attachment-546\" style=\"width: 1024px\" class=\"wp-caption aligncenter\"><img decoding=\"async\" class=\"size-large wp-image-546\" src=\"https:\/\/padrejosimo.com.br\/site\/wp-content\/uploads\/2017\/12\/WhatsApp-Image-2017-12-05-at-16.07.32-1024x743.jpg\" alt=\"\" width=\"1024\" height=\"743\" srcset=\"https:\/\/padrejosimo.com.br\/site\/wp-content\/uploads\/2017\/12\/WhatsApp-Image-2017-12-05-at-16.07.32-1024x743.jpg 1024w, https:\/\/padrejosimo.com.br\/site\/wp-content\/uploads\/2017\/12\/WhatsApp-Image-2017-12-05-at-16.07.32-300x218.jpg 300w, https:\/\/padrejosimo.com.br\/site\/wp-content\/uploads\/2017\/12\/WhatsApp-Image-2017-12-05-at-16.07.32-768x557.jpg 768w, https:\/\/padrejosimo.com.br\/site\/wp-content\/uploads\/2017\/12\/WhatsApp-Image-2017-12-05-at-16.07.32.jpg 1235w\" sizes=\"(max-width: 1024px) 100vw, 1024px\" \/><figcaption id=\"caption-attachment-546\" class=\"wp-caption-text\">Senador Paulo Paim conversando com Frei Sergio G\u00f6rgen, Josi Costa e Leila Denise Meurer, que iniciaram ato nesta manh\u00e3, junto \u00e0 C\u00e2mara dos Deputados.<\/figcaption><\/figure>\n<p>Os camponeses e camponesas que est\u00e3o fazendo a Greve de Fome \u2013 Frei Sergio G\u00f6rgen, Josi Costa e Leila Denise Meurer \u2013 sabem do desafio que \u00e9 imposto a priva\u00e7\u00e3o de se alimentar, mas visto o n\u00edvel de retirada de diretos que se encontra \u00e9 uma das a\u00e7\u00f5es que est\u00e3o dispostos a fazer para contribuir com a derrocada dessa Reforma, esse \u00e9 um aviso pr\u00e9vio das a\u00e7\u00f5es que eles ir\u00e3o executar caso essa Reforma venha a ser votada.<\/p>\n<p>O Movimento n\u00e3o aceita a manobra do governo golpista e assegura que ir\u00e1 cerrar fileiras junto com todos os companheiros e companheiras urbanos e rurais, junto com suas entidades de Classe para barrar esta vota\u00e7\u00e3o e derrotar a reforma na C\u00e2mara do Deputados.<\/p>\n<p>Galeria de fotos<\/p>\n<p><img decoding=\"async\" class=\"aligncenter size-large wp-image-547\" src=\"https:\/\/padrejosimo.com.br\/site\/wp-content\/uploads\/2017\/12\/WhatsApp-Image-2017-12-05-at-16.07.34-1024x768.jpg\" alt=\"\" width=\"1024\" height=\"768\" srcset=\"https:\/\/padrejosimo.com.br\/site\/wp-content\/uploads\/2017\/12\/WhatsApp-Image-2017-12-05-at-16.07.34-1024x768.jpg 1024w, https:\/\/padrejosimo.com.br\/site\/wp-content\/uploads\/2017\/12\/WhatsApp-Image-2017-12-05-at-16.07.34-300x225.jpg 300w, https:\/\/padrejosimo.com.br\/site\/wp-content\/uploads\/2017\/12\/WhatsApp-Image-2017-12-05-at-16.07.34-768x576.jpg 768w, https:\/\/padrejosimo.com.br\/site\/wp-content\/uploads\/2017\/12\/WhatsApp-Image-2017-12-05-at-16.07.34.jpg 1280w\" sizes=\"(max-width: 1024px) 100vw, 1024px\" \/> <img loading=\"lazy\" decoding=\"async\" class=\"aligncenter size-large wp-image-548\" src=\"https:\/\/padrejosimo.com.br\/site\/wp-content\/uploads\/2017\/12\/WhatsApp-Image-2017-12-05-at-16.07.33-1024x768.jpg\" alt=\"\" width=\"1024\" height=\"768\" srcset=\"https:\/\/padrejosimo.com.br\/site\/wp-content\/uploads\/2017\/12\/WhatsApp-Image-2017-12-05-at-16.07.33-1024x768.jpg 1024w, https:\/\/padrejosimo.com.br\/site\/wp-content\/uploads\/2017\/12\/WhatsApp-Image-2017-12-05-at-16.07.33-300x225.jpg 300w, https:\/\/padrejosimo.com.br\/site\/wp-content\/uploads\/2017\/12\/WhatsApp-Image-2017-12-05-at-16.07.33-768x576.jpg 768w, https:\/\/padrejosimo.com.br\/site\/wp-content\/uploads\/2017\/12\/WhatsApp-Image-2017-12-05-at-16.07.33.jpg 1280w\" sizes=\"(max-width: 1024px) 100vw, 1024px\" \/> <img loading=\"lazy\" decoding=\"async\" class=\"aligncenter size-large wp-image-549\" src=\"https:\/\/padrejosimo.com.br\/site\/wp-content\/uploads\/2017\/12\/WhatsApp-Image-2017-12-05-at-16.07.31-1024x768.jpg\" alt=\"\" width=\"1024\" height=\"768\" srcset=\"https:\/\/padrejosimo.com.br\/site\/wp-content\/uploads\/2017\/12\/WhatsApp-Image-2017-12-05-at-16.07.31-1024x768.jpg 1024w, https:\/\/padrejosimo.com.br\/site\/wp-content\/uploads\/2017\/12\/WhatsApp-Image-2017-12-05-at-16.07.31-300x225.jpg 300w, https:\/\/padrejosimo.com.br\/site\/wp-content\/uploads\/2017\/12\/WhatsApp-Image-2017-12-05-at-16.07.31-768x576.jpg 768w, https:\/\/padrejosimo.com.br\/site\/wp-content\/uploads\/2017\/12\/WhatsApp-Image-2017-12-05-at-16.07.31.jpg 1280w\" sizes=\"(max-width: 1024px) 100vw, 1024px\" \/><\/p>\n<p>&nbsp;<\/p>\n","protected":false},"excerpt":{"rendered":"<p>Camponeses do Movimento dos Pequenos Agricultores (MPA) iniciam hoje, 5 de dezembro, Greve de Fome na C\u00e2mara dos Deputados Federal em Bras\u00edlia como forma de rep\u00fadio a Reforma da Previd\u00eancia que assombra os trabalhadores do campo e da cidade, e que poder\u00e1 ser votada a qualquer momento.<\/p>\n","protected":false},"featured_media":544,"template":"","categorias_noticias":[13],"class_list":["post-542","noticias","type-noticias","status-publish","has-post-thumbnail","hentry","categorias_noticias-noticias"],"acf":[],"yoast_head":"<!-- This site is optimized with the Yoast SEO plugin v27.2 - https:\/\/yoast.com\/product\/yoast-seo-wordpress\/ -->\n<title>MPA faz Greve de Fome na Capital Federal contra a Reforma da Previd\u00eancia - Instituto Cultural Padre Josimo<\/title>\n<meta name=\"robots\" content=\"index, follow, max-snippet:-1, max-image-preview:large, max-video-preview:-1\" \/>\n<link rel=\"canonical\" href=\"https:\/\/padrejosimo.com.br\/site\/noticias\/mpa-faz-greve-de-fome-na-capital-federal-contra-a-reforma-da-previdencia\/\" \/>\n<meta property=\"og:locale\" content=\"pt_BR\" \/>\n<meta property=\"og:type\" content=\"article\" \/>\n<meta property=\"og:title\" content=\"MPA faz Greve de Fome na Capital Federal contra a Reforma da Previd\u00eancia - Instituto Cultural Padre Josimo\" \/>\n<meta property=\"og:description\" content=\"Camponeses do Movimento dos Pequenos Agricultores (MPA) iniciam hoje, 5 de dezembro, Greve de Fome na C\u00e2mara dos Deputados Federal em Bras\u00edlia como forma de rep\u00fadio a Reforma da Previd\u00eancia que assombra os trabalhadores do campo e da cidade, e que poder\u00e1 ser votada a qualquer momento.\" \/>\n<meta property=\"og:url\" content=\"https:\/\/padrejosimo.com.br\/site\/noticias\/mpa-faz-greve-de-fome-na-capital-federal-contra-a-reforma-da-previdencia\/\" \/>\n<meta property=\"og:site_name\" content=\"Instituto Cultural Padre Josimo\" \/>\n<meta property=\"article:modified_time\" content=\"2017-12-05T19:30:50+00:00\" \/>\n<meta property=\"og:image\" content=\"https:\/\/padrejosimo.com.br\/site\/wp-content\/uploads\/2017\/12\/28e6d905-e4da-428b-8635-e175a655b8b9-768x512.jpg\" \/>\n\t<meta property=\"og:image:width\" content=\"768\" \/>\n\t<meta property=\"og:image:height\" content=\"512\" \/>\n\t<meta property=\"og:image:type\" content=\"image\/jpeg\" \/>\n<meta name=\"twitter:card\" content=\"summary_large_image\" \/>\n<meta name=\"twitter:label1\" content=\"Est. tempo de leitura\" \/>\n\t<meta name=\"twitter:data1\" content=\"2 minutos\" \/>\n<script type=\"application\/ld+json\" class=\"yoast-schema-graph\">{\"@context\":\"https:\/\/schema.org\",\"@graph\":[{\"@type\":\"WebPage\",\"@id\":\"https:\/\/padrejosimo.com.br\/site\/noticias\/mpa-faz-greve-de-fome-na-capital-federal-contra-a-reforma-da-previdencia\/\",\"url\":\"https:\/\/padrejosimo.com.br\/site\/noticias\/mpa-faz-greve-de-fome-na-capital-federal-contra-a-reforma-da-previdencia\/\",\"name\":\"MPA faz Greve de Fome na Capital Federal contra a Reforma da Previd\u00eancia - Instituto Cultural Padre Josimo\",\"isPartOf\":{\"@id\":\"https:\/\/padrejosimo.com.br\/site\/#website\"},\"primaryImageOfPage\":{\"@id\":\"https:\/\/padrejosimo.com.br\/site\/noticias\/mpa-faz-greve-de-fome-na-capital-federal-contra-a-reforma-da-previdencia\/#primaryimage\"},\"image\":{\"@id\":\"https:\/\/padrejosimo.com.br\/site\/noticias\/mpa-faz-greve-de-fome-na-capital-federal-contra-a-reforma-da-previdencia\/#primaryimage\"},\"thumbnailUrl\":\"https:\/\/padrejosimo.com.br\/site\/wp-content\/uploads\/2017\/12\/28e6d905-e4da-428b-8635-e175a655b8b9-768x512.jpg\",\"datePublished\":\"2017-12-05T17:33:13+00:00\",\"dateModified\":\"2017-12-05T19:30:50+00:00\",\"breadcrumb\":{\"@id\":\"https:\/\/padrejosimo.com.br\/site\/noticias\/mpa-faz-greve-de-fome-na-capital-federal-contra-a-reforma-da-previdencia\/#breadcrumb\"},\"inLanguage\":\"pt-BR\",\"potentialAction\":[{\"@type\":\"ReadAction\",\"target\":[\"https:\/\/padrejosimo.com.br\/site\/noticias\/mpa-faz-greve-de-fome-na-capital-federal-contra-a-reforma-da-previdencia\/\"]}]},{\"@type\":\"ImageObject\",\"inLanguage\":\"pt-BR\",\"@id\":\"https:\/\/padrejosimo.com.br\/site\/noticias\/mpa-faz-greve-de-fome-na-capital-federal-contra-a-reforma-da-previdencia\/#primaryimage\",\"url\":\"https:\/\/padrejosimo.com.br\/site\/wp-content\/uploads\/2017\/12\/28e6d905-e4da-428b-8635-e175a655b8b9-768x512.jpg\",\"contentUrl\":\"https:\/\/padrejosimo.com.br\/site\/wp-content\/uploads\/2017\/12\/28e6d905-e4da-428b-8635-e175a655b8b9-768x512.jpg\",\"width\":768,\"height\":512},{\"@type\":\"BreadcrumbList\",\"@id\":\"https:\/\/padrejosimo.com.br\/site\/noticias\/mpa-faz-greve-de-fome-na-capital-federal-contra-a-reforma-da-previdencia\/#breadcrumb\",\"itemListElement\":[{\"@type\":\"ListItem\",\"position\":1,\"name\":\"In\u00edcio\",\"item\":\"https:\/\/padrejosimo.com.br\/site\/\"},{\"@type\":\"ListItem\",\"position\":2,\"name\":\"Not\u00edcias\",\"item\":\"https:\/\/padrejosimo.com.br\/site\/noticias\/\"},{\"@type\":\"ListItem\",\"position\":3,\"name\":\"MPA faz Greve de Fome na Capital Federal contra a Reforma da Previd\u00eancia\"}]},{\"@type\":\"WebSite\",\"@id\":\"https:\/\/padrejosimo.com.br\/site\/#website\",\"url\":\"https:\/\/padrejosimo.com.br\/site\/\",\"name\":\"Instituto Cultural Padre Josimo\",\"description\":\"Comprometida com a promo\u00e7\u00e3o da justi\u00e7a social, agroecologia e educa\u00e7\u00e3o popular\",\"publisher\":{\"@id\":\"https:\/\/padrejosimo.com.br\/site\/#organization\"},\"alternateName\":\"ICPJ\",\"potentialAction\":[{\"@type\":\"SearchAction\",\"target\":{\"@type\":\"EntryPoint\",\"urlTemplate\":\"https:\/\/padrejosimo.com.br\/site\/?s={search_term_string}\"},\"query-input\":{\"@type\":\"PropertyValueSpecification\",\"valueRequired\":true,\"valueName\":\"search_term_string\"}}],\"inLanguage\":\"pt-BR\"},{\"@type\":\"Organization\",\"@id\":\"https:\/\/padrejosimo.com.br\/site\/#organization\",\"name\":\"Instituto Cultural Padre Josimo\",\"alternateName\":\"ICPJ\",\"url\":\"https:\/\/padrejosimo.com.br\/site\/\",\"logo\":{\"@type\":\"ImageObject\",\"inLanguage\":\"pt-BR\",\"@id\":\"https:\/\/padrejosimo.com.br\/site\/#\/schema\/logo\/image\/\",\"url\":\"https:\/\/padrejosimo.com.br\/site\/wp-content\/uploads\/2025\/09\/cropped-icon-icpj.png\",\"contentUrl\":\"https:\/\/padrejosimo.com.br\/site\/wp-content\/uploads\/2025\/09\/cropped-icon-icpj.png\",\"width\":512,\"height\":512,\"caption\":\"Instituto Cultural Padre Josimo\"},\"image\":{\"@id\":\"https:\/\/padrejosimo.com.br\/site\/#\/schema\/logo\/image\/\"}}]}<\/script>\n<!-- \/ Yoast SEO plugin. -->","yoast_head_json":{"title":"MPA faz Greve de Fome na Capital Federal contra a Reforma da Previd\u00eancia - Instituto Cultural Padre Josimo","robots":{"index":"index","follow":"follow","max-snippet":"max-snippet:-1","max-image-preview":"max-image-preview:large","max-video-preview":"max-video-preview:-1"},"canonical":"https:\/\/padrejosimo.com.br\/site\/noticias\/mpa-faz-greve-de-fome-na-capital-federal-contra-a-reforma-da-previdencia\/","og_locale":"pt_BR","og_type":"article","og_title":"MPA faz Greve de Fome na Capital Federal contra a Reforma da Previd\u00eancia - Instituto Cultural Padre Josimo","og_description":"Camponeses do Movimento dos Pequenos Agricultores (MPA) iniciam hoje, 5 de dezembro, Greve de Fome na C\u00e2mara dos Deputados Federal em Bras\u00edlia como forma de rep\u00fadio a Reforma da Previd\u00eancia que assombra os trabalhadores do campo e da cidade, e que poder\u00e1 ser votada a qualquer momento.","og_url":"https:\/\/padrejosimo.com.br\/site\/noticias\/mpa-faz-greve-de-fome-na-capital-federal-contra-a-reforma-da-previdencia\/","og_site_name":"Instituto Cultural Padre Josimo","article_modified_time":"2017-12-05T19:30:50+00:00","og_image":[{"width":768,"height":512,"url":"https:\/\/padrejosimo.com.br\/site\/wp-content\/uploads\/2017\/12\/28e6d905-e4da-428b-8635-e175a655b8b9-768x512.jpg","type":"image\/jpeg"}],"twitter_card":"summary_large_image","twitter_misc":{"Est. tempo de leitura":"2 minutos"},"schema":{"@context":"https:\/\/schema.org","@graph":[{"@type":"WebPage","@id":"https:\/\/padrejosimo.com.br\/site\/noticias\/mpa-faz-greve-de-fome-na-capital-federal-contra-a-reforma-da-previdencia\/","url":"https:\/\/padrejosimo.com.br\/site\/noticias\/mpa-faz-greve-de-fome-na-capital-federal-contra-a-reforma-da-previdencia\/","name":"MPA faz Greve de Fome na Capital Federal contra a Reforma da Previd\u00eancia - Instituto Cultural Padre Josimo","isPartOf":{"@id":"https:\/\/padrejosimo.com.br\/site\/#website"},"primaryImageOfPage":{"@id":"https:\/\/padrejosimo.com.br\/site\/noticias\/mpa-faz-greve-de-fome-na-capital-federal-contra-a-reforma-da-previdencia\/#primaryimage"},"image":{"@id":"https:\/\/padrejosimo.com.br\/site\/noticias\/mpa-faz-greve-de-fome-na-capital-federal-contra-a-reforma-da-previdencia\/#primaryimage"},"thumbnailUrl":"https:\/\/padrejosimo.com.br\/site\/wp-content\/uploads\/2017\/12\/28e6d905-e4da-428b-8635-e175a655b8b9-768x512.jpg","datePublished":"2017-12-05T17:33:13+00:00","dateModified":"2017-12-05T19:30:50+00:00","breadcrumb":{"@id":"https:\/\/padrejosimo.com.br\/site\/noticias\/mpa-faz-greve-de-fome-na-capital-federal-contra-a-reforma-da-previdencia\/#breadcrumb"},"inLanguage":"pt-BR","potentialAction":[{"@type":"ReadAction","target":["https:\/\/padrejosimo.com.br\/site\/noticias\/mpa-faz-greve-de-fome-na-capital-federal-contra-a-reforma-da-previdencia\/"]}]},{"@type":"ImageObject","inLanguage":"pt-BR","@id":"https:\/\/padrejosimo.com.br\/site\/noticias\/mpa-faz-greve-de-fome-na-capital-federal-contra-a-reforma-da-previdencia\/#primaryimage","url":"https:\/\/padrejosimo.com.br\/site\/wp-content\/uploads\/2017\/12\/28e6d905-e4da-428b-8635-e175a655b8b9-768x512.jpg","contentUrl":"https:\/\/padrejosimo.com.br\/site\/wp-content\/uploads\/2017\/12\/28e6d905-e4da-428b-8635-e175a655b8b9-768x512.jpg","width":768,"height":512},{"@type":"BreadcrumbList","@id":"https:\/\/padrejosimo.com.br\/site\/noticias\/mpa-faz-greve-de-fome-na-capital-federal-contra-a-reforma-da-previdencia\/#breadcrumb","itemListElement":[{"@type":"ListItem","position":1,"name":"In\u00edcio","item":"https:\/\/padrejosimo.com.br\/site\/"},{"@type":"ListItem","position":2,"name":"Not\u00edcias","item":"https:\/\/padrejosimo.com.br\/site\/noticias\/"},{"@type":"ListItem","position":3,"name":"MPA faz Greve de Fome na Capital Federal contra a Reforma da Previd\u00eancia"}]},{"@type":"WebSite","@id":"https:\/\/padrejosimo.com.br\/site\/#website","url":"https:\/\/padrejosimo.com.br\/site\/","name":"Instituto Cultural Padre Josimo","description":"Comprometida com a promo\u00e7\u00e3o da justi\u00e7a social, agroecologia e educa\u00e7\u00e3o popular","publisher":{"@id":"https:\/\/padrejosimo.com.br\/site\/#organization"},"alternateName":"ICPJ","potentialAction":[{"@type":"SearchAction","target":{"@type":"EntryPoint","urlTemplate":"https:\/\/padrejosimo.com.br\/site\/?s={search_term_string}"},"query-input":{"@type":"PropertyValueSpecification","valueRequired":true,"valueName":"search_term_string"}}],"inLanguage":"pt-BR"},{"@type":"Organization","@id":"https:\/\/padrejosimo.com.br\/site\/#organization","name":"Instituto Cultural Padre Josimo","alternateName":"ICPJ","url":"https:\/\/padrejosimo.com.br\/site\/","logo":{"@type":"ImageObject","inLanguage":"pt-BR","@id":"https:\/\/padrejosimo.com.br\/site\/#\/schema\/logo\/image\/","url":"https:\/\/padrejosimo.com.br\/site\/wp-content\/uploads\/2025\/09\/cropped-icon-icpj.png","contentUrl":"https:\/\/padrejosimo.com.br\/site\/wp-content\/uploads\/2025\/09\/cropped-icon-icpj.png","width":512,"height":512,"caption":"Instituto Cultural Padre Josimo"},"image":{"@id":"https:\/\/padrejosimo.com.br\/site\/#\/schema\/logo\/image\/"}}]}},"_links":{"self":[{"href":"https:\/\/padrejosimo.com.br\/site\/wp-json\/wp\/v2\/noticias\/542","targetHints":{"allow":["GET"]}}],"collection":[{"href":"https:\/\/padrejosimo.com.br\/site\/wp-json\/wp\/v2\/noticias"}],"about":[{"href":"https:\/\/padrejosimo.com.br\/site\/wp-json\/wp\/v2\/types\/noticias"}],"wp:featuredmedia":[{"embeddable":true,"href":"https:\/\/padrejosimo.com.br\/site\/wp-json\/wp\/v2\/media\/544"}],"wp:attachment":[{"href":"https:\/\/padrejosimo.com.br\/site\/wp-json\/wp\/v2\/media?parent=542"}],"wp:term":[{"taxonomy":"categorias_noticias","embeddable":true,"href":"https:\/\/padrejosimo.com.br\/site\/wp-json\/wp\/v2\/categorias_noticias?post=542"}],"curies":[{"name":"wp","href":"https:\/\/api.w.org\/{rel}","templated":true}]}}