{"id":5002,"date":"2023-10-03T15:07:27","date_gmt":"2023-10-03T18:07:27","guid":{"rendered":"https:\/\/padrejosimo.com.br\/site\/?post_type=noticias&#038;p=5002"},"modified":"2023-10-03T15:07:27","modified_gmt":"2023-10-03T18:07:27","slug":"comecam-a-ser-entregues-sementes-de-solidariedade-a-atingidos-por-ciclone-no-vale-do-taquari-rs","status":"publish","type":"noticias","link":"https:\/\/padrejosimo.com.br\/site\/noticias\/comecam-a-ser-entregues-sementes-de-solidariedade-a-atingidos-por-ciclone-no-vale-do-taquari-rs\/","title":{"rendered":"Come\u00e7am a ser entregues &#8216;Sementes de Solidariedade&#8217; a atingidos por ciclone no Vale do Taquari, RS"},"content":{"rendered":"<header>\n<h3 class=\"description\"><em>Movimentos sociais e organiza\u00e7\u00f5es que se voltaram a pequenos agricultores come\u00e7am a levar itens para fam\u00edlias da regi\u00e3o<\/em><\/h3>\n<div class=\"details-bar\">\n<div class=\"author-time\">\n<div class=\"author\">Marcos Antonio Corbari<\/div>\n<\/div>\n<div><img fetchpriority=\"high\" decoding=\"async\" class=\" wp-image-5004 aligncenter\" src=\"https:\/\/padrejosimo.com.br\/site\/wp-content\/uploads\/2023\/10\/WhatsApp-Image-2023-10-03-at-06.22.47-1024x781.jpeg\" alt=\"\" width=\"501\" height=\"382\" srcset=\"https:\/\/padrejosimo.com.br\/site\/wp-content\/uploads\/2023\/10\/WhatsApp-Image-2023-10-03-at-06.22.47-1024x781.jpeg 1024w, https:\/\/padrejosimo.com.br\/site\/wp-content\/uploads\/2023\/10\/WhatsApp-Image-2023-10-03-at-06.22.47-300x229.jpeg 300w, https:\/\/padrejosimo.com.br\/site\/wp-content\/uploads\/2023\/10\/WhatsApp-Image-2023-10-03-at-06.22.47-768x586.jpeg 768w, https:\/\/padrejosimo.com.br\/site\/wp-content\/uploads\/2023\/10\/WhatsApp-Image-2023-10-03-at-06.22.47.jpeg 1181w\" sizes=\"(max-width: 501px) 100vw, 501px\" \/><\/div>\n<\/div>\n<\/header>\n<div class=\"content\">\n<div class=\"text-content\">\n<p>Depois de percorrer os espa\u00e7os atingidos na zona rural de 11 munic\u00edpios no Vale do Taquari, as organiza\u00e7\u00f5es e movimentos sociais envolvidos na Miss\u00e3o Sementes de Solidariedade iniciam nesta quarta-feira (4) as entregas de kits contendo sementes de milho, feij\u00e3o, hortali\u00e7as, ramas de mandioca e mudas de \u00e1rvores frut\u00edferas. O economista, escritor e apresentador Eduardo Moreira vem at\u00e9 o territ\u00f3rio para acompanhar as atividades.<\/p>\n<p>Inicialmente ser\u00e3o realizadas atividades em Mu\u00e7um (na pra\u00e7a central da cidade) e em Arroio do Meio (na comunidade Forqueta). A data escolhida pelos organizadores para come\u00e7ar as entregas \u00e9 simb\u00f3lica: em 4 de outubro se relembra a vida e as a\u00e7\u00f5es de S\u00e3o Francisco de Assis.<\/p>\n<p>&#8220;Sozinhos a gente n\u00e3o conseguiria seguir em frente, mas como temos recebido tanta solidariedade de tantas pessoas, sejam amigos, familiares, conhecidos ou at\u00e9 mesmo de muita gente que tem vindo de fora nos ajudar, nos apoiar nesses momentos dif\u00edceis, n\u00f3s vamos recome\u00e7ar&#8221;, conta Emira Dutra, de Arroio do Meio, que teve seus plantios e quintal produtivo arrasados pela enxurrada e a casa totalmente alagada, tendo perda praticamente total de m\u00f3veis e utens\u00edlios do uso familiar.<\/p>\n<p>Abra\u00e7ada pelo grupo de volunt\u00e1rios que fez a primeira entrega, ainda me modo simb\u00f3lico, durante os dias de visita e cadastramento, dona Emira j\u00e1 havia inclusive plantado uma primeira \u00e1rvore no seu quintal, antes mesmo da chegada da Miss\u00e3o Sementes de Solidaredade, para demarcar o recome\u00e7o. \u201cRecebemos uma oportunidade de viver e continuar, \u00e9 preciso renascer, colocar as sementes na terra e acreditar que a vida vai continuar, a vida vai vencer\u201d, afirma.<\/p>\n<p class=\"ckeditor-img-caption\">\u00a0<\/p>\n<h3 class=\"ckeditor-subtitle\">Sementes para plantar recome\u00e7os<\/h3>\n<p>A agente da Comis\u00e3o\u00a0Pastoral da Terra Oldi Helena Jantsch, mais conhecida como Tiririca, explicou que as sementes e mudas alcan\u00e7adas \u00e0s fam\u00edlias t\u00eam uma representa\u00e7\u00e3o de recome\u00e7o. \u201cN\u00e3o s\u00e3o suficientes \u00e9 claro para compensar tantas perdas e tantas dores sofridas, mas s\u00e3o alcan\u00e7adas com muito amor, muito carinho, trazem consigo o trabalhos de outros agricultores e agricultoras que as produziram e colocaram \u00e0 disposi\u00e7\u00e3o para fossem trazidas at\u00e9 aqui e entregues como um s\u00edmbolo de solidariedade, de esperan\u00e7a, de recome\u00e7os, de vida.\u201d<\/p>\n<p>Al\u00e9m das sementes Oldi deixou para dona Emira e demais beneficiados pela Miss\u00e3o tamb\u00e9m um pedido: que as sementes sejam plantadas e que, depois de produzir, um pouco da colheita seja compartilhada com outras fam\u00edlias que as a\u00e7\u00f5es da miss\u00e3o n\u00e3o conseguiram alcan\u00e7ar.<\/p>\n<p>A campanha de arrecada\u00e7\u00e3o recebeu centenas de doa\u00e7\u00f5es ao longo das \u00faltimas duas semanas, viabilizando a aquisi\u00e7\u00e3o de cerca de 5,5 toneladas de sementes de milho, 3\u00a0toneladas de sementes de feij\u00e3o, 10 mil sach\u00eas de sementes de hortali\u00e7as, 1,1 mil feixes de ramas de mandioca, 5 mil\u00a0mudas de \u00e1rvores\u00a0de \u00e1rvores frut\u00edferas, mil unidades de plantas medicinais, mil mudas de batata doce, 3 mil mudas de flores, entre outros itens que ser\u00e3o repassadas a cerca de 500 fam\u00edlias atingidas que perderam seus plantios e infraestrutura produtiva.<\/p>\n<p>Participam desta a\u00e7\u00e3o proposta pelo Instituto Cultural Padre Josimo (ICPJ) movimentos sociais como Movimento dos Pequenos agricultores e Pequenas Agricultoras (MPA), o Movimento dos Atingidos e Atingidas por Barragens (MAB) e a Comiss\u00e3o Pastoral da Terra (CPT). Tamb\u00e9m est\u00e3o somadas \u00e0 a\u00e7\u00e3o organiza\u00e7\u00f5es como a C\u00e1ritas RS e C\u00e1ritas Brasileira, o servi\u00e7o de Justi\u00e7a, Paz e Integridade da Cria\u00e7\u00e3o dos Franciscanos (JPIC) e o Instituto Koin\u00f3s.<\/p>\n<p><img decoding=\"async\" class=\" wp-image-5005 aligncenter\" src=\"https:\/\/padrejosimo.com.br\/site\/wp-content\/uploads\/2023\/10\/Sementes-produzidas-por-cmaponeses-da-base-do-MPA-sao-levadas-ate-pequenos-agricultores-no-Vale-do-Taquari-Arquivo-MPA.jpeg\" alt=\"\" width=\"505\" height=\"397\" srcset=\"https:\/\/padrejosimo.com.br\/site\/wp-content\/uploads\/2023\/10\/Sementes-produzidas-por-cmaponeses-da-base-do-MPA-sao-levadas-ate-pequenos-agricultores-no-Vale-do-Taquari-Arquivo-MPA.jpeg 924w, https:\/\/padrejosimo.com.br\/site\/wp-content\/uploads\/2023\/10\/Sementes-produzidas-por-cmaponeses-da-base-do-MPA-sao-levadas-ate-pequenos-agricultores-no-Vale-do-Taquari-Arquivo-MPA-300x236.jpeg 300w, https:\/\/padrejosimo.com.br\/site\/wp-content\/uploads\/2023\/10\/Sementes-produzidas-por-cmaponeses-da-base-do-MPA-sao-levadas-ate-pequenos-agricultores-no-Vale-do-Taquari-Arquivo-MPA-768x604.jpeg 768w\" sizes=\"(max-width: 505px) 100vw, 505px\" \/><\/p>\n<h3 class=\"ckeditor-subtitle\">Celebrar a esperan\u00e7a e recome\u00e7ar<\/h3>\n<p>As atividades que est\u00e3o sendo propostas para o primeiro dia de entregas dos kits da Miss\u00e3o Sementes de Solidariedade \u00e0s fam\u00edlias de pequenos agricultores e agricultoras beneficiadas est\u00e3o carregadas da m\u00edstica de resist\u00eancia e simbolismo de renascimento.<\/p>\n<p>O primeiro ato ocorre em Mu\u00e7um, as 9h30, na pra\u00e7a da cidade que foi uma das mais atingidas pela enchente do come\u00e7o de setembro. Ali ser\u00e1 realizada a Celebra\u00e7\u00e3o da Esperan\u00e7a, que deve ser conduzida pelo padre local, Alberto Tremea, seguida da distribui\u00e7\u00e3o dos kits e plantio de flores na cidade.<\/p>\n<p>A segunda entrega vai acontecer em Arroio do Meio, na comunidade de Forqueta Baixa, logo ap\u00f3s o meio dia, com realiza\u00e7\u00e3o de Almo\u00e7o Solid\u00e1rio e ato da entrega dos kits.<\/p>\n<p>Est\u00e1 confirmada a participa\u00e7\u00e3o do economista, escritor e apresentador Eduardo Moreira, que desde o in\u00edcio das a\u00e7\u00f5es da Miss\u00e3o Sementes de Solidariedade se somou aos esfor\u00e7os de divulga\u00e7\u00e3o e mobiliza\u00e7\u00e3o. Moreira atualmente dirige o Instituto Conhecimento Liberta (ICL) e apresenta o programa de informa\u00e7\u00e3o e an\u00e1lise de conjuntura chamado ICL Not\u00edcias, sendo um dos de maior audi\u00eancia em formato web no pa\u00eds, veiculado todas as manh\u00e3s atrav\u00e9s do seu\u00a0<a href=\"https:\/\/www.youtube.com\/@InstitutoConhecimentoLiberta\" target=\"_blank\" rel=\"noopener\">canal no Youtube<\/a>.<\/p>\n<p>\u201cTemos essa miss\u00e3o de n\u00e3o apenas ir aos lugares atingidos, n\u00e3o apenas ajudar com as a\u00e7\u00f5es emergenciais e doa\u00e7\u00f5es. Nesse sentido \u00e9 muito importante levar sementes para quem pode plantar, apoiar essas pessoas que j\u00e1 tiveram perdas t\u00e3o marcantes para n\u00e3o fiquem sujeitas tamb\u00e9m ao risco da fome. Nossa miss\u00e3o aqui \u00e9 tentar organizar a ajuda, \u00e9 estar ao lado tamb\u00e9m dos camponeses e camponesas atingidas\u201d, expressou Moreira em uma das diversas manifesta\u00e7\u00f5es p\u00fablicas que fez em apoio ao projeto.<\/p>\n<h3>\u00a0<\/h3>\n<h3 class=\"ckeditor-subtitle\">Sementes de camponeses para camponeses<\/h3>\n<p>As sementes s\u00e3o produzidas por fam\u00edlias de agricultores camponeses associadas \u00e0 Cooperfumos, sediada em Santa Cruz do Sul e voltada \u00e0 produ\u00e7\u00e3o e incentivo ao cultivo de alimentos org\u00e2nicos e agroecol\u00f3gicos, criando alternativas ao cultivo do tabaco que \u00e9 marcante naquele territ\u00f3rio. \u201c\u00c9 bastante simb\u00f3lico, s\u00e3o sementes produzidas por camponeses e agora levadas at\u00e9 outros camponeses que precisam recome\u00e7ar seus plantios\u201d, aponta Miqu\u00e9li Schiavon.<\/p>\n<p>O beneficiamento do material encaminhado \u00e0 Miss\u00e3o Sementes de Solidariedade ficou a cargo da Unidade de Produ\u00e7\u00e3o de Sementes Crioulas Gilberto Tuhtenhagen, de Encruzilhada do Sul, que mant\u00e9m a marca Origem Camponesa e beneficia, al\u00e9m do milho e do feij\u00e3o, um grande portf\u00f3lio de sementes crioulas e varietais, inclusive de forrageiras e adubos verdes.<\/p>\n<p>Schiavon, que \u00e9 dirigente vinculado ao MPA, destacou que a classe camponesa \u00e9 caracterizada pela solidariedade ativa e em diversos momentos se mobiliza em apoio a companheiros e companheiras que se encontram em situa\u00e7\u00e3o dif\u00edcil. Como acontece agora com aqueles e aquelas localizados nos territ\u00f3rios atingidos no Vale do Taquari.<\/p>\n<p>Tamb\u00e9m foram recebidas dezenas de doa\u00e7\u00f5es de\u00a0diretamente por pequenos agricultores, guardi\u00f5es e guardi\u00e3s de sementes que cultivam a tradi\u00e7\u00e3o de reproduzir suas pr\u00f3prias sementes e compartilhar com os companheiros e companheiras de classe. Todas as doa\u00e7\u00f5es foram incorporadas \u00e0 campanha e ser\u00e3o repassadas \u00e0s fam\u00edlias beneficiadas.<\/p>\n<p><img decoding=\"async\" class=\" wp-image-5003 aligncenter\" src=\"https:\/\/padrejosimo.com.br\/site\/wp-content\/uploads\/2023\/10\/WhatsApp-Image-2023-10-03-at-06.21.32.jpeg\" alt=\"\" width=\"520\" height=\"390\" srcset=\"https:\/\/padrejosimo.com.br\/site\/wp-content\/uploads\/2023\/10\/WhatsApp-Image-2023-10-03-at-06.21.32.jpeg 712w, https:\/\/padrejosimo.com.br\/site\/wp-content\/uploads\/2023\/10\/WhatsApp-Image-2023-10-03-at-06.21.32-300x225.jpeg 300w\" sizes=\"(max-width: 520px) 100vw, 520px\" \/><\/p>\n<h3 class=\"ckeditor-subtitle\">Doa\u00e7\u00f5es ainda podem ser destinadas<\/h3>\n<p>Uma das maiores preocupa\u00e7\u00f5es nos territ\u00f3rios atingidos pelo ciclone extratropical no come\u00e7o de setembro, no Vale do Taquari, \u00e9 que situa\u00e7\u00f5es extremas como esta costumam despertar forte mobiliza\u00e7\u00e3o e repercuss\u00e3o nos primeiros dias e depois essas a\u00e7\u00f5es desaceleram, conforme a situa\u00e7\u00e3o vai saindo dos destaques nos notici\u00e1rios. No caso das cidades e espa\u00e7os rurais atingidos pela enxurrada nas bacias dos Rios Taquari e Antas, o trabalho de reconstru\u00e7\u00e3o ser\u00e1 prolongado e de dif\u00edcil execu\u00e7\u00e3o. Por isso as a\u00e7\u00f5es de solidariedade precisam ter continuidade nos diferentes segmentos em que vem acontecendo.<\/p>\n<p>Neste sentido a Miss\u00e3o Sementes de Solidariedade segue recebendo doa\u00e7\u00f5es, buscando ampliar o alcance de suas a\u00e7\u00f5es junto aos p\u00fablicos localizados na zona rural, trabalhando especialmente com sementes para replantio das lavouras e ro\u00e7ados destru\u00eddos. Qualquer valor \u00e9 importante e a doa\u00e7\u00e3o pode ser encaminhada por PIX ou dep\u00f3sito banc\u00e1rio na conta da C\u00e1ritas:<\/p>\n<p>&#8211; PIX: 33654419001007 (CNPJ)<\/p>\n<p>&#8211;\u00a0Dep\u00f3sito Banc\u00e1rio: Conta Corrente: 55.450-2. Ag\u00eancia 1248-3 (Banco do Brasil)<\/p>\n<\/div>\n<\/div>\n","protected":false},"excerpt":{"rendered":"<p>Cerca de 500 fam\u00edlias v\u00e3o ser beneficiadas pelas a\u00e7\u00f5es da Miss\u00e3o Sementes de Solidariedade<\/p>\n","protected":false},"featured_media":5004,"template":"","categorias_noticias":[],"class_list":["post-5002","noticias","type-noticias","status-publish","has-post-thumbnail","hentry"],"acf":[],"yoast_head":"<!-- This site is optimized with the Yoast SEO plugin v27.2 - https:\/\/yoast.com\/product\/yoast-seo-wordpress\/ -->\n<title>Come\u00e7am a ser entregues &#039;Sementes de Solidariedade&#039; a atingidos por ciclone no Vale do Taquari, RS - Instituto Cultural Padre Josimo<\/title>\n<meta name=\"robots\" content=\"index, follow, max-snippet:-1, max-image-preview:large, max-video-preview:-1\" \/>\n<link rel=\"canonical\" href=\"https:\/\/padrejosimo.com.br\/site\/noticias\/comecam-a-ser-entregues-sementes-de-solidariedade-a-atingidos-por-ciclone-no-vale-do-taquari-rs\/\" \/>\n<meta property=\"og:locale\" content=\"pt_BR\" \/>\n<meta property=\"og:type\" content=\"article\" \/>\n<meta property=\"og:title\" content=\"Come\u00e7am a ser entregues &#039;Sementes de Solidariedade&#039; a atingidos por ciclone no Vale do Taquari, RS - Instituto Cultural Padre Josimo\" \/>\n<meta property=\"og:description\" content=\"Cerca de 500 fam\u00edlias v\u00e3o ser beneficiadas pelas a\u00e7\u00f5es da Miss\u00e3o Sementes de Solidariedade\" \/>\n<meta property=\"og:url\" content=\"https:\/\/padrejosimo.com.br\/site\/noticias\/comecam-a-ser-entregues-sementes-de-solidariedade-a-atingidos-por-ciclone-no-vale-do-taquari-rs\/\" \/>\n<meta property=\"og:site_name\" content=\"Instituto Cultural Padre Josimo\" \/>\n<meta property=\"og:image\" content=\"https:\/\/padrejosimo.com.br\/site\/wp-content\/uploads\/2023\/10\/WhatsApp-Image-2023-10-03-at-06.22.47.jpeg\" \/>\n\t<meta property=\"og:image:width\" content=\"1181\" \/>\n\t<meta property=\"og:image:height\" content=\"901\" \/>\n\t<meta property=\"og:image:type\" content=\"image\/jpeg\" \/>\n<meta name=\"twitter:card\" content=\"summary_large_image\" \/>\n<meta name=\"twitter:label1\" content=\"Est. tempo de leitura\" \/>\n\t<meta name=\"twitter:data1\" content=\"8 minutos\" \/>\n<script type=\"application\/ld+json\" class=\"yoast-schema-graph\">{\"@context\":\"https:\/\/schema.org\",\"@graph\":[{\"@type\":\"WebPage\",\"@id\":\"https:\/\/padrejosimo.com.br\/site\/noticias\/comecam-a-ser-entregues-sementes-de-solidariedade-a-atingidos-por-ciclone-no-vale-do-taquari-rs\/\",\"url\":\"https:\/\/padrejosimo.com.br\/site\/noticias\/comecam-a-ser-entregues-sementes-de-solidariedade-a-atingidos-por-ciclone-no-vale-do-taquari-rs\/\",\"name\":\"Come\u00e7am a ser entregues 'Sementes de Solidariedade' a atingidos por ciclone no Vale do Taquari, RS - Instituto Cultural Padre Josimo\",\"isPartOf\":{\"@id\":\"https:\/\/padrejosimo.com.br\/site\/#website\"},\"primaryImageOfPage\":{\"@id\":\"https:\/\/padrejosimo.com.br\/site\/noticias\/comecam-a-ser-entregues-sementes-de-solidariedade-a-atingidos-por-ciclone-no-vale-do-taquari-rs\/#primaryimage\"},\"image\":{\"@id\":\"https:\/\/padrejosimo.com.br\/site\/noticias\/comecam-a-ser-entregues-sementes-de-solidariedade-a-atingidos-por-ciclone-no-vale-do-taquari-rs\/#primaryimage\"},\"thumbnailUrl\":\"https:\/\/padrejosimo.com.br\/site\/wp-content\/uploads\/2023\/10\/WhatsApp-Image-2023-10-03-at-06.22.47.jpeg\",\"datePublished\":\"2023-10-03T18:07:27+00:00\",\"breadcrumb\":{\"@id\":\"https:\/\/padrejosimo.com.br\/site\/noticias\/comecam-a-ser-entregues-sementes-de-solidariedade-a-atingidos-por-ciclone-no-vale-do-taquari-rs\/#breadcrumb\"},\"inLanguage\":\"pt-BR\",\"potentialAction\":[{\"@type\":\"ReadAction\",\"target\":[\"https:\/\/padrejosimo.com.br\/site\/noticias\/comecam-a-ser-entregues-sementes-de-solidariedade-a-atingidos-por-ciclone-no-vale-do-taquari-rs\/\"]}]},{\"@type\":\"ImageObject\",\"inLanguage\":\"pt-BR\",\"@id\":\"https:\/\/padrejosimo.com.br\/site\/noticias\/comecam-a-ser-entregues-sementes-de-solidariedade-a-atingidos-por-ciclone-no-vale-do-taquari-rs\/#primaryimage\",\"url\":\"https:\/\/padrejosimo.com.br\/site\/wp-content\/uploads\/2023\/10\/WhatsApp-Image-2023-10-03-at-06.22.47.jpeg\",\"contentUrl\":\"https:\/\/padrejosimo.com.br\/site\/wp-content\/uploads\/2023\/10\/WhatsApp-Image-2023-10-03-at-06.22.47.jpeg\",\"width\":1181,\"height\":901},{\"@type\":\"BreadcrumbList\",\"@id\":\"https:\/\/padrejosimo.com.br\/site\/noticias\/comecam-a-ser-entregues-sementes-de-solidariedade-a-atingidos-por-ciclone-no-vale-do-taquari-rs\/#breadcrumb\",\"itemListElement\":[{\"@type\":\"ListItem\",\"position\":1,\"name\":\"In\u00edcio\",\"item\":\"https:\/\/padrejosimo.com.br\/site\/\"},{\"@type\":\"ListItem\",\"position\":2,\"name\":\"Not\u00edcias\",\"item\":\"https:\/\/padrejosimo.com.br\/site\/noticias\/\"},{\"@type\":\"ListItem\",\"position\":3,\"name\":\"Come\u00e7am a ser entregues &#8216;Sementes de Solidariedade&#8217; a atingidos por ciclone no Vale do Taquari, RS\"}]},{\"@type\":\"WebSite\",\"@id\":\"https:\/\/padrejosimo.com.br\/site\/#website\",\"url\":\"https:\/\/padrejosimo.com.br\/site\/\",\"name\":\"Instituto Cultural Padre Josimo\",\"description\":\"Comprometida com a promo\u00e7\u00e3o da justi\u00e7a social, agroecologia e educa\u00e7\u00e3o popular\",\"publisher\":{\"@id\":\"https:\/\/padrejosimo.com.br\/site\/#organization\"},\"alternateName\":\"ICPJ\",\"potentialAction\":[{\"@type\":\"SearchAction\",\"target\":{\"@type\":\"EntryPoint\",\"urlTemplate\":\"https:\/\/padrejosimo.com.br\/site\/?s={search_term_string}\"},\"query-input\":{\"@type\":\"PropertyValueSpecification\",\"valueRequired\":true,\"valueName\":\"search_term_string\"}}],\"inLanguage\":\"pt-BR\"},{\"@type\":\"Organization\",\"@id\":\"https:\/\/padrejosimo.com.br\/site\/#organization\",\"name\":\"Instituto Cultural Padre Josimo\",\"alternateName\":\"ICPJ\",\"url\":\"https:\/\/padrejosimo.com.br\/site\/\",\"logo\":{\"@type\":\"ImageObject\",\"inLanguage\":\"pt-BR\",\"@id\":\"https:\/\/padrejosimo.com.br\/site\/#\/schema\/logo\/image\/\",\"url\":\"https:\/\/padrejosimo.com.br\/site\/wp-content\/uploads\/2025\/09\/cropped-icon-icpj.png\",\"contentUrl\":\"https:\/\/padrejosimo.com.br\/site\/wp-content\/uploads\/2025\/09\/cropped-icon-icpj.png\",\"width\":512,\"height\":512,\"caption\":\"Instituto Cultural Padre Josimo\"},\"image\":{\"@id\":\"https:\/\/padrejosimo.com.br\/site\/#\/schema\/logo\/image\/\"}}]}<\/script>\n<!-- \/ Yoast SEO plugin. -->","yoast_head_json":{"title":"Come\u00e7am a ser entregues 'Sementes de Solidariedade' a atingidos por ciclone no Vale do Taquari, RS - Instituto Cultural Padre Josimo","robots":{"index":"index","follow":"follow","max-snippet":"max-snippet:-1","max-image-preview":"max-image-preview:large","max-video-preview":"max-video-preview:-1"},"canonical":"https:\/\/padrejosimo.com.br\/site\/noticias\/comecam-a-ser-entregues-sementes-de-solidariedade-a-atingidos-por-ciclone-no-vale-do-taquari-rs\/","og_locale":"pt_BR","og_type":"article","og_title":"Come\u00e7am a ser entregues 'Sementes de Solidariedade' a atingidos por ciclone no Vale do Taquari, RS - Instituto Cultural Padre Josimo","og_description":"Cerca de 500 fam\u00edlias v\u00e3o ser beneficiadas pelas a\u00e7\u00f5es da Miss\u00e3o Sementes de Solidariedade","og_url":"https:\/\/padrejosimo.com.br\/site\/noticias\/comecam-a-ser-entregues-sementes-de-solidariedade-a-atingidos-por-ciclone-no-vale-do-taquari-rs\/","og_site_name":"Instituto Cultural Padre Josimo","og_image":[{"width":1181,"height":901,"url":"https:\/\/padrejosimo.com.br\/site\/wp-content\/uploads\/2023\/10\/WhatsApp-Image-2023-10-03-at-06.22.47.jpeg","type":"image\/jpeg"}],"twitter_card":"summary_large_image","twitter_misc":{"Est. tempo de leitura":"8 minutos"},"schema":{"@context":"https:\/\/schema.org","@graph":[{"@type":"WebPage","@id":"https:\/\/padrejosimo.com.br\/site\/noticias\/comecam-a-ser-entregues-sementes-de-solidariedade-a-atingidos-por-ciclone-no-vale-do-taquari-rs\/","url":"https:\/\/padrejosimo.com.br\/site\/noticias\/comecam-a-ser-entregues-sementes-de-solidariedade-a-atingidos-por-ciclone-no-vale-do-taquari-rs\/","name":"Come\u00e7am a ser entregues 'Sementes de Solidariedade' a atingidos por ciclone no Vale do Taquari, RS - Instituto Cultural Padre Josimo","isPartOf":{"@id":"https:\/\/padrejosimo.com.br\/site\/#website"},"primaryImageOfPage":{"@id":"https:\/\/padrejosimo.com.br\/site\/noticias\/comecam-a-ser-entregues-sementes-de-solidariedade-a-atingidos-por-ciclone-no-vale-do-taquari-rs\/#primaryimage"},"image":{"@id":"https:\/\/padrejosimo.com.br\/site\/noticias\/comecam-a-ser-entregues-sementes-de-solidariedade-a-atingidos-por-ciclone-no-vale-do-taquari-rs\/#primaryimage"},"thumbnailUrl":"https:\/\/padrejosimo.com.br\/site\/wp-content\/uploads\/2023\/10\/WhatsApp-Image-2023-10-03-at-06.22.47.jpeg","datePublished":"2023-10-03T18:07:27+00:00","breadcrumb":{"@id":"https:\/\/padrejosimo.com.br\/site\/noticias\/comecam-a-ser-entregues-sementes-de-solidariedade-a-atingidos-por-ciclone-no-vale-do-taquari-rs\/#breadcrumb"},"inLanguage":"pt-BR","potentialAction":[{"@type":"ReadAction","target":["https:\/\/padrejosimo.com.br\/site\/noticias\/comecam-a-ser-entregues-sementes-de-solidariedade-a-atingidos-por-ciclone-no-vale-do-taquari-rs\/"]}]},{"@type":"ImageObject","inLanguage":"pt-BR","@id":"https:\/\/padrejosimo.com.br\/site\/noticias\/comecam-a-ser-entregues-sementes-de-solidariedade-a-atingidos-por-ciclone-no-vale-do-taquari-rs\/#primaryimage","url":"https:\/\/padrejosimo.com.br\/site\/wp-content\/uploads\/2023\/10\/WhatsApp-Image-2023-10-03-at-06.22.47.jpeg","contentUrl":"https:\/\/padrejosimo.com.br\/site\/wp-content\/uploads\/2023\/10\/WhatsApp-Image-2023-10-03-at-06.22.47.jpeg","width":1181,"height":901},{"@type":"BreadcrumbList","@id":"https:\/\/padrejosimo.com.br\/site\/noticias\/comecam-a-ser-entregues-sementes-de-solidariedade-a-atingidos-por-ciclone-no-vale-do-taquari-rs\/#breadcrumb","itemListElement":[{"@type":"ListItem","position":1,"name":"In\u00edcio","item":"https:\/\/padrejosimo.com.br\/site\/"},{"@type":"ListItem","position":2,"name":"Not\u00edcias","item":"https:\/\/padrejosimo.com.br\/site\/noticias\/"},{"@type":"ListItem","position":3,"name":"Come\u00e7am a ser entregues &#8216;Sementes de Solidariedade&#8217; a atingidos por ciclone no Vale do Taquari, RS"}]},{"@type":"WebSite","@id":"https:\/\/padrejosimo.com.br\/site\/#website","url":"https:\/\/padrejosimo.com.br\/site\/","name":"Instituto Cultural Padre Josimo","description":"Comprometida com a promo\u00e7\u00e3o da justi\u00e7a social, agroecologia e educa\u00e7\u00e3o popular","publisher":{"@id":"https:\/\/padrejosimo.com.br\/site\/#organization"},"alternateName":"ICPJ","potentialAction":[{"@type":"SearchAction","target":{"@type":"EntryPoint","urlTemplate":"https:\/\/padrejosimo.com.br\/site\/?s={search_term_string}"},"query-input":{"@type":"PropertyValueSpecification","valueRequired":true,"valueName":"search_term_string"}}],"inLanguage":"pt-BR"},{"@type":"Organization","@id":"https:\/\/padrejosimo.com.br\/site\/#organization","name":"Instituto Cultural Padre Josimo","alternateName":"ICPJ","url":"https:\/\/padrejosimo.com.br\/site\/","logo":{"@type":"ImageObject","inLanguage":"pt-BR","@id":"https:\/\/padrejosimo.com.br\/site\/#\/schema\/logo\/image\/","url":"https:\/\/padrejosimo.com.br\/site\/wp-content\/uploads\/2025\/09\/cropped-icon-icpj.png","contentUrl":"https:\/\/padrejosimo.com.br\/site\/wp-content\/uploads\/2025\/09\/cropped-icon-icpj.png","width":512,"height":512,"caption":"Instituto Cultural Padre Josimo"},"image":{"@id":"https:\/\/padrejosimo.com.br\/site\/#\/schema\/logo\/image\/"}}]}},"_links":{"self":[{"href":"https:\/\/padrejosimo.com.br\/site\/wp-json\/wp\/v2\/noticias\/5002","targetHints":{"allow":["GET"]}}],"collection":[{"href":"https:\/\/padrejosimo.com.br\/site\/wp-json\/wp\/v2\/noticias"}],"about":[{"href":"https:\/\/padrejosimo.com.br\/site\/wp-json\/wp\/v2\/types\/noticias"}],"wp:featuredmedia":[{"embeddable":true,"href":"https:\/\/padrejosimo.com.br\/site\/wp-json\/wp\/v2\/media\/5004"}],"wp:attachment":[{"href":"https:\/\/padrejosimo.com.br\/site\/wp-json\/wp\/v2\/media?parent=5002"}],"wp:term":[{"taxonomy":"categorias_noticias","embeddable":true,"href":"https:\/\/padrejosimo.com.br\/site\/wp-json\/wp\/v2\/categorias_noticias?post=5002"}],"curies":[{"name":"wp","href":"https:\/\/api.w.org\/{rel}","templated":true}]}}