{"id":4594,"date":"2023-03-04T16:49:15","date_gmt":"2023-03-04T19:49:15","guid":{"rendered":"https:\/\/padrejosimo.com.br\/site\/?post_type=noticias&#038;p=4594"},"modified":"2023-03-04T17:09:22","modified_gmt":"2023-03-04T20:09:22","slug":"pela-transicao-justa-comeca-debate-para-criar-o-polo-regional-energetico-e-ambiental-do-pampa-gaucho","status":"publish","type":"noticias","link":"https:\/\/padrejosimo.com.br\/site\/noticias\/pela-transicao-justa-comeca-debate-para-criar-o-polo-regional-energetico-e-ambiental-do-pampa-gaucho\/","title":{"rendered":"Pela transi\u00e7\u00e3o justa, come\u00e7a debate para criar o Polo Regional Energ\u00e9tico e Ambiental do Pampa Ga\u00facho"},"content":{"rendered":"<div><img fetchpriority=\"high\" decoding=\"async\" class=\"aligncenter size-full wp-image-4595\" src=\"https:\/\/padrejosimo.com.br\/site\/wp-content\/uploads\/2023\/03\/Polo-Regional-Pampa-768x576-1.jpeg\" alt=\"\" width=\"768\" height=\"576\" srcset=\"https:\/\/padrejosimo.com.br\/site\/wp-content\/uploads\/2023\/03\/Polo-Regional-Pampa-768x576-1.jpeg 768w, https:\/\/padrejosimo.com.br\/site\/wp-content\/uploads\/2023\/03\/Polo-Regional-Pampa-768x576-1-300x225.jpeg 300w\" sizes=\"(max-width: 768px) 100vw, 768px\" \/><\/div>\n<div>\u00a0<\/div>\n<div style=\"text-align: center;\"><em>O conte\u00fado desta publica\u00e7\u00e3o foi publicado no site <a href=\"https:\/\/www.tribunadopampa.com.br\/\">Tribuna do Pampa<\/a>.<\/em><\/div>\n<div>\u00a0<\/div>\n<div>A preocupa\u00e7\u00e3o com o futuro social e econ\u00f4mico da regi\u00e3o tem ganhado contornos at\u00e9 dram\u00e1ticos nos \u00faltimos tempos, especialmente pela incerteza, sem qualquer defini\u00e7\u00e3o mais concreta sobre o destino do carv\u00e3o mineral e toda uma cadeia industrial que se formou ao longo de mais de seis d\u00e9cadas, tendo Candiota como centro desse processo.<\/div>\n<div>\u00a0<\/div>\n<div>Ali\u00e1s, este complexo industrial carbon\u00edfero \u00e9 o \u00fanico em quase 600km, entre Pelotas e Uruguaiana. O polo gera energia el\u00e9trica e um dos seus subprodutos (a cinza) alimenta a ind\u00fastria do cimento, al\u00e9m de cavas de minas de carv\u00e3o serem usadas para dep\u00f3sito de res\u00edduos s\u00f3lidos num aterro sanit\u00e1rio que atende a Metade Sul do Estado. Toda essa cadeia pode ser quebrada caso n\u00e3o haja uma esp\u00e9cie de reconvers\u00e3o, dentro de um plano consistente para que se fa\u00e7a a chamada transi\u00e7\u00e3o energ\u00e9tica justa (TEJ).<\/div>\n<div>\u00a0<\/div>\n<div>Por iniciativa do Executivo de Candiota, foi realizado e pode ser considerado hist\u00f3rico, um encontro na Sala de Reuni\u00f5es da Prefeitura local na tarde da \u00faltima segunda-feira (27), que pretende ser o embri\u00e3o, o pontap\u00e9 inicial de um processo que ainda depende de muitos fatores para se tornar realidade e espantar de uma vez por todas a inseguran\u00e7a e incerteza que insistem em pairar no ar neste momento, sobre o futuro da regi\u00e3o e especialmente de Candiota.<\/div>\n<div>\u00a0<\/div>\n<div>O encontro reuniu cientistas e professores da Universidade Federal do Pampa (Unipampa), estudiosos do Instituto Cultural Padre Josimo \u2013 que dever\u00e1 ser o respons\u00e1vel pela sistematiza\u00e7\u00e3o da proposta, al\u00e9m de lideran\u00e7as pol\u00edticas e sindicais de Candiota.<\/div>\n<div>\u00a0<\/div>\n<div><strong>POLO<\/strong> \u2013 Na oportunidade, o Instituto Padre Josimo, liderado pelo frei franciscano e ex-deputado estadual S\u00e9rgio G\u00f6rgen, que \u00e9 morador do interior de Hulha Negra, apresentou um texto-base daquilo que se acredita ser uma possibilidade concreta de sensibiliza\u00e7\u00e3o de esferas de poder superiores, como a estadual, mas especialmente a federal.<\/div>\n<div>\u00a0<\/div>\n<div>O documento esbo\u00e7a uma proposta inicial de cria\u00e7\u00e3o do Polo de Inova\u00e7\u00e3o Energ\u00e9tica e Ambiental do Pampa Ga\u00facho. \u201cEsta \u00e9 uma proposta inicial para um projeto de desenvolvimento econ\u00f4mico, social e ambiental no Pampa Ga\u00facho tendo tr\u00eas premissas: respeitar e potencializar as caracter\u00edsticas ecol\u00f3gicas do Bioma Pampa; o uso sustent\u00e1vel do carv\u00e3o mineral como mat\u00e9ria-prima industrial e alavanca econ\u00f4mica do projeto, atrav\u00e9s de processos de gaseifica\u00e7\u00e3o, superando a fase de queima direta para produ\u00e7\u00e3o de energia e, o processo de transi\u00e7\u00e3o energ\u00e9tica para evitar impactos duros no emprego, arrecada\u00e7\u00e3o e atividades econ\u00f4micas, no caso de substitui\u00e7\u00e3o brusca da atual matriz de aproveitamento do carv\u00e3o como mat\u00e9ria-prima cal\u00f3rica para outras mais eficientes e sustent\u00e1veis\u201d, afirma um dos tr\u00eas iniciais do documento de tr\u00eas p\u00e1ginas, que aponta entre os pressupostos que \u201cquem usa uma fonte que gera CO2 em sua matriz de desenvolvimento, tem o dever de promover o equivalente em a\u00e7\u00f5es que sequestrem os gases de efeito estufa\u201d.<\/div>\n<div>\u00a0<\/div>\n<div>Segundo frei S\u00e9rgio, que participou do debate de energia na transi\u00e7\u00e3o do governo federal, a ideia \u00e9 que a regi\u00e3o apresente um projeto de forma hol\u00edstica, ou seja, que integre a regi\u00e3o, onde o carv\u00e3o mineral esteja no contexto e interagindo com as demais cadeias, como o turismo, a agroecologia, as uvas, vinhos, oliveiras, azeites e a carne, entre outras formas de express\u00e3o econ\u00f4mica local. \u201cO meio ambiente precisa estar no centro desse debate e ser uma premissa. E esta proposta inicial de cria\u00e7\u00e3o do Polo contempla tudo isso\u201d, pontuou frei S\u00e9rgio.<\/div>\n<div>\u00a0<\/div>\n<div>O prefeito Luiz Carlos Folador fez uma convoca\u00e7\u00e3o, frisando mais uma vez, que o encontro era apenas um in\u00edcio de um grande e longo debate. \u201cEstamos aqui hoje em cerca de 30 pessoas, mas vamos precisar de muito mais na caminhada. Aqui tem lugar para todos que queiram participar desse movimento. Temos os p\u00e9s no ch\u00e3o e muita motiva\u00e7\u00e3o\u201d, assinalou.<\/div>\n<div>\u00a0<\/div>\n<div>O presidente da C\u00e2mara local, Marcelo Greg\u00f3rio destacou que o debate iniciado no encontro se reveste de muita import\u00e2ncia. \u201cTemos gente qualificada para nos ajudar a desmistificar este preconceito sobre o carv\u00e3o, pois geramos aqui h\u00e1 mais de 60 anos e n\u00e3o se tem impactos negativos significativos\u201d, ponderou.<\/div>\n<div>\u00a0<\/div>\n<div><strong>CARV\u00c3O<\/strong> \u2013 A professora e doutora da Unipampa, Ana Rosa Costa Muniz, que h\u00e1 10 anos se dedica ao estudo da gaseifica\u00e7\u00e3o do carv\u00e3o mineral de Candiota, participou do encontro, assinalando que a proposta inicial deve apontar para a gaseifica\u00e7\u00e3o, com as atuais plantas sendo adequadas para um ciclo combinado de queima direta e syng\u00e1s (g\u00e1s obtido do carv\u00e3o). Depois disso, sustenta ela, deve se partir para a carboqu\u00edmica, focando inicialmente na produ\u00e7\u00e3o de g\u00e1s natural, fertilizantes e metanol.<\/div>\n<div>\u00a0<\/div>\n<div>Na proposta inicial do Polo, ainda se argumenta a necessidade de manuten\u00e7\u00e3o do atual parque gerador e a possibilidade de constru\u00e7\u00e3o de uma nova usina, no caso a UTE Ouro Negro (na divisa entre Pedras Altas e Candiota), que j\u00e1 possui licenciamento pr\u00e9vio (LP) e o de instala\u00e7\u00e3o (LI) em andamento, sendo que paralelamente se far\u00e1 a transi\u00e7\u00e3o energ\u00e9tica at\u00e9 2050.<\/div>\n<div>\u00a0<\/div>\n<div><strong>PR\u00d3XIMOS PASSOS<\/strong> \u2013 Ficou acertado para o fim do m\u00eas de mar\u00e7o pr\u00f3ximo, a realiza\u00e7\u00e3o de um encontro regional, quando ser\u00e3o convidadas lideran\u00e7as de todos os munic\u00edpios interessados na cria\u00e7\u00e3o do Polo. O evento dever\u00e1 acontecer no audit\u00f3rio da Unipampa, em Bag\u00e9, quando dever\u00e1 ser escolhidos os comit\u00eas t\u00e9cnicos e pol\u00edticos para a elabora\u00e7\u00e3o final da proposta.<\/div>\n","protected":false},"excerpt":{"rendered":"<p>Primeiro encontro foi realizado esta semana em Candiota por iniciativa da Prefeitura local, reunindo cientistas e professores da Universidade Federal do Pampa (Unipampa), lideran\u00e7as e o Instituto Padre Josimo. Um documento m\u00ednimo foi apresentado e um encontro regional deve ser realizado no fim de mar\u00e7o<\/p>\n","protected":false},"featured_media":4595,"template":"","categorias_noticias":[13],"class_list":["post-4594","noticias","type-noticias","status-publish","has-post-thumbnail","hentry","categorias_noticias-noticias"],"acf":[],"yoast_head":"<!-- This site is optimized with the Yoast SEO plugin v27.2 - https:\/\/yoast.com\/product\/yoast-seo-wordpress\/ -->\n<title>Pela transi\u00e7\u00e3o justa, come\u00e7a debate para criar o Polo Regional Energ\u00e9tico e Ambiental do Pampa Ga\u00facho - Instituto Cultural Padre Josimo<\/title>\n<meta name=\"robots\" content=\"index, follow, max-snippet:-1, max-image-preview:large, max-video-preview:-1\" \/>\n<link rel=\"canonical\" href=\"https:\/\/padrejosimo.com.br\/site\/noticias\/pela-transicao-justa-comeca-debate-para-criar-o-polo-regional-energetico-e-ambiental-do-pampa-gaucho\/\" \/>\n<meta property=\"og:locale\" content=\"pt_BR\" \/>\n<meta property=\"og:type\" content=\"article\" \/>\n<meta property=\"og:title\" content=\"Pela transi\u00e7\u00e3o justa, come\u00e7a debate para criar o Polo Regional Energ\u00e9tico e Ambiental do Pampa Ga\u00facho - Instituto Cultural Padre Josimo\" \/>\n<meta property=\"og:description\" content=\"Primeiro encontro foi realizado esta semana em Candiota por iniciativa da Prefeitura local, reunindo cientistas e professores da Universidade Federal do Pampa (Unipampa), lideran\u00e7as e o Instituto Padre Josimo. Um documento m\u00ednimo foi apresentado e um encontro regional deve ser realizado no fim de mar\u00e7o\" \/>\n<meta property=\"og:url\" content=\"https:\/\/padrejosimo.com.br\/site\/noticias\/pela-transicao-justa-comeca-debate-para-criar-o-polo-regional-energetico-e-ambiental-do-pampa-gaucho\/\" \/>\n<meta property=\"og:site_name\" content=\"Instituto Cultural Padre Josimo\" \/>\n<meta property=\"article:modified_time\" content=\"2023-03-04T20:09:22+00:00\" \/>\n<meta property=\"og:image\" content=\"https:\/\/padrejosimo.com.br\/site\/wp-content\/uploads\/2023\/03\/Polo-Regional-Pampa-768x576-1.jpeg\" \/>\n\t<meta property=\"og:image:width\" content=\"768\" \/>\n\t<meta property=\"og:image:height\" content=\"576\" \/>\n\t<meta property=\"og:image:type\" content=\"image\/jpeg\" \/>\n<meta name=\"twitter:card\" content=\"summary_large_image\" \/>\n<meta name=\"twitter:label1\" content=\"Est. tempo de leitura\" \/>\n\t<meta name=\"twitter:data1\" content=\"5 minutos\" \/>\n<script type=\"application\/ld+json\" class=\"yoast-schema-graph\">{\"@context\":\"https:\/\/schema.org\",\"@graph\":[{\"@type\":\"WebPage\",\"@id\":\"https:\/\/padrejosimo.com.br\/site\/noticias\/pela-transicao-justa-comeca-debate-para-criar-o-polo-regional-energetico-e-ambiental-do-pampa-gaucho\/\",\"url\":\"https:\/\/padrejosimo.com.br\/site\/noticias\/pela-transicao-justa-comeca-debate-para-criar-o-polo-regional-energetico-e-ambiental-do-pampa-gaucho\/\",\"name\":\"Pela transi\u00e7\u00e3o justa, come\u00e7a debate para criar o Polo Regional Energ\u00e9tico e Ambiental do Pampa Ga\u00facho - Instituto Cultural Padre Josimo\",\"isPartOf\":{\"@id\":\"https:\/\/padrejosimo.com.br\/site\/#website\"},\"primaryImageOfPage\":{\"@id\":\"https:\/\/padrejosimo.com.br\/site\/noticias\/pela-transicao-justa-comeca-debate-para-criar-o-polo-regional-energetico-e-ambiental-do-pampa-gaucho\/#primaryimage\"},\"image\":{\"@id\":\"https:\/\/padrejosimo.com.br\/site\/noticias\/pela-transicao-justa-comeca-debate-para-criar-o-polo-regional-energetico-e-ambiental-do-pampa-gaucho\/#primaryimage\"},\"thumbnailUrl\":\"https:\/\/padrejosimo.com.br\/site\/wp-content\/uploads\/2023\/03\/Polo-Regional-Pampa-768x576-1.jpeg\",\"datePublished\":\"2023-03-04T19:49:15+00:00\",\"dateModified\":\"2023-03-04T20:09:22+00:00\",\"breadcrumb\":{\"@id\":\"https:\/\/padrejosimo.com.br\/site\/noticias\/pela-transicao-justa-comeca-debate-para-criar-o-polo-regional-energetico-e-ambiental-do-pampa-gaucho\/#breadcrumb\"},\"inLanguage\":\"pt-BR\",\"potentialAction\":[{\"@type\":\"ReadAction\",\"target\":[\"https:\/\/padrejosimo.com.br\/site\/noticias\/pela-transicao-justa-comeca-debate-para-criar-o-polo-regional-energetico-e-ambiental-do-pampa-gaucho\/\"]}]},{\"@type\":\"ImageObject\",\"inLanguage\":\"pt-BR\",\"@id\":\"https:\/\/padrejosimo.com.br\/site\/noticias\/pela-transicao-justa-comeca-debate-para-criar-o-polo-regional-energetico-e-ambiental-do-pampa-gaucho\/#primaryimage\",\"url\":\"https:\/\/padrejosimo.com.br\/site\/wp-content\/uploads\/2023\/03\/Polo-Regional-Pampa-768x576-1.jpeg\",\"contentUrl\":\"https:\/\/padrejosimo.com.br\/site\/wp-content\/uploads\/2023\/03\/Polo-Regional-Pampa-768x576-1.jpeg\",\"width\":768,\"height\":576},{\"@type\":\"BreadcrumbList\",\"@id\":\"https:\/\/padrejosimo.com.br\/site\/noticias\/pela-transicao-justa-comeca-debate-para-criar-o-polo-regional-energetico-e-ambiental-do-pampa-gaucho\/#breadcrumb\",\"itemListElement\":[{\"@type\":\"ListItem\",\"position\":1,\"name\":\"In\u00edcio\",\"item\":\"https:\/\/padrejosimo.com.br\/site\/\"},{\"@type\":\"ListItem\",\"position\":2,\"name\":\"Not\u00edcias\",\"item\":\"https:\/\/padrejosimo.com.br\/site\/noticias\/\"},{\"@type\":\"ListItem\",\"position\":3,\"name\":\"Pela transi\u00e7\u00e3o justa, come\u00e7a debate para criar o Polo Regional Energ\u00e9tico e Ambiental do Pampa Ga\u00facho\"}]},{\"@type\":\"WebSite\",\"@id\":\"https:\/\/padrejosimo.com.br\/site\/#website\",\"url\":\"https:\/\/padrejosimo.com.br\/site\/\",\"name\":\"Instituto Cultural Padre Josimo\",\"description\":\"Comprometida com a promo\u00e7\u00e3o da justi\u00e7a social, agroecologia e educa\u00e7\u00e3o popular\",\"publisher\":{\"@id\":\"https:\/\/padrejosimo.com.br\/site\/#organization\"},\"alternateName\":\"ICPJ\",\"potentialAction\":[{\"@type\":\"SearchAction\",\"target\":{\"@type\":\"EntryPoint\",\"urlTemplate\":\"https:\/\/padrejosimo.com.br\/site\/?s={search_term_string}\"},\"query-input\":{\"@type\":\"PropertyValueSpecification\",\"valueRequired\":true,\"valueName\":\"search_term_string\"}}],\"inLanguage\":\"pt-BR\"},{\"@type\":\"Organization\",\"@id\":\"https:\/\/padrejosimo.com.br\/site\/#organization\",\"name\":\"Instituto Cultural Padre Josimo\",\"alternateName\":\"ICPJ\",\"url\":\"https:\/\/padrejosimo.com.br\/site\/\",\"logo\":{\"@type\":\"ImageObject\",\"inLanguage\":\"pt-BR\",\"@id\":\"https:\/\/padrejosimo.com.br\/site\/#\/schema\/logo\/image\/\",\"url\":\"https:\/\/padrejosimo.com.br\/site\/wp-content\/uploads\/2025\/09\/cropped-icon-icpj.png\",\"contentUrl\":\"https:\/\/padrejosimo.com.br\/site\/wp-content\/uploads\/2025\/09\/cropped-icon-icpj.png\",\"width\":512,\"height\":512,\"caption\":\"Instituto Cultural Padre Josimo\"},\"image\":{\"@id\":\"https:\/\/padrejosimo.com.br\/site\/#\/schema\/logo\/image\/\"}}]}<\/script>\n<!-- \/ Yoast SEO plugin. -->","yoast_head_json":{"title":"Pela transi\u00e7\u00e3o justa, come\u00e7a debate para criar o Polo Regional Energ\u00e9tico e Ambiental do Pampa Ga\u00facho - Instituto Cultural Padre Josimo","robots":{"index":"index","follow":"follow","max-snippet":"max-snippet:-1","max-image-preview":"max-image-preview:large","max-video-preview":"max-video-preview:-1"},"canonical":"https:\/\/padrejosimo.com.br\/site\/noticias\/pela-transicao-justa-comeca-debate-para-criar-o-polo-regional-energetico-e-ambiental-do-pampa-gaucho\/","og_locale":"pt_BR","og_type":"article","og_title":"Pela transi\u00e7\u00e3o justa, come\u00e7a debate para criar o Polo Regional Energ\u00e9tico e Ambiental do Pampa Ga\u00facho - Instituto Cultural Padre Josimo","og_description":"Primeiro encontro foi realizado esta semana em Candiota por iniciativa da Prefeitura local, reunindo cientistas e professores da Universidade Federal do Pampa (Unipampa), lideran\u00e7as e o Instituto Padre Josimo. Um documento m\u00ednimo foi apresentado e um encontro regional deve ser realizado no fim de mar\u00e7o","og_url":"https:\/\/padrejosimo.com.br\/site\/noticias\/pela-transicao-justa-comeca-debate-para-criar-o-polo-regional-energetico-e-ambiental-do-pampa-gaucho\/","og_site_name":"Instituto Cultural Padre Josimo","article_modified_time":"2023-03-04T20:09:22+00:00","og_image":[{"width":768,"height":576,"url":"https:\/\/padrejosimo.com.br\/site\/wp-content\/uploads\/2023\/03\/Polo-Regional-Pampa-768x576-1.jpeg","type":"image\/jpeg"}],"twitter_card":"summary_large_image","twitter_misc":{"Est. tempo de leitura":"5 minutos"},"schema":{"@context":"https:\/\/schema.org","@graph":[{"@type":"WebPage","@id":"https:\/\/padrejosimo.com.br\/site\/noticias\/pela-transicao-justa-comeca-debate-para-criar-o-polo-regional-energetico-e-ambiental-do-pampa-gaucho\/","url":"https:\/\/padrejosimo.com.br\/site\/noticias\/pela-transicao-justa-comeca-debate-para-criar-o-polo-regional-energetico-e-ambiental-do-pampa-gaucho\/","name":"Pela transi\u00e7\u00e3o justa, come\u00e7a debate para criar o Polo Regional Energ\u00e9tico e Ambiental do Pampa Ga\u00facho - Instituto Cultural Padre Josimo","isPartOf":{"@id":"https:\/\/padrejosimo.com.br\/site\/#website"},"primaryImageOfPage":{"@id":"https:\/\/padrejosimo.com.br\/site\/noticias\/pela-transicao-justa-comeca-debate-para-criar-o-polo-regional-energetico-e-ambiental-do-pampa-gaucho\/#primaryimage"},"image":{"@id":"https:\/\/padrejosimo.com.br\/site\/noticias\/pela-transicao-justa-comeca-debate-para-criar-o-polo-regional-energetico-e-ambiental-do-pampa-gaucho\/#primaryimage"},"thumbnailUrl":"https:\/\/padrejosimo.com.br\/site\/wp-content\/uploads\/2023\/03\/Polo-Regional-Pampa-768x576-1.jpeg","datePublished":"2023-03-04T19:49:15+00:00","dateModified":"2023-03-04T20:09:22+00:00","breadcrumb":{"@id":"https:\/\/padrejosimo.com.br\/site\/noticias\/pela-transicao-justa-comeca-debate-para-criar-o-polo-regional-energetico-e-ambiental-do-pampa-gaucho\/#breadcrumb"},"inLanguage":"pt-BR","potentialAction":[{"@type":"ReadAction","target":["https:\/\/padrejosimo.com.br\/site\/noticias\/pela-transicao-justa-comeca-debate-para-criar-o-polo-regional-energetico-e-ambiental-do-pampa-gaucho\/"]}]},{"@type":"ImageObject","inLanguage":"pt-BR","@id":"https:\/\/padrejosimo.com.br\/site\/noticias\/pela-transicao-justa-comeca-debate-para-criar-o-polo-regional-energetico-e-ambiental-do-pampa-gaucho\/#primaryimage","url":"https:\/\/padrejosimo.com.br\/site\/wp-content\/uploads\/2023\/03\/Polo-Regional-Pampa-768x576-1.jpeg","contentUrl":"https:\/\/padrejosimo.com.br\/site\/wp-content\/uploads\/2023\/03\/Polo-Regional-Pampa-768x576-1.jpeg","width":768,"height":576},{"@type":"BreadcrumbList","@id":"https:\/\/padrejosimo.com.br\/site\/noticias\/pela-transicao-justa-comeca-debate-para-criar-o-polo-regional-energetico-e-ambiental-do-pampa-gaucho\/#breadcrumb","itemListElement":[{"@type":"ListItem","position":1,"name":"In\u00edcio","item":"https:\/\/padrejosimo.com.br\/site\/"},{"@type":"ListItem","position":2,"name":"Not\u00edcias","item":"https:\/\/padrejosimo.com.br\/site\/noticias\/"},{"@type":"ListItem","position":3,"name":"Pela transi\u00e7\u00e3o justa, come\u00e7a debate para criar o Polo Regional Energ\u00e9tico e Ambiental do Pampa Ga\u00facho"}]},{"@type":"WebSite","@id":"https:\/\/padrejosimo.com.br\/site\/#website","url":"https:\/\/padrejosimo.com.br\/site\/","name":"Instituto Cultural Padre Josimo","description":"Comprometida com a promo\u00e7\u00e3o da justi\u00e7a social, agroecologia e educa\u00e7\u00e3o popular","publisher":{"@id":"https:\/\/padrejosimo.com.br\/site\/#organization"},"alternateName":"ICPJ","potentialAction":[{"@type":"SearchAction","target":{"@type":"EntryPoint","urlTemplate":"https:\/\/padrejosimo.com.br\/site\/?s={search_term_string}"},"query-input":{"@type":"PropertyValueSpecification","valueRequired":true,"valueName":"search_term_string"}}],"inLanguage":"pt-BR"},{"@type":"Organization","@id":"https:\/\/padrejosimo.com.br\/site\/#organization","name":"Instituto Cultural Padre Josimo","alternateName":"ICPJ","url":"https:\/\/padrejosimo.com.br\/site\/","logo":{"@type":"ImageObject","inLanguage":"pt-BR","@id":"https:\/\/padrejosimo.com.br\/site\/#\/schema\/logo\/image\/","url":"https:\/\/padrejosimo.com.br\/site\/wp-content\/uploads\/2025\/09\/cropped-icon-icpj.png","contentUrl":"https:\/\/padrejosimo.com.br\/site\/wp-content\/uploads\/2025\/09\/cropped-icon-icpj.png","width":512,"height":512,"caption":"Instituto Cultural Padre Josimo"},"image":{"@id":"https:\/\/padrejosimo.com.br\/site\/#\/schema\/logo\/image\/"}}]}},"_links":{"self":[{"href":"https:\/\/padrejosimo.com.br\/site\/wp-json\/wp\/v2\/noticias\/4594","targetHints":{"allow":["GET"]}}],"collection":[{"href":"https:\/\/padrejosimo.com.br\/site\/wp-json\/wp\/v2\/noticias"}],"about":[{"href":"https:\/\/padrejosimo.com.br\/site\/wp-json\/wp\/v2\/types\/noticias"}],"wp:featuredmedia":[{"embeddable":true,"href":"https:\/\/padrejosimo.com.br\/site\/wp-json\/wp\/v2\/media\/4595"}],"wp:attachment":[{"href":"https:\/\/padrejosimo.com.br\/site\/wp-json\/wp\/v2\/media?parent=4594"}],"wp:term":[{"taxonomy":"categorias_noticias","embeddable":true,"href":"https:\/\/padrejosimo.com.br\/site\/wp-json\/wp\/v2\/categorias_noticias?post=4594"}],"curies":[{"name":"wp","href":"https:\/\/api.w.org\/{rel}","templated":true}]}}