{"id":4440,"date":"2022-11-28T20:59:06","date_gmt":"2022-11-28T23:59:06","guid":{"rendered":"https:\/\/padrejosimo.com.br\/site\/?post_type=noticias&#038;p=4440"},"modified":"2022-11-28T21:04:53","modified_gmt":"2022-11-29T00:04:53","slug":"ibama-visita-programa-de-educacao-ambiental-em-candiota-e-hulha-negra-rs","status":"publish","type":"noticias","link":"https:\/\/padrejosimo.com.br\/site\/noticias\/ibama-visita-programa-de-educacao-ambiental-em-candiota-e-hulha-negra-rs\/","title":{"rendered":"IBAMA visita programa de educa\u00e7\u00e3o ambiental em Candiota e Hulha Negra-RS"},"content":{"rendered":"<p><img fetchpriority=\"high\" decoding=\"async\" class=\" wp-image-4437 alignright\" src=\"https:\/\/padrejosimo.com.br\/site\/wp-content\/uploads\/2022\/11\/WhatsApp-Image-2022-11-24-at-20.56.47-1.jpeg\" alt=\"\" width=\"438\" height=\"333\" srcset=\"https:\/\/padrejosimo.com.br\/site\/wp-content\/uploads\/2022\/11\/WhatsApp-Image-2022-11-24-at-20.56.47-1.jpeg 630w, https:\/\/padrejosimo.com.br\/site\/wp-content\/uploads\/2022\/11\/WhatsApp-Image-2022-11-24-at-20.56.47-1-300x229.jpeg 300w\" sizes=\"(max-width: 438px) 100vw, 438px\" \/>O Subprograma de Educa\u00e7\u00e3o Ambiental para a Agricultura Familiar (SPEAAF) da Usina Termel\u00e9trica Pampa Sul (UTPS), desenvolvido em Hulha Negra e Candiota atrav\u00e9s da parceria da empresa com o ICPJ, foi vistoriado pela equipe de analistas ambientais do Instituto Brasileiro do Meio Ambiente e dos Recursos Naturais Renov\u00e1veis \u2013 IBAMA no dia 24 de novembro.<\/p>\n<p>A visita, coordenada pela analista do IBAMA Diara Sartori, iniciou junto \u00e0 Fraternidade Padre Josimo, no Assentamento Conquista da Fronteira, em Hulha Negra, onde a equipe pode visitar a casa do ch\u00e1 e o horto medicinal mantido pelo Frei Wilson Zanatta.<\/p>\n<p>Ap\u00f3s essa primeira etapa, uma das nascentes recuperadas, no lote pertencente \u00e0 Marilei Mastri, tamb\u00e9m localizada no Ass. Conquista da Fronteira, foi conhecida pelo grupo. Durante a visita, Marilei, conhecida como Lila, explicou aos visitantes as grandes transforma\u00e7\u00f5es que a vida de sua fam\u00edlia teve ap\u00f3s a conclus\u00e3o da recupera\u00e7\u00e3o da nascente. Ela enfatizou que houve a melhoria nos aspectos de qualidade e quantidade de \u00e1gua dispon\u00edvel que passou a ter com a chegada da a\u00e7\u00e3o do SPEAAF.<\/p>\n<p>Por fim, houve uma visita ao viveiro florestal de propriedade da Cooperativa de Produ\u00e7\u00e3o, Trabalho e Integra\u00e7\u00e3o Ltda. \u2013 COPTIL, onde a produ\u00e7\u00e3o de mudas utilizadas por outros programas da UTPS pode ser acompanhada.<\/p>\n<p>&nbsp;<\/p>\n<p><strong>O SPEAAF<\/strong><\/p>\n<p>O subprograma, parte do Programa de Educa\u00e7\u00e3o Ambiental da Pampa Sul \u00e9 divido em sete eixos tem\u00e1ticos: (a) Transi\u00e7\u00e3o Agroecol\u00f3gica; (b) Manejos sustent\u00e1veis dos Recursos h\u00eddricos e prote\u00e7\u00e3o de nascentes; (c) Plantas medicinais para sa\u00fade humana; (d) Plantas medicinais para sa\u00fade dos animais; (e) Saneamento b\u00e1sico e ambiental; (f) Educa\u00e7\u00e3o socioambiental nas escolas e (g) Comunica\u00e7\u00e3o e temas transversais.<\/p>\n<p>Para conhecer mais do programa, entre em contato com o ICPJ atrav\u00e9s do e-mail instituto@padrejosimo.com.br ou pelo fone\/whatsapp (55) 9 9638-4941.<\/p>\n<p><img decoding=\"async\" class=\"aligncenter size-large wp-image-4442\" src=\"https:\/\/padrejosimo.com.br\/site\/wp-content\/uploads\/2022\/11\/noticia_02_28112022-1024x461.jpeg\" alt=\"\" width=\"1024\" height=\"461\" srcset=\"https:\/\/padrejosimo.com.br\/site\/wp-content\/uploads\/2022\/11\/noticia_02_28112022-1024x461.jpeg 1024w, https:\/\/padrejosimo.com.br\/site\/wp-content\/uploads\/2022\/11\/noticia_02_28112022-300x135.jpeg 300w, https:\/\/padrejosimo.com.br\/site\/wp-content\/uploads\/2022\/11\/noticia_02_28112022-768x346.jpeg 768w, https:\/\/padrejosimo.com.br\/site\/wp-content\/uploads\/2022\/11\/noticia_02_28112022.jpeg 1280w\" sizes=\"(max-width: 1024px) 100vw, 1024px\" \/><\/p>\n<p><img decoding=\"async\" class=\"aligncenter size-large wp-image-4441\" src=\"https:\/\/padrejosimo.com.br\/site\/wp-content\/uploads\/2022\/11\/noticia_03_28112022-1024x461.jpeg\" alt=\"\" width=\"1024\" height=\"461\" srcset=\"https:\/\/padrejosimo.com.br\/site\/wp-content\/uploads\/2022\/11\/noticia_03_28112022-1024x461.jpeg 1024w, https:\/\/padrejosimo.com.br\/site\/wp-content\/uploads\/2022\/11\/noticia_03_28112022-300x135.jpeg 300w, https:\/\/padrejosimo.com.br\/site\/wp-content\/uploads\/2022\/11\/noticia_03_28112022-768x346.jpeg 768w, https:\/\/padrejosimo.com.br\/site\/wp-content\/uploads\/2022\/11\/noticia_03_28112022.jpeg 1280w\" sizes=\"(max-width: 1024px) 100vw, 1024px\" \/><\/p>\n<p>&nbsp;<\/p>\n","protected":false},"excerpt":{"rendered":"<p>O Subprograma de Educa\u00e7\u00e3o Ambiental para a Agricultura Familiar (SPEAAF) da Usina Termel\u00e9trica Pampa Sul (UTPS), desenvolvido em Hulha Negra e Candiota atrav\u00e9s da parceria da empresa com o ICPJ, foi vistoriado pela equipe de analistas ambientais do Instituto Brasileiro do Meio Ambiente e dos Recursos Naturais Renov\u00e1veis \u2013 IBAMA no dia 24 de novembro.<\/p>\n","protected":false},"featured_media":4437,"template":"","categorias_noticias":[5],"class_list":["post-4440","noticias","type-noticias","status-publish","has-post-thumbnail","hentry","categorias_noticias-meio-ambiente"],"acf":[],"yoast_head":"<!-- This site is optimized with the Yoast SEO plugin v27.2 - https:\/\/yoast.com\/product\/yoast-seo-wordpress\/ -->\n<title>IBAMA visita programa de educa\u00e7\u00e3o ambiental em Candiota e Hulha Negra-RS - Instituto Cultural Padre Josimo<\/title>\n<meta name=\"robots\" content=\"index, follow, max-snippet:-1, max-image-preview:large, max-video-preview:-1\" \/>\n<link rel=\"canonical\" href=\"https:\/\/padrejosimo.com.br\/site\/noticias\/ibama-visita-programa-de-educacao-ambiental-em-candiota-e-hulha-negra-rs\/\" \/>\n<meta property=\"og:locale\" content=\"pt_BR\" \/>\n<meta property=\"og:type\" content=\"article\" \/>\n<meta property=\"og:title\" content=\"IBAMA visita programa de educa\u00e7\u00e3o ambiental em Candiota e Hulha Negra-RS - Instituto Cultural Padre Josimo\" \/>\n<meta property=\"og:description\" content=\"O Subprograma de Educa\u00e7\u00e3o Ambiental para a Agricultura Familiar (SPEAAF) da Usina Termel\u00e9trica Pampa Sul (UTPS), desenvolvido em Hulha Negra e Candiota atrav\u00e9s da parceria da empresa com o ICPJ, foi vistoriado pela equipe de analistas ambientais do Instituto Brasileiro do Meio Ambiente e dos Recursos Naturais Renov\u00e1veis \u2013 IBAMA no dia 24 de novembro.\" \/>\n<meta property=\"og:url\" content=\"https:\/\/padrejosimo.com.br\/site\/noticias\/ibama-visita-programa-de-educacao-ambiental-em-candiota-e-hulha-negra-rs\/\" \/>\n<meta property=\"og:site_name\" content=\"Instituto Cultural Padre Josimo\" \/>\n<meta property=\"article:modified_time\" content=\"2022-11-29T00:04:53+00:00\" \/>\n<meta property=\"og:image\" content=\"https:\/\/padrejosimo.com.br\/site\/wp-content\/uploads\/2022\/11\/WhatsApp-Image-2022-11-24-at-20.56.47-1.jpeg\" \/>\n\t<meta property=\"og:image:width\" content=\"630\" \/>\n\t<meta property=\"og:image:height\" content=\"480\" \/>\n\t<meta property=\"og:image:type\" content=\"image\/jpeg\" \/>\n<meta name=\"twitter:card\" content=\"summary_large_image\" \/>\n<meta name=\"twitter:label1\" content=\"Est. tempo de leitura\" \/>\n\t<meta name=\"twitter:data1\" content=\"2 minutos\" \/>\n<script type=\"application\/ld+json\" class=\"yoast-schema-graph\">{\"@context\":\"https:\/\/schema.org\",\"@graph\":[{\"@type\":\"WebPage\",\"@id\":\"https:\/\/padrejosimo.com.br\/site\/noticias\/ibama-visita-programa-de-educacao-ambiental-em-candiota-e-hulha-negra-rs\/\",\"url\":\"https:\/\/padrejosimo.com.br\/site\/noticias\/ibama-visita-programa-de-educacao-ambiental-em-candiota-e-hulha-negra-rs\/\",\"name\":\"IBAMA visita programa de educa\u00e7\u00e3o ambiental em Candiota e Hulha Negra-RS - Instituto Cultural Padre Josimo\",\"isPartOf\":{\"@id\":\"https:\/\/padrejosimo.com.br\/site\/#website\"},\"primaryImageOfPage\":{\"@id\":\"https:\/\/padrejosimo.com.br\/site\/noticias\/ibama-visita-programa-de-educacao-ambiental-em-candiota-e-hulha-negra-rs\/#primaryimage\"},\"image\":{\"@id\":\"https:\/\/padrejosimo.com.br\/site\/noticias\/ibama-visita-programa-de-educacao-ambiental-em-candiota-e-hulha-negra-rs\/#primaryimage\"},\"thumbnailUrl\":\"https:\/\/padrejosimo.com.br\/site\/wp-content\/uploads\/2022\/11\/WhatsApp-Image-2022-11-24-at-20.56.47-1.jpeg\",\"datePublished\":\"2022-11-28T23:59:06+00:00\",\"dateModified\":\"2022-11-29T00:04:53+00:00\",\"breadcrumb\":{\"@id\":\"https:\/\/padrejosimo.com.br\/site\/noticias\/ibama-visita-programa-de-educacao-ambiental-em-candiota-e-hulha-negra-rs\/#breadcrumb\"},\"inLanguage\":\"pt-BR\",\"potentialAction\":[{\"@type\":\"ReadAction\",\"target\":[\"https:\/\/padrejosimo.com.br\/site\/noticias\/ibama-visita-programa-de-educacao-ambiental-em-candiota-e-hulha-negra-rs\/\"]}]},{\"@type\":\"ImageObject\",\"inLanguage\":\"pt-BR\",\"@id\":\"https:\/\/padrejosimo.com.br\/site\/noticias\/ibama-visita-programa-de-educacao-ambiental-em-candiota-e-hulha-negra-rs\/#primaryimage\",\"url\":\"https:\/\/padrejosimo.com.br\/site\/wp-content\/uploads\/2022\/11\/WhatsApp-Image-2022-11-24-at-20.56.47-1.jpeg\",\"contentUrl\":\"https:\/\/padrejosimo.com.br\/site\/wp-content\/uploads\/2022\/11\/WhatsApp-Image-2022-11-24-at-20.56.47-1.jpeg\",\"width\":630,\"height\":480},{\"@type\":\"BreadcrumbList\",\"@id\":\"https:\/\/padrejosimo.com.br\/site\/noticias\/ibama-visita-programa-de-educacao-ambiental-em-candiota-e-hulha-negra-rs\/#breadcrumb\",\"itemListElement\":[{\"@type\":\"ListItem\",\"position\":1,\"name\":\"In\u00edcio\",\"item\":\"https:\/\/padrejosimo.com.br\/site\/\"},{\"@type\":\"ListItem\",\"position\":2,\"name\":\"Not\u00edcias\",\"item\":\"https:\/\/padrejosimo.com.br\/site\/noticias\/\"},{\"@type\":\"ListItem\",\"position\":3,\"name\":\"IBAMA visita programa de educa\u00e7\u00e3o ambiental em Candiota e Hulha Negra-RS\"}]},{\"@type\":\"WebSite\",\"@id\":\"https:\/\/padrejosimo.com.br\/site\/#website\",\"url\":\"https:\/\/padrejosimo.com.br\/site\/\",\"name\":\"Instituto Cultural Padre Josimo\",\"description\":\"Comprometida com a promo\u00e7\u00e3o da justi\u00e7a social, agroecologia e educa\u00e7\u00e3o popular\",\"publisher\":{\"@id\":\"https:\/\/padrejosimo.com.br\/site\/#organization\"},\"alternateName\":\"ICPJ\",\"potentialAction\":[{\"@type\":\"SearchAction\",\"target\":{\"@type\":\"EntryPoint\",\"urlTemplate\":\"https:\/\/padrejosimo.com.br\/site\/?s={search_term_string}\"},\"query-input\":{\"@type\":\"PropertyValueSpecification\",\"valueRequired\":true,\"valueName\":\"search_term_string\"}}],\"inLanguage\":\"pt-BR\"},{\"@type\":\"Organization\",\"@id\":\"https:\/\/padrejosimo.com.br\/site\/#organization\",\"name\":\"Instituto Cultural Padre Josimo\",\"alternateName\":\"ICPJ\",\"url\":\"https:\/\/padrejosimo.com.br\/site\/\",\"logo\":{\"@type\":\"ImageObject\",\"inLanguage\":\"pt-BR\",\"@id\":\"https:\/\/padrejosimo.com.br\/site\/#\/schema\/logo\/image\/\",\"url\":\"https:\/\/padrejosimo.com.br\/site\/wp-content\/uploads\/2025\/09\/cropped-icon-icpj.png\",\"contentUrl\":\"https:\/\/padrejosimo.com.br\/site\/wp-content\/uploads\/2025\/09\/cropped-icon-icpj.png\",\"width\":512,\"height\":512,\"caption\":\"Instituto Cultural Padre Josimo\"},\"image\":{\"@id\":\"https:\/\/padrejosimo.com.br\/site\/#\/schema\/logo\/image\/\"}}]}<\/script>\n<!-- \/ Yoast SEO plugin. -->","yoast_head_json":{"title":"IBAMA visita programa de educa\u00e7\u00e3o ambiental em Candiota e Hulha Negra-RS - Instituto Cultural Padre Josimo","robots":{"index":"index","follow":"follow","max-snippet":"max-snippet:-1","max-image-preview":"max-image-preview:large","max-video-preview":"max-video-preview:-1"},"canonical":"https:\/\/padrejosimo.com.br\/site\/noticias\/ibama-visita-programa-de-educacao-ambiental-em-candiota-e-hulha-negra-rs\/","og_locale":"pt_BR","og_type":"article","og_title":"IBAMA visita programa de educa\u00e7\u00e3o ambiental em Candiota e Hulha Negra-RS - Instituto Cultural Padre Josimo","og_description":"O Subprograma de Educa\u00e7\u00e3o Ambiental para a Agricultura Familiar (SPEAAF) da Usina Termel\u00e9trica Pampa Sul (UTPS), desenvolvido em Hulha Negra e Candiota atrav\u00e9s da parceria da empresa com o ICPJ, foi vistoriado pela equipe de analistas ambientais do Instituto Brasileiro do Meio Ambiente e dos Recursos Naturais Renov\u00e1veis \u2013 IBAMA no dia 24 de novembro.","og_url":"https:\/\/padrejosimo.com.br\/site\/noticias\/ibama-visita-programa-de-educacao-ambiental-em-candiota-e-hulha-negra-rs\/","og_site_name":"Instituto Cultural Padre Josimo","article_modified_time":"2022-11-29T00:04:53+00:00","og_image":[{"width":630,"height":480,"url":"https:\/\/padrejosimo.com.br\/site\/wp-content\/uploads\/2022\/11\/WhatsApp-Image-2022-11-24-at-20.56.47-1.jpeg","type":"image\/jpeg"}],"twitter_card":"summary_large_image","twitter_misc":{"Est. tempo de leitura":"2 minutos"},"schema":{"@context":"https:\/\/schema.org","@graph":[{"@type":"WebPage","@id":"https:\/\/padrejosimo.com.br\/site\/noticias\/ibama-visita-programa-de-educacao-ambiental-em-candiota-e-hulha-negra-rs\/","url":"https:\/\/padrejosimo.com.br\/site\/noticias\/ibama-visita-programa-de-educacao-ambiental-em-candiota-e-hulha-negra-rs\/","name":"IBAMA visita programa de educa\u00e7\u00e3o ambiental em Candiota e Hulha Negra-RS - Instituto Cultural Padre Josimo","isPartOf":{"@id":"https:\/\/padrejosimo.com.br\/site\/#website"},"primaryImageOfPage":{"@id":"https:\/\/padrejosimo.com.br\/site\/noticias\/ibama-visita-programa-de-educacao-ambiental-em-candiota-e-hulha-negra-rs\/#primaryimage"},"image":{"@id":"https:\/\/padrejosimo.com.br\/site\/noticias\/ibama-visita-programa-de-educacao-ambiental-em-candiota-e-hulha-negra-rs\/#primaryimage"},"thumbnailUrl":"https:\/\/padrejosimo.com.br\/site\/wp-content\/uploads\/2022\/11\/WhatsApp-Image-2022-11-24-at-20.56.47-1.jpeg","datePublished":"2022-11-28T23:59:06+00:00","dateModified":"2022-11-29T00:04:53+00:00","breadcrumb":{"@id":"https:\/\/padrejosimo.com.br\/site\/noticias\/ibama-visita-programa-de-educacao-ambiental-em-candiota-e-hulha-negra-rs\/#breadcrumb"},"inLanguage":"pt-BR","potentialAction":[{"@type":"ReadAction","target":["https:\/\/padrejosimo.com.br\/site\/noticias\/ibama-visita-programa-de-educacao-ambiental-em-candiota-e-hulha-negra-rs\/"]}]},{"@type":"ImageObject","inLanguage":"pt-BR","@id":"https:\/\/padrejosimo.com.br\/site\/noticias\/ibama-visita-programa-de-educacao-ambiental-em-candiota-e-hulha-negra-rs\/#primaryimage","url":"https:\/\/padrejosimo.com.br\/site\/wp-content\/uploads\/2022\/11\/WhatsApp-Image-2022-11-24-at-20.56.47-1.jpeg","contentUrl":"https:\/\/padrejosimo.com.br\/site\/wp-content\/uploads\/2022\/11\/WhatsApp-Image-2022-11-24-at-20.56.47-1.jpeg","width":630,"height":480},{"@type":"BreadcrumbList","@id":"https:\/\/padrejosimo.com.br\/site\/noticias\/ibama-visita-programa-de-educacao-ambiental-em-candiota-e-hulha-negra-rs\/#breadcrumb","itemListElement":[{"@type":"ListItem","position":1,"name":"In\u00edcio","item":"https:\/\/padrejosimo.com.br\/site\/"},{"@type":"ListItem","position":2,"name":"Not\u00edcias","item":"https:\/\/padrejosimo.com.br\/site\/noticias\/"},{"@type":"ListItem","position":3,"name":"IBAMA visita programa de educa\u00e7\u00e3o ambiental em Candiota e Hulha Negra-RS"}]},{"@type":"WebSite","@id":"https:\/\/padrejosimo.com.br\/site\/#website","url":"https:\/\/padrejosimo.com.br\/site\/","name":"Instituto Cultural Padre Josimo","description":"Comprometida com a promo\u00e7\u00e3o da justi\u00e7a social, agroecologia e educa\u00e7\u00e3o popular","publisher":{"@id":"https:\/\/padrejosimo.com.br\/site\/#organization"},"alternateName":"ICPJ","potentialAction":[{"@type":"SearchAction","target":{"@type":"EntryPoint","urlTemplate":"https:\/\/padrejosimo.com.br\/site\/?s={search_term_string}"},"query-input":{"@type":"PropertyValueSpecification","valueRequired":true,"valueName":"search_term_string"}}],"inLanguage":"pt-BR"},{"@type":"Organization","@id":"https:\/\/padrejosimo.com.br\/site\/#organization","name":"Instituto Cultural Padre Josimo","alternateName":"ICPJ","url":"https:\/\/padrejosimo.com.br\/site\/","logo":{"@type":"ImageObject","inLanguage":"pt-BR","@id":"https:\/\/padrejosimo.com.br\/site\/#\/schema\/logo\/image\/","url":"https:\/\/padrejosimo.com.br\/site\/wp-content\/uploads\/2025\/09\/cropped-icon-icpj.png","contentUrl":"https:\/\/padrejosimo.com.br\/site\/wp-content\/uploads\/2025\/09\/cropped-icon-icpj.png","width":512,"height":512,"caption":"Instituto Cultural Padre Josimo"},"image":{"@id":"https:\/\/padrejosimo.com.br\/site\/#\/schema\/logo\/image\/"}}]}},"_links":{"self":[{"href":"https:\/\/padrejosimo.com.br\/site\/wp-json\/wp\/v2\/noticias\/4440","targetHints":{"allow":["GET"]}}],"collection":[{"href":"https:\/\/padrejosimo.com.br\/site\/wp-json\/wp\/v2\/noticias"}],"about":[{"href":"https:\/\/padrejosimo.com.br\/site\/wp-json\/wp\/v2\/types\/noticias"}],"wp:featuredmedia":[{"embeddable":true,"href":"https:\/\/padrejosimo.com.br\/site\/wp-json\/wp\/v2\/media\/4437"}],"wp:attachment":[{"href":"https:\/\/padrejosimo.com.br\/site\/wp-json\/wp\/v2\/media?parent=4440"}],"wp:term":[{"taxonomy":"categorias_noticias","embeddable":true,"href":"https:\/\/padrejosimo.com.br\/site\/wp-json\/wp\/v2\/categorias_noticias?post=4440"}],"curies":[{"name":"wp","href":"https:\/\/api.w.org\/{rel}","templated":true}]}}