{"id":4133,"date":"2022-04-30T11:38:44","date_gmt":"2022-04-30T14:38:44","guid":{"rendered":"https:\/\/padrejosimo.com.br\/site\/?post_type=noticias&#038;p=4133"},"modified":"2022-04-30T11:38:44","modified_gmt":"2022-04-30T14:38:44","slug":"nota-de-pesar-pelo-falecimento-de-bebeto-perdomo","status":"publish","type":"noticias","link":"https:\/\/padrejosimo.com.br\/site\/noticias\/nota-de-pesar-pelo-falecimento-de-bebeto-perdomo\/","title":{"rendered":"Nota de pesar pelo falecimento de Bebeto Perdomo"},"content":{"rendered":"<p><img fetchpriority=\"high\" decoding=\"async\" class=\"wp-image-4134 aligncenter\" src=\"https:\/\/padrejosimo.com.br\/site\/wp-content\/uploads\/2022\/04\/bebedo-perdomo-1024x774.png\" alt=\"\" width=\"501\" height=\"379\" srcset=\"https:\/\/padrejosimo.com.br\/site\/wp-content\/uploads\/2022\/04\/bebedo-perdomo-1024x774.png 1024w, https:\/\/padrejosimo.com.br\/site\/wp-content\/uploads\/2022\/04\/bebedo-perdomo-300x227.png 300w, https:\/\/padrejosimo.com.br\/site\/wp-content\/uploads\/2022\/04\/bebedo-perdomo-768x580.png 768w, https:\/\/padrejosimo.com.br\/site\/wp-content\/uploads\/2022\/04\/bebedo-perdomo.png 1056w\" sizes=\"(max-width: 501px) 100vw, 501px\" \/><\/p>\n<p>Com muito pesar o Instituto Cultural Padre Josimo (ICPJ) compartilha a informa\u00e7\u00e3o do falecimento de Luiz Alberto Perdomo, conhecido carinhosamente como Bebeto, prefeito de Pedras Altas e grande apoiador dos projetos do ICPJ.<\/p>\n<p>Frei S\u00e9rgio, coordenador licenciado do ICPJ, afirma que &#8220;fica a lembran\u00e7a de um homem gentil e bem humorado, assim como o legado de um l\u00edder carism\u00e1tico e obstinado pelo bem do povo, em especial dos mais necessitados e dos pequenos&#8221;.<\/p>\n<p>Os atos de f\u00e9 e despedida ser\u00e3o realizados entre as 10h30 e as 15h no CTG Sentinela, em Pedras Altas. O enterro est\u00e1 previsto para as 18h em Herval, cidade onde ele nasceu.<\/p>\n<p>Bebeto Perdomo era casado e tinha duas filhas. Foi servidor p\u00fablico da Companhia Estadual de Energia El\u00e9trica (CEEE). Tamb\u00e9m foi vereador por tr\u00eas mandatos. Exercia o segundo mandado como prefeito do munic\u00edpio.<\/p>\n<p>Atrav\u00e9s de seus quadros, o ICPJ expressa aos familiares, amigos e mun\u00edcipes de forma geral a mais completa solidariedade neste momento de dor, afirmando que sintam-se abra\u00e7ados. O bom combate foi travado, a f\u00e9 foi mantida, o legado permanece. As sementes plantadas brotam e crescem, a colheita segue sendo partilhada.<\/p>\n<p>Bebeto, Presente! Presente! Presente!<\/p>\n","protected":false},"excerpt":{"rendered":"<p>O ICPJ comunica com pesar o falecimento de Bebeto Perdomo, prefeito de Pedras Altas (RS), amigo e parceiro do Instituto.<\/p>\n","protected":false},"featured_media":4134,"template":"","categorias_noticias":[],"class_list":["post-4133","noticias","type-noticias","status-publish","has-post-thumbnail","hentry"],"acf":[],"yoast_head":"<!-- This site is optimized with the Yoast SEO plugin v27.2 - https:\/\/yoast.com\/product\/yoast-seo-wordpress\/ -->\n<title>Nota de pesar pelo falecimento de Bebeto Perdomo - Instituto Cultural Padre Josimo<\/title>\n<meta name=\"robots\" content=\"index, follow, max-snippet:-1, max-image-preview:large, max-video-preview:-1\" \/>\n<link rel=\"canonical\" href=\"https:\/\/padrejosimo.com.br\/site\/noticias\/nota-de-pesar-pelo-falecimento-de-bebeto-perdomo\/\" \/>\n<meta property=\"og:locale\" content=\"pt_BR\" \/>\n<meta property=\"og:type\" content=\"article\" \/>\n<meta property=\"og:title\" content=\"Nota de pesar pelo falecimento de Bebeto Perdomo - Instituto Cultural Padre Josimo\" \/>\n<meta property=\"og:description\" content=\"O ICPJ comunica com pesar o falecimento de Bebeto Perdomo, prefeito de Pedras Altas (RS), amigo e parceiro do Instituto.\" \/>\n<meta property=\"og:url\" content=\"https:\/\/padrejosimo.com.br\/site\/noticias\/nota-de-pesar-pelo-falecimento-de-bebeto-perdomo\/\" \/>\n<meta property=\"og:site_name\" content=\"Instituto Cultural Padre Josimo\" \/>\n<meta property=\"og:image\" content=\"https:\/\/padrejosimo.com.br\/site\/wp-content\/uploads\/2022\/04\/bebedo-perdomo.png\" \/>\n\t<meta property=\"og:image:width\" content=\"1056\" \/>\n\t<meta property=\"og:image:height\" content=\"798\" \/>\n\t<meta property=\"og:image:type\" content=\"image\/png\" \/>\n<meta name=\"twitter:card\" content=\"summary_large_image\" \/>\n<meta name=\"twitter:label1\" content=\"Est. tempo de leitura\" \/>\n\t<meta name=\"twitter:data1\" content=\"1 minuto\" \/>\n<script type=\"application\/ld+json\" class=\"yoast-schema-graph\">{\"@context\":\"https:\/\/schema.org\",\"@graph\":[{\"@type\":\"WebPage\",\"@id\":\"https:\/\/padrejosimo.com.br\/site\/noticias\/nota-de-pesar-pelo-falecimento-de-bebeto-perdomo\/\",\"url\":\"https:\/\/padrejosimo.com.br\/site\/noticias\/nota-de-pesar-pelo-falecimento-de-bebeto-perdomo\/\",\"name\":\"Nota de pesar pelo falecimento de Bebeto Perdomo - Instituto Cultural Padre Josimo\",\"isPartOf\":{\"@id\":\"https:\/\/padrejosimo.com.br\/site\/#website\"},\"primaryImageOfPage\":{\"@id\":\"https:\/\/padrejosimo.com.br\/site\/noticias\/nota-de-pesar-pelo-falecimento-de-bebeto-perdomo\/#primaryimage\"},\"image\":{\"@id\":\"https:\/\/padrejosimo.com.br\/site\/noticias\/nota-de-pesar-pelo-falecimento-de-bebeto-perdomo\/#primaryimage\"},\"thumbnailUrl\":\"https:\/\/padrejosimo.com.br\/site\/wp-content\/uploads\/2022\/04\/bebedo-perdomo.png\",\"datePublished\":\"2022-04-30T14:38:44+00:00\",\"breadcrumb\":{\"@id\":\"https:\/\/padrejosimo.com.br\/site\/noticias\/nota-de-pesar-pelo-falecimento-de-bebeto-perdomo\/#breadcrumb\"},\"inLanguage\":\"pt-BR\",\"potentialAction\":[{\"@type\":\"ReadAction\",\"target\":[\"https:\/\/padrejosimo.com.br\/site\/noticias\/nota-de-pesar-pelo-falecimento-de-bebeto-perdomo\/\"]}]},{\"@type\":\"ImageObject\",\"inLanguage\":\"pt-BR\",\"@id\":\"https:\/\/padrejosimo.com.br\/site\/noticias\/nota-de-pesar-pelo-falecimento-de-bebeto-perdomo\/#primaryimage\",\"url\":\"https:\/\/padrejosimo.com.br\/site\/wp-content\/uploads\/2022\/04\/bebedo-perdomo.png\",\"contentUrl\":\"https:\/\/padrejosimo.com.br\/site\/wp-content\/uploads\/2022\/04\/bebedo-perdomo.png\",\"width\":1056,\"height\":798},{\"@type\":\"BreadcrumbList\",\"@id\":\"https:\/\/padrejosimo.com.br\/site\/noticias\/nota-de-pesar-pelo-falecimento-de-bebeto-perdomo\/#breadcrumb\",\"itemListElement\":[{\"@type\":\"ListItem\",\"position\":1,\"name\":\"In\u00edcio\",\"item\":\"https:\/\/padrejosimo.com.br\/site\/\"},{\"@type\":\"ListItem\",\"position\":2,\"name\":\"Not\u00edcias\",\"item\":\"https:\/\/padrejosimo.com.br\/site\/noticias\/\"},{\"@type\":\"ListItem\",\"position\":3,\"name\":\"Nota de pesar pelo falecimento de Bebeto Perdomo\"}]},{\"@type\":\"WebSite\",\"@id\":\"https:\/\/padrejosimo.com.br\/site\/#website\",\"url\":\"https:\/\/padrejosimo.com.br\/site\/\",\"name\":\"Instituto Cultural Padre Josimo\",\"description\":\"Comprometida com a promo\u00e7\u00e3o da justi\u00e7a social, agroecologia e educa\u00e7\u00e3o popular\",\"publisher\":{\"@id\":\"https:\/\/padrejosimo.com.br\/site\/#organization\"},\"alternateName\":\"ICPJ\",\"potentialAction\":[{\"@type\":\"SearchAction\",\"target\":{\"@type\":\"EntryPoint\",\"urlTemplate\":\"https:\/\/padrejosimo.com.br\/site\/?s={search_term_string}\"},\"query-input\":{\"@type\":\"PropertyValueSpecification\",\"valueRequired\":true,\"valueName\":\"search_term_string\"}}],\"inLanguage\":\"pt-BR\"},{\"@type\":\"Organization\",\"@id\":\"https:\/\/padrejosimo.com.br\/site\/#organization\",\"name\":\"Instituto Cultural Padre Josimo\",\"alternateName\":\"ICPJ\",\"url\":\"https:\/\/padrejosimo.com.br\/site\/\",\"logo\":{\"@type\":\"ImageObject\",\"inLanguage\":\"pt-BR\",\"@id\":\"https:\/\/padrejosimo.com.br\/site\/#\/schema\/logo\/image\/\",\"url\":\"https:\/\/padrejosimo.com.br\/site\/wp-content\/uploads\/2025\/09\/cropped-icon-icpj.png\",\"contentUrl\":\"https:\/\/padrejosimo.com.br\/site\/wp-content\/uploads\/2025\/09\/cropped-icon-icpj.png\",\"width\":512,\"height\":512,\"caption\":\"Instituto Cultural Padre Josimo\"},\"image\":{\"@id\":\"https:\/\/padrejosimo.com.br\/site\/#\/schema\/logo\/image\/\"}}]}<\/script>\n<!-- \/ Yoast SEO plugin. -->","yoast_head_json":{"title":"Nota de pesar pelo falecimento de Bebeto Perdomo - Instituto Cultural Padre Josimo","robots":{"index":"index","follow":"follow","max-snippet":"max-snippet:-1","max-image-preview":"max-image-preview:large","max-video-preview":"max-video-preview:-1"},"canonical":"https:\/\/padrejosimo.com.br\/site\/noticias\/nota-de-pesar-pelo-falecimento-de-bebeto-perdomo\/","og_locale":"pt_BR","og_type":"article","og_title":"Nota de pesar pelo falecimento de Bebeto Perdomo - Instituto Cultural Padre Josimo","og_description":"O ICPJ comunica com pesar o falecimento de Bebeto Perdomo, prefeito de Pedras Altas (RS), amigo e parceiro do Instituto.","og_url":"https:\/\/padrejosimo.com.br\/site\/noticias\/nota-de-pesar-pelo-falecimento-de-bebeto-perdomo\/","og_site_name":"Instituto Cultural Padre Josimo","og_image":[{"width":1056,"height":798,"url":"https:\/\/padrejosimo.com.br\/site\/wp-content\/uploads\/2022\/04\/bebedo-perdomo.png","type":"image\/png"}],"twitter_card":"summary_large_image","twitter_misc":{"Est. tempo de leitura":"1 minuto"},"schema":{"@context":"https:\/\/schema.org","@graph":[{"@type":"WebPage","@id":"https:\/\/padrejosimo.com.br\/site\/noticias\/nota-de-pesar-pelo-falecimento-de-bebeto-perdomo\/","url":"https:\/\/padrejosimo.com.br\/site\/noticias\/nota-de-pesar-pelo-falecimento-de-bebeto-perdomo\/","name":"Nota de pesar pelo falecimento de Bebeto Perdomo - Instituto Cultural Padre Josimo","isPartOf":{"@id":"https:\/\/padrejosimo.com.br\/site\/#website"},"primaryImageOfPage":{"@id":"https:\/\/padrejosimo.com.br\/site\/noticias\/nota-de-pesar-pelo-falecimento-de-bebeto-perdomo\/#primaryimage"},"image":{"@id":"https:\/\/padrejosimo.com.br\/site\/noticias\/nota-de-pesar-pelo-falecimento-de-bebeto-perdomo\/#primaryimage"},"thumbnailUrl":"https:\/\/padrejosimo.com.br\/site\/wp-content\/uploads\/2022\/04\/bebedo-perdomo.png","datePublished":"2022-04-30T14:38:44+00:00","breadcrumb":{"@id":"https:\/\/padrejosimo.com.br\/site\/noticias\/nota-de-pesar-pelo-falecimento-de-bebeto-perdomo\/#breadcrumb"},"inLanguage":"pt-BR","potentialAction":[{"@type":"ReadAction","target":["https:\/\/padrejosimo.com.br\/site\/noticias\/nota-de-pesar-pelo-falecimento-de-bebeto-perdomo\/"]}]},{"@type":"ImageObject","inLanguage":"pt-BR","@id":"https:\/\/padrejosimo.com.br\/site\/noticias\/nota-de-pesar-pelo-falecimento-de-bebeto-perdomo\/#primaryimage","url":"https:\/\/padrejosimo.com.br\/site\/wp-content\/uploads\/2022\/04\/bebedo-perdomo.png","contentUrl":"https:\/\/padrejosimo.com.br\/site\/wp-content\/uploads\/2022\/04\/bebedo-perdomo.png","width":1056,"height":798},{"@type":"BreadcrumbList","@id":"https:\/\/padrejosimo.com.br\/site\/noticias\/nota-de-pesar-pelo-falecimento-de-bebeto-perdomo\/#breadcrumb","itemListElement":[{"@type":"ListItem","position":1,"name":"In\u00edcio","item":"https:\/\/padrejosimo.com.br\/site\/"},{"@type":"ListItem","position":2,"name":"Not\u00edcias","item":"https:\/\/padrejosimo.com.br\/site\/noticias\/"},{"@type":"ListItem","position":3,"name":"Nota de pesar pelo falecimento de Bebeto Perdomo"}]},{"@type":"WebSite","@id":"https:\/\/padrejosimo.com.br\/site\/#website","url":"https:\/\/padrejosimo.com.br\/site\/","name":"Instituto Cultural Padre Josimo","description":"Comprometida com a promo\u00e7\u00e3o da justi\u00e7a social, agroecologia e educa\u00e7\u00e3o popular","publisher":{"@id":"https:\/\/padrejosimo.com.br\/site\/#organization"},"alternateName":"ICPJ","potentialAction":[{"@type":"SearchAction","target":{"@type":"EntryPoint","urlTemplate":"https:\/\/padrejosimo.com.br\/site\/?s={search_term_string}"},"query-input":{"@type":"PropertyValueSpecification","valueRequired":true,"valueName":"search_term_string"}}],"inLanguage":"pt-BR"},{"@type":"Organization","@id":"https:\/\/padrejosimo.com.br\/site\/#organization","name":"Instituto Cultural Padre Josimo","alternateName":"ICPJ","url":"https:\/\/padrejosimo.com.br\/site\/","logo":{"@type":"ImageObject","inLanguage":"pt-BR","@id":"https:\/\/padrejosimo.com.br\/site\/#\/schema\/logo\/image\/","url":"https:\/\/padrejosimo.com.br\/site\/wp-content\/uploads\/2025\/09\/cropped-icon-icpj.png","contentUrl":"https:\/\/padrejosimo.com.br\/site\/wp-content\/uploads\/2025\/09\/cropped-icon-icpj.png","width":512,"height":512,"caption":"Instituto Cultural Padre Josimo"},"image":{"@id":"https:\/\/padrejosimo.com.br\/site\/#\/schema\/logo\/image\/"}}]}},"_links":{"self":[{"href":"https:\/\/padrejosimo.com.br\/site\/wp-json\/wp\/v2\/noticias\/4133","targetHints":{"allow":["GET"]}}],"collection":[{"href":"https:\/\/padrejosimo.com.br\/site\/wp-json\/wp\/v2\/noticias"}],"about":[{"href":"https:\/\/padrejosimo.com.br\/site\/wp-json\/wp\/v2\/types\/noticias"}],"wp:featuredmedia":[{"embeddable":true,"href":"https:\/\/padrejosimo.com.br\/site\/wp-json\/wp\/v2\/media\/4134"}],"wp:attachment":[{"href":"https:\/\/padrejosimo.com.br\/site\/wp-json\/wp\/v2\/media?parent=4133"}],"wp:term":[{"taxonomy":"categorias_noticias","embeddable":true,"href":"https:\/\/padrejosimo.com.br\/site\/wp-json\/wp\/v2\/categorias_noticias?post=4133"}],"curies":[{"name":"wp","href":"https:\/\/api.w.org\/{rel}","templated":true}]}}