{"id":373,"date":"2017-08-17T12:02:15","date_gmt":"2017-08-17T15:02:15","guid":{"rendered":"http:\/\/padrejosimo.com.br\/site\/?post_type=noticias&#038;p=373"},"modified":"2017-08-17T12:02:15","modified_gmt":"2017-08-17T15:02:15","slug":"livro-de-frei-sergio-registra-genese-do-agronegocio-e-a-resistencia-a-esse-modelo","status":"publish","type":"noticias","link":"https:\/\/padrejosimo.com.br\/site\/noticias\/livro-de-frei-sergio-registra-genese-do-agronegocio-e-a-resistencia-a-esse-modelo\/","title":{"rendered":"Livro de Frei S\u00e9rgio registra g\u00eanese do agroneg\u00f3cio e a resist\u00eancia a esse modelo"},"content":{"rendered":"<p style=\"text-align: right;\"><em>Por Marco Weissheimer<\/em><\/p>\n<figure id=\"attachment_374\" aria-describedby=\"caption-attachment-374\" style=\"width: 700px\" class=\"wp-caption aligncenter\"><img fetchpriority=\"high\" decoding=\"async\" class=\"size-full wp-image-374\" src=\"https:\/\/padrejosimo.com.br\/site\/wp-content\/uploads\/2017\/08\/livro-trincheiras1.jpg\" alt=\"\" width=\"700\" height=\"467\" srcset=\"https:\/\/padrejosimo.com.br\/site\/wp-content\/uploads\/2017\/08\/livro-trincheiras1.jpg 700w, https:\/\/padrejosimo.com.br\/site\/wp-content\/uploads\/2017\/08\/livro-trincheiras1-300x200.jpg 300w\" sizes=\"(max-width: 700px) 100vw, 700px\" \/><figcaption id=\"caption-attachment-374\" class=\"wp-caption-text\">Lan\u00e7amento do livro em Porto Alegre foi realizado no Sindicato dos Banc\u00e1rios. (Foto: Guilherme Santos\/Sul21)<\/figcaption><\/figure>\n<p>Nos \u00faltimos 16 anos, foi implantado no Brasil um novo modo de organiza\u00e7\u00e3o capitalista no campo, estreitamente vinculado com o setor financeiro, que passou a controlar a produ\u00e7\u00e3o de alimentos, em especial, a produ\u00e7\u00e3o de gr\u00e3os. Esse modelo avan\u00e7ou sobre territ\u00f3rios tradicionais camponeses, ind\u00edgenas e de outras comunidades, exigindo da parte dessas popula\u00e7\u00f5es novas formas de organiza\u00e7\u00e3o e luta. Um dos protagonistas dessa luta no Rio Grande do Sul, Frei S\u00e9rgio Gorgen decidiu reunir textos que escreveu ao longo destes 16 anos para registrar essa mudan\u00e7a de fase na agricultura brasileira e, principalmente, as lutas de sem terras e pequenos agricultores que resistiram ao avan\u00e7o do chamado agroneg\u00f3cio e vem construindo formas alternativas de produ\u00e7\u00e3o e organiza\u00e7\u00e3o no campo.<\/p>\n<p>O livro \u201cTrincheiras da Resist\u00eancia Camponesa. Sob o pacto de poder do agroneg\u00f3cio\u201d (Institui\u00e7\u00e3o Cultura Padre Josimo) foi lan\u00e7ado na noite desta quarta-feira (16), no Sindicato dos Banc\u00e1rios de Porto Alegre e Regi\u00e3o (SindBanc\u00e1rios), com a presen\u00e7a de representantes de movimentos sociais, partidos e sindicatos que v\u00eam participando e apoiando o movimento de resist\u00eancia registrado na obra. \u201cUma das caracter\u00edsticas centrais desse novo pacto de poder pol\u00edtico no campo \u00e9 um intenso processo de concentra\u00e7\u00e3o de terras. O que \u00e9 chamado hoje de agroneg\u00f3cio \u00e9 a express\u00e3o desse pacto de poder\u201d, assinalou Adalberto Martins, do Movimento de Trabalhadores Rurais Sem Terra (MST).<\/p>\n<figure id=\"attachment_375\" aria-describedby=\"caption-attachment-375\" style=\"width: 700px\" class=\"wp-caption aligncenter\"><img decoding=\"async\" class=\"size-full wp-image-375\" src=\"https:\/\/padrejosimo.com.br\/site\/wp-content\/uploads\/2017\/08\/livro-trincheiras3.jpg\" alt=\"\" width=\"700\" height=\"467\" srcset=\"https:\/\/padrejosimo.com.br\/site\/wp-content\/uploads\/2017\/08\/livro-trincheiras3.jpg 700w, https:\/\/padrejosimo.com.br\/site\/wp-content\/uploads\/2017\/08\/livro-trincheiras3-300x200.jpg 300w\" sizes=\"(max-width: 700px) 100vw, 700px\" \/><figcaption id=\"caption-attachment-375\" class=\"wp-caption-text\">Ato de lan\u00e7amento reuniu representantes de movimentos sociais, partidos e sindicatos. (Foto: Guilherme Santos\/Sul21)<\/figcaption><\/figure>\n<p>O deputado estadual Edegar Pretto (PT), presidente da Assembleia Legislativa do Rio Grande do Sul, recordou que, desde crian\u00e7a, passou a conviver com a presen\u00e7a de Frei S\u00e9rgio dentro de casa, em in\u00fameras reuni\u00f5es e conversas com seu pai Ad\u00e3o Pretto. \u201cForam os primeiros passos do MST\u201d, lembrou. Presidente estadual da Central \u00danica dos Trabalhadores no Rio Grande do Sul (CUT-RS), Claudir Nespolo, lembrou a solidariedade da classe trabalhadora urbana neste per\u00edodo de luta no campo, destacando que essa alian\u00e7a dever\u00e1 se estreitar ainda mais no presente para enfrentar o golpe contra a democracia e os direitos em curso no pa\u00eds.<\/p>\n<p>Frade franciscano da Ordem dos Frades Menores do Rio Grande do Sul e militante h\u00e1 mais de 35 anos junto aos movimentos camponeses, Frei S\u00e9rgio destacou que o livro tem um objetivo central: reunir registros desse per\u00edodo para n\u00e3o deixar que a hist\u00f3ria dessas lutas caia no esquecimento. \u201cO campesinato se acostumou a transmitir seus conhecimentos pela oralidade. Trata-se de um conhecimento riqu\u00edssimo. Cada vez que morre um campon\u00eas, \u00e9 como se perd\u00eassemos uma biblioteca\u201d, disse. O autor destacou ainda a import\u00e2ncia de deixar essa hist\u00f3ria registrada para que a juventude do presente possa ter essa refer\u00eancia nas lutas do presente. \u201cTeremos dias dif\u00edceis pela frente. Os velhos fascistas do nosso tempo foram derrotados. Eles tentam agora sobreviver nesta nova gera\u00e7\u00e3o. Caber\u00e1 a voc\u00eas derrot\u00e1-los\u201d, afirmou dirigindo-se a militantes do Levante Popular da Juventude que participaram do ato de lan\u00e7amento do livro.<\/p>\n<figure id=\"attachment_376\" aria-describedby=\"caption-attachment-376\" style=\"width: 700px\" class=\"wp-caption aligncenter\"><img decoding=\"async\" class=\"size-full wp-image-376\" src=\"https:\/\/padrejosimo.com.br\/site\/wp-content\/uploads\/2017\/08\/livro-trincheiras4.jpg\" alt=\"\" width=\"700\" height=\"467\" srcset=\"https:\/\/padrejosimo.com.br\/site\/wp-content\/uploads\/2017\/08\/livro-trincheiras4.jpg 700w, https:\/\/padrejosimo.com.br\/site\/wp-content\/uploads\/2017\/08\/livro-trincheiras4-300x200.jpg 300w\" sizes=\"(max-width: 700px) 100vw, 700px\" \/><figcaption id=\"caption-attachment-376\" class=\"wp-caption-text\">Livro do Frei S\u00e9rgio busca ajudar as lutas do presente e do futuro (Foto: Guilherme Santos\/Sul21)<\/figcaption><\/figure>\n<p>Frei S\u00e9rgio defendeu ainda que, no cen\u00e1rio pol\u00edtico que se configurou ap\u00f3s o golpe, principal protagonismo estar\u00e1 n\u00e3o com os partidos pol\u00edticos, mas sim junto \u00e0 esquerda social, com seus movimentos sociais e organiza\u00e7\u00f5es de base. \u201cEsse livro \u00e9 um esfor\u00e7o de reunir o que foi escrito no per\u00edodo entre 2000 e 2016 no calor dos acontecimentos. Tem gente que diz que esse livro \u00e9 panflet\u00e1rio. E \u00e9 mesmo. Ele \u00e9 um esfor\u00e7o de mem\u00f3ria para ajudar as lutas do presente e do futuro. O agroneg\u00f3cio n\u00e3o \u00e9 s\u00f3 um nome fantasia, mas sim a express\u00e3o de um novo pacto de poder onde a produ\u00e7\u00e3o no campo ficou passou a ficar totalmente subordinada ao capital financeiro. Precisamos entender como isso ocorreu e suas implica\u00e7\u00f5es\u201d.<\/p>\n<p>Publicado pela editora do Instituto Cultural Padre Josimo, o livro pode ser adquirido atrav\u00e9s da nossa <a href=\"http:\/\/padrejosimo.com.br\/loja\/\" target=\"_blank\" rel=\"noopener\"><strong>loja virtual<\/strong> <\/a>ou solicitado pelos telefones (51) 3228-8107, (55) 55 3281-4820 ou (55) 99638-4941.<\/p>\n","protected":false},"excerpt":{"rendered":"<p>O livro \u201cTrincheiras da Resist\u00eancia Camponesa. Sob o pacto de poder do agroneg\u00f3cio\u201d do Frei S\u00e9rgio Gorgen foi lan\u00e7ado na noite desta quarta-feira (16), no Sindicato dos Banc\u00e1rios de Porto Alegre e Regi\u00e3o, com a presen\u00e7a de representantes de movimentos sociais, partidos e sindicatos que v\u00eam participando e apoiando o movimento de resist\u00eancia registrado na obra.<\/p>\n","protected":false},"featured_media":374,"template":"","categorias_noticias":[4,13],"class_list":["post-373","noticias","type-noticias","status-publish","has-post-thumbnail","hentry","categorias_noticias-eventos","categorias_noticias-noticias"],"acf":[],"yoast_head":"<!-- This site is optimized with the Yoast SEO plugin v27.2 - https:\/\/yoast.com\/product\/yoast-seo-wordpress\/ -->\n<title>Livro de Frei S\u00e9rgio registra g\u00eanese do agroneg\u00f3cio e a resist\u00eancia a esse modelo - Instituto Cultural Padre Josimo<\/title>\n<meta name=\"robots\" content=\"index, follow, max-snippet:-1, max-image-preview:large, max-video-preview:-1\" \/>\n<link rel=\"canonical\" href=\"https:\/\/padrejosimo.com.br\/site\/noticias\/livro-de-frei-sergio-registra-genese-do-agronegocio-e-a-resistencia-a-esse-modelo\/\" \/>\n<meta property=\"og:locale\" content=\"pt_BR\" \/>\n<meta property=\"og:type\" content=\"article\" \/>\n<meta property=\"og:title\" content=\"Livro de Frei S\u00e9rgio registra g\u00eanese do agroneg\u00f3cio e a resist\u00eancia a esse modelo - Instituto Cultural Padre Josimo\" \/>\n<meta property=\"og:description\" content=\"O livro \u201cTrincheiras da Resist\u00eancia Camponesa. Sob o pacto de poder do agroneg\u00f3cio\u201d do Frei S\u00e9rgio Gorgen foi lan\u00e7ado na noite desta quarta-feira (16), no Sindicato dos Banc\u00e1rios de Porto Alegre e Regi\u00e3o, com a presen\u00e7a de representantes de movimentos sociais, partidos e sindicatos que v\u00eam participando e apoiando o movimento de resist\u00eancia registrado na obra.\" \/>\n<meta property=\"og:url\" content=\"https:\/\/padrejosimo.com.br\/site\/noticias\/livro-de-frei-sergio-registra-genese-do-agronegocio-e-a-resistencia-a-esse-modelo\/\" \/>\n<meta property=\"og:site_name\" content=\"Instituto Cultural Padre Josimo\" \/>\n<meta property=\"og:image\" content=\"https:\/\/padrejosimo.com.br\/site\/wp-content\/uploads\/2017\/08\/livro-trincheiras1.jpg\" \/>\n\t<meta property=\"og:image:width\" content=\"700\" \/>\n\t<meta property=\"og:image:height\" content=\"467\" \/>\n\t<meta property=\"og:image:type\" content=\"image\/jpeg\" \/>\n<meta name=\"twitter:card\" content=\"summary_large_image\" \/>\n<meta name=\"twitter:label1\" content=\"Est. tempo de leitura\" \/>\n\t<meta name=\"twitter:data1\" content=\"4 minutos\" \/>\n<script type=\"application\/ld+json\" class=\"yoast-schema-graph\">{\"@context\":\"https:\/\/schema.org\",\"@graph\":[{\"@type\":\"WebPage\",\"@id\":\"https:\/\/padrejosimo.com.br\/site\/noticias\/livro-de-frei-sergio-registra-genese-do-agronegocio-e-a-resistencia-a-esse-modelo\/\",\"url\":\"https:\/\/padrejosimo.com.br\/site\/noticias\/livro-de-frei-sergio-registra-genese-do-agronegocio-e-a-resistencia-a-esse-modelo\/\",\"name\":\"Livro de Frei S\u00e9rgio registra g\u00eanese do agroneg\u00f3cio e a resist\u00eancia a esse modelo - Instituto Cultural Padre Josimo\",\"isPartOf\":{\"@id\":\"https:\/\/padrejosimo.com.br\/site\/#website\"},\"primaryImageOfPage\":{\"@id\":\"https:\/\/padrejosimo.com.br\/site\/noticias\/livro-de-frei-sergio-registra-genese-do-agronegocio-e-a-resistencia-a-esse-modelo\/#primaryimage\"},\"image\":{\"@id\":\"https:\/\/padrejosimo.com.br\/site\/noticias\/livro-de-frei-sergio-registra-genese-do-agronegocio-e-a-resistencia-a-esse-modelo\/#primaryimage\"},\"thumbnailUrl\":\"https:\/\/padrejosimo.com.br\/site\/wp-content\/uploads\/2017\/08\/livro-trincheiras1.jpg\",\"datePublished\":\"2017-08-17T15:02:15+00:00\",\"breadcrumb\":{\"@id\":\"https:\/\/padrejosimo.com.br\/site\/noticias\/livro-de-frei-sergio-registra-genese-do-agronegocio-e-a-resistencia-a-esse-modelo\/#breadcrumb\"},\"inLanguage\":\"pt-BR\",\"potentialAction\":[{\"@type\":\"ReadAction\",\"target\":[\"https:\/\/padrejosimo.com.br\/site\/noticias\/livro-de-frei-sergio-registra-genese-do-agronegocio-e-a-resistencia-a-esse-modelo\/\"]}]},{\"@type\":\"ImageObject\",\"inLanguage\":\"pt-BR\",\"@id\":\"https:\/\/padrejosimo.com.br\/site\/noticias\/livro-de-frei-sergio-registra-genese-do-agronegocio-e-a-resistencia-a-esse-modelo\/#primaryimage\",\"url\":\"https:\/\/padrejosimo.com.br\/site\/wp-content\/uploads\/2017\/08\/livro-trincheiras1.jpg\",\"contentUrl\":\"https:\/\/padrejosimo.com.br\/site\/wp-content\/uploads\/2017\/08\/livro-trincheiras1.jpg\",\"width\":700,\"height\":467,\"caption\":\"Lan\u00e7amento do livro em Porto Alegre foi realizado no Sindicato dos Banc\u00e1rios. (Foto: Guilherme Santos\/Sul21)\"},{\"@type\":\"BreadcrumbList\",\"@id\":\"https:\/\/padrejosimo.com.br\/site\/noticias\/livro-de-frei-sergio-registra-genese-do-agronegocio-e-a-resistencia-a-esse-modelo\/#breadcrumb\",\"itemListElement\":[{\"@type\":\"ListItem\",\"position\":1,\"name\":\"In\u00edcio\",\"item\":\"https:\/\/padrejosimo.com.br\/site\/\"},{\"@type\":\"ListItem\",\"position\":2,\"name\":\"Not\u00edcias\",\"item\":\"https:\/\/padrejosimo.com.br\/site\/noticias\/\"},{\"@type\":\"ListItem\",\"position\":3,\"name\":\"Livro de Frei S\u00e9rgio registra g\u00eanese do agroneg\u00f3cio e a resist\u00eancia a esse modelo\"}]},{\"@type\":\"WebSite\",\"@id\":\"https:\/\/padrejosimo.com.br\/site\/#website\",\"url\":\"https:\/\/padrejosimo.com.br\/site\/\",\"name\":\"Instituto Cultural Padre Josimo\",\"description\":\"Comprometida com a promo\u00e7\u00e3o da justi\u00e7a social, agroecologia e educa\u00e7\u00e3o popular\",\"publisher\":{\"@id\":\"https:\/\/padrejosimo.com.br\/site\/#organization\"},\"alternateName\":\"ICPJ\",\"potentialAction\":[{\"@type\":\"SearchAction\",\"target\":{\"@type\":\"EntryPoint\",\"urlTemplate\":\"https:\/\/padrejosimo.com.br\/site\/?s={search_term_string}\"},\"query-input\":{\"@type\":\"PropertyValueSpecification\",\"valueRequired\":true,\"valueName\":\"search_term_string\"}}],\"inLanguage\":\"pt-BR\"},{\"@type\":\"Organization\",\"@id\":\"https:\/\/padrejosimo.com.br\/site\/#organization\",\"name\":\"Instituto Cultural Padre Josimo\",\"alternateName\":\"ICPJ\",\"url\":\"https:\/\/padrejosimo.com.br\/site\/\",\"logo\":{\"@type\":\"ImageObject\",\"inLanguage\":\"pt-BR\",\"@id\":\"https:\/\/padrejosimo.com.br\/site\/#\/schema\/logo\/image\/\",\"url\":\"https:\/\/padrejosimo.com.br\/site\/wp-content\/uploads\/2025\/09\/cropped-icon-icpj.png\",\"contentUrl\":\"https:\/\/padrejosimo.com.br\/site\/wp-content\/uploads\/2025\/09\/cropped-icon-icpj.png\",\"width\":512,\"height\":512,\"caption\":\"Instituto Cultural Padre Josimo\"},\"image\":{\"@id\":\"https:\/\/padrejosimo.com.br\/site\/#\/schema\/logo\/image\/\"}}]}<\/script>\n<!-- \/ Yoast SEO plugin. -->","yoast_head_json":{"title":"Livro de Frei S\u00e9rgio registra g\u00eanese do agroneg\u00f3cio e a resist\u00eancia a esse modelo - Instituto Cultural Padre Josimo","robots":{"index":"index","follow":"follow","max-snippet":"max-snippet:-1","max-image-preview":"max-image-preview:large","max-video-preview":"max-video-preview:-1"},"canonical":"https:\/\/padrejosimo.com.br\/site\/noticias\/livro-de-frei-sergio-registra-genese-do-agronegocio-e-a-resistencia-a-esse-modelo\/","og_locale":"pt_BR","og_type":"article","og_title":"Livro de Frei S\u00e9rgio registra g\u00eanese do agroneg\u00f3cio e a resist\u00eancia a esse modelo - Instituto Cultural Padre Josimo","og_description":"O livro \u201cTrincheiras da Resist\u00eancia Camponesa. Sob o pacto de poder do agroneg\u00f3cio\u201d do Frei S\u00e9rgio Gorgen foi lan\u00e7ado na noite desta quarta-feira (16), no Sindicato dos Banc\u00e1rios de Porto Alegre e Regi\u00e3o, com a presen\u00e7a de representantes de movimentos sociais, partidos e sindicatos que v\u00eam participando e apoiando o movimento de resist\u00eancia registrado na obra.","og_url":"https:\/\/padrejosimo.com.br\/site\/noticias\/livro-de-frei-sergio-registra-genese-do-agronegocio-e-a-resistencia-a-esse-modelo\/","og_site_name":"Instituto Cultural Padre Josimo","og_image":[{"width":700,"height":467,"url":"https:\/\/padrejosimo.com.br\/site\/wp-content\/uploads\/2017\/08\/livro-trincheiras1.jpg","type":"image\/jpeg"}],"twitter_card":"summary_large_image","twitter_misc":{"Est. tempo de leitura":"4 minutos"},"schema":{"@context":"https:\/\/schema.org","@graph":[{"@type":"WebPage","@id":"https:\/\/padrejosimo.com.br\/site\/noticias\/livro-de-frei-sergio-registra-genese-do-agronegocio-e-a-resistencia-a-esse-modelo\/","url":"https:\/\/padrejosimo.com.br\/site\/noticias\/livro-de-frei-sergio-registra-genese-do-agronegocio-e-a-resistencia-a-esse-modelo\/","name":"Livro de Frei S\u00e9rgio registra g\u00eanese do agroneg\u00f3cio e a resist\u00eancia a esse modelo - Instituto Cultural Padre Josimo","isPartOf":{"@id":"https:\/\/padrejosimo.com.br\/site\/#website"},"primaryImageOfPage":{"@id":"https:\/\/padrejosimo.com.br\/site\/noticias\/livro-de-frei-sergio-registra-genese-do-agronegocio-e-a-resistencia-a-esse-modelo\/#primaryimage"},"image":{"@id":"https:\/\/padrejosimo.com.br\/site\/noticias\/livro-de-frei-sergio-registra-genese-do-agronegocio-e-a-resistencia-a-esse-modelo\/#primaryimage"},"thumbnailUrl":"https:\/\/padrejosimo.com.br\/site\/wp-content\/uploads\/2017\/08\/livro-trincheiras1.jpg","datePublished":"2017-08-17T15:02:15+00:00","breadcrumb":{"@id":"https:\/\/padrejosimo.com.br\/site\/noticias\/livro-de-frei-sergio-registra-genese-do-agronegocio-e-a-resistencia-a-esse-modelo\/#breadcrumb"},"inLanguage":"pt-BR","potentialAction":[{"@type":"ReadAction","target":["https:\/\/padrejosimo.com.br\/site\/noticias\/livro-de-frei-sergio-registra-genese-do-agronegocio-e-a-resistencia-a-esse-modelo\/"]}]},{"@type":"ImageObject","inLanguage":"pt-BR","@id":"https:\/\/padrejosimo.com.br\/site\/noticias\/livro-de-frei-sergio-registra-genese-do-agronegocio-e-a-resistencia-a-esse-modelo\/#primaryimage","url":"https:\/\/padrejosimo.com.br\/site\/wp-content\/uploads\/2017\/08\/livro-trincheiras1.jpg","contentUrl":"https:\/\/padrejosimo.com.br\/site\/wp-content\/uploads\/2017\/08\/livro-trincheiras1.jpg","width":700,"height":467,"caption":"Lan\u00e7amento do livro em Porto Alegre foi realizado no Sindicato dos Banc\u00e1rios. (Foto: Guilherme Santos\/Sul21)"},{"@type":"BreadcrumbList","@id":"https:\/\/padrejosimo.com.br\/site\/noticias\/livro-de-frei-sergio-registra-genese-do-agronegocio-e-a-resistencia-a-esse-modelo\/#breadcrumb","itemListElement":[{"@type":"ListItem","position":1,"name":"In\u00edcio","item":"https:\/\/padrejosimo.com.br\/site\/"},{"@type":"ListItem","position":2,"name":"Not\u00edcias","item":"https:\/\/padrejosimo.com.br\/site\/noticias\/"},{"@type":"ListItem","position":3,"name":"Livro de Frei S\u00e9rgio registra g\u00eanese do agroneg\u00f3cio e a resist\u00eancia a esse modelo"}]},{"@type":"WebSite","@id":"https:\/\/padrejosimo.com.br\/site\/#website","url":"https:\/\/padrejosimo.com.br\/site\/","name":"Instituto Cultural Padre Josimo","description":"Comprometida com a promo\u00e7\u00e3o da justi\u00e7a social, agroecologia e educa\u00e7\u00e3o popular","publisher":{"@id":"https:\/\/padrejosimo.com.br\/site\/#organization"},"alternateName":"ICPJ","potentialAction":[{"@type":"SearchAction","target":{"@type":"EntryPoint","urlTemplate":"https:\/\/padrejosimo.com.br\/site\/?s={search_term_string}"},"query-input":{"@type":"PropertyValueSpecification","valueRequired":true,"valueName":"search_term_string"}}],"inLanguage":"pt-BR"},{"@type":"Organization","@id":"https:\/\/padrejosimo.com.br\/site\/#organization","name":"Instituto Cultural Padre Josimo","alternateName":"ICPJ","url":"https:\/\/padrejosimo.com.br\/site\/","logo":{"@type":"ImageObject","inLanguage":"pt-BR","@id":"https:\/\/padrejosimo.com.br\/site\/#\/schema\/logo\/image\/","url":"https:\/\/padrejosimo.com.br\/site\/wp-content\/uploads\/2025\/09\/cropped-icon-icpj.png","contentUrl":"https:\/\/padrejosimo.com.br\/site\/wp-content\/uploads\/2025\/09\/cropped-icon-icpj.png","width":512,"height":512,"caption":"Instituto Cultural Padre Josimo"},"image":{"@id":"https:\/\/padrejosimo.com.br\/site\/#\/schema\/logo\/image\/"}}]}},"_links":{"self":[{"href":"https:\/\/padrejosimo.com.br\/site\/wp-json\/wp\/v2\/noticias\/373","targetHints":{"allow":["GET"]}}],"collection":[{"href":"https:\/\/padrejosimo.com.br\/site\/wp-json\/wp\/v2\/noticias"}],"about":[{"href":"https:\/\/padrejosimo.com.br\/site\/wp-json\/wp\/v2\/types\/noticias"}],"wp:featuredmedia":[{"embeddable":true,"href":"https:\/\/padrejosimo.com.br\/site\/wp-json\/wp\/v2\/media\/374"}],"wp:attachment":[{"href":"https:\/\/padrejosimo.com.br\/site\/wp-json\/wp\/v2\/media?parent=373"}],"wp:term":[{"taxonomy":"categorias_noticias","embeddable":true,"href":"https:\/\/padrejosimo.com.br\/site\/wp-json\/wp\/v2\/categorias_noticias?post=373"}],"curies":[{"name":"wp","href":"https:\/\/api.w.org\/{rel}","templated":true}]}}