{"id":364,"date":"2017-08-14T14:53:33","date_gmt":"2017-08-14T17:53:33","guid":{"rendered":"http:\/\/padrejosimo.com.br\/site\/?post_type=noticias&#038;p=364"},"modified":"2017-08-15T10:01:17","modified_gmt":"2017-08-15T13:01:17","slug":"abertas-inscricoes-para-nova-turma-do-curso-de-plantas-medicinais","status":"publish","type":"noticias","link":"https:\/\/padrejosimo.com.br\/site\/noticias\/abertas-inscricoes-para-nova-turma-do-curso-de-plantas-medicinais\/","title":{"rendered":"Abertas inscri\u00e7\u00f5es para nova turma do Curso de Plantas Medicinais"},"content":{"rendered":"<p>A partir desta segunda-feira, dia 14 de agosto, est\u00e3o abertas as inscri\u00e7\u00f5es para a segunda turma do curso \u201cProdu\u00e7\u00e3o e Uso de Plantas Medicinais na Sa\u00fade Comunit\u00e1ria\u201d que ter\u00e1 in\u00edcio com a primeira etapa marcada para 12 a 14 de setembro, no Assentamento Conquista da Fronteira, em Hulha Negra-RS.<\/p>\n<p>Nesta etapa inicial, de um total de seis, est\u00e1 previsto os seguintes temas: identifica\u00e7\u00e3o de plantas medicinais, propriedades terap\u00eauticas, modo de preparo e indica\u00e7\u00f5es de uso. A etapa contar\u00e1 com o apoio do Dr. Gilberto Bevil\u00e1cqua, pesquisador da Embrapa Clima Temperado de Pelotas.<\/p>\n<p>As inscri\u00e7\u00f5es podem ser feitas atrav\u00e9s do e-mail instituto@padrejosimo.com.br ou zanattaw@yahoo.com, sendo necess\u00e1rio o envio da <a href=\"https:\/\/padrejosimo.com.br\/site\/wp-content\/uploads\/2017\/08\/Curso-Plantas-Medicinais-Setembro.pdf\"><strong>Ficha de Inscri\u00e7\u00e3o<\/strong><\/a> preenchida por completo.<\/p>\n<p><strong>Parceria<\/strong><\/p>\n<p>O curso \u00e9 realizado pelo Instituto Cultural Padre Josimo em parceria com o Fundo Nacional de Solidariedade da CNBB e \u00e9 coordenado pelo Frei Wilson Zanatta, autor dos livros \u201cErvas Medicinais: Rem\u00e9dios e Receitas Caseiras da Sabedoria Popular\u201d e \u201cTenha uma farm\u00e1cia em sua casa\u201d. A coordena\u00e7\u00e3o pedag\u00f3gica \u00e9 do educador popular C\u00e9lio Cadon\u00e1.<\/p>\n","protected":false},"excerpt":{"rendered":"<p>A partir desta segunda-feira, dia 14 de agosto, est\u00e3o abertas as inscri\u00e7\u00f5es para a segunda turma do curso \u201cProdu\u00e7\u00e3o e Uso de Plantas Medicinais na Sa\u00fade Comunit\u00e1ria\u201d que ter\u00e1 in\u00edcio com a primeira etapa marcada para 12 a 14 de setembro, no Assentamento Conquista da Fronteira, em Hulha Negra-RS.<\/p>\n","protected":false},"featured_media":366,"template":"","categorias_noticias":[4,13],"class_list":["post-364","noticias","type-noticias","status-publish","has-post-thumbnail","hentry","categorias_noticias-eventos","categorias_noticias-noticias"],"acf":[],"yoast_head":"<!-- This site is optimized with the Yoast SEO plugin v27.2 - https:\/\/yoast.com\/product\/yoast-seo-wordpress\/ -->\n<title>Abertas inscri\u00e7\u00f5es para nova turma do Curso de Plantas Medicinais - Instituto Cultural Padre Josimo<\/title>\n<meta name=\"robots\" content=\"index, follow, max-snippet:-1, max-image-preview:large, max-video-preview:-1\" \/>\n<link rel=\"canonical\" href=\"https:\/\/padrejosimo.com.br\/site\/noticias\/abertas-inscricoes-para-nova-turma-do-curso-de-plantas-medicinais\/\" \/>\n<meta property=\"og:locale\" content=\"pt_BR\" \/>\n<meta property=\"og:type\" content=\"article\" \/>\n<meta property=\"og:title\" content=\"Abertas inscri\u00e7\u00f5es para nova turma do Curso de Plantas Medicinais - Instituto Cultural Padre Josimo\" \/>\n<meta property=\"og:description\" content=\"A partir desta segunda-feira, dia 14 de agosto, est\u00e3o abertas as inscri\u00e7\u00f5es para a segunda turma do curso \u201cProdu\u00e7\u00e3o e Uso de Plantas Medicinais na Sa\u00fade Comunit\u00e1ria\u201d que ter\u00e1 in\u00edcio com a primeira etapa marcada para 12 a 14 de setembro, no Assentamento Conquista da Fronteira, em Hulha Negra-RS.\" \/>\n<meta property=\"og:url\" content=\"https:\/\/padrejosimo.com.br\/site\/noticias\/abertas-inscricoes-para-nova-turma-do-curso-de-plantas-medicinais\/\" \/>\n<meta property=\"og:site_name\" content=\"Instituto Cultural Padre Josimo\" \/>\n<meta property=\"article:modified_time\" content=\"2017-08-15T13:01:17+00:00\" \/>\n<meta property=\"og:image\" content=\"https:\/\/padrejosimo.com.br\/site\/wp-content\/uploads\/2017\/08\/Logo-Padre-Josimo.png\" \/>\n\t<meta property=\"og:image:width\" content=\"1696\" \/>\n\t<meta property=\"og:image:height\" content=\"939\" \/>\n\t<meta property=\"og:image:type\" content=\"image\/png\" \/>\n<meta name=\"twitter:card\" content=\"summary_large_image\" \/>\n<meta name=\"twitter:label1\" content=\"Est. tempo de leitura\" \/>\n\t<meta name=\"twitter:data1\" content=\"1 minuto\" \/>\n<script type=\"application\/ld+json\" class=\"yoast-schema-graph\">{\"@context\":\"https:\/\/schema.org\",\"@graph\":[{\"@type\":\"WebPage\",\"@id\":\"https:\/\/padrejosimo.com.br\/site\/noticias\/abertas-inscricoes-para-nova-turma-do-curso-de-plantas-medicinais\/\",\"url\":\"https:\/\/padrejosimo.com.br\/site\/noticias\/abertas-inscricoes-para-nova-turma-do-curso-de-plantas-medicinais\/\",\"name\":\"Abertas inscri\u00e7\u00f5es para nova turma do Curso de Plantas Medicinais - Instituto Cultural Padre Josimo\",\"isPartOf\":{\"@id\":\"https:\/\/padrejosimo.com.br\/site\/#website\"},\"primaryImageOfPage\":{\"@id\":\"https:\/\/padrejosimo.com.br\/site\/noticias\/abertas-inscricoes-para-nova-turma-do-curso-de-plantas-medicinais\/#primaryimage\"},\"image\":{\"@id\":\"https:\/\/padrejosimo.com.br\/site\/noticias\/abertas-inscricoes-para-nova-turma-do-curso-de-plantas-medicinais\/#primaryimage\"},\"thumbnailUrl\":\"https:\/\/padrejosimo.com.br\/site\/wp-content\/uploads\/2017\/08\/Logo-Padre-Josimo.png\",\"datePublished\":\"2017-08-14T17:53:33+00:00\",\"dateModified\":\"2017-08-15T13:01:17+00:00\",\"breadcrumb\":{\"@id\":\"https:\/\/padrejosimo.com.br\/site\/noticias\/abertas-inscricoes-para-nova-turma-do-curso-de-plantas-medicinais\/#breadcrumb\"},\"inLanguage\":\"pt-BR\",\"potentialAction\":[{\"@type\":\"ReadAction\",\"target\":[\"https:\/\/padrejosimo.com.br\/site\/noticias\/abertas-inscricoes-para-nova-turma-do-curso-de-plantas-medicinais\/\"]}]},{\"@type\":\"ImageObject\",\"inLanguage\":\"pt-BR\",\"@id\":\"https:\/\/padrejosimo.com.br\/site\/noticias\/abertas-inscricoes-para-nova-turma-do-curso-de-plantas-medicinais\/#primaryimage\",\"url\":\"https:\/\/padrejosimo.com.br\/site\/wp-content\/uploads\/2017\/08\/Logo-Padre-Josimo.png\",\"contentUrl\":\"https:\/\/padrejosimo.com.br\/site\/wp-content\/uploads\/2017\/08\/Logo-Padre-Josimo.png\",\"width\":1696,\"height\":939},{\"@type\":\"BreadcrumbList\",\"@id\":\"https:\/\/padrejosimo.com.br\/site\/noticias\/abertas-inscricoes-para-nova-turma-do-curso-de-plantas-medicinais\/#breadcrumb\",\"itemListElement\":[{\"@type\":\"ListItem\",\"position\":1,\"name\":\"In\u00edcio\",\"item\":\"https:\/\/padrejosimo.com.br\/site\/\"},{\"@type\":\"ListItem\",\"position\":2,\"name\":\"Not\u00edcias\",\"item\":\"https:\/\/padrejosimo.com.br\/site\/noticias\/\"},{\"@type\":\"ListItem\",\"position\":3,\"name\":\"Abertas inscri\u00e7\u00f5es para nova turma do Curso de Plantas Medicinais\"}]},{\"@type\":\"WebSite\",\"@id\":\"https:\/\/padrejosimo.com.br\/site\/#website\",\"url\":\"https:\/\/padrejosimo.com.br\/site\/\",\"name\":\"Instituto Cultural Padre Josimo\",\"description\":\"Comprometida com a promo\u00e7\u00e3o da justi\u00e7a social, agroecologia e educa\u00e7\u00e3o popular\",\"publisher\":{\"@id\":\"https:\/\/padrejosimo.com.br\/site\/#organization\"},\"alternateName\":\"ICPJ\",\"potentialAction\":[{\"@type\":\"SearchAction\",\"target\":{\"@type\":\"EntryPoint\",\"urlTemplate\":\"https:\/\/padrejosimo.com.br\/site\/?s={search_term_string}\"},\"query-input\":{\"@type\":\"PropertyValueSpecification\",\"valueRequired\":true,\"valueName\":\"search_term_string\"}}],\"inLanguage\":\"pt-BR\"},{\"@type\":\"Organization\",\"@id\":\"https:\/\/padrejosimo.com.br\/site\/#organization\",\"name\":\"Instituto Cultural Padre Josimo\",\"alternateName\":\"ICPJ\",\"url\":\"https:\/\/padrejosimo.com.br\/site\/\",\"logo\":{\"@type\":\"ImageObject\",\"inLanguage\":\"pt-BR\",\"@id\":\"https:\/\/padrejosimo.com.br\/site\/#\/schema\/logo\/image\/\",\"url\":\"https:\/\/padrejosimo.com.br\/site\/wp-content\/uploads\/2025\/09\/cropped-icon-icpj.png\",\"contentUrl\":\"https:\/\/padrejosimo.com.br\/site\/wp-content\/uploads\/2025\/09\/cropped-icon-icpj.png\",\"width\":512,\"height\":512,\"caption\":\"Instituto Cultural Padre Josimo\"},\"image\":{\"@id\":\"https:\/\/padrejosimo.com.br\/site\/#\/schema\/logo\/image\/\"}}]}<\/script>\n<!-- \/ Yoast SEO plugin. -->","yoast_head_json":{"title":"Abertas inscri\u00e7\u00f5es para nova turma do Curso de Plantas Medicinais - Instituto Cultural Padre Josimo","robots":{"index":"index","follow":"follow","max-snippet":"max-snippet:-1","max-image-preview":"max-image-preview:large","max-video-preview":"max-video-preview:-1"},"canonical":"https:\/\/padrejosimo.com.br\/site\/noticias\/abertas-inscricoes-para-nova-turma-do-curso-de-plantas-medicinais\/","og_locale":"pt_BR","og_type":"article","og_title":"Abertas inscri\u00e7\u00f5es para nova turma do Curso de Plantas Medicinais - Instituto Cultural Padre Josimo","og_description":"A partir desta segunda-feira, dia 14 de agosto, est\u00e3o abertas as inscri\u00e7\u00f5es para a segunda turma do curso \u201cProdu\u00e7\u00e3o e Uso de Plantas Medicinais na Sa\u00fade Comunit\u00e1ria\u201d que ter\u00e1 in\u00edcio com a primeira etapa marcada para 12 a 14 de setembro, no Assentamento Conquista da Fronteira, em Hulha Negra-RS.","og_url":"https:\/\/padrejosimo.com.br\/site\/noticias\/abertas-inscricoes-para-nova-turma-do-curso-de-plantas-medicinais\/","og_site_name":"Instituto Cultural Padre Josimo","article_modified_time":"2017-08-15T13:01:17+00:00","og_image":[{"width":1696,"height":939,"url":"https:\/\/padrejosimo.com.br\/site\/wp-content\/uploads\/2017\/08\/Logo-Padre-Josimo.png","type":"image\/png"}],"twitter_card":"summary_large_image","twitter_misc":{"Est. tempo de leitura":"1 minuto"},"schema":{"@context":"https:\/\/schema.org","@graph":[{"@type":"WebPage","@id":"https:\/\/padrejosimo.com.br\/site\/noticias\/abertas-inscricoes-para-nova-turma-do-curso-de-plantas-medicinais\/","url":"https:\/\/padrejosimo.com.br\/site\/noticias\/abertas-inscricoes-para-nova-turma-do-curso-de-plantas-medicinais\/","name":"Abertas inscri\u00e7\u00f5es para nova turma do Curso de Plantas Medicinais - Instituto Cultural Padre Josimo","isPartOf":{"@id":"https:\/\/padrejosimo.com.br\/site\/#website"},"primaryImageOfPage":{"@id":"https:\/\/padrejosimo.com.br\/site\/noticias\/abertas-inscricoes-para-nova-turma-do-curso-de-plantas-medicinais\/#primaryimage"},"image":{"@id":"https:\/\/padrejosimo.com.br\/site\/noticias\/abertas-inscricoes-para-nova-turma-do-curso-de-plantas-medicinais\/#primaryimage"},"thumbnailUrl":"https:\/\/padrejosimo.com.br\/site\/wp-content\/uploads\/2017\/08\/Logo-Padre-Josimo.png","datePublished":"2017-08-14T17:53:33+00:00","dateModified":"2017-08-15T13:01:17+00:00","breadcrumb":{"@id":"https:\/\/padrejosimo.com.br\/site\/noticias\/abertas-inscricoes-para-nova-turma-do-curso-de-plantas-medicinais\/#breadcrumb"},"inLanguage":"pt-BR","potentialAction":[{"@type":"ReadAction","target":["https:\/\/padrejosimo.com.br\/site\/noticias\/abertas-inscricoes-para-nova-turma-do-curso-de-plantas-medicinais\/"]}]},{"@type":"ImageObject","inLanguage":"pt-BR","@id":"https:\/\/padrejosimo.com.br\/site\/noticias\/abertas-inscricoes-para-nova-turma-do-curso-de-plantas-medicinais\/#primaryimage","url":"https:\/\/padrejosimo.com.br\/site\/wp-content\/uploads\/2017\/08\/Logo-Padre-Josimo.png","contentUrl":"https:\/\/padrejosimo.com.br\/site\/wp-content\/uploads\/2017\/08\/Logo-Padre-Josimo.png","width":1696,"height":939},{"@type":"BreadcrumbList","@id":"https:\/\/padrejosimo.com.br\/site\/noticias\/abertas-inscricoes-para-nova-turma-do-curso-de-plantas-medicinais\/#breadcrumb","itemListElement":[{"@type":"ListItem","position":1,"name":"In\u00edcio","item":"https:\/\/padrejosimo.com.br\/site\/"},{"@type":"ListItem","position":2,"name":"Not\u00edcias","item":"https:\/\/padrejosimo.com.br\/site\/noticias\/"},{"@type":"ListItem","position":3,"name":"Abertas inscri\u00e7\u00f5es para nova turma do Curso de Plantas Medicinais"}]},{"@type":"WebSite","@id":"https:\/\/padrejosimo.com.br\/site\/#website","url":"https:\/\/padrejosimo.com.br\/site\/","name":"Instituto Cultural Padre Josimo","description":"Comprometida com a promo\u00e7\u00e3o da justi\u00e7a social, agroecologia e educa\u00e7\u00e3o popular","publisher":{"@id":"https:\/\/padrejosimo.com.br\/site\/#organization"},"alternateName":"ICPJ","potentialAction":[{"@type":"SearchAction","target":{"@type":"EntryPoint","urlTemplate":"https:\/\/padrejosimo.com.br\/site\/?s={search_term_string}"},"query-input":{"@type":"PropertyValueSpecification","valueRequired":true,"valueName":"search_term_string"}}],"inLanguage":"pt-BR"},{"@type":"Organization","@id":"https:\/\/padrejosimo.com.br\/site\/#organization","name":"Instituto Cultural Padre Josimo","alternateName":"ICPJ","url":"https:\/\/padrejosimo.com.br\/site\/","logo":{"@type":"ImageObject","inLanguage":"pt-BR","@id":"https:\/\/padrejosimo.com.br\/site\/#\/schema\/logo\/image\/","url":"https:\/\/padrejosimo.com.br\/site\/wp-content\/uploads\/2025\/09\/cropped-icon-icpj.png","contentUrl":"https:\/\/padrejosimo.com.br\/site\/wp-content\/uploads\/2025\/09\/cropped-icon-icpj.png","width":512,"height":512,"caption":"Instituto Cultural Padre Josimo"},"image":{"@id":"https:\/\/padrejosimo.com.br\/site\/#\/schema\/logo\/image\/"}}]}},"_links":{"self":[{"href":"https:\/\/padrejosimo.com.br\/site\/wp-json\/wp\/v2\/noticias\/364","targetHints":{"allow":["GET"]}}],"collection":[{"href":"https:\/\/padrejosimo.com.br\/site\/wp-json\/wp\/v2\/noticias"}],"about":[{"href":"https:\/\/padrejosimo.com.br\/site\/wp-json\/wp\/v2\/types\/noticias"}],"wp:featuredmedia":[{"embeddable":true,"href":"https:\/\/padrejosimo.com.br\/site\/wp-json\/wp\/v2\/media\/366"}],"wp:attachment":[{"href":"https:\/\/padrejosimo.com.br\/site\/wp-json\/wp\/v2\/media?parent=364"}],"wp:term":[{"taxonomy":"categorias_noticias","embeddable":true,"href":"https:\/\/padrejosimo.com.br\/site\/wp-json\/wp\/v2\/categorias_noticias?post=364"}],"curies":[{"name":"wp","href":"https:\/\/api.w.org\/{rel}","templated":true}]}}