{"id":360,"date":"2017-08-14T11:50:14","date_gmt":"2017-08-14T14:50:14","guid":{"rendered":"http:\/\/padrejosimo.com.br\/site\/?post_type=noticias&#038;p=360"},"modified":"2017-08-14T11:50:26","modified_gmt":"2017-08-14T14:50:26","slug":"frei-sergio-lanca-livro-trincheiras-da-resistencia-camponesa-em-porto-alegre","status":"publish","type":"noticias","link":"https:\/\/padrejosimo.com.br\/site\/noticias\/frei-sergio-lanca-livro-trincheiras-da-resistencia-camponesa-em-porto-alegre\/","title":{"rendered":"Frei Sergio lan\u00e7a livro \u201cTrincheiras da Resist\u00eancia Camponesa\u201d em Porto Alegre"},"content":{"rendered":"<p style=\"text-align: center;\"><strong>Lan\u00e7amento ser\u00e1 realizado no Sindbanc\u00e1rios, com presen\u00e7a do autor e atividades de valoriza\u00e7\u00e3o da produ\u00e7\u00e3o do campesinatoLan\u00e7amento ser\u00e1 realizado no Sindbanc\u00e1rios, com presen\u00e7a do autor e atividades de valoriza\u00e7\u00e3o da produ\u00e7\u00e3o do campesinato<\/strong><\/p>\n<p style=\"text-align: right;\"><em>Marcos Antonio CorbariJornalista &#8211; MPA<\/em><\/p>\n<p><img fetchpriority=\"high\" decoding=\"async\" class=\"aligncenter size-full wp-image-361\" src=\"https:\/\/padrejosimo.com.br\/site\/wp-content\/uploads\/2017\/08\/livro01.jpg\" alt=\"\" width=\"800\" height=\"406\" srcset=\"https:\/\/padrejosimo.com.br\/site\/wp-content\/uploads\/2017\/08\/livro01.jpg 800w, https:\/\/padrejosimo.com.br\/site\/wp-content\/uploads\/2017\/08\/livro01-300x152.jpg 300w, https:\/\/padrejosimo.com.br\/site\/wp-content\/uploads\/2017\/08\/livro01-768x390.jpg 768w\" sizes=\"(max-width: 800px) 100vw, 800px\" \/><\/p>\n<p>Recentemente publicado, o novo livro do religioso e dirigente social Frei S\u00e9rgio Ant\u00f4nio G\u00f6rgen, \u201cTrincheiras da resist\u00eancia camponesa sob o pacto de poder do agroneg\u00f3cio\u201d , ser\u00e1 lan\u00e7ado em Porto Alegre no pr\u00f3ximo dia 16, quarta-feira, as 18h30min. A atividade contar\u00e1 com a presen\u00e7a do autor e ser\u00e1 realizada na sede do Sindbanc\u00e1rios (General C\u00e2mara, 424), contando ainda com coquetel servido aos participantes, formulado com produtos cultivados pela agricultura camponesa.<\/p>\n<p>O autor \u00e9 referencial na hist\u00f3ria dos movimentos sociais do campo, com especial aproxima\u00e7\u00e3o ao Movimento dos Pequenos Agricultores (MPA) e ao MST (Movimento dos Trabalhadores Rurais Sem Terra). Frei Sergio Ant\u00f4nio G\u00f6rgen, para al\u00e9m de uma rotina que se divide entre a espiritualidade da vida religiosa e o front de luta social, \u00e9 uma voz respeitada e que, atrav\u00e9s de textos opinativos publicados nos mais diversos meios de comunica\u00e7\u00e3o ao longo dos anos, traz uma narrativa em primeira pessoa do tempo hist\u00f3rico que caracteriza a contemporaneidade no Brasil e Am\u00e9rica Latina. \u201cTrincheiras da resist\u00eancia camponesa sob o pacto de poder do agroneg\u00f3cio\u201d foi apresentado pelo autor no lan\u00e7amento coletivo de obras realizado durante a 13a Feira Latino Americana de Economia Solid\u00e1ria em Santa Maria (RS) e de l\u00e1 pra c\u00e1 vem sendo apresentado em atividades com a presen\u00e7a do autor em todo o estado.<\/p>\n<p><img decoding=\"async\" class=\"aligncenter size-full wp-image-362\" src=\"https:\/\/padrejosimo.com.br\/site\/wp-content\/uploads\/2017\/08\/livro02.jpg\" alt=\"\" width=\"800\" height=\"450\" srcset=\"https:\/\/padrejosimo.com.br\/site\/wp-content\/uploads\/2017\/08\/livro02.jpg 800w, https:\/\/padrejosimo.com.br\/site\/wp-content\/uploads\/2017\/08\/livro02-300x169.jpg 300w, https:\/\/padrejosimo.com.br\/site\/wp-content\/uploads\/2017\/08\/livro02-768x432.jpg 768w\" sizes=\"(max-width: 800px) 100vw, 800px\" \/><\/p>\n<p>\u201cEste livro contempla um relato constru\u00eddo no calor dos acontecimentos em que narra e analisa a resist\u00eancia e a persist\u00eancia da agricultura camponesa e do campesinato, como sujeito hist\u00f3rico, na sociedade brasileira do s\u00e9culo XXI\u201d, analisa o autor na apresenta\u00e7\u00e3o do livro. A publica\u00e7\u00e3o recupera textos dos \u00faltimos 16 anos em uma publica\u00e7\u00e3o que facilmente pode ser interpretada como testemunho cr\u00edtico e hist\u00f3rico, onde as bandeiras de luta se mant\u00e9m, mas os objetivos espec\u00edficos foram se transformando. Publicado pela editora do Instituto Cultural Padre Josimo, o livro estar\u00e1 a disposi\u00e7\u00e3o para compra no local, mas tamb\u00e9m pode ser adquirido atrav\u00e9s da nossa loja (<a href=\"http:\/\/padrejosimo.com.br\/loja\" target=\"_blank\" rel=\"noopener\">http:\/\/padrejosimo.com.br\/loja<\/a>) \u00a0ou solicitado pelos telefones (51) 3228-8107, (55) 55 3281-4820 ou (55) 99638-4941.<\/p>\n","protected":false},"excerpt":{"rendered":"<p>Recentemente publicado, o novo livro do religioso e dirigente social Frei S\u00e9rgio Ant\u00f4nio G\u00f6rgen, \u201cTrincheiras da resist\u00eancia camponesa sob o pacto de poder do agroneg\u00f3cio\u201d , ser\u00e1 lan\u00e7ado em Porto Alegre no pr\u00f3ximo dia 16, quarta-feira, as 18h30min. A atividade contar\u00e1 com a presen\u00e7a do autor e ser\u00e1 realizada na sede do Sindbanc\u00e1rios.<\/p>\n","protected":false},"featured_media":361,"template":"","categorias_noticias":[4,13],"class_list":["post-360","noticias","type-noticias","status-publish","has-post-thumbnail","hentry","categorias_noticias-eventos","categorias_noticias-noticias"],"acf":[],"yoast_head":"<!-- This site is optimized with the Yoast SEO plugin v27.2 - https:\/\/yoast.com\/product\/yoast-seo-wordpress\/ -->\n<title>Frei Sergio lan\u00e7a livro \u201cTrincheiras da Resist\u00eancia Camponesa\u201d em Porto Alegre - Instituto Cultural Padre Josimo<\/title>\n<meta name=\"robots\" content=\"index, follow, max-snippet:-1, max-image-preview:large, max-video-preview:-1\" \/>\n<link rel=\"canonical\" href=\"https:\/\/padrejosimo.com.br\/site\/noticias\/frei-sergio-lanca-livro-trincheiras-da-resistencia-camponesa-em-porto-alegre\/\" \/>\n<meta property=\"og:locale\" content=\"pt_BR\" \/>\n<meta property=\"og:type\" content=\"article\" \/>\n<meta property=\"og:title\" content=\"Frei Sergio lan\u00e7a livro \u201cTrincheiras da Resist\u00eancia Camponesa\u201d em Porto Alegre - Instituto Cultural Padre Josimo\" \/>\n<meta property=\"og:description\" content=\"Recentemente publicado, o novo livro do religioso e dirigente social Frei S\u00e9rgio Ant\u00f4nio G\u00f6rgen, \u201cTrincheiras da resist\u00eancia camponesa sob o pacto de poder do agroneg\u00f3cio\u201d , ser\u00e1 lan\u00e7ado em Porto Alegre no pr\u00f3ximo dia 16, quarta-feira, as 18h30min. A atividade contar\u00e1 com a presen\u00e7a do autor e ser\u00e1 realizada na sede do Sindbanc\u00e1rios.\" \/>\n<meta property=\"og:url\" content=\"https:\/\/padrejosimo.com.br\/site\/noticias\/frei-sergio-lanca-livro-trincheiras-da-resistencia-camponesa-em-porto-alegre\/\" \/>\n<meta property=\"og:site_name\" content=\"Instituto Cultural Padre Josimo\" \/>\n<meta property=\"article:modified_time\" content=\"2017-08-14T14:50:26+00:00\" \/>\n<meta property=\"og:image\" content=\"https:\/\/padrejosimo.com.br\/site\/wp-content\/uploads\/2017\/08\/livro01.jpg\" \/>\n\t<meta property=\"og:image:width\" content=\"800\" \/>\n\t<meta property=\"og:image:height\" content=\"406\" \/>\n\t<meta property=\"og:image:type\" content=\"image\/jpeg\" \/>\n<meta name=\"twitter:card\" content=\"summary_large_image\" \/>\n<meta name=\"twitter:label1\" content=\"Est. tempo de leitura\" \/>\n\t<meta name=\"twitter:data1\" content=\"2 minutos\" \/>\n<script type=\"application\/ld+json\" class=\"yoast-schema-graph\">{\"@context\":\"https:\/\/schema.org\",\"@graph\":[{\"@type\":\"WebPage\",\"@id\":\"https:\/\/padrejosimo.com.br\/site\/noticias\/frei-sergio-lanca-livro-trincheiras-da-resistencia-camponesa-em-porto-alegre\/\",\"url\":\"https:\/\/padrejosimo.com.br\/site\/noticias\/frei-sergio-lanca-livro-trincheiras-da-resistencia-camponesa-em-porto-alegre\/\",\"name\":\"Frei Sergio lan\u00e7a livro \u201cTrincheiras da Resist\u00eancia Camponesa\u201d em Porto Alegre - Instituto Cultural Padre Josimo\",\"isPartOf\":{\"@id\":\"https:\/\/padrejosimo.com.br\/site\/#website\"},\"primaryImageOfPage\":{\"@id\":\"https:\/\/padrejosimo.com.br\/site\/noticias\/frei-sergio-lanca-livro-trincheiras-da-resistencia-camponesa-em-porto-alegre\/#primaryimage\"},\"image\":{\"@id\":\"https:\/\/padrejosimo.com.br\/site\/noticias\/frei-sergio-lanca-livro-trincheiras-da-resistencia-camponesa-em-porto-alegre\/#primaryimage\"},\"thumbnailUrl\":\"https:\/\/padrejosimo.com.br\/site\/wp-content\/uploads\/2017\/08\/livro01.jpg\",\"datePublished\":\"2017-08-14T14:50:14+00:00\",\"dateModified\":\"2017-08-14T14:50:26+00:00\",\"breadcrumb\":{\"@id\":\"https:\/\/padrejosimo.com.br\/site\/noticias\/frei-sergio-lanca-livro-trincheiras-da-resistencia-camponesa-em-porto-alegre\/#breadcrumb\"},\"inLanguage\":\"pt-BR\",\"potentialAction\":[{\"@type\":\"ReadAction\",\"target\":[\"https:\/\/padrejosimo.com.br\/site\/noticias\/frei-sergio-lanca-livro-trincheiras-da-resistencia-camponesa-em-porto-alegre\/\"]}]},{\"@type\":\"ImageObject\",\"inLanguage\":\"pt-BR\",\"@id\":\"https:\/\/padrejosimo.com.br\/site\/noticias\/frei-sergio-lanca-livro-trincheiras-da-resistencia-camponesa-em-porto-alegre\/#primaryimage\",\"url\":\"https:\/\/padrejosimo.com.br\/site\/wp-content\/uploads\/2017\/08\/livro01.jpg\",\"contentUrl\":\"https:\/\/padrejosimo.com.br\/site\/wp-content\/uploads\/2017\/08\/livro01.jpg\",\"width\":800,\"height\":406},{\"@type\":\"BreadcrumbList\",\"@id\":\"https:\/\/padrejosimo.com.br\/site\/noticias\/frei-sergio-lanca-livro-trincheiras-da-resistencia-camponesa-em-porto-alegre\/#breadcrumb\",\"itemListElement\":[{\"@type\":\"ListItem\",\"position\":1,\"name\":\"In\u00edcio\",\"item\":\"https:\/\/padrejosimo.com.br\/site\/\"},{\"@type\":\"ListItem\",\"position\":2,\"name\":\"Not\u00edcias\",\"item\":\"https:\/\/padrejosimo.com.br\/site\/noticias\/\"},{\"@type\":\"ListItem\",\"position\":3,\"name\":\"Frei Sergio lan\u00e7a livro \u201cTrincheiras da Resist\u00eancia Camponesa\u201d em Porto Alegre\"}]},{\"@type\":\"WebSite\",\"@id\":\"https:\/\/padrejosimo.com.br\/site\/#website\",\"url\":\"https:\/\/padrejosimo.com.br\/site\/\",\"name\":\"Instituto Cultural Padre Josimo\",\"description\":\"Comprometida com a promo\u00e7\u00e3o da justi\u00e7a social, agroecologia e educa\u00e7\u00e3o popular\",\"publisher\":{\"@id\":\"https:\/\/padrejosimo.com.br\/site\/#organization\"},\"alternateName\":\"ICPJ\",\"potentialAction\":[{\"@type\":\"SearchAction\",\"target\":{\"@type\":\"EntryPoint\",\"urlTemplate\":\"https:\/\/padrejosimo.com.br\/site\/?s={search_term_string}\"},\"query-input\":{\"@type\":\"PropertyValueSpecification\",\"valueRequired\":true,\"valueName\":\"search_term_string\"}}],\"inLanguage\":\"pt-BR\"},{\"@type\":\"Organization\",\"@id\":\"https:\/\/padrejosimo.com.br\/site\/#organization\",\"name\":\"Instituto Cultural Padre Josimo\",\"alternateName\":\"ICPJ\",\"url\":\"https:\/\/padrejosimo.com.br\/site\/\",\"logo\":{\"@type\":\"ImageObject\",\"inLanguage\":\"pt-BR\",\"@id\":\"https:\/\/padrejosimo.com.br\/site\/#\/schema\/logo\/image\/\",\"url\":\"https:\/\/padrejosimo.com.br\/site\/wp-content\/uploads\/2025\/09\/cropped-icon-icpj.png\",\"contentUrl\":\"https:\/\/padrejosimo.com.br\/site\/wp-content\/uploads\/2025\/09\/cropped-icon-icpj.png\",\"width\":512,\"height\":512,\"caption\":\"Instituto Cultural Padre Josimo\"},\"image\":{\"@id\":\"https:\/\/padrejosimo.com.br\/site\/#\/schema\/logo\/image\/\"}}]}<\/script>\n<!-- \/ Yoast SEO plugin. -->","yoast_head_json":{"title":"Frei Sergio lan\u00e7a livro \u201cTrincheiras da Resist\u00eancia Camponesa\u201d em Porto Alegre - Instituto Cultural Padre Josimo","robots":{"index":"index","follow":"follow","max-snippet":"max-snippet:-1","max-image-preview":"max-image-preview:large","max-video-preview":"max-video-preview:-1"},"canonical":"https:\/\/padrejosimo.com.br\/site\/noticias\/frei-sergio-lanca-livro-trincheiras-da-resistencia-camponesa-em-porto-alegre\/","og_locale":"pt_BR","og_type":"article","og_title":"Frei Sergio lan\u00e7a livro \u201cTrincheiras da Resist\u00eancia Camponesa\u201d em Porto Alegre - Instituto Cultural Padre Josimo","og_description":"Recentemente publicado, o novo livro do religioso e dirigente social Frei S\u00e9rgio Ant\u00f4nio G\u00f6rgen, \u201cTrincheiras da resist\u00eancia camponesa sob o pacto de poder do agroneg\u00f3cio\u201d , ser\u00e1 lan\u00e7ado em Porto Alegre no pr\u00f3ximo dia 16, quarta-feira, as 18h30min. A atividade contar\u00e1 com a presen\u00e7a do autor e ser\u00e1 realizada na sede do Sindbanc\u00e1rios.","og_url":"https:\/\/padrejosimo.com.br\/site\/noticias\/frei-sergio-lanca-livro-trincheiras-da-resistencia-camponesa-em-porto-alegre\/","og_site_name":"Instituto Cultural Padre Josimo","article_modified_time":"2017-08-14T14:50:26+00:00","og_image":[{"width":800,"height":406,"url":"https:\/\/padrejosimo.com.br\/site\/wp-content\/uploads\/2017\/08\/livro01.jpg","type":"image\/jpeg"}],"twitter_card":"summary_large_image","twitter_misc":{"Est. tempo de leitura":"2 minutos"},"schema":{"@context":"https:\/\/schema.org","@graph":[{"@type":"WebPage","@id":"https:\/\/padrejosimo.com.br\/site\/noticias\/frei-sergio-lanca-livro-trincheiras-da-resistencia-camponesa-em-porto-alegre\/","url":"https:\/\/padrejosimo.com.br\/site\/noticias\/frei-sergio-lanca-livro-trincheiras-da-resistencia-camponesa-em-porto-alegre\/","name":"Frei Sergio lan\u00e7a livro \u201cTrincheiras da Resist\u00eancia Camponesa\u201d em Porto Alegre - Instituto Cultural Padre Josimo","isPartOf":{"@id":"https:\/\/padrejosimo.com.br\/site\/#website"},"primaryImageOfPage":{"@id":"https:\/\/padrejosimo.com.br\/site\/noticias\/frei-sergio-lanca-livro-trincheiras-da-resistencia-camponesa-em-porto-alegre\/#primaryimage"},"image":{"@id":"https:\/\/padrejosimo.com.br\/site\/noticias\/frei-sergio-lanca-livro-trincheiras-da-resistencia-camponesa-em-porto-alegre\/#primaryimage"},"thumbnailUrl":"https:\/\/padrejosimo.com.br\/site\/wp-content\/uploads\/2017\/08\/livro01.jpg","datePublished":"2017-08-14T14:50:14+00:00","dateModified":"2017-08-14T14:50:26+00:00","breadcrumb":{"@id":"https:\/\/padrejosimo.com.br\/site\/noticias\/frei-sergio-lanca-livro-trincheiras-da-resistencia-camponesa-em-porto-alegre\/#breadcrumb"},"inLanguage":"pt-BR","potentialAction":[{"@type":"ReadAction","target":["https:\/\/padrejosimo.com.br\/site\/noticias\/frei-sergio-lanca-livro-trincheiras-da-resistencia-camponesa-em-porto-alegre\/"]}]},{"@type":"ImageObject","inLanguage":"pt-BR","@id":"https:\/\/padrejosimo.com.br\/site\/noticias\/frei-sergio-lanca-livro-trincheiras-da-resistencia-camponesa-em-porto-alegre\/#primaryimage","url":"https:\/\/padrejosimo.com.br\/site\/wp-content\/uploads\/2017\/08\/livro01.jpg","contentUrl":"https:\/\/padrejosimo.com.br\/site\/wp-content\/uploads\/2017\/08\/livro01.jpg","width":800,"height":406},{"@type":"BreadcrumbList","@id":"https:\/\/padrejosimo.com.br\/site\/noticias\/frei-sergio-lanca-livro-trincheiras-da-resistencia-camponesa-em-porto-alegre\/#breadcrumb","itemListElement":[{"@type":"ListItem","position":1,"name":"In\u00edcio","item":"https:\/\/padrejosimo.com.br\/site\/"},{"@type":"ListItem","position":2,"name":"Not\u00edcias","item":"https:\/\/padrejosimo.com.br\/site\/noticias\/"},{"@type":"ListItem","position":3,"name":"Frei Sergio lan\u00e7a livro \u201cTrincheiras da Resist\u00eancia Camponesa\u201d em Porto Alegre"}]},{"@type":"WebSite","@id":"https:\/\/padrejosimo.com.br\/site\/#website","url":"https:\/\/padrejosimo.com.br\/site\/","name":"Instituto Cultural Padre Josimo","description":"Comprometida com a promo\u00e7\u00e3o da justi\u00e7a social, agroecologia e educa\u00e7\u00e3o popular","publisher":{"@id":"https:\/\/padrejosimo.com.br\/site\/#organization"},"alternateName":"ICPJ","potentialAction":[{"@type":"SearchAction","target":{"@type":"EntryPoint","urlTemplate":"https:\/\/padrejosimo.com.br\/site\/?s={search_term_string}"},"query-input":{"@type":"PropertyValueSpecification","valueRequired":true,"valueName":"search_term_string"}}],"inLanguage":"pt-BR"},{"@type":"Organization","@id":"https:\/\/padrejosimo.com.br\/site\/#organization","name":"Instituto Cultural Padre Josimo","alternateName":"ICPJ","url":"https:\/\/padrejosimo.com.br\/site\/","logo":{"@type":"ImageObject","inLanguage":"pt-BR","@id":"https:\/\/padrejosimo.com.br\/site\/#\/schema\/logo\/image\/","url":"https:\/\/padrejosimo.com.br\/site\/wp-content\/uploads\/2025\/09\/cropped-icon-icpj.png","contentUrl":"https:\/\/padrejosimo.com.br\/site\/wp-content\/uploads\/2025\/09\/cropped-icon-icpj.png","width":512,"height":512,"caption":"Instituto Cultural Padre Josimo"},"image":{"@id":"https:\/\/padrejosimo.com.br\/site\/#\/schema\/logo\/image\/"}}]}},"_links":{"self":[{"href":"https:\/\/padrejosimo.com.br\/site\/wp-json\/wp\/v2\/noticias\/360","targetHints":{"allow":["GET"]}}],"collection":[{"href":"https:\/\/padrejosimo.com.br\/site\/wp-json\/wp\/v2\/noticias"}],"about":[{"href":"https:\/\/padrejosimo.com.br\/site\/wp-json\/wp\/v2\/types\/noticias"}],"wp:featuredmedia":[{"embeddable":true,"href":"https:\/\/padrejosimo.com.br\/site\/wp-json\/wp\/v2\/media\/361"}],"wp:attachment":[{"href":"https:\/\/padrejosimo.com.br\/site\/wp-json\/wp\/v2\/media?parent=360"}],"wp:term":[{"taxonomy":"categorias_noticias","embeddable":true,"href":"https:\/\/padrejosimo.com.br\/site\/wp-json\/wp\/v2\/categorias_noticias?post=360"}],"curies":[{"name":"wp","href":"https:\/\/api.w.org\/{rel}","templated":true}]}}