{"id":355,"date":"2017-08-12T11:46:06","date_gmt":"2017-08-12T14:46:06","guid":{"rendered":"http:\/\/padrejosimo.com.br\/site\/?post_type=noticias&#038;p=355"},"modified":"2017-08-14T11:51:42","modified_gmt":"2017-08-14T14:51:42","slug":"em-dia-de-campo-apicultores-instalam-agrofloresta-e-homenageiam-paulo-kageyama","status":"publish","type":"noticias","link":"https:\/\/padrejosimo.com.br\/site\/noticias\/em-dia-de-campo-apicultores-instalam-agrofloresta-e-homenageiam-paulo-kageyama\/","title":{"rendered":"Em dia de campo, apicultores instalam agrofloresta e homenageiam Paulo Kageyama"},"content":{"rendered":"<p>&nbsp;<\/p>\n<p style=\"text-align: right;\"><em>Colabora\u00e7\u00e3o Suelen Krupinski e Vanessa Almeida<\/em><\/p>\n<figure id=\"attachment_358\" aria-describedby=\"caption-attachment-358\" style=\"width: 800px\" class=\"wp-caption aligncenter\"><img fetchpriority=\"high\" decoding=\"async\" class=\"size-full wp-image-358\" src=\"https:\/\/padrejosimo.com.br\/site\/wp-content\/uploads\/2017\/08\/saf02.jpg\" alt=\"\" width=\"800\" height=\"450\" srcset=\"https:\/\/padrejosimo.com.br\/site\/wp-content\/uploads\/2017\/08\/saf02.jpg 800w, https:\/\/padrejosimo.com.br\/site\/wp-content\/uploads\/2017\/08\/saf02-300x169.jpg 300w, https:\/\/padrejosimo.com.br\/site\/wp-content\/uploads\/2017\/08\/saf02-768x432.jpg 768w\" sizes=\"(max-width: 800px) 100vw, 800px\" \/><figcaption id=\"caption-attachment-358\" class=\"wp-caption-text\">(Foto: Suelen Krupinski)<\/figcaption><\/figure>\n<p>No dia 9 de agosto aconteceu um dia de campo no assentamento Conquista da Fronteira, no munic\u00edpio de Hulha Negra, Rio Grande do Sul, na comunidade S\u00e3o Roque.\u00a0 O dia de campo foi realizado pelo \u00a0Instituto Cultural Padre Josimo, com apoio UTE Pampa Sul, Associa\u00e7\u00e3o dos Apicultores e entidades do MST e do MPA.\u00a0Estavam presentes camponeses e camponesas de Ca\u00e7apava do sul, Cangu\u00e7u , Pelotas , Candiota , Porto Alegre, al\u00e9m de \u00a0Hulha Negra e estagi\u00e1rios da Venezuela.<\/p>\n<p>No encontro, pesquisadores da Embrapa Clima Temperado, de Pelotas, palestraram e orientaram a implanta\u00e7\u00e3o do Sistema Florestal Ap\u00edcola com finalidade de fornecer floradas durante nove meses do ano, al\u00e9m de outros produtos para consumo da fam\u00edlia e mercado local. O pesquisador Luis Fernando Wolf participou ativamente da proje\u00e7\u00e3o do SAF Ap\u00edcola.\u00a0<\/p>\n<figure id=\"attachment_359\" aria-describedby=\"caption-attachment-359\" style=\"width: 800px\" class=\"wp-caption aligncenter\"><img decoding=\"async\" class=\"size-full wp-image-359\" src=\"https:\/\/padrejosimo.com.br\/site\/wp-content\/uploads\/2017\/08\/saf01.jpg\" alt=\"\" width=\"800\" height=\"363\" srcset=\"https:\/\/padrejosimo.com.br\/site\/wp-content\/uploads\/2017\/08\/saf01.jpg 800w, https:\/\/padrejosimo.com.br\/site\/wp-content\/uploads\/2017\/08\/saf01-300x136.jpg 300w, https:\/\/padrejosimo.com.br\/site\/wp-content\/uploads\/2017\/08\/saf01-768x348.jpg 768w\" sizes=\"(max-width: 800px) 100vw, 800px\" \/><figcaption id=\"caption-attachment-359\" class=\"wp-caption-text\">(Foto: Suelen Krupinski)<\/figcaption><\/figure>\n<p>Os sistemas agroflorestais ap\u00edcolas favorecem a sustentabilidade da agricultura camponesa \u00a0e contribuem para a melhoria da nutri\u00e7\u00e3o e da renda das fam\u00edlias dos agricultores com a preserva\u00e7\u00e3o dos recursos naturais, do meio ambiente e da vegeta\u00e7\u00e3o nativa.\u00a0O objetivo desse dia de campo foi instalar uma agrofloresta com fins ap\u00edcolas, com esp\u00e9cies florestais, \u00a0no lote do apicultor assentado Gilmar Zanovello. O Sistema Agroflorestal recebeu o nome de \u00a0Prof Paulo kageyama , em homenagem a sua dedica\u00e7\u00e3o, milit\u00e2ncia e pesquisa em prol da Reforma Agr\u00e1ria e dos pequenos agricultores e agricultoras em todo o Brasil.\u00a0<\/p>\n<p>\n <strong>PAULO YOSHIO KAGEYAMA<\/strong><\/p>\n<p><img decoding=\"async\" class=\"alignleft size-full wp-image-357\" src=\"https:\/\/padrejosimo.com.br\/site\/wp-content\/uploads\/2017\/08\/yoshio.jpg\" alt=\"\" width=\"400\" height=\"435\" srcset=\"https:\/\/padrejosimo.com.br\/site\/wp-content\/uploads\/2017\/08\/yoshio.jpg 400w, https:\/\/padrejosimo.com.br\/site\/wp-content\/uploads\/2017\/08\/yoshio-276x300.jpg 276w\" sizes=\"(max-width: 400px) 100vw, 400px\" \/><\/p>\n<p>Tarefa dif\u00edcil falar sobre a pessoa e sobre a trajet\u00f3ria de Paulo Yoshio Kageyma. Cidad\u00e3o que em vida deu tantos exemplos e que, ap\u00f3s a vida, \u00e9 lembrado com saudade por todos que o conheceram. Fez amigos e inimigos, como acontece com as pessoas que se assumem com clareza e maturidade a favor da maioria. Paulo sempre escolheu, com firmeza, o lado do povo e nunca se omitiu quanto a isso ao longo da vida. Seus inimigos o respeitam, seus amigos sabem a import\u00e2ncia desta amizade. \u00a0Paulo nunca foi indiferente ao que nos cercam, e por isso sempre foi reconhecido em todos os espa\u00e7os onde andou. E andou muito&#8230;<\/p>\n<p>\n Nasceu em 3 de dezembro de 1945 na cidade de Santo Anast\u00e1cio (S\u00e3o Paulo) e faleceu em Campinas (S\u00e3o Paulo), dia 17 de maio de 2016. Trabalhou at\u00e9 a \u00faltima noite de vida, como fez ao longo dos seus quase 70 anos, plantando projetos, distribuindo sementes, com a consci\u00eancia de que em cada gesto e em tudo que se faz, deixamos nosso legado. Kageyama plantou e salvou florestas.\u00a0Levava mensagens em defesa da vida para tantas pessoas que n\u00e3o \u00e9 poss\u00edvel descrever. Todos que tiveram oportunidade de cruzar com ele, nos v\u00e1rios assentamentos e acampamentos por onde passou, ou nos audit\u00f3rios de universidades, nos sal\u00f5es da ONU, ou mesmo no Vaticano, sabem que \u00e9 necess\u00e1rio sempre lembrar pessoas de valor. Com toda sua for\u00e7a suavizada pela sua humildade e sua tranquilidade falou para o Papa Francisco em nome da Ci\u00eancia Cidad\u00e3 defendida pela Via Campesina, dizendo que a vida de todos depende de avan\u00e7os no campo da agroecologia e da reforma agr\u00e1ria. E foi escutado. Sempre foi escutado, porque sempre se expressou com do\u00e7ura, firmeza e com a clareza de quem se percebe como parte de um todo em permanente constru\u00e7\u00e3o.<\/p>\n<p>Paulo era otimista nesta atividade de distribuir sementes e plantar florestas. Orientou mais de 100 teses de mestrado e doutorado. Escreveu artigos, participou de livros, ajudou na elabora\u00e7\u00e3o de projetos de lei, programas de governo, planos e projetos do interesse de todos n\u00f3s. Fez palestras em Roma, na FAO, na Escola Florestan Fernandes, no Congresso Nacional e embaixo de p\u00e9s de mangueira, nos assentamentos da Bahia ou de tantos outros locais onde sempre foi escutado com aten\u00e7\u00e3o porque sempre falou para a alma dos que ali estavam. E por isso ser\u00e1 lembrado. E por isso temos escolas, hortos, assentamentos, florestas e lembran\u00e7as fortes e vivas, que carregam seu nome.<\/p>\n<p>Algumas datas marcantes de seu curriculum, informadas pelo Google, dizem que o professor Paulo era titular da USP h\u00e1 37 anos e que ali concluiu curso de agronomia em 1969, o mestrado em 1977 e o doutorado em 1980. Em 1991 concluiu o p\u00f3s-doutorado nos EUA, consolidando forma\u00e7\u00e3o s\u00f3lida e marcante, em Gen\u00e9tica e Conserva\u00e7\u00e3o, desenvolvida na pr\u00e1tica voltada especialmente a esp\u00e9cies arb\u00f3reas, com \u00eanfase \u00e0 Conserva\u00e7\u00e3o de Ecossistemas Tropicais, Restaura\u00e7\u00e3o de \u00c1reas Degradadas, Sementes Florestais, Variabilidade e Estrutura Gen\u00e9tica, assim como Agrobiodiversidade e Agricultura Familiar.<\/p>\n<p>Foi diretor de Conserva\u00e7\u00e3o da Biodiversidade do Minist\u00e9rio do Meio Ambiente durante o primeiro governo Lula e membro da Comiss\u00e3o T\u00e9cnica Nacional de Biosseguran\u00e7a &#8211; CTNBio como representante do Minist\u00e9rio do Meio Ambiente e tamb\u00e9m do Minist\u00e9rio do Desenvolvimento Agr\u00e1rio, durante o segundo governo Lula e o primeiro de Dilma, onde liderou o grupo minorit\u00e1rio que naquele espa\u00e7o at\u00e9 agora defende avalia\u00e7\u00f5es adequadas de biorisco, pedindo respeito \u00e0 verdade, \u00e0 ci\u00eancia, \u00e0 biodiversidade e \u00e0 sa\u00fade do ambiente, da cultura e da popula\u00e7\u00e3o brasileira.<\/p>\n<p>N\u00e3o importa as derrotas, tudo \u00e9 semente, e mesmo em ambientes contaminados como o da CTNBio \u00e9 poss\u00edvel formar consci\u00eancias. Paulo sabia disso e fez valer esta ideia, expandindo a consci\u00eancia das organiza\u00e7\u00f5es sociais em rela\u00e7\u00e3o a CTNBio. A luta continua no espa\u00e7o dessa Comiss\u00e3o, onde tantos desistiram, gra\u00e7as a ele.<\/p>\n<p>Quando faleceu era representante do MDA na CTNBio, assessor volunt\u00e1rio da Via Campesina, Membro do grupo de Experts da FAO\/Roma &#8211; para Conserva\u00e7\u00e3o Gen\u00e9tica, membro do Movimento Ci\u00eancia Cidad\u00e3, do Grupo de Estudos em Agrobiodiversidade, e da torcida corintiana.\u00a0<\/p>\n<p>Nunca deixou de tomar partido nas lutas e desafios que se apresentaram. Foi membro do partido comunista, militava no PT onde se prop\u00f4s candidato a prefeito de Campinas na elei\u00e7\u00e3o passada. Perdeu nas pr\u00e9vias para o candidato mais habilidoso em negocia\u00e7\u00f5es que ele n\u00e3o admitia, e ainda assim se prop\u00f4s a ajudar na elabora\u00e7\u00e3o do programa de governo para a \u00e1rea ambiental.<\/p>\n<p>Paulo era uma pessoa que se sabia igual a todos, e que por isso era t\u00e3o especial que jamais ser\u00e1 esquecido.<\/p>\n<p>Leonardo Melgarejo e Vanessa Branco<\/p>\n","protected":false},"excerpt":{"rendered":"<p>No dia 9 de agosto aconteceu um dia de campo no assentamento Conquista da Fronteira, no munic\u00edpio de Hulha Negra, Rio Grande do Sul, na comunidade S\u00e3o Roque.<\/p>\n","protected":false},"featured_media":359,"template":"","categorias_noticias":[5,13],"class_list":["post-355","noticias","type-noticias","status-publish","has-post-thumbnail","hentry","categorias_noticias-meio-ambiente","categorias_noticias-noticias"],"acf":[],"yoast_head":"<!-- This site is optimized with the Yoast SEO plugin v27.2 - https:\/\/yoast.com\/product\/yoast-seo-wordpress\/ -->\n<title>Em dia de campo, apicultores instalam agrofloresta e homenageiam Paulo Kageyama - Instituto Cultural Padre Josimo<\/title>\n<meta name=\"robots\" content=\"index, follow, max-snippet:-1, max-image-preview:large, max-video-preview:-1\" \/>\n<link rel=\"canonical\" href=\"https:\/\/padrejosimo.com.br\/site\/noticias\/em-dia-de-campo-apicultores-instalam-agrofloresta-e-homenageiam-paulo-kageyama\/\" \/>\n<meta property=\"og:locale\" content=\"pt_BR\" \/>\n<meta property=\"og:type\" content=\"article\" \/>\n<meta property=\"og:title\" content=\"Em dia de campo, apicultores instalam agrofloresta e homenageiam Paulo Kageyama - Instituto Cultural Padre Josimo\" \/>\n<meta property=\"og:description\" content=\"No dia 9 de agosto aconteceu um dia de campo no assentamento Conquista da Fronteira, no munic\u00edpio de Hulha Negra, Rio Grande do Sul, na comunidade S\u00e3o Roque.\" \/>\n<meta property=\"og:url\" content=\"https:\/\/padrejosimo.com.br\/site\/noticias\/em-dia-de-campo-apicultores-instalam-agrofloresta-e-homenageiam-paulo-kageyama\/\" \/>\n<meta property=\"og:site_name\" content=\"Instituto Cultural Padre Josimo\" \/>\n<meta property=\"article:modified_time\" content=\"2017-08-14T14:51:42+00:00\" \/>\n<meta property=\"og:image\" content=\"https:\/\/padrejosimo.com.br\/site\/wp-content\/uploads\/2017\/08\/saf01.jpg\" \/>\n\t<meta property=\"og:image:width\" content=\"800\" \/>\n\t<meta property=\"og:image:height\" content=\"363\" \/>\n\t<meta property=\"og:image:type\" content=\"image\/jpeg\" \/>\n<meta name=\"twitter:card\" content=\"summary_large_image\" \/>\n<meta name=\"twitter:label1\" content=\"Est. tempo de leitura\" \/>\n\t<meta name=\"twitter:data1\" content=\"5 minutos\" \/>\n<script type=\"application\/ld+json\" class=\"yoast-schema-graph\">{\"@context\":\"https:\/\/schema.org\",\"@graph\":[{\"@type\":\"WebPage\",\"@id\":\"https:\/\/padrejosimo.com.br\/site\/noticias\/em-dia-de-campo-apicultores-instalam-agrofloresta-e-homenageiam-paulo-kageyama\/\",\"url\":\"https:\/\/padrejosimo.com.br\/site\/noticias\/em-dia-de-campo-apicultores-instalam-agrofloresta-e-homenageiam-paulo-kageyama\/\",\"name\":\"Em dia de campo, apicultores instalam agrofloresta e homenageiam Paulo Kageyama - Instituto Cultural Padre Josimo\",\"isPartOf\":{\"@id\":\"https:\/\/padrejosimo.com.br\/site\/#website\"},\"primaryImageOfPage\":{\"@id\":\"https:\/\/padrejosimo.com.br\/site\/noticias\/em-dia-de-campo-apicultores-instalam-agrofloresta-e-homenageiam-paulo-kageyama\/#primaryimage\"},\"image\":{\"@id\":\"https:\/\/padrejosimo.com.br\/site\/noticias\/em-dia-de-campo-apicultores-instalam-agrofloresta-e-homenageiam-paulo-kageyama\/#primaryimage\"},\"thumbnailUrl\":\"https:\/\/padrejosimo.com.br\/site\/wp-content\/uploads\/2017\/08\/saf01.jpg\",\"datePublished\":\"2017-08-12T14:46:06+00:00\",\"dateModified\":\"2017-08-14T14:51:42+00:00\",\"breadcrumb\":{\"@id\":\"https:\/\/padrejosimo.com.br\/site\/noticias\/em-dia-de-campo-apicultores-instalam-agrofloresta-e-homenageiam-paulo-kageyama\/#breadcrumb\"},\"inLanguage\":\"pt-BR\",\"potentialAction\":[{\"@type\":\"ReadAction\",\"target\":[\"https:\/\/padrejosimo.com.br\/site\/noticias\/em-dia-de-campo-apicultores-instalam-agrofloresta-e-homenageiam-paulo-kageyama\/\"]}]},{\"@type\":\"ImageObject\",\"inLanguage\":\"pt-BR\",\"@id\":\"https:\/\/padrejosimo.com.br\/site\/noticias\/em-dia-de-campo-apicultores-instalam-agrofloresta-e-homenageiam-paulo-kageyama\/#primaryimage\",\"url\":\"https:\/\/padrejosimo.com.br\/site\/wp-content\/uploads\/2017\/08\/saf01.jpg\",\"contentUrl\":\"https:\/\/padrejosimo.com.br\/site\/wp-content\/uploads\/2017\/08\/saf01.jpg\",\"width\":800,\"height\":363,\"caption\":\"(Foto: Suelen Krupinski)\"},{\"@type\":\"BreadcrumbList\",\"@id\":\"https:\/\/padrejosimo.com.br\/site\/noticias\/em-dia-de-campo-apicultores-instalam-agrofloresta-e-homenageiam-paulo-kageyama\/#breadcrumb\",\"itemListElement\":[{\"@type\":\"ListItem\",\"position\":1,\"name\":\"In\u00edcio\",\"item\":\"https:\/\/padrejosimo.com.br\/site\/\"},{\"@type\":\"ListItem\",\"position\":2,\"name\":\"Not\u00edcias\",\"item\":\"https:\/\/padrejosimo.com.br\/site\/noticias\/\"},{\"@type\":\"ListItem\",\"position\":3,\"name\":\"Em dia de campo, apicultores instalam agrofloresta e homenageiam Paulo Kageyama\"}]},{\"@type\":\"WebSite\",\"@id\":\"https:\/\/padrejosimo.com.br\/site\/#website\",\"url\":\"https:\/\/padrejosimo.com.br\/site\/\",\"name\":\"Instituto Cultural Padre Josimo\",\"description\":\"Comprometida com a promo\u00e7\u00e3o da justi\u00e7a social, agroecologia e educa\u00e7\u00e3o popular\",\"publisher\":{\"@id\":\"https:\/\/padrejosimo.com.br\/site\/#organization\"},\"alternateName\":\"ICPJ\",\"potentialAction\":[{\"@type\":\"SearchAction\",\"target\":{\"@type\":\"EntryPoint\",\"urlTemplate\":\"https:\/\/padrejosimo.com.br\/site\/?s={search_term_string}\"},\"query-input\":{\"@type\":\"PropertyValueSpecification\",\"valueRequired\":true,\"valueName\":\"search_term_string\"}}],\"inLanguage\":\"pt-BR\"},{\"@type\":\"Organization\",\"@id\":\"https:\/\/padrejosimo.com.br\/site\/#organization\",\"name\":\"Instituto Cultural Padre Josimo\",\"alternateName\":\"ICPJ\",\"url\":\"https:\/\/padrejosimo.com.br\/site\/\",\"logo\":{\"@type\":\"ImageObject\",\"inLanguage\":\"pt-BR\",\"@id\":\"https:\/\/padrejosimo.com.br\/site\/#\/schema\/logo\/image\/\",\"url\":\"https:\/\/padrejosimo.com.br\/site\/wp-content\/uploads\/2025\/09\/cropped-icon-icpj.png\",\"contentUrl\":\"https:\/\/padrejosimo.com.br\/site\/wp-content\/uploads\/2025\/09\/cropped-icon-icpj.png\",\"width\":512,\"height\":512,\"caption\":\"Instituto Cultural Padre Josimo\"},\"image\":{\"@id\":\"https:\/\/padrejosimo.com.br\/site\/#\/schema\/logo\/image\/\"}}]}<\/script>\n<!-- \/ Yoast SEO plugin. -->","yoast_head_json":{"title":"Em dia de campo, apicultores instalam agrofloresta e homenageiam Paulo Kageyama - Instituto Cultural Padre Josimo","robots":{"index":"index","follow":"follow","max-snippet":"max-snippet:-1","max-image-preview":"max-image-preview:large","max-video-preview":"max-video-preview:-1"},"canonical":"https:\/\/padrejosimo.com.br\/site\/noticias\/em-dia-de-campo-apicultores-instalam-agrofloresta-e-homenageiam-paulo-kageyama\/","og_locale":"pt_BR","og_type":"article","og_title":"Em dia de campo, apicultores instalam agrofloresta e homenageiam Paulo Kageyama - Instituto Cultural Padre Josimo","og_description":"No dia 9 de agosto aconteceu um dia de campo no assentamento Conquista da Fronteira, no munic\u00edpio de Hulha Negra, Rio Grande do Sul, na comunidade S\u00e3o Roque.","og_url":"https:\/\/padrejosimo.com.br\/site\/noticias\/em-dia-de-campo-apicultores-instalam-agrofloresta-e-homenageiam-paulo-kageyama\/","og_site_name":"Instituto Cultural Padre Josimo","article_modified_time":"2017-08-14T14:51:42+00:00","og_image":[{"width":800,"height":363,"url":"https:\/\/padrejosimo.com.br\/site\/wp-content\/uploads\/2017\/08\/saf01.jpg","type":"image\/jpeg"}],"twitter_card":"summary_large_image","twitter_misc":{"Est. tempo de leitura":"5 minutos"},"schema":{"@context":"https:\/\/schema.org","@graph":[{"@type":"WebPage","@id":"https:\/\/padrejosimo.com.br\/site\/noticias\/em-dia-de-campo-apicultores-instalam-agrofloresta-e-homenageiam-paulo-kageyama\/","url":"https:\/\/padrejosimo.com.br\/site\/noticias\/em-dia-de-campo-apicultores-instalam-agrofloresta-e-homenageiam-paulo-kageyama\/","name":"Em dia de campo, apicultores instalam agrofloresta e homenageiam Paulo Kageyama - Instituto Cultural Padre Josimo","isPartOf":{"@id":"https:\/\/padrejosimo.com.br\/site\/#website"},"primaryImageOfPage":{"@id":"https:\/\/padrejosimo.com.br\/site\/noticias\/em-dia-de-campo-apicultores-instalam-agrofloresta-e-homenageiam-paulo-kageyama\/#primaryimage"},"image":{"@id":"https:\/\/padrejosimo.com.br\/site\/noticias\/em-dia-de-campo-apicultores-instalam-agrofloresta-e-homenageiam-paulo-kageyama\/#primaryimage"},"thumbnailUrl":"https:\/\/padrejosimo.com.br\/site\/wp-content\/uploads\/2017\/08\/saf01.jpg","datePublished":"2017-08-12T14:46:06+00:00","dateModified":"2017-08-14T14:51:42+00:00","breadcrumb":{"@id":"https:\/\/padrejosimo.com.br\/site\/noticias\/em-dia-de-campo-apicultores-instalam-agrofloresta-e-homenageiam-paulo-kageyama\/#breadcrumb"},"inLanguage":"pt-BR","potentialAction":[{"@type":"ReadAction","target":["https:\/\/padrejosimo.com.br\/site\/noticias\/em-dia-de-campo-apicultores-instalam-agrofloresta-e-homenageiam-paulo-kageyama\/"]}]},{"@type":"ImageObject","inLanguage":"pt-BR","@id":"https:\/\/padrejosimo.com.br\/site\/noticias\/em-dia-de-campo-apicultores-instalam-agrofloresta-e-homenageiam-paulo-kageyama\/#primaryimage","url":"https:\/\/padrejosimo.com.br\/site\/wp-content\/uploads\/2017\/08\/saf01.jpg","contentUrl":"https:\/\/padrejosimo.com.br\/site\/wp-content\/uploads\/2017\/08\/saf01.jpg","width":800,"height":363,"caption":"(Foto: Suelen Krupinski)"},{"@type":"BreadcrumbList","@id":"https:\/\/padrejosimo.com.br\/site\/noticias\/em-dia-de-campo-apicultores-instalam-agrofloresta-e-homenageiam-paulo-kageyama\/#breadcrumb","itemListElement":[{"@type":"ListItem","position":1,"name":"In\u00edcio","item":"https:\/\/padrejosimo.com.br\/site\/"},{"@type":"ListItem","position":2,"name":"Not\u00edcias","item":"https:\/\/padrejosimo.com.br\/site\/noticias\/"},{"@type":"ListItem","position":3,"name":"Em dia de campo, apicultores instalam agrofloresta e homenageiam Paulo Kageyama"}]},{"@type":"WebSite","@id":"https:\/\/padrejosimo.com.br\/site\/#website","url":"https:\/\/padrejosimo.com.br\/site\/","name":"Instituto Cultural Padre Josimo","description":"Comprometida com a promo\u00e7\u00e3o da justi\u00e7a social, agroecologia e educa\u00e7\u00e3o popular","publisher":{"@id":"https:\/\/padrejosimo.com.br\/site\/#organization"},"alternateName":"ICPJ","potentialAction":[{"@type":"SearchAction","target":{"@type":"EntryPoint","urlTemplate":"https:\/\/padrejosimo.com.br\/site\/?s={search_term_string}"},"query-input":{"@type":"PropertyValueSpecification","valueRequired":true,"valueName":"search_term_string"}}],"inLanguage":"pt-BR"},{"@type":"Organization","@id":"https:\/\/padrejosimo.com.br\/site\/#organization","name":"Instituto Cultural Padre Josimo","alternateName":"ICPJ","url":"https:\/\/padrejosimo.com.br\/site\/","logo":{"@type":"ImageObject","inLanguage":"pt-BR","@id":"https:\/\/padrejosimo.com.br\/site\/#\/schema\/logo\/image\/","url":"https:\/\/padrejosimo.com.br\/site\/wp-content\/uploads\/2025\/09\/cropped-icon-icpj.png","contentUrl":"https:\/\/padrejosimo.com.br\/site\/wp-content\/uploads\/2025\/09\/cropped-icon-icpj.png","width":512,"height":512,"caption":"Instituto Cultural Padre Josimo"},"image":{"@id":"https:\/\/padrejosimo.com.br\/site\/#\/schema\/logo\/image\/"}}]}},"_links":{"self":[{"href":"https:\/\/padrejosimo.com.br\/site\/wp-json\/wp\/v2\/noticias\/355","targetHints":{"allow":["GET"]}}],"collection":[{"href":"https:\/\/padrejosimo.com.br\/site\/wp-json\/wp\/v2\/noticias"}],"about":[{"href":"https:\/\/padrejosimo.com.br\/site\/wp-json\/wp\/v2\/types\/noticias"}],"wp:featuredmedia":[{"embeddable":true,"href":"https:\/\/padrejosimo.com.br\/site\/wp-json\/wp\/v2\/media\/359"}],"wp:attachment":[{"href":"https:\/\/padrejosimo.com.br\/site\/wp-json\/wp\/v2\/media?parent=355"}],"wp:term":[{"taxonomy":"categorias_noticias","embeddable":true,"href":"https:\/\/padrejosimo.com.br\/site\/wp-json\/wp\/v2\/categorias_noticias?post=355"}],"curies":[{"name":"wp","href":"https:\/\/api.w.org\/{rel}","templated":true}]}}