{"id":351,"date":"2017-08-14T11:25:58","date_gmt":"2017-08-14T14:25:58","guid":{"rendered":"http:\/\/padrejosimo.com.br\/site\/?post_type=noticias&#038;p=351"},"modified":"2017-08-14T11:51:49","modified_gmt":"2017-08-14T14:51:49","slug":"jovens-camponeses-realizam-formacao-cultural-em-vale-do-sol-rs","status":"publish","type":"noticias","link":"https:\/\/padrejosimo.com.br\/site\/noticias\/jovens-camponeses-realizam-formacao-cultural-em-vale-do-sol-rs\/","title":{"rendered":"Jovens camponeses realizam forma\u00e7\u00e3o cultural no munic\u00edpio de Vale do Sol (RS)"},"content":{"rendered":"<p style=\"text-align: center;\"><em><strong>Uma turma de 25 alunos est\u00e1 se preparando para atuar com instrumentos l\u00fadicos junto \u00e0 suas comunidades de origem<\/strong><\/em><\/p>\n<p style=\"text-align: right;\"><em>Marcos Corbari | Jornalista | MPA<\/em><\/p>\n<p><img fetchpriority=\"high\" decoding=\"async\" class=\"aligncenter size-full wp-image-356\" src=\"https:\/\/padrejosimo.com.br\/site\/wp-content\/uploads\/2017\/08\/valedosol02.jpg\" alt=\"\" width=\"900\" height=\"467\" srcset=\"https:\/\/padrejosimo.com.br\/site\/wp-content\/uploads\/2017\/08\/valedosol02.jpg 900w, https:\/\/padrejosimo.com.br\/site\/wp-content\/uploads\/2017\/08\/valedosol02-300x156.jpg 300w, https:\/\/padrejosimo.com.br\/site\/wp-content\/uploads\/2017\/08\/valedosol02-768x399.jpg 768w\" sizes=\"(max-width: 900px) 100vw, 900px\" \/><\/p>\n<p>Reunidos sob o lema \u201cCultura \u00e9 um direito do povo\u201d, jovens integrantes da juventude camponesa do MPA (Movimento dos Pequenos Agricultores) iniciaram neste final de semana (12 e 13) um curso de forma\u00e7\u00e3o e capacita\u00e7\u00e3o continuada com o objetivo de instrumentalizar os participantes para realizar interven\u00e7\u00f5es de natureza cultural em suas comunidades. Ao todo s\u00e3o 25 participantes, oriundos de 6 comunidades rurais do munic\u00edpio de Vale do Sol que fazem parte dessa primeira turma, integrando um programa que se estende ainda por mais 4 finais de semana. O curso \u00e9 uma experi\u00eancia piloto que vem propondo ampliar a a\u00e7\u00e3o das chamadas brigadas de juventude, formadas pelo MPA com o objetivo de inserir a juventude no cotidiano do movimento social, de forma consciente e atuante, participando inclusive das inst\u00e2ncias coletivas de decis\u00e3o.<\/p>\n<p>\n Atrav\u00e9s de t\u00e9cnicas circenses, teatro, orat\u00f3ria, musicalidade e outras habilidades relativas ao campo cultural, os jovens v\u00e3o sendo capacitados de modo a contemplar os contextos te\u00f3rico, pr\u00e1tico e cr\u00edtico, tanto quanto \u00e0s t\u00e9cnicas de interven\u00e7\u00e3o, quanto aos contextos sociais onde est\u00e3o inseridos. Espera-se que estes jovens estejam prontos a atuar n\u00e3o apenas dentro do movimento, mas tamb\u00e9m que coloquem suas habilidades a servi\u00e7o de diversos segmentos comunit\u00e1rios, como igrejas, hospitais, abrigos, projetos sociais, escolas, etc. A participa\u00e7\u00e3o ativa no segundo acampamento estadual da juventude camponesa, que ser\u00e1 realizado em outubro pr\u00f3ximo, tamb\u00e9m \u00e9 uma meta dos dirigentes que est\u00e3o realizando essa forma\u00e7\u00e3o.<\/p>\n<p><img decoding=\"async\" class=\"alignleft wp-image-354 size-medium\" src=\"https:\/\/padrejosimo.com.br\/site\/wp-content\/uploads\/2017\/08\/valedosol01-169x300.jpg\" alt=\"\" width=\"169\" height=\"300\" srcset=\"https:\/\/padrejosimo.com.br\/site\/wp-content\/uploads\/2017\/08\/valedosol01-169x300.jpg 169w, https:\/\/padrejosimo.com.br\/site\/wp-content\/uploads\/2017\/08\/valedosol01.jpg 281w\" sizes=\"(max-width: 169px) 100vw, 169px\" \/><br \/>\n &#8211; Essa \u00e9 uma a\u00e7\u00e3o social, que tem objetivo de elevar o n\u00edvel de consci\u00eancia do grupo que participa atrav\u00e9s de a\u00e7\u00f5es pr\u00e1ticas -, explica a dirigente Sandi Xavier. Segundo ela, at\u00e9 a quarta etapa espera-se que estes jovens estejam aptos a retornar para suas comunidades de origem e come\u00e7ar a multiplicar o aprendizado junto a outros jovens. O jovem Jonas Luettjohann, 17 anos, concorda com o sentido dessa forma\u00e7\u00e3o, que consolida a conquista de espa\u00e7o da juventude junto ao movimento e amplia a visibilidade das a\u00e7\u00f5es do segmento: \u201cDepois que eu comecei a participar das forma\u00e7\u00f5es do MPA eu mudei bastante o meu ponto de vista, conheci novas pessoas, novas possibilidades, despertei para a consci\u00eancia de que precisamos seguir nossos ideais \u2013 comenta o jovem que j\u00e1 fez dois ciclos da forma\u00e7\u00e3o como brigadista e agora est\u00e1 participando tamb\u00e9m da forma\u00e7\u00e3o cultural.<\/p>\n","protected":false},"excerpt":{"rendered":"<p>Reunidos sob o lema \u201cCultura \u00e9 um direito do povo\u201d, jovens do MPA iniciaram um curso de forma\u00e7\u00e3o e capacita\u00e7\u00e3o continuada com o objetivo de instrumentalizar os participantes para realizar interven\u00e7\u00f5es de natureza cultural em suas comunidades. Ao todo s\u00e3o 25 participantes, oriundos de 6 comunidades rurais do munic\u00edpio de Vale do Sol que fazem parte dessa primeira turma.<\/p>\n","protected":false},"featured_media":356,"template":"","categorias_noticias":[13,7],"class_list":["post-351","noticias","type-noticias","status-publish","has-post-thumbnail","hentry","categorias_noticias-noticias","categorias_noticias-projetos-sociais"],"acf":[],"yoast_head":"<!-- This site is optimized with the Yoast SEO plugin v27.2 - https:\/\/yoast.com\/product\/yoast-seo-wordpress\/ -->\n<title>Jovens camponeses realizam forma\u00e7\u00e3o cultural no munic\u00edpio de Vale do Sol (RS) - Instituto Cultural Padre Josimo<\/title>\n<meta name=\"robots\" content=\"index, follow, max-snippet:-1, max-image-preview:large, max-video-preview:-1\" \/>\n<link rel=\"canonical\" href=\"https:\/\/padrejosimo.com.br\/site\/noticias\/jovens-camponeses-realizam-formacao-cultural-em-vale-do-sol-rs\/\" \/>\n<meta property=\"og:locale\" content=\"pt_BR\" \/>\n<meta property=\"og:type\" content=\"article\" \/>\n<meta property=\"og:title\" content=\"Jovens camponeses realizam forma\u00e7\u00e3o cultural no munic\u00edpio de Vale do Sol (RS) - Instituto Cultural Padre Josimo\" \/>\n<meta property=\"og:description\" content=\"Reunidos sob o lema \u201cCultura \u00e9 um direito do povo\u201d, jovens do MPA iniciaram um curso de forma\u00e7\u00e3o e capacita\u00e7\u00e3o continuada com o objetivo de instrumentalizar os participantes para realizar interven\u00e7\u00f5es de natureza cultural em suas comunidades. Ao todo s\u00e3o 25 participantes, oriundos de 6 comunidades rurais do munic\u00edpio de Vale do Sol que fazem parte dessa primeira turma.\" \/>\n<meta property=\"og:url\" content=\"https:\/\/padrejosimo.com.br\/site\/noticias\/jovens-camponeses-realizam-formacao-cultural-em-vale-do-sol-rs\/\" \/>\n<meta property=\"og:site_name\" content=\"Instituto Cultural Padre Josimo\" \/>\n<meta property=\"article:modified_time\" content=\"2017-08-14T14:51:49+00:00\" \/>\n<meta property=\"og:image\" content=\"https:\/\/padrejosimo.com.br\/site\/wp-content\/uploads\/2017\/08\/valedosol02.jpg\" \/>\n\t<meta property=\"og:image:width\" content=\"900\" \/>\n\t<meta property=\"og:image:height\" content=\"467\" \/>\n\t<meta property=\"og:image:type\" content=\"image\/jpeg\" \/>\n<meta name=\"twitter:card\" content=\"summary_large_image\" \/>\n<meta name=\"twitter:label1\" content=\"Est. tempo de leitura\" \/>\n\t<meta name=\"twitter:data1\" content=\"2 minutos\" \/>\n<script type=\"application\/ld+json\" class=\"yoast-schema-graph\">{\"@context\":\"https:\/\/schema.org\",\"@graph\":[{\"@type\":\"WebPage\",\"@id\":\"https:\/\/padrejosimo.com.br\/site\/noticias\/jovens-camponeses-realizam-formacao-cultural-em-vale-do-sol-rs\/\",\"url\":\"https:\/\/padrejosimo.com.br\/site\/noticias\/jovens-camponeses-realizam-formacao-cultural-em-vale-do-sol-rs\/\",\"name\":\"Jovens camponeses realizam forma\u00e7\u00e3o cultural no munic\u00edpio de Vale do Sol (RS) - Instituto Cultural Padre Josimo\",\"isPartOf\":{\"@id\":\"https:\/\/padrejosimo.com.br\/site\/#website\"},\"primaryImageOfPage\":{\"@id\":\"https:\/\/padrejosimo.com.br\/site\/noticias\/jovens-camponeses-realizam-formacao-cultural-em-vale-do-sol-rs\/#primaryimage\"},\"image\":{\"@id\":\"https:\/\/padrejosimo.com.br\/site\/noticias\/jovens-camponeses-realizam-formacao-cultural-em-vale-do-sol-rs\/#primaryimage\"},\"thumbnailUrl\":\"https:\/\/padrejosimo.com.br\/site\/wp-content\/uploads\/2017\/08\/valedosol02.jpg\",\"datePublished\":\"2017-08-14T14:25:58+00:00\",\"dateModified\":\"2017-08-14T14:51:49+00:00\",\"breadcrumb\":{\"@id\":\"https:\/\/padrejosimo.com.br\/site\/noticias\/jovens-camponeses-realizam-formacao-cultural-em-vale-do-sol-rs\/#breadcrumb\"},\"inLanguage\":\"pt-BR\",\"potentialAction\":[{\"@type\":\"ReadAction\",\"target\":[\"https:\/\/padrejosimo.com.br\/site\/noticias\/jovens-camponeses-realizam-formacao-cultural-em-vale-do-sol-rs\/\"]}]},{\"@type\":\"ImageObject\",\"inLanguage\":\"pt-BR\",\"@id\":\"https:\/\/padrejosimo.com.br\/site\/noticias\/jovens-camponeses-realizam-formacao-cultural-em-vale-do-sol-rs\/#primaryimage\",\"url\":\"https:\/\/padrejosimo.com.br\/site\/wp-content\/uploads\/2017\/08\/valedosol02.jpg\",\"contentUrl\":\"https:\/\/padrejosimo.com.br\/site\/wp-content\/uploads\/2017\/08\/valedosol02.jpg\",\"width\":900,\"height\":467},{\"@type\":\"BreadcrumbList\",\"@id\":\"https:\/\/padrejosimo.com.br\/site\/noticias\/jovens-camponeses-realizam-formacao-cultural-em-vale-do-sol-rs\/#breadcrumb\",\"itemListElement\":[{\"@type\":\"ListItem\",\"position\":1,\"name\":\"In\u00edcio\",\"item\":\"https:\/\/padrejosimo.com.br\/site\/\"},{\"@type\":\"ListItem\",\"position\":2,\"name\":\"Not\u00edcias\",\"item\":\"https:\/\/padrejosimo.com.br\/site\/noticias\/\"},{\"@type\":\"ListItem\",\"position\":3,\"name\":\"Jovens camponeses realizam forma\u00e7\u00e3o cultural no munic\u00edpio de Vale do Sol (RS)\"}]},{\"@type\":\"WebSite\",\"@id\":\"https:\/\/padrejosimo.com.br\/site\/#website\",\"url\":\"https:\/\/padrejosimo.com.br\/site\/\",\"name\":\"Instituto Cultural Padre Josimo\",\"description\":\"Comprometida com a promo\u00e7\u00e3o da justi\u00e7a social, agroecologia e educa\u00e7\u00e3o popular\",\"publisher\":{\"@id\":\"https:\/\/padrejosimo.com.br\/site\/#organization\"},\"alternateName\":\"ICPJ\",\"potentialAction\":[{\"@type\":\"SearchAction\",\"target\":{\"@type\":\"EntryPoint\",\"urlTemplate\":\"https:\/\/padrejosimo.com.br\/site\/?s={search_term_string}\"},\"query-input\":{\"@type\":\"PropertyValueSpecification\",\"valueRequired\":true,\"valueName\":\"search_term_string\"}}],\"inLanguage\":\"pt-BR\"},{\"@type\":\"Organization\",\"@id\":\"https:\/\/padrejosimo.com.br\/site\/#organization\",\"name\":\"Instituto Cultural Padre Josimo\",\"alternateName\":\"ICPJ\",\"url\":\"https:\/\/padrejosimo.com.br\/site\/\",\"logo\":{\"@type\":\"ImageObject\",\"inLanguage\":\"pt-BR\",\"@id\":\"https:\/\/padrejosimo.com.br\/site\/#\/schema\/logo\/image\/\",\"url\":\"https:\/\/padrejosimo.com.br\/site\/wp-content\/uploads\/2025\/09\/cropped-icon-icpj.png\",\"contentUrl\":\"https:\/\/padrejosimo.com.br\/site\/wp-content\/uploads\/2025\/09\/cropped-icon-icpj.png\",\"width\":512,\"height\":512,\"caption\":\"Instituto Cultural Padre Josimo\"},\"image\":{\"@id\":\"https:\/\/padrejosimo.com.br\/site\/#\/schema\/logo\/image\/\"}}]}<\/script>\n<!-- \/ Yoast SEO plugin. -->","yoast_head_json":{"title":"Jovens camponeses realizam forma\u00e7\u00e3o cultural no munic\u00edpio de Vale do Sol (RS) - Instituto Cultural Padre Josimo","robots":{"index":"index","follow":"follow","max-snippet":"max-snippet:-1","max-image-preview":"max-image-preview:large","max-video-preview":"max-video-preview:-1"},"canonical":"https:\/\/padrejosimo.com.br\/site\/noticias\/jovens-camponeses-realizam-formacao-cultural-em-vale-do-sol-rs\/","og_locale":"pt_BR","og_type":"article","og_title":"Jovens camponeses realizam forma\u00e7\u00e3o cultural no munic\u00edpio de Vale do Sol (RS) - Instituto Cultural Padre Josimo","og_description":"Reunidos sob o lema \u201cCultura \u00e9 um direito do povo\u201d, jovens do MPA iniciaram um curso de forma\u00e7\u00e3o e capacita\u00e7\u00e3o continuada com o objetivo de instrumentalizar os participantes para realizar interven\u00e7\u00f5es de natureza cultural em suas comunidades. Ao todo s\u00e3o 25 participantes, oriundos de 6 comunidades rurais do munic\u00edpio de Vale do Sol que fazem parte dessa primeira turma.","og_url":"https:\/\/padrejosimo.com.br\/site\/noticias\/jovens-camponeses-realizam-formacao-cultural-em-vale-do-sol-rs\/","og_site_name":"Instituto Cultural Padre Josimo","article_modified_time":"2017-08-14T14:51:49+00:00","og_image":[{"width":900,"height":467,"url":"https:\/\/padrejosimo.com.br\/site\/wp-content\/uploads\/2017\/08\/valedosol02.jpg","type":"image\/jpeg"}],"twitter_card":"summary_large_image","twitter_misc":{"Est. tempo de leitura":"2 minutos"},"schema":{"@context":"https:\/\/schema.org","@graph":[{"@type":"WebPage","@id":"https:\/\/padrejosimo.com.br\/site\/noticias\/jovens-camponeses-realizam-formacao-cultural-em-vale-do-sol-rs\/","url":"https:\/\/padrejosimo.com.br\/site\/noticias\/jovens-camponeses-realizam-formacao-cultural-em-vale-do-sol-rs\/","name":"Jovens camponeses realizam forma\u00e7\u00e3o cultural no munic\u00edpio de Vale do Sol (RS) - Instituto Cultural Padre Josimo","isPartOf":{"@id":"https:\/\/padrejosimo.com.br\/site\/#website"},"primaryImageOfPage":{"@id":"https:\/\/padrejosimo.com.br\/site\/noticias\/jovens-camponeses-realizam-formacao-cultural-em-vale-do-sol-rs\/#primaryimage"},"image":{"@id":"https:\/\/padrejosimo.com.br\/site\/noticias\/jovens-camponeses-realizam-formacao-cultural-em-vale-do-sol-rs\/#primaryimage"},"thumbnailUrl":"https:\/\/padrejosimo.com.br\/site\/wp-content\/uploads\/2017\/08\/valedosol02.jpg","datePublished":"2017-08-14T14:25:58+00:00","dateModified":"2017-08-14T14:51:49+00:00","breadcrumb":{"@id":"https:\/\/padrejosimo.com.br\/site\/noticias\/jovens-camponeses-realizam-formacao-cultural-em-vale-do-sol-rs\/#breadcrumb"},"inLanguage":"pt-BR","potentialAction":[{"@type":"ReadAction","target":["https:\/\/padrejosimo.com.br\/site\/noticias\/jovens-camponeses-realizam-formacao-cultural-em-vale-do-sol-rs\/"]}]},{"@type":"ImageObject","inLanguage":"pt-BR","@id":"https:\/\/padrejosimo.com.br\/site\/noticias\/jovens-camponeses-realizam-formacao-cultural-em-vale-do-sol-rs\/#primaryimage","url":"https:\/\/padrejosimo.com.br\/site\/wp-content\/uploads\/2017\/08\/valedosol02.jpg","contentUrl":"https:\/\/padrejosimo.com.br\/site\/wp-content\/uploads\/2017\/08\/valedosol02.jpg","width":900,"height":467},{"@type":"BreadcrumbList","@id":"https:\/\/padrejosimo.com.br\/site\/noticias\/jovens-camponeses-realizam-formacao-cultural-em-vale-do-sol-rs\/#breadcrumb","itemListElement":[{"@type":"ListItem","position":1,"name":"In\u00edcio","item":"https:\/\/padrejosimo.com.br\/site\/"},{"@type":"ListItem","position":2,"name":"Not\u00edcias","item":"https:\/\/padrejosimo.com.br\/site\/noticias\/"},{"@type":"ListItem","position":3,"name":"Jovens camponeses realizam forma\u00e7\u00e3o cultural no munic\u00edpio de Vale do Sol (RS)"}]},{"@type":"WebSite","@id":"https:\/\/padrejosimo.com.br\/site\/#website","url":"https:\/\/padrejosimo.com.br\/site\/","name":"Instituto Cultural Padre Josimo","description":"Comprometida com a promo\u00e7\u00e3o da justi\u00e7a social, agroecologia e educa\u00e7\u00e3o popular","publisher":{"@id":"https:\/\/padrejosimo.com.br\/site\/#organization"},"alternateName":"ICPJ","potentialAction":[{"@type":"SearchAction","target":{"@type":"EntryPoint","urlTemplate":"https:\/\/padrejosimo.com.br\/site\/?s={search_term_string}"},"query-input":{"@type":"PropertyValueSpecification","valueRequired":true,"valueName":"search_term_string"}}],"inLanguage":"pt-BR"},{"@type":"Organization","@id":"https:\/\/padrejosimo.com.br\/site\/#organization","name":"Instituto Cultural Padre Josimo","alternateName":"ICPJ","url":"https:\/\/padrejosimo.com.br\/site\/","logo":{"@type":"ImageObject","inLanguage":"pt-BR","@id":"https:\/\/padrejosimo.com.br\/site\/#\/schema\/logo\/image\/","url":"https:\/\/padrejosimo.com.br\/site\/wp-content\/uploads\/2025\/09\/cropped-icon-icpj.png","contentUrl":"https:\/\/padrejosimo.com.br\/site\/wp-content\/uploads\/2025\/09\/cropped-icon-icpj.png","width":512,"height":512,"caption":"Instituto Cultural Padre Josimo"},"image":{"@id":"https:\/\/padrejosimo.com.br\/site\/#\/schema\/logo\/image\/"}}]}},"_links":{"self":[{"href":"https:\/\/padrejosimo.com.br\/site\/wp-json\/wp\/v2\/noticias\/351","targetHints":{"allow":["GET"]}}],"collection":[{"href":"https:\/\/padrejosimo.com.br\/site\/wp-json\/wp\/v2\/noticias"}],"about":[{"href":"https:\/\/padrejosimo.com.br\/site\/wp-json\/wp\/v2\/types\/noticias"}],"wp:featuredmedia":[{"embeddable":true,"href":"https:\/\/padrejosimo.com.br\/site\/wp-json\/wp\/v2\/media\/356"}],"wp:attachment":[{"href":"https:\/\/padrejosimo.com.br\/site\/wp-json\/wp\/v2\/media?parent=351"}],"wp:term":[{"taxonomy":"categorias_noticias","embeddable":true,"href":"https:\/\/padrejosimo.com.br\/site\/wp-json\/wp\/v2\/categorias_noticias?post=351"}],"curies":[{"name":"wp","href":"https:\/\/api.w.org\/{rel}","templated":true}]}}